{"id":250629,"date":"2024-09-29T06:37:56","date_gmt":"2024-09-29T10:37:56","guid":{"rendered":"https:\/\/www.eldiario.net\/portal\/?p=250629"},"modified":"2024-09-29T06:37:56","modified_gmt":"2024-09-29T10:37:56","slug":"productos-importados-sufren-alza-desmedida","status":"publish","type":"post","link":"https:\/\/www.eldiario.net\/portal\/2024\/09\/29\/productos-importados-sufren-alza-desmedida\/","title":{"rendered":"Productos importados sufren alza desmedida"},"content":{"rendered":"<p>El costo de los alimentos de la canasta familiar contin\u00faa en ascenso en el pa\u00eds por la escasez de d\u00f3lares y la falta de control. Los ciudadanos pace\u00f1os expresaron su preocupaci\u00f3n debido a que los productos importados tambi\u00e9n incrementaron de forma desmedida los precios de sus ofertas, al igual que los medicamentos.<br \/>\nEn un recorrido realizado por este medio se pudo constatar que hay un alza de precios en algunos mercados. \u201cEl Nescaf\u00e9, las sardinas, leches, detergentes, todo lo importado ha subido\u201d, dijo una de las vendedoras que ofrece ese tipo de productos en la zona Cementerio.<br \/>\nSeg\u00fan ANF, las tiendas de v\u00edveres de la calle Antonio Gallardo en La Paz y alrededores del mercado Villa Tunari de la ciudad El Alto, se evidenci\u00f3 que el arroz, el az\u00facar, los fideos y el aceite siguen aumentando sus precios. Por ejemplo, el quintal de arroz var\u00eda en los precios, el m\u00e1s econ\u00f3mico en las tiendas llega a valer Bs 340 y el de primera calidad se vende en Bs 410. La arroba de este cereal est\u00e1 en Bs 80.<br \/>\nMientras que un quintal de az\u00facar ahora se comercializa en Bs 280 y la arroba se vende a Bs 70, en abril se pod\u00eda comprar el producto desde los Bs 190 y Bs 210. Los fideos de 10 unidades est\u00e1n a 46 bolivianos, en abril el precio del paquete oscilaba entre Bs 33 y Bs 35.<br \/>\n\u201cEs incre\u00edble, muchos adquirimos productos de este tipo de negocios pero, de un tiempo a esta parte, los precios se elevaron bastante solo nos dicen que es por la importaci\u00f3n o el cambio del d\u00f3lar\u201d, se\u00f1al\u00f3 un ciudadano que sal\u00eda de una importadora de medicamentos e insumos m\u00e9dicos.<br \/>\n\u201cNo s\u00e9 qui\u00e9n deber\u00eda regular este tipo de situaci\u00f3n, no s\u00e9 si es correcto esta subida de precios, \u00bfa qui\u00e9n nos quejamos?\u201d, lament\u00f3 otro ciudadano.<\/p>\n<figure id=\"attachment_250631\" aria-describedby=\"caption-attachment-250631\" style=\"width: 1588px\" class=\"wp-caption alignleft\"><img loading=\"lazy\" decoding=\"async\" class=\"size-full wp-image-250631\" src=\"https:\/\/www.eldiario.net\/portal\/wp-content\/uploads\/2024\/09\/P-2-10-cm-x-9.jpg\" alt=\"\" width=\"1588\" height=\"886\" srcset=\"https:\/\/www.eldiario.net\/portal\/wp-content\/uploads\/2024\/09\/P-2-10-cm-x-9.jpg 1588w, https:\/\/www.eldiario.net\/portal\/wp-content\/uploads\/2024\/09\/P-2-10-cm-x-9-300x167.jpg 300w, https:\/\/www.eldiario.net\/portal\/wp-content\/uploads\/2024\/09\/P-2-10-cm-x-9-1024x571.jpg 1024w, https:\/\/www.eldiario.net\/portal\/wp-content\/uploads\/2024\/09\/P-2-10-cm-x-9-768x428.jpg 768w, https:\/\/www.eldiario.net\/portal\/wp-content\/uploads\/2024\/09\/P-2-10-cm-x-9-1536x857.jpg 1536w, https:\/\/www.eldiario.net\/portal\/wp-content\/uploads\/2024\/09\/P-2-10-cm-x-9-753x420.jpg 753w, https:\/\/www.eldiario.net\/portal\/wp-content\/uploads\/2024\/09\/P-2-10-cm-x-9-696x388.jpg 696w, https:\/\/www.eldiario.net\/portal\/wp-content\/uploads\/2024\/09\/P-2-10-cm-x-9-1068x596.jpg 1068w\" sizes=\"auto, (max-width: 1588px) 100vw, 1588px\" \/><figcaption id=\"caption-attachment-250631\" class=\"wp-caption-text\">La ciudadan\u00eda pace\u00f1a est\u00e1 preocupada por los precios elevados de los productos importados y medicamentos.<\/figcaption><\/figure>\n","protected":false},"excerpt":{"rendered":"<p>El costo de los alimentos de la canasta familiar contin\u00faa en ascenso en el pa\u00eds por la escasez de d\u00f3lares y la falta de control. Los ciudadanos pace\u00f1os expresaron su preocupaci\u00f3n debido a que los productos importados tambi\u00e9n incrementaron de forma desmedida los precios de sus ofertas, al igual que los medicamentos. En un recorrido [&hellip;]<\/p>\n","protected":false},"author":1,"featured_media":250630,"comment_status":"open","ping_status":"open","sticky":false,"template":"","format":"standard","meta":{"_acf_changed":false,"footnotes":""},"categories":[17],"tags":[],"class_list":["post-250629","post","type-post","status-publish","format-standard","has-post-thumbnail","category-principal"],"acf":{"antetitulo":"Ante escasez de d\u00f3lares y falta de control en el pa\u00eds"},"yoast_head":"<!-- This site is optimized with the Yoast SEO plugin v28.3 - https:\/\/yoast.com\/product\/yoast-seo-wordpress\/ -->\n<title>Productos importados sufren alza desmedida - El Diario - Bolivia<\/title>\n<meta name=\"robots\" content=\"index, follow, max-snippet:-1, max-image-preview:large, max-video-preview:-1\" \/>\n<link rel=\"canonical\" href=\"https:\/\/www.eldiario.net\/portal\/2024\/09\/29\/productos-importados-sufren-alza-desmedida\/\" \/>\n<meta property=\"og:locale\" content=\"es_ES\" \/>\n<meta property=\"og:type\" content=\"article\" \/>\n<meta property=\"og:title\" content=\"Productos importados sufren alza desmedida - El Diario - Bolivia\" \/>\n<meta property=\"og:description\" content=\"El costo de los alimentos de la canasta familiar contin\u00faa en ascenso en el pa\u00eds por la escasez de d\u00f3lares y la falta de control. Los ciudadanos pace\u00f1os expresaron su preocupaci\u00f3n debido a que los productos importados tambi\u00e9n incrementaron de forma desmedida los precios de sus ofertas, al igual que los medicamentos. En un recorrido [&hellip;]\" \/>\n<meta property=\"og:url\" content=\"https:\/\/www.eldiario.net\/portal\/2024\/09\/29\/productos-importados-sufren-alza-desmedida\/\" \/>\n<meta property=\"og:site_name\" content=\"El Diario - Bolivia\" \/>\n<meta property=\"article:publisher\" content=\"https:\/\/www.facebook.com\/eldiario.bolivia\/\" \/>\n<meta property=\"article:published_time\" content=\"2024-09-29T10:37:56+00:00\" \/>\n<meta property=\"og:image\" content=\"https:\/\/www.eldiario.net\/portal\/wp-content\/uploads\/2024\/09\/P-1-10-cm-x-9.jpg\" \/>\n\t<meta property=\"og:image:width\" content=\"1200\" \/>\n\t<meta property=\"og:image:height\" content=\"555\" \/>\n\t<meta property=\"og:image:type\" content=\"image\/jpeg\" \/>\n<meta name=\"author\" content=\"Jeanette\" \/>\n<meta name=\"twitter:card\" content=\"summary_large_image\" \/>\n<meta name=\"twitter:creator\" content=\"@eldiario_net\" \/>\n<meta name=\"twitter:site\" content=\"@eldiario_net\" \/>\n<meta name=\"twitter:label1\" content=\"Escrito por\" \/>\n\t<meta name=\"twitter:data1\" content=\"Jeanette\" \/>\n\t<meta name=\"twitter:label2\" content=\"Tiempo de lectura\" \/>\n\t<meta name=\"twitter:data2\" content=\"2 minutos\" \/>\n<script type=\"application\/ld+json\" class=\"yoast-schema-graph\">{\"@context\":\"https:\\\/\\\/schema.org\",\"@graph\":[{\"@type\":\"Article\",\"@id\":\"https:\\\/\\\/www.eldiario.net\\\/portal\\\/2024\\\/09\\\/29\\\/productos-importados-sufren-alza-desmedida\\\/#article\",\"isPartOf\":{\"@id\":\"https:\\\/\\\/www.eldiario.net\\\/portal\\\/2024\\\/09\\\/29\\\/productos-importados-sufren-alza-desmedida\\\/\"},\"author\":{\"name\":\"Jeanette\",\"@id\":\"https:\\\/\\\/www.eldiario.net\\\/portal\\\/#\\\/schema\\\/person\\\/f46445640444750d7d753ccd04ae01b7\"},\"headline\":\"Productos importados sufren alza desmedida\",\"datePublished\":\"2024-09-29T10:37:56+00:00\",\"mainEntityOfPage\":{\"@id\":\"https:\\\/\\\/www.eldiario.net\\\/portal\\\/2024\\\/09\\\/29\\\/productos-importados-sufren-alza-desmedida\\\/\"},\"wordCount\":350,\"commentCount\":0,\"publisher\":{\"@id\":\"https:\\\/\\\/www.eldiario.net\\\/portal\\\/#organization\"},\"image\":{\"@id\":\"https:\\\/\\\/www.eldiario.net\\\/portal\\\/2024\\\/09\\\/29\\\/productos-importados-sufren-alza-desmedida\\\/#primaryimage\"},\"thumbnailUrl\":\"https:\\\/\\\/www.eldiario.net\\\/portal\\\/wp-content\\\/uploads\\\/2024\\\/09\\\/P-1-10-cm-x-9.jpg\",\"articleSection\":[\"Principal\"],\"inLanguage\":\"es\",\"potentialAction\":[{\"@type\":\"CommentAction\",\"name\":\"Comment\",\"target\":[\"https:\\\/\\\/www.eldiario.net\\\/portal\\\/2024\\\/09\\\/29\\\/productos-importados-sufren-alza-desmedida\\\/#respond\"]}]},{\"@type\":\"WebPage\",\"@id\":\"https:\\\/\\\/www.eldiario.net\\\/portal\\\/2024\\\/09\\\/29\\\/productos-importados-sufren-alza-desmedida\\\/\",\"url\":\"https:\\\/\\\/www.eldiario.net\\\/portal\\\/2024\\\/09\\\/29\\\/productos-importados-sufren-alza-desmedida\\\/\",\"name\":\"Productos importados sufren alza desmedida - El Diario - Bolivia\",\"isPartOf\":{\"@id\":\"https:\\\/\\\/www.eldiario.net\\\/portal\\\/#website\"},\"primaryImageOfPage\":{\"@id\":\"https:\\\/\\\/www.eldiario.net\\\/portal\\\/2024\\\/09\\\/29\\\/productos-importados-sufren-alza-desmedida\\\/#primaryimage\"},\"image\":{\"@id\":\"https:\\\/\\\/www.eldiario.net\\\/portal\\\/2024\\\/09\\\/29\\\/productos-importados-sufren-alza-desmedida\\\/#primaryimage\"},\"thumbnailUrl\":\"https:\\\/\\\/www.eldiario.net\\\/portal\\\/wp-content\\\/uploads\\\/2024\\\/09\\\/P-1-10-cm-x-9.jpg\",\"datePublished\":\"2024-09-29T10:37:56+00:00\",\"breadcrumb\":{\"@id\":\"https:\\\/\\\/www.eldiario.net\\\/portal\\\/2024\\\/09\\\/29\\\/productos-importados-sufren-alza-desmedida\\\/#breadcrumb\"},\"inLanguage\":\"es\",\"potentialAction\":[{\"@type\":\"ReadAction\",\"target\":[\"https:\\\/\\\/www.eldiario.net\\\/portal\\\/2024\\\/09\\\/29\\\/productos-importados-sufren-alza-desmedida\\\/\"]}]},{\"@type\":\"ImageObject\",\"inLanguage\":\"es\",\"@id\":\"https:\\\/\\\/www.eldiario.net\\\/portal\\\/2024\\\/09\\\/29\\\/productos-importados-sufren-alza-desmedida\\\/#primaryimage\",\"url\":\"https:\\\/\\\/www.eldiario.net\\\/portal\\\/wp-content\\\/uploads\\\/2024\\\/09\\\/P-1-10-cm-x-9.jpg\",\"contentUrl\":\"https:\\\/\\\/www.eldiario.net\\\/portal\\\/wp-content\\\/uploads\\\/2024\\\/09\\\/P-1-10-cm-x-9.jpg\",\"width\":1200,\"height\":555,\"caption\":\"La ciudadan\u00eda pace\u00f1a est\u00e1 preocupada por los precios elevados de los productos importados y medicamentos.\"},{\"@type\":\"BreadcrumbList\",\"@id\":\"https:\\\/\\\/www.eldiario.net\\\/portal\\\/2024\\\/09\\\/29\\\/productos-importados-sufren-alza-desmedida\\\/#breadcrumb\",\"itemListElement\":[{\"@type\":\"ListItem\",\"position\":1,\"name\":\"Portada\",\"item\":\"https:\\\/\\\/www.eldiario.net\\\/portal\\\/\"},{\"@type\":\"ListItem\",\"position\":2,\"name\":\"Productos importados sufren alza desmedida\"}]},{\"@type\":\"WebSite\",\"@id\":\"https:\\\/\\\/www.eldiario.net\\\/portal\\\/#website\",\"url\":\"https:\\\/\\\/www.eldiario.net\\\/portal\\\/\",\"name\":\"El Diario - Decano de la prensa nacional\",\"description\":\"El Diario - Decano de la prensa nacional\",\"publisher\":{\"@id\":\"https:\\\/\\\/www.eldiario.net\\\/portal\\\/#organization\"},\"potentialAction\":[{\"@type\":\"SearchAction\",\"target\":{\"@type\":\"EntryPoint\",\"urlTemplate\":\"https:\\\/\\\/www.eldiario.net\\\/portal\\\/?s={search_term_string}\"},\"query-input\":{\"@type\":\"PropertyValueSpecification\",\"valueRequired\":true,\"valueName\":\"search_term_string\"}}],\"inLanguage\":\"es\"},{\"@type\":\"Organization\",\"@id\":\"https:\\\/\\\/www.eldiario.net\\\/portal\\\/#organization\",\"name\":\"El Diario - Decano de la prensa nacional\",\"url\":\"https:\\\/\\\/www.eldiario.net\\\/portal\\\/\",\"logo\":{\"@type\":\"ImageObject\",\"inLanguage\":\"es\",\"@id\":\"https:\\\/\\\/www.eldiario.net\\\/portal\\\/#\\\/schema\\\/logo\\\/image\\\/\",\"url\":\"https:\\\/\\\/www.eldiario.net\\\/portal\\\/wp-content\\\/uploads\\\/2023\\\/07\\\/logo_ED.jpg\",\"contentUrl\":\"https:\\\/\\\/www.eldiario.net\\\/portal\\\/wp-content\\\/uploads\\\/2023\\\/07\\\/logo_ED.jpg\",\"width\":272,\"height\":52,\"caption\":\"El Diario - Decano de la prensa nacional\"},\"image\":{\"@id\":\"https:\\\/\\\/www.eldiario.net\\\/portal\\\/#\\\/schema\\\/logo\\\/image\\\/\"},\"sameAs\":[\"https:\\\/\\\/www.facebook.com\\\/eldiario.bolivia\\\/\",\"https:\\\/\\\/x.com\\\/eldiario_net\"]},{\"@type\":\"Person\",\"@id\":\"https:\\\/\\\/www.eldiario.net\\\/portal\\\/#\\\/schema\\\/person\\\/f46445640444750d7d753ccd04ae01b7\",\"name\":\"Jeanette\",\"image\":{\"@type\":\"ImageObject\",\"inLanguage\":\"es\",\"@id\":\"https:\\\/\\\/secure.gravatar.com\\\/avatar\\\/3ea2118a5f7dad2b7138b1187a6b7ee55f160b9968b66013c3a3ef39dd7e5798?s=96&d=mm&r=g\",\"url\":\"https:\\\/\\\/secure.gravatar.com\\\/avatar\\\/3ea2118a5f7dad2b7138b1187a6b7ee55f160b9968b66013c3a3ef39dd7e5798?s=96&d=mm&r=g\",\"contentUrl\":\"https:\\\/\\\/secure.gravatar.com\\\/avatar\\\/3ea2118a5f7dad2b7138b1187a6b7ee55f160b9968b66013c3a3ef39dd7e5798?s=96&d=mm&r=g\",\"caption\":\"Jeanette\"},\"sameAs\":[\"https:\\\/\\\/www.eldiario.net\\\/portal\"],\"url\":\"https:\\\/\\\/www.eldiario.net\\\/portal\\\/author\\\/jeanette\\\/\"}]}<\/script>\n<!-- \/ Yoast SEO plugin. -->","yoast_head_json":{"title":"Productos importados sufren alza desmedida - El Diario - Bolivia","robots":{"index":"index","follow":"follow","max-snippet":"max-snippet:-1","max-image-preview":"max-image-preview:large","max-video-preview":"max-video-preview:-1"},"canonical":"https:\/\/www.eldiario.net\/portal\/2024\/09\/29\/productos-importados-sufren-alza-desmedida\/","og_locale":"es_ES","og_type":"article","og_title":"Productos importados sufren alza desmedida - El Diario - Bolivia","og_description":"El costo de los alimentos de la canasta familiar contin\u00faa en ascenso en el pa\u00eds por la escasez de d\u00f3lares y la falta de control. Los ciudadanos pace\u00f1os expresaron su preocupaci\u00f3n debido a que los productos importados tambi\u00e9n incrementaron de forma desmedida los precios de sus ofertas, al igual que los medicamentos. En un recorrido [&hellip;]","og_url":"https:\/\/www.eldiario.net\/portal\/2024\/09\/29\/productos-importados-sufren-alza-desmedida\/","og_site_name":"El Diario - Bolivia","article_publisher":"https:\/\/www.facebook.com\/eldiario.bolivia\/","article_published_time":"2024-09-29T10:37:56+00:00","og_image":[{"width":1200,"height":555,"url":"https:\/\/www.eldiario.net\/portal\/wp-content\/uploads\/2024\/09\/P-1-10-cm-x-9.jpg","type":"image\/jpeg"}],"author":"Jeanette","twitter_card":"summary_large_image","twitter_creator":"@eldiario_net","twitter_site":"@eldiario_net","twitter_misc":{"Escrito por":"Jeanette","Tiempo de lectura":"2 minutos"},"schema":{"@context":"https:\/\/schema.org","@graph":[{"@type":"Article","@id":"https:\/\/www.eldiario.net\/portal\/2024\/09\/29\/productos-importados-sufren-alza-desmedida\/#article","isPartOf":{"@id":"https:\/\/www.eldiario.net\/portal\/2024\/09\/29\/productos-importados-sufren-alza-desmedida\/"},"author":{"name":"Jeanette","@id":"https:\/\/www.eldiario.net\/portal\/#\/schema\/person\/f46445640444750d7d753ccd04ae01b7"},"headline":"Productos importados sufren alza desmedida","datePublished":"2024-09-29T10:37:56+00:00","mainEntityOfPage":{"@id":"https:\/\/www.eldiario.net\/portal\/2024\/09\/29\/productos-importados-sufren-alza-desmedida\/"},"wordCount":350,"commentCount":0,"publisher":{"@id":"https:\/\/www.eldiario.net\/portal\/#organization"},"image":{"@id":"https:\/\/www.eldiario.net\/portal\/2024\/09\/29\/productos-importados-sufren-alza-desmedida\/#primaryimage"},"thumbnailUrl":"https:\/\/www.eldiario.net\/portal\/wp-content\/uploads\/2024\/09\/P-1-10-cm-x-9.jpg","articleSection":["Principal"],"inLanguage":"es","potentialAction":[{"@type":"CommentAction","name":"Comment","target":["https:\/\/www.eldiario.net\/portal\/2024\/09\/29\/productos-importados-sufren-alza-desmedida\/#respond"]}]},{"@type":"WebPage","@id":"https:\/\/www.eldiario.net\/portal\/2024\/09\/29\/productos-importados-sufren-alza-desmedida\/","url":"https:\/\/www.eldiario.net\/portal\/2024\/09\/29\/productos-importados-sufren-alza-desmedida\/","name":"Productos importados sufren alza desmedida - El Diario - Bolivia","isPartOf":{"@id":"https:\/\/www.eldiario.net\/portal\/#website"},"primaryImageOfPage":{"@id":"https:\/\/www.eldiario.net\/portal\/2024\/09\/29\/productos-importados-sufren-alza-desmedida\/#primaryimage"},"image":{"@id":"https:\/\/www.eldiario.net\/portal\/2024\/09\/29\/productos-importados-sufren-alza-desmedida\/#primaryimage"},"thumbnailUrl":"https:\/\/www.eldiario.net\/portal\/wp-content\/uploads\/2024\/09\/P-1-10-cm-x-9.jpg","datePublished":"2024-09-29T10:37:56+00:00","breadcrumb":{"@id":"https:\/\/www.eldiario.net\/portal\/2024\/09\/29\/productos-importados-sufren-alza-desmedida\/#breadcrumb"},"inLanguage":"es","potentialAction":[{"@type":"ReadAction","target":["https:\/\/www.eldiario.net\/portal\/2024\/09\/29\/productos-importados-sufren-alza-desmedida\/"]}]},{"@type":"ImageObject","inLanguage":"es","@id":"https:\/\/www.eldiario.net\/portal\/2024\/09\/29\/productos-importados-sufren-alza-desmedida\/#primaryimage","url":"https:\/\/www.eldiario.net\/portal\/wp-content\/uploads\/2024\/09\/P-1-10-cm-x-9.jpg","contentUrl":"https:\/\/www.eldiario.net\/portal\/wp-content\/uploads\/2024\/09\/P-1-10-cm-x-9.jpg","width":1200,"height":555,"caption":"La ciudadan\u00eda pace\u00f1a est\u00e1 preocupada por los precios elevados de los productos importados y medicamentos."},{"@type":"BreadcrumbList","@id":"https:\/\/www.eldiario.net\/portal\/2024\/09\/29\/productos-importados-sufren-alza-desmedida\/#breadcrumb","itemListElement":[{"@type":"ListItem","position":1,"name":"Portada","item":"https:\/\/www.eldiario.net\/portal\/"},{"@type":"ListItem","position":2,"name":"Productos importados sufren alza desmedida"}]},{"@type":"WebSite","@id":"https:\/\/www.eldiario.net\/portal\/#website","url":"https:\/\/www.eldiario.net\/portal\/","name":"El Diario - Decano de la prensa nacional","description":"El Diario - Decano de la prensa nacional","publisher":{"@id":"https:\/\/www.eldiario.net\/portal\/#organization"},"potentialAction":[{"@type":"SearchAction","target":{"@type":"EntryPoint","urlTemplate":"https:\/\/www.eldiario.net\/portal\/?s={search_term_string}"},"query-input":{"@type":"PropertyValueSpecification","valueRequired":true,"valueName":"search_term_string"}}],"inLanguage":"es"},{"@type":"Organization","@id":"https:\/\/www.eldiario.net\/portal\/#organization","name":"El Diario - Decano de la prensa nacional","url":"https:\/\/www.eldiario.net\/portal\/","logo":{"@type":"ImageObject","inLanguage":"es","@id":"https:\/\/www.eldiario.net\/portal\/#\/schema\/logo\/image\/","url":"https:\/\/www.eldiario.net\/portal\/wp-content\/uploads\/2023\/07\/logo_ED.jpg","contentUrl":"https:\/\/www.eldiario.net\/portal\/wp-content\/uploads\/2023\/07\/logo_ED.jpg","width":272,"height":52,"caption":"El Diario - Decano de la prensa nacional"},"image":{"@id":"https:\/\/www.eldiario.net\/portal\/#\/schema\/logo\/image\/"},"sameAs":["https:\/\/www.facebook.com\/eldiario.bolivia\/","https:\/\/x.com\/eldiario_net"]},{"@type":"Person","@id":"https:\/\/www.eldiario.net\/portal\/#\/schema\/person\/f46445640444750d7d753ccd04ae01b7","name":"Jeanette","image":{"@type":"ImageObject","inLanguage":"es","@id":"https:\/\/secure.gravatar.com\/avatar\/3ea2118a5f7dad2b7138b1187a6b7ee55f160b9968b66013c3a3ef39dd7e5798?s=96&d=mm&r=g","url":"https:\/\/secure.gravatar.com\/avatar\/3ea2118a5f7dad2b7138b1187a6b7ee55f160b9968b66013c3a3ef39dd7e5798?s=96&d=mm&r=g","contentUrl":"https:\/\/secure.gravatar.com\/avatar\/3ea2118a5f7dad2b7138b1187a6b7ee55f160b9968b66013c3a3ef39dd7e5798?s=96&d=mm&r=g","caption":"Jeanette"},"sameAs":["https:\/\/www.eldiario.net\/portal"],"url":"https:\/\/www.eldiario.net\/portal\/author\/jeanette\/"}]}},"_links":{"self":[{"href":"https:\/\/www.eldiario.net\/portal\/wp-json\/wp\/v2\/posts\/250629","targetHints":{"allow":["GET"]}}],"collection":[{"href":"https:\/\/www.eldiario.net\/portal\/wp-json\/wp\/v2\/posts"}],"about":[{"href":"https:\/\/www.eldiario.net\/portal\/wp-json\/wp\/v2\/types\/post"}],"author":[{"embeddable":true,"href":"https:\/\/www.eldiario.net\/portal\/wp-json\/wp\/v2\/users\/1"}],"replies":[{"embeddable":true,"href":"https:\/\/www.eldiario.net\/portal\/wp-json\/wp\/v2\/comments?post=250629"}],"version-history":[{"count":1,"href":"https:\/\/www.eldiario.net\/portal\/wp-json\/wp\/v2\/posts\/250629\/revisions"}],"predecessor-version":[{"id":250632,"href":"https:\/\/www.eldiario.net\/portal\/wp-json\/wp\/v2\/posts\/250629\/revisions\/250632"}],"wp:featuredmedia":[{"embeddable":true,"href":"https:\/\/www.eldiario.net\/portal\/wp-json\/wp\/v2\/media\/250630"}],"wp:attachment":[{"href":"https:\/\/www.eldiario.net\/portal\/wp-json\/wp\/v2\/media?parent=250629"}],"wp:term":[{"taxonomy":"category","embeddable":true,"href":"https:\/\/www.eldiario.net\/portal\/wp-json\/wp\/v2\/categories?post=250629"},{"taxonomy":"post_tag","embeddable":true,"href":"https:\/\/www.eldiario.net\/portal\/wp-json\/wp\/v2\/tags?post=250629"}],"curies":[{"name":"wp","href":"https:\/\/api.w.org\/{rel}","templated":true}]}}