{"id":250482,"date":"2024-09-28T07:06:52","date_gmt":"2024-09-28T11:06:52","guid":{"rendered":"https:\/\/www.eldiario.net\/portal\/?p=250482"},"modified":"2024-09-28T07:06:52","modified_gmt":"2024-09-28T11:06:52","slug":"argelia-dona-a-cuba-146-toneladas-de-alimentos-basicos-que-escasean","status":"publish","type":"post","link":"https:\/\/www.eldiario.net\/portal\/2024\/09\/28\/argelia-dona-a-cuba-146-toneladas-de-alimentos-basicos-que-escasean\/","title":{"rendered":"Argelia dona a Cuba 146 toneladas  de alimentos b\u00e1sicos que escasean"},"content":{"rendered":"<p class=\"v1MsoNormal\">El Gobierno de Argelia don\u00f3 a Cuba poco m\u00e1s de 146 toneladas de alimentos, que fueron negociadas por el gobernante cubano, Miguel D\u00edaz-Canel, durante una escala t\u00e9cnica que realiz\u00f3 en ese pa\u00eds el pasado 9 de mayo, como parte de su viaje a Rusia, inform\u00f3 el medio digital oficialista Cubadebate.<\/p>\n<p class=\"v1MsoNormal\">\u00abTrasmitimos el m\u00e1s profundo agradecimiento por esta importante donaci\u00f3n de alimentos como arroz, aceite, pastas y otros, todos esenciales en la alimentaci\u00f3n de la poblaci\u00f3n cubana\u00bb, sostuvo en el acto de entrega del donativo, la viceministra de Comercio Exterior e Inversi\u00f3n Extranjera (Mincex), D\u00e9borah Rivas Saavedra.<\/p>\n<p class=\"v1MsoNormal\">A pesar de que el acto de entrega, en el que particip\u00f3 el embajador argelino en la Isla, Abdelkrim Benchiah, se realiz\u00f3 el 25 de septiembre, la carga lleg\u00f3 al puerto de Mariel el 22 de julio y hasta ahora no fue distribuida entre los cubanos que, en la mayor\u00eda de las provincias, a\u00fan esperan por la entrega de la canasta b\u00e1sica de septiembre y algunos pendientes de agosto.<\/p>\n<p class=\"v1MsoNormal\">En febrero de 2023, los gobiernos de Cuba y Argelia firmaron ocho acuerdos bilaterales con el objetivo de estrechar las relaciones econ\u00f3micas y comerciales. Los documentos, que abarcaron \u00e1mbitos como el educativo, el agr\u00edcola y el farmac\u00e9utico, se sellaron durante un foro empresarial bilateral presidido en La Habana por, Miguel D\u00edaz-Canel y que la parte argelina calific\u00f3 de \u00abacontecimiento excepcional\u00bb.<\/p>\n<p class=\"v1MsoNormal\">En julio de ese a\u00f1o, Argelia envi\u00f3 un donativo a Cuba valorado en m\u00e1s 500.000 d\u00f3lares, consistente en 9.900 botellas de aceite vegetal; m\u00e1s de nueve toneladas de pastas largas y diez de pastas cortas; 21,3 toneladas de arroz y 16.500 latas de pur\u00e9 de tomate.<\/p>\n<p class=\"v1MsoNormal\">En 2020 el Gobierno de Argelia sac\u00f3 a la luz el convenio de cooperaci\u00f3n firmado con La Habana por la exportaci\u00f3n de profesionales de salud cubanos, ascendente a unos 65 millones de euros anuales. Argelia, con quien La Habana mantiene este tipo de arreglos desde principios de los a\u00f1os 60, paga por cada profesional cubano 73.000 euros.<\/p>\n<p class=\"v1MsoNormal\">Mientras el r\u00e9gimen apela a la caridad internacional como forma de vida, la producci\u00f3n de alimentos sigue siendo uno de los grandes indicadores del resquebrajamiento integral de la sociedad cubana. En tal sentido, la directora jur\u00eddica del Ministerio de la Agricultura, Mayra Cruz Leg\u00f3n, explic\u00f3 recientemente, seg\u00fan el diario oficial Granma, los principales problemas en la aplicaci\u00f3n de la malograda Ley de Soberan\u00eda Alimentaria y Seguridad Alimentaria y Nutricional, con la que el r\u00e9gimen pretend\u00eda revertir la dr\u00e1stica situaci\u00f3n.<\/p>\n<p class=\"v1MsoNormal\">\u00abExiste falta de conocimiento general sobre los contenidos de la Ley, a pesar de acciones de creaci\u00f3n de capacidades realizadas y su inserci\u00f3n en el sistema de trabajo que fortalezca el control por parte de los \u00f3rganos locales del Poder Popular\u00bb, se\u00f1al\u00f3 la funcionaria en el marco de la reci\u00e9n concluida Convenci\u00f3n Internacional de Cooperativismo.<\/p>\n<p class=\"v1MsoNormal\">Destac\u00f3, asimismo, \u00abla insuficiente elaboraci\u00f3n de proyectos y la b\u00fasqueda de fuentes de financiamiento (de desarrollo local, colaboraci\u00f3n, inversi\u00f3n extranjera u otros), que respalden la ejecuci\u00f3n de los programas aprobados\u00bb. Adem\u00e1s de las \u00abdeudas sin respaldo con productores, trabajadores y suministradores\u00bb y \u00abla no correspondencia entre las cifras de combustibles notificadas a los territorios y el f\u00edsico disponible\u00bb. (DDC)<\/p>\n<p class=\"v1MsoNormal\">\n","protected":false},"excerpt":{"rendered":"<p>El Gobierno de Argelia don\u00f3 a Cuba poco m\u00e1s de 146 toneladas de alimentos, que fueron negociadas por el gobernante cubano, Miguel D\u00edaz-Canel, durante una escala t\u00e9cnica que realiz\u00f3 en ese pa\u00eds el pasado 9 de mayo, como parte de su viaje a Rusia, inform\u00f3 el medio digital oficialista Cubadebate. \u00abTrasmitimos el m\u00e1s profundo agradecimiento [&hellip;]<\/p>\n","protected":false},"author":1,"featured_media":250483,"comment_status":"open","ping_status":"open","sticky":false,"template":"","format":"standard","meta":{"_acf_changed":false,"footnotes":""},"categories":[3],"tags":[],"class_list":["post-250482","post","type-post","status-publish","format-standard","has-post-thumbnail","category-internacional"],"acf":{"antetitulo":""},"yoast_head":"<!-- This site is optimized with the Yoast SEO plugin v28.3 - https:\/\/yoast.com\/product\/yoast-seo-wordpress\/ -->\n<title>Argelia dona a Cuba 146 toneladas de alimentos b\u00e1sicos que escasean - El Diario - Bolivia<\/title>\n<meta name=\"robots\" content=\"index, follow, max-snippet:-1, max-image-preview:large, max-video-preview:-1\" \/>\n<link rel=\"canonical\" href=\"https:\/\/www.eldiario.net\/portal\/2024\/09\/28\/argelia-dona-a-cuba-146-toneladas-de-alimentos-basicos-que-escasean\/\" \/>\n<meta property=\"og:locale\" content=\"es_ES\" \/>\n<meta property=\"og:type\" content=\"article\" \/>\n<meta property=\"og:title\" content=\"Argelia dona a Cuba 146 toneladas de alimentos b\u00e1sicos que escasean - El Diario - Bolivia\" \/>\n<meta property=\"og:description\" content=\"El Gobierno de Argelia don\u00f3 a Cuba poco m\u00e1s de 146 toneladas de alimentos, que fueron negociadas por el gobernante cubano, Miguel D\u00edaz-Canel, durante una escala t\u00e9cnica que realiz\u00f3 en ese pa\u00eds el pasado 9 de mayo, como parte de su viaje a Rusia, inform\u00f3 el medio digital oficialista Cubadebate. \u00abTrasmitimos el m\u00e1s profundo agradecimiento [&hellip;]\" \/>\n<meta property=\"og:url\" content=\"https:\/\/www.eldiario.net\/portal\/2024\/09\/28\/argelia-dona-a-cuba-146-toneladas-de-alimentos-basicos-que-escasean\/\" \/>\n<meta property=\"og:site_name\" content=\"El Diario - Bolivia\" \/>\n<meta property=\"article:publisher\" content=\"https:\/\/www.facebook.com\/eldiario.bolivia\/\" \/>\n<meta property=\"article:published_time\" content=\"2024-09-28T11:06:52+00:00\" \/>\n<meta property=\"og:image\" content=\"https:\/\/www.eldiario.net\/portal\/wp-content\/uploads\/2024\/09\/CUBA-CubaDebate.jpg\" \/>\n\t<meta property=\"og:image:width\" content=\"580\" \/>\n\t<meta property=\"og:image:height\" content=\"326\" \/>\n\t<meta property=\"og:image:type\" content=\"image\/jpeg\" \/>\n<meta name=\"author\" content=\"Jeanette\" \/>\n<meta name=\"twitter:card\" content=\"summary_large_image\" \/>\n<meta name=\"twitter:creator\" content=\"@eldiario_net\" \/>\n<meta name=\"twitter:site\" content=\"@eldiario_net\" \/>\n<meta name=\"twitter:label1\" content=\"Escrito por\" \/>\n\t<meta name=\"twitter:data1\" content=\"Jeanette\" \/>\n\t<meta name=\"twitter:label2\" content=\"Tiempo de lectura\" \/>\n\t<meta name=\"twitter:data2\" content=\"3 minutos\" \/>\n<script type=\"application\/ld+json\" class=\"yoast-schema-graph\">{\"@context\":\"https:\\\/\\\/schema.org\",\"@graph\":[{\"@type\":\"Article\",\"@id\":\"https:\\\/\\\/www.eldiario.net\\\/portal\\\/2024\\\/09\\\/28\\\/argelia-dona-a-cuba-146-toneladas-de-alimentos-basicos-que-escasean\\\/#article\",\"isPartOf\":{\"@id\":\"https:\\\/\\\/www.eldiario.net\\\/portal\\\/2024\\\/09\\\/28\\\/argelia-dona-a-cuba-146-toneladas-de-alimentos-basicos-que-escasean\\\/\"},\"author\":{\"name\":\"Jeanette\",\"@id\":\"https:\\\/\\\/www.eldiario.net\\\/portal\\\/#\\\/schema\\\/person\\\/f46445640444750d7d753ccd04ae01b7\"},\"headline\":\"Argelia dona a Cuba 146 toneladas de alimentos b\u00e1sicos que escasean\",\"datePublished\":\"2024-09-28T11:06:52+00:00\",\"mainEntityOfPage\":{\"@id\":\"https:\\\/\\\/www.eldiario.net\\\/portal\\\/2024\\\/09\\\/28\\\/argelia-dona-a-cuba-146-toneladas-de-alimentos-basicos-que-escasean\\\/\"},\"wordCount\":566,\"commentCount\":0,\"publisher\":{\"@id\":\"https:\\\/\\\/www.eldiario.net\\\/portal\\\/#organization\"},\"image\":{\"@id\":\"https:\\\/\\\/www.eldiario.net\\\/portal\\\/2024\\\/09\\\/28\\\/argelia-dona-a-cuba-146-toneladas-de-alimentos-basicos-que-escasean\\\/#primaryimage\"},\"thumbnailUrl\":\"https:\\\/\\\/www.eldiario.net\\\/portal\\\/wp-content\\\/uploads\\\/2024\\\/09\\\/CUBA-CubaDebate.jpg\",\"articleSection\":[\"Internacional\"],\"inLanguage\":\"es\",\"potentialAction\":[{\"@type\":\"CommentAction\",\"name\":\"Comment\",\"target\":[\"https:\\\/\\\/www.eldiario.net\\\/portal\\\/2024\\\/09\\\/28\\\/argelia-dona-a-cuba-146-toneladas-de-alimentos-basicos-que-escasean\\\/#respond\"]}]},{\"@type\":\"WebPage\",\"@id\":\"https:\\\/\\\/www.eldiario.net\\\/portal\\\/2024\\\/09\\\/28\\\/argelia-dona-a-cuba-146-toneladas-de-alimentos-basicos-que-escasean\\\/\",\"url\":\"https:\\\/\\\/www.eldiario.net\\\/portal\\\/2024\\\/09\\\/28\\\/argelia-dona-a-cuba-146-toneladas-de-alimentos-basicos-que-escasean\\\/\",\"name\":\"Argelia dona a Cuba 146 toneladas de alimentos b\u00e1sicos que escasean - El Diario - Bolivia\",\"isPartOf\":{\"@id\":\"https:\\\/\\\/www.eldiario.net\\\/portal\\\/#website\"},\"primaryImageOfPage\":{\"@id\":\"https:\\\/\\\/www.eldiario.net\\\/portal\\\/2024\\\/09\\\/28\\\/argelia-dona-a-cuba-146-toneladas-de-alimentos-basicos-que-escasean\\\/#primaryimage\"},\"image\":{\"@id\":\"https:\\\/\\\/www.eldiario.net\\\/portal\\\/2024\\\/09\\\/28\\\/argelia-dona-a-cuba-146-toneladas-de-alimentos-basicos-que-escasean\\\/#primaryimage\"},\"thumbnailUrl\":\"https:\\\/\\\/www.eldiario.net\\\/portal\\\/wp-content\\\/uploads\\\/2024\\\/09\\\/CUBA-CubaDebate.jpg\",\"datePublished\":\"2024-09-28T11:06:52+00:00\",\"breadcrumb\":{\"@id\":\"https:\\\/\\\/www.eldiario.net\\\/portal\\\/2024\\\/09\\\/28\\\/argelia-dona-a-cuba-146-toneladas-de-alimentos-basicos-que-escasean\\\/#breadcrumb\"},\"inLanguage\":\"es\",\"potentialAction\":[{\"@type\":\"ReadAction\",\"target\":[\"https:\\\/\\\/www.eldiario.net\\\/portal\\\/2024\\\/09\\\/28\\\/argelia-dona-a-cuba-146-toneladas-de-alimentos-basicos-que-escasean\\\/\"]}]},{\"@type\":\"ImageObject\",\"inLanguage\":\"es\",\"@id\":\"https:\\\/\\\/www.eldiario.net\\\/portal\\\/2024\\\/09\\\/28\\\/argelia-dona-a-cuba-146-toneladas-de-alimentos-basicos-que-escasean\\\/#primaryimage\",\"url\":\"https:\\\/\\\/www.eldiario.net\\\/portal\\\/wp-content\\\/uploads\\\/2024\\\/09\\\/CUBA-CubaDebate.jpg\",\"contentUrl\":\"https:\\\/\\\/www.eldiario.net\\\/portal\\\/wp-content\\\/uploads\\\/2024\\\/09\\\/CUBA-CubaDebate.jpg\",\"width\":580,\"height\":326,\"caption\":\"El embajador de Argelia en Cuba, Abdelkrim Benchiah y la viceministra del Mincex, D\u00e9borah Rivas Saavedra. CREDITO: CUBADEBATE\"},{\"@type\":\"BreadcrumbList\",\"@id\":\"https:\\\/\\\/www.eldiario.net\\\/portal\\\/2024\\\/09\\\/28\\\/argelia-dona-a-cuba-146-toneladas-de-alimentos-basicos-que-escasean\\\/#breadcrumb\",\"itemListElement\":[{\"@type\":\"ListItem\",\"position\":1,\"name\":\"Portada\",\"item\":\"https:\\\/\\\/www.eldiario.net\\\/portal\\\/\"},{\"@type\":\"ListItem\",\"position\":2,\"name\":\"Argelia dona a Cuba 146 toneladas de alimentos b\u00e1sicos que escasean\"}]},{\"@type\":\"WebSite\",\"@id\":\"https:\\\/\\\/www.eldiario.net\\\/portal\\\/#website\",\"url\":\"https:\\\/\\\/www.eldiario.net\\\/portal\\\/\",\"name\":\"El Diario - Decano de la prensa nacional\",\"description\":\"El Diario - Decano de la prensa nacional\",\"publisher\":{\"@id\":\"https:\\\/\\\/www.eldiario.net\\\/portal\\\/#organization\"},\"potentialAction\":[{\"@type\":\"SearchAction\",\"target\":{\"@type\":\"EntryPoint\",\"urlTemplate\":\"https:\\\/\\\/www.eldiario.net\\\/portal\\\/?s={search_term_string}\"},\"query-input\":{\"@type\":\"PropertyValueSpecification\",\"valueRequired\":true,\"valueName\":\"search_term_string\"}}],\"inLanguage\":\"es\"},{\"@type\":\"Organization\",\"@id\":\"https:\\\/\\\/www.eldiario.net\\\/portal\\\/#organization\",\"name\":\"El Diario - Decano de la prensa nacional\",\"url\":\"https:\\\/\\\/www.eldiario.net\\\/portal\\\/\",\"logo\":{\"@type\":\"ImageObject\",\"inLanguage\":\"es\",\"@id\":\"https:\\\/\\\/www.eldiario.net\\\/portal\\\/#\\\/schema\\\/logo\\\/image\\\/\",\"url\":\"https:\\\/\\\/www.eldiario.net\\\/portal\\\/wp-content\\\/uploads\\\/2023\\\/07\\\/logo_ED.jpg\",\"contentUrl\":\"https:\\\/\\\/www.eldiario.net\\\/portal\\\/wp-content\\\/uploads\\\/2023\\\/07\\\/logo_ED.jpg\",\"width\":272,\"height\":52,\"caption\":\"El Diario - Decano de la prensa nacional\"},\"image\":{\"@id\":\"https:\\\/\\\/www.eldiario.net\\\/portal\\\/#\\\/schema\\\/logo\\\/image\\\/\"},\"sameAs\":[\"https:\\\/\\\/www.facebook.com\\\/eldiario.bolivia\\\/\",\"https:\\\/\\\/x.com\\\/eldiario_net\"]},{\"@type\":\"Person\",\"@id\":\"https:\\\/\\\/www.eldiario.net\\\/portal\\\/#\\\/schema\\\/person\\\/f46445640444750d7d753ccd04ae01b7\",\"name\":\"Jeanette\",\"image\":{\"@type\":\"ImageObject\",\"inLanguage\":\"es\",\"@id\":\"https:\\\/\\\/secure.gravatar.com\\\/avatar\\\/3ea2118a5f7dad2b7138b1187a6b7ee55f160b9968b66013c3a3ef39dd7e5798?s=96&d=mm&r=g\",\"url\":\"https:\\\/\\\/secure.gravatar.com\\\/avatar\\\/3ea2118a5f7dad2b7138b1187a6b7ee55f160b9968b66013c3a3ef39dd7e5798?s=96&d=mm&r=g\",\"contentUrl\":\"https:\\\/\\\/secure.gravatar.com\\\/avatar\\\/3ea2118a5f7dad2b7138b1187a6b7ee55f160b9968b66013c3a3ef39dd7e5798?s=96&d=mm&r=g\",\"caption\":\"Jeanette\"},\"sameAs\":[\"https:\\\/\\\/www.eldiario.net\\\/portal\"],\"url\":\"https:\\\/\\\/www.eldiario.net\\\/portal\\\/author\\\/jeanette\\\/\"}]}<\/script>\n<!-- \/ Yoast SEO plugin. -->","yoast_head_json":{"title":"Argelia dona a Cuba 146 toneladas de alimentos b\u00e1sicos que escasean - El Diario - Bolivia","robots":{"index":"index","follow":"follow","max-snippet":"max-snippet:-1","max-image-preview":"max-image-preview:large","max-video-preview":"max-video-preview:-1"},"canonical":"https:\/\/www.eldiario.net\/portal\/2024\/09\/28\/argelia-dona-a-cuba-146-toneladas-de-alimentos-basicos-que-escasean\/","og_locale":"es_ES","og_type":"article","og_title":"Argelia dona a Cuba 146 toneladas de alimentos b\u00e1sicos que escasean - El Diario - Bolivia","og_description":"El Gobierno de Argelia don\u00f3 a Cuba poco m\u00e1s de 146 toneladas de alimentos, que fueron negociadas por el gobernante cubano, Miguel D\u00edaz-Canel, durante una escala t\u00e9cnica que realiz\u00f3 en ese pa\u00eds el pasado 9 de mayo, como parte de su viaje a Rusia, inform\u00f3 el medio digital oficialista Cubadebate. \u00abTrasmitimos el m\u00e1s profundo agradecimiento [&hellip;]","og_url":"https:\/\/www.eldiario.net\/portal\/2024\/09\/28\/argelia-dona-a-cuba-146-toneladas-de-alimentos-basicos-que-escasean\/","og_site_name":"El Diario - Bolivia","article_publisher":"https:\/\/www.facebook.com\/eldiario.bolivia\/","article_published_time":"2024-09-28T11:06:52+00:00","og_image":[{"width":580,"height":326,"url":"https:\/\/www.eldiario.net\/portal\/wp-content\/uploads\/2024\/09\/CUBA-CubaDebate.jpg","type":"image\/jpeg"}],"author":"Jeanette","twitter_card":"summary_large_image","twitter_creator":"@eldiario_net","twitter_site":"@eldiario_net","twitter_misc":{"Escrito por":"Jeanette","Tiempo de lectura":"3 minutos"},"schema":{"@context":"https:\/\/schema.org","@graph":[{"@type":"Article","@id":"https:\/\/www.eldiario.net\/portal\/2024\/09\/28\/argelia-dona-a-cuba-146-toneladas-de-alimentos-basicos-que-escasean\/#article","isPartOf":{"@id":"https:\/\/www.eldiario.net\/portal\/2024\/09\/28\/argelia-dona-a-cuba-146-toneladas-de-alimentos-basicos-que-escasean\/"},"author":{"name":"Jeanette","@id":"https:\/\/www.eldiario.net\/portal\/#\/schema\/person\/f46445640444750d7d753ccd04ae01b7"},"headline":"Argelia dona a Cuba 146 toneladas de alimentos b\u00e1sicos que escasean","datePublished":"2024-09-28T11:06:52+00:00","mainEntityOfPage":{"@id":"https:\/\/www.eldiario.net\/portal\/2024\/09\/28\/argelia-dona-a-cuba-146-toneladas-de-alimentos-basicos-que-escasean\/"},"wordCount":566,"commentCount":0,"publisher":{"@id":"https:\/\/www.eldiario.net\/portal\/#organization"},"image":{"@id":"https:\/\/www.eldiario.net\/portal\/2024\/09\/28\/argelia-dona-a-cuba-146-toneladas-de-alimentos-basicos-que-escasean\/#primaryimage"},"thumbnailUrl":"https:\/\/www.eldiario.net\/portal\/wp-content\/uploads\/2024\/09\/CUBA-CubaDebate.jpg","articleSection":["Internacional"],"inLanguage":"es","potentialAction":[{"@type":"CommentAction","name":"Comment","target":["https:\/\/www.eldiario.net\/portal\/2024\/09\/28\/argelia-dona-a-cuba-146-toneladas-de-alimentos-basicos-que-escasean\/#respond"]}]},{"@type":"WebPage","@id":"https:\/\/www.eldiario.net\/portal\/2024\/09\/28\/argelia-dona-a-cuba-146-toneladas-de-alimentos-basicos-que-escasean\/","url":"https:\/\/www.eldiario.net\/portal\/2024\/09\/28\/argelia-dona-a-cuba-146-toneladas-de-alimentos-basicos-que-escasean\/","name":"Argelia dona a Cuba 146 toneladas de alimentos b\u00e1sicos que escasean - El Diario - Bolivia","isPartOf":{"@id":"https:\/\/www.eldiario.net\/portal\/#website"},"primaryImageOfPage":{"@id":"https:\/\/www.eldiario.net\/portal\/2024\/09\/28\/argelia-dona-a-cuba-146-toneladas-de-alimentos-basicos-que-escasean\/#primaryimage"},"image":{"@id":"https:\/\/www.eldiario.net\/portal\/2024\/09\/28\/argelia-dona-a-cuba-146-toneladas-de-alimentos-basicos-que-escasean\/#primaryimage"},"thumbnailUrl":"https:\/\/www.eldiario.net\/portal\/wp-content\/uploads\/2024\/09\/CUBA-CubaDebate.jpg","datePublished":"2024-09-28T11:06:52+00:00","breadcrumb":{"@id":"https:\/\/www.eldiario.net\/portal\/2024\/09\/28\/argelia-dona-a-cuba-146-toneladas-de-alimentos-basicos-que-escasean\/#breadcrumb"},"inLanguage":"es","potentialAction":[{"@type":"ReadAction","target":["https:\/\/www.eldiario.net\/portal\/2024\/09\/28\/argelia-dona-a-cuba-146-toneladas-de-alimentos-basicos-que-escasean\/"]}]},{"@type":"ImageObject","inLanguage":"es","@id":"https:\/\/www.eldiario.net\/portal\/2024\/09\/28\/argelia-dona-a-cuba-146-toneladas-de-alimentos-basicos-que-escasean\/#primaryimage","url":"https:\/\/www.eldiario.net\/portal\/wp-content\/uploads\/2024\/09\/CUBA-CubaDebate.jpg","contentUrl":"https:\/\/www.eldiario.net\/portal\/wp-content\/uploads\/2024\/09\/CUBA-CubaDebate.jpg","width":580,"height":326,"caption":"El embajador de Argelia en Cuba, Abdelkrim Benchiah y la viceministra del Mincex, D\u00e9borah Rivas Saavedra. CREDITO: CUBADEBATE"},{"@type":"BreadcrumbList","@id":"https:\/\/www.eldiario.net\/portal\/2024\/09\/28\/argelia-dona-a-cuba-146-toneladas-de-alimentos-basicos-que-escasean\/#breadcrumb","itemListElement":[{"@type":"ListItem","position":1,"name":"Portada","item":"https:\/\/www.eldiario.net\/portal\/"},{"@type":"ListItem","position":2,"name":"Argelia dona a Cuba 146 toneladas de alimentos b\u00e1sicos que escasean"}]},{"@type":"WebSite","@id":"https:\/\/www.eldiario.net\/portal\/#website","url":"https:\/\/www.eldiario.net\/portal\/","name":"El Diario - Decano de la prensa nacional","description":"El Diario - Decano de la prensa nacional","publisher":{"@id":"https:\/\/www.eldiario.net\/portal\/#organization"},"potentialAction":[{"@type":"SearchAction","target":{"@type":"EntryPoint","urlTemplate":"https:\/\/www.eldiario.net\/portal\/?s={search_term_string}"},"query-input":{"@type":"PropertyValueSpecification","valueRequired":true,"valueName":"search_term_string"}}],"inLanguage":"es"},{"@type":"Organization","@id":"https:\/\/www.eldiario.net\/portal\/#organization","name":"El Diario - Decano de la prensa nacional","url":"https:\/\/www.eldiario.net\/portal\/","logo":{"@type":"ImageObject","inLanguage":"es","@id":"https:\/\/www.eldiario.net\/portal\/#\/schema\/logo\/image\/","url":"https:\/\/www.eldiario.net\/portal\/wp-content\/uploads\/2023\/07\/logo_ED.jpg","contentUrl":"https:\/\/www.eldiario.net\/portal\/wp-content\/uploads\/2023\/07\/logo_ED.jpg","width":272,"height":52,"caption":"El Diario - Decano de la prensa nacional"},"image":{"@id":"https:\/\/www.eldiario.net\/portal\/#\/schema\/logo\/image\/"},"sameAs":["https:\/\/www.facebook.com\/eldiario.bolivia\/","https:\/\/x.com\/eldiario_net"]},{"@type":"Person","@id":"https:\/\/www.eldiario.net\/portal\/#\/schema\/person\/f46445640444750d7d753ccd04ae01b7","name":"Jeanette","image":{"@type":"ImageObject","inLanguage":"es","@id":"https:\/\/secure.gravatar.com\/avatar\/3ea2118a5f7dad2b7138b1187a6b7ee55f160b9968b66013c3a3ef39dd7e5798?s=96&d=mm&r=g","url":"https:\/\/secure.gravatar.com\/avatar\/3ea2118a5f7dad2b7138b1187a6b7ee55f160b9968b66013c3a3ef39dd7e5798?s=96&d=mm&r=g","contentUrl":"https:\/\/secure.gravatar.com\/avatar\/3ea2118a5f7dad2b7138b1187a6b7ee55f160b9968b66013c3a3ef39dd7e5798?s=96&d=mm&r=g","caption":"Jeanette"},"sameAs":["https:\/\/www.eldiario.net\/portal"],"url":"https:\/\/www.eldiario.net\/portal\/author\/jeanette\/"}]}},"_links":{"self":[{"href":"https:\/\/www.eldiario.net\/portal\/wp-json\/wp\/v2\/posts\/250482","targetHints":{"allow":["GET"]}}],"collection":[{"href":"https:\/\/www.eldiario.net\/portal\/wp-json\/wp\/v2\/posts"}],"about":[{"href":"https:\/\/www.eldiario.net\/portal\/wp-json\/wp\/v2\/types\/post"}],"author":[{"embeddable":true,"href":"https:\/\/www.eldiario.net\/portal\/wp-json\/wp\/v2\/users\/1"}],"replies":[{"embeddable":true,"href":"https:\/\/www.eldiario.net\/portal\/wp-json\/wp\/v2\/comments?post=250482"}],"version-history":[{"count":1,"href":"https:\/\/www.eldiario.net\/portal\/wp-json\/wp\/v2\/posts\/250482\/revisions"}],"predecessor-version":[{"id":250484,"href":"https:\/\/www.eldiario.net\/portal\/wp-json\/wp\/v2\/posts\/250482\/revisions\/250484"}],"wp:featuredmedia":[{"embeddable":true,"href":"https:\/\/www.eldiario.net\/portal\/wp-json\/wp\/v2\/media\/250483"}],"wp:attachment":[{"href":"https:\/\/www.eldiario.net\/portal\/wp-json\/wp\/v2\/media?parent=250482"}],"wp:term":[{"taxonomy":"category","embeddable":true,"href":"https:\/\/www.eldiario.net\/portal\/wp-json\/wp\/v2\/categories?post=250482"},{"taxonomy":"post_tag","embeddable":true,"href":"https:\/\/www.eldiario.net\/portal\/wp-json\/wp\/v2\/tags?post=250482"}],"curies":[{"name":"wp","href":"https:\/\/api.w.org\/{rel}","templated":true}]}}