{"id":250479,"date":"2024-09-28T07:06:05","date_gmt":"2024-09-28T11:06:05","guid":{"rendered":"https:\/\/www.eldiario.net\/portal\/?p=250479"},"modified":"2024-09-28T07:06:05","modified_gmt":"2024-09-28T11:06:05","slug":"israel-bombardea-cuarteles-generales-de-grupo-hezbola","status":"publish","type":"post","link":"https:\/\/www.eldiario.net\/portal\/2024\/09\/28\/israel-bombardea-cuarteles-generales-de-grupo-hezbola\/","title":{"rendered":"Israel bombardea cuarteles  generales de grupo Hezbol\u00e1"},"content":{"rendered":"<p class=\"v1MsoNormal\">El ej\u00e9rcito israel\u00ed afirma haber atacado los cuarteles generales de Hezbol\u00e1 en Beirut. La serie de explosiones de ayer, es la m\u00e1s potente registrada en la capital libanesa en el \u00faltimo a\u00f1o.<\/p>\n<p class=\"v1MsoNormal\">El blanco de la operaci\u00f3n fue la sede central de Hezbollah, ubicada en el barrio de Dahiya. Israel investiga si el jefe del grupo, Hassan Nasrallah, estaba en el lugar, mientras que una fuente de la organizaci\u00f3n sostuvo que su l\u00edder \u00abest\u00e1 bien\u00bb, de acuerdo a la agencia de noticias AFP.<\/p>\n<p class=\"v1MsoNormal\">El vocero del Ej\u00e9rcito israel\u00ed, Daniel Hagari, se\u00f1al\u00f3 que se trat\u00f3 de un \u00abataque de precisi\u00f3n\u00bb y que el reducto estaba construido bajo edificios residenciales de la ciudad, lo que demuestra la intenci\u00f3n de usar a los libaneses como \u00abescudos humanos\u00bb.<\/p>\n<p class=\"v1MsoNormal\">\u00abLas FDI (Fuerzas de Defensa de Israel) atacaron recientemente la sede central de la organizaci\u00f3n terrorista Hezbollah, que se encuentra debajo de edificios residenciales en el coraz\u00f3n de Dahiya, en Beirut. Hasta el momento, no hay cambios en las directivas del Comando del Frente Interior. Actualizaremos cualquier cambio inmediatamente en las plataformas oficiales\u00bb, informaron las FDI en un breve comunicado.<\/p>\n<p class=\"v1MsoNormal\">En tanto, la Agencia Nacional de Noticias de L\u00edbano se limit\u00f3 a expresar que \u00abaviones de guerra enemigos llevaron a cabo una serie de ataques en la zona de los suburbios del sur de Beirut\u00bb. La televisi\u00f3n libanesa mostr\u00f3 columnas de humo que se elevaban desde varios lugares de la zona. Por su parte, otra fuente cercana al movimiento islamista indic\u00f3 que los bombardeos redujeron a escombros seis edificios. \u00abLos bombardeos israel\u00edes arrasaron seis edificios\u00bb, se\u00f1al\u00f3 la fuente.<\/p>\n<p class=\"v1MsoNormal\">El ataque se produjo poco despu\u00e9s de que el primer ministro israel\u00ed, Benjamin Netanyahu, pronunciara su discurso en la Asamblea General de las Naciones Unidas. \u00abIsrael debe derrotar a Hezbol\u00e1. Ese grupo hizo que pueblos del norte de Israel se convirtiesen en ciudades fantasmas. Preguntens\u00e9 cu\u00e1nto lo tolerar\u00edan ustedes si les pasara. He venido aqu\u00ed a decirles que ya no lo toleraremos. No descansaremos hasta que nuestros ciudadanos puedan regresar a sus hogares\u00bb, sostuvo.<\/p>\n<p class=\"v1MsoNormal\">\u00abHezbollah coloca misiles en escuelas y hospitales, pone en peligro a su propia poblaci\u00f3n. No estamos en guerra contra el pueblo de L\u00edbano, estamos en guerra contra Hezbol\u00e1\u00bb, aclar\u00f3; al tiempo que acot\u00f3: \u00abEsta semana, las FDI destruyeron enormes porcentajes de cohetes de Hezbollah construidos con apoyo de Ir\u00e1n. Eliminamos a altos mandos y seguiremos degradando a Hezbol\u00e1 hasta que se alcancen nuestros objetivos. Estamos decididos a eliminar la maldici\u00f3n del terrorismo\u00bb.<\/p>\n<p class=\"v1MsoNormal\">Por \u00faltimo, manifest\u00f3: \u00abEn esta batalla entre el bien y el mal no tiene que haber equ\u00edvocos. Nosotros nos defendemos a nosotros mismos pero tambi\u00e9n a todos ustedes\u00bb, le se\u00f1al\u00f3 a las delegaciones de los pa\u00edses del mundo. Y concluy\u00f3 con una fuerte cr\u00edtica: \u00abEn este recinto (de la ONU) se pinta el bien como si fuese el mal y el mal como si fuese el bien\u00bb.<\/p>\n<p class=\"v1MsoNormal\">Israel intercept\u00f3 fuera de su territorio un misil lanzado desde Yemen.<\/p>\n<p class=\"v1MsoNormal\">M\u00e1s temprano, el Ej\u00e9rcito de Israel se\u00f1al\u00f3 haber interceptado, pasada la medianoche y fuera de territorio israel\u00ed, un misil \u00abtierra-tierra\u00bb de largo alcance lanzado desde el Yemen contra el centro del pa\u00eds.<\/p>\n<p class=\"v1MsoNormal\">\u00abLas sirenas (antia\u00e9reas) que sonaron son el resultado de un misil que fue disparado desde Yemen. Se lanz\u00f3 un interceptor. Los detalles est\u00e1n bajo revisi\u00f3n\u00bb, anunci\u00f3 un comunicado castrense a las 00:48 hora local.<\/p>\n<p class=\"v1MsoNormal\">Poco despu\u00e9s, el Ej\u00e9rcito confirm\u00f3 que el misil hab\u00eda sido interceptado por el sistema \u00abArrow\u00bb (Flecha) fuera de las fronteras israel\u00edes, pero que se hab\u00edan escuchado \u00absirenas y explosiones\u00bb tras la interceptaci\u00f3n y la ca\u00edda de metralla.<\/p>\n<p class=\"v1MsoNormal\">Se trata, al menos, del segundo misil de este tipo lanzado contra el centro de Israel esta semana, despu\u00e9s de que el pasado d\u00eda 25 Hezbollah hiciera lo propio, activando las alarmas en Tel Aviv y otras \u00e1reas pr\u00f3ximas. Seg\u00fan el Ej\u00e9rcito israel\u00ed, era la primera vez que la milicia chi\u00ed libanesa apuntaba a Tel Aviv, lo que desencaden\u00f3 intensos bombardeos israel\u00edes en represalia.<\/p>\n<p class=\"v1MsoNormal\">Solo ayer, Israel atac\u00f3 por aire 220 objetivos de Hezbol\u00e1 en el L\u00edbano, entre ellos instalaciones, lanzaderas de proyectiles y almacenes de armas, seg\u00fan un comunicado castrense.<\/p>\n<p class=\"v1MsoNormal\">Estos ataques causaron al menos otros 92 muertos y 153 heridos en el pa\u00eds vecino, concentrados en \u00e1reas del este y el sur, pero tambi\u00e9n en ataques contra los suburbios sur de Beirut, seg\u00fan el Ministerio de Salud P\u00fablica liban\u00e9s.<\/p>\n<p class=\"v1MsoNormal\">En total, esta escalada b\u00e9lica deja m\u00e1s de 700 muertos en 72 horas, al tiempo que provocaron el desplazamiento de decenas de miles de personas, entre ellas al menos 77.100 que se registraron en los centros de acogida designados por el Gobierno liban\u00e9s en los \u00faltimos d\u00edas. (Infobae y agencias)<\/p>\n<p class=\"v1MsoNormal\">\n","protected":false},"excerpt":{"rendered":"<p>El ej\u00e9rcito israel\u00ed afirma haber atacado los cuarteles generales de Hezbol\u00e1 en Beirut. La serie de explosiones de ayer, es la m\u00e1s potente registrada en la capital libanesa en el \u00faltimo a\u00f1o. El blanco de la operaci\u00f3n fue la sede central de Hezbollah, ubicada en el barrio de Dahiya. Israel investiga si el jefe del [&hellip;]<\/p>\n","protected":false},"author":1,"featured_media":250480,"comment_status":"open","ping_status":"open","sticky":false,"template":"","format":"standard","meta":{"_acf_changed":false,"footnotes":""},"categories":[3],"tags":[],"class_list":["post-250479","post","type-post","status-publish","format-standard","has-post-thumbnail","category-internacional"],"acf":{"antetitulo":"Beirut"},"yoast_head":"<!-- This site is optimized with the Yoast SEO plugin v28.3 - https:\/\/yoast.com\/product\/yoast-seo-wordpress\/ -->\n<title>Israel bombardea cuarteles generales de grupo Hezbol\u00e1 - El Diario - Bolivia<\/title>\n<meta name=\"robots\" content=\"index, follow, max-snippet:-1, max-image-preview:large, max-video-preview:-1\" \/>\n<link rel=\"canonical\" href=\"https:\/\/www.eldiario.net\/portal\/2024\/09\/28\/israel-bombardea-cuarteles-generales-de-grupo-hezbola\/\" \/>\n<meta property=\"og:locale\" content=\"es_ES\" \/>\n<meta property=\"og:type\" content=\"article\" \/>\n<meta property=\"og:title\" content=\"Israel bombardea cuarteles generales de grupo Hezbol\u00e1 - El Diario - Bolivia\" \/>\n<meta property=\"og:description\" content=\"El ej\u00e9rcito israel\u00ed afirma haber atacado los cuarteles generales de Hezbol\u00e1 en Beirut. La serie de explosiones de ayer, es la m\u00e1s potente registrada en la capital libanesa en el \u00faltimo a\u00f1o. El blanco de la operaci\u00f3n fue la sede central de Hezbollah, ubicada en el barrio de Dahiya. Israel investiga si el jefe del [&hellip;]\" \/>\n<meta property=\"og:url\" content=\"https:\/\/www.eldiario.net\/portal\/2024\/09\/28\/israel-bombardea-cuarteles-generales-de-grupo-hezbola\/\" \/>\n<meta property=\"og:site_name\" content=\"El Diario - Bolivia\" \/>\n<meta property=\"article:publisher\" content=\"https:\/\/www.facebook.com\/eldiario.bolivia\/\" \/>\n<meta property=\"article:published_time\" content=\"2024-09-28T11:06:05+00:00\" \/>\n<meta property=\"og:image\" content=\"https:\/\/www.eldiario.net\/portal\/wp-content\/uploads\/2024\/09\/CUARTEL.jpg\" \/>\n\t<meta property=\"og:image:width\" content=\"992\" \/>\n\t<meta property=\"og:image:height\" content=\"661\" \/>\n\t<meta property=\"og:image:type\" content=\"image\/jpeg\" \/>\n<meta name=\"author\" content=\"Jeanette\" \/>\n<meta name=\"twitter:card\" content=\"summary_large_image\" \/>\n<meta name=\"twitter:creator\" content=\"@eldiario_net\" \/>\n<meta name=\"twitter:site\" content=\"@eldiario_net\" \/>\n<meta name=\"twitter:label1\" content=\"Escrito por\" \/>\n\t<meta name=\"twitter:data1\" content=\"Jeanette\" \/>\n\t<meta name=\"twitter:label2\" content=\"Tiempo de lectura\" \/>\n\t<meta name=\"twitter:data2\" content=\"4 minutos\" \/>\n<script type=\"application\/ld+json\" class=\"yoast-schema-graph\">{\"@context\":\"https:\\\/\\\/schema.org\",\"@graph\":[{\"@type\":\"Article\",\"@id\":\"https:\\\/\\\/www.eldiario.net\\\/portal\\\/2024\\\/09\\\/28\\\/israel-bombardea-cuarteles-generales-de-grupo-hezbola\\\/#article\",\"isPartOf\":{\"@id\":\"https:\\\/\\\/www.eldiario.net\\\/portal\\\/2024\\\/09\\\/28\\\/israel-bombardea-cuarteles-generales-de-grupo-hezbola\\\/\"},\"author\":{\"name\":\"Jeanette\",\"@id\":\"https:\\\/\\\/www.eldiario.net\\\/portal\\\/#\\\/schema\\\/person\\\/f46445640444750d7d753ccd04ae01b7\"},\"headline\":\"Israel bombardea cuarteles generales de grupo Hezbol\u00e1\",\"datePublished\":\"2024-09-28T11:06:05+00:00\",\"mainEntityOfPage\":{\"@id\":\"https:\\\/\\\/www.eldiario.net\\\/portal\\\/2024\\\/09\\\/28\\\/israel-bombardea-cuarteles-generales-de-grupo-hezbola\\\/\"},\"wordCount\":828,\"commentCount\":0,\"publisher\":{\"@id\":\"https:\\\/\\\/www.eldiario.net\\\/portal\\\/#organization\"},\"image\":{\"@id\":\"https:\\\/\\\/www.eldiario.net\\\/portal\\\/2024\\\/09\\\/28\\\/israel-bombardea-cuarteles-generales-de-grupo-hezbola\\\/#primaryimage\"},\"thumbnailUrl\":\"https:\\\/\\\/www.eldiario.net\\\/portal\\\/wp-content\\\/uploads\\\/2024\\\/09\\\/CUARTEL.jpg\",\"articleSection\":[\"Internacional\"],\"inLanguage\":\"es\",\"potentialAction\":[{\"@type\":\"CommentAction\",\"name\":\"Comment\",\"target\":[\"https:\\\/\\\/www.eldiario.net\\\/portal\\\/2024\\\/09\\\/28\\\/israel-bombardea-cuarteles-generales-de-grupo-hezbola\\\/#respond\"]}]},{\"@type\":\"WebPage\",\"@id\":\"https:\\\/\\\/www.eldiario.net\\\/portal\\\/2024\\\/09\\\/28\\\/israel-bombardea-cuarteles-generales-de-grupo-hezbola\\\/\",\"url\":\"https:\\\/\\\/www.eldiario.net\\\/portal\\\/2024\\\/09\\\/28\\\/israel-bombardea-cuarteles-generales-de-grupo-hezbola\\\/\",\"name\":\"Israel bombardea cuarteles generales de grupo Hezbol\u00e1 - El Diario - Bolivia\",\"isPartOf\":{\"@id\":\"https:\\\/\\\/www.eldiario.net\\\/portal\\\/#website\"},\"primaryImageOfPage\":{\"@id\":\"https:\\\/\\\/www.eldiario.net\\\/portal\\\/2024\\\/09\\\/28\\\/israel-bombardea-cuarteles-generales-de-grupo-hezbola\\\/#primaryimage\"},\"image\":{\"@id\":\"https:\\\/\\\/www.eldiario.net\\\/portal\\\/2024\\\/09\\\/28\\\/israel-bombardea-cuarteles-generales-de-grupo-hezbola\\\/#primaryimage\"},\"thumbnailUrl\":\"https:\\\/\\\/www.eldiario.net\\\/portal\\\/wp-content\\\/uploads\\\/2024\\\/09\\\/CUARTEL.jpg\",\"datePublished\":\"2024-09-28T11:06:05+00:00\",\"breadcrumb\":{\"@id\":\"https:\\\/\\\/www.eldiario.net\\\/portal\\\/2024\\\/09\\\/28\\\/israel-bombardea-cuarteles-generales-de-grupo-hezbola\\\/#breadcrumb\"},\"inLanguage\":\"es\",\"potentialAction\":[{\"@type\":\"ReadAction\",\"target\":[\"https:\\\/\\\/www.eldiario.net\\\/portal\\\/2024\\\/09\\\/28\\\/israel-bombardea-cuarteles-generales-de-grupo-hezbola\\\/\"]}]},{\"@type\":\"ImageObject\",\"inLanguage\":\"es\",\"@id\":\"https:\\\/\\\/www.eldiario.net\\\/portal\\\/2024\\\/09\\\/28\\\/israel-bombardea-cuarteles-generales-de-grupo-hezbola\\\/#primaryimage\",\"url\":\"https:\\\/\\\/www.eldiario.net\\\/portal\\\/wp-content\\\/uploads\\\/2024\\\/09\\\/CUARTEL.jpg\",\"contentUrl\":\"https:\\\/\\\/www.eldiario.net\\\/portal\\\/wp-content\\\/uploads\\\/2024\\\/09\\\/CUARTEL.jpg\",\"width\":992,\"height\":661,\"caption\":\"Israel atac\u00f3 los cuarteles centrales del grupo terrorista Hezbollah en Beirut. CREDITO: Reuters\"},{\"@type\":\"BreadcrumbList\",\"@id\":\"https:\\\/\\\/www.eldiario.net\\\/portal\\\/2024\\\/09\\\/28\\\/israel-bombardea-cuarteles-generales-de-grupo-hezbola\\\/#breadcrumb\",\"itemListElement\":[{\"@type\":\"ListItem\",\"position\":1,\"name\":\"Portada\",\"item\":\"https:\\\/\\\/www.eldiario.net\\\/portal\\\/\"},{\"@type\":\"ListItem\",\"position\":2,\"name\":\"Israel bombardea cuarteles generales de grupo Hezbol\u00e1\"}]},{\"@type\":\"WebSite\",\"@id\":\"https:\\\/\\\/www.eldiario.net\\\/portal\\\/#website\",\"url\":\"https:\\\/\\\/www.eldiario.net\\\/portal\\\/\",\"name\":\"El Diario - Decano de la prensa nacional\",\"description\":\"El Diario - Decano de la prensa nacional\",\"publisher\":{\"@id\":\"https:\\\/\\\/www.eldiario.net\\\/portal\\\/#organization\"},\"potentialAction\":[{\"@type\":\"SearchAction\",\"target\":{\"@type\":\"EntryPoint\",\"urlTemplate\":\"https:\\\/\\\/www.eldiario.net\\\/portal\\\/?s={search_term_string}\"},\"query-input\":{\"@type\":\"PropertyValueSpecification\",\"valueRequired\":true,\"valueName\":\"search_term_string\"}}],\"inLanguage\":\"es\"},{\"@type\":\"Organization\",\"@id\":\"https:\\\/\\\/www.eldiario.net\\\/portal\\\/#organization\",\"name\":\"El Diario - Decano de la prensa nacional\",\"url\":\"https:\\\/\\\/www.eldiario.net\\\/portal\\\/\",\"logo\":{\"@type\":\"ImageObject\",\"inLanguage\":\"es\",\"@id\":\"https:\\\/\\\/www.eldiario.net\\\/portal\\\/#\\\/schema\\\/logo\\\/image\\\/\",\"url\":\"https:\\\/\\\/www.eldiario.net\\\/portal\\\/wp-content\\\/uploads\\\/2023\\\/07\\\/logo_ED.jpg\",\"contentUrl\":\"https:\\\/\\\/www.eldiario.net\\\/portal\\\/wp-content\\\/uploads\\\/2023\\\/07\\\/logo_ED.jpg\",\"width\":272,\"height\":52,\"caption\":\"El Diario - Decano de la prensa nacional\"},\"image\":{\"@id\":\"https:\\\/\\\/www.eldiario.net\\\/portal\\\/#\\\/schema\\\/logo\\\/image\\\/\"},\"sameAs\":[\"https:\\\/\\\/www.facebook.com\\\/eldiario.bolivia\\\/\",\"https:\\\/\\\/x.com\\\/eldiario_net\"]},{\"@type\":\"Person\",\"@id\":\"https:\\\/\\\/www.eldiario.net\\\/portal\\\/#\\\/schema\\\/person\\\/f46445640444750d7d753ccd04ae01b7\",\"name\":\"Jeanette\",\"image\":{\"@type\":\"ImageObject\",\"inLanguage\":\"es\",\"@id\":\"https:\\\/\\\/secure.gravatar.com\\\/avatar\\\/3ea2118a5f7dad2b7138b1187a6b7ee55f160b9968b66013c3a3ef39dd7e5798?s=96&d=mm&r=g\",\"url\":\"https:\\\/\\\/secure.gravatar.com\\\/avatar\\\/3ea2118a5f7dad2b7138b1187a6b7ee55f160b9968b66013c3a3ef39dd7e5798?s=96&d=mm&r=g\",\"contentUrl\":\"https:\\\/\\\/secure.gravatar.com\\\/avatar\\\/3ea2118a5f7dad2b7138b1187a6b7ee55f160b9968b66013c3a3ef39dd7e5798?s=96&d=mm&r=g\",\"caption\":\"Jeanette\"},\"sameAs\":[\"https:\\\/\\\/www.eldiario.net\\\/portal\"],\"url\":\"https:\\\/\\\/www.eldiario.net\\\/portal\\\/author\\\/jeanette\\\/\"}]}<\/script>\n<!-- \/ Yoast SEO plugin. -->","yoast_head_json":{"title":"Israel bombardea cuarteles generales de grupo Hezbol\u00e1 - El Diario - Bolivia","robots":{"index":"index","follow":"follow","max-snippet":"max-snippet:-1","max-image-preview":"max-image-preview:large","max-video-preview":"max-video-preview:-1"},"canonical":"https:\/\/www.eldiario.net\/portal\/2024\/09\/28\/israel-bombardea-cuarteles-generales-de-grupo-hezbola\/","og_locale":"es_ES","og_type":"article","og_title":"Israel bombardea cuarteles generales de grupo Hezbol\u00e1 - El Diario - Bolivia","og_description":"El ej\u00e9rcito israel\u00ed afirma haber atacado los cuarteles generales de Hezbol\u00e1 en Beirut. La serie de explosiones de ayer, es la m\u00e1s potente registrada en la capital libanesa en el \u00faltimo a\u00f1o. El blanco de la operaci\u00f3n fue la sede central de Hezbollah, ubicada en el barrio de Dahiya. Israel investiga si el jefe del [&hellip;]","og_url":"https:\/\/www.eldiario.net\/portal\/2024\/09\/28\/israel-bombardea-cuarteles-generales-de-grupo-hezbola\/","og_site_name":"El Diario - Bolivia","article_publisher":"https:\/\/www.facebook.com\/eldiario.bolivia\/","article_published_time":"2024-09-28T11:06:05+00:00","og_image":[{"width":992,"height":661,"url":"https:\/\/www.eldiario.net\/portal\/wp-content\/uploads\/2024\/09\/CUARTEL.jpg","type":"image\/jpeg"}],"author":"Jeanette","twitter_card":"summary_large_image","twitter_creator":"@eldiario_net","twitter_site":"@eldiario_net","twitter_misc":{"Escrito por":"Jeanette","Tiempo de lectura":"4 minutos"},"schema":{"@context":"https:\/\/schema.org","@graph":[{"@type":"Article","@id":"https:\/\/www.eldiario.net\/portal\/2024\/09\/28\/israel-bombardea-cuarteles-generales-de-grupo-hezbola\/#article","isPartOf":{"@id":"https:\/\/www.eldiario.net\/portal\/2024\/09\/28\/israel-bombardea-cuarteles-generales-de-grupo-hezbola\/"},"author":{"name":"Jeanette","@id":"https:\/\/www.eldiario.net\/portal\/#\/schema\/person\/f46445640444750d7d753ccd04ae01b7"},"headline":"Israel bombardea cuarteles generales de grupo Hezbol\u00e1","datePublished":"2024-09-28T11:06:05+00:00","mainEntityOfPage":{"@id":"https:\/\/www.eldiario.net\/portal\/2024\/09\/28\/israel-bombardea-cuarteles-generales-de-grupo-hezbola\/"},"wordCount":828,"commentCount":0,"publisher":{"@id":"https:\/\/www.eldiario.net\/portal\/#organization"},"image":{"@id":"https:\/\/www.eldiario.net\/portal\/2024\/09\/28\/israel-bombardea-cuarteles-generales-de-grupo-hezbola\/#primaryimage"},"thumbnailUrl":"https:\/\/www.eldiario.net\/portal\/wp-content\/uploads\/2024\/09\/CUARTEL.jpg","articleSection":["Internacional"],"inLanguage":"es","potentialAction":[{"@type":"CommentAction","name":"Comment","target":["https:\/\/www.eldiario.net\/portal\/2024\/09\/28\/israel-bombardea-cuarteles-generales-de-grupo-hezbola\/#respond"]}]},{"@type":"WebPage","@id":"https:\/\/www.eldiario.net\/portal\/2024\/09\/28\/israel-bombardea-cuarteles-generales-de-grupo-hezbola\/","url":"https:\/\/www.eldiario.net\/portal\/2024\/09\/28\/israel-bombardea-cuarteles-generales-de-grupo-hezbola\/","name":"Israel bombardea cuarteles generales de grupo Hezbol\u00e1 - El Diario - Bolivia","isPartOf":{"@id":"https:\/\/www.eldiario.net\/portal\/#website"},"primaryImageOfPage":{"@id":"https:\/\/www.eldiario.net\/portal\/2024\/09\/28\/israel-bombardea-cuarteles-generales-de-grupo-hezbola\/#primaryimage"},"image":{"@id":"https:\/\/www.eldiario.net\/portal\/2024\/09\/28\/israel-bombardea-cuarteles-generales-de-grupo-hezbola\/#primaryimage"},"thumbnailUrl":"https:\/\/www.eldiario.net\/portal\/wp-content\/uploads\/2024\/09\/CUARTEL.jpg","datePublished":"2024-09-28T11:06:05+00:00","breadcrumb":{"@id":"https:\/\/www.eldiario.net\/portal\/2024\/09\/28\/israel-bombardea-cuarteles-generales-de-grupo-hezbola\/#breadcrumb"},"inLanguage":"es","potentialAction":[{"@type":"ReadAction","target":["https:\/\/www.eldiario.net\/portal\/2024\/09\/28\/israel-bombardea-cuarteles-generales-de-grupo-hezbola\/"]}]},{"@type":"ImageObject","inLanguage":"es","@id":"https:\/\/www.eldiario.net\/portal\/2024\/09\/28\/israel-bombardea-cuarteles-generales-de-grupo-hezbola\/#primaryimage","url":"https:\/\/www.eldiario.net\/portal\/wp-content\/uploads\/2024\/09\/CUARTEL.jpg","contentUrl":"https:\/\/www.eldiario.net\/portal\/wp-content\/uploads\/2024\/09\/CUARTEL.jpg","width":992,"height":661,"caption":"Israel atac\u00f3 los cuarteles centrales del grupo terrorista Hezbollah en Beirut. CREDITO: Reuters"},{"@type":"BreadcrumbList","@id":"https:\/\/www.eldiario.net\/portal\/2024\/09\/28\/israel-bombardea-cuarteles-generales-de-grupo-hezbola\/#breadcrumb","itemListElement":[{"@type":"ListItem","position":1,"name":"Portada","item":"https:\/\/www.eldiario.net\/portal\/"},{"@type":"ListItem","position":2,"name":"Israel bombardea cuarteles generales de grupo Hezbol\u00e1"}]},{"@type":"WebSite","@id":"https:\/\/www.eldiario.net\/portal\/#website","url":"https:\/\/www.eldiario.net\/portal\/","name":"El Diario - Decano de la prensa nacional","description":"El Diario - Decano de la prensa nacional","publisher":{"@id":"https:\/\/www.eldiario.net\/portal\/#organization"},"potentialAction":[{"@type":"SearchAction","target":{"@type":"EntryPoint","urlTemplate":"https:\/\/www.eldiario.net\/portal\/?s={search_term_string}"},"query-input":{"@type":"PropertyValueSpecification","valueRequired":true,"valueName":"search_term_string"}}],"inLanguage":"es"},{"@type":"Organization","@id":"https:\/\/www.eldiario.net\/portal\/#organization","name":"El Diario - Decano de la prensa nacional","url":"https:\/\/www.eldiario.net\/portal\/","logo":{"@type":"ImageObject","inLanguage":"es","@id":"https:\/\/www.eldiario.net\/portal\/#\/schema\/logo\/image\/","url":"https:\/\/www.eldiario.net\/portal\/wp-content\/uploads\/2023\/07\/logo_ED.jpg","contentUrl":"https:\/\/www.eldiario.net\/portal\/wp-content\/uploads\/2023\/07\/logo_ED.jpg","width":272,"height":52,"caption":"El Diario - Decano de la prensa nacional"},"image":{"@id":"https:\/\/www.eldiario.net\/portal\/#\/schema\/logo\/image\/"},"sameAs":["https:\/\/www.facebook.com\/eldiario.bolivia\/","https:\/\/x.com\/eldiario_net"]},{"@type":"Person","@id":"https:\/\/www.eldiario.net\/portal\/#\/schema\/person\/f46445640444750d7d753ccd04ae01b7","name":"Jeanette","image":{"@type":"ImageObject","inLanguage":"es","@id":"https:\/\/secure.gravatar.com\/avatar\/3ea2118a5f7dad2b7138b1187a6b7ee55f160b9968b66013c3a3ef39dd7e5798?s=96&d=mm&r=g","url":"https:\/\/secure.gravatar.com\/avatar\/3ea2118a5f7dad2b7138b1187a6b7ee55f160b9968b66013c3a3ef39dd7e5798?s=96&d=mm&r=g","contentUrl":"https:\/\/secure.gravatar.com\/avatar\/3ea2118a5f7dad2b7138b1187a6b7ee55f160b9968b66013c3a3ef39dd7e5798?s=96&d=mm&r=g","caption":"Jeanette"},"sameAs":["https:\/\/www.eldiario.net\/portal"],"url":"https:\/\/www.eldiario.net\/portal\/author\/jeanette\/"}]}},"_links":{"self":[{"href":"https:\/\/www.eldiario.net\/portal\/wp-json\/wp\/v2\/posts\/250479","targetHints":{"allow":["GET"]}}],"collection":[{"href":"https:\/\/www.eldiario.net\/portal\/wp-json\/wp\/v2\/posts"}],"about":[{"href":"https:\/\/www.eldiario.net\/portal\/wp-json\/wp\/v2\/types\/post"}],"author":[{"embeddable":true,"href":"https:\/\/www.eldiario.net\/portal\/wp-json\/wp\/v2\/users\/1"}],"replies":[{"embeddable":true,"href":"https:\/\/www.eldiario.net\/portal\/wp-json\/wp\/v2\/comments?post=250479"}],"version-history":[{"count":1,"href":"https:\/\/www.eldiario.net\/portal\/wp-json\/wp\/v2\/posts\/250479\/revisions"}],"predecessor-version":[{"id":250481,"href":"https:\/\/www.eldiario.net\/portal\/wp-json\/wp\/v2\/posts\/250479\/revisions\/250481"}],"wp:featuredmedia":[{"embeddable":true,"href":"https:\/\/www.eldiario.net\/portal\/wp-json\/wp\/v2\/media\/250480"}],"wp:attachment":[{"href":"https:\/\/www.eldiario.net\/portal\/wp-json\/wp\/v2\/media?parent=250479"}],"wp:term":[{"taxonomy":"category","embeddable":true,"href":"https:\/\/www.eldiario.net\/portal\/wp-json\/wp\/v2\/categories?post=250479"},{"taxonomy":"post_tag","embeddable":true,"href":"https:\/\/www.eldiario.net\/portal\/wp-json\/wp\/v2\/tags?post=250479"}],"curies":[{"name":"wp","href":"https:\/\/api.w.org\/{rel}","templated":true}]}}