{"id":250472,"date":"2024-09-28T07:04:35","date_gmt":"2024-09-28T11:04:35","guid":{"rendered":"https:\/\/www.eldiario.net\/portal\/?p=250472"},"modified":"2024-09-28T07:04:35","modified_gmt":"2024-09-28T11:04:35","slug":"un-fallecido-y-dos-heridos-son-el-saldo-de-dos-choques-en-ruta-a-desaguadero","status":"publish","type":"post","link":"https:\/\/www.eldiario.net\/portal\/2024\/09\/28\/un-fallecido-y-dos-heridos-son-el-saldo-de-dos-choques-en-ruta-a-desaguadero\/","title":{"rendered":"Un fallecido y dos heridos son el saldo de dos choques en ruta a Desaguadero"},"content":{"rendered":"<p>Dos siniestros registrados en diferentes puntos de la carretera La Paz-Desaguadero, en proximidades de Cayamani y Tiahuanacu, dejaron un saldo de una persona fallecida y dos heridos, hechos ocurridos presumiblemente por invasi\u00f3n de carril y conducci\u00f3n en estado de ebriedad.<br \/>\nEl primer hecho ocurri\u00f3 el jueves a las 20:30 horas en la comunidad Cayamani, cercana al municipio de Tiahuanacu, provincia Ingavi, donde un autom\u00f3vil gris marca Suzuki con placa 3054 LSS protagoniz\u00f3 una colisi\u00f3n frontal contra un tractocami\u00f3n blanco marca Volvo, el cual luego sufri\u00f3 un vuelco lateral y encunetamiento, quedando en medio de la v\u00eda con serios da\u00f1os materiales.<br \/>\nComo consecuencia de este hecho, el conductor del autom\u00f3vil, Dixon Mart\u00ednez Huanca, y una mujer de aproximadamente 35 a\u00f1os resultaron heridos y fueron atendidos de emergencia en la Cl\u00ednica del Norte de la ciudad de El Alto, inform\u00f3 el jefe de la Unidad de Tr\u00e1nsito de La Paz, coronel Marco C\u00e9spedes.<br \/>\nLa Polic\u00eda presume que uno de los conductores invadi\u00f3 carril, ocasionando el lamentable desenlace. Las investigaciones en curso buscan determinar si el conductor del veh\u00edculo pesado estaba acompa\u00f1ado o viajaba solo, toda vez que fue encontrado sin acompa\u00f1antes al momento de la intervenci\u00f3n, refleja una nota de Unitel.<br \/>\nEl segundo caso ocurri\u00f3 alrededor de las 20:40 en la misma carretera, poco antes de llegar al cruce de Tiahuanacu, cerca de la comunidad Huancollo, donde los transportistas reportaron una colisi\u00f3n frontal con un veh\u00edculo pesado y la presencia de una persona fallecida.<br \/>\nDe acuerdo con el reporte policial, otro tractocami\u00f3n de marca Volvo impact\u00f3 contra un autom\u00f3vil blanco marca Toyota con matr\u00edcula 3447 FFG, provocando la muerte del segundo conductor, identificado como Eloy Alain Mamani Apaza, de 29 a\u00f1os de edad.<br \/>\nLuego de varias horas de trabajo, los veh\u00edculos involucrados en estos incidentes fueron remolcados hasta dependencias policiales. Ambos hechos fueron reportados por transportistas que circulaban por la v\u00eda y ahora son investigados por Divisi\u00f3n de Investigaci\u00f3n de Accidentes de la Unidad de Tr\u00e1nsito de El Alto, agreg\u00f3 C\u00e9spedes.<\/p>\n<figure id=\"attachment_250474\" aria-describedby=\"caption-attachment-250474\" style=\"width: 800px\" class=\"wp-caption alignleft\"><img loading=\"lazy\" decoding=\"async\" class=\"size-full wp-image-250474\" src=\"https:\/\/www.eldiario.net\/portal\/wp-content\/uploads\/2024\/09\/28-ACC-2.jpg\" alt=\"\" width=\"800\" height=\"450\" srcset=\"https:\/\/www.eldiario.net\/portal\/wp-content\/uploads\/2024\/09\/28-ACC-2.jpg 800w, https:\/\/www.eldiario.net\/portal\/wp-content\/uploads\/2024\/09\/28-ACC-2-300x169.jpg 300w, https:\/\/www.eldiario.net\/portal\/wp-content\/uploads\/2024\/09\/28-ACC-2-768x432.jpg 768w, https:\/\/www.eldiario.net\/portal\/wp-content\/uploads\/2024\/09\/28-ACC-2-747x420.jpg 747w, https:\/\/www.eldiario.net\/portal\/wp-content\/uploads\/2024\/09\/28-ACC-2-696x392.jpg 696w\" sizes=\"auto, (max-width: 800px) 100vw, 800px\" \/><figcaption id=\"caption-attachment-250474\" class=\"wp-caption-text\">El cami\u00f3n que protagoniz\u00f3 uno de los siniestros.<\/figcaption><\/figure>\n","protected":false},"excerpt":{"rendered":"<p>Dos siniestros registrados en diferentes puntos de la carretera La Paz-Desaguadero, en proximidades de Cayamani y Tiahuanacu, dejaron un saldo de una persona fallecida y dos heridos, hechos ocurridos presumiblemente por invasi\u00f3n de carril y conducci\u00f3n en estado de ebriedad. El primer hecho ocurri\u00f3 el jueves a las 20:30 horas en la comunidad Cayamani, cercana [&hellip;]<\/p>\n","protected":false},"author":1,"featured_media":250473,"comment_status":"open","ping_status":"open","sticky":false,"template":"","format":"standard","meta":{"_acf_changed":false,"footnotes":""},"categories":[39],"tags":[],"class_list":["post-250472","post","type-post","status-publish","format-standard","has-post-thumbnail","category-sociedad"],"acf":{"antetitulo":""},"yoast_head":"<!-- This site is optimized with the Yoast SEO plugin v28.3 - https:\/\/yoast.com\/product\/yoast-seo-wordpress\/ -->\n<title>Un fallecido y dos heridos son el saldo de dos choques en ruta a Desaguadero - El Diario - Bolivia<\/title>\n<meta name=\"robots\" content=\"index, follow, max-snippet:-1, max-image-preview:large, max-video-preview:-1\" \/>\n<link rel=\"canonical\" href=\"https:\/\/www.eldiario.net\/portal\/2024\/09\/28\/un-fallecido-y-dos-heridos-son-el-saldo-de-dos-choques-en-ruta-a-desaguadero\/\" \/>\n<meta property=\"og:locale\" content=\"es_ES\" \/>\n<meta property=\"og:type\" content=\"article\" \/>\n<meta property=\"og:title\" content=\"Un fallecido y dos heridos son el saldo de dos choques en ruta a Desaguadero - El Diario - Bolivia\" \/>\n<meta property=\"og:description\" content=\"Dos siniestros registrados en diferentes puntos de la carretera La Paz-Desaguadero, en proximidades de Cayamani y Tiahuanacu, dejaron un saldo de una persona fallecida y dos heridos, hechos ocurridos presumiblemente por invasi\u00f3n de carril y conducci\u00f3n en estado de ebriedad. El primer hecho ocurri\u00f3 el jueves a las 20:30 horas en la comunidad Cayamani, cercana [&hellip;]\" \/>\n<meta property=\"og:url\" content=\"https:\/\/www.eldiario.net\/portal\/2024\/09\/28\/un-fallecido-y-dos-heridos-son-el-saldo-de-dos-choques-en-ruta-a-desaguadero\/\" \/>\n<meta property=\"og:site_name\" content=\"El Diario - Bolivia\" \/>\n<meta property=\"article:publisher\" content=\"https:\/\/www.facebook.com\/eldiario.bolivia\/\" \/>\n<meta property=\"article:published_time\" content=\"2024-09-28T11:04:35+00:00\" \/>\n<meta property=\"og:image\" content=\"https:\/\/www.eldiario.net\/portal\/wp-content\/uploads\/2024\/09\/28-ACC-1.jpg\" \/>\n\t<meta property=\"og:image:width\" content=\"764\" \/>\n\t<meta property=\"og:image:height\" content=\"430\" \/>\n\t<meta property=\"og:image:type\" content=\"image\/jpeg\" \/>\n<meta name=\"author\" content=\"Jeanette\" \/>\n<meta name=\"twitter:card\" content=\"summary_large_image\" \/>\n<meta name=\"twitter:creator\" content=\"@eldiario_net\" \/>\n<meta name=\"twitter:site\" content=\"@eldiario_net\" \/>\n<meta name=\"twitter:label1\" content=\"Escrito por\" \/>\n\t<meta name=\"twitter:data1\" content=\"Jeanette\" \/>\n\t<meta name=\"twitter:label2\" content=\"Tiempo de lectura\" \/>\n\t<meta name=\"twitter:data2\" content=\"2 minutos\" \/>\n<script type=\"application\/ld+json\" class=\"yoast-schema-graph\">{\"@context\":\"https:\\\/\\\/schema.org\",\"@graph\":[{\"@type\":\"Article\",\"@id\":\"https:\\\/\\\/www.eldiario.net\\\/portal\\\/2024\\\/09\\\/28\\\/un-fallecido-y-dos-heridos-son-el-saldo-de-dos-choques-en-ruta-a-desaguadero\\\/#article\",\"isPartOf\":{\"@id\":\"https:\\\/\\\/www.eldiario.net\\\/portal\\\/2024\\\/09\\\/28\\\/un-fallecido-y-dos-heridos-son-el-saldo-de-dos-choques-en-ruta-a-desaguadero\\\/\"},\"author\":{\"name\":\"Jeanette\",\"@id\":\"https:\\\/\\\/www.eldiario.net\\\/portal\\\/#\\\/schema\\\/person\\\/f46445640444750d7d753ccd04ae01b7\"},\"headline\":\"Un fallecido y dos heridos son el saldo de dos choques en ruta a Desaguadero\",\"datePublished\":\"2024-09-28T11:04:35+00:00\",\"mainEntityOfPage\":{\"@id\":\"https:\\\/\\\/www.eldiario.net\\\/portal\\\/2024\\\/09\\\/28\\\/un-fallecido-y-dos-heridos-son-el-saldo-de-dos-choques-en-ruta-a-desaguadero\\\/\"},\"wordCount\":384,\"commentCount\":0,\"publisher\":{\"@id\":\"https:\\\/\\\/www.eldiario.net\\\/portal\\\/#organization\"},\"image\":{\"@id\":\"https:\\\/\\\/www.eldiario.net\\\/portal\\\/2024\\\/09\\\/28\\\/un-fallecido-y-dos-heridos-son-el-saldo-de-dos-choques-en-ruta-a-desaguadero\\\/#primaryimage\"},\"thumbnailUrl\":\"https:\\\/\\\/www.eldiario.net\\\/portal\\\/wp-content\\\/uploads\\\/2024\\\/09\\\/28-ACC-1.jpg\",\"articleSection\":[\"Sociedad - Seguridad\"],\"inLanguage\":\"es\",\"potentialAction\":[{\"@type\":\"CommentAction\",\"name\":\"Comment\",\"target\":[\"https:\\\/\\\/www.eldiario.net\\\/portal\\\/2024\\\/09\\\/28\\\/un-fallecido-y-dos-heridos-son-el-saldo-de-dos-choques-en-ruta-a-desaguadero\\\/#respond\"]}]},{\"@type\":\"WebPage\",\"@id\":\"https:\\\/\\\/www.eldiario.net\\\/portal\\\/2024\\\/09\\\/28\\\/un-fallecido-y-dos-heridos-son-el-saldo-de-dos-choques-en-ruta-a-desaguadero\\\/\",\"url\":\"https:\\\/\\\/www.eldiario.net\\\/portal\\\/2024\\\/09\\\/28\\\/un-fallecido-y-dos-heridos-son-el-saldo-de-dos-choques-en-ruta-a-desaguadero\\\/\",\"name\":\"Un fallecido y dos heridos son el saldo de dos choques en ruta a Desaguadero - El Diario - Bolivia\",\"isPartOf\":{\"@id\":\"https:\\\/\\\/www.eldiario.net\\\/portal\\\/#website\"},\"primaryImageOfPage\":{\"@id\":\"https:\\\/\\\/www.eldiario.net\\\/portal\\\/2024\\\/09\\\/28\\\/un-fallecido-y-dos-heridos-son-el-saldo-de-dos-choques-en-ruta-a-desaguadero\\\/#primaryimage\"},\"image\":{\"@id\":\"https:\\\/\\\/www.eldiario.net\\\/portal\\\/2024\\\/09\\\/28\\\/un-fallecido-y-dos-heridos-son-el-saldo-de-dos-choques-en-ruta-a-desaguadero\\\/#primaryimage\"},\"thumbnailUrl\":\"https:\\\/\\\/www.eldiario.net\\\/portal\\\/wp-content\\\/uploads\\\/2024\\\/09\\\/28-ACC-1.jpg\",\"datePublished\":\"2024-09-28T11:04:35+00:00\",\"breadcrumb\":{\"@id\":\"https:\\\/\\\/www.eldiario.net\\\/portal\\\/2024\\\/09\\\/28\\\/un-fallecido-y-dos-heridos-son-el-saldo-de-dos-choques-en-ruta-a-desaguadero\\\/#breadcrumb\"},\"inLanguage\":\"es\",\"potentialAction\":[{\"@type\":\"ReadAction\",\"target\":[\"https:\\\/\\\/www.eldiario.net\\\/portal\\\/2024\\\/09\\\/28\\\/un-fallecido-y-dos-heridos-son-el-saldo-de-dos-choques-en-ruta-a-desaguadero\\\/\"]}]},{\"@type\":\"ImageObject\",\"inLanguage\":\"es\",\"@id\":\"https:\\\/\\\/www.eldiario.net\\\/portal\\\/2024\\\/09\\\/28\\\/un-fallecido-y-dos-heridos-son-el-saldo-de-dos-choques-en-ruta-a-desaguadero\\\/#primaryimage\",\"url\":\"https:\\\/\\\/www.eldiario.net\\\/portal\\\/wp-content\\\/uploads\\\/2024\\\/09\\\/28-ACC-1.jpg\",\"contentUrl\":\"https:\\\/\\\/www.eldiario.net\\\/portal\\\/wp-content\\\/uploads\\\/2024\\\/09\\\/28-ACC-1.jpg\",\"width\":764,\"height\":430,\"caption\":\"Uno de los veh\u00edculos qued\u00f3 destruido tras el impacto.\"},{\"@type\":\"BreadcrumbList\",\"@id\":\"https:\\\/\\\/www.eldiario.net\\\/portal\\\/2024\\\/09\\\/28\\\/un-fallecido-y-dos-heridos-son-el-saldo-de-dos-choques-en-ruta-a-desaguadero\\\/#breadcrumb\",\"itemListElement\":[{\"@type\":\"ListItem\",\"position\":1,\"name\":\"Portada\",\"item\":\"https:\\\/\\\/www.eldiario.net\\\/portal\\\/\"},{\"@type\":\"ListItem\",\"position\":2,\"name\":\"Un fallecido y dos heridos son el saldo de dos choques en ruta a Desaguadero\"}]},{\"@type\":\"WebSite\",\"@id\":\"https:\\\/\\\/www.eldiario.net\\\/portal\\\/#website\",\"url\":\"https:\\\/\\\/www.eldiario.net\\\/portal\\\/\",\"name\":\"El Diario - Decano de la prensa nacional\",\"description\":\"El Diario - Decano de la prensa nacional\",\"publisher\":{\"@id\":\"https:\\\/\\\/www.eldiario.net\\\/portal\\\/#organization\"},\"potentialAction\":[{\"@type\":\"SearchAction\",\"target\":{\"@type\":\"EntryPoint\",\"urlTemplate\":\"https:\\\/\\\/www.eldiario.net\\\/portal\\\/?s={search_term_string}\"},\"query-input\":{\"@type\":\"PropertyValueSpecification\",\"valueRequired\":true,\"valueName\":\"search_term_string\"}}],\"inLanguage\":\"es\"},{\"@type\":\"Organization\",\"@id\":\"https:\\\/\\\/www.eldiario.net\\\/portal\\\/#organization\",\"name\":\"El Diario - Decano de la prensa nacional\",\"url\":\"https:\\\/\\\/www.eldiario.net\\\/portal\\\/\",\"logo\":{\"@type\":\"ImageObject\",\"inLanguage\":\"es\",\"@id\":\"https:\\\/\\\/www.eldiario.net\\\/portal\\\/#\\\/schema\\\/logo\\\/image\\\/\",\"url\":\"https:\\\/\\\/www.eldiario.net\\\/portal\\\/wp-content\\\/uploads\\\/2023\\\/07\\\/logo_ED.jpg\",\"contentUrl\":\"https:\\\/\\\/www.eldiario.net\\\/portal\\\/wp-content\\\/uploads\\\/2023\\\/07\\\/logo_ED.jpg\",\"width\":272,\"height\":52,\"caption\":\"El Diario - Decano de la prensa nacional\"},\"image\":{\"@id\":\"https:\\\/\\\/www.eldiario.net\\\/portal\\\/#\\\/schema\\\/logo\\\/image\\\/\"},\"sameAs\":[\"https:\\\/\\\/www.facebook.com\\\/eldiario.bolivia\\\/\",\"https:\\\/\\\/x.com\\\/eldiario_net\"]},{\"@type\":\"Person\",\"@id\":\"https:\\\/\\\/www.eldiario.net\\\/portal\\\/#\\\/schema\\\/person\\\/f46445640444750d7d753ccd04ae01b7\",\"name\":\"Jeanette\",\"image\":{\"@type\":\"ImageObject\",\"inLanguage\":\"es\",\"@id\":\"https:\\\/\\\/secure.gravatar.com\\\/avatar\\\/3ea2118a5f7dad2b7138b1187a6b7ee55f160b9968b66013c3a3ef39dd7e5798?s=96&d=mm&r=g\",\"url\":\"https:\\\/\\\/secure.gravatar.com\\\/avatar\\\/3ea2118a5f7dad2b7138b1187a6b7ee55f160b9968b66013c3a3ef39dd7e5798?s=96&d=mm&r=g\",\"contentUrl\":\"https:\\\/\\\/secure.gravatar.com\\\/avatar\\\/3ea2118a5f7dad2b7138b1187a6b7ee55f160b9968b66013c3a3ef39dd7e5798?s=96&d=mm&r=g\",\"caption\":\"Jeanette\"},\"sameAs\":[\"https:\\\/\\\/www.eldiario.net\\\/portal\"],\"url\":\"https:\\\/\\\/www.eldiario.net\\\/portal\\\/author\\\/jeanette\\\/\"}]}<\/script>\n<!-- \/ Yoast SEO plugin. -->","yoast_head_json":{"title":"Un fallecido y dos heridos son el saldo de dos choques en ruta a Desaguadero - El Diario - Bolivia","robots":{"index":"index","follow":"follow","max-snippet":"max-snippet:-1","max-image-preview":"max-image-preview:large","max-video-preview":"max-video-preview:-1"},"canonical":"https:\/\/www.eldiario.net\/portal\/2024\/09\/28\/un-fallecido-y-dos-heridos-son-el-saldo-de-dos-choques-en-ruta-a-desaguadero\/","og_locale":"es_ES","og_type":"article","og_title":"Un fallecido y dos heridos son el saldo de dos choques en ruta a Desaguadero - El Diario - Bolivia","og_description":"Dos siniestros registrados en diferentes puntos de la carretera La Paz-Desaguadero, en proximidades de Cayamani y Tiahuanacu, dejaron un saldo de una persona fallecida y dos heridos, hechos ocurridos presumiblemente por invasi\u00f3n de carril y conducci\u00f3n en estado de ebriedad. El primer hecho ocurri\u00f3 el jueves a las 20:30 horas en la comunidad Cayamani, cercana [&hellip;]","og_url":"https:\/\/www.eldiario.net\/portal\/2024\/09\/28\/un-fallecido-y-dos-heridos-son-el-saldo-de-dos-choques-en-ruta-a-desaguadero\/","og_site_name":"El Diario - Bolivia","article_publisher":"https:\/\/www.facebook.com\/eldiario.bolivia\/","article_published_time":"2024-09-28T11:04:35+00:00","og_image":[{"width":764,"height":430,"url":"https:\/\/www.eldiario.net\/portal\/wp-content\/uploads\/2024\/09\/28-ACC-1.jpg","type":"image\/jpeg"}],"author":"Jeanette","twitter_card":"summary_large_image","twitter_creator":"@eldiario_net","twitter_site":"@eldiario_net","twitter_misc":{"Escrito por":"Jeanette","Tiempo de lectura":"2 minutos"},"schema":{"@context":"https:\/\/schema.org","@graph":[{"@type":"Article","@id":"https:\/\/www.eldiario.net\/portal\/2024\/09\/28\/un-fallecido-y-dos-heridos-son-el-saldo-de-dos-choques-en-ruta-a-desaguadero\/#article","isPartOf":{"@id":"https:\/\/www.eldiario.net\/portal\/2024\/09\/28\/un-fallecido-y-dos-heridos-son-el-saldo-de-dos-choques-en-ruta-a-desaguadero\/"},"author":{"name":"Jeanette","@id":"https:\/\/www.eldiario.net\/portal\/#\/schema\/person\/f46445640444750d7d753ccd04ae01b7"},"headline":"Un fallecido y dos heridos son el saldo de dos choques en ruta a Desaguadero","datePublished":"2024-09-28T11:04:35+00:00","mainEntityOfPage":{"@id":"https:\/\/www.eldiario.net\/portal\/2024\/09\/28\/un-fallecido-y-dos-heridos-son-el-saldo-de-dos-choques-en-ruta-a-desaguadero\/"},"wordCount":384,"commentCount":0,"publisher":{"@id":"https:\/\/www.eldiario.net\/portal\/#organization"},"image":{"@id":"https:\/\/www.eldiario.net\/portal\/2024\/09\/28\/un-fallecido-y-dos-heridos-son-el-saldo-de-dos-choques-en-ruta-a-desaguadero\/#primaryimage"},"thumbnailUrl":"https:\/\/www.eldiario.net\/portal\/wp-content\/uploads\/2024\/09\/28-ACC-1.jpg","articleSection":["Sociedad - Seguridad"],"inLanguage":"es","potentialAction":[{"@type":"CommentAction","name":"Comment","target":["https:\/\/www.eldiario.net\/portal\/2024\/09\/28\/un-fallecido-y-dos-heridos-son-el-saldo-de-dos-choques-en-ruta-a-desaguadero\/#respond"]}]},{"@type":"WebPage","@id":"https:\/\/www.eldiario.net\/portal\/2024\/09\/28\/un-fallecido-y-dos-heridos-son-el-saldo-de-dos-choques-en-ruta-a-desaguadero\/","url":"https:\/\/www.eldiario.net\/portal\/2024\/09\/28\/un-fallecido-y-dos-heridos-son-el-saldo-de-dos-choques-en-ruta-a-desaguadero\/","name":"Un fallecido y dos heridos son el saldo de dos choques en ruta a Desaguadero - El Diario - Bolivia","isPartOf":{"@id":"https:\/\/www.eldiario.net\/portal\/#website"},"primaryImageOfPage":{"@id":"https:\/\/www.eldiario.net\/portal\/2024\/09\/28\/un-fallecido-y-dos-heridos-son-el-saldo-de-dos-choques-en-ruta-a-desaguadero\/#primaryimage"},"image":{"@id":"https:\/\/www.eldiario.net\/portal\/2024\/09\/28\/un-fallecido-y-dos-heridos-son-el-saldo-de-dos-choques-en-ruta-a-desaguadero\/#primaryimage"},"thumbnailUrl":"https:\/\/www.eldiario.net\/portal\/wp-content\/uploads\/2024\/09\/28-ACC-1.jpg","datePublished":"2024-09-28T11:04:35+00:00","breadcrumb":{"@id":"https:\/\/www.eldiario.net\/portal\/2024\/09\/28\/un-fallecido-y-dos-heridos-son-el-saldo-de-dos-choques-en-ruta-a-desaguadero\/#breadcrumb"},"inLanguage":"es","potentialAction":[{"@type":"ReadAction","target":["https:\/\/www.eldiario.net\/portal\/2024\/09\/28\/un-fallecido-y-dos-heridos-son-el-saldo-de-dos-choques-en-ruta-a-desaguadero\/"]}]},{"@type":"ImageObject","inLanguage":"es","@id":"https:\/\/www.eldiario.net\/portal\/2024\/09\/28\/un-fallecido-y-dos-heridos-son-el-saldo-de-dos-choques-en-ruta-a-desaguadero\/#primaryimage","url":"https:\/\/www.eldiario.net\/portal\/wp-content\/uploads\/2024\/09\/28-ACC-1.jpg","contentUrl":"https:\/\/www.eldiario.net\/portal\/wp-content\/uploads\/2024\/09\/28-ACC-1.jpg","width":764,"height":430,"caption":"Uno de los veh\u00edculos qued\u00f3 destruido tras el impacto."},{"@type":"BreadcrumbList","@id":"https:\/\/www.eldiario.net\/portal\/2024\/09\/28\/un-fallecido-y-dos-heridos-son-el-saldo-de-dos-choques-en-ruta-a-desaguadero\/#breadcrumb","itemListElement":[{"@type":"ListItem","position":1,"name":"Portada","item":"https:\/\/www.eldiario.net\/portal\/"},{"@type":"ListItem","position":2,"name":"Un fallecido y dos heridos son el saldo de dos choques en ruta a Desaguadero"}]},{"@type":"WebSite","@id":"https:\/\/www.eldiario.net\/portal\/#website","url":"https:\/\/www.eldiario.net\/portal\/","name":"El Diario - Decano de la prensa nacional","description":"El Diario - Decano de la prensa nacional","publisher":{"@id":"https:\/\/www.eldiario.net\/portal\/#organization"},"potentialAction":[{"@type":"SearchAction","target":{"@type":"EntryPoint","urlTemplate":"https:\/\/www.eldiario.net\/portal\/?s={search_term_string}"},"query-input":{"@type":"PropertyValueSpecification","valueRequired":true,"valueName":"search_term_string"}}],"inLanguage":"es"},{"@type":"Organization","@id":"https:\/\/www.eldiario.net\/portal\/#organization","name":"El Diario - Decano de la prensa nacional","url":"https:\/\/www.eldiario.net\/portal\/","logo":{"@type":"ImageObject","inLanguage":"es","@id":"https:\/\/www.eldiario.net\/portal\/#\/schema\/logo\/image\/","url":"https:\/\/www.eldiario.net\/portal\/wp-content\/uploads\/2023\/07\/logo_ED.jpg","contentUrl":"https:\/\/www.eldiario.net\/portal\/wp-content\/uploads\/2023\/07\/logo_ED.jpg","width":272,"height":52,"caption":"El Diario - Decano de la prensa nacional"},"image":{"@id":"https:\/\/www.eldiario.net\/portal\/#\/schema\/logo\/image\/"},"sameAs":["https:\/\/www.facebook.com\/eldiario.bolivia\/","https:\/\/x.com\/eldiario_net"]},{"@type":"Person","@id":"https:\/\/www.eldiario.net\/portal\/#\/schema\/person\/f46445640444750d7d753ccd04ae01b7","name":"Jeanette","image":{"@type":"ImageObject","inLanguage":"es","@id":"https:\/\/secure.gravatar.com\/avatar\/3ea2118a5f7dad2b7138b1187a6b7ee55f160b9968b66013c3a3ef39dd7e5798?s=96&d=mm&r=g","url":"https:\/\/secure.gravatar.com\/avatar\/3ea2118a5f7dad2b7138b1187a6b7ee55f160b9968b66013c3a3ef39dd7e5798?s=96&d=mm&r=g","contentUrl":"https:\/\/secure.gravatar.com\/avatar\/3ea2118a5f7dad2b7138b1187a6b7ee55f160b9968b66013c3a3ef39dd7e5798?s=96&d=mm&r=g","caption":"Jeanette"},"sameAs":["https:\/\/www.eldiario.net\/portal"],"url":"https:\/\/www.eldiario.net\/portal\/author\/jeanette\/"}]}},"_links":{"self":[{"href":"https:\/\/www.eldiario.net\/portal\/wp-json\/wp\/v2\/posts\/250472","targetHints":{"allow":["GET"]}}],"collection":[{"href":"https:\/\/www.eldiario.net\/portal\/wp-json\/wp\/v2\/posts"}],"about":[{"href":"https:\/\/www.eldiario.net\/portal\/wp-json\/wp\/v2\/types\/post"}],"author":[{"embeddable":true,"href":"https:\/\/www.eldiario.net\/portal\/wp-json\/wp\/v2\/users\/1"}],"replies":[{"embeddable":true,"href":"https:\/\/www.eldiario.net\/portal\/wp-json\/wp\/v2\/comments?post=250472"}],"version-history":[{"count":1,"href":"https:\/\/www.eldiario.net\/portal\/wp-json\/wp\/v2\/posts\/250472\/revisions"}],"predecessor-version":[{"id":250475,"href":"https:\/\/www.eldiario.net\/portal\/wp-json\/wp\/v2\/posts\/250472\/revisions\/250475"}],"wp:featuredmedia":[{"embeddable":true,"href":"https:\/\/www.eldiario.net\/portal\/wp-json\/wp\/v2\/media\/250473"}],"wp:attachment":[{"href":"https:\/\/www.eldiario.net\/portal\/wp-json\/wp\/v2\/media?parent=250472"}],"wp:term":[{"taxonomy":"category","embeddable":true,"href":"https:\/\/www.eldiario.net\/portal\/wp-json\/wp\/v2\/categories?post=250472"},{"taxonomy":"post_tag","embeddable":true,"href":"https:\/\/www.eldiario.net\/portal\/wp-json\/wp\/v2\/tags?post=250472"}],"curies":[{"name":"wp","href":"https:\/\/api.w.org\/{rel}","templated":true}]}}