{"id":250446,"date":"2024-09-28T06:41:59","date_gmt":"2024-09-28T10:41:59","guid":{"rendered":"https:\/\/www.eldiario.net\/portal\/?p=250446"},"modified":"2024-09-28T06:41:59","modified_gmt":"2024-09-28T10:41:59","slug":"fuego-arrasa-mas-de-7-millones-de-hectareas-forestales-en-santa-cruz","status":"publish","type":"post","link":"https:\/\/www.eldiario.net\/portal\/2024\/09\/28\/fuego-arrasa-mas-de-7-millones-de-hectareas-forestales-en-santa-cruz\/","title":{"rendered":"Fuego arrasa m\u00e1s de 7 millones de hect\u00e1reas forestales en Santa Cruz"},"content":{"rendered":"<p>El departamento de Santa Cruz atraviesa \u201cel mayor desastre ambiental\u201d de su historia, con m\u00e1s de siete millones de hect\u00e1reas de bosque y pastizales destruidas por los incendios forestales, seg\u00fan el reporte del Centro de Operaciones de Emergencia Departamental (COED).<br \/>\nEl coordinador del COED, Jhonny Rojas, sostuvo que \u201clamentablemente persisten estos incendios provocados. La Gobernaci\u00f3n ha movilizado toda su maquinaria, log\u00edstica, equipamiento y personal para combatir los incendios forestales\u201d.<br \/>\nAsimismo, record\u00f3 que la cifra superaba los m\u00e1s de 5,3 millones de hect\u00e1reas consumidas por las llamas en todo el pa\u00eds en 2019, el a\u00f1o con m\u00e1s da\u00f1os por el fuego, seg\u00fan la Fundaci\u00f3n Amigos de la Naturaleza (FAN).<br \/>\nRojas detall\u00f3 que son 26 comunidades que han sido afectadas, 21 viviendas que han sido rebasadas por los incendios, 4.111 familias afectadas en lo que va de la gesti\u00f3n. Adem\u00e1s, inform\u00f3 que se han movilizado a m\u00e1s de 1.000 operadores, entre guardaparques, bomberos y voluntarios, as\u00ed como 75 veh\u00edculos para combatir el fuego.<br \/>\nPor otro lado, el gobernador en funci\u00f3n Mario Aguilera dijo que \u201cse debe declarar un desastre nacional\u201d porque, a pesar del apoyo recibido desde pa\u00edses como Espa\u00f1a, Brasil, Chile, Francia o Canad\u00e1, se requiere una acci\u00f3n \u201cm\u00e1s potente\u201d contra los incendios.<br \/>\nRecord\u00f3 tambi\u00e9n que ya se declar\u00f3 el \u201cdesastre\u201d departamental en Santa Cruz a principios de mes porque las capacidades regionales fueron rebasadas.<\/p>\n","protected":false},"excerpt":{"rendered":"<p>El departamento de Santa Cruz atraviesa \u201cel mayor desastre ambiental\u201d de su historia, con m\u00e1s de siete millones de hect\u00e1reas de bosque y pastizales destruidas por los incendios forestales, seg\u00fan el reporte del Centro de Operaciones de Emergencia Departamental (COED). El coordinador del COED, Jhonny Rojas, sostuvo que \u201clamentablemente persisten estos incendios provocados. La Gobernaci\u00f3n [&hellip;]<\/p>\n","protected":false},"author":1,"featured_media":250447,"comment_status":"open","ping_status":"open","sticky":false,"template":"","format":"standard","meta":{"_acf_changed":false,"footnotes":""},"categories":[17],"tags":[],"class_list":["post-250446","post","type-post","status-publish","format-standard","has-post-thumbnail","category-principal"],"acf":{"antetitulo":"Seg\u00fan reporte de COED"},"yoast_head":"<!-- This site is optimized with the Yoast SEO plugin v28.4 - https:\/\/yoast.com\/product\/yoast-seo-wordpress\/ -->\n<title>Fuego arrasa m\u00e1s de 7 millones de hect\u00e1reas forestales en Santa Cruz - El Diario - Bolivia<\/title>\n<meta name=\"robots\" content=\"index, follow, max-snippet:-1, max-image-preview:large, max-video-preview:-1\" \/>\n<link rel=\"canonical\" href=\"https:\/\/www.eldiario.net\/portal\/2024\/09\/28\/fuego-arrasa-mas-de-7-millones-de-hectareas-forestales-en-santa-cruz\/\" \/>\n<meta property=\"og:locale\" content=\"es_ES\" \/>\n<meta property=\"og:type\" content=\"article\" \/>\n<meta property=\"og:title\" content=\"Fuego arrasa m\u00e1s de 7 millones de hect\u00e1reas forestales en Santa Cruz - El Diario - Bolivia\" \/>\n<meta property=\"og:description\" content=\"El departamento de Santa Cruz atraviesa \u201cel mayor desastre ambiental\u201d de su historia, con m\u00e1s de siete millones de hect\u00e1reas de bosque y pastizales destruidas por los incendios forestales, seg\u00fan el reporte del Centro de Operaciones de Emergencia Departamental (COED). El coordinador del COED, Jhonny Rojas, sostuvo que \u201clamentablemente persisten estos incendios provocados. La Gobernaci\u00f3n [&hellip;]\" \/>\n<meta property=\"og:url\" content=\"https:\/\/www.eldiario.net\/portal\/2024\/09\/28\/fuego-arrasa-mas-de-7-millones-de-hectareas-forestales-en-santa-cruz\/\" \/>\n<meta property=\"og:site_name\" content=\"El Diario - Bolivia\" \/>\n<meta property=\"article:publisher\" content=\"https:\/\/www.facebook.com\/eldiario.bolivia\/\" \/>\n<meta property=\"article:published_time\" content=\"2024-09-28T10:41:59+00:00\" \/>\n<meta property=\"og:image\" content=\"https:\/\/www.eldiario.net\/portal\/wp-content\/uploads\/2024\/09\/P-1-20-cm-x-13.jpg\" \/>\n\t<meta property=\"og:image:width\" content=\"1200\" \/>\n\t<meta property=\"og:image:height\" content=\"799\" \/>\n\t<meta property=\"og:image:type\" content=\"image\/jpeg\" \/>\n<meta name=\"author\" content=\"Jeanette\" \/>\n<meta name=\"twitter:card\" content=\"summary_large_image\" \/>\n<meta name=\"twitter:creator\" content=\"@eldiario_net\" \/>\n<meta name=\"twitter:site\" content=\"@eldiario_net\" \/>\n<meta name=\"twitter:label1\" content=\"Escrito por\" \/>\n\t<meta name=\"twitter:data1\" content=\"Jeanette\" \/>\n\t<meta name=\"twitter:label2\" content=\"Tiempo de lectura\" \/>\n\t<meta name=\"twitter:data2\" content=\"2 minutos\" \/>\n<script type=\"application\/ld+json\" class=\"yoast-schema-graph\">{\"@context\":\"https:\\\/\\\/schema.org\",\"@graph\":[{\"@type\":\"Article\",\"@id\":\"https:\\\/\\\/www.eldiario.net\\\/portal\\\/2024\\\/09\\\/28\\\/fuego-arrasa-mas-de-7-millones-de-hectareas-forestales-en-santa-cruz\\\/#article\",\"isPartOf\":{\"@id\":\"https:\\\/\\\/www.eldiario.net\\\/portal\\\/2024\\\/09\\\/28\\\/fuego-arrasa-mas-de-7-millones-de-hectareas-forestales-en-santa-cruz\\\/\"},\"author\":{\"name\":\"Jeanette\",\"@id\":\"https:\\\/\\\/www.eldiario.net\\\/portal\\\/#\\\/schema\\\/person\\\/2c57cf2b7a7ae032e449e4c9b1019eac\"},\"headline\":\"Fuego arrasa m\u00e1s de 7 millones de hect\u00e1reas forestales en Santa Cruz\",\"datePublished\":\"2024-09-28T10:41:59+00:00\",\"mainEntityOfPage\":{\"@id\":\"https:\\\/\\\/www.eldiario.net\\\/portal\\\/2024\\\/09\\\/28\\\/fuego-arrasa-mas-de-7-millones-de-hectareas-forestales-en-santa-cruz\\\/\"},\"wordCount\":253,\"commentCount\":0,\"publisher\":{\"@id\":\"https:\\\/\\\/www.eldiario.net\\\/portal\\\/#organization\"},\"image\":{\"@id\":\"https:\\\/\\\/www.eldiario.net\\\/portal\\\/2024\\\/09\\\/28\\\/fuego-arrasa-mas-de-7-millones-de-hectareas-forestales-en-santa-cruz\\\/#primaryimage\"},\"thumbnailUrl\":\"https:\\\/\\\/www.eldiario.net\\\/portal\\\/wp-content\\\/uploads\\\/2024\\\/09\\\/P-1-20-cm-x-13.jpg\",\"articleSection\":[\"Principal\"],\"inLanguage\":\"es\",\"potentialAction\":[{\"@type\":\"CommentAction\",\"name\":\"Comment\",\"target\":[\"https:\\\/\\\/www.eldiario.net\\\/portal\\\/2024\\\/09\\\/28\\\/fuego-arrasa-mas-de-7-millones-de-hectareas-forestales-en-santa-cruz\\\/#respond\"]}]},{\"@type\":\"WebPage\",\"@id\":\"https:\\\/\\\/www.eldiario.net\\\/portal\\\/2024\\\/09\\\/28\\\/fuego-arrasa-mas-de-7-millones-de-hectareas-forestales-en-santa-cruz\\\/\",\"url\":\"https:\\\/\\\/www.eldiario.net\\\/portal\\\/2024\\\/09\\\/28\\\/fuego-arrasa-mas-de-7-millones-de-hectareas-forestales-en-santa-cruz\\\/\",\"name\":\"Fuego arrasa m\u00e1s de 7 millones de hect\u00e1reas forestales en Santa Cruz - El Diario - Bolivia\",\"isPartOf\":{\"@id\":\"https:\\\/\\\/www.eldiario.net\\\/portal\\\/#website\"},\"primaryImageOfPage\":{\"@id\":\"https:\\\/\\\/www.eldiario.net\\\/portal\\\/2024\\\/09\\\/28\\\/fuego-arrasa-mas-de-7-millones-de-hectareas-forestales-en-santa-cruz\\\/#primaryimage\"},\"image\":{\"@id\":\"https:\\\/\\\/www.eldiario.net\\\/portal\\\/2024\\\/09\\\/28\\\/fuego-arrasa-mas-de-7-millones-de-hectareas-forestales-en-santa-cruz\\\/#primaryimage\"},\"thumbnailUrl\":\"https:\\\/\\\/www.eldiario.net\\\/portal\\\/wp-content\\\/uploads\\\/2024\\\/09\\\/P-1-20-cm-x-13.jpg\",\"datePublished\":\"2024-09-28T10:41:59+00:00\",\"breadcrumb\":{\"@id\":\"https:\\\/\\\/www.eldiario.net\\\/portal\\\/2024\\\/09\\\/28\\\/fuego-arrasa-mas-de-7-millones-de-hectareas-forestales-en-santa-cruz\\\/#breadcrumb\"},\"inLanguage\":\"es\",\"potentialAction\":[{\"@type\":\"ReadAction\",\"target\":[\"https:\\\/\\\/www.eldiario.net\\\/portal\\\/2024\\\/09\\\/28\\\/fuego-arrasa-mas-de-7-millones-de-hectareas-forestales-en-santa-cruz\\\/\"]}]},{\"@type\":\"ImageObject\",\"inLanguage\":\"es\",\"@id\":\"https:\\\/\\\/www.eldiario.net\\\/portal\\\/2024\\\/09\\\/28\\\/fuego-arrasa-mas-de-7-millones-de-hectareas-forestales-en-santa-cruz\\\/#primaryimage\",\"url\":\"https:\\\/\\\/www.eldiario.net\\\/portal\\\/wp-content\\\/uploads\\\/2024\\\/09\\\/P-1-20-cm-x-13.jpg\",\"contentUrl\":\"https:\\\/\\\/www.eldiario.net\\\/portal\\\/wp-content\\\/uploads\\\/2024\\\/09\\\/P-1-20-cm-x-13.jpg\",\"width\":1200,\"height\":799,\"caption\":\"Los ambientalistas bolivianos temen que este a\u00f1o la magnitud del desastre sea peor a la de 2019, cuando fueron consumidas por el fuego m\u00e1s de 5,3 millones de hect\u00e1reas.\"},{\"@type\":\"BreadcrumbList\",\"@id\":\"https:\\\/\\\/www.eldiario.net\\\/portal\\\/2024\\\/09\\\/28\\\/fuego-arrasa-mas-de-7-millones-de-hectareas-forestales-en-santa-cruz\\\/#breadcrumb\",\"itemListElement\":[{\"@type\":\"ListItem\",\"position\":1,\"name\":\"Portada\",\"item\":\"https:\\\/\\\/www.eldiario.net\\\/portal\\\/\"},{\"@type\":\"ListItem\",\"position\":2,\"name\":\"Fuego arrasa m\u00e1s de 7 millones de hect\u00e1reas forestales en Santa Cruz\"}]},{\"@type\":\"WebSite\",\"@id\":\"https:\\\/\\\/www.eldiario.net\\\/portal\\\/#website\",\"url\":\"https:\\\/\\\/www.eldiario.net\\\/portal\\\/\",\"name\":\"El Diario - Decano de la prensa nacional\",\"description\":\"El Diario - Decano de la prensa nacional\",\"publisher\":{\"@id\":\"https:\\\/\\\/www.eldiario.net\\\/portal\\\/#organization\"},\"potentialAction\":[{\"@type\":\"SearchAction\",\"target\":{\"@type\":\"EntryPoint\",\"urlTemplate\":\"https:\\\/\\\/www.eldiario.net\\\/portal\\\/?s={search_term_string}\"},\"query-input\":{\"@type\":\"PropertyValueSpecification\",\"valueRequired\":true,\"valueName\":\"search_term_string\"}}],\"inLanguage\":\"es\"},{\"@type\":\"Organization\",\"@id\":\"https:\\\/\\\/www.eldiario.net\\\/portal\\\/#organization\",\"name\":\"El Diario - Decano de la prensa nacional\",\"url\":\"https:\\\/\\\/www.eldiario.net\\\/portal\\\/\",\"logo\":{\"@type\":\"ImageObject\",\"inLanguage\":\"es\",\"@id\":\"https:\\\/\\\/www.eldiario.net\\\/portal\\\/#\\\/schema\\\/logo\\\/image\\\/\",\"url\":\"https:\\\/\\\/www.eldiario.net\\\/portal\\\/wp-content\\\/uploads\\\/2023\\\/07\\\/logo_ED.jpg\",\"contentUrl\":\"https:\\\/\\\/www.eldiario.net\\\/portal\\\/wp-content\\\/uploads\\\/2023\\\/07\\\/logo_ED.jpg\",\"width\":272,\"height\":52,\"caption\":\"El Diario - Decano de la prensa nacional\"},\"image\":{\"@id\":\"https:\\\/\\\/www.eldiario.net\\\/portal\\\/#\\\/schema\\\/logo\\\/image\\\/\"},\"sameAs\":[\"https:\\\/\\\/www.facebook.com\\\/eldiario.bolivia\\\/\",\"https:\\\/\\\/x.com\\\/eldiario_net\"]},{\"@type\":\"Person\",\"@id\":\"https:\\\/\\\/www.eldiario.net\\\/portal\\\/#\\\/schema\\\/person\\\/2c57cf2b7a7ae032e449e4c9b1019eac\",\"name\":\"Jeanette\",\"image\":{\"@type\":\"ImageObject\",\"inLanguage\":\"es\",\"@id\":\"https:\\\/\\\/secure.gravatar.com\\\/avatar\\\/3ea2118a5f7dad2b7138b1187a6b7ee55f160b9968b66013c3a3ef39dd7e5798?s=96&d=mm&r=g\",\"url\":\"https:\\\/\\\/secure.gravatar.com\\\/avatar\\\/3ea2118a5f7dad2b7138b1187a6b7ee55f160b9968b66013c3a3ef39dd7e5798?s=96&d=mm&r=g\",\"contentUrl\":\"https:\\\/\\\/secure.gravatar.com\\\/avatar\\\/3ea2118a5f7dad2b7138b1187a6b7ee55f160b9968b66013c3a3ef39dd7e5798?s=96&d=mm&r=g\",\"caption\":\"Jeanette\"},\"sameAs\":[\"https:\\\/\\\/www.eldiario.net\\\/portal\"],\"url\":\"https:\\\/\\\/www.eldiario.net\\\/portal\\\/author\\\/jeanette\\\/\"}]}<\/script>\n<!-- \/ Yoast SEO plugin. -->","yoast_head_json":{"title":"Fuego arrasa m\u00e1s de 7 millones de hect\u00e1reas forestales en Santa Cruz - El Diario - Bolivia","robots":{"index":"index","follow":"follow","max-snippet":"max-snippet:-1","max-image-preview":"max-image-preview:large","max-video-preview":"max-video-preview:-1"},"canonical":"https:\/\/www.eldiario.net\/portal\/2024\/09\/28\/fuego-arrasa-mas-de-7-millones-de-hectareas-forestales-en-santa-cruz\/","og_locale":"es_ES","og_type":"article","og_title":"Fuego arrasa m\u00e1s de 7 millones de hect\u00e1reas forestales en Santa Cruz - El Diario - Bolivia","og_description":"El departamento de Santa Cruz atraviesa \u201cel mayor desastre ambiental\u201d de su historia, con m\u00e1s de siete millones de hect\u00e1reas de bosque y pastizales destruidas por los incendios forestales, seg\u00fan el reporte del Centro de Operaciones de Emergencia Departamental (COED). El coordinador del COED, Jhonny Rojas, sostuvo que \u201clamentablemente persisten estos incendios provocados. La Gobernaci\u00f3n [&hellip;]","og_url":"https:\/\/www.eldiario.net\/portal\/2024\/09\/28\/fuego-arrasa-mas-de-7-millones-de-hectareas-forestales-en-santa-cruz\/","og_site_name":"El Diario - Bolivia","article_publisher":"https:\/\/www.facebook.com\/eldiario.bolivia\/","article_published_time":"2024-09-28T10:41:59+00:00","og_image":[{"width":1200,"height":799,"url":"https:\/\/www.eldiario.net\/portal\/wp-content\/uploads\/2024\/09\/P-1-20-cm-x-13.jpg","type":"image\/jpeg"}],"author":"Jeanette","twitter_card":"summary_large_image","twitter_creator":"@eldiario_net","twitter_site":"@eldiario_net","twitter_misc":{"Escrito por":"Jeanette","Tiempo de lectura":"2 minutos"},"schema":{"@context":"https:\/\/schema.org","@graph":[{"@type":"Article","@id":"https:\/\/www.eldiario.net\/portal\/2024\/09\/28\/fuego-arrasa-mas-de-7-millones-de-hectareas-forestales-en-santa-cruz\/#article","isPartOf":{"@id":"https:\/\/www.eldiario.net\/portal\/2024\/09\/28\/fuego-arrasa-mas-de-7-millones-de-hectareas-forestales-en-santa-cruz\/"},"author":{"name":"Jeanette","@id":"https:\/\/www.eldiario.net\/portal\/#\/schema\/person\/2c57cf2b7a7ae032e449e4c9b1019eac"},"headline":"Fuego arrasa m\u00e1s de 7 millones de hect\u00e1reas forestales en Santa Cruz","datePublished":"2024-09-28T10:41:59+00:00","mainEntityOfPage":{"@id":"https:\/\/www.eldiario.net\/portal\/2024\/09\/28\/fuego-arrasa-mas-de-7-millones-de-hectareas-forestales-en-santa-cruz\/"},"wordCount":253,"commentCount":0,"publisher":{"@id":"https:\/\/www.eldiario.net\/portal\/#organization"},"image":{"@id":"https:\/\/www.eldiario.net\/portal\/2024\/09\/28\/fuego-arrasa-mas-de-7-millones-de-hectareas-forestales-en-santa-cruz\/#primaryimage"},"thumbnailUrl":"https:\/\/www.eldiario.net\/portal\/wp-content\/uploads\/2024\/09\/P-1-20-cm-x-13.jpg","articleSection":["Principal"],"inLanguage":"es","potentialAction":[{"@type":"CommentAction","name":"Comment","target":["https:\/\/www.eldiario.net\/portal\/2024\/09\/28\/fuego-arrasa-mas-de-7-millones-de-hectareas-forestales-en-santa-cruz\/#respond"]}]},{"@type":"WebPage","@id":"https:\/\/www.eldiario.net\/portal\/2024\/09\/28\/fuego-arrasa-mas-de-7-millones-de-hectareas-forestales-en-santa-cruz\/","url":"https:\/\/www.eldiario.net\/portal\/2024\/09\/28\/fuego-arrasa-mas-de-7-millones-de-hectareas-forestales-en-santa-cruz\/","name":"Fuego arrasa m\u00e1s de 7 millones de hect\u00e1reas forestales en Santa Cruz - El Diario - Bolivia","isPartOf":{"@id":"https:\/\/www.eldiario.net\/portal\/#website"},"primaryImageOfPage":{"@id":"https:\/\/www.eldiario.net\/portal\/2024\/09\/28\/fuego-arrasa-mas-de-7-millones-de-hectareas-forestales-en-santa-cruz\/#primaryimage"},"image":{"@id":"https:\/\/www.eldiario.net\/portal\/2024\/09\/28\/fuego-arrasa-mas-de-7-millones-de-hectareas-forestales-en-santa-cruz\/#primaryimage"},"thumbnailUrl":"https:\/\/www.eldiario.net\/portal\/wp-content\/uploads\/2024\/09\/P-1-20-cm-x-13.jpg","datePublished":"2024-09-28T10:41:59+00:00","breadcrumb":{"@id":"https:\/\/www.eldiario.net\/portal\/2024\/09\/28\/fuego-arrasa-mas-de-7-millones-de-hectareas-forestales-en-santa-cruz\/#breadcrumb"},"inLanguage":"es","potentialAction":[{"@type":"ReadAction","target":["https:\/\/www.eldiario.net\/portal\/2024\/09\/28\/fuego-arrasa-mas-de-7-millones-de-hectareas-forestales-en-santa-cruz\/"]}]},{"@type":"ImageObject","inLanguage":"es","@id":"https:\/\/www.eldiario.net\/portal\/2024\/09\/28\/fuego-arrasa-mas-de-7-millones-de-hectareas-forestales-en-santa-cruz\/#primaryimage","url":"https:\/\/www.eldiario.net\/portal\/wp-content\/uploads\/2024\/09\/P-1-20-cm-x-13.jpg","contentUrl":"https:\/\/www.eldiario.net\/portal\/wp-content\/uploads\/2024\/09\/P-1-20-cm-x-13.jpg","width":1200,"height":799,"caption":"Los ambientalistas bolivianos temen que este a\u00f1o la magnitud del desastre sea peor a la de 2019, cuando fueron consumidas por el fuego m\u00e1s de 5,3 millones de hect\u00e1reas."},{"@type":"BreadcrumbList","@id":"https:\/\/www.eldiario.net\/portal\/2024\/09\/28\/fuego-arrasa-mas-de-7-millones-de-hectareas-forestales-en-santa-cruz\/#breadcrumb","itemListElement":[{"@type":"ListItem","position":1,"name":"Portada","item":"https:\/\/www.eldiario.net\/portal\/"},{"@type":"ListItem","position":2,"name":"Fuego arrasa m\u00e1s de 7 millones de hect\u00e1reas forestales en Santa Cruz"}]},{"@type":"WebSite","@id":"https:\/\/www.eldiario.net\/portal\/#website","url":"https:\/\/www.eldiario.net\/portal\/","name":"El Diario - Decano de la prensa nacional","description":"El Diario - Decano de la prensa nacional","publisher":{"@id":"https:\/\/www.eldiario.net\/portal\/#organization"},"potentialAction":[{"@type":"SearchAction","target":{"@type":"EntryPoint","urlTemplate":"https:\/\/www.eldiario.net\/portal\/?s={search_term_string}"},"query-input":{"@type":"PropertyValueSpecification","valueRequired":true,"valueName":"search_term_string"}}],"inLanguage":"es"},{"@type":"Organization","@id":"https:\/\/www.eldiario.net\/portal\/#organization","name":"El Diario - Decano de la prensa nacional","url":"https:\/\/www.eldiario.net\/portal\/","logo":{"@type":"ImageObject","inLanguage":"es","@id":"https:\/\/www.eldiario.net\/portal\/#\/schema\/logo\/image\/","url":"https:\/\/www.eldiario.net\/portal\/wp-content\/uploads\/2023\/07\/logo_ED.jpg","contentUrl":"https:\/\/www.eldiario.net\/portal\/wp-content\/uploads\/2023\/07\/logo_ED.jpg","width":272,"height":52,"caption":"El Diario - Decano de la prensa nacional"},"image":{"@id":"https:\/\/www.eldiario.net\/portal\/#\/schema\/logo\/image\/"},"sameAs":["https:\/\/www.facebook.com\/eldiario.bolivia\/","https:\/\/x.com\/eldiario_net"]},{"@type":"Person","@id":"https:\/\/www.eldiario.net\/portal\/#\/schema\/person\/2c57cf2b7a7ae032e449e4c9b1019eac","name":"Jeanette","image":{"@type":"ImageObject","inLanguage":"es","@id":"https:\/\/secure.gravatar.com\/avatar\/3ea2118a5f7dad2b7138b1187a6b7ee55f160b9968b66013c3a3ef39dd7e5798?s=96&d=mm&r=g","url":"https:\/\/secure.gravatar.com\/avatar\/3ea2118a5f7dad2b7138b1187a6b7ee55f160b9968b66013c3a3ef39dd7e5798?s=96&d=mm&r=g","contentUrl":"https:\/\/secure.gravatar.com\/avatar\/3ea2118a5f7dad2b7138b1187a6b7ee55f160b9968b66013c3a3ef39dd7e5798?s=96&d=mm&r=g","caption":"Jeanette"},"sameAs":["https:\/\/www.eldiario.net\/portal"],"url":"https:\/\/www.eldiario.net\/portal\/author\/jeanette\/"}]}},"_links":{"self":[{"href":"https:\/\/www.eldiario.net\/portal\/wp-json\/wp\/v2\/posts\/250446","targetHints":{"allow":["GET"]}}],"collection":[{"href":"https:\/\/www.eldiario.net\/portal\/wp-json\/wp\/v2\/posts"}],"about":[{"href":"https:\/\/www.eldiario.net\/portal\/wp-json\/wp\/v2\/types\/post"}],"author":[{"embeddable":true,"href":"https:\/\/www.eldiario.net\/portal\/wp-json\/wp\/v2\/users\/1"}],"replies":[{"embeddable":true,"href":"https:\/\/www.eldiario.net\/portal\/wp-json\/wp\/v2\/comments?post=250446"}],"version-history":[{"count":1,"href":"https:\/\/www.eldiario.net\/portal\/wp-json\/wp\/v2\/posts\/250446\/revisions"}],"predecessor-version":[{"id":250448,"href":"https:\/\/www.eldiario.net\/portal\/wp-json\/wp\/v2\/posts\/250446\/revisions\/250448"}],"wp:featuredmedia":[{"embeddable":true,"href":"https:\/\/www.eldiario.net\/portal\/wp-json\/wp\/v2\/media\/250447"}],"wp:attachment":[{"href":"https:\/\/www.eldiario.net\/portal\/wp-json\/wp\/v2\/media?parent=250446"}],"wp:term":[{"taxonomy":"category","embeddable":true,"href":"https:\/\/www.eldiario.net\/portal\/wp-json\/wp\/v2\/categories?post=250446"},{"taxonomy":"post_tag","embeddable":true,"href":"https:\/\/www.eldiario.net\/portal\/wp-json\/wp\/v2\/tags?post=250446"}],"curies":[{"name":"wp","href":"https:\/\/api.w.org\/{rel}","templated":true}]}}