{"id":250443,"date":"2024-09-28T06:40:55","date_gmt":"2024-09-28T10:40:55","guid":{"rendered":"https:\/\/www.eldiario.net\/portal\/?p=250443"},"modified":"2024-09-28T06:40:55","modified_gmt":"2024-09-28T10:40:55","slug":"anez-denuncia-tortura-blanca-en-audiencias-del-caso-senkata","status":"publish","type":"post","link":"https:\/\/www.eldiario.net\/portal\/2024\/09\/28\/anez-denuncia-tortura-blanca-en-audiencias-del-caso-senkata\/","title":{"rendered":"A\u00f1ez denuncia \u201ctortura blanca\u201d  en audiencias del caso Senkata"},"content":{"rendered":"<p>La expresidenta Jeanine A\u00f1ez denunci\u00f3 pr\u00e1cticas de \u201ctortura blanca\u201d en el juicio del caso Senkata, donde es sometida a extensas audiencias y sin poder observar a sus acusadores, adem\u00e1s de que tendr\u00e1 limitado el tiempo de su defensa.<br \/>\nA\u00f1ez se pronunci\u00f3 despu\u00e9s de que el tribunal del caso determin\u00f3 dar lectura en extenso a todas las acusaciones en su contra, lo cual conlleva a audiencias marat\u00f3nicas.<br \/>\nSe\u00f1al\u00f3 que se tratan de audiencias de 12 horas y que continuar\u00e1n la semana siguiente con la lectura de las acusaciones del Ministerio de Gobierno, la Procuradur\u00eda del Estado, del Ministerio de Justicia.<br \/>\n\u201cEs la tortura planificada por el gobierno de Arce Catacora, es la \u2018tortura blanca\u2019 llamada as\u00ed por el derecho internacional cuando la violencia f\u00edsica es obligar a sentarse 12 horas frente a una c\u00e1mara, donde no se ven a los acusadores, violencia psicol\u00f3gica de obligar a escuchar horas de mentiras e infamias mientras ellos cobran sueldo por torturar\u201d, se\u00f1ala el mensaje publicado en la cuenta de A\u00f1ez en X. (Erbol)<\/p>\n","protected":false},"excerpt":{"rendered":"<p>La expresidenta Jeanine A\u00f1ez denunci\u00f3 pr\u00e1cticas de \u201ctortura blanca\u201d en el juicio del caso Senkata, donde es sometida a extensas audiencias y sin poder observar a sus acusadores, adem\u00e1s de que tendr\u00e1 limitado el tiempo de su defensa. A\u00f1ez se pronunci\u00f3 despu\u00e9s de que el tribunal del caso determin\u00f3 dar lectura en extenso a todas [&hellip;]<\/p>\n","protected":false},"author":1,"featured_media":250444,"comment_status":"open","ping_status":"open","sticky":false,"template":"","format":"standard","meta":{"_acf_changed":false,"footnotes":""},"categories":[15],"tags":[],"class_list":["post-250443","post","type-post","status-publish","format-standard","has-post-thumbnail","category-portada"],"acf":{"antetitulo":"En largas audiencias marat\u00f3nicas"},"yoast_head":"<!-- This site is optimized with the Yoast SEO plugin v28.4 - https:\/\/yoast.com\/product\/yoast-seo-wordpress\/ -->\n<title>A\u00f1ez denuncia \u201ctortura blanca\u201d en audiencias del caso Senkata - El Diario - Bolivia<\/title>\n<meta name=\"robots\" content=\"index, follow, max-snippet:-1, max-image-preview:large, max-video-preview:-1\" \/>\n<link rel=\"canonical\" href=\"https:\/\/www.eldiario.net\/portal\/2024\/09\/28\/anez-denuncia-tortura-blanca-en-audiencias-del-caso-senkata\/\" \/>\n<meta property=\"og:locale\" content=\"es_ES\" \/>\n<meta property=\"og:type\" content=\"article\" \/>\n<meta property=\"og:title\" content=\"A\u00f1ez denuncia \u201ctortura blanca\u201d en audiencias del caso Senkata - El Diario - Bolivia\" \/>\n<meta property=\"og:description\" content=\"La expresidenta Jeanine A\u00f1ez denunci\u00f3 pr\u00e1cticas de \u201ctortura blanca\u201d en el juicio del caso Senkata, donde es sometida a extensas audiencias y sin poder observar a sus acusadores, adem\u00e1s de que tendr\u00e1 limitado el tiempo de su defensa. A\u00f1ez se pronunci\u00f3 despu\u00e9s de que el tribunal del caso determin\u00f3 dar lectura en extenso a todas [&hellip;]\" \/>\n<meta property=\"og:url\" content=\"https:\/\/www.eldiario.net\/portal\/2024\/09\/28\/anez-denuncia-tortura-blanca-en-audiencias-del-caso-senkata\/\" \/>\n<meta property=\"og:site_name\" content=\"El Diario - Bolivia\" \/>\n<meta property=\"article:publisher\" content=\"https:\/\/www.facebook.com\/eldiario.bolivia\/\" \/>\n<meta property=\"article:published_time\" content=\"2024-09-28T10:40:55+00:00\" \/>\n<meta property=\"og:image\" content=\"https:\/\/www.eldiario.net\/portal\/wp-content\/uploads\/2024\/09\/P-3-10-cm-x-7-3.jpg\" \/>\n\t<meta property=\"og:image:width\" content=\"900\" \/>\n\t<meta property=\"og:image:height\" content=\"533\" \/>\n\t<meta property=\"og:image:type\" content=\"image\/jpeg\" \/>\n<meta name=\"author\" content=\"Jeanette\" \/>\n<meta name=\"twitter:card\" content=\"summary_large_image\" \/>\n<meta name=\"twitter:creator\" content=\"@eldiario_net\" \/>\n<meta name=\"twitter:site\" content=\"@eldiario_net\" \/>\n<meta name=\"twitter:label1\" content=\"Escrito por\" \/>\n\t<meta name=\"twitter:data1\" content=\"Jeanette\" \/>\n\t<meta name=\"twitter:label2\" content=\"Tiempo de lectura\" \/>\n\t<meta name=\"twitter:data2\" content=\"1 minuto\" \/>\n<script type=\"application\/ld+json\" class=\"yoast-schema-graph\">{\"@context\":\"https:\\\/\\\/schema.org\",\"@graph\":[{\"@type\":\"Article\",\"@id\":\"https:\\\/\\\/www.eldiario.net\\\/portal\\\/2024\\\/09\\\/28\\\/anez-denuncia-tortura-blanca-en-audiencias-del-caso-senkata\\\/#article\",\"isPartOf\":{\"@id\":\"https:\\\/\\\/www.eldiario.net\\\/portal\\\/2024\\\/09\\\/28\\\/anez-denuncia-tortura-blanca-en-audiencias-del-caso-senkata\\\/\"},\"author\":{\"name\":\"Jeanette\",\"@id\":\"https:\\\/\\\/www.eldiario.net\\\/portal\\\/#\\\/schema\\\/person\\\/2c57cf2b7a7ae032e449e4c9b1019eac\"},\"headline\":\"A\u00f1ez denuncia \u201ctortura blanca\u201d en audiencias del caso Senkata\",\"datePublished\":\"2024-09-28T10:40:55+00:00\",\"mainEntityOfPage\":{\"@id\":\"https:\\\/\\\/www.eldiario.net\\\/portal\\\/2024\\\/09\\\/28\\\/anez-denuncia-tortura-blanca-en-audiencias-del-caso-senkata\\\/\"},\"wordCount\":191,\"commentCount\":0,\"publisher\":{\"@id\":\"https:\\\/\\\/www.eldiario.net\\\/portal\\\/#organization\"},\"image\":{\"@id\":\"https:\\\/\\\/www.eldiario.net\\\/portal\\\/2024\\\/09\\\/28\\\/anez-denuncia-tortura-blanca-en-audiencias-del-caso-senkata\\\/#primaryimage\"},\"thumbnailUrl\":\"https:\\\/\\\/www.eldiario.net\\\/portal\\\/wp-content\\\/uploads\\\/2024\\\/09\\\/P-3-10-cm-x-7-3.jpg\",\"articleSection\":[\"Portada\"],\"inLanguage\":\"es\",\"potentialAction\":[{\"@type\":\"CommentAction\",\"name\":\"Comment\",\"target\":[\"https:\\\/\\\/www.eldiario.net\\\/portal\\\/2024\\\/09\\\/28\\\/anez-denuncia-tortura-blanca-en-audiencias-del-caso-senkata\\\/#respond\"]}]},{\"@type\":\"WebPage\",\"@id\":\"https:\\\/\\\/www.eldiario.net\\\/portal\\\/2024\\\/09\\\/28\\\/anez-denuncia-tortura-blanca-en-audiencias-del-caso-senkata\\\/\",\"url\":\"https:\\\/\\\/www.eldiario.net\\\/portal\\\/2024\\\/09\\\/28\\\/anez-denuncia-tortura-blanca-en-audiencias-del-caso-senkata\\\/\",\"name\":\"A\u00f1ez denuncia \u201ctortura blanca\u201d en audiencias del caso Senkata - El Diario - Bolivia\",\"isPartOf\":{\"@id\":\"https:\\\/\\\/www.eldiario.net\\\/portal\\\/#website\"},\"primaryImageOfPage\":{\"@id\":\"https:\\\/\\\/www.eldiario.net\\\/portal\\\/2024\\\/09\\\/28\\\/anez-denuncia-tortura-blanca-en-audiencias-del-caso-senkata\\\/#primaryimage\"},\"image\":{\"@id\":\"https:\\\/\\\/www.eldiario.net\\\/portal\\\/2024\\\/09\\\/28\\\/anez-denuncia-tortura-blanca-en-audiencias-del-caso-senkata\\\/#primaryimage\"},\"thumbnailUrl\":\"https:\\\/\\\/www.eldiario.net\\\/portal\\\/wp-content\\\/uploads\\\/2024\\\/09\\\/P-3-10-cm-x-7-3.jpg\",\"datePublished\":\"2024-09-28T10:40:55+00:00\",\"breadcrumb\":{\"@id\":\"https:\\\/\\\/www.eldiario.net\\\/portal\\\/2024\\\/09\\\/28\\\/anez-denuncia-tortura-blanca-en-audiencias-del-caso-senkata\\\/#breadcrumb\"},\"inLanguage\":\"es\",\"potentialAction\":[{\"@type\":\"ReadAction\",\"target\":[\"https:\\\/\\\/www.eldiario.net\\\/portal\\\/2024\\\/09\\\/28\\\/anez-denuncia-tortura-blanca-en-audiencias-del-caso-senkata\\\/\"]}]},{\"@type\":\"ImageObject\",\"inLanguage\":\"es\",\"@id\":\"https:\\\/\\\/www.eldiario.net\\\/portal\\\/2024\\\/09\\\/28\\\/anez-denuncia-tortura-blanca-en-audiencias-del-caso-senkata\\\/#primaryimage\",\"url\":\"https:\\\/\\\/www.eldiario.net\\\/portal\\\/wp-content\\\/uploads\\\/2024\\\/09\\\/P-3-10-cm-x-7-3.jpg\",\"contentUrl\":\"https:\\\/\\\/www.eldiario.net\\\/portal\\\/wp-content\\\/uploads\\\/2024\\\/09\\\/P-3-10-cm-x-7-3.jpg\",\"width\":900,\"height\":533,\"caption\":\"Expresidenta de Bolivia, Jeanine A\u00f1ez Ch\u00e1vez.\"},{\"@type\":\"BreadcrumbList\",\"@id\":\"https:\\\/\\\/www.eldiario.net\\\/portal\\\/2024\\\/09\\\/28\\\/anez-denuncia-tortura-blanca-en-audiencias-del-caso-senkata\\\/#breadcrumb\",\"itemListElement\":[{\"@type\":\"ListItem\",\"position\":1,\"name\":\"Portada\",\"item\":\"https:\\\/\\\/www.eldiario.net\\\/portal\\\/\"},{\"@type\":\"ListItem\",\"position\":2,\"name\":\"A\u00f1ez denuncia \u201ctortura blanca\u201d en audiencias del caso Senkata\"}]},{\"@type\":\"WebSite\",\"@id\":\"https:\\\/\\\/www.eldiario.net\\\/portal\\\/#website\",\"url\":\"https:\\\/\\\/www.eldiario.net\\\/portal\\\/\",\"name\":\"El Diario - Decano de la prensa nacional\",\"description\":\"El Diario - Decano de la prensa nacional\",\"publisher\":{\"@id\":\"https:\\\/\\\/www.eldiario.net\\\/portal\\\/#organization\"},\"potentialAction\":[{\"@type\":\"SearchAction\",\"target\":{\"@type\":\"EntryPoint\",\"urlTemplate\":\"https:\\\/\\\/www.eldiario.net\\\/portal\\\/?s={search_term_string}\"},\"query-input\":{\"@type\":\"PropertyValueSpecification\",\"valueRequired\":true,\"valueName\":\"search_term_string\"}}],\"inLanguage\":\"es\"},{\"@type\":\"Organization\",\"@id\":\"https:\\\/\\\/www.eldiario.net\\\/portal\\\/#organization\",\"name\":\"El Diario - Decano de la prensa nacional\",\"url\":\"https:\\\/\\\/www.eldiario.net\\\/portal\\\/\",\"logo\":{\"@type\":\"ImageObject\",\"inLanguage\":\"es\",\"@id\":\"https:\\\/\\\/www.eldiario.net\\\/portal\\\/#\\\/schema\\\/logo\\\/image\\\/\",\"url\":\"https:\\\/\\\/www.eldiario.net\\\/portal\\\/wp-content\\\/uploads\\\/2023\\\/07\\\/logo_ED.jpg\",\"contentUrl\":\"https:\\\/\\\/www.eldiario.net\\\/portal\\\/wp-content\\\/uploads\\\/2023\\\/07\\\/logo_ED.jpg\",\"width\":272,\"height\":52,\"caption\":\"El Diario - Decano de la prensa nacional\"},\"image\":{\"@id\":\"https:\\\/\\\/www.eldiario.net\\\/portal\\\/#\\\/schema\\\/logo\\\/image\\\/\"},\"sameAs\":[\"https:\\\/\\\/www.facebook.com\\\/eldiario.bolivia\\\/\",\"https:\\\/\\\/x.com\\\/eldiario_net\"]},{\"@type\":\"Person\",\"@id\":\"https:\\\/\\\/www.eldiario.net\\\/portal\\\/#\\\/schema\\\/person\\\/2c57cf2b7a7ae032e449e4c9b1019eac\",\"name\":\"Jeanette\",\"image\":{\"@type\":\"ImageObject\",\"inLanguage\":\"es\",\"@id\":\"https:\\\/\\\/secure.gravatar.com\\\/avatar\\\/3ea2118a5f7dad2b7138b1187a6b7ee55f160b9968b66013c3a3ef39dd7e5798?s=96&d=mm&r=g\",\"url\":\"https:\\\/\\\/secure.gravatar.com\\\/avatar\\\/3ea2118a5f7dad2b7138b1187a6b7ee55f160b9968b66013c3a3ef39dd7e5798?s=96&d=mm&r=g\",\"contentUrl\":\"https:\\\/\\\/secure.gravatar.com\\\/avatar\\\/3ea2118a5f7dad2b7138b1187a6b7ee55f160b9968b66013c3a3ef39dd7e5798?s=96&d=mm&r=g\",\"caption\":\"Jeanette\"},\"sameAs\":[\"https:\\\/\\\/www.eldiario.net\\\/portal\"],\"url\":\"https:\\\/\\\/www.eldiario.net\\\/portal\\\/author\\\/jeanette\\\/\"}]}<\/script>\n<!-- \/ Yoast SEO plugin. -->","yoast_head_json":{"title":"A\u00f1ez denuncia \u201ctortura blanca\u201d en audiencias del caso Senkata - El Diario - Bolivia","robots":{"index":"index","follow":"follow","max-snippet":"max-snippet:-1","max-image-preview":"max-image-preview:large","max-video-preview":"max-video-preview:-1"},"canonical":"https:\/\/www.eldiario.net\/portal\/2024\/09\/28\/anez-denuncia-tortura-blanca-en-audiencias-del-caso-senkata\/","og_locale":"es_ES","og_type":"article","og_title":"A\u00f1ez denuncia \u201ctortura blanca\u201d en audiencias del caso Senkata - El Diario - Bolivia","og_description":"La expresidenta Jeanine A\u00f1ez denunci\u00f3 pr\u00e1cticas de \u201ctortura blanca\u201d en el juicio del caso Senkata, donde es sometida a extensas audiencias y sin poder observar a sus acusadores, adem\u00e1s de que tendr\u00e1 limitado el tiempo de su defensa. A\u00f1ez se pronunci\u00f3 despu\u00e9s de que el tribunal del caso determin\u00f3 dar lectura en extenso a todas [&hellip;]","og_url":"https:\/\/www.eldiario.net\/portal\/2024\/09\/28\/anez-denuncia-tortura-blanca-en-audiencias-del-caso-senkata\/","og_site_name":"El Diario - Bolivia","article_publisher":"https:\/\/www.facebook.com\/eldiario.bolivia\/","article_published_time":"2024-09-28T10:40:55+00:00","og_image":[{"width":900,"height":533,"url":"https:\/\/www.eldiario.net\/portal\/wp-content\/uploads\/2024\/09\/P-3-10-cm-x-7-3.jpg","type":"image\/jpeg"}],"author":"Jeanette","twitter_card":"summary_large_image","twitter_creator":"@eldiario_net","twitter_site":"@eldiario_net","twitter_misc":{"Escrito por":"Jeanette","Tiempo de lectura":"1 minuto"},"schema":{"@context":"https:\/\/schema.org","@graph":[{"@type":"Article","@id":"https:\/\/www.eldiario.net\/portal\/2024\/09\/28\/anez-denuncia-tortura-blanca-en-audiencias-del-caso-senkata\/#article","isPartOf":{"@id":"https:\/\/www.eldiario.net\/portal\/2024\/09\/28\/anez-denuncia-tortura-blanca-en-audiencias-del-caso-senkata\/"},"author":{"name":"Jeanette","@id":"https:\/\/www.eldiario.net\/portal\/#\/schema\/person\/2c57cf2b7a7ae032e449e4c9b1019eac"},"headline":"A\u00f1ez denuncia \u201ctortura blanca\u201d en audiencias del caso Senkata","datePublished":"2024-09-28T10:40:55+00:00","mainEntityOfPage":{"@id":"https:\/\/www.eldiario.net\/portal\/2024\/09\/28\/anez-denuncia-tortura-blanca-en-audiencias-del-caso-senkata\/"},"wordCount":191,"commentCount":0,"publisher":{"@id":"https:\/\/www.eldiario.net\/portal\/#organization"},"image":{"@id":"https:\/\/www.eldiario.net\/portal\/2024\/09\/28\/anez-denuncia-tortura-blanca-en-audiencias-del-caso-senkata\/#primaryimage"},"thumbnailUrl":"https:\/\/www.eldiario.net\/portal\/wp-content\/uploads\/2024\/09\/P-3-10-cm-x-7-3.jpg","articleSection":["Portada"],"inLanguage":"es","potentialAction":[{"@type":"CommentAction","name":"Comment","target":["https:\/\/www.eldiario.net\/portal\/2024\/09\/28\/anez-denuncia-tortura-blanca-en-audiencias-del-caso-senkata\/#respond"]}]},{"@type":"WebPage","@id":"https:\/\/www.eldiario.net\/portal\/2024\/09\/28\/anez-denuncia-tortura-blanca-en-audiencias-del-caso-senkata\/","url":"https:\/\/www.eldiario.net\/portal\/2024\/09\/28\/anez-denuncia-tortura-blanca-en-audiencias-del-caso-senkata\/","name":"A\u00f1ez denuncia \u201ctortura blanca\u201d en audiencias del caso Senkata - El Diario - Bolivia","isPartOf":{"@id":"https:\/\/www.eldiario.net\/portal\/#website"},"primaryImageOfPage":{"@id":"https:\/\/www.eldiario.net\/portal\/2024\/09\/28\/anez-denuncia-tortura-blanca-en-audiencias-del-caso-senkata\/#primaryimage"},"image":{"@id":"https:\/\/www.eldiario.net\/portal\/2024\/09\/28\/anez-denuncia-tortura-blanca-en-audiencias-del-caso-senkata\/#primaryimage"},"thumbnailUrl":"https:\/\/www.eldiario.net\/portal\/wp-content\/uploads\/2024\/09\/P-3-10-cm-x-7-3.jpg","datePublished":"2024-09-28T10:40:55+00:00","breadcrumb":{"@id":"https:\/\/www.eldiario.net\/portal\/2024\/09\/28\/anez-denuncia-tortura-blanca-en-audiencias-del-caso-senkata\/#breadcrumb"},"inLanguage":"es","potentialAction":[{"@type":"ReadAction","target":["https:\/\/www.eldiario.net\/portal\/2024\/09\/28\/anez-denuncia-tortura-blanca-en-audiencias-del-caso-senkata\/"]}]},{"@type":"ImageObject","inLanguage":"es","@id":"https:\/\/www.eldiario.net\/portal\/2024\/09\/28\/anez-denuncia-tortura-blanca-en-audiencias-del-caso-senkata\/#primaryimage","url":"https:\/\/www.eldiario.net\/portal\/wp-content\/uploads\/2024\/09\/P-3-10-cm-x-7-3.jpg","contentUrl":"https:\/\/www.eldiario.net\/portal\/wp-content\/uploads\/2024\/09\/P-3-10-cm-x-7-3.jpg","width":900,"height":533,"caption":"Expresidenta de Bolivia, Jeanine A\u00f1ez Ch\u00e1vez."},{"@type":"BreadcrumbList","@id":"https:\/\/www.eldiario.net\/portal\/2024\/09\/28\/anez-denuncia-tortura-blanca-en-audiencias-del-caso-senkata\/#breadcrumb","itemListElement":[{"@type":"ListItem","position":1,"name":"Portada","item":"https:\/\/www.eldiario.net\/portal\/"},{"@type":"ListItem","position":2,"name":"A\u00f1ez denuncia \u201ctortura blanca\u201d en audiencias del caso Senkata"}]},{"@type":"WebSite","@id":"https:\/\/www.eldiario.net\/portal\/#website","url":"https:\/\/www.eldiario.net\/portal\/","name":"El Diario - Decano de la prensa nacional","description":"El Diario - Decano de la prensa nacional","publisher":{"@id":"https:\/\/www.eldiario.net\/portal\/#organization"},"potentialAction":[{"@type":"SearchAction","target":{"@type":"EntryPoint","urlTemplate":"https:\/\/www.eldiario.net\/portal\/?s={search_term_string}"},"query-input":{"@type":"PropertyValueSpecification","valueRequired":true,"valueName":"search_term_string"}}],"inLanguage":"es"},{"@type":"Organization","@id":"https:\/\/www.eldiario.net\/portal\/#organization","name":"El Diario - Decano de la prensa nacional","url":"https:\/\/www.eldiario.net\/portal\/","logo":{"@type":"ImageObject","inLanguage":"es","@id":"https:\/\/www.eldiario.net\/portal\/#\/schema\/logo\/image\/","url":"https:\/\/www.eldiario.net\/portal\/wp-content\/uploads\/2023\/07\/logo_ED.jpg","contentUrl":"https:\/\/www.eldiario.net\/portal\/wp-content\/uploads\/2023\/07\/logo_ED.jpg","width":272,"height":52,"caption":"El Diario - Decano de la prensa nacional"},"image":{"@id":"https:\/\/www.eldiario.net\/portal\/#\/schema\/logo\/image\/"},"sameAs":["https:\/\/www.facebook.com\/eldiario.bolivia\/","https:\/\/x.com\/eldiario_net"]},{"@type":"Person","@id":"https:\/\/www.eldiario.net\/portal\/#\/schema\/person\/2c57cf2b7a7ae032e449e4c9b1019eac","name":"Jeanette","image":{"@type":"ImageObject","inLanguage":"es","@id":"https:\/\/secure.gravatar.com\/avatar\/3ea2118a5f7dad2b7138b1187a6b7ee55f160b9968b66013c3a3ef39dd7e5798?s=96&d=mm&r=g","url":"https:\/\/secure.gravatar.com\/avatar\/3ea2118a5f7dad2b7138b1187a6b7ee55f160b9968b66013c3a3ef39dd7e5798?s=96&d=mm&r=g","contentUrl":"https:\/\/secure.gravatar.com\/avatar\/3ea2118a5f7dad2b7138b1187a6b7ee55f160b9968b66013c3a3ef39dd7e5798?s=96&d=mm&r=g","caption":"Jeanette"},"sameAs":["https:\/\/www.eldiario.net\/portal"],"url":"https:\/\/www.eldiario.net\/portal\/author\/jeanette\/"}]}},"_links":{"self":[{"href":"https:\/\/www.eldiario.net\/portal\/wp-json\/wp\/v2\/posts\/250443","targetHints":{"allow":["GET"]}}],"collection":[{"href":"https:\/\/www.eldiario.net\/portal\/wp-json\/wp\/v2\/posts"}],"about":[{"href":"https:\/\/www.eldiario.net\/portal\/wp-json\/wp\/v2\/types\/post"}],"author":[{"embeddable":true,"href":"https:\/\/www.eldiario.net\/portal\/wp-json\/wp\/v2\/users\/1"}],"replies":[{"embeddable":true,"href":"https:\/\/www.eldiario.net\/portal\/wp-json\/wp\/v2\/comments?post=250443"}],"version-history":[{"count":1,"href":"https:\/\/www.eldiario.net\/portal\/wp-json\/wp\/v2\/posts\/250443\/revisions"}],"predecessor-version":[{"id":250445,"href":"https:\/\/www.eldiario.net\/portal\/wp-json\/wp\/v2\/posts\/250443\/revisions\/250445"}],"wp:featuredmedia":[{"embeddable":true,"href":"https:\/\/www.eldiario.net\/portal\/wp-json\/wp\/v2\/media\/250444"}],"wp:attachment":[{"href":"https:\/\/www.eldiario.net\/portal\/wp-json\/wp\/v2\/media?parent=250443"}],"wp:term":[{"taxonomy":"category","embeddable":true,"href":"https:\/\/www.eldiario.net\/portal\/wp-json\/wp\/v2\/categories?post=250443"},{"taxonomy":"post_tag","embeddable":true,"href":"https:\/\/www.eldiario.net\/portal\/wp-json\/wp\/v2\/tags?post=250443"}],"curies":[{"name":"wp","href":"https:\/\/api.w.org\/{rel}","templated":true}]}}