{"id":250421,"date":"2024-09-27T16:57:14","date_gmt":"2024-09-27T20:57:14","guid":{"rendered":"https:\/\/www.eldiario.net\/portal\/?p=250421"},"modified":"2024-09-27T16:57:14","modified_gmt":"2024-09-27T20:57:14","slug":"lluvia-sofoco-la-mayor-parte-de-incendios-en-la-chiquitania-de-santa-cruz","status":"publish","type":"post","link":"https:\/\/www.eldiario.net\/portal\/2024\/09\/27\/lluvia-sofoco-la-mayor-parte-de-incendios-en-la-chiquitania-de-santa-cruz\/","title":{"rendered":"Lluvia sofoc\u00f3 la mayor parte de incendios en la Chiquitania de Santa Cruz"},"content":{"rendered":"<p>Una copiosa lluvia ca\u00edda el jueves por la tarde sofoc\u00f3 la mayor parte de los incendios forestales que se ten\u00eda hace casi dos meses en la Chiquitania del departamento de Santa Cruz.<\/p>\n<p>El viceministro de Defensa Civil, Juan Carlos Calvimontes, dijo que se efectu\u00f3 la verificaci\u00f3n con un sobrevuelo efectuado por las zonas m\u00e1s afectadas por el fuego.<\/p>\n<p>La autoridad explic\u00f3 que s\u00f3lo se tienen incendios forestales activos a varios kil\u00f3metros de la localidad Monte Verde, por lo que se envi\u00f3 al avi\u00f3n Electra Tanker y dos aeronaves C-130 para la descarga de agua.<\/p>\n<p>El resultado m\u00e1s positivo es el final de la humareda que por m\u00e1s de un mes se disip\u00f3 por todo el territorio nacional.<\/p>\n","protected":false},"excerpt":{"rendered":"<p>Una copiosa lluvia ca\u00edda el jueves por la tarde sofoc\u00f3 la mayor parte de los incendios forestales que se ten\u00eda hace casi dos meses en la Chiquitania del departamento de Santa Cruz. El viceministro de Defensa Civil, Juan Carlos Calvimontes, dijo que se efectu\u00f3 la verificaci\u00f3n con un sobrevuelo efectuado por las zonas m\u00e1s afectadas [&hellip;]<\/p>\n","protected":false},"author":2,"featured_media":250422,"comment_status":"open","ping_status":"open","sticky":false,"template":"","format":"standard","meta":{"_acf_changed":false,"footnotes":""},"categories":[51],"tags":[],"class_list":["post-250421","post","type-post","status-publish","format-standard","has-post-thumbnail","category-ultima-hora"],"acf":{"antetitulo":""},"yoast_head":"<!-- This site is optimized with the Yoast SEO plugin v28.4 - https:\/\/yoast.com\/product\/yoast-seo-wordpress\/ -->\n<title>Lluvia sofoc\u00f3 la mayor parte de incendios en la Chiquitania de Santa Cruz - El Diario - Bolivia<\/title>\n<meta name=\"robots\" content=\"index, follow, max-snippet:-1, max-image-preview:large, max-video-preview:-1\" \/>\n<link rel=\"canonical\" href=\"https:\/\/www.eldiario.net\/portal\/2024\/09\/27\/lluvia-sofoco-la-mayor-parte-de-incendios-en-la-chiquitania-de-santa-cruz\/\" \/>\n<meta property=\"og:locale\" content=\"es_ES\" \/>\n<meta property=\"og:type\" content=\"article\" \/>\n<meta property=\"og:title\" content=\"Lluvia sofoc\u00f3 la mayor parte de incendios en la Chiquitania de Santa Cruz - El Diario - Bolivia\" \/>\n<meta property=\"og:description\" content=\"Una copiosa lluvia ca\u00edda el jueves por la tarde sofoc\u00f3 la mayor parte de los incendios forestales que se ten\u00eda hace casi dos meses en la Chiquitania del departamento de Santa Cruz. El viceministro de Defensa Civil, Juan Carlos Calvimontes, dijo que se efectu\u00f3 la verificaci\u00f3n con un sobrevuelo efectuado por las zonas m\u00e1s afectadas [&hellip;]\" \/>\n<meta property=\"og:url\" content=\"https:\/\/www.eldiario.net\/portal\/2024\/09\/27\/lluvia-sofoco-la-mayor-parte-de-incendios-en-la-chiquitania-de-santa-cruz\/\" \/>\n<meta property=\"og:site_name\" content=\"El Diario - Bolivia\" \/>\n<meta property=\"article:publisher\" content=\"https:\/\/www.facebook.com\/eldiario.bolivia\/\" \/>\n<meta property=\"article:published_time\" content=\"2024-09-27T20:57:14+00:00\" \/>\n<meta property=\"og:image\" content=\"https:\/\/www.eldiario.net\/portal\/wp-content\/uploads\/2024\/09\/ACRE-27.jpg\" \/>\n\t<meta property=\"og:image:width\" content=\"600\" \/>\n\t<meta property=\"og:image:height\" content=\"462\" \/>\n\t<meta property=\"og:image:type\" content=\"image\/jpeg\" \/>\n<meta name=\"author\" content=\"luis Camacho\" \/>\n<meta name=\"twitter:card\" content=\"summary_large_image\" \/>\n<meta name=\"twitter:creator\" content=\"@eldiario_net\" \/>\n<meta name=\"twitter:site\" content=\"@eldiario_net\" \/>\n<meta name=\"twitter:label1\" content=\"Escrito por\" \/>\n\t<meta name=\"twitter:data1\" content=\"luis Camacho\" \/>\n\t<meta name=\"twitter:label2\" content=\"Tiempo de lectura\" \/>\n\t<meta name=\"twitter:data2\" content=\"1 minuto\" \/>\n<script type=\"application\/ld+json\" class=\"yoast-schema-graph\">{\"@context\":\"https:\\\/\\\/schema.org\",\"@graph\":[{\"@type\":\"Article\",\"@id\":\"https:\\\/\\\/www.eldiario.net\\\/portal\\\/2024\\\/09\\\/27\\\/lluvia-sofoco-la-mayor-parte-de-incendios-en-la-chiquitania-de-santa-cruz\\\/#article\",\"isPartOf\":{\"@id\":\"https:\\\/\\\/www.eldiario.net\\\/portal\\\/2024\\\/09\\\/27\\\/lluvia-sofoco-la-mayor-parte-de-incendios-en-la-chiquitania-de-santa-cruz\\\/\"},\"author\":{\"name\":\"luis Camacho\",\"@id\":\"https:\\\/\\\/www.eldiario.net\\\/portal\\\/#\\\/schema\\\/person\\\/cab1ae4db27e5f008a62cbffb05fbfee\"},\"headline\":\"Lluvia sofoc\u00f3 la mayor parte de incendios en la Chiquitania de Santa Cruz\",\"datePublished\":\"2024-09-27T20:57:14+00:00\",\"mainEntityOfPage\":{\"@id\":\"https:\\\/\\\/www.eldiario.net\\\/portal\\\/2024\\\/09\\\/27\\\/lluvia-sofoco-la-mayor-parte-de-incendios-en-la-chiquitania-de-santa-cruz\\\/\"},\"wordCount\":139,\"commentCount\":0,\"publisher\":{\"@id\":\"https:\\\/\\\/www.eldiario.net\\\/portal\\\/#organization\"},\"image\":{\"@id\":\"https:\\\/\\\/www.eldiario.net\\\/portal\\\/2024\\\/09\\\/27\\\/lluvia-sofoco-la-mayor-parte-de-incendios-en-la-chiquitania-de-santa-cruz\\\/#primaryimage\"},\"thumbnailUrl\":\"https:\\\/\\\/www.eldiario.net\\\/portal\\\/wp-content\\\/uploads\\\/2024\\\/09\\\/ACRE-27.jpg\",\"articleSection\":[\"\u00daltima Hora\"],\"inLanguage\":\"es\",\"potentialAction\":[{\"@type\":\"CommentAction\",\"name\":\"Comment\",\"target\":[\"https:\\\/\\\/www.eldiario.net\\\/portal\\\/2024\\\/09\\\/27\\\/lluvia-sofoco-la-mayor-parte-de-incendios-en-la-chiquitania-de-santa-cruz\\\/#respond\"]}]},{\"@type\":\"WebPage\",\"@id\":\"https:\\\/\\\/www.eldiario.net\\\/portal\\\/2024\\\/09\\\/27\\\/lluvia-sofoco-la-mayor-parte-de-incendios-en-la-chiquitania-de-santa-cruz\\\/\",\"url\":\"https:\\\/\\\/www.eldiario.net\\\/portal\\\/2024\\\/09\\\/27\\\/lluvia-sofoco-la-mayor-parte-de-incendios-en-la-chiquitania-de-santa-cruz\\\/\",\"name\":\"Lluvia sofoc\u00f3 la mayor parte de incendios en la Chiquitania de Santa Cruz - El Diario - Bolivia\",\"isPartOf\":{\"@id\":\"https:\\\/\\\/www.eldiario.net\\\/portal\\\/#website\"},\"primaryImageOfPage\":{\"@id\":\"https:\\\/\\\/www.eldiario.net\\\/portal\\\/2024\\\/09\\\/27\\\/lluvia-sofoco-la-mayor-parte-de-incendios-en-la-chiquitania-de-santa-cruz\\\/#primaryimage\"},\"image\":{\"@id\":\"https:\\\/\\\/www.eldiario.net\\\/portal\\\/2024\\\/09\\\/27\\\/lluvia-sofoco-la-mayor-parte-de-incendios-en-la-chiquitania-de-santa-cruz\\\/#primaryimage\"},\"thumbnailUrl\":\"https:\\\/\\\/www.eldiario.net\\\/portal\\\/wp-content\\\/uploads\\\/2024\\\/09\\\/ACRE-27.jpg\",\"datePublished\":\"2024-09-27T20:57:14+00:00\",\"breadcrumb\":{\"@id\":\"https:\\\/\\\/www.eldiario.net\\\/portal\\\/2024\\\/09\\\/27\\\/lluvia-sofoco-la-mayor-parte-de-incendios-en-la-chiquitania-de-santa-cruz\\\/#breadcrumb\"},\"inLanguage\":\"es\",\"potentialAction\":[{\"@type\":\"ReadAction\",\"target\":[\"https:\\\/\\\/www.eldiario.net\\\/portal\\\/2024\\\/09\\\/27\\\/lluvia-sofoco-la-mayor-parte-de-incendios-en-la-chiquitania-de-santa-cruz\\\/\"]}]},{\"@type\":\"ImageObject\",\"inLanguage\":\"es\",\"@id\":\"https:\\\/\\\/www.eldiario.net\\\/portal\\\/2024\\\/09\\\/27\\\/lluvia-sofoco-la-mayor-parte-de-incendios-en-la-chiquitania-de-santa-cruz\\\/#primaryimage\",\"url\":\"https:\\\/\\\/www.eldiario.net\\\/portal\\\/wp-content\\\/uploads\\\/2024\\\/09\\\/ACRE-27.jpg\",\"contentUrl\":\"https:\\\/\\\/www.eldiario.net\\\/portal\\\/wp-content\\\/uploads\\\/2024\\\/09\\\/ACRE-27.jpg\",\"width\":600,\"height\":462,\"caption\":\"Foto: Perladelacre peri\u00f3dico.\"},{\"@type\":\"BreadcrumbList\",\"@id\":\"https:\\\/\\\/www.eldiario.net\\\/portal\\\/2024\\\/09\\\/27\\\/lluvia-sofoco-la-mayor-parte-de-incendios-en-la-chiquitania-de-santa-cruz\\\/#breadcrumb\",\"itemListElement\":[{\"@type\":\"ListItem\",\"position\":1,\"name\":\"Portada\",\"item\":\"https:\\\/\\\/www.eldiario.net\\\/portal\\\/\"},{\"@type\":\"ListItem\",\"position\":2,\"name\":\"Lluvia sofoc\u00f3 la mayor parte de incendios en la Chiquitania de Santa Cruz\"}]},{\"@type\":\"WebSite\",\"@id\":\"https:\\\/\\\/www.eldiario.net\\\/portal\\\/#website\",\"url\":\"https:\\\/\\\/www.eldiario.net\\\/portal\\\/\",\"name\":\"El Diario - Decano de la prensa nacional\",\"description\":\"El Diario - Decano de la prensa nacional\",\"publisher\":{\"@id\":\"https:\\\/\\\/www.eldiario.net\\\/portal\\\/#organization\"},\"potentialAction\":[{\"@type\":\"SearchAction\",\"target\":{\"@type\":\"EntryPoint\",\"urlTemplate\":\"https:\\\/\\\/www.eldiario.net\\\/portal\\\/?s={search_term_string}\"},\"query-input\":{\"@type\":\"PropertyValueSpecification\",\"valueRequired\":true,\"valueName\":\"search_term_string\"}}],\"inLanguage\":\"es\"},{\"@type\":\"Organization\",\"@id\":\"https:\\\/\\\/www.eldiario.net\\\/portal\\\/#organization\",\"name\":\"El Diario - Decano de la prensa nacional\",\"url\":\"https:\\\/\\\/www.eldiario.net\\\/portal\\\/\",\"logo\":{\"@type\":\"ImageObject\",\"inLanguage\":\"es\",\"@id\":\"https:\\\/\\\/www.eldiario.net\\\/portal\\\/#\\\/schema\\\/logo\\\/image\\\/\",\"url\":\"https:\\\/\\\/www.eldiario.net\\\/portal\\\/wp-content\\\/uploads\\\/2023\\\/07\\\/logo_ED.jpg\",\"contentUrl\":\"https:\\\/\\\/www.eldiario.net\\\/portal\\\/wp-content\\\/uploads\\\/2023\\\/07\\\/logo_ED.jpg\",\"width\":272,\"height\":52,\"caption\":\"El Diario - Decano de la prensa nacional\"},\"image\":{\"@id\":\"https:\\\/\\\/www.eldiario.net\\\/portal\\\/#\\\/schema\\\/logo\\\/image\\\/\"},\"sameAs\":[\"https:\\\/\\\/www.facebook.com\\\/eldiario.bolivia\\\/\",\"https:\\\/\\\/x.com\\\/eldiario_net\"]},{\"@type\":\"Person\",\"@id\":\"https:\\\/\\\/www.eldiario.net\\\/portal\\\/#\\\/schema\\\/person\\\/cab1ae4db27e5f008a62cbffb05fbfee\",\"name\":\"luis Camacho\",\"image\":{\"@type\":\"ImageObject\",\"inLanguage\":\"es\",\"@id\":\"https:\\\/\\\/secure.gravatar.com\\\/avatar\\\/69ecb836b3826d5a2501bf06ab2a2f2c8ab211cc846758f395df21684cb38313?s=96&d=mm&r=g\",\"url\":\"https:\\\/\\\/secure.gravatar.com\\\/avatar\\\/69ecb836b3826d5a2501bf06ab2a2f2c8ab211cc846758f395df21684cb38313?s=96&d=mm&r=g\",\"contentUrl\":\"https:\\\/\\\/secure.gravatar.com\\\/avatar\\\/69ecb836b3826d5a2501bf06ab2a2f2c8ab211cc846758f395df21684cb38313?s=96&d=mm&r=g\",\"caption\":\"luis Camacho\"},\"url\":\"https:\\\/\\\/www.eldiario.net\\\/portal\\\/author\\\/luis\\\/\"}]}<\/script>\n<!-- \/ Yoast SEO plugin. -->","yoast_head_json":{"title":"Lluvia sofoc\u00f3 la mayor parte de incendios en la Chiquitania de Santa Cruz - El Diario - Bolivia","robots":{"index":"index","follow":"follow","max-snippet":"max-snippet:-1","max-image-preview":"max-image-preview:large","max-video-preview":"max-video-preview:-1"},"canonical":"https:\/\/www.eldiario.net\/portal\/2024\/09\/27\/lluvia-sofoco-la-mayor-parte-de-incendios-en-la-chiquitania-de-santa-cruz\/","og_locale":"es_ES","og_type":"article","og_title":"Lluvia sofoc\u00f3 la mayor parte de incendios en la Chiquitania de Santa Cruz - El Diario - Bolivia","og_description":"Una copiosa lluvia ca\u00edda el jueves por la tarde sofoc\u00f3 la mayor parte de los incendios forestales que se ten\u00eda hace casi dos meses en la Chiquitania del departamento de Santa Cruz. El viceministro de Defensa Civil, Juan Carlos Calvimontes, dijo que se efectu\u00f3 la verificaci\u00f3n con un sobrevuelo efectuado por las zonas m\u00e1s afectadas [&hellip;]","og_url":"https:\/\/www.eldiario.net\/portal\/2024\/09\/27\/lluvia-sofoco-la-mayor-parte-de-incendios-en-la-chiquitania-de-santa-cruz\/","og_site_name":"El Diario - Bolivia","article_publisher":"https:\/\/www.facebook.com\/eldiario.bolivia\/","article_published_time":"2024-09-27T20:57:14+00:00","og_image":[{"width":600,"height":462,"url":"https:\/\/www.eldiario.net\/portal\/wp-content\/uploads\/2024\/09\/ACRE-27.jpg","type":"image\/jpeg"}],"author":"luis Camacho","twitter_card":"summary_large_image","twitter_creator":"@eldiario_net","twitter_site":"@eldiario_net","twitter_misc":{"Escrito por":"luis Camacho","Tiempo de lectura":"1 minuto"},"schema":{"@context":"https:\/\/schema.org","@graph":[{"@type":"Article","@id":"https:\/\/www.eldiario.net\/portal\/2024\/09\/27\/lluvia-sofoco-la-mayor-parte-de-incendios-en-la-chiquitania-de-santa-cruz\/#article","isPartOf":{"@id":"https:\/\/www.eldiario.net\/portal\/2024\/09\/27\/lluvia-sofoco-la-mayor-parte-de-incendios-en-la-chiquitania-de-santa-cruz\/"},"author":{"name":"luis Camacho","@id":"https:\/\/www.eldiario.net\/portal\/#\/schema\/person\/cab1ae4db27e5f008a62cbffb05fbfee"},"headline":"Lluvia sofoc\u00f3 la mayor parte de incendios en la Chiquitania de Santa Cruz","datePublished":"2024-09-27T20:57:14+00:00","mainEntityOfPage":{"@id":"https:\/\/www.eldiario.net\/portal\/2024\/09\/27\/lluvia-sofoco-la-mayor-parte-de-incendios-en-la-chiquitania-de-santa-cruz\/"},"wordCount":139,"commentCount":0,"publisher":{"@id":"https:\/\/www.eldiario.net\/portal\/#organization"},"image":{"@id":"https:\/\/www.eldiario.net\/portal\/2024\/09\/27\/lluvia-sofoco-la-mayor-parte-de-incendios-en-la-chiquitania-de-santa-cruz\/#primaryimage"},"thumbnailUrl":"https:\/\/www.eldiario.net\/portal\/wp-content\/uploads\/2024\/09\/ACRE-27.jpg","articleSection":["\u00daltima Hora"],"inLanguage":"es","potentialAction":[{"@type":"CommentAction","name":"Comment","target":["https:\/\/www.eldiario.net\/portal\/2024\/09\/27\/lluvia-sofoco-la-mayor-parte-de-incendios-en-la-chiquitania-de-santa-cruz\/#respond"]}]},{"@type":"WebPage","@id":"https:\/\/www.eldiario.net\/portal\/2024\/09\/27\/lluvia-sofoco-la-mayor-parte-de-incendios-en-la-chiquitania-de-santa-cruz\/","url":"https:\/\/www.eldiario.net\/portal\/2024\/09\/27\/lluvia-sofoco-la-mayor-parte-de-incendios-en-la-chiquitania-de-santa-cruz\/","name":"Lluvia sofoc\u00f3 la mayor parte de incendios en la Chiquitania de Santa Cruz - El Diario - Bolivia","isPartOf":{"@id":"https:\/\/www.eldiario.net\/portal\/#website"},"primaryImageOfPage":{"@id":"https:\/\/www.eldiario.net\/portal\/2024\/09\/27\/lluvia-sofoco-la-mayor-parte-de-incendios-en-la-chiquitania-de-santa-cruz\/#primaryimage"},"image":{"@id":"https:\/\/www.eldiario.net\/portal\/2024\/09\/27\/lluvia-sofoco-la-mayor-parte-de-incendios-en-la-chiquitania-de-santa-cruz\/#primaryimage"},"thumbnailUrl":"https:\/\/www.eldiario.net\/portal\/wp-content\/uploads\/2024\/09\/ACRE-27.jpg","datePublished":"2024-09-27T20:57:14+00:00","breadcrumb":{"@id":"https:\/\/www.eldiario.net\/portal\/2024\/09\/27\/lluvia-sofoco-la-mayor-parte-de-incendios-en-la-chiquitania-de-santa-cruz\/#breadcrumb"},"inLanguage":"es","potentialAction":[{"@type":"ReadAction","target":["https:\/\/www.eldiario.net\/portal\/2024\/09\/27\/lluvia-sofoco-la-mayor-parte-de-incendios-en-la-chiquitania-de-santa-cruz\/"]}]},{"@type":"ImageObject","inLanguage":"es","@id":"https:\/\/www.eldiario.net\/portal\/2024\/09\/27\/lluvia-sofoco-la-mayor-parte-de-incendios-en-la-chiquitania-de-santa-cruz\/#primaryimage","url":"https:\/\/www.eldiario.net\/portal\/wp-content\/uploads\/2024\/09\/ACRE-27.jpg","contentUrl":"https:\/\/www.eldiario.net\/portal\/wp-content\/uploads\/2024\/09\/ACRE-27.jpg","width":600,"height":462,"caption":"Foto: Perladelacre peri\u00f3dico."},{"@type":"BreadcrumbList","@id":"https:\/\/www.eldiario.net\/portal\/2024\/09\/27\/lluvia-sofoco-la-mayor-parte-de-incendios-en-la-chiquitania-de-santa-cruz\/#breadcrumb","itemListElement":[{"@type":"ListItem","position":1,"name":"Portada","item":"https:\/\/www.eldiario.net\/portal\/"},{"@type":"ListItem","position":2,"name":"Lluvia sofoc\u00f3 la mayor parte de incendios en la Chiquitania de Santa Cruz"}]},{"@type":"WebSite","@id":"https:\/\/www.eldiario.net\/portal\/#website","url":"https:\/\/www.eldiario.net\/portal\/","name":"El Diario - Decano de la prensa nacional","description":"El Diario - Decano de la prensa nacional","publisher":{"@id":"https:\/\/www.eldiario.net\/portal\/#organization"},"potentialAction":[{"@type":"SearchAction","target":{"@type":"EntryPoint","urlTemplate":"https:\/\/www.eldiario.net\/portal\/?s={search_term_string}"},"query-input":{"@type":"PropertyValueSpecification","valueRequired":true,"valueName":"search_term_string"}}],"inLanguage":"es"},{"@type":"Organization","@id":"https:\/\/www.eldiario.net\/portal\/#organization","name":"El Diario - Decano de la prensa nacional","url":"https:\/\/www.eldiario.net\/portal\/","logo":{"@type":"ImageObject","inLanguage":"es","@id":"https:\/\/www.eldiario.net\/portal\/#\/schema\/logo\/image\/","url":"https:\/\/www.eldiario.net\/portal\/wp-content\/uploads\/2023\/07\/logo_ED.jpg","contentUrl":"https:\/\/www.eldiario.net\/portal\/wp-content\/uploads\/2023\/07\/logo_ED.jpg","width":272,"height":52,"caption":"El Diario - Decano de la prensa nacional"},"image":{"@id":"https:\/\/www.eldiario.net\/portal\/#\/schema\/logo\/image\/"},"sameAs":["https:\/\/www.facebook.com\/eldiario.bolivia\/","https:\/\/x.com\/eldiario_net"]},{"@type":"Person","@id":"https:\/\/www.eldiario.net\/portal\/#\/schema\/person\/cab1ae4db27e5f008a62cbffb05fbfee","name":"luis Camacho","image":{"@type":"ImageObject","inLanguage":"es","@id":"https:\/\/secure.gravatar.com\/avatar\/69ecb836b3826d5a2501bf06ab2a2f2c8ab211cc846758f395df21684cb38313?s=96&d=mm&r=g","url":"https:\/\/secure.gravatar.com\/avatar\/69ecb836b3826d5a2501bf06ab2a2f2c8ab211cc846758f395df21684cb38313?s=96&d=mm&r=g","contentUrl":"https:\/\/secure.gravatar.com\/avatar\/69ecb836b3826d5a2501bf06ab2a2f2c8ab211cc846758f395df21684cb38313?s=96&d=mm&r=g","caption":"luis Camacho"},"url":"https:\/\/www.eldiario.net\/portal\/author\/luis\/"}]}},"_links":{"self":[{"href":"https:\/\/www.eldiario.net\/portal\/wp-json\/wp\/v2\/posts\/250421","targetHints":{"allow":["GET"]}}],"collection":[{"href":"https:\/\/www.eldiario.net\/portal\/wp-json\/wp\/v2\/posts"}],"about":[{"href":"https:\/\/www.eldiario.net\/portal\/wp-json\/wp\/v2\/types\/post"}],"author":[{"embeddable":true,"href":"https:\/\/www.eldiario.net\/portal\/wp-json\/wp\/v2\/users\/2"}],"replies":[{"embeddable":true,"href":"https:\/\/www.eldiario.net\/portal\/wp-json\/wp\/v2\/comments?post=250421"}],"version-history":[{"count":1,"href":"https:\/\/www.eldiario.net\/portal\/wp-json\/wp\/v2\/posts\/250421\/revisions"}],"predecessor-version":[{"id":250423,"href":"https:\/\/www.eldiario.net\/portal\/wp-json\/wp\/v2\/posts\/250421\/revisions\/250423"}],"wp:featuredmedia":[{"embeddable":true,"href":"https:\/\/www.eldiario.net\/portal\/wp-json\/wp\/v2\/media\/250422"}],"wp:attachment":[{"href":"https:\/\/www.eldiario.net\/portal\/wp-json\/wp\/v2\/media?parent=250421"}],"wp:term":[{"taxonomy":"category","embeddable":true,"href":"https:\/\/www.eldiario.net\/portal\/wp-json\/wp\/v2\/categories?post=250421"},{"taxonomy":"post_tag","embeddable":true,"href":"https:\/\/www.eldiario.net\/portal\/wp-json\/wp\/v2\/tags?post=250421"}],"curies":[{"name":"wp","href":"https:\/\/api.w.org\/{rel}","templated":true}]}}