{"id":250385,"date":"2024-09-27T06:26:43","date_gmt":"2024-09-27T10:26:43","guid":{"rendered":"https:\/\/www.eldiario.net\/portal\/?p=250385"},"modified":"2024-09-27T06:26:43","modified_gmt":"2024-09-27T10:26:43","slug":"origen-del-lenguaje-3","status":"publish","type":"post","link":"https:\/\/www.eldiario.net\/portal\/2024\/09\/27\/origen-del-lenguaje-3\/","title":{"rendered":"Origen del lenguaje"},"content":{"rendered":"<p><strong>Por. Lic. H\u00e9ctor Molina<\/strong><\/p>\n<p>&nbsp;<\/p>\n<p><strong>Recordemos que\u2026<\/strong><\/p>\n<p>&nbsp;<\/p>\n<p>El origen del lenguaje es un tema fascinante que ha intrigado a expertos de diversas disciplinas como la ling\u00fc\u00edstica, la historia, la biolog\u00eda, la antropolog\u00eda y la filosof\u00eda. A lo largo de los siglos, se han planteado diferentes teor\u00edas sobre c\u00f3mo y por qu\u00e9 los seres humanos desarrollaron la capacidad de hablar. Como especialista en Ling\u00fc\u00edstica e Historia, te proporcionar\u00e9 una explicaci\u00f3n detallada de este proceso.<\/p>\n<p>&nbsp;<\/p>\n<p><strong>Proyecciones del futuro del desarrollo del lenguaje<\/strong><\/p>\n<p>&nbsp;<\/p>\n<p>Seg\u00fan el an\u00e1lisis de varios especialistas sobre el futuro del lenguaje desde una perspectiva interdisciplinaria, consideran que tanto los cambios tecnol\u00f3gicos como los sociales y culturales influyen en el desarrollo del lenguaje.<\/p>\n<p>&nbsp;<\/p>\n<ol>\n<li><strong> Diversidad ling\u00fc\u00edstica. extinci\u00f3n vs. revitalizaci\u00f3n<\/strong><\/li>\n<\/ol>\n<p>&nbsp;<\/p>\n<p>Una de las principales proyecciones sobre el futuro del lenguaje est\u00e1 relacionada con la diversidad de las lenguas en el mundo.<\/p>\n<p>&nbsp;<\/p>\n<ul>\n<li><strong>P\u00e9rdida de lenguas minoritarias.<\/strong> Seg\u00fan la UNESCO, actualmente hay m\u00e1s de 7,000 lenguas en el mundo, pero aproximadamente la mitad de ellas est\u00e1n en peligro de extinci\u00f3n. Se proyecta que muchas lenguas minoritarias desaparecer\u00e1n en el futuro, ya que las nuevas generaciones adoptan idiomas m\u00e1s dominantes (como el ingl\u00e9s, mandar\u00edn o espa\u00f1ol) por razones econ\u00f3micas, educativas y de movilidad social.<\/li>\n<\/ul>\n<p>&nbsp;<\/p>\n<ul>\n<li><strong>Revitalizaci\u00f3n de lenguas ind\u00edgenas.<\/strong> Aunque muchas lenguas est\u00e1n en peligro, movimientos de revitalizaci\u00f3n est\u00e1n emergiendo en distintas partes del mundo. Estos esfuerzos, apoyados por las nuevas tecnolog\u00edas (como aplicaciones de aprendizaje de lenguas, inteligencia artificial y redes sociales), permiten que las comunidades locales recuperen y promuevan sus lenguas nativas. Las lenguas ind\u00edgenas podr\u00edan tener un renacimiento, especialmente en contextos donde los gobiernos y las organizaciones culturales est\u00e1n invirtiendo en la preservaci\u00f3n del patrimonio ling\u00fc\u00edstico.<\/li>\n<\/ul>\n<p>&nbsp;<\/p>\n<ol start=\"2\">\n<li><strong> Globalizaci\u00f3n y hegemon\u00eda ling\u00fc\u00edstica<\/strong><\/li>\n<\/ol>\n<p>&nbsp;<\/p>\n<p>La globalizaci\u00f3n ha fomentado el uso de lenguas comunes para facilitar la comunicaci\u00f3n internacional. Esto ha llevado a proyecciones que sugieren una concentraci\u00f3n en torno a unas pocas lenguas dominantes.<\/p>\n<p>&nbsp;<\/p>\n<ul>\n<li><strong>Ingl\u00e9s como \u00ablingua franca\u00bb global.<\/strong> El ingl\u00e9s ha sido la lengua de la ciencia, los negocios y la tecnolog\u00eda en las \u00faltimas d\u00e9cadas, y se espera que contin\u00fae siendo la lengua franca en un mundo globalizado. Sin embargo, su futuro como idioma global no est\u00e1 garantizado. Si bien se proyecta que seguir\u00e1 dominando, podr\u00eda enfrentarse a la competencia de otras lenguas.<\/li>\n<\/ul>\n<p>&nbsp;<\/p>\n<ul>\n<li><strong>Ascenso del mandar\u00edn y el espa\u00f1ol.<\/strong> Se prev\u00e9 que el mandar\u00edn y el espa\u00f1ol tambi\u00e9n ganen mayor importancia debido al crecimiento demogr\u00e1fico y econ\u00f3mico de China y los pa\u00edses de habla hispana. El mandar\u00edn es la lengua m\u00e1s hablada en t\u00e9rminos de hablantes nativos, y el espa\u00f1ol est\u00e1 experimentando un notable crecimiento en regiones como Estados Unidos.<\/li>\n<\/ul>\n<p>&nbsp;<\/p>\n<ol start=\"3\">\n<li><strong> Cambios por la tecnolog\u00eda<\/strong><\/li>\n<\/ol>\n<p>&nbsp;<\/p>\n<p>La tecnolog\u00eda es uno de los principales motores que est\u00e1n moldeando el futuro del lenguaje.<\/p>\n<p>&nbsp;<\/p>\n<ul>\n<li><strong>Traducci\u00f3n autom\u00e1tica e IA.<\/strong> Las herramientas de traducci\u00f3n autom\u00e1tica, como Google Translate, y las innovaciones en inteligencia artificial (IA) est\u00e1n revolucionando la forma en que las personas se comunican. En el futuro, es posible que las barreras ling\u00fc\u00edsticas se reduzcan a\u00fan m\u00e1s gracias a la IA avanzada, permitiendo una traducci\u00f3n instant\u00e1nea en tiempo real en una amplia variedad de lenguas.<\/li>\n<\/ul>\n<p>&nbsp;<\/p>\n<ul>\n<li><strong>Lenguajes de programaci\u00f3n y humanizaci\u00f3n del c\u00f3digo.<\/strong> Adem\u00e1s de las lenguas habladas, el lenguaje de programaci\u00f3n ha ganado importancia. Se proyecta que los lenguajes de programaci\u00f3n ser\u00e1n cada vez m\u00e1s \u00abhumanos\u00bb en el sentido de ser m\u00e1s accesibles y f\u00e1ciles de entender. Esto podr\u00eda cambiar la relaci\u00f3n entre las personas y la tecnolog\u00eda, ampliando qui\u00e9n puede participar en el desarrollo tecnol\u00f3gico.<\/li>\n<\/ul>\n<p>&nbsp;<\/p>\n<ul>\n<li><strong>Interacci\u00f3n hombre-m\u00e1quina.<\/strong> Tecnolog\u00edas como los asistentes virtuales (Siri, Alexa, Google Assistant) y los chatbots est\u00e1n modificando la manera en que interactuamos con los dispositivos, lo que lleva a la creaci\u00f3n de nuevos patrones ling\u00fc\u00edsticos. En el futuro, se espera que los lenguajes utilizados para interactuar con estas m\u00e1quinas se adapten a las necesidades humanas, tal vez dando lugar a la creaci\u00f3n de nuevas formas de hablar m\u00e1s optimizadas para la interacci\u00f3n digital.<\/li>\n<\/ul>\n<p>&nbsp;<\/p>\n<ol start=\"4\">\n<li><strong> Simplificaci\u00f3n y evoluci\u00f3n del lenguaje<\/strong><\/li>\n<\/ol>\n<p>&nbsp;<\/p>\n<p>La evoluci\u00f3n natural del lenguaje seguir\u00e1 siendo un proceso din\u00e1mico en el futuro, influido tanto por las condiciones sociales como por las innovaciones tecnol\u00f3gicas.<\/p>\n<p>&nbsp;<\/p>\n<ul>\n<li><strong>Aceleraci\u00f3n de la evoluci\u00f3n ling\u00fc\u00edstica.<\/strong> Con la expansi\u00f3n de la comunicaci\u00f3n digital y global, los idiomas est\u00e1n evolucionando a un ritmo m\u00e1s r\u00e1pido. El surgimiento de nuevas palabras, expresiones, y formas de abreviaci\u00f3n (especialmente en medios como las redes sociales y la mensajer\u00eda instant\u00e1nea) indica que el lenguaje del futuro puede ser m\u00e1s din\u00e1mico y adaptable.<\/li>\n<\/ul>\n<p>&nbsp;<\/p>\n<ul>\n<li><strong>Simplificaci\u00f3n gramatical.<\/strong> Una posible proyecci\u00f3n es la simplificaci\u00f3n de ciertos idiomas. En muchos casos, los lenguajes tienden a perder ciertas complejidades gramaticales, como los casos en el ingl\u00e9s antiguo o los g\u00e9neros en algunas lenguas. Esto puede deberse a la necesidad de facilitar la comunicaci\u00f3n global.<\/li>\n<\/ul>\n<p>&nbsp;<\/p>\n<ul>\n<li><strong>Aumento de los h\u00edbridos ling\u00fc\u00edsticos.<\/strong> Con la globalizaci\u00f3n y la migraci\u00f3n, tambi\u00e9n se prev\u00e9 un aumento de las lenguas h\u00edbridas, donde se combinan elementos de diferentes lenguas. Ejemplos actuales son el spanglish (mezcla de espa\u00f1ol e ingl\u00e9s) o el portu\u00f1ol (mezcla de portugu\u00e9s y espa\u00f1ol). En el futuro, estas combinaciones podr\u00edan volverse m\u00e1s comunes y normalizadas.<\/li>\n<\/ul>\n<p>&nbsp;<\/p>\n<ol start=\"5\">\n<li><strong> Inclusi\u00f3n y diversidad ling\u00fc\u00edstica<\/strong><\/li>\n<\/ol>\n<p>&nbsp;<\/p>\n<p>El futuro del lenguaje tambi\u00e9n ser\u00e1 moldeado por movimientos sociales que buscan una mayor inclusi\u00f3n y representaci\u00f3n de diferentes identidades y expresiones.<\/p>\n<p>&nbsp;<\/p>\n<ul>\n<li><strong>Lenguaje inclusivo.<\/strong> Los debates sobre el uso del lenguaje inclusivo de g\u00e9nero, que busca evitar el uso sexista o discriminatorio del lenguaje, seguir\u00e1n teniendo un impacto en muchas lenguas, especialmente en aquellas que tienen g\u00e9neros gramaticales (como el espa\u00f1ol o el franc\u00e9s). Se proyecta que el lenguaje inclusivo seguir\u00e1 evolucionando y podr\u00eda transformarse en una norma aceptada en ciertos contextos sociales y educativos.<\/li>\n<\/ul>\n<p>&nbsp;<\/p>\n<ul>\n<li><strong>Reconocimiento de variantes dialectales.<\/strong> En lugar de seguir un solo est\u00e1ndar del lenguaje, en el futuro podr\u00edamos ver un reconocimiento y aceptaci\u00f3n m\u00e1s amplia de variantes dialectales dentro de una misma lengua, favoreciendo la diversidad cultural y ling\u00fc\u00edstica.<\/li>\n<\/ul>\n<p>&nbsp;<\/p>\n<ol start=\"6\">\n<li><strong> Comunicaci\u00f3n multimodal<\/strong><\/li>\n<\/ol>\n<p>&nbsp;<\/p>\n<p>El futuro del lenguaje no solo se centrar\u00e1 en la palabra hablada o escrita, sino que incluir\u00e1 una comunicaci\u00f3n multimodal que integra im\u00e1genes, s\u00edmbolos, emojis, gestos y lenguaje corporal.<\/p>\n<p>&nbsp;<\/p>\n<ul>\n<li><strong>Emojis y s\u00edmbolos visuales.<\/strong> Los emojis y otros s\u00edmbolos visuales seguir\u00e1n desempe\u00f1ando un papel importante en la comunicaci\u00f3n, proporcionando una forma r\u00e1pida y universal de expresar emociones y conceptos. Se proyecta que la comunicaci\u00f3n visual y simb\u00f3lica se integrar\u00e1 m\u00e1s estrechamente con la escrita, especialmente en entornos digitales.<\/li>\n<\/ul>\n<p>&nbsp;<\/p>\n<p>El futuro del lenguaje estar\u00e1 marcado por una combinaci\u00f3n de globalizaci\u00f3n y diversificaci\u00f3n, avances tecnol\u00f3gicos, y un enfoque en la inclusi\u00f3n social. A medida que el mundo se vuelve m\u00e1s interconectado, las lenguas dominantes pueden consolidar su lugar, pero al mismo tiempo, esfuerzos por preservar y revitalizar lenguas minoritarias pueden tener \u00e9xito. La tecnolog\u00eda jugar\u00e1 un papel clave en la transformaci\u00f3n de c\u00f3mo interactuamos con el lenguaje, acelerando la evoluci\u00f3n ling\u00fc\u00edstica y creando nuevas formas de comunicaci\u00f3n tanto oral como digital.<\/p>\n\r\n                <style type=\"text\/css\">\r\n                    \r\n                    #tdi_1  .td-doubleSlider-2 .td-item1 {\r\n                        background: url(https:\/\/www.eldiario.net\/portal\/wp-content\/uploads\/2024\/09\/Len-El-Lenguaje-Lengua-Habla-80x60.jpg) 0 0 no-repeat;\r\n                    }\r\n                    #tdi_1  .td-doubleSlider-2 .td-item2 {\r\n                        background: url(https:\/\/www.eldiario.net\/portal\/wp-content\/uploads\/2024\/09\/Len-El-Lenguaje-80x60.jpg) 0 0 no-repeat;\r\n                    }\r\n                <\/style>\r\n\r\n                <div id=\"tdi_1\" class=\"td-gallery td-slide-on-2-columns\">\r\n                    <div class=\"post_td_gallery\">\r\n                        <div class=\"td-gallery-slide-top\">\r\n                           <div class=\"td-gallery-title\"><\/div>\r\n\r\n                            <div class=\"td-gallery-controls-wrapper\">\r\n                                <div class=\"td-gallery-slide-count\"><span class=\"td-gallery-slide-item-focus\">1<\/span> de 2<\/div>\r\n                                <div class=\"td-gallery-slide-prev-next-but\">\r\n                                    <i class = \"td-icon-left doubleSliderPrevButton\"><\/i>\r\n                                    <i class = \"td-icon-right doubleSliderNextButton\"><\/i>\r\n                                <\/div>\r\n                            <\/div>\r\n                        <\/div>\r\n\r\n                        <div class = \"td-doubleSlider-1 \">\r\n                            <div class = \"td-slider\">\r\n                                \r\n                    <div class = \"td-slide-item td-item1\">\r\n                        <figure class=\"td-slide-galery-figure td-slide-popup-gallery\">\r\n                            <a class=\"slide-gallery-image-link\" href=\"https:\/\/www.eldiario.net\/portal\/wp-content\/uploads\/2024\/09\/Len-El-Lenguaje-Lengua-Habla.jpg\" title=\"Len----El-Lenguaje,-Lengua,-Habla\"  data-caption=\"\"  data-description=\"\">\r\n                                <img decoding=\"async\" src=\"https:\/\/www.eldiario.net\/portal\/wp-content\/uploads\/2024\/09\/Len-El-Lenguaje-Lengua-Habla-596x420.jpg\" srcset=\"https:\/\/www.eldiario.net\/portal\/wp-content\/uploads\/2024\/09\/Len-El-Lenguaje-Lengua-Habla-596x420.jpg 596w, https:\/\/www.eldiario.net\/portal\/wp-content\/uploads\/2024\/09\/Len-El-Lenguaje-Lengua-Habla-300x211.jpg 300w, https:\/\/www.eldiario.net\/portal\/wp-content\/uploads\/2024\/09\/Len-El-Lenguaje-Lengua-Habla-1024x722.jpg 1024w, https:\/\/www.eldiario.net\/portal\/wp-content\/uploads\/2024\/09\/Len-El-Lenguaje-Lengua-Habla-768x541.jpg 768w, https:\/\/www.eldiario.net\/portal\/wp-content\/uploads\/2024\/09\/Len-El-Lenguaje-Lengua-Habla-696x490.jpg 696w, https:\/\/www.eldiario.net\/portal\/wp-content\/uploads\/2024\/09\/Len-El-Lenguaje-Lengua-Habla-1068x753.jpg 1068w, https:\/\/www.eldiario.net\/portal\/wp-content\/uploads\/2024\/09\/Len-El-Lenguaje-Lengua-Habla.jpg 1368w\" sizes=\"(max-width: 596px) 100vw, 596px\" alt=\"\">\r\n                            <\/a>\r\n                            \r\n                        <\/figure>\r\n                    <\/div>\r\n                    <div class = \"td-slide-item td-item2\">\r\n                        <figure class=\"td-slide-galery-figure td-slide-popup-gallery\">\r\n                            <a class=\"slide-gallery-image-link\" href=\"https:\/\/www.eldiario.net\/portal\/wp-content\/uploads\/2024\/09\/Len-El-Lenguaje.jpg\" title=\"Len----El-Lenguaje\"  data-caption=\"\"  data-description=\"\">\r\n                                <img decoding=\"async\" src=\"https:\/\/www.eldiario.net\/portal\/wp-content\/uploads\/2024\/09\/Len-El-Lenguaje-468x420.jpg\" srcset=\"https:\/\/www.eldiario.net\/portal\/wp-content\/uploads\/2024\/09\/Len-El-Lenguaje-468x420.jpg 468w, https:\/\/www.eldiario.net\/portal\/wp-content\/uploads\/2024\/09\/Len-El-Lenguaje-300x269.jpg 300w, https:\/\/www.eldiario.net\/portal\/wp-content\/uploads\/2024\/09\/Len-El-Lenguaje.jpg 474w\" sizes=\"(max-width: 468px) 100vw, 468px\" alt=\"\">\r\n                            <\/a>\r\n                            \r\n                        <\/figure>\r\n                    <\/div>\r\n                            <\/div>\r\n                        <\/div>\r\n\r\n                        <div class = \"td-doubleSlider-2\">\r\n                            <div class = \"td-slider\">\r\n                                \r\n                    <div class = \"td-button td-item1\">\r\n                        <div class = \"td-border\"><\/div>\r\n                    <\/div>\r\n                    <div class = \"td-button td-item2\">\r\n                        <div class = \"td-border\"><\/div>\r\n                    <\/div>\r\n                            <\/div>\r\n                        <\/div>\r\n\r\n                    <\/div>\r\n\r\n                <\/div>\r\n                \n","protected":false},"excerpt":{"rendered":"<p>Por. Lic. H\u00e9ctor Molina &nbsp; Recordemos que\u2026 &nbsp; El origen del lenguaje es un tema fascinante que ha intrigado a expertos de diversas disciplinas como la ling\u00fc\u00edstica, la historia, la biolog\u00eda, la antropolog\u00eda y la filosof\u00eda. A lo largo de los siglos, se han planteado diferentes teor\u00edas sobre c\u00f3mo y por qu\u00e9 los seres humanos [&hellip;]<\/p>\n","protected":false},"author":1,"featured_media":250387,"comment_status":"open","ping_status":"open","sticky":false,"template":"","format":"standard","meta":{"_acf_changed":false,"footnotes":""},"categories":[43],"tags":[],"class_list":["post-250385","post","type-post","status-publish","format-standard","has-post-thumbnail","category-nuevos-horizontes"],"acf":{"antetitulo":"Tercera Parte"},"yoast_head":"<!-- This site is optimized with the Yoast SEO plugin v28.4 - https:\/\/yoast.com\/product\/yoast-seo-wordpress\/ -->\n<title>Origen del lenguaje - El Diario - Bolivia<\/title>\n<meta name=\"robots\" content=\"index, follow, max-snippet:-1, max-image-preview:large, max-video-preview:-1\" \/>\n<link rel=\"canonical\" href=\"https:\/\/www.eldiario.net\/portal\/2024\/09\/27\/origen-del-lenguaje-3\/\" \/>\n<meta property=\"og:locale\" content=\"es_ES\" \/>\n<meta property=\"og:type\" content=\"article\" \/>\n<meta property=\"og:title\" content=\"Origen del lenguaje - El Diario - Bolivia\" \/>\n<meta property=\"og:description\" content=\"Por. Lic. H\u00e9ctor Molina &nbsp; Recordemos que\u2026 &nbsp; El origen del lenguaje es un tema fascinante que ha intrigado a expertos de diversas disciplinas como la ling\u00fc\u00edstica, la historia, la biolog\u00eda, la antropolog\u00eda y la filosof\u00eda. A lo largo de los siglos, se han planteado diferentes teor\u00edas sobre c\u00f3mo y por qu\u00e9 los seres humanos [&hellip;]\" \/>\n<meta property=\"og:url\" content=\"https:\/\/www.eldiario.net\/portal\/2024\/09\/27\/origen-del-lenguaje-3\/\" \/>\n<meta property=\"og:site_name\" content=\"El Diario - Bolivia\" \/>\n<meta property=\"article:publisher\" content=\"https:\/\/www.facebook.com\/eldiario.bolivia\/\" \/>\n<meta property=\"article:published_time\" content=\"2024-09-27T10:26:43+00:00\" \/>\n<meta property=\"og:image\" content=\"https:\/\/www.eldiario.net\/portal\/wp-content\/uploads\/2024\/09\/Len-El-Lenguaje.jpg\" \/>\n\t<meta property=\"og:image:width\" content=\"474\" \/>\n\t<meta property=\"og:image:height\" content=\"425\" \/>\n\t<meta property=\"og:image:type\" content=\"image\/jpeg\" \/>\n<meta name=\"author\" content=\"Jeanette\" \/>\n<meta name=\"twitter:card\" content=\"summary_large_image\" \/>\n<meta name=\"twitter:creator\" content=\"@eldiario_net\" \/>\n<meta name=\"twitter:site\" content=\"@eldiario_net\" \/>\n<meta name=\"twitter:label1\" content=\"Escrito por\" \/>\n\t<meta name=\"twitter:data1\" content=\"Jeanette\" \/>\n\t<meta name=\"twitter:label2\" content=\"Tiempo de lectura\" \/>\n\t<meta name=\"twitter:data2\" content=\"6 minutos\" \/>\n<script type=\"application\/ld+json\" class=\"yoast-schema-graph\">{\"@context\":\"https:\\\/\\\/schema.org\",\"@graph\":[{\"@type\":\"Article\",\"@id\":\"https:\\\/\\\/www.eldiario.net\\\/portal\\\/2024\\\/09\\\/27\\\/origen-del-lenguaje-3\\\/#article\",\"isPartOf\":{\"@id\":\"https:\\\/\\\/www.eldiario.net\\\/portal\\\/2024\\\/09\\\/27\\\/origen-del-lenguaje-3\\\/\"},\"author\":{\"name\":\"Jeanette\",\"@id\":\"https:\\\/\\\/www.eldiario.net\\\/portal\\\/#\\\/schema\\\/person\\\/f46445640444750d7d753ccd04ae01b7\"},\"headline\":\"Origen del lenguaje\",\"datePublished\":\"2024-09-27T10:26:43+00:00\",\"mainEntityOfPage\":{\"@id\":\"https:\\\/\\\/www.eldiario.net\\\/portal\\\/2024\\\/09\\\/27\\\/origen-del-lenguaje-3\\\/\"},\"wordCount\":1327,\"commentCount\":0,\"publisher\":{\"@id\":\"https:\\\/\\\/www.eldiario.net\\\/portal\\\/#organization\"},\"image\":{\"@id\":\"https:\\\/\\\/www.eldiario.net\\\/portal\\\/2024\\\/09\\\/27\\\/origen-del-lenguaje-3\\\/#primaryimage\"},\"thumbnailUrl\":\"https:\\\/\\\/www.eldiario.net\\\/portal\\\/wp-content\\\/uploads\\\/2024\\\/09\\\/Len-El-Lenguaje.jpg\",\"articleSection\":[\"Nuevos Horizontes\"],\"inLanguage\":\"es\",\"potentialAction\":[{\"@type\":\"CommentAction\",\"name\":\"Comment\",\"target\":[\"https:\\\/\\\/www.eldiario.net\\\/portal\\\/2024\\\/09\\\/27\\\/origen-del-lenguaje-3\\\/#respond\"]}]},{\"@type\":\"WebPage\",\"@id\":\"https:\\\/\\\/www.eldiario.net\\\/portal\\\/2024\\\/09\\\/27\\\/origen-del-lenguaje-3\\\/\",\"url\":\"https:\\\/\\\/www.eldiario.net\\\/portal\\\/2024\\\/09\\\/27\\\/origen-del-lenguaje-3\\\/\",\"name\":\"Origen del lenguaje - El Diario - Bolivia\",\"isPartOf\":{\"@id\":\"https:\\\/\\\/www.eldiario.net\\\/portal\\\/#website\"},\"primaryImageOfPage\":{\"@id\":\"https:\\\/\\\/www.eldiario.net\\\/portal\\\/2024\\\/09\\\/27\\\/origen-del-lenguaje-3\\\/#primaryimage\"},\"image\":{\"@id\":\"https:\\\/\\\/www.eldiario.net\\\/portal\\\/2024\\\/09\\\/27\\\/origen-del-lenguaje-3\\\/#primaryimage\"},\"thumbnailUrl\":\"https:\\\/\\\/www.eldiario.net\\\/portal\\\/wp-content\\\/uploads\\\/2024\\\/09\\\/Len-El-Lenguaje.jpg\",\"datePublished\":\"2024-09-27T10:26:43+00:00\",\"breadcrumb\":{\"@id\":\"https:\\\/\\\/www.eldiario.net\\\/portal\\\/2024\\\/09\\\/27\\\/origen-del-lenguaje-3\\\/#breadcrumb\"},\"inLanguage\":\"es\",\"potentialAction\":[{\"@type\":\"ReadAction\",\"target\":[\"https:\\\/\\\/www.eldiario.net\\\/portal\\\/2024\\\/09\\\/27\\\/origen-del-lenguaje-3\\\/\"]}]},{\"@type\":\"ImageObject\",\"inLanguage\":\"es\",\"@id\":\"https:\\\/\\\/www.eldiario.net\\\/portal\\\/2024\\\/09\\\/27\\\/origen-del-lenguaje-3\\\/#primaryimage\",\"url\":\"https:\\\/\\\/www.eldiario.net\\\/portal\\\/wp-content\\\/uploads\\\/2024\\\/09\\\/Len-El-Lenguaje.jpg\",\"contentUrl\":\"https:\\\/\\\/www.eldiario.net\\\/portal\\\/wp-content\\\/uploads\\\/2024\\\/09\\\/Len-El-Lenguaje.jpg\",\"width\":474,\"height\":425},{\"@type\":\"BreadcrumbList\",\"@id\":\"https:\\\/\\\/www.eldiario.net\\\/portal\\\/2024\\\/09\\\/27\\\/origen-del-lenguaje-3\\\/#breadcrumb\",\"itemListElement\":[{\"@type\":\"ListItem\",\"position\":1,\"name\":\"Portada\",\"item\":\"https:\\\/\\\/www.eldiario.net\\\/portal\\\/\"},{\"@type\":\"ListItem\",\"position\":2,\"name\":\"Origen del lenguaje\"}]},{\"@type\":\"WebSite\",\"@id\":\"https:\\\/\\\/www.eldiario.net\\\/portal\\\/#website\",\"url\":\"https:\\\/\\\/www.eldiario.net\\\/portal\\\/\",\"name\":\"El Diario - Decano de la prensa nacional\",\"description\":\"El Diario - Decano de la prensa nacional\",\"publisher\":{\"@id\":\"https:\\\/\\\/www.eldiario.net\\\/portal\\\/#organization\"},\"potentialAction\":[{\"@type\":\"SearchAction\",\"target\":{\"@type\":\"EntryPoint\",\"urlTemplate\":\"https:\\\/\\\/www.eldiario.net\\\/portal\\\/?s={search_term_string}\"},\"query-input\":{\"@type\":\"PropertyValueSpecification\",\"valueRequired\":true,\"valueName\":\"search_term_string\"}}],\"inLanguage\":\"es\"},{\"@type\":\"Organization\",\"@id\":\"https:\\\/\\\/www.eldiario.net\\\/portal\\\/#organization\",\"name\":\"El Diario - Decano de la prensa nacional\",\"url\":\"https:\\\/\\\/www.eldiario.net\\\/portal\\\/\",\"logo\":{\"@type\":\"ImageObject\",\"inLanguage\":\"es\",\"@id\":\"https:\\\/\\\/www.eldiario.net\\\/portal\\\/#\\\/schema\\\/logo\\\/image\\\/\",\"url\":\"https:\\\/\\\/www.eldiario.net\\\/portal\\\/wp-content\\\/uploads\\\/2023\\\/07\\\/logo_ED.jpg\",\"contentUrl\":\"https:\\\/\\\/www.eldiario.net\\\/portal\\\/wp-content\\\/uploads\\\/2023\\\/07\\\/logo_ED.jpg\",\"width\":272,\"height\":52,\"caption\":\"El Diario - Decano de la prensa nacional\"},\"image\":{\"@id\":\"https:\\\/\\\/www.eldiario.net\\\/portal\\\/#\\\/schema\\\/logo\\\/image\\\/\"},\"sameAs\":[\"https:\\\/\\\/www.facebook.com\\\/eldiario.bolivia\\\/\",\"https:\\\/\\\/x.com\\\/eldiario_net\"]},{\"@type\":\"Person\",\"@id\":\"https:\\\/\\\/www.eldiario.net\\\/portal\\\/#\\\/schema\\\/person\\\/f46445640444750d7d753ccd04ae01b7\",\"name\":\"Jeanette\",\"image\":{\"@type\":\"ImageObject\",\"inLanguage\":\"es\",\"@id\":\"https:\\\/\\\/secure.gravatar.com\\\/avatar\\\/3ea2118a5f7dad2b7138b1187a6b7ee55f160b9968b66013c3a3ef39dd7e5798?s=96&d=mm&r=g\",\"url\":\"https:\\\/\\\/secure.gravatar.com\\\/avatar\\\/3ea2118a5f7dad2b7138b1187a6b7ee55f160b9968b66013c3a3ef39dd7e5798?s=96&d=mm&r=g\",\"contentUrl\":\"https:\\\/\\\/secure.gravatar.com\\\/avatar\\\/3ea2118a5f7dad2b7138b1187a6b7ee55f160b9968b66013c3a3ef39dd7e5798?s=96&d=mm&r=g\",\"caption\":\"Jeanette\"},\"sameAs\":[\"https:\\\/\\\/www.eldiario.net\\\/portal\"],\"url\":\"https:\\\/\\\/www.eldiario.net\\\/portal\\\/author\\\/jeanette\\\/\"}]}<\/script>\n<!-- \/ Yoast SEO plugin. -->","yoast_head_json":{"title":"Origen del lenguaje - El Diario - Bolivia","robots":{"index":"index","follow":"follow","max-snippet":"max-snippet:-1","max-image-preview":"max-image-preview:large","max-video-preview":"max-video-preview:-1"},"canonical":"https:\/\/www.eldiario.net\/portal\/2024\/09\/27\/origen-del-lenguaje-3\/","og_locale":"es_ES","og_type":"article","og_title":"Origen del lenguaje - El Diario - Bolivia","og_description":"Por. Lic. H\u00e9ctor Molina &nbsp; Recordemos que\u2026 &nbsp; El origen del lenguaje es un tema fascinante que ha intrigado a expertos de diversas disciplinas como la ling\u00fc\u00edstica, la historia, la biolog\u00eda, la antropolog\u00eda y la filosof\u00eda. A lo largo de los siglos, se han planteado diferentes teor\u00edas sobre c\u00f3mo y por qu\u00e9 los seres humanos [&hellip;]","og_url":"https:\/\/www.eldiario.net\/portal\/2024\/09\/27\/origen-del-lenguaje-3\/","og_site_name":"El Diario - Bolivia","article_publisher":"https:\/\/www.facebook.com\/eldiario.bolivia\/","article_published_time":"2024-09-27T10:26:43+00:00","og_image":[{"width":474,"height":425,"url":"https:\/\/www.eldiario.net\/portal\/wp-content\/uploads\/2024\/09\/Len-El-Lenguaje.jpg","type":"image\/jpeg"}],"author":"Jeanette","twitter_card":"summary_large_image","twitter_creator":"@eldiario_net","twitter_site":"@eldiario_net","twitter_misc":{"Escrito por":"Jeanette","Tiempo de lectura":"6 minutos"},"schema":{"@context":"https:\/\/schema.org","@graph":[{"@type":"Article","@id":"https:\/\/www.eldiario.net\/portal\/2024\/09\/27\/origen-del-lenguaje-3\/#article","isPartOf":{"@id":"https:\/\/www.eldiario.net\/portal\/2024\/09\/27\/origen-del-lenguaje-3\/"},"author":{"name":"Jeanette","@id":"https:\/\/www.eldiario.net\/portal\/#\/schema\/person\/f46445640444750d7d753ccd04ae01b7"},"headline":"Origen del lenguaje","datePublished":"2024-09-27T10:26:43+00:00","mainEntityOfPage":{"@id":"https:\/\/www.eldiario.net\/portal\/2024\/09\/27\/origen-del-lenguaje-3\/"},"wordCount":1327,"commentCount":0,"publisher":{"@id":"https:\/\/www.eldiario.net\/portal\/#organization"},"image":{"@id":"https:\/\/www.eldiario.net\/portal\/2024\/09\/27\/origen-del-lenguaje-3\/#primaryimage"},"thumbnailUrl":"https:\/\/www.eldiario.net\/portal\/wp-content\/uploads\/2024\/09\/Len-El-Lenguaje.jpg","articleSection":["Nuevos Horizontes"],"inLanguage":"es","potentialAction":[{"@type":"CommentAction","name":"Comment","target":["https:\/\/www.eldiario.net\/portal\/2024\/09\/27\/origen-del-lenguaje-3\/#respond"]}]},{"@type":"WebPage","@id":"https:\/\/www.eldiario.net\/portal\/2024\/09\/27\/origen-del-lenguaje-3\/","url":"https:\/\/www.eldiario.net\/portal\/2024\/09\/27\/origen-del-lenguaje-3\/","name":"Origen del lenguaje - El Diario - Bolivia","isPartOf":{"@id":"https:\/\/www.eldiario.net\/portal\/#website"},"primaryImageOfPage":{"@id":"https:\/\/www.eldiario.net\/portal\/2024\/09\/27\/origen-del-lenguaje-3\/#primaryimage"},"image":{"@id":"https:\/\/www.eldiario.net\/portal\/2024\/09\/27\/origen-del-lenguaje-3\/#primaryimage"},"thumbnailUrl":"https:\/\/www.eldiario.net\/portal\/wp-content\/uploads\/2024\/09\/Len-El-Lenguaje.jpg","datePublished":"2024-09-27T10:26:43+00:00","breadcrumb":{"@id":"https:\/\/www.eldiario.net\/portal\/2024\/09\/27\/origen-del-lenguaje-3\/#breadcrumb"},"inLanguage":"es","potentialAction":[{"@type":"ReadAction","target":["https:\/\/www.eldiario.net\/portal\/2024\/09\/27\/origen-del-lenguaje-3\/"]}]},{"@type":"ImageObject","inLanguage":"es","@id":"https:\/\/www.eldiario.net\/portal\/2024\/09\/27\/origen-del-lenguaje-3\/#primaryimage","url":"https:\/\/www.eldiario.net\/portal\/wp-content\/uploads\/2024\/09\/Len-El-Lenguaje.jpg","contentUrl":"https:\/\/www.eldiario.net\/portal\/wp-content\/uploads\/2024\/09\/Len-El-Lenguaje.jpg","width":474,"height":425},{"@type":"BreadcrumbList","@id":"https:\/\/www.eldiario.net\/portal\/2024\/09\/27\/origen-del-lenguaje-3\/#breadcrumb","itemListElement":[{"@type":"ListItem","position":1,"name":"Portada","item":"https:\/\/www.eldiario.net\/portal\/"},{"@type":"ListItem","position":2,"name":"Origen del lenguaje"}]},{"@type":"WebSite","@id":"https:\/\/www.eldiario.net\/portal\/#website","url":"https:\/\/www.eldiario.net\/portal\/","name":"El Diario - Decano de la prensa nacional","description":"El Diario - Decano de la prensa nacional","publisher":{"@id":"https:\/\/www.eldiario.net\/portal\/#organization"},"potentialAction":[{"@type":"SearchAction","target":{"@type":"EntryPoint","urlTemplate":"https:\/\/www.eldiario.net\/portal\/?s={search_term_string}"},"query-input":{"@type":"PropertyValueSpecification","valueRequired":true,"valueName":"search_term_string"}}],"inLanguage":"es"},{"@type":"Organization","@id":"https:\/\/www.eldiario.net\/portal\/#organization","name":"El Diario - Decano de la prensa nacional","url":"https:\/\/www.eldiario.net\/portal\/","logo":{"@type":"ImageObject","inLanguage":"es","@id":"https:\/\/www.eldiario.net\/portal\/#\/schema\/logo\/image\/","url":"https:\/\/www.eldiario.net\/portal\/wp-content\/uploads\/2023\/07\/logo_ED.jpg","contentUrl":"https:\/\/www.eldiario.net\/portal\/wp-content\/uploads\/2023\/07\/logo_ED.jpg","width":272,"height":52,"caption":"El Diario - Decano de la prensa nacional"},"image":{"@id":"https:\/\/www.eldiario.net\/portal\/#\/schema\/logo\/image\/"},"sameAs":["https:\/\/www.facebook.com\/eldiario.bolivia\/","https:\/\/x.com\/eldiario_net"]},{"@type":"Person","@id":"https:\/\/www.eldiario.net\/portal\/#\/schema\/person\/f46445640444750d7d753ccd04ae01b7","name":"Jeanette","image":{"@type":"ImageObject","inLanguage":"es","@id":"https:\/\/secure.gravatar.com\/avatar\/3ea2118a5f7dad2b7138b1187a6b7ee55f160b9968b66013c3a3ef39dd7e5798?s=96&d=mm&r=g","url":"https:\/\/secure.gravatar.com\/avatar\/3ea2118a5f7dad2b7138b1187a6b7ee55f160b9968b66013c3a3ef39dd7e5798?s=96&d=mm&r=g","contentUrl":"https:\/\/secure.gravatar.com\/avatar\/3ea2118a5f7dad2b7138b1187a6b7ee55f160b9968b66013c3a3ef39dd7e5798?s=96&d=mm&r=g","caption":"Jeanette"},"sameAs":["https:\/\/www.eldiario.net\/portal"],"url":"https:\/\/www.eldiario.net\/portal\/author\/jeanette\/"}]}},"_links":{"self":[{"href":"https:\/\/www.eldiario.net\/portal\/wp-json\/wp\/v2\/posts\/250385","targetHints":{"allow":["GET"]}}],"collection":[{"href":"https:\/\/www.eldiario.net\/portal\/wp-json\/wp\/v2\/posts"}],"about":[{"href":"https:\/\/www.eldiario.net\/portal\/wp-json\/wp\/v2\/types\/post"}],"author":[{"embeddable":true,"href":"https:\/\/www.eldiario.net\/portal\/wp-json\/wp\/v2\/users\/1"}],"replies":[{"embeddable":true,"href":"https:\/\/www.eldiario.net\/portal\/wp-json\/wp\/v2\/comments?post=250385"}],"version-history":[{"count":1,"href":"https:\/\/www.eldiario.net\/portal\/wp-json\/wp\/v2\/posts\/250385\/revisions"}],"predecessor-version":[{"id":250388,"href":"https:\/\/www.eldiario.net\/portal\/wp-json\/wp\/v2\/posts\/250385\/revisions\/250388"}],"wp:featuredmedia":[{"embeddable":true,"href":"https:\/\/www.eldiario.net\/portal\/wp-json\/wp\/v2\/media\/250387"}],"wp:attachment":[{"href":"https:\/\/www.eldiario.net\/portal\/wp-json\/wp\/v2\/media?parent=250385"}],"wp:term":[{"taxonomy":"category","embeddable":true,"href":"https:\/\/www.eldiario.net\/portal\/wp-json\/wp\/v2\/categories?post=250385"},{"taxonomy":"post_tag","embeddable":true,"href":"https:\/\/www.eldiario.net\/portal\/wp-json\/wp\/v2\/tags?post=250385"}],"curies":[{"name":"wp","href":"https:\/\/api.w.org\/{rel}","templated":true}]}}