{"id":250358,"date":"2024-09-27T06:09:03","date_gmt":"2024-09-27T10:09:03","guid":{"rendered":"https:\/\/www.eldiario.net\/portal\/?p=250358"},"modified":"2024-09-27T06:09:03","modified_gmt":"2024-09-27T10:09:03","slug":"hasta-siempre-jhonatan","status":"publish","type":"post","link":"https:\/\/www.eldiario.net\/portal\/2024\/09\/27\/hasta-siempre-jhonatan\/","title":{"rendered":"Hasta siempre, Jhonatan"},"content":{"rendered":"<p>Un duro golpe para el f\u00fatbol boliviano. El jugador Jhonatan Fern\u00e1ndez Limachi falleci\u00f3 sorpresivamente tras disputar un partido de la Asociaci\u00f3n de F\u00fatbol de La Paz en el estadio Cosmos 79, de El Alto. El jugador de Deportivo Fatic hab\u00eda salido de la cancha en la mitad del partido tras haberse visto indispuesto por un pelotazo en la nuca.<br \/>\nDe mucha juventud y demostrando su \u00edmpetu por ser protagonista a su corta edad. Jhonatan, de 18 a\u00f1os, era el elegido por el entrenador Sergio Apaza para ocupar el puesto de Sub-20. Su buen desempe\u00f1o hizo que el futbolista sea tomado en cuenta en varios cotejos del equipo alte\u00f1o, tanto para el torneo de Primera A de la AFLP y la Copa Sim\u00f3n Bol\u00edvar.<br \/>\nFern\u00e1ndez fue parte de partidos de mucha importancia dentro de los \u00faltimos meses. En la AFLP lleg\u00f3 a ser titular en varios encuentros, siendo una pieza de agilidad y mucha t\u00e9cnica dentro del campo de juego. En la Copa Sim\u00f3n Bol\u00edvar, fue parte encuentros con victorias del equipo alte\u00f1o, como tambi\u00e9n fue titular cuando Fatic perdi\u00f3 ante Real Potos\u00ed. Su \u00faltimo cotejo dentro de esta competencia fue suplente inicialmente en la clasificaci\u00f3n con victoria del equipo de El Alto a la siguiente fase del certamen nacional.<br \/>\nEl pasado martes, Deportivo Fatic deb\u00eda ponerse al d\u00eda dentro de la competencia de Primera A del f\u00fatbol pace\u00f1o. Su encuentro fue contra Hiska Nacional en el estadio Cosmos 79.<br \/>\nPrevio al cotejo, Fern\u00e1ndez se vio con muchas ganas de jugar, las fotograf\u00edas del equipo divulgadas en Facebook dieron a notar el positivismo del futbolista antes del encuentro al ser llamado titular. Cabe a\u00f1adir que el jugador rindi\u00f3 homenaje con sus compa\u00f1eros al padre de Roy Urgel (compa\u00f1ero del club), quien hab\u00eda fallecido un d\u00eda antes.<br \/>\nEn el encuentro, dentro del relato del entrenador de Fatic a Deportes El Diario, Jhonatan disput\u00f3 los primeros 45 minutos. Justo antes de terminar el primer tiempo recibi\u00f3 un pelotazo en la nuca, lo cual hizo que est\u00e9 indispuesto de seguir jugando. Por recomendaci\u00f3n m\u00e9dica, el jugador dej\u00f3 la cancha.<br \/>\n\u201cMe sorprendi\u00f3 totalmente porque fue un chico de 18 a\u00f1os con buenas condiciones y muchas gnas de jugar. En el tiempo desde que asum\u00ed el equipo fue nuestro Sub-20. Hasta ahora no me explico, le lleg\u00f3 un remate en la nuca; entr\u00f3 al kinesi\u00f3logo y nos dijeron que no coloquemos al segundo tiempo\u201d, explic\u00f3 el timonel.<br \/>\nDentro del informe del Comet, instancia que regula las planillas de los jugadores y los partidos, Jhonatan fue reemplazado para el segundo tiempo por el jugador Danilo Piluy, tambi\u00e9n Sub-20. Informes no oficiales indican que el jugador falleci\u00f3 tras el partido.<br \/>\n\u201cTen\u00eda buena t\u00e9cnica y era un buen jugador y lo recuerdo con mucho cari\u00f1o. No queda otra pedir que Dios lo tenga\u201d, a\u00f1adi\u00f3 Apaza.<\/p>\n<p>EN SILENCIO<br \/>\nEl Diario quiso comunicarse con alg\u00fan responsable del club Deportivo Fatic, pero ninguno de ellos respondi\u00f3 al llamado. Hasta el momento, el equipo alte\u00f1o no brind\u00f3 ning\u00fan informe m\u00e9dico al respecto; lo \u00fanico que se vio fue un comunicado anunciando s\u00f3lo el fallecimiento y su profunda tristeza.<br \/>\n\u201cCon profundo dolor, lamentamos anunciar el fallecimiento de nuestro querido jugador Jhonatan Fern\u00e1ndez, quien nos dej\u00f3 de manera inesperada, Jhonatan fue m\u00e1s que un futbolista; su pasi\u00f3n, dedicaci\u00f3n y esp\u00edritu siempre iluminaron el campo y unieron a nuestro equipo. A lo largo de su trayectoria, Jhonatan dej\u00f3 una huella imborrable en nuestros corazones y en la comunidad&#8230; Descanse en paz, Jhonatan. Te llevaremos siempre en nuestros corazones\u201d, expresa el anuncio.<br \/>\nSIN DT<br \/>\nSergio Apaza dio a conocer a El Diario que antes de disputarse el encuentro contra Hiska Nacional decidi\u00f3 renunciar al cargo de director t\u00e9cnico. El club alte\u00f1o tampoco anunci\u00f3 qui\u00e9n lo reemplazar\u00e1.<br \/>\n\u201cClasificamos y tuvimos unos problemas con la dirigencia. Entonces decid\u00ed ya no dirigir el martes y me desped\u00ed de los jugadores. Es doblemente doloroso. Es un tema que decid\u00ed antes de jugar el martes. Hablamos antes con la dirigencia. Era un grupo bien batallador. Yo les deseo el mayor de los \u00e9xitos\u201d, finaliz\u00f3.<\/p>\n<p><img loading=\"lazy\" decoding=\"async\" class=\"alignleft size-full wp-image-250360\" src=\"https:\/\/www.eldiario.net\/portal\/wp-content\/uploads\/2024\/09\/PRINCIPAL-BOLA.jpg\" alt=\"\" width=\"1080\" height=\"1440\" srcset=\"https:\/\/www.eldiario.net\/portal\/wp-content\/uploads\/2024\/09\/PRINCIPAL-BOLA.jpg 1080w, https:\/\/www.eldiario.net\/portal\/wp-content\/uploads\/2024\/09\/PRINCIPAL-BOLA-225x300.jpg 225w, https:\/\/www.eldiario.net\/portal\/wp-content\/uploads\/2024\/09\/PRINCIPAL-BOLA-768x1024.jpg 768w, https:\/\/www.eldiario.net\/portal\/wp-content\/uploads\/2024\/09\/PRINCIPAL-BOLA-315x420.jpg 315w, https:\/\/www.eldiario.net\/portal\/wp-content\/uploads\/2024\/09\/PRINCIPAL-BOLA-696x928.jpg 696w, https:\/\/www.eldiario.net\/portal\/wp-content\/uploads\/2024\/09\/PRINCIPAL-BOLA-1068x1424.jpg 1068w\" sizes=\"auto, (max-width: 1080px) 100vw, 1080px\" \/><\/p>\n","protected":false},"excerpt":{"rendered":"<p>Un duro golpe para el f\u00fatbol boliviano. El jugador Jhonatan Fern\u00e1ndez Limachi falleci\u00f3 sorpresivamente tras disputar un partido de la Asociaci\u00f3n de F\u00fatbol de La Paz en el estadio Cosmos 79, de El Alto. El jugador de Deportivo Fatic hab\u00eda salido de la cancha en la mitad del partido tras haberse visto indispuesto por un [&hellip;]<\/p>\n","protected":false},"author":1,"featured_media":250359,"comment_status":"open","ping_status":"open","sticky":false,"template":"","format":"standard","meta":{"_acf_changed":false,"footnotes":""},"categories":[6],"tags":[],"class_list":["post-250358","post","type-post","status-publish","format-standard","has-post-thumbnail","category-deportes"],"acf":{"antetitulo":""},"yoast_head":"<!-- This site is optimized with the Yoast SEO plugin v28.3 - https:\/\/yoast.com\/product\/yoast-seo-wordpress\/ -->\n<title>Hasta siempre, Jhonatan - El Diario - Bolivia<\/title>\n<meta name=\"robots\" content=\"index, follow, max-snippet:-1, max-image-preview:large, max-video-preview:-1\" \/>\n<link rel=\"canonical\" href=\"https:\/\/www.eldiario.net\/portal\/2024\/09\/27\/hasta-siempre-jhonatan\/\" \/>\n<meta property=\"og:locale\" content=\"es_ES\" \/>\n<meta property=\"og:type\" content=\"article\" \/>\n<meta property=\"og:title\" content=\"Hasta siempre, Jhonatan - El Diario - Bolivia\" \/>\n<meta property=\"og:description\" content=\"Un duro golpe para el f\u00fatbol boliviano. El jugador Jhonatan Fern\u00e1ndez Limachi falleci\u00f3 sorpresivamente tras disputar un partido de la Asociaci\u00f3n de F\u00fatbol de La Paz en el estadio Cosmos 79, de El Alto. El jugador de Deportivo Fatic hab\u00eda salido de la cancha en la mitad del partido tras haberse visto indispuesto por un [&hellip;]\" \/>\n<meta property=\"og:url\" content=\"https:\/\/www.eldiario.net\/portal\/2024\/09\/27\/hasta-siempre-jhonatan\/\" \/>\n<meta property=\"og:site_name\" content=\"El Diario - Bolivia\" \/>\n<meta property=\"article:publisher\" content=\"https:\/\/www.facebook.com\/eldiario.bolivia\/\" \/>\n<meta property=\"article:published_time\" content=\"2024-09-27T10:09:03+00:00\" \/>\n<meta property=\"og:image\" content=\"https:\/\/www.eldiario.net\/portal\/wp-content\/uploads\/2024\/09\/PRINCIPAL-1-1.jpg\" \/>\n\t<meta property=\"og:image:width\" content=\"922\" \/>\n\t<meta property=\"og:image:height\" content=\"914\" \/>\n\t<meta property=\"og:image:type\" content=\"image\/jpeg\" \/>\n<meta name=\"author\" content=\"Jeanette\" \/>\n<meta name=\"twitter:card\" content=\"summary_large_image\" \/>\n<meta name=\"twitter:creator\" content=\"@eldiario_net\" \/>\n<meta name=\"twitter:site\" content=\"@eldiario_net\" \/>\n<meta name=\"twitter:label1\" content=\"Escrito por\" \/>\n\t<meta name=\"twitter:data1\" content=\"Jeanette\" \/>\n\t<meta name=\"twitter:label2\" content=\"Tiempo de lectura\" \/>\n\t<meta name=\"twitter:data2\" content=\"4 minutos\" \/>\n<script type=\"application\/ld+json\" class=\"yoast-schema-graph\">{\"@context\":\"https:\\\/\\\/schema.org\",\"@graph\":[{\"@type\":\"Article\",\"@id\":\"https:\\\/\\\/www.eldiario.net\\\/portal\\\/2024\\\/09\\\/27\\\/hasta-siempre-jhonatan\\\/#article\",\"isPartOf\":{\"@id\":\"https:\\\/\\\/www.eldiario.net\\\/portal\\\/2024\\\/09\\\/27\\\/hasta-siempre-jhonatan\\\/\"},\"author\":{\"name\":\"Jeanette\",\"@id\":\"https:\\\/\\\/www.eldiario.net\\\/portal\\\/#\\\/schema\\\/person\\\/f46445640444750d7d753ccd04ae01b7\"},\"headline\":\"Hasta siempre, Jhonatan\",\"datePublished\":\"2024-09-27T10:09:03+00:00\",\"mainEntityOfPage\":{\"@id\":\"https:\\\/\\\/www.eldiario.net\\\/portal\\\/2024\\\/09\\\/27\\\/hasta-siempre-jhonatan\\\/\"},\"wordCount\":720,\"commentCount\":0,\"publisher\":{\"@id\":\"https:\\\/\\\/www.eldiario.net\\\/portal\\\/#organization\"},\"image\":{\"@id\":\"https:\\\/\\\/www.eldiario.net\\\/portal\\\/2024\\\/09\\\/27\\\/hasta-siempre-jhonatan\\\/#primaryimage\"},\"thumbnailUrl\":\"https:\\\/\\\/www.eldiario.net\\\/portal\\\/wp-content\\\/uploads\\\/2024\\\/09\\\/PRINCIPAL-1-1.jpg\",\"articleSection\":[\"Deportes\"],\"inLanguage\":\"es\",\"potentialAction\":[{\"@type\":\"CommentAction\",\"name\":\"Comment\",\"target\":[\"https:\\\/\\\/www.eldiario.net\\\/portal\\\/2024\\\/09\\\/27\\\/hasta-siempre-jhonatan\\\/#respond\"]}]},{\"@type\":\"WebPage\",\"@id\":\"https:\\\/\\\/www.eldiario.net\\\/portal\\\/2024\\\/09\\\/27\\\/hasta-siempre-jhonatan\\\/\",\"url\":\"https:\\\/\\\/www.eldiario.net\\\/portal\\\/2024\\\/09\\\/27\\\/hasta-siempre-jhonatan\\\/\",\"name\":\"Hasta siempre, Jhonatan - El Diario - Bolivia\",\"isPartOf\":{\"@id\":\"https:\\\/\\\/www.eldiario.net\\\/portal\\\/#website\"},\"primaryImageOfPage\":{\"@id\":\"https:\\\/\\\/www.eldiario.net\\\/portal\\\/2024\\\/09\\\/27\\\/hasta-siempre-jhonatan\\\/#primaryimage\"},\"image\":{\"@id\":\"https:\\\/\\\/www.eldiario.net\\\/portal\\\/2024\\\/09\\\/27\\\/hasta-siempre-jhonatan\\\/#primaryimage\"},\"thumbnailUrl\":\"https:\\\/\\\/www.eldiario.net\\\/portal\\\/wp-content\\\/uploads\\\/2024\\\/09\\\/PRINCIPAL-1-1.jpg\",\"datePublished\":\"2024-09-27T10:09:03+00:00\",\"breadcrumb\":{\"@id\":\"https:\\\/\\\/www.eldiario.net\\\/portal\\\/2024\\\/09\\\/27\\\/hasta-siempre-jhonatan\\\/#breadcrumb\"},\"inLanguage\":\"es\",\"potentialAction\":[{\"@type\":\"ReadAction\",\"target\":[\"https:\\\/\\\/www.eldiario.net\\\/portal\\\/2024\\\/09\\\/27\\\/hasta-siempre-jhonatan\\\/\"]}]},{\"@type\":\"ImageObject\",\"inLanguage\":\"es\",\"@id\":\"https:\\\/\\\/www.eldiario.net\\\/portal\\\/2024\\\/09\\\/27\\\/hasta-siempre-jhonatan\\\/#primaryimage\",\"url\":\"https:\\\/\\\/www.eldiario.net\\\/portal\\\/wp-content\\\/uploads\\\/2024\\\/09\\\/PRINCIPAL-1-1.jpg\",\"contentUrl\":\"https:\\\/\\\/www.eldiario.net\\\/portal\\\/wp-content\\\/uploads\\\/2024\\\/09\\\/PRINCIPAL-1-1.jpg\",\"width\":922,\"height\":914},{\"@type\":\"BreadcrumbList\",\"@id\":\"https:\\\/\\\/www.eldiario.net\\\/portal\\\/2024\\\/09\\\/27\\\/hasta-siempre-jhonatan\\\/#breadcrumb\",\"itemListElement\":[{\"@type\":\"ListItem\",\"position\":1,\"name\":\"Portada\",\"item\":\"https:\\\/\\\/www.eldiario.net\\\/portal\\\/\"},{\"@type\":\"ListItem\",\"position\":2,\"name\":\"Hasta siempre, Jhonatan\"}]},{\"@type\":\"WebSite\",\"@id\":\"https:\\\/\\\/www.eldiario.net\\\/portal\\\/#website\",\"url\":\"https:\\\/\\\/www.eldiario.net\\\/portal\\\/\",\"name\":\"El Diario - Decano de la prensa nacional\",\"description\":\"El Diario - Decano de la prensa nacional\",\"publisher\":{\"@id\":\"https:\\\/\\\/www.eldiario.net\\\/portal\\\/#organization\"},\"potentialAction\":[{\"@type\":\"SearchAction\",\"target\":{\"@type\":\"EntryPoint\",\"urlTemplate\":\"https:\\\/\\\/www.eldiario.net\\\/portal\\\/?s={search_term_string}\"},\"query-input\":{\"@type\":\"PropertyValueSpecification\",\"valueRequired\":true,\"valueName\":\"search_term_string\"}}],\"inLanguage\":\"es\"},{\"@type\":\"Organization\",\"@id\":\"https:\\\/\\\/www.eldiario.net\\\/portal\\\/#organization\",\"name\":\"El Diario - Decano de la prensa nacional\",\"url\":\"https:\\\/\\\/www.eldiario.net\\\/portal\\\/\",\"logo\":{\"@type\":\"ImageObject\",\"inLanguage\":\"es\",\"@id\":\"https:\\\/\\\/www.eldiario.net\\\/portal\\\/#\\\/schema\\\/logo\\\/image\\\/\",\"url\":\"https:\\\/\\\/www.eldiario.net\\\/portal\\\/wp-content\\\/uploads\\\/2023\\\/07\\\/logo_ED.jpg\",\"contentUrl\":\"https:\\\/\\\/www.eldiario.net\\\/portal\\\/wp-content\\\/uploads\\\/2023\\\/07\\\/logo_ED.jpg\",\"width\":272,\"height\":52,\"caption\":\"El Diario - Decano de la prensa nacional\"},\"image\":{\"@id\":\"https:\\\/\\\/www.eldiario.net\\\/portal\\\/#\\\/schema\\\/logo\\\/image\\\/\"},\"sameAs\":[\"https:\\\/\\\/www.facebook.com\\\/eldiario.bolivia\\\/\",\"https:\\\/\\\/x.com\\\/eldiario_net\"]},{\"@type\":\"Person\",\"@id\":\"https:\\\/\\\/www.eldiario.net\\\/portal\\\/#\\\/schema\\\/person\\\/f46445640444750d7d753ccd04ae01b7\",\"name\":\"Jeanette\",\"image\":{\"@type\":\"ImageObject\",\"inLanguage\":\"es\",\"@id\":\"https:\\\/\\\/secure.gravatar.com\\\/avatar\\\/3ea2118a5f7dad2b7138b1187a6b7ee55f160b9968b66013c3a3ef39dd7e5798?s=96&d=mm&r=g\",\"url\":\"https:\\\/\\\/secure.gravatar.com\\\/avatar\\\/3ea2118a5f7dad2b7138b1187a6b7ee55f160b9968b66013c3a3ef39dd7e5798?s=96&d=mm&r=g\",\"contentUrl\":\"https:\\\/\\\/secure.gravatar.com\\\/avatar\\\/3ea2118a5f7dad2b7138b1187a6b7ee55f160b9968b66013c3a3ef39dd7e5798?s=96&d=mm&r=g\",\"caption\":\"Jeanette\"},\"sameAs\":[\"https:\\\/\\\/www.eldiario.net\\\/portal\"],\"url\":\"https:\\\/\\\/www.eldiario.net\\\/portal\\\/author\\\/jeanette\\\/\"}]}<\/script>\n<!-- \/ Yoast SEO plugin. -->","yoast_head_json":{"title":"Hasta siempre, Jhonatan - El Diario - Bolivia","robots":{"index":"index","follow":"follow","max-snippet":"max-snippet:-1","max-image-preview":"max-image-preview:large","max-video-preview":"max-video-preview:-1"},"canonical":"https:\/\/www.eldiario.net\/portal\/2024\/09\/27\/hasta-siempre-jhonatan\/","og_locale":"es_ES","og_type":"article","og_title":"Hasta siempre, Jhonatan - El Diario - Bolivia","og_description":"Un duro golpe para el f\u00fatbol boliviano. El jugador Jhonatan Fern\u00e1ndez Limachi falleci\u00f3 sorpresivamente tras disputar un partido de la Asociaci\u00f3n de F\u00fatbol de La Paz en el estadio Cosmos 79, de El Alto. El jugador de Deportivo Fatic hab\u00eda salido de la cancha en la mitad del partido tras haberse visto indispuesto por un [&hellip;]","og_url":"https:\/\/www.eldiario.net\/portal\/2024\/09\/27\/hasta-siempre-jhonatan\/","og_site_name":"El Diario - Bolivia","article_publisher":"https:\/\/www.facebook.com\/eldiario.bolivia\/","article_published_time":"2024-09-27T10:09:03+00:00","og_image":[{"width":922,"height":914,"url":"https:\/\/www.eldiario.net\/portal\/wp-content\/uploads\/2024\/09\/PRINCIPAL-1-1.jpg","type":"image\/jpeg"}],"author":"Jeanette","twitter_card":"summary_large_image","twitter_creator":"@eldiario_net","twitter_site":"@eldiario_net","twitter_misc":{"Escrito por":"Jeanette","Tiempo de lectura":"4 minutos"},"schema":{"@context":"https:\/\/schema.org","@graph":[{"@type":"Article","@id":"https:\/\/www.eldiario.net\/portal\/2024\/09\/27\/hasta-siempre-jhonatan\/#article","isPartOf":{"@id":"https:\/\/www.eldiario.net\/portal\/2024\/09\/27\/hasta-siempre-jhonatan\/"},"author":{"name":"Jeanette","@id":"https:\/\/www.eldiario.net\/portal\/#\/schema\/person\/f46445640444750d7d753ccd04ae01b7"},"headline":"Hasta siempre, Jhonatan","datePublished":"2024-09-27T10:09:03+00:00","mainEntityOfPage":{"@id":"https:\/\/www.eldiario.net\/portal\/2024\/09\/27\/hasta-siempre-jhonatan\/"},"wordCount":720,"commentCount":0,"publisher":{"@id":"https:\/\/www.eldiario.net\/portal\/#organization"},"image":{"@id":"https:\/\/www.eldiario.net\/portal\/2024\/09\/27\/hasta-siempre-jhonatan\/#primaryimage"},"thumbnailUrl":"https:\/\/www.eldiario.net\/portal\/wp-content\/uploads\/2024\/09\/PRINCIPAL-1-1.jpg","articleSection":["Deportes"],"inLanguage":"es","potentialAction":[{"@type":"CommentAction","name":"Comment","target":["https:\/\/www.eldiario.net\/portal\/2024\/09\/27\/hasta-siempre-jhonatan\/#respond"]}]},{"@type":"WebPage","@id":"https:\/\/www.eldiario.net\/portal\/2024\/09\/27\/hasta-siempre-jhonatan\/","url":"https:\/\/www.eldiario.net\/portal\/2024\/09\/27\/hasta-siempre-jhonatan\/","name":"Hasta siempre, Jhonatan - El Diario - Bolivia","isPartOf":{"@id":"https:\/\/www.eldiario.net\/portal\/#website"},"primaryImageOfPage":{"@id":"https:\/\/www.eldiario.net\/portal\/2024\/09\/27\/hasta-siempre-jhonatan\/#primaryimage"},"image":{"@id":"https:\/\/www.eldiario.net\/portal\/2024\/09\/27\/hasta-siempre-jhonatan\/#primaryimage"},"thumbnailUrl":"https:\/\/www.eldiario.net\/portal\/wp-content\/uploads\/2024\/09\/PRINCIPAL-1-1.jpg","datePublished":"2024-09-27T10:09:03+00:00","breadcrumb":{"@id":"https:\/\/www.eldiario.net\/portal\/2024\/09\/27\/hasta-siempre-jhonatan\/#breadcrumb"},"inLanguage":"es","potentialAction":[{"@type":"ReadAction","target":["https:\/\/www.eldiario.net\/portal\/2024\/09\/27\/hasta-siempre-jhonatan\/"]}]},{"@type":"ImageObject","inLanguage":"es","@id":"https:\/\/www.eldiario.net\/portal\/2024\/09\/27\/hasta-siempre-jhonatan\/#primaryimage","url":"https:\/\/www.eldiario.net\/portal\/wp-content\/uploads\/2024\/09\/PRINCIPAL-1-1.jpg","contentUrl":"https:\/\/www.eldiario.net\/portal\/wp-content\/uploads\/2024\/09\/PRINCIPAL-1-1.jpg","width":922,"height":914},{"@type":"BreadcrumbList","@id":"https:\/\/www.eldiario.net\/portal\/2024\/09\/27\/hasta-siempre-jhonatan\/#breadcrumb","itemListElement":[{"@type":"ListItem","position":1,"name":"Portada","item":"https:\/\/www.eldiario.net\/portal\/"},{"@type":"ListItem","position":2,"name":"Hasta siempre, Jhonatan"}]},{"@type":"WebSite","@id":"https:\/\/www.eldiario.net\/portal\/#website","url":"https:\/\/www.eldiario.net\/portal\/","name":"El Diario - Decano de la prensa nacional","description":"El Diario - Decano de la prensa nacional","publisher":{"@id":"https:\/\/www.eldiario.net\/portal\/#organization"},"potentialAction":[{"@type":"SearchAction","target":{"@type":"EntryPoint","urlTemplate":"https:\/\/www.eldiario.net\/portal\/?s={search_term_string}"},"query-input":{"@type":"PropertyValueSpecification","valueRequired":true,"valueName":"search_term_string"}}],"inLanguage":"es"},{"@type":"Organization","@id":"https:\/\/www.eldiario.net\/portal\/#organization","name":"El Diario - Decano de la prensa nacional","url":"https:\/\/www.eldiario.net\/portal\/","logo":{"@type":"ImageObject","inLanguage":"es","@id":"https:\/\/www.eldiario.net\/portal\/#\/schema\/logo\/image\/","url":"https:\/\/www.eldiario.net\/portal\/wp-content\/uploads\/2023\/07\/logo_ED.jpg","contentUrl":"https:\/\/www.eldiario.net\/portal\/wp-content\/uploads\/2023\/07\/logo_ED.jpg","width":272,"height":52,"caption":"El Diario - Decano de la prensa nacional"},"image":{"@id":"https:\/\/www.eldiario.net\/portal\/#\/schema\/logo\/image\/"},"sameAs":["https:\/\/www.facebook.com\/eldiario.bolivia\/","https:\/\/x.com\/eldiario_net"]},{"@type":"Person","@id":"https:\/\/www.eldiario.net\/portal\/#\/schema\/person\/f46445640444750d7d753ccd04ae01b7","name":"Jeanette","image":{"@type":"ImageObject","inLanguage":"es","@id":"https:\/\/secure.gravatar.com\/avatar\/3ea2118a5f7dad2b7138b1187a6b7ee55f160b9968b66013c3a3ef39dd7e5798?s=96&d=mm&r=g","url":"https:\/\/secure.gravatar.com\/avatar\/3ea2118a5f7dad2b7138b1187a6b7ee55f160b9968b66013c3a3ef39dd7e5798?s=96&d=mm&r=g","contentUrl":"https:\/\/secure.gravatar.com\/avatar\/3ea2118a5f7dad2b7138b1187a6b7ee55f160b9968b66013c3a3ef39dd7e5798?s=96&d=mm&r=g","caption":"Jeanette"},"sameAs":["https:\/\/www.eldiario.net\/portal"],"url":"https:\/\/www.eldiario.net\/portal\/author\/jeanette\/"}]}},"_links":{"self":[{"href":"https:\/\/www.eldiario.net\/portal\/wp-json\/wp\/v2\/posts\/250358","targetHints":{"allow":["GET"]}}],"collection":[{"href":"https:\/\/www.eldiario.net\/portal\/wp-json\/wp\/v2\/posts"}],"about":[{"href":"https:\/\/www.eldiario.net\/portal\/wp-json\/wp\/v2\/types\/post"}],"author":[{"embeddable":true,"href":"https:\/\/www.eldiario.net\/portal\/wp-json\/wp\/v2\/users\/1"}],"replies":[{"embeddable":true,"href":"https:\/\/www.eldiario.net\/portal\/wp-json\/wp\/v2\/comments?post=250358"}],"version-history":[{"count":1,"href":"https:\/\/www.eldiario.net\/portal\/wp-json\/wp\/v2\/posts\/250358\/revisions"}],"predecessor-version":[{"id":250361,"href":"https:\/\/www.eldiario.net\/portal\/wp-json\/wp\/v2\/posts\/250358\/revisions\/250361"}],"wp:featuredmedia":[{"embeddable":true,"href":"https:\/\/www.eldiario.net\/portal\/wp-json\/wp\/v2\/media\/250359"}],"wp:attachment":[{"href":"https:\/\/www.eldiario.net\/portal\/wp-json\/wp\/v2\/media?parent=250358"}],"wp:term":[{"taxonomy":"category","embeddable":true,"href":"https:\/\/www.eldiario.net\/portal\/wp-json\/wp\/v2\/categories?post=250358"},{"taxonomy":"post_tag","embeddable":true,"href":"https:\/\/www.eldiario.net\/portal\/wp-json\/wp\/v2\/tags?post=250358"}],"curies":[{"name":"wp","href":"https:\/\/api.w.org\/{rel}","templated":true}]}}