{"id":249919,"date":"2024-09-25T06:26:00","date_gmt":"2024-09-25T10:26:00","guid":{"rendered":"https:\/\/www.eldiario.net\/portal\/?p=249919"},"modified":"2024-09-25T06:26:00","modified_gmt":"2024-09-25T10:26:00","slug":"metamorfosis-la-nueva-coleccion-de-rosita-hurtado","status":"publish","type":"post","link":"https:\/\/www.eldiario.net\/portal\/2024\/09\/25\/metamorfosis-la-nueva-coleccion-de-rosita-hurtado\/","title":{"rendered":"Metamorfosis, la nueva colecci\u00f3n de Rosita Hurtado"},"content":{"rendered":"<p>Por Susana Guti\u00e9rrez<\/p>\n<p>Fotos: Steve Gursey<\/p>\n<p>&nbsp;<\/p>\n<p>La dise\u00f1adora boliviana\u00a0 Rosita Hurtado present\u00f3 su colecci\u00f3n de primavera-verano 2025 en el aclamado New York Fashion Week, un evento que atrae a los amantes de la moda de todo el mundo.<\/p>\n<p>Con su nueva propuesta \u201cMetamorfosis\u201d, la\u00a0 experta en dise\u00f1o nos invita a explorar el poder de la transformaci\u00f3n, evocando la sutileza y la belleza del vuelo de una mariposa. Como el delicado aleteo que simboliza el cambio, cada pieza de esta colecci\u00f3n es un mensaje de fe, optimismo y renacimiento, donde la elegancia se encuentra con la libertad de reinventarse.<\/p>\n<p>\u201cMe inspir\u00e9 en la mariposa, que es la transformaci\u00f3n de la oruga a la mariposa. Es una transformaci\u00f3n por la que pasamos todos en la vida\u201d, explic\u00f3 la dise\u00f1adora a la revista Femenina.<\/p>\n<p>\u201cMetamorfosis\u201d se despliega en una paleta de colores pasteles y tornasolados, donde las transparencias, los bordados y la gasa dan vida a vestidos de c\u00f3ctel con un toque vol\u00e1til, perfecto para un estilo \u00a8Miami Chic\u00a8, el sello indiscutible de Rosita. La fluidez de las telas y los efectos ligeros aportan a esta colecci\u00f3n una sensaci\u00f3n de frescura y sofisticaci\u00f3n, creando una conexi\u00f3n \u00fanica entre el arte de la moda y el poder transformador de la naturaleza.<\/p>\n<p>Entre las maniqu\u00edes de Rosita estuvieron modelos de Promociones Gloria: Olga Ch\u00e1vez, Miss Bolivia Mundo; Camila Ribera, Miss Bolivia Internacional 2024, y Carolina Granier, Miss Grand Bolivia.<\/p>\n<p>Con una carrera que abarca d\u00e9cadas, Rosita Hurtado ha dejado su marca no solo en las pasarelas de Estados Unidos y Am\u00e9rica Latina, sino tambi\u00e9n como una incansable defensora del talento latinoamericano en el mundo. Celebrada en eventos como \u00a8Latin American Fashion Designers\u00a8, que este a\u00f1o cumple su 15\u00ba aniversario, Rosita ha sido una fuerza creativa constante, elevando nuestra cultura a trav\u00e9s del dise\u00f1o.<\/p>\n<p>Metamorfosis es un testimonio del legado de Rosita: la fusi\u00f3n entre arte, moda y el esp\u00edritu latinoamericano que, como una mariposa, nunca deja de transformarse y volar alto.<\/p>\n\r\n                <style type=\"text\/css\">\r\n                    \r\n                    #tdi_1  .td-doubleSlider-2 .td-item1 {\r\n                        background: url(https:\/\/www.eldiario.net\/portal\/wp-content\/uploads\/2024\/09\/NOTA-1-FOTO-4-2-80x60.jpg) 0 0 no-repeat;\r\n                    }\r\n                    #tdi_1  .td-doubleSlider-2 .td-item2 {\r\n                        background: url(https:\/\/www.eldiario.net\/portal\/wp-content\/uploads\/2024\/09\/NOTA-1-FOTO-6-1-80x60.jpg) 0 0 no-repeat;\r\n                    }\r\n                    #tdi_1  .td-doubleSlider-2 .td-item3 {\r\n                        background: url(https:\/\/www.eldiario.net\/portal\/wp-content\/uploads\/2024\/09\/NOTA-1-FOTO-1-3-80x60.jpg) 0 0 no-repeat;\r\n                    }\r\n                    #tdi_1  .td-doubleSlider-2 .td-item4 {\r\n                        background: url(https:\/\/www.eldiario.net\/portal\/wp-content\/uploads\/2024\/09\/NOTA-1-FOTO-2-3-80x60.jpg) 0 0 no-repeat;\r\n                    }\r\n                    #tdi_1  .td-doubleSlider-2 .td-item5 {\r\n                        background: url(https:\/\/www.eldiario.net\/portal\/wp-content\/uploads\/2024\/09\/NOTA-1-FOTO-3-2-80x60.jpg) 0 0 no-repeat;\r\n                    }\r\n                <\/style>\r\n\r\n                <div id=\"tdi_1\" class=\"td-gallery td-slide-on-2-columns\">\r\n                    <div class=\"post_td_gallery\">\r\n                        <div class=\"td-gallery-slide-top\">\r\n                           <div class=\"td-gallery-title\"><\/div>\r\n\r\n                            <div class=\"td-gallery-controls-wrapper\">\r\n                                <div class=\"td-gallery-slide-count\"><span class=\"td-gallery-slide-item-focus\">1<\/span> de 5<\/div>\r\n                                <div class=\"td-gallery-slide-prev-next-but\">\r\n                                    <i class = \"td-icon-left doubleSliderPrevButton\"><\/i>\r\n                                    <i class = \"td-icon-right doubleSliderNextButton\"><\/i>\r\n                                <\/div>\r\n                            <\/div>\r\n                        <\/div>\r\n\r\n                        <div class = \"td-doubleSlider-1 \">\r\n                            <div class = \"td-slider\">\r\n                                \r\n                    <div class = \"td-slide-item td-item1\">\r\n                        <figure class=\"td-slide-galery-figure td-slide-popup-gallery\">\r\n                            <a class=\"slide-gallery-image-link\" href=\"https:\/\/www.eldiario.net\/portal\/wp-content\/uploads\/2024\/09\/NOTA-1-FOTO-4-2.jpg\" title=\"NOTA-1-FOTO-4\"  data-caption=\"\"  data-description=\"\">\r\n                                <img decoding=\"async\" src=\"https:\/\/www.eldiario.net\/portal\/wp-content\/uploads\/2024\/09\/NOTA-1-FOTO-4-2-280x420.jpg\" srcset=\"https:\/\/www.eldiario.net\/portal\/wp-content\/uploads\/2024\/09\/NOTA-1-FOTO-4-2-280x420.jpg 280w, https:\/\/www.eldiario.net\/portal\/wp-content\/uploads\/2024\/09\/NOTA-1-FOTO-4-2-200x300.jpg 200w, https:\/\/www.eldiario.net\/portal\/wp-content\/uploads\/2024\/09\/NOTA-1-FOTO-4-2-682x1024.jpg 682w, https:\/\/www.eldiario.net\/portal\/wp-content\/uploads\/2024\/09\/NOTA-1-FOTO-4-2-768x1153.jpg 768w, https:\/\/www.eldiario.net\/portal\/wp-content\/uploads\/2024\/09\/NOTA-1-FOTO-4-2-1023x1536.jpg 1023w, https:\/\/www.eldiario.net\/portal\/wp-content\/uploads\/2024\/09\/NOTA-1-FOTO-4-2-696x1045.jpg 696w, https:\/\/www.eldiario.net\/portal\/wp-content\/uploads\/2024\/09\/NOTA-1-FOTO-4-2.jpg 1066w\" sizes=\"(max-width: 280px) 100vw, 280px\" alt=\"\">\r\n                            <\/a>\r\n                            \r\n                        <\/figure>\r\n                    <\/div>\r\n                    <div class = \"td-slide-item td-item2\">\r\n                        <figure class=\"td-slide-galery-figure td-slide-popup-gallery\">\r\n                            <a class=\"slide-gallery-image-link\" href=\"https:\/\/www.eldiario.net\/portal\/wp-content\/uploads\/2024\/09\/NOTA-1-FOTO-6-1.jpg\" title=\"NOTA-1-FOTO-6\"  data-caption=\"\"  data-description=\"\">\r\n                                <img decoding=\"async\" src=\"https:\/\/www.eldiario.net\/portal\/wp-content\/uploads\/2024\/09\/NOTA-1-FOTO-6-1-271x420.jpg\" srcset=\"https:\/\/www.eldiario.net\/portal\/wp-content\/uploads\/2024\/09\/NOTA-1-FOTO-6-1-271x420.jpg 271w, https:\/\/www.eldiario.net\/portal\/wp-content\/uploads\/2024\/09\/NOTA-1-FOTO-6-1-194x300.jpg 194w, https:\/\/www.eldiario.net\/portal\/wp-content\/uploads\/2024\/09\/NOTA-1-FOTO-6-1.jpg 298w\" sizes=\"(max-width: 271px) 100vw, 271px\" alt=\"\">\r\n                            <\/a>\r\n                            \r\n                        <\/figure>\r\n                    <\/div>\r\n                    <div class = \"td-slide-item td-item3\">\r\n                        <figure class=\"td-slide-galery-figure td-slide-popup-gallery\">\r\n                            <a class=\"slide-gallery-image-link\" href=\"https:\/\/www.eldiario.net\/portal\/wp-content\/uploads\/2024\/09\/NOTA-1-FOTO-1-3.jpg\" title=\"NOTA-1-FOTO-1\"  data-caption=\"\"  data-description=\"\">\r\n                                <img decoding=\"async\" src=\"https:\/\/www.eldiario.net\/portal\/wp-content\/uploads\/2024\/09\/NOTA-1-FOTO-1-3-280x420.jpg\" srcset=\"https:\/\/www.eldiario.net\/portal\/wp-content\/uploads\/2024\/09\/NOTA-1-FOTO-1-3-280x420.jpg 280w, https:\/\/www.eldiario.net\/portal\/wp-content\/uploads\/2024\/09\/NOTA-1-FOTO-1-3-200x300.jpg 200w, https:\/\/www.eldiario.net\/portal\/wp-content\/uploads\/2024\/09\/NOTA-1-FOTO-1-3-682x1024.jpg 682w, https:\/\/www.eldiario.net\/portal\/wp-content\/uploads\/2024\/09\/NOTA-1-FOTO-1-3-768x1153.jpg 768w, https:\/\/www.eldiario.net\/portal\/wp-content\/uploads\/2024\/09\/NOTA-1-FOTO-1-3-1023x1536.jpg 1023w, https:\/\/www.eldiario.net\/portal\/wp-content\/uploads\/2024\/09\/NOTA-1-FOTO-1-3-696x1045.jpg 696w, https:\/\/www.eldiario.net\/portal\/wp-content\/uploads\/2024\/09\/NOTA-1-FOTO-1-3.jpg 1066w\" sizes=\"(max-width: 280px) 100vw, 280px\" alt=\"\">\r\n                            <\/a>\r\n                            \r\n                        <\/figure>\r\n                    <\/div>\r\n                    <div class = \"td-slide-item td-item4\">\r\n                        <figure class=\"td-slide-galery-figure td-slide-popup-gallery\">\r\n                            <a class=\"slide-gallery-image-link\" href=\"https:\/\/www.eldiario.net\/portal\/wp-content\/uploads\/2024\/09\/NOTA-1-FOTO-2-3.jpg\" title=\"NOTA-1-FOTO-2\"  data-caption=\"\"  data-description=\"\">\r\n                                <img decoding=\"async\" src=\"https:\/\/www.eldiario.net\/portal\/wp-content\/uploads\/2024\/09\/NOTA-1-FOTO-2-3-345x420.jpg\" srcset=\"https:\/\/www.eldiario.net\/portal\/wp-content\/uploads\/2024\/09\/NOTA-1-FOTO-2-3-345x420.jpg 345w, https:\/\/www.eldiario.net\/portal\/wp-content\/uploads\/2024\/09\/NOTA-1-FOTO-2-3-247x300.jpg 247w, https:\/\/www.eldiario.net\/portal\/wp-content\/uploads\/2024\/09\/NOTA-1-FOTO-2-3.jpg 408w\" sizes=\"(max-width: 345px) 100vw, 345px\" alt=\"\">\r\n                            <\/a>\r\n                            \r\n                        <\/figure>\r\n                    <\/div>\r\n                    <div class = \"td-slide-item td-item5\">\r\n                        <figure class=\"td-slide-galery-figure td-slide-popup-gallery\">\r\n                            <a class=\"slide-gallery-image-link\" href=\"https:\/\/www.eldiario.net\/portal\/wp-content\/uploads\/2024\/09\/NOTA-1-FOTO-3-2.jpg\" title=\"NOTA-1-FOTO-3\"  data-caption=\"\"  data-description=\"\">\r\n                                <img decoding=\"async\" src=\"https:\/\/www.eldiario.net\/portal\/wp-content\/uploads\/2024\/09\/NOTA-1-FOTO-3-2-280x420.jpg\" srcset=\"https:\/\/www.eldiario.net\/portal\/wp-content\/uploads\/2024\/09\/NOTA-1-FOTO-3-2-280x420.jpg 280w, https:\/\/www.eldiario.net\/portal\/wp-content\/uploads\/2024\/09\/NOTA-1-FOTO-3-2-200x300.jpg 200w, https:\/\/www.eldiario.net\/portal\/wp-content\/uploads\/2024\/09\/NOTA-1-FOTO-3-2-683x1024.jpg 683w, https:\/\/www.eldiario.net\/portal\/wp-content\/uploads\/2024\/09\/NOTA-1-FOTO-3-2-768x1152.jpg 768w, https:\/\/www.eldiario.net\/portal\/wp-content\/uploads\/2024\/09\/NOTA-1-FOTO-3-2-1024x1536.jpg 1024w, https:\/\/www.eldiario.net\/portal\/wp-content\/uploads\/2024\/09\/NOTA-1-FOTO-3-2-696x1044.jpg 696w, https:\/\/www.eldiario.net\/portal\/wp-content\/uploads\/2024\/09\/NOTA-1-FOTO-3-2-1068x1602.jpg 1068w, https:\/\/www.eldiario.net\/portal\/wp-content\/uploads\/2024\/09\/NOTA-1-FOTO-3-2.jpg 1200w\" sizes=\"(max-width: 280px) 100vw, 280px\" alt=\"\">\r\n                            <\/a>\r\n                            \r\n                        <\/figure>\r\n                    <\/div>\r\n                            <\/div>\r\n                        <\/div>\r\n\r\n                        <div class = \"td-doubleSlider-2\">\r\n                            <div class = \"td-slider\">\r\n                                \r\n                    <div class = \"td-button td-item1\">\r\n                        <div class = \"td-border\"><\/div>\r\n                    <\/div>\r\n                    <div class = \"td-button td-item2\">\r\n                        <div class = \"td-border\"><\/div>\r\n                    <\/div>\r\n                    <div class = \"td-button td-item3\">\r\n                        <div class = \"td-border\"><\/div>\r\n                    <\/div>\r\n                    <div class = \"td-button td-item4\">\r\n                        <div class = \"td-border\"><\/div>\r\n                    <\/div>\r\n                    <div class = \"td-button td-item5\">\r\n                        <div class = \"td-border\"><\/div>\r\n                    <\/div>\r\n                            <\/div>\r\n                        <\/div>\r\n\r\n                    <\/div>\r\n\r\n                <\/div>\r\n                \n<p>&nbsp;<\/p>\n","protected":false},"excerpt":{"rendered":"<p>Por Susana Guti\u00e9rrez Fotos: Steve Gursey &nbsp; La dise\u00f1adora boliviana\u00a0 Rosita Hurtado present\u00f3 su colecci\u00f3n de primavera-verano 2025 en el aclamado New York Fashion Week, un evento que atrae a los amantes de la moda de todo el mundo. Con su nueva propuesta \u201cMetamorfosis\u201d, la\u00a0 experta en dise\u00f1o nos invita a explorar el poder de [&hellip;]<\/p>\n","protected":false},"author":1,"featured_media":249920,"comment_status":"open","ping_status":"open","sticky":false,"template":"","format":"standard","meta":{"_acf_changed":false,"footnotes":""},"categories":[42],"tags":[],"class_list":["post-249919","post","type-post","status-publish","format-standard","has-post-thumbnail","category-femenina"],"acf":{"antetitulo":"New York FW"},"yoast_head":"<!-- This site is optimized with the Yoast SEO plugin v28.4 - https:\/\/yoast.com\/product\/yoast-seo-wordpress\/ -->\n<title>Metamorfosis, la nueva colecci\u00f3n de Rosita Hurtado - El Diario - Bolivia<\/title>\n<meta name=\"robots\" content=\"index, follow, max-snippet:-1, max-image-preview:large, max-video-preview:-1\" \/>\n<link rel=\"canonical\" href=\"https:\/\/www.eldiario.net\/portal\/2024\/09\/25\/metamorfosis-la-nueva-coleccion-de-rosita-hurtado\/\" \/>\n<meta property=\"og:locale\" content=\"es_ES\" \/>\n<meta property=\"og:type\" content=\"article\" \/>\n<meta property=\"og:title\" content=\"Metamorfosis, la nueva colecci\u00f3n de Rosita Hurtado - El Diario - Bolivia\" \/>\n<meta property=\"og:description\" content=\"Por Susana Guti\u00e9rrez Fotos: Steve Gursey &nbsp; La dise\u00f1adora boliviana\u00a0 Rosita Hurtado present\u00f3 su colecci\u00f3n de primavera-verano 2025 en el aclamado New York Fashion Week, un evento que atrae a los amantes de la moda de todo el mundo. Con su nueva propuesta \u201cMetamorfosis\u201d, la\u00a0 experta en dise\u00f1o nos invita a explorar el poder de [&hellip;]\" \/>\n<meta property=\"og:url\" content=\"https:\/\/www.eldiario.net\/portal\/2024\/09\/25\/metamorfosis-la-nueva-coleccion-de-rosita-hurtado\/\" \/>\n<meta property=\"og:site_name\" content=\"El Diario - Bolivia\" \/>\n<meta property=\"article:publisher\" content=\"https:\/\/www.facebook.com\/eldiario.bolivia\/\" \/>\n<meta property=\"article:published_time\" content=\"2024-09-25T10:26:00+00:00\" \/>\n<meta property=\"og:image\" content=\"https:\/\/www.eldiario.net\/portal\/wp-content\/uploads\/2024\/09\/NOTA-1-FOTO-4-2.jpg\" \/>\n\t<meta property=\"og:image:width\" content=\"1066\" \/>\n\t<meta property=\"og:image:height\" content=\"1600\" \/>\n\t<meta property=\"og:image:type\" content=\"image\/jpeg\" \/>\n<meta name=\"author\" content=\"Jeanette\" \/>\n<meta name=\"twitter:card\" content=\"summary_large_image\" \/>\n<meta name=\"twitter:creator\" content=\"@eldiario_net\" \/>\n<meta name=\"twitter:site\" content=\"@eldiario_net\" \/>\n<meta name=\"twitter:label1\" content=\"Escrito por\" \/>\n\t<meta name=\"twitter:data1\" content=\"Jeanette\" \/>\n\t<meta name=\"twitter:label2\" content=\"Tiempo de lectura\" \/>\n\t<meta name=\"twitter:data2\" content=\"2 minutos\" \/>\n<script type=\"application\/ld+json\" class=\"yoast-schema-graph\">{\"@context\":\"https:\\\/\\\/schema.org\",\"@graph\":[{\"@type\":\"Article\",\"@id\":\"https:\\\/\\\/www.eldiario.net\\\/portal\\\/2024\\\/09\\\/25\\\/metamorfosis-la-nueva-coleccion-de-rosita-hurtado\\\/#article\",\"isPartOf\":{\"@id\":\"https:\\\/\\\/www.eldiario.net\\\/portal\\\/2024\\\/09\\\/25\\\/metamorfosis-la-nueva-coleccion-de-rosita-hurtado\\\/\"},\"author\":{\"name\":\"Jeanette\",\"@id\":\"https:\\\/\\\/www.eldiario.net\\\/portal\\\/#\\\/schema\\\/person\\\/2c57cf2b7a7ae032e449e4c9b1019eac\"},\"headline\":\"Metamorfosis, la nueva colecci\u00f3n de Rosita Hurtado\",\"datePublished\":\"2024-09-25T10:26:00+00:00\",\"mainEntityOfPage\":{\"@id\":\"https:\\\/\\\/www.eldiario.net\\\/portal\\\/2024\\\/09\\\/25\\\/metamorfosis-la-nueva-coleccion-de-rosita-hurtado\\\/\"},\"wordCount\":367,\"commentCount\":0,\"publisher\":{\"@id\":\"https:\\\/\\\/www.eldiario.net\\\/portal\\\/#organization\"},\"image\":{\"@id\":\"https:\\\/\\\/www.eldiario.net\\\/portal\\\/2024\\\/09\\\/25\\\/metamorfosis-la-nueva-coleccion-de-rosita-hurtado\\\/#primaryimage\"},\"thumbnailUrl\":\"https:\\\/\\\/www.eldiario.net\\\/portal\\\/wp-content\\\/uploads\\\/2024\\\/09\\\/NOTA-1-FOTO-4-2.jpg\",\"articleSection\":[\"Femenina\"],\"inLanguage\":\"es\",\"potentialAction\":[{\"@type\":\"CommentAction\",\"name\":\"Comment\",\"target\":[\"https:\\\/\\\/www.eldiario.net\\\/portal\\\/2024\\\/09\\\/25\\\/metamorfosis-la-nueva-coleccion-de-rosita-hurtado\\\/#respond\"]}]},{\"@type\":\"WebPage\",\"@id\":\"https:\\\/\\\/www.eldiario.net\\\/portal\\\/2024\\\/09\\\/25\\\/metamorfosis-la-nueva-coleccion-de-rosita-hurtado\\\/\",\"url\":\"https:\\\/\\\/www.eldiario.net\\\/portal\\\/2024\\\/09\\\/25\\\/metamorfosis-la-nueva-coleccion-de-rosita-hurtado\\\/\",\"name\":\"Metamorfosis, la nueva colecci\u00f3n de Rosita Hurtado - El Diario - Bolivia\",\"isPartOf\":{\"@id\":\"https:\\\/\\\/www.eldiario.net\\\/portal\\\/#website\"},\"primaryImageOfPage\":{\"@id\":\"https:\\\/\\\/www.eldiario.net\\\/portal\\\/2024\\\/09\\\/25\\\/metamorfosis-la-nueva-coleccion-de-rosita-hurtado\\\/#primaryimage\"},\"image\":{\"@id\":\"https:\\\/\\\/www.eldiario.net\\\/portal\\\/2024\\\/09\\\/25\\\/metamorfosis-la-nueva-coleccion-de-rosita-hurtado\\\/#primaryimage\"},\"thumbnailUrl\":\"https:\\\/\\\/www.eldiario.net\\\/portal\\\/wp-content\\\/uploads\\\/2024\\\/09\\\/NOTA-1-FOTO-4-2.jpg\",\"datePublished\":\"2024-09-25T10:26:00+00:00\",\"breadcrumb\":{\"@id\":\"https:\\\/\\\/www.eldiario.net\\\/portal\\\/2024\\\/09\\\/25\\\/metamorfosis-la-nueva-coleccion-de-rosita-hurtado\\\/#breadcrumb\"},\"inLanguage\":\"es\",\"potentialAction\":[{\"@type\":\"ReadAction\",\"target\":[\"https:\\\/\\\/www.eldiario.net\\\/portal\\\/2024\\\/09\\\/25\\\/metamorfosis-la-nueva-coleccion-de-rosita-hurtado\\\/\"]}]},{\"@type\":\"ImageObject\",\"inLanguage\":\"es\",\"@id\":\"https:\\\/\\\/www.eldiario.net\\\/portal\\\/2024\\\/09\\\/25\\\/metamorfosis-la-nueva-coleccion-de-rosita-hurtado\\\/#primaryimage\",\"url\":\"https:\\\/\\\/www.eldiario.net\\\/portal\\\/wp-content\\\/uploads\\\/2024\\\/09\\\/NOTA-1-FOTO-4-2.jpg\",\"contentUrl\":\"https:\\\/\\\/www.eldiario.net\\\/portal\\\/wp-content\\\/uploads\\\/2024\\\/09\\\/NOTA-1-FOTO-4-2.jpg\",\"width\":1066,\"height\":1600},{\"@type\":\"BreadcrumbList\",\"@id\":\"https:\\\/\\\/www.eldiario.net\\\/portal\\\/2024\\\/09\\\/25\\\/metamorfosis-la-nueva-coleccion-de-rosita-hurtado\\\/#breadcrumb\",\"itemListElement\":[{\"@type\":\"ListItem\",\"position\":1,\"name\":\"Portada\",\"item\":\"https:\\\/\\\/www.eldiario.net\\\/portal\\\/\"},{\"@type\":\"ListItem\",\"position\":2,\"name\":\"Metamorfosis, la nueva colecci\u00f3n de Rosita Hurtado\"}]},{\"@type\":\"WebSite\",\"@id\":\"https:\\\/\\\/www.eldiario.net\\\/portal\\\/#website\",\"url\":\"https:\\\/\\\/www.eldiario.net\\\/portal\\\/\",\"name\":\"El Diario - Decano de la prensa nacional\",\"description\":\"El Diario - Decano de la prensa nacional\",\"publisher\":{\"@id\":\"https:\\\/\\\/www.eldiario.net\\\/portal\\\/#organization\"},\"potentialAction\":[{\"@type\":\"SearchAction\",\"target\":{\"@type\":\"EntryPoint\",\"urlTemplate\":\"https:\\\/\\\/www.eldiario.net\\\/portal\\\/?s={search_term_string}\"},\"query-input\":{\"@type\":\"PropertyValueSpecification\",\"valueRequired\":true,\"valueName\":\"search_term_string\"}}],\"inLanguage\":\"es\"},{\"@type\":\"Organization\",\"@id\":\"https:\\\/\\\/www.eldiario.net\\\/portal\\\/#organization\",\"name\":\"El Diario - Decano de la prensa nacional\",\"url\":\"https:\\\/\\\/www.eldiario.net\\\/portal\\\/\",\"logo\":{\"@type\":\"ImageObject\",\"inLanguage\":\"es\",\"@id\":\"https:\\\/\\\/www.eldiario.net\\\/portal\\\/#\\\/schema\\\/logo\\\/image\\\/\",\"url\":\"https:\\\/\\\/www.eldiario.net\\\/portal\\\/wp-content\\\/uploads\\\/2023\\\/07\\\/logo_ED.jpg\",\"contentUrl\":\"https:\\\/\\\/www.eldiario.net\\\/portal\\\/wp-content\\\/uploads\\\/2023\\\/07\\\/logo_ED.jpg\",\"width\":272,\"height\":52,\"caption\":\"El Diario - Decano de la prensa nacional\"},\"image\":{\"@id\":\"https:\\\/\\\/www.eldiario.net\\\/portal\\\/#\\\/schema\\\/logo\\\/image\\\/\"},\"sameAs\":[\"https:\\\/\\\/www.facebook.com\\\/eldiario.bolivia\\\/\",\"https:\\\/\\\/x.com\\\/eldiario_net\"]},{\"@type\":\"Person\",\"@id\":\"https:\\\/\\\/www.eldiario.net\\\/portal\\\/#\\\/schema\\\/person\\\/2c57cf2b7a7ae032e449e4c9b1019eac\",\"name\":\"Jeanette\",\"image\":{\"@type\":\"ImageObject\",\"inLanguage\":\"es\",\"@id\":\"https:\\\/\\\/secure.gravatar.com\\\/avatar\\\/3ea2118a5f7dad2b7138b1187a6b7ee55f160b9968b66013c3a3ef39dd7e5798?s=96&d=mm&r=g\",\"url\":\"https:\\\/\\\/secure.gravatar.com\\\/avatar\\\/3ea2118a5f7dad2b7138b1187a6b7ee55f160b9968b66013c3a3ef39dd7e5798?s=96&d=mm&r=g\",\"contentUrl\":\"https:\\\/\\\/secure.gravatar.com\\\/avatar\\\/3ea2118a5f7dad2b7138b1187a6b7ee55f160b9968b66013c3a3ef39dd7e5798?s=96&d=mm&r=g\",\"caption\":\"Jeanette\"},\"sameAs\":[\"https:\\\/\\\/www.eldiario.net\\\/portal\"],\"url\":\"https:\\\/\\\/www.eldiario.net\\\/portal\\\/author\\\/jeanette\\\/\"}]}<\/script>\n<!-- \/ Yoast SEO plugin. -->","yoast_head_json":{"title":"Metamorfosis, la nueva colecci\u00f3n de Rosita Hurtado - El Diario - Bolivia","robots":{"index":"index","follow":"follow","max-snippet":"max-snippet:-1","max-image-preview":"max-image-preview:large","max-video-preview":"max-video-preview:-1"},"canonical":"https:\/\/www.eldiario.net\/portal\/2024\/09\/25\/metamorfosis-la-nueva-coleccion-de-rosita-hurtado\/","og_locale":"es_ES","og_type":"article","og_title":"Metamorfosis, la nueva colecci\u00f3n de Rosita Hurtado - El Diario - Bolivia","og_description":"Por Susana Guti\u00e9rrez Fotos: Steve Gursey &nbsp; La dise\u00f1adora boliviana\u00a0 Rosita Hurtado present\u00f3 su colecci\u00f3n de primavera-verano 2025 en el aclamado New York Fashion Week, un evento que atrae a los amantes de la moda de todo el mundo. Con su nueva propuesta \u201cMetamorfosis\u201d, la\u00a0 experta en dise\u00f1o nos invita a explorar el poder de [&hellip;]","og_url":"https:\/\/www.eldiario.net\/portal\/2024\/09\/25\/metamorfosis-la-nueva-coleccion-de-rosita-hurtado\/","og_site_name":"El Diario - Bolivia","article_publisher":"https:\/\/www.facebook.com\/eldiario.bolivia\/","article_published_time":"2024-09-25T10:26:00+00:00","og_image":[{"width":1066,"height":1600,"url":"https:\/\/www.eldiario.net\/portal\/wp-content\/uploads\/2024\/09\/NOTA-1-FOTO-4-2.jpg","type":"image\/jpeg"}],"author":"Jeanette","twitter_card":"summary_large_image","twitter_creator":"@eldiario_net","twitter_site":"@eldiario_net","twitter_misc":{"Escrito por":"Jeanette","Tiempo de lectura":"2 minutos"},"schema":{"@context":"https:\/\/schema.org","@graph":[{"@type":"Article","@id":"https:\/\/www.eldiario.net\/portal\/2024\/09\/25\/metamorfosis-la-nueva-coleccion-de-rosita-hurtado\/#article","isPartOf":{"@id":"https:\/\/www.eldiario.net\/portal\/2024\/09\/25\/metamorfosis-la-nueva-coleccion-de-rosita-hurtado\/"},"author":{"name":"Jeanette","@id":"https:\/\/www.eldiario.net\/portal\/#\/schema\/person\/2c57cf2b7a7ae032e449e4c9b1019eac"},"headline":"Metamorfosis, la nueva colecci\u00f3n de Rosita Hurtado","datePublished":"2024-09-25T10:26:00+00:00","mainEntityOfPage":{"@id":"https:\/\/www.eldiario.net\/portal\/2024\/09\/25\/metamorfosis-la-nueva-coleccion-de-rosita-hurtado\/"},"wordCount":367,"commentCount":0,"publisher":{"@id":"https:\/\/www.eldiario.net\/portal\/#organization"},"image":{"@id":"https:\/\/www.eldiario.net\/portal\/2024\/09\/25\/metamorfosis-la-nueva-coleccion-de-rosita-hurtado\/#primaryimage"},"thumbnailUrl":"https:\/\/www.eldiario.net\/portal\/wp-content\/uploads\/2024\/09\/NOTA-1-FOTO-4-2.jpg","articleSection":["Femenina"],"inLanguage":"es","potentialAction":[{"@type":"CommentAction","name":"Comment","target":["https:\/\/www.eldiario.net\/portal\/2024\/09\/25\/metamorfosis-la-nueva-coleccion-de-rosita-hurtado\/#respond"]}]},{"@type":"WebPage","@id":"https:\/\/www.eldiario.net\/portal\/2024\/09\/25\/metamorfosis-la-nueva-coleccion-de-rosita-hurtado\/","url":"https:\/\/www.eldiario.net\/portal\/2024\/09\/25\/metamorfosis-la-nueva-coleccion-de-rosita-hurtado\/","name":"Metamorfosis, la nueva colecci\u00f3n de Rosita Hurtado - El Diario - Bolivia","isPartOf":{"@id":"https:\/\/www.eldiario.net\/portal\/#website"},"primaryImageOfPage":{"@id":"https:\/\/www.eldiario.net\/portal\/2024\/09\/25\/metamorfosis-la-nueva-coleccion-de-rosita-hurtado\/#primaryimage"},"image":{"@id":"https:\/\/www.eldiario.net\/portal\/2024\/09\/25\/metamorfosis-la-nueva-coleccion-de-rosita-hurtado\/#primaryimage"},"thumbnailUrl":"https:\/\/www.eldiario.net\/portal\/wp-content\/uploads\/2024\/09\/NOTA-1-FOTO-4-2.jpg","datePublished":"2024-09-25T10:26:00+00:00","breadcrumb":{"@id":"https:\/\/www.eldiario.net\/portal\/2024\/09\/25\/metamorfosis-la-nueva-coleccion-de-rosita-hurtado\/#breadcrumb"},"inLanguage":"es","potentialAction":[{"@type":"ReadAction","target":["https:\/\/www.eldiario.net\/portal\/2024\/09\/25\/metamorfosis-la-nueva-coleccion-de-rosita-hurtado\/"]}]},{"@type":"ImageObject","inLanguage":"es","@id":"https:\/\/www.eldiario.net\/portal\/2024\/09\/25\/metamorfosis-la-nueva-coleccion-de-rosita-hurtado\/#primaryimage","url":"https:\/\/www.eldiario.net\/portal\/wp-content\/uploads\/2024\/09\/NOTA-1-FOTO-4-2.jpg","contentUrl":"https:\/\/www.eldiario.net\/portal\/wp-content\/uploads\/2024\/09\/NOTA-1-FOTO-4-2.jpg","width":1066,"height":1600},{"@type":"BreadcrumbList","@id":"https:\/\/www.eldiario.net\/portal\/2024\/09\/25\/metamorfosis-la-nueva-coleccion-de-rosita-hurtado\/#breadcrumb","itemListElement":[{"@type":"ListItem","position":1,"name":"Portada","item":"https:\/\/www.eldiario.net\/portal\/"},{"@type":"ListItem","position":2,"name":"Metamorfosis, la nueva colecci\u00f3n de Rosita Hurtado"}]},{"@type":"WebSite","@id":"https:\/\/www.eldiario.net\/portal\/#website","url":"https:\/\/www.eldiario.net\/portal\/","name":"El Diario - Decano de la prensa nacional","description":"El Diario - Decano de la prensa nacional","publisher":{"@id":"https:\/\/www.eldiario.net\/portal\/#organization"},"potentialAction":[{"@type":"SearchAction","target":{"@type":"EntryPoint","urlTemplate":"https:\/\/www.eldiario.net\/portal\/?s={search_term_string}"},"query-input":{"@type":"PropertyValueSpecification","valueRequired":true,"valueName":"search_term_string"}}],"inLanguage":"es"},{"@type":"Organization","@id":"https:\/\/www.eldiario.net\/portal\/#organization","name":"El Diario - Decano de la prensa nacional","url":"https:\/\/www.eldiario.net\/portal\/","logo":{"@type":"ImageObject","inLanguage":"es","@id":"https:\/\/www.eldiario.net\/portal\/#\/schema\/logo\/image\/","url":"https:\/\/www.eldiario.net\/portal\/wp-content\/uploads\/2023\/07\/logo_ED.jpg","contentUrl":"https:\/\/www.eldiario.net\/portal\/wp-content\/uploads\/2023\/07\/logo_ED.jpg","width":272,"height":52,"caption":"El Diario - Decano de la prensa nacional"},"image":{"@id":"https:\/\/www.eldiario.net\/portal\/#\/schema\/logo\/image\/"},"sameAs":["https:\/\/www.facebook.com\/eldiario.bolivia\/","https:\/\/x.com\/eldiario_net"]},{"@type":"Person","@id":"https:\/\/www.eldiario.net\/portal\/#\/schema\/person\/2c57cf2b7a7ae032e449e4c9b1019eac","name":"Jeanette","image":{"@type":"ImageObject","inLanguage":"es","@id":"https:\/\/secure.gravatar.com\/avatar\/3ea2118a5f7dad2b7138b1187a6b7ee55f160b9968b66013c3a3ef39dd7e5798?s=96&d=mm&r=g","url":"https:\/\/secure.gravatar.com\/avatar\/3ea2118a5f7dad2b7138b1187a6b7ee55f160b9968b66013c3a3ef39dd7e5798?s=96&d=mm&r=g","contentUrl":"https:\/\/secure.gravatar.com\/avatar\/3ea2118a5f7dad2b7138b1187a6b7ee55f160b9968b66013c3a3ef39dd7e5798?s=96&d=mm&r=g","caption":"Jeanette"},"sameAs":["https:\/\/www.eldiario.net\/portal"],"url":"https:\/\/www.eldiario.net\/portal\/author\/jeanette\/"}]}},"_links":{"self":[{"href":"https:\/\/www.eldiario.net\/portal\/wp-json\/wp\/v2\/posts\/249919","targetHints":{"allow":["GET"]}}],"collection":[{"href":"https:\/\/www.eldiario.net\/portal\/wp-json\/wp\/v2\/posts"}],"about":[{"href":"https:\/\/www.eldiario.net\/portal\/wp-json\/wp\/v2\/types\/post"}],"author":[{"embeddable":true,"href":"https:\/\/www.eldiario.net\/portal\/wp-json\/wp\/v2\/users\/1"}],"replies":[{"embeddable":true,"href":"https:\/\/www.eldiario.net\/portal\/wp-json\/wp\/v2\/comments?post=249919"}],"version-history":[{"count":1,"href":"https:\/\/www.eldiario.net\/portal\/wp-json\/wp\/v2\/posts\/249919\/revisions"}],"predecessor-version":[{"id":249925,"href":"https:\/\/www.eldiario.net\/portal\/wp-json\/wp\/v2\/posts\/249919\/revisions\/249925"}],"wp:featuredmedia":[{"embeddable":true,"href":"https:\/\/www.eldiario.net\/portal\/wp-json\/wp\/v2\/media\/249920"}],"wp:attachment":[{"href":"https:\/\/www.eldiario.net\/portal\/wp-json\/wp\/v2\/media?parent=249919"}],"wp:term":[{"taxonomy":"category","embeddable":true,"href":"https:\/\/www.eldiario.net\/portal\/wp-json\/wp\/v2\/categories?post=249919"},{"taxonomy":"post_tag","embeddable":true,"href":"https:\/\/www.eldiario.net\/portal\/wp-json\/wp\/v2\/tags?post=249919"}],"curies":[{"name":"wp","href":"https:\/\/api.w.org\/{rel}","templated":true}]}}