{"id":24977,"date":"2021-08-22T05:49:48","date_gmt":"2021-08-22T09:49:48","guid":{"rendered":"https:\/\/www.eldiario.net\/portal\/?p=24977"},"modified":"2021-08-22T05:49:48","modified_gmt":"2021-08-22T09:49:48","slug":"luis-rico","status":"publish","type":"post","link":"https:\/\/www.eldiario.net\/portal\/2021\/08\/22\/luis-rico\/","title":{"rendered":"Luis Rico"},"content":{"rendered":"<p>El invitado de turno hoy en Cvltvral es uno de los mejores cantautores del continente que, desde un comienzo, ha demostrado su compromiso social mediante la m\u00fasica para dar a conocer las distintas realidades del pa\u00eds, muchas veces positivas y otras no tanto.<br \/>\nMediante sus interpretaciones ha incurrido en distintos ritmos propios de Bolivia tanto del altiplano, centro y oriente, as\u00ed como tambi\u00e9n explora ritmos latinoamericanos y de todo el mundo. Sin duda alguna, es uno de los mejores exponentes musicales de nuestro pa\u00eds y en esta exclusiva nos cuenta sobre sus comienzos y hace un repaso a su exitos\u00edsima carrera\u2026 sean todos bienvenidos al show.<\/p>\n<p><strong>\u00bfQui\u00e9n es Luis?<\/strong><br \/>\nUn hombre com\u00fan que camina las calles, las monta\u00f1as, los sembrad\u00edos, la selva y canta lo que ve y lo que siente. Un hombre que sabe mirar los ojos de la gente, que palpita con el coraz\u00f3n de la gente y que aprende de las cosas sencillas que ense\u00f1a la sabidur\u00eda infantil.<\/p>\n<p><strong>\u00bfC\u00f3mo lleg\u00f3 la m\u00fasica a tu vida?<\/strong><br \/>\nCuando nac\u00ed, la m\u00fasica me estaba esperando en la guitarra de mi padre que la tocaba cada vez que nac\u00eda un hijo o hija, yo soy el sexto de los diez hijos. Cuando llegu\u00e9 a la Universidad como estudiante privilegiado por una beca, me compr\u00e9 mi propia guitarra para compartir la bohemia estudiantil donde cantaba el cancionero fronterizo de Bolivia y Argentina hasta que la dram\u00e1tica noche de la masacre de San Juan, producto de la presencia del Che Guevara en \u00d1ancaguaz\u00fa, nos hizo preguntar cu\u00e1l ser\u00eda nuestro aporte generacional para recuperar la democracia que estaba en las manos de las dictaduras militares. Entonces, decid\u00ed dejar la universidad y tomar en serio la guitarra para cantar y contar la vida cotidiana de Bolivia.<\/p>\n<p><strong>\u00bfCu\u00e1les son tus mayores influencias musicales?<\/strong><br \/>\nEn mi formaci\u00f3n autodidacta escuchaba todo lo que emit\u00edan la radio y todos los discos prestados y los discos y grabaciones clandestinas que circulaban de mano en mano: Atahuallpa Yupanqui, Violeta Parra, V\u00edctor Jara, las canciones de la revoluci\u00f3n mexicana, Nicomedes Santa Cruz, Armando Tejada G\u00f3mez, Cesar Isella, Daniel Viglietty, Benjo Cruz, Alfredo Zitarroza y otros.<\/p>\n<p><strong>\u00bfCu\u00e1l dir\u00edas que es tu mejor aporte a la m\u00fasica mundial?<\/strong><br \/>\n\u201cLos Chiriguanos del sur\u201d canci\u00f3n nacida en el Hospital dermatol\u00f3gico de Monteagudo (leprosario) como una muestra del neoesclavismo terrateniente en Bolivia.<br \/>\n\u201cCoplas de la sequ\u00eda\u201d, tincu que describe la migraci\u00f3n de campesinos norte potosinos sorprendidos por narcos para pisar coca y elaborar coca\u00edna.<br \/>\n\u201cEn el funeral del r\u00edo\u201d, creaci\u00f3n conjunta con el poeta &#8211; periodista Coco Manto para mostrar la contaminaci\u00f3n del r\u00edo Choqueyapu que ba\u00f1a hermosamente la ciudad de La Paz en Bolivia.<\/p>\n<p><strong>\u00bfQu\u00e9 buscas expresar mediante tu m\u00fasica?<\/strong><br \/>\nMostrar lo cotidiano de nuestro pa\u00eds, por esto alguna gente cree que soy comunicador o periodista que relata cantando lo que ocurre en el pa\u00eds.<br \/>\n\u00bfCu\u00e1ntos trabajos de estudio llevas en tu haber?<br \/>\nSon 35 discos que he grabado en Bolivia y fuera de nuestro pa\u00eds; en Francia, Canad\u00e1, M\u00e9xico y Argentina.<\/p>\n<p><strong>\u00bfEn qu\u00e9 g\u00e9nero musical que nunca has ahondado te gustar\u00eda grabar alg\u00fan d\u00eda?<\/strong><br \/>\nNo tengo disciplina acad\u00e9mica y he picado, creo, todos los g\u00e9neros: folklore criollo, nativo, afroboliviano, con banda de metales militares, jazz, rock y me invitaron a participar en \u201cA la Boliviana\u201d cantando con la Orquesta Sinf\u00f3nica.<\/p>\n<p><strong>\u00bfSe podr\u00eda decir que siempre has transmitido el mensaje deseado mediante tu m\u00fasica?<\/strong><br \/>\nBuena pregunta. Alguna vez me censur\u00e9: \u00bfC\u00f3mo pude componer esta canci\u00f3n? Tan coyuntural, tan ef\u00edmera y que sin embargo ha rebasado al tiempo de la vida y de la muerte. \u201cBienvenido General\u201d es una canci\u00f3n para el dictamen del juicio de responsabilidades al dictador Luis Garc\u00eda Meza que ya muri\u00f3\u2026 o \u2026\u201dQuince pu\u00f1aladas\u201d, canci\u00f3n que describe el feminicidio de una periodista asesinada por su marido polic\u00eda en presencia del ni\u00f1o que hoy tiene 13 a\u00f1os, creo, no apto para entender esa tragedia descrita en la canci\u00f3n.<\/p>\n<p><strong>Eres un autor muy galardonado \u00bfCu\u00e1l de tus premios te causa m\u00e1s orgullo?<\/strong><br \/>\nEl reconocimiento que me hizo el Concejo Municipal de La Paz en sesi\u00f3n de honor cuando llegu\u00e9 tarde a la reuni\u00f3n porque la ciudad estaba bloqueada por los ind\u00edgenas del Tipnis Territorio Ind\u00edgena Parque Nacional Isiboro S\u00e9cure que hab\u00edan llegado en la Octava Marcha y cantando mi Canci\u00f3n: \u201cCoraje\u201d.<\/p>\n<p><strong>Musicalmente hablando, \u00bfse podr\u00eda decir que has logrado todos tus objetivos?<\/strong><br \/>\nDespu\u00e9s de 54 a\u00f1os de canto en varios pa\u00edses y en todos los rincones de Bolivia, me falta el disco que estamos preparando con Los CalaVeras. Es un disco para ni\u00f1os donde haremos varios intentos pedag\u00f3gicos en Educaci\u00f3n Barrial (semi presencial), identidad afroboliviana, matem\u00e1ticas, ecol\u00f3gicas, autodidacta, gustos modernos y turismo mundial.<\/p>\n<p><strong>\u00bfQu\u00e9 tienes en tu agenda para esta segunda mitad del pand\u00e9mico 2021?<\/strong><br \/>\nCuidarme, cuidar a mi familia, seguir produciendo canciones que puedan quedar como herencia y como opini\u00f3n sobre la vida nacional como: \u201cNo dejes que me vaya de Bolivia\u201d, \u201cMe voy p\u00b4al Beni\u201d, \u201cAjayu\u201d, \u201cAcuarelas\u201d, \u201cEl Illimani nos mira\u201d, \u201cEscribo tu nombre en papel cuadriculado\u201d, \u201cAgua\u201d y otras canciones.<\/p>\n<div id='gallery-1' class='gallery galleryid-24977 gallery-columns-3 gallery-size-medium'><figure class='gallery-item'>\n\t\t\t<div class='gallery-icon landscape'>\n\t\t\t\t<a href='https:\/\/www.eldiario.net\/portal\/2021\/08\/22\/luis-rico\/tapa-y-contratapa\/'><img loading=\"lazy\" decoding=\"async\" width=\"300\" height=\"208\" src=\"https:\/\/www.eldiario.net\/portal\/wp-content\/uploads\/2021\/08\/TAPA-Y-CONTRATAPA-scaled-1-300x208.jpg\" class=\"attachment-medium size-medium\" alt=\"\" srcset=\"https:\/\/www.eldiario.net\/portal\/wp-content\/uploads\/2021\/08\/TAPA-Y-CONTRATAPA-scaled-1-300x208.jpg 300w, https:\/\/www.eldiario.net\/portal\/wp-content\/uploads\/2021\/08\/TAPA-Y-CONTRATAPA-scaled-1-1024x712.jpg 1024w, https:\/\/www.eldiario.net\/portal\/wp-content\/uploads\/2021\/08\/TAPA-Y-CONTRATAPA-scaled-1-768x534.jpg 768w, https:\/\/www.eldiario.net\/portal\/wp-content\/uploads\/2021\/08\/TAPA-Y-CONTRATAPA-scaled-1-1536x1067.jpg 1536w, https:\/\/www.eldiario.net\/portal\/wp-content\/uploads\/2021\/08\/TAPA-Y-CONTRATAPA-scaled-1-2048x1423.jpg 2048w, https:\/\/www.eldiario.net\/portal\/wp-content\/uploads\/2021\/08\/TAPA-Y-CONTRATAPA-scaled-1-218x150.jpg 218w, https:\/\/www.eldiario.net\/portal\/wp-content\/uploads\/2021\/08\/TAPA-Y-CONTRATAPA-scaled-1-696x484.jpg 696w, https:\/\/www.eldiario.net\/portal\/wp-content\/uploads\/2021\/08\/TAPA-Y-CONTRATAPA-scaled-1-1068x742.jpg 1068w, https:\/\/www.eldiario.net\/portal\/wp-content\/uploads\/2021\/08\/TAPA-Y-CONTRATAPA-scaled-1-1920x1334.jpg 1920w\" sizes=\"auto, (max-width: 300px) 100vw, 300px\" \/><\/a>\n\t\t\t<\/div><\/figure>\n\t\t<\/div>\n\n","protected":false},"excerpt":{"rendered":"<p>El invitado de turno hoy en Cvltvral es uno de los mejores cantautores del continente que, desde un comienzo, ha demostrado su compromiso social mediante la m\u00fasica para dar a conocer las distintas realidades del pa\u00eds, muchas veces positivas y otras no tanto. Mediante sus interpretaciones ha incurrido en distintos ritmos propios de Bolivia tanto [&hellip;]<\/p>\n","protected":false},"author":1,"featured_media":24978,"comment_status":"closed","ping_status":"closed","sticky":false,"template":"","format":"standard","meta":{"_acf_changed":false,"footnotes":""},"categories":[8],"tags":[],"class_list":["post-24977","post","type-post","status-publish","format-standard","has-post-thumbnail","category-cultural"],"acf":{"antetitulo":""},"yoast_head":"<!-- This site is optimized with the Yoast SEO plugin v28.4 - https:\/\/yoast.com\/product\/yoast-seo-wordpress\/ -->\n<title>Luis Rico - El Diario - Bolivia<\/title>\n<meta name=\"robots\" content=\"index, follow, max-snippet:-1, max-image-preview:large, max-video-preview:-1\" \/>\n<link rel=\"canonical\" href=\"https:\/\/www.eldiario.net\/portal\/2021\/08\/22\/luis-rico\/\" \/>\n<meta property=\"og:locale\" content=\"es_ES\" \/>\n<meta property=\"og:type\" content=\"article\" \/>\n<meta property=\"og:title\" content=\"Luis Rico - El Diario - Bolivia\" \/>\n<meta property=\"og:description\" content=\"El invitado de turno hoy en Cvltvral es uno de los mejores cantautores del continente que, desde un comienzo, ha demostrado su compromiso social mediante la m\u00fasica para dar a conocer las distintas realidades del pa\u00eds, muchas veces positivas y otras no tanto. Mediante sus interpretaciones ha incurrido en distintos ritmos propios de Bolivia tanto [&hellip;]\" \/>\n<meta property=\"og:url\" content=\"https:\/\/www.eldiario.net\/portal\/2021\/08\/22\/luis-rico\/\" \/>\n<meta property=\"og:site_name\" content=\"El Diario - Bolivia\" \/>\n<meta property=\"article:publisher\" content=\"https:\/\/www.facebook.com\/eldiario.bolivia\/\" \/>\n<meta property=\"article:published_time\" content=\"2021-08-22T09:49:48+00:00\" \/>\n<meta name=\"author\" content=\"Jeanette\" \/>\n<meta name=\"twitter:card\" content=\"summary_large_image\" \/>\n<meta name=\"twitter:creator\" content=\"@eldiario_net\" \/>\n<meta name=\"twitter:site\" content=\"@eldiario_net\" \/>\n<meta name=\"twitter:label1\" content=\"Escrito por\" \/>\n\t<meta name=\"twitter:data1\" content=\"Jeanette\" \/>\n\t<meta name=\"twitter:label2\" content=\"Tiempo de lectura\" \/>\n\t<meta name=\"twitter:data2\" content=\"4 minutos\" \/>\n<script type=\"application\/ld+json\" class=\"yoast-schema-graph\">{\"@context\":\"https:\\\/\\\/schema.org\",\"@graph\":[{\"@type\":\"Article\",\"@id\":\"https:\\\/\\\/www.eldiario.net\\\/portal\\\/2021\\\/08\\\/22\\\/luis-rico\\\/#article\",\"isPartOf\":{\"@id\":\"https:\\\/\\\/www.eldiario.net\\\/portal\\\/2021\\\/08\\\/22\\\/luis-rico\\\/\"},\"author\":{\"name\":\"Jeanette\",\"@id\":\"https:\\\/\\\/www.eldiario.net\\\/portal\\\/#\\\/schema\\\/person\\\/2c57cf2b7a7ae032e449e4c9b1019eac\"},\"headline\":\"Luis Rico\",\"datePublished\":\"2021-08-22T09:49:48+00:00\",\"mainEntityOfPage\":{\"@id\":\"https:\\\/\\\/www.eldiario.net\\\/portal\\\/2021\\\/08\\\/22\\\/luis-rico\\\/\"},\"wordCount\":915,\"publisher\":{\"@id\":\"https:\\\/\\\/www.eldiario.net\\\/portal\\\/#organization\"},\"image\":{\"@id\":\"https:\\\/\\\/www.eldiario.net\\\/portal\\\/2021\\\/08\\\/22\\\/luis-rico\\\/#primaryimage\"},\"thumbnailUrl\":\"\",\"articleSection\":[\"Cultural\"],\"inLanguage\":\"es\"},{\"@type\":\"WebPage\",\"@id\":\"https:\\\/\\\/www.eldiario.net\\\/portal\\\/2021\\\/08\\\/22\\\/luis-rico\\\/\",\"url\":\"https:\\\/\\\/www.eldiario.net\\\/portal\\\/2021\\\/08\\\/22\\\/luis-rico\\\/\",\"name\":\"Luis Rico - El Diario - Bolivia\",\"isPartOf\":{\"@id\":\"https:\\\/\\\/www.eldiario.net\\\/portal\\\/#website\"},\"primaryImageOfPage\":{\"@id\":\"https:\\\/\\\/www.eldiario.net\\\/portal\\\/2021\\\/08\\\/22\\\/luis-rico\\\/#primaryimage\"},\"image\":{\"@id\":\"https:\\\/\\\/www.eldiario.net\\\/portal\\\/2021\\\/08\\\/22\\\/luis-rico\\\/#primaryimage\"},\"thumbnailUrl\":\"\",\"datePublished\":\"2021-08-22T09:49:48+00:00\",\"breadcrumb\":{\"@id\":\"https:\\\/\\\/www.eldiario.net\\\/portal\\\/2021\\\/08\\\/22\\\/luis-rico\\\/#breadcrumb\"},\"inLanguage\":\"es\",\"potentialAction\":[{\"@type\":\"ReadAction\",\"target\":[\"https:\\\/\\\/www.eldiario.net\\\/portal\\\/2021\\\/08\\\/22\\\/luis-rico\\\/\"]}]},{\"@type\":\"ImageObject\",\"inLanguage\":\"es\",\"@id\":\"https:\\\/\\\/www.eldiario.net\\\/portal\\\/2021\\\/08\\\/22\\\/luis-rico\\\/#primaryimage\",\"url\":\"\",\"contentUrl\":\"\"},{\"@type\":\"BreadcrumbList\",\"@id\":\"https:\\\/\\\/www.eldiario.net\\\/portal\\\/2021\\\/08\\\/22\\\/luis-rico\\\/#breadcrumb\",\"itemListElement\":[{\"@type\":\"ListItem\",\"position\":1,\"name\":\"Portada\",\"item\":\"https:\\\/\\\/www.eldiario.net\\\/portal\\\/\"},{\"@type\":\"ListItem\",\"position\":2,\"name\":\"Luis Rico\"}]},{\"@type\":\"WebSite\",\"@id\":\"https:\\\/\\\/www.eldiario.net\\\/portal\\\/#website\",\"url\":\"https:\\\/\\\/www.eldiario.net\\\/portal\\\/\",\"name\":\"El Diario - Decano de la prensa nacional\",\"description\":\"El Diario - Decano de la prensa nacional\",\"publisher\":{\"@id\":\"https:\\\/\\\/www.eldiario.net\\\/portal\\\/#organization\"},\"potentialAction\":[{\"@type\":\"SearchAction\",\"target\":{\"@type\":\"EntryPoint\",\"urlTemplate\":\"https:\\\/\\\/www.eldiario.net\\\/portal\\\/?s={search_term_string}\"},\"query-input\":{\"@type\":\"PropertyValueSpecification\",\"valueRequired\":true,\"valueName\":\"search_term_string\"}}],\"inLanguage\":\"es\"},{\"@type\":\"Organization\",\"@id\":\"https:\\\/\\\/www.eldiario.net\\\/portal\\\/#organization\",\"name\":\"El Diario - Decano de la prensa nacional\",\"url\":\"https:\\\/\\\/www.eldiario.net\\\/portal\\\/\",\"logo\":{\"@type\":\"ImageObject\",\"inLanguage\":\"es\",\"@id\":\"https:\\\/\\\/www.eldiario.net\\\/portal\\\/#\\\/schema\\\/logo\\\/image\\\/\",\"url\":\"https:\\\/\\\/www.eldiario.net\\\/portal\\\/wp-content\\\/uploads\\\/2023\\\/07\\\/logo_ED.jpg\",\"contentUrl\":\"https:\\\/\\\/www.eldiario.net\\\/portal\\\/wp-content\\\/uploads\\\/2023\\\/07\\\/logo_ED.jpg\",\"width\":272,\"height\":52,\"caption\":\"El Diario - Decano de la prensa nacional\"},\"image\":{\"@id\":\"https:\\\/\\\/www.eldiario.net\\\/portal\\\/#\\\/schema\\\/logo\\\/image\\\/\"},\"sameAs\":[\"https:\\\/\\\/www.facebook.com\\\/eldiario.bolivia\\\/\",\"https:\\\/\\\/x.com\\\/eldiario_net\"]},{\"@type\":\"Person\",\"@id\":\"https:\\\/\\\/www.eldiario.net\\\/portal\\\/#\\\/schema\\\/person\\\/2c57cf2b7a7ae032e449e4c9b1019eac\",\"name\":\"Jeanette\",\"image\":{\"@type\":\"ImageObject\",\"inLanguage\":\"es\",\"@id\":\"https:\\\/\\\/secure.gravatar.com\\\/avatar\\\/3ea2118a5f7dad2b7138b1187a6b7ee55f160b9968b66013c3a3ef39dd7e5798?s=96&d=mm&r=g\",\"url\":\"https:\\\/\\\/secure.gravatar.com\\\/avatar\\\/3ea2118a5f7dad2b7138b1187a6b7ee55f160b9968b66013c3a3ef39dd7e5798?s=96&d=mm&r=g\",\"contentUrl\":\"https:\\\/\\\/secure.gravatar.com\\\/avatar\\\/3ea2118a5f7dad2b7138b1187a6b7ee55f160b9968b66013c3a3ef39dd7e5798?s=96&d=mm&r=g\",\"caption\":\"Jeanette\"},\"sameAs\":[\"https:\\\/\\\/www.eldiario.net\\\/portal\"],\"url\":\"https:\\\/\\\/www.eldiario.net\\\/portal\\\/author\\\/jeanette\\\/\"}]}<\/script>\n<!-- \/ Yoast SEO plugin. -->","yoast_head_json":{"title":"Luis Rico - El Diario - Bolivia","robots":{"index":"index","follow":"follow","max-snippet":"max-snippet:-1","max-image-preview":"max-image-preview:large","max-video-preview":"max-video-preview:-1"},"canonical":"https:\/\/www.eldiario.net\/portal\/2021\/08\/22\/luis-rico\/","og_locale":"es_ES","og_type":"article","og_title":"Luis Rico - El Diario - Bolivia","og_description":"El invitado de turno hoy en Cvltvral es uno de los mejores cantautores del continente que, desde un comienzo, ha demostrado su compromiso social mediante la m\u00fasica para dar a conocer las distintas realidades del pa\u00eds, muchas veces positivas y otras no tanto. Mediante sus interpretaciones ha incurrido en distintos ritmos propios de Bolivia tanto [&hellip;]","og_url":"https:\/\/www.eldiario.net\/portal\/2021\/08\/22\/luis-rico\/","og_site_name":"El Diario - Bolivia","article_publisher":"https:\/\/www.facebook.com\/eldiario.bolivia\/","article_published_time":"2021-08-22T09:49:48+00:00","author":"Jeanette","twitter_card":"summary_large_image","twitter_creator":"@eldiario_net","twitter_site":"@eldiario_net","twitter_misc":{"Escrito por":"Jeanette","Tiempo de lectura":"4 minutos"},"schema":{"@context":"https:\/\/schema.org","@graph":[{"@type":"Article","@id":"https:\/\/www.eldiario.net\/portal\/2021\/08\/22\/luis-rico\/#article","isPartOf":{"@id":"https:\/\/www.eldiario.net\/portal\/2021\/08\/22\/luis-rico\/"},"author":{"name":"Jeanette","@id":"https:\/\/www.eldiario.net\/portal\/#\/schema\/person\/2c57cf2b7a7ae032e449e4c9b1019eac"},"headline":"Luis Rico","datePublished":"2021-08-22T09:49:48+00:00","mainEntityOfPage":{"@id":"https:\/\/www.eldiario.net\/portal\/2021\/08\/22\/luis-rico\/"},"wordCount":915,"publisher":{"@id":"https:\/\/www.eldiario.net\/portal\/#organization"},"image":{"@id":"https:\/\/www.eldiario.net\/portal\/2021\/08\/22\/luis-rico\/#primaryimage"},"thumbnailUrl":"","articleSection":["Cultural"],"inLanguage":"es"},{"@type":"WebPage","@id":"https:\/\/www.eldiario.net\/portal\/2021\/08\/22\/luis-rico\/","url":"https:\/\/www.eldiario.net\/portal\/2021\/08\/22\/luis-rico\/","name":"Luis Rico - El Diario - Bolivia","isPartOf":{"@id":"https:\/\/www.eldiario.net\/portal\/#website"},"primaryImageOfPage":{"@id":"https:\/\/www.eldiario.net\/portal\/2021\/08\/22\/luis-rico\/#primaryimage"},"image":{"@id":"https:\/\/www.eldiario.net\/portal\/2021\/08\/22\/luis-rico\/#primaryimage"},"thumbnailUrl":"","datePublished":"2021-08-22T09:49:48+00:00","breadcrumb":{"@id":"https:\/\/www.eldiario.net\/portal\/2021\/08\/22\/luis-rico\/#breadcrumb"},"inLanguage":"es","potentialAction":[{"@type":"ReadAction","target":["https:\/\/www.eldiario.net\/portal\/2021\/08\/22\/luis-rico\/"]}]},{"@type":"ImageObject","inLanguage":"es","@id":"https:\/\/www.eldiario.net\/portal\/2021\/08\/22\/luis-rico\/#primaryimage","url":"","contentUrl":""},{"@type":"BreadcrumbList","@id":"https:\/\/www.eldiario.net\/portal\/2021\/08\/22\/luis-rico\/#breadcrumb","itemListElement":[{"@type":"ListItem","position":1,"name":"Portada","item":"https:\/\/www.eldiario.net\/portal\/"},{"@type":"ListItem","position":2,"name":"Luis Rico"}]},{"@type":"WebSite","@id":"https:\/\/www.eldiario.net\/portal\/#website","url":"https:\/\/www.eldiario.net\/portal\/","name":"El Diario - Decano de la prensa nacional","description":"El Diario - Decano de la prensa nacional","publisher":{"@id":"https:\/\/www.eldiario.net\/portal\/#organization"},"potentialAction":[{"@type":"SearchAction","target":{"@type":"EntryPoint","urlTemplate":"https:\/\/www.eldiario.net\/portal\/?s={search_term_string}"},"query-input":{"@type":"PropertyValueSpecification","valueRequired":true,"valueName":"search_term_string"}}],"inLanguage":"es"},{"@type":"Organization","@id":"https:\/\/www.eldiario.net\/portal\/#organization","name":"El Diario - Decano de la prensa nacional","url":"https:\/\/www.eldiario.net\/portal\/","logo":{"@type":"ImageObject","inLanguage":"es","@id":"https:\/\/www.eldiario.net\/portal\/#\/schema\/logo\/image\/","url":"https:\/\/www.eldiario.net\/portal\/wp-content\/uploads\/2023\/07\/logo_ED.jpg","contentUrl":"https:\/\/www.eldiario.net\/portal\/wp-content\/uploads\/2023\/07\/logo_ED.jpg","width":272,"height":52,"caption":"El Diario - Decano de la prensa nacional"},"image":{"@id":"https:\/\/www.eldiario.net\/portal\/#\/schema\/logo\/image\/"},"sameAs":["https:\/\/www.facebook.com\/eldiario.bolivia\/","https:\/\/x.com\/eldiario_net"]},{"@type":"Person","@id":"https:\/\/www.eldiario.net\/portal\/#\/schema\/person\/2c57cf2b7a7ae032e449e4c9b1019eac","name":"Jeanette","image":{"@type":"ImageObject","inLanguage":"es","@id":"https:\/\/secure.gravatar.com\/avatar\/3ea2118a5f7dad2b7138b1187a6b7ee55f160b9968b66013c3a3ef39dd7e5798?s=96&d=mm&r=g","url":"https:\/\/secure.gravatar.com\/avatar\/3ea2118a5f7dad2b7138b1187a6b7ee55f160b9968b66013c3a3ef39dd7e5798?s=96&d=mm&r=g","contentUrl":"https:\/\/secure.gravatar.com\/avatar\/3ea2118a5f7dad2b7138b1187a6b7ee55f160b9968b66013c3a3ef39dd7e5798?s=96&d=mm&r=g","caption":"Jeanette"},"sameAs":["https:\/\/www.eldiario.net\/portal"],"url":"https:\/\/www.eldiario.net\/portal\/author\/jeanette\/"}]}},"_links":{"self":[{"href":"https:\/\/www.eldiario.net\/portal\/wp-json\/wp\/v2\/posts\/24977","targetHints":{"allow":["GET"]}}],"collection":[{"href":"https:\/\/www.eldiario.net\/portal\/wp-json\/wp\/v2\/posts"}],"about":[{"href":"https:\/\/www.eldiario.net\/portal\/wp-json\/wp\/v2\/types\/post"}],"author":[{"embeddable":true,"href":"https:\/\/www.eldiario.net\/portal\/wp-json\/wp\/v2\/users\/1"}],"replies":[{"embeddable":true,"href":"https:\/\/www.eldiario.net\/portal\/wp-json\/wp\/v2\/comments?post=24977"}],"version-history":[{"count":0,"href":"https:\/\/www.eldiario.net\/portal\/wp-json\/wp\/v2\/posts\/24977\/revisions"}],"wp:attachment":[{"href":"https:\/\/www.eldiario.net\/portal\/wp-json\/wp\/v2\/media?parent=24977"}],"wp:term":[{"taxonomy":"category","embeddable":true,"href":"https:\/\/www.eldiario.net\/portal\/wp-json\/wp\/v2\/categories?post=24977"},{"taxonomy":"post_tag","embeddable":true,"href":"https:\/\/www.eldiario.net\/portal\/wp-json\/wp\/v2\/tags?post=24977"}],"curies":[{"name":"wp","href":"https:\/\/api.w.org\/{rel}","templated":true}]}}