{"id":24971,"date":"2021-08-22T05:45:02","date_gmt":"2021-08-22T09:45:02","guid":{"rendered":"https:\/\/www.eldiario.net\/portal\/?p=24971"},"modified":"2021-08-22T05:45:02","modified_gmt":"2021-08-22T09:45:02","slug":"mas-de-cuatro-millones-de-personas-en-medio-de-crisis","status":"publish","type":"post","link":"https:\/\/www.eldiario.net\/portal\/2021\/08\/22\/mas-de-cuatro-millones-de-personas-en-medio-de-crisis\/","title":{"rendered":"M\u00e1s de cuatro millones de  personas en medio de crisis"},"content":{"rendered":"<p>El Fondo de Naciones Unidas para la Infancia (Unicef) inform\u00f3 ayer de que cuatro millones de personas corren el riesgo de quedarse sin acceso al agua potable en L\u00edbano en los pr\u00f3ximos d\u00edas en medio de la catastr\u00f3fica crisis energ\u00e9tica y econ\u00f3mica que sacude al pa\u00eds.<br \/>\n\u201cA menos que se tomen medidas urgentes, m\u00e1s de cuatro millones de personas en todo L\u00edbano, en su mayor\u00eda ni\u00f1os y familias vulnerables, se enfrentan a una grave escasez de agua o a que se les cortar\u00e1 por completo el suministro de agua potable en los pr\u00f3ximos d\u00edas\u201d, ha avisado el organismo.<br \/>\nUnicef ya hab\u00eda avisado el mes pasado de que m\u00e1s del 70 por ciento de la poblaci\u00f3n podr\u00eda quedarse sin acceso a agua potable en medio del grave deterioro de la crisis econ\u00f3mica. Desde entonces, ha avisado la directora ejecutiva de Unicef, Henrietta Fore, la situaci\u00f3n no ha cambiado.<br \/>\n\u201cInstalaciones vitales como hospitales y centros de salud no han tenido acceso al agua potable debido a la escasez de electricidad, lo que ha puesto vidas en riesgo\u201d, alert\u00f3.<br \/>\nAdem\u00e1s, si cuatro millones de personas se ven obligadas a recurrir a fuentes de aguas costosas e inseguras, L\u00edbano podr\u00eda ver \u201cun aumento de las enfermedades transmitidas por el agua, adem\u00e1s del aumento de los casos de covid-19\u201d.<br \/>\nEn este sentido, Unicef pidi\u00f3 restaurar de manera urgente el suministro de energ\u00eda que es \u201cla \u00fanica soluci\u00f3n para mantener los servicios de agua en funcionamiento\u201d.<br \/>\nPor \u00faltimo, Unicef ha pedido la pronta formaci\u00f3n de un nuevo Gobierno como aspecto fundamental para resolver la crisis, proteger la vida de los ni\u00f1os y garantizar el acceso al agua y a todos los servicios b\u00e1sicos.<br \/>\nL\u00edbano vive desde oto\u00f1o de 2019 una profunda crisis econ\u00f3mica y pol\u00edtica. Desde entonces han ocurrido varias dimisiones del Gobierno, incluido el de Saad Hariri, que en octubre de 2020 volvi\u00f3 a ser designado como primer ministro, pero no logr\u00f3 formar el nuevo Ejecutivo, debido a las discrepancias con el presidente liban\u00e9s, Michel Aoun, y al final renunci\u00f3 a su cargo el pasado 15 de julio.<br \/>\nDebido al agravamiento de la crisis pol\u00edtica y econ\u00f3mica, m\u00e1s del 50 por ciento de la poblaci\u00f3n de L\u00edbano se vio por debajo del umbral de la pobreza. Seg\u00fan datos de la ONU, m\u00e1s del 75 por ciento de los ni\u00f1os libaneses no alcanzan los niveles nutricionales necesarios. Los precios de los v\u00edveres crecieron m\u00e1s del 400 por ciento en un a\u00f1o y medio.<br \/>\nDesde octubre de 2019 se encuentra paralizado todo el sistema bancario, congelados todos los dep\u00f3sitos de los ciudadanos en divisas extranjeras, y prohibida la transferencia de ese dinero al exterior. Tambi\u00e9n se han declarado en quiebra muchas medianas y peque\u00f1as empresas. (Europa Press)<\/p>\n","protected":false},"excerpt":{"rendered":"<p>El Fondo de Naciones Unidas para la Infancia (Unicef) inform\u00f3 ayer de que cuatro millones de personas corren el riesgo de quedarse sin acceso al agua potable en L\u00edbano en los pr\u00f3ximos d\u00edas en medio de la catastr\u00f3fica crisis energ\u00e9tica y econ\u00f3mica que sacude al pa\u00eds. \u201cA menos que se tomen medidas urgentes, m\u00e1s de [&hellip;]<\/p>\n","protected":false},"author":1,"featured_media":24972,"comment_status":"closed","ping_status":"closed","sticky":false,"template":"","format":"standard","meta":{"_acf_changed":false,"footnotes":""},"categories":[3],"tags":[],"class_list":["post-24971","post","type-post","status-publish","format-standard","has-post-thumbnail","category-internacional"],"acf":{"antetitulo":""},"yoast_head":"<!-- This site is optimized with the Yoast SEO plugin v28.4 - https:\/\/yoast.com\/product\/yoast-seo-wordpress\/ -->\n<title>M\u00e1s de cuatro millones de personas en medio de crisis - El Diario - Bolivia<\/title>\n<meta name=\"robots\" content=\"index, follow, max-snippet:-1, max-image-preview:large, max-video-preview:-1\" \/>\n<link rel=\"canonical\" href=\"https:\/\/www.eldiario.net\/portal\/2021\/08\/22\/mas-de-cuatro-millones-de-personas-en-medio-de-crisis\/\" \/>\n<meta property=\"og:locale\" content=\"es_ES\" \/>\n<meta property=\"og:type\" content=\"article\" \/>\n<meta property=\"og:title\" content=\"M\u00e1s de cuatro millones de personas en medio de crisis - El Diario - Bolivia\" \/>\n<meta property=\"og:description\" content=\"El Fondo de Naciones Unidas para la Infancia (Unicef) inform\u00f3 ayer de que cuatro millones de personas corren el riesgo de quedarse sin acceso al agua potable en L\u00edbano en los pr\u00f3ximos d\u00edas en medio de la catastr\u00f3fica crisis energ\u00e9tica y econ\u00f3mica que sacude al pa\u00eds. \u201cA menos que se tomen medidas urgentes, m\u00e1s de [&hellip;]\" \/>\n<meta property=\"og:url\" content=\"https:\/\/www.eldiario.net\/portal\/2021\/08\/22\/mas-de-cuatro-millones-de-personas-en-medio-de-crisis\/\" \/>\n<meta property=\"og:site_name\" content=\"El Diario - Bolivia\" \/>\n<meta property=\"article:publisher\" content=\"https:\/\/www.facebook.com\/eldiario.bolivia\/\" \/>\n<meta property=\"article:published_time\" content=\"2021-08-22T09:45:02+00:00\" \/>\n<meta name=\"author\" content=\"Jeanette\" \/>\n<meta name=\"twitter:card\" content=\"summary_large_image\" \/>\n<meta name=\"twitter:creator\" content=\"@eldiario_net\" \/>\n<meta name=\"twitter:site\" content=\"@eldiario_net\" \/>\n<meta name=\"twitter:label1\" content=\"Escrito por\" \/>\n\t<meta name=\"twitter:data1\" content=\"Jeanette\" \/>\n\t<meta name=\"twitter:label2\" content=\"Tiempo de lectura\" \/>\n\t<meta name=\"twitter:data2\" content=\"2 minutos\" \/>\n<script type=\"application\/ld+json\" class=\"yoast-schema-graph\">{\"@context\":\"https:\\\/\\\/schema.org\",\"@graph\":[{\"@type\":\"Article\",\"@id\":\"https:\\\/\\\/www.eldiario.net\\\/portal\\\/2021\\\/08\\\/22\\\/mas-de-cuatro-millones-de-personas-en-medio-de-crisis\\\/#article\",\"isPartOf\":{\"@id\":\"https:\\\/\\\/www.eldiario.net\\\/portal\\\/2021\\\/08\\\/22\\\/mas-de-cuatro-millones-de-personas-en-medio-de-crisis\\\/\"},\"author\":{\"name\":\"Jeanette\",\"@id\":\"https:\\\/\\\/www.eldiario.net\\\/portal\\\/#\\\/schema\\\/person\\\/2c57cf2b7a7ae032e449e4c9b1019eac\"},\"headline\":\"M\u00e1s de cuatro millones de personas en medio de crisis\",\"datePublished\":\"2021-08-22T09:45:02+00:00\",\"mainEntityOfPage\":{\"@id\":\"https:\\\/\\\/www.eldiario.net\\\/portal\\\/2021\\\/08\\\/22\\\/mas-de-cuatro-millones-de-personas-en-medio-de-crisis\\\/\"},\"wordCount\":500,\"publisher\":{\"@id\":\"https:\\\/\\\/www.eldiario.net\\\/portal\\\/#organization\"},\"image\":{\"@id\":\"https:\\\/\\\/www.eldiario.net\\\/portal\\\/2021\\\/08\\\/22\\\/mas-de-cuatro-millones-de-personas-en-medio-de-crisis\\\/#primaryimage\"},\"thumbnailUrl\":\"\",\"articleSection\":[\"Internacional\"],\"inLanguage\":\"es\"},{\"@type\":\"WebPage\",\"@id\":\"https:\\\/\\\/www.eldiario.net\\\/portal\\\/2021\\\/08\\\/22\\\/mas-de-cuatro-millones-de-personas-en-medio-de-crisis\\\/\",\"url\":\"https:\\\/\\\/www.eldiario.net\\\/portal\\\/2021\\\/08\\\/22\\\/mas-de-cuatro-millones-de-personas-en-medio-de-crisis\\\/\",\"name\":\"M\u00e1s de cuatro millones de personas en medio de crisis - El Diario - Bolivia\",\"isPartOf\":{\"@id\":\"https:\\\/\\\/www.eldiario.net\\\/portal\\\/#website\"},\"primaryImageOfPage\":{\"@id\":\"https:\\\/\\\/www.eldiario.net\\\/portal\\\/2021\\\/08\\\/22\\\/mas-de-cuatro-millones-de-personas-en-medio-de-crisis\\\/#primaryimage\"},\"image\":{\"@id\":\"https:\\\/\\\/www.eldiario.net\\\/portal\\\/2021\\\/08\\\/22\\\/mas-de-cuatro-millones-de-personas-en-medio-de-crisis\\\/#primaryimage\"},\"thumbnailUrl\":\"\",\"datePublished\":\"2021-08-22T09:45:02+00:00\",\"breadcrumb\":{\"@id\":\"https:\\\/\\\/www.eldiario.net\\\/portal\\\/2021\\\/08\\\/22\\\/mas-de-cuatro-millones-de-personas-en-medio-de-crisis\\\/#breadcrumb\"},\"inLanguage\":\"es\",\"potentialAction\":[{\"@type\":\"ReadAction\",\"target\":[\"https:\\\/\\\/www.eldiario.net\\\/portal\\\/2021\\\/08\\\/22\\\/mas-de-cuatro-millones-de-personas-en-medio-de-crisis\\\/\"]}]},{\"@type\":\"ImageObject\",\"inLanguage\":\"es\",\"@id\":\"https:\\\/\\\/www.eldiario.net\\\/portal\\\/2021\\\/08\\\/22\\\/mas-de-cuatro-millones-de-personas-en-medio-de-crisis\\\/#primaryimage\",\"url\":\"\",\"contentUrl\":\"\"},{\"@type\":\"BreadcrumbList\",\"@id\":\"https:\\\/\\\/www.eldiario.net\\\/portal\\\/2021\\\/08\\\/22\\\/mas-de-cuatro-millones-de-personas-en-medio-de-crisis\\\/#breadcrumb\",\"itemListElement\":[{\"@type\":\"ListItem\",\"position\":1,\"name\":\"Portada\",\"item\":\"https:\\\/\\\/www.eldiario.net\\\/portal\\\/\"},{\"@type\":\"ListItem\",\"position\":2,\"name\":\"M\u00e1s de cuatro millones de personas en medio de crisis\"}]},{\"@type\":\"WebSite\",\"@id\":\"https:\\\/\\\/www.eldiario.net\\\/portal\\\/#website\",\"url\":\"https:\\\/\\\/www.eldiario.net\\\/portal\\\/\",\"name\":\"El Diario - Decano de la prensa nacional\",\"description\":\"El Diario - Decano de la prensa nacional\",\"publisher\":{\"@id\":\"https:\\\/\\\/www.eldiario.net\\\/portal\\\/#organization\"},\"potentialAction\":[{\"@type\":\"SearchAction\",\"target\":{\"@type\":\"EntryPoint\",\"urlTemplate\":\"https:\\\/\\\/www.eldiario.net\\\/portal\\\/?s={search_term_string}\"},\"query-input\":{\"@type\":\"PropertyValueSpecification\",\"valueRequired\":true,\"valueName\":\"search_term_string\"}}],\"inLanguage\":\"es\"},{\"@type\":\"Organization\",\"@id\":\"https:\\\/\\\/www.eldiario.net\\\/portal\\\/#organization\",\"name\":\"El Diario - Decano de la prensa nacional\",\"url\":\"https:\\\/\\\/www.eldiario.net\\\/portal\\\/\",\"logo\":{\"@type\":\"ImageObject\",\"inLanguage\":\"es\",\"@id\":\"https:\\\/\\\/www.eldiario.net\\\/portal\\\/#\\\/schema\\\/logo\\\/image\\\/\",\"url\":\"https:\\\/\\\/www.eldiario.net\\\/portal\\\/wp-content\\\/uploads\\\/2023\\\/07\\\/logo_ED.jpg\",\"contentUrl\":\"https:\\\/\\\/www.eldiario.net\\\/portal\\\/wp-content\\\/uploads\\\/2023\\\/07\\\/logo_ED.jpg\",\"width\":272,\"height\":52,\"caption\":\"El Diario - Decano de la prensa nacional\"},\"image\":{\"@id\":\"https:\\\/\\\/www.eldiario.net\\\/portal\\\/#\\\/schema\\\/logo\\\/image\\\/\"},\"sameAs\":[\"https:\\\/\\\/www.facebook.com\\\/eldiario.bolivia\\\/\",\"https:\\\/\\\/x.com\\\/eldiario_net\"]},{\"@type\":\"Person\",\"@id\":\"https:\\\/\\\/www.eldiario.net\\\/portal\\\/#\\\/schema\\\/person\\\/2c57cf2b7a7ae032e449e4c9b1019eac\",\"name\":\"Jeanette\",\"image\":{\"@type\":\"ImageObject\",\"inLanguage\":\"es\",\"@id\":\"https:\\\/\\\/secure.gravatar.com\\\/avatar\\\/3ea2118a5f7dad2b7138b1187a6b7ee55f160b9968b66013c3a3ef39dd7e5798?s=96&d=mm&r=g\",\"url\":\"https:\\\/\\\/secure.gravatar.com\\\/avatar\\\/3ea2118a5f7dad2b7138b1187a6b7ee55f160b9968b66013c3a3ef39dd7e5798?s=96&d=mm&r=g\",\"contentUrl\":\"https:\\\/\\\/secure.gravatar.com\\\/avatar\\\/3ea2118a5f7dad2b7138b1187a6b7ee55f160b9968b66013c3a3ef39dd7e5798?s=96&d=mm&r=g\",\"caption\":\"Jeanette\"},\"sameAs\":[\"https:\\\/\\\/www.eldiario.net\\\/portal\"],\"url\":\"https:\\\/\\\/www.eldiario.net\\\/portal\\\/author\\\/jeanette\\\/\"}]}<\/script>\n<!-- \/ Yoast SEO plugin. -->","yoast_head_json":{"title":"M\u00e1s de cuatro millones de personas en medio de crisis - El Diario - Bolivia","robots":{"index":"index","follow":"follow","max-snippet":"max-snippet:-1","max-image-preview":"max-image-preview:large","max-video-preview":"max-video-preview:-1"},"canonical":"https:\/\/www.eldiario.net\/portal\/2021\/08\/22\/mas-de-cuatro-millones-de-personas-en-medio-de-crisis\/","og_locale":"es_ES","og_type":"article","og_title":"M\u00e1s de cuatro millones de personas en medio de crisis - El Diario - Bolivia","og_description":"El Fondo de Naciones Unidas para la Infancia (Unicef) inform\u00f3 ayer de que cuatro millones de personas corren el riesgo de quedarse sin acceso al agua potable en L\u00edbano en los pr\u00f3ximos d\u00edas en medio de la catastr\u00f3fica crisis energ\u00e9tica y econ\u00f3mica que sacude al pa\u00eds. \u201cA menos que se tomen medidas urgentes, m\u00e1s de [&hellip;]","og_url":"https:\/\/www.eldiario.net\/portal\/2021\/08\/22\/mas-de-cuatro-millones-de-personas-en-medio-de-crisis\/","og_site_name":"El Diario - Bolivia","article_publisher":"https:\/\/www.facebook.com\/eldiario.bolivia\/","article_published_time":"2021-08-22T09:45:02+00:00","author":"Jeanette","twitter_card":"summary_large_image","twitter_creator":"@eldiario_net","twitter_site":"@eldiario_net","twitter_misc":{"Escrito por":"Jeanette","Tiempo de lectura":"2 minutos"},"schema":{"@context":"https:\/\/schema.org","@graph":[{"@type":"Article","@id":"https:\/\/www.eldiario.net\/portal\/2021\/08\/22\/mas-de-cuatro-millones-de-personas-en-medio-de-crisis\/#article","isPartOf":{"@id":"https:\/\/www.eldiario.net\/portal\/2021\/08\/22\/mas-de-cuatro-millones-de-personas-en-medio-de-crisis\/"},"author":{"name":"Jeanette","@id":"https:\/\/www.eldiario.net\/portal\/#\/schema\/person\/2c57cf2b7a7ae032e449e4c9b1019eac"},"headline":"M\u00e1s de cuatro millones de personas en medio de crisis","datePublished":"2021-08-22T09:45:02+00:00","mainEntityOfPage":{"@id":"https:\/\/www.eldiario.net\/portal\/2021\/08\/22\/mas-de-cuatro-millones-de-personas-en-medio-de-crisis\/"},"wordCount":500,"publisher":{"@id":"https:\/\/www.eldiario.net\/portal\/#organization"},"image":{"@id":"https:\/\/www.eldiario.net\/portal\/2021\/08\/22\/mas-de-cuatro-millones-de-personas-en-medio-de-crisis\/#primaryimage"},"thumbnailUrl":"","articleSection":["Internacional"],"inLanguage":"es"},{"@type":"WebPage","@id":"https:\/\/www.eldiario.net\/portal\/2021\/08\/22\/mas-de-cuatro-millones-de-personas-en-medio-de-crisis\/","url":"https:\/\/www.eldiario.net\/portal\/2021\/08\/22\/mas-de-cuatro-millones-de-personas-en-medio-de-crisis\/","name":"M\u00e1s de cuatro millones de personas en medio de crisis - El Diario - Bolivia","isPartOf":{"@id":"https:\/\/www.eldiario.net\/portal\/#website"},"primaryImageOfPage":{"@id":"https:\/\/www.eldiario.net\/portal\/2021\/08\/22\/mas-de-cuatro-millones-de-personas-en-medio-de-crisis\/#primaryimage"},"image":{"@id":"https:\/\/www.eldiario.net\/portal\/2021\/08\/22\/mas-de-cuatro-millones-de-personas-en-medio-de-crisis\/#primaryimage"},"thumbnailUrl":"","datePublished":"2021-08-22T09:45:02+00:00","breadcrumb":{"@id":"https:\/\/www.eldiario.net\/portal\/2021\/08\/22\/mas-de-cuatro-millones-de-personas-en-medio-de-crisis\/#breadcrumb"},"inLanguage":"es","potentialAction":[{"@type":"ReadAction","target":["https:\/\/www.eldiario.net\/portal\/2021\/08\/22\/mas-de-cuatro-millones-de-personas-en-medio-de-crisis\/"]}]},{"@type":"ImageObject","inLanguage":"es","@id":"https:\/\/www.eldiario.net\/portal\/2021\/08\/22\/mas-de-cuatro-millones-de-personas-en-medio-de-crisis\/#primaryimage","url":"","contentUrl":""},{"@type":"BreadcrumbList","@id":"https:\/\/www.eldiario.net\/portal\/2021\/08\/22\/mas-de-cuatro-millones-de-personas-en-medio-de-crisis\/#breadcrumb","itemListElement":[{"@type":"ListItem","position":1,"name":"Portada","item":"https:\/\/www.eldiario.net\/portal\/"},{"@type":"ListItem","position":2,"name":"M\u00e1s de cuatro millones de personas en medio de crisis"}]},{"@type":"WebSite","@id":"https:\/\/www.eldiario.net\/portal\/#website","url":"https:\/\/www.eldiario.net\/portal\/","name":"El Diario - Decano de la prensa nacional","description":"El Diario - Decano de la prensa nacional","publisher":{"@id":"https:\/\/www.eldiario.net\/portal\/#organization"},"potentialAction":[{"@type":"SearchAction","target":{"@type":"EntryPoint","urlTemplate":"https:\/\/www.eldiario.net\/portal\/?s={search_term_string}"},"query-input":{"@type":"PropertyValueSpecification","valueRequired":true,"valueName":"search_term_string"}}],"inLanguage":"es"},{"@type":"Organization","@id":"https:\/\/www.eldiario.net\/portal\/#organization","name":"El Diario - Decano de la prensa nacional","url":"https:\/\/www.eldiario.net\/portal\/","logo":{"@type":"ImageObject","inLanguage":"es","@id":"https:\/\/www.eldiario.net\/portal\/#\/schema\/logo\/image\/","url":"https:\/\/www.eldiario.net\/portal\/wp-content\/uploads\/2023\/07\/logo_ED.jpg","contentUrl":"https:\/\/www.eldiario.net\/portal\/wp-content\/uploads\/2023\/07\/logo_ED.jpg","width":272,"height":52,"caption":"El Diario - Decano de la prensa nacional"},"image":{"@id":"https:\/\/www.eldiario.net\/portal\/#\/schema\/logo\/image\/"},"sameAs":["https:\/\/www.facebook.com\/eldiario.bolivia\/","https:\/\/x.com\/eldiario_net"]},{"@type":"Person","@id":"https:\/\/www.eldiario.net\/portal\/#\/schema\/person\/2c57cf2b7a7ae032e449e4c9b1019eac","name":"Jeanette","image":{"@type":"ImageObject","inLanguage":"es","@id":"https:\/\/secure.gravatar.com\/avatar\/3ea2118a5f7dad2b7138b1187a6b7ee55f160b9968b66013c3a3ef39dd7e5798?s=96&d=mm&r=g","url":"https:\/\/secure.gravatar.com\/avatar\/3ea2118a5f7dad2b7138b1187a6b7ee55f160b9968b66013c3a3ef39dd7e5798?s=96&d=mm&r=g","contentUrl":"https:\/\/secure.gravatar.com\/avatar\/3ea2118a5f7dad2b7138b1187a6b7ee55f160b9968b66013c3a3ef39dd7e5798?s=96&d=mm&r=g","caption":"Jeanette"},"sameAs":["https:\/\/www.eldiario.net\/portal"],"url":"https:\/\/www.eldiario.net\/portal\/author\/jeanette\/"}]}},"_links":{"self":[{"href":"https:\/\/www.eldiario.net\/portal\/wp-json\/wp\/v2\/posts\/24971","targetHints":{"allow":["GET"]}}],"collection":[{"href":"https:\/\/www.eldiario.net\/portal\/wp-json\/wp\/v2\/posts"}],"about":[{"href":"https:\/\/www.eldiario.net\/portal\/wp-json\/wp\/v2\/types\/post"}],"author":[{"embeddable":true,"href":"https:\/\/www.eldiario.net\/portal\/wp-json\/wp\/v2\/users\/1"}],"replies":[{"embeddable":true,"href":"https:\/\/www.eldiario.net\/portal\/wp-json\/wp\/v2\/comments?post=24971"}],"version-history":[{"count":0,"href":"https:\/\/www.eldiario.net\/portal\/wp-json\/wp\/v2\/posts\/24971\/revisions"}],"wp:attachment":[{"href":"https:\/\/www.eldiario.net\/portal\/wp-json\/wp\/v2\/media?parent=24971"}],"wp:term":[{"taxonomy":"category","embeddable":true,"href":"https:\/\/www.eldiario.net\/portal\/wp-json\/wp\/v2\/categories?post=24971"},{"taxonomy":"post_tag","embeddable":true,"href":"https:\/\/www.eldiario.net\/portal\/wp-json\/wp\/v2\/tags?post=24971"}],"curies":[{"name":"wp","href":"https:\/\/api.w.org\/{rel}","templated":true}]}}