{"id":24969,"date":"2021-08-22T05:44:20","date_gmt":"2021-08-22T09:44:20","guid":{"rendered":"https:\/\/www.eldiario.net\/portal\/?p=24969"},"modified":"2021-08-22T05:44:20","modified_gmt":"2021-08-22T09:44:20","slug":"eeuu-mantiene-comunicacion-con-talibanes-para-evacuacion","status":"publish","type":"post","link":"https:\/\/www.eldiario.net\/portal\/2021\/08\/22\/eeuu-mantiene-comunicacion-con-talibanes-para-evacuacion\/","title":{"rendered":"EEUU mantiene comunicaci\u00f3n con talibanes para evacuaci\u00f3n"},"content":{"rendered":"<p>El portavoz del Departamento de Defensa estadounidense, John Kirby, explic\u00f3 que mantienen \u201ccomunicaci\u00f3n regular\u201d con los talibanes para coordinar y facilitar la operaci\u00f3n de evacuaci\u00f3n puesta en marcha en Kabul, tras la toma de la capital afgana por los insurgentes islamistas.<br \/>\nKirby ha explicado en rueda de prensa desde el Pent\u00e1gono que estas comunicaciones se refieren \u201cen particular a quienes est\u00e1n a cargo de los controles\u201d levantados por los talib\u00e1n en la ciudad.<br \/>\nEl portavoz estadounidense ha destacado que se trata de una \u201cevacuaci\u00f3n no combativa\u201d y que el objetivo es \u201csacar a tanta gente como sea posible lo m\u00e1s r\u00e1pido que podamos\u201d.<br \/>\nEn ese sentido ha destacado que la evacuaci\u00f3n est\u00e1 siendo \u201cvol\u00e1til y din\u00e1mica\u201d pese a que las circunstancias \u201ccambian casi cada hora\u201d. \u201cHay que tomar decisiones en tiempo real. La evaluaci\u00f3n de la situaci\u00f3n de seguridad cambia todos los d\u00edas\u201d, ha explicado.<br \/>\nEste mismo s\u00e1bado, el general estadounidense William Taylor ha confirmado la presencia de 5.800 militares que participan en la operaci\u00f3n de evacuaci\u00f3n. Taylor ha explicado que en las \u00faltimas 24 horas han partido seis aviones C-17 y otros seis vuelos con 3.800 personas. Desde finales de julio son 22.000 las personas evacuadas.<br \/>\nTambi\u00e9n ayer, la presidenta de la Comisi\u00f3n Europea, Ursula Von der Leyen, ha indicado que existen \u201ccontactos operativos\u201d con los talib\u00e1n para facilitar las evacuaciones de Kabul, pero se ha negado a reconocerles y les ha avisado de que cualquier fondo de la UE estar\u00e1 supeditado a su respeto a los Derechos Humanos.<br \/>\n\u201cTenemos contactos operativos con los talib\u00e1n en momentos de crisis porque hablamos c\u00f3mo facilitar la salida de la gente de Kabul. En esos casos, desde luego que hace falta un contacto y es importante hablar para salvar vidas, pero no hay conversaciones pol\u00edticas ni reconocimiento de los talib\u00e1n, pero hay que preservar la vida y la salud de las personas, por eso se est\u00e1 trabajando en este sentido\u201d, ha asegurado durante un acto en Torrej\u00f3n de Ardoz. (Europa Press)<\/p>\n","protected":false},"excerpt":{"rendered":"<p>El portavoz del Departamento de Defensa estadounidense, John Kirby, explic\u00f3 que mantienen \u201ccomunicaci\u00f3n regular\u201d con los talibanes para coordinar y facilitar la operaci\u00f3n de evacuaci\u00f3n puesta en marcha en Kabul, tras la toma de la capital afgana por los insurgentes islamistas. Kirby ha explicado en rueda de prensa desde el Pent\u00e1gono que estas comunicaciones se [&hellip;]<\/p>\n","protected":false},"author":1,"featured_media":0,"comment_status":"closed","ping_status":"closed","sticky":false,"template":"","format":"standard","meta":{"_acf_changed":false,"footnotes":""},"categories":[3],"tags":[],"class_list":["post-24969","post","type-post","status-publish","format-standard","category-internacional"],"acf":{"antetitulo":""},"yoast_head":"<!-- This site is optimized with the Yoast SEO plugin v28.4 - https:\/\/yoast.com\/product\/yoast-seo-wordpress\/ -->\n<title>EEUU mantiene comunicaci\u00f3n con talibanes para evacuaci\u00f3n - El Diario - Bolivia<\/title>\n<meta name=\"robots\" content=\"index, follow, max-snippet:-1, max-image-preview:large, max-video-preview:-1\" \/>\n<link rel=\"canonical\" href=\"https:\/\/www.eldiario.net\/portal\/2021\/08\/22\/eeuu-mantiene-comunicacion-con-talibanes-para-evacuacion\/\" \/>\n<meta property=\"og:locale\" content=\"es_ES\" \/>\n<meta property=\"og:type\" content=\"article\" \/>\n<meta property=\"og:title\" content=\"EEUU mantiene comunicaci\u00f3n con talibanes para evacuaci\u00f3n - El Diario - Bolivia\" \/>\n<meta property=\"og:description\" content=\"El portavoz del Departamento de Defensa estadounidense, John Kirby, explic\u00f3 que mantienen \u201ccomunicaci\u00f3n regular\u201d con los talibanes para coordinar y facilitar la operaci\u00f3n de evacuaci\u00f3n puesta en marcha en Kabul, tras la toma de la capital afgana por los insurgentes islamistas. Kirby ha explicado en rueda de prensa desde el Pent\u00e1gono que estas comunicaciones se [&hellip;]\" \/>\n<meta property=\"og:url\" content=\"https:\/\/www.eldiario.net\/portal\/2021\/08\/22\/eeuu-mantiene-comunicacion-con-talibanes-para-evacuacion\/\" \/>\n<meta property=\"og:site_name\" content=\"El Diario - Bolivia\" \/>\n<meta property=\"article:publisher\" content=\"https:\/\/www.facebook.com\/eldiario.bolivia\/\" \/>\n<meta property=\"article:published_time\" content=\"2021-08-22T09:44:20+00:00\" \/>\n<meta name=\"author\" content=\"Jeanette\" \/>\n<meta name=\"twitter:card\" content=\"summary_large_image\" \/>\n<meta name=\"twitter:creator\" content=\"@eldiario_net\" \/>\n<meta name=\"twitter:site\" content=\"@eldiario_net\" \/>\n<meta name=\"twitter:label1\" content=\"Escrito por\" \/>\n\t<meta name=\"twitter:data1\" content=\"Jeanette\" \/>\n\t<meta name=\"twitter:label2\" content=\"Tiempo de lectura\" \/>\n\t<meta name=\"twitter:data2\" content=\"2 minutos\" \/>\n<script type=\"application\/ld+json\" class=\"yoast-schema-graph\">{\"@context\":\"https:\\\/\\\/schema.org\",\"@graph\":[{\"@type\":\"Article\",\"@id\":\"https:\\\/\\\/www.eldiario.net\\\/portal\\\/2021\\\/08\\\/22\\\/eeuu-mantiene-comunicacion-con-talibanes-para-evacuacion\\\/#article\",\"isPartOf\":{\"@id\":\"https:\\\/\\\/www.eldiario.net\\\/portal\\\/2021\\\/08\\\/22\\\/eeuu-mantiene-comunicacion-con-talibanes-para-evacuacion\\\/\"},\"author\":{\"name\":\"Jeanette\",\"@id\":\"https:\\\/\\\/www.eldiario.net\\\/portal\\\/#\\\/schema\\\/person\\\/2c57cf2b7a7ae032e449e4c9b1019eac\"},\"headline\":\"EEUU mantiene comunicaci\u00f3n con talibanes para evacuaci\u00f3n\",\"datePublished\":\"2021-08-22T09:44:20+00:00\",\"mainEntityOfPage\":{\"@id\":\"https:\\\/\\\/www.eldiario.net\\\/portal\\\/2021\\\/08\\\/22\\\/eeuu-mantiene-comunicacion-con-talibanes-para-evacuacion\\\/\"},\"wordCount\":360,\"publisher\":{\"@id\":\"https:\\\/\\\/www.eldiario.net\\\/portal\\\/#organization\"},\"articleSection\":[\"Internacional\"],\"inLanguage\":\"es\"},{\"@type\":\"WebPage\",\"@id\":\"https:\\\/\\\/www.eldiario.net\\\/portal\\\/2021\\\/08\\\/22\\\/eeuu-mantiene-comunicacion-con-talibanes-para-evacuacion\\\/\",\"url\":\"https:\\\/\\\/www.eldiario.net\\\/portal\\\/2021\\\/08\\\/22\\\/eeuu-mantiene-comunicacion-con-talibanes-para-evacuacion\\\/\",\"name\":\"EEUU mantiene comunicaci\u00f3n con talibanes para evacuaci\u00f3n - El Diario - Bolivia\",\"isPartOf\":{\"@id\":\"https:\\\/\\\/www.eldiario.net\\\/portal\\\/#website\"},\"datePublished\":\"2021-08-22T09:44:20+00:00\",\"breadcrumb\":{\"@id\":\"https:\\\/\\\/www.eldiario.net\\\/portal\\\/2021\\\/08\\\/22\\\/eeuu-mantiene-comunicacion-con-talibanes-para-evacuacion\\\/#breadcrumb\"},\"inLanguage\":\"es\",\"potentialAction\":[{\"@type\":\"ReadAction\",\"target\":[\"https:\\\/\\\/www.eldiario.net\\\/portal\\\/2021\\\/08\\\/22\\\/eeuu-mantiene-comunicacion-con-talibanes-para-evacuacion\\\/\"]}]},{\"@type\":\"BreadcrumbList\",\"@id\":\"https:\\\/\\\/www.eldiario.net\\\/portal\\\/2021\\\/08\\\/22\\\/eeuu-mantiene-comunicacion-con-talibanes-para-evacuacion\\\/#breadcrumb\",\"itemListElement\":[{\"@type\":\"ListItem\",\"position\":1,\"name\":\"Portada\",\"item\":\"https:\\\/\\\/www.eldiario.net\\\/portal\\\/\"},{\"@type\":\"ListItem\",\"position\":2,\"name\":\"EEUU mantiene comunicaci\u00f3n con talibanes para evacuaci\u00f3n\"}]},{\"@type\":\"WebSite\",\"@id\":\"https:\\\/\\\/www.eldiario.net\\\/portal\\\/#website\",\"url\":\"https:\\\/\\\/www.eldiario.net\\\/portal\\\/\",\"name\":\"El Diario - Decano de la prensa nacional\",\"description\":\"El Diario - Decano de la prensa nacional\",\"publisher\":{\"@id\":\"https:\\\/\\\/www.eldiario.net\\\/portal\\\/#organization\"},\"potentialAction\":[{\"@type\":\"SearchAction\",\"target\":{\"@type\":\"EntryPoint\",\"urlTemplate\":\"https:\\\/\\\/www.eldiario.net\\\/portal\\\/?s={search_term_string}\"},\"query-input\":{\"@type\":\"PropertyValueSpecification\",\"valueRequired\":true,\"valueName\":\"search_term_string\"}}],\"inLanguage\":\"es\"},{\"@type\":\"Organization\",\"@id\":\"https:\\\/\\\/www.eldiario.net\\\/portal\\\/#organization\",\"name\":\"El Diario - Decano de la prensa nacional\",\"url\":\"https:\\\/\\\/www.eldiario.net\\\/portal\\\/\",\"logo\":{\"@type\":\"ImageObject\",\"inLanguage\":\"es\",\"@id\":\"https:\\\/\\\/www.eldiario.net\\\/portal\\\/#\\\/schema\\\/logo\\\/image\\\/\",\"url\":\"https:\\\/\\\/www.eldiario.net\\\/portal\\\/wp-content\\\/uploads\\\/2023\\\/07\\\/logo_ED.jpg\",\"contentUrl\":\"https:\\\/\\\/www.eldiario.net\\\/portal\\\/wp-content\\\/uploads\\\/2023\\\/07\\\/logo_ED.jpg\",\"width\":272,\"height\":52,\"caption\":\"El Diario - Decano de la prensa nacional\"},\"image\":{\"@id\":\"https:\\\/\\\/www.eldiario.net\\\/portal\\\/#\\\/schema\\\/logo\\\/image\\\/\"},\"sameAs\":[\"https:\\\/\\\/www.facebook.com\\\/eldiario.bolivia\\\/\",\"https:\\\/\\\/x.com\\\/eldiario_net\"]},{\"@type\":\"Person\",\"@id\":\"https:\\\/\\\/www.eldiario.net\\\/portal\\\/#\\\/schema\\\/person\\\/2c57cf2b7a7ae032e449e4c9b1019eac\",\"name\":\"Jeanette\",\"image\":{\"@type\":\"ImageObject\",\"inLanguage\":\"es\",\"@id\":\"https:\\\/\\\/secure.gravatar.com\\\/avatar\\\/3ea2118a5f7dad2b7138b1187a6b7ee55f160b9968b66013c3a3ef39dd7e5798?s=96&d=mm&r=g\",\"url\":\"https:\\\/\\\/secure.gravatar.com\\\/avatar\\\/3ea2118a5f7dad2b7138b1187a6b7ee55f160b9968b66013c3a3ef39dd7e5798?s=96&d=mm&r=g\",\"contentUrl\":\"https:\\\/\\\/secure.gravatar.com\\\/avatar\\\/3ea2118a5f7dad2b7138b1187a6b7ee55f160b9968b66013c3a3ef39dd7e5798?s=96&d=mm&r=g\",\"caption\":\"Jeanette\"},\"sameAs\":[\"https:\\\/\\\/www.eldiario.net\\\/portal\"],\"url\":\"https:\\\/\\\/www.eldiario.net\\\/portal\\\/author\\\/jeanette\\\/\"}]}<\/script>\n<!-- \/ Yoast SEO plugin. -->","yoast_head_json":{"title":"EEUU mantiene comunicaci\u00f3n con talibanes para evacuaci\u00f3n - El Diario - Bolivia","robots":{"index":"index","follow":"follow","max-snippet":"max-snippet:-1","max-image-preview":"max-image-preview:large","max-video-preview":"max-video-preview:-1"},"canonical":"https:\/\/www.eldiario.net\/portal\/2021\/08\/22\/eeuu-mantiene-comunicacion-con-talibanes-para-evacuacion\/","og_locale":"es_ES","og_type":"article","og_title":"EEUU mantiene comunicaci\u00f3n con talibanes para evacuaci\u00f3n - El Diario - Bolivia","og_description":"El portavoz del Departamento de Defensa estadounidense, John Kirby, explic\u00f3 que mantienen \u201ccomunicaci\u00f3n regular\u201d con los talibanes para coordinar y facilitar la operaci\u00f3n de evacuaci\u00f3n puesta en marcha en Kabul, tras la toma de la capital afgana por los insurgentes islamistas. Kirby ha explicado en rueda de prensa desde el Pent\u00e1gono que estas comunicaciones se [&hellip;]","og_url":"https:\/\/www.eldiario.net\/portal\/2021\/08\/22\/eeuu-mantiene-comunicacion-con-talibanes-para-evacuacion\/","og_site_name":"El Diario - Bolivia","article_publisher":"https:\/\/www.facebook.com\/eldiario.bolivia\/","article_published_time":"2021-08-22T09:44:20+00:00","author":"Jeanette","twitter_card":"summary_large_image","twitter_creator":"@eldiario_net","twitter_site":"@eldiario_net","twitter_misc":{"Escrito por":"Jeanette","Tiempo de lectura":"2 minutos"},"schema":{"@context":"https:\/\/schema.org","@graph":[{"@type":"Article","@id":"https:\/\/www.eldiario.net\/portal\/2021\/08\/22\/eeuu-mantiene-comunicacion-con-talibanes-para-evacuacion\/#article","isPartOf":{"@id":"https:\/\/www.eldiario.net\/portal\/2021\/08\/22\/eeuu-mantiene-comunicacion-con-talibanes-para-evacuacion\/"},"author":{"name":"Jeanette","@id":"https:\/\/www.eldiario.net\/portal\/#\/schema\/person\/2c57cf2b7a7ae032e449e4c9b1019eac"},"headline":"EEUU mantiene comunicaci\u00f3n con talibanes para evacuaci\u00f3n","datePublished":"2021-08-22T09:44:20+00:00","mainEntityOfPage":{"@id":"https:\/\/www.eldiario.net\/portal\/2021\/08\/22\/eeuu-mantiene-comunicacion-con-talibanes-para-evacuacion\/"},"wordCount":360,"publisher":{"@id":"https:\/\/www.eldiario.net\/portal\/#organization"},"articleSection":["Internacional"],"inLanguage":"es"},{"@type":"WebPage","@id":"https:\/\/www.eldiario.net\/portal\/2021\/08\/22\/eeuu-mantiene-comunicacion-con-talibanes-para-evacuacion\/","url":"https:\/\/www.eldiario.net\/portal\/2021\/08\/22\/eeuu-mantiene-comunicacion-con-talibanes-para-evacuacion\/","name":"EEUU mantiene comunicaci\u00f3n con talibanes para evacuaci\u00f3n - El Diario - Bolivia","isPartOf":{"@id":"https:\/\/www.eldiario.net\/portal\/#website"},"datePublished":"2021-08-22T09:44:20+00:00","breadcrumb":{"@id":"https:\/\/www.eldiario.net\/portal\/2021\/08\/22\/eeuu-mantiene-comunicacion-con-talibanes-para-evacuacion\/#breadcrumb"},"inLanguage":"es","potentialAction":[{"@type":"ReadAction","target":["https:\/\/www.eldiario.net\/portal\/2021\/08\/22\/eeuu-mantiene-comunicacion-con-talibanes-para-evacuacion\/"]}]},{"@type":"BreadcrumbList","@id":"https:\/\/www.eldiario.net\/portal\/2021\/08\/22\/eeuu-mantiene-comunicacion-con-talibanes-para-evacuacion\/#breadcrumb","itemListElement":[{"@type":"ListItem","position":1,"name":"Portada","item":"https:\/\/www.eldiario.net\/portal\/"},{"@type":"ListItem","position":2,"name":"EEUU mantiene comunicaci\u00f3n con talibanes para evacuaci\u00f3n"}]},{"@type":"WebSite","@id":"https:\/\/www.eldiario.net\/portal\/#website","url":"https:\/\/www.eldiario.net\/portal\/","name":"El Diario - Decano de la prensa nacional","description":"El Diario - Decano de la prensa nacional","publisher":{"@id":"https:\/\/www.eldiario.net\/portal\/#organization"},"potentialAction":[{"@type":"SearchAction","target":{"@type":"EntryPoint","urlTemplate":"https:\/\/www.eldiario.net\/portal\/?s={search_term_string}"},"query-input":{"@type":"PropertyValueSpecification","valueRequired":true,"valueName":"search_term_string"}}],"inLanguage":"es"},{"@type":"Organization","@id":"https:\/\/www.eldiario.net\/portal\/#organization","name":"El Diario - Decano de la prensa nacional","url":"https:\/\/www.eldiario.net\/portal\/","logo":{"@type":"ImageObject","inLanguage":"es","@id":"https:\/\/www.eldiario.net\/portal\/#\/schema\/logo\/image\/","url":"https:\/\/www.eldiario.net\/portal\/wp-content\/uploads\/2023\/07\/logo_ED.jpg","contentUrl":"https:\/\/www.eldiario.net\/portal\/wp-content\/uploads\/2023\/07\/logo_ED.jpg","width":272,"height":52,"caption":"El Diario - Decano de la prensa nacional"},"image":{"@id":"https:\/\/www.eldiario.net\/portal\/#\/schema\/logo\/image\/"},"sameAs":["https:\/\/www.facebook.com\/eldiario.bolivia\/","https:\/\/x.com\/eldiario_net"]},{"@type":"Person","@id":"https:\/\/www.eldiario.net\/portal\/#\/schema\/person\/2c57cf2b7a7ae032e449e4c9b1019eac","name":"Jeanette","image":{"@type":"ImageObject","inLanguage":"es","@id":"https:\/\/secure.gravatar.com\/avatar\/3ea2118a5f7dad2b7138b1187a6b7ee55f160b9968b66013c3a3ef39dd7e5798?s=96&d=mm&r=g","url":"https:\/\/secure.gravatar.com\/avatar\/3ea2118a5f7dad2b7138b1187a6b7ee55f160b9968b66013c3a3ef39dd7e5798?s=96&d=mm&r=g","contentUrl":"https:\/\/secure.gravatar.com\/avatar\/3ea2118a5f7dad2b7138b1187a6b7ee55f160b9968b66013c3a3ef39dd7e5798?s=96&d=mm&r=g","caption":"Jeanette"},"sameAs":["https:\/\/www.eldiario.net\/portal"],"url":"https:\/\/www.eldiario.net\/portal\/author\/jeanette\/"}]}},"_links":{"self":[{"href":"https:\/\/www.eldiario.net\/portal\/wp-json\/wp\/v2\/posts\/24969","targetHints":{"allow":["GET"]}}],"collection":[{"href":"https:\/\/www.eldiario.net\/portal\/wp-json\/wp\/v2\/posts"}],"about":[{"href":"https:\/\/www.eldiario.net\/portal\/wp-json\/wp\/v2\/types\/post"}],"author":[{"embeddable":true,"href":"https:\/\/www.eldiario.net\/portal\/wp-json\/wp\/v2\/users\/1"}],"replies":[{"embeddable":true,"href":"https:\/\/www.eldiario.net\/portal\/wp-json\/wp\/v2\/comments?post=24969"}],"version-history":[{"count":0,"href":"https:\/\/www.eldiario.net\/portal\/wp-json\/wp\/v2\/posts\/24969\/revisions"}],"wp:attachment":[{"href":"https:\/\/www.eldiario.net\/portal\/wp-json\/wp\/v2\/media?parent=24969"}],"wp:term":[{"taxonomy":"category","embeddable":true,"href":"https:\/\/www.eldiario.net\/portal\/wp-json\/wp\/v2\/categories?post=24969"},{"taxonomy":"post_tag","embeddable":true,"href":"https:\/\/www.eldiario.net\/portal\/wp-json\/wp\/v2\/tags?post=24969"}],"curies":[{"name":"wp","href":"https:\/\/api.w.org\/{rel}","templated":true}]}}