{"id":24966,"date":"2021-08-22T05:43:44","date_gmt":"2021-08-22T09:43:44","guid":{"rendered":"https:\/\/www.eldiario.net\/portal\/?p=24966"},"modified":"2021-08-22T05:43:44","modified_gmt":"2021-08-22T09:43:44","slug":"huracan-grace-baja-a-categoria-1-tras-tocar-tierra-en-veracruz","status":"publish","type":"post","link":"https:\/\/www.eldiario.net\/portal\/2021\/08\/22\/huracan-grace-baja-a-categoria-1-tras-tocar-tierra-en-veracruz\/","title":{"rendered":"Hurac\u00e1n \u2018Grace\u2019 baja a categor\u00eda  1 tras tocar tierra en Veracruz"},"content":{"rendered":"<p>El hurac\u00e1n \u2018Grace\u2019 ha tocado tierra en las \u00faltimas horas en la costa de Veracruz, en el este de M\u00e9xico, y ha provocado los primeros da\u00f1os materiales con vientos de m\u00e1s de 200 kil\u00f3metros por hora en la costa. Sin embargo, a medida que ingres\u00f3 al territorio mexicano ha descendido su intensidad y ha pasado de categor\u00eda 3 a categor\u00eda 1 en una escala de 5.<br \/>\nDecenas de viviendas han sufrido da\u00f1os tales como p\u00e9rdida de cubiertas, desprendimientos de portones, y la ca\u00edda de decenas de \u00e1rboles ante la llegada del hurac\u00e1n, reci\u00e9n salido de Hait\u00ed, donde ha terminado de agravar los estragos causados por el terremoto de la semana pasada.<br \/>\nEl municipio m\u00e1s afectado por el momento es Poza Rica, donde fuentes vecinales informan de viviendas vibrando, cristales rotos y planchas volando por la fuerza del viento, informa el diario mexicano \u2018El Universal\u2019.<br \/>\nLas intensas lluvias afectan tambi\u00e9n a las comunidades rurales e ind\u00edgenas de la regi\u00f3n, con decenas de casas afectadas y hay cortes del suministro el\u00e9ctrico en toda la regi\u00f3n norte del estado. La comunicaci\u00f3n por tel\u00e9fono m\u00f3vil ha quedado interrumpida casi en su totalidad.<br \/>\nEl presidente mexicano, Andr\u00e9s Manuel L\u00f3pez Obrador, ha informado de que se ha movilizado a 7.829 miembros de Protecci\u00f3n Civil, as\u00ed como personal de las secretar\u00edas de la Defensa y de Marina y de la Comisi\u00f3n Federal de Electricidad.<br \/>\nLa tormenta cruzar\u00e1 el estado de Hidalgo en su trayecto hacia el oeste, seg\u00fan la previsi\u00f3n del Servicio Meteorol\u00f3gico Nacional mexicano, que ha registrado vientos m\u00e1ximos sostenidos de 150 kil\u00f3metros por hora y rachas de 170 kil\u00f3metros por hora. (Europa Press)<br \/>\nLas lluvias estar\u00e1n acompa\u00f1adas de descargas el\u00e9ctricas y vientos fuertes, as\u00ed como posible ca\u00edda de granizo en Aguascalientes, Chihuahua, Guanajuato, Jalisco, Michoac\u00e1n, Sinaloa y Zacatecas, seg\u00fan las autoridades mexicanas.<br \/>\nLas lluvias podr\u00edan provocar deslaves, crecidas en r\u00edos y arroyos y desbordamientos e inundaciones en zonas bajas, por lo que se exhorta a la poblaci\u00f3n de los estados mencionados y a la navegaci\u00f3n mar\u00edtima a atender los avisos y seguir las indicaciones de las autoridades estatales, municipales y de Protecci\u00f3n Civil.<br \/>\nLas autoridades han emplazado a los habitantes de Veracruz, Puebla, San Luis Potos\u00ed, Tamaulipas e Hidalgo a buscar refugio en partes altas ante el riesgo de inundaciones. XXXXXXXXXXXXXXXX<br \/>\nPIE DE FOTO:<\/p>\n","protected":false},"excerpt":{"rendered":"<p>El hurac\u00e1n \u2018Grace\u2019 ha tocado tierra en las \u00faltimas horas en la costa de Veracruz, en el este de M\u00e9xico, y ha provocado los primeros da\u00f1os materiales con vientos de m\u00e1s de 200 kil\u00f3metros por hora en la costa. Sin embargo, a medida que ingres\u00f3 al territorio mexicano ha descendido su intensidad y ha pasado [&hellip;]<\/p>\n","protected":false},"author":1,"featured_media":24967,"comment_status":"closed","ping_status":"closed","sticky":false,"template":"","format":"standard","meta":{"_acf_changed":false,"footnotes":""},"categories":[3],"tags":[],"class_list":["post-24966","post","type-post","status-publish","format-standard","has-post-thumbnail","category-internacional"],"acf":{"antetitulo":""},"yoast_head":"<!-- This site is optimized with the Yoast SEO plugin v28.4 - https:\/\/yoast.com\/product\/yoast-seo-wordpress\/ -->\n<title>Hurac\u00e1n \u2018Grace\u2019 baja a categor\u00eda 1 tras tocar tierra en Veracruz - El Diario - Bolivia<\/title>\n<meta name=\"robots\" content=\"index, follow, max-snippet:-1, max-image-preview:large, max-video-preview:-1\" \/>\n<link rel=\"canonical\" href=\"https:\/\/www.eldiario.net\/portal\/2021\/08\/22\/huracan-grace-baja-a-categoria-1-tras-tocar-tierra-en-veracruz\/\" \/>\n<meta property=\"og:locale\" content=\"es_ES\" \/>\n<meta property=\"og:type\" content=\"article\" \/>\n<meta property=\"og:title\" content=\"Hurac\u00e1n \u2018Grace\u2019 baja a categor\u00eda 1 tras tocar tierra en Veracruz - El Diario - Bolivia\" \/>\n<meta property=\"og:description\" content=\"El hurac\u00e1n \u2018Grace\u2019 ha tocado tierra en las \u00faltimas horas en la costa de Veracruz, en el este de M\u00e9xico, y ha provocado los primeros da\u00f1os materiales con vientos de m\u00e1s de 200 kil\u00f3metros por hora en la costa. Sin embargo, a medida que ingres\u00f3 al territorio mexicano ha descendido su intensidad y ha pasado [&hellip;]\" \/>\n<meta property=\"og:url\" content=\"https:\/\/www.eldiario.net\/portal\/2021\/08\/22\/huracan-grace-baja-a-categoria-1-tras-tocar-tierra-en-veracruz\/\" \/>\n<meta property=\"og:site_name\" content=\"El Diario - Bolivia\" \/>\n<meta property=\"article:publisher\" content=\"https:\/\/www.facebook.com\/eldiario.bolivia\/\" \/>\n<meta property=\"article:published_time\" content=\"2021-08-22T09:43:44+00:00\" \/>\n<meta name=\"author\" content=\"Jeanette\" \/>\n<meta name=\"twitter:card\" content=\"summary_large_image\" \/>\n<meta name=\"twitter:creator\" content=\"@eldiario_net\" \/>\n<meta name=\"twitter:site\" content=\"@eldiario_net\" \/>\n<meta name=\"twitter:label1\" content=\"Escrito por\" \/>\n\t<meta name=\"twitter:data1\" content=\"Jeanette\" \/>\n\t<meta name=\"twitter:label2\" content=\"Tiempo de lectura\" \/>\n\t<meta name=\"twitter:data2\" content=\"2 minutos\" \/>\n<script type=\"application\/ld+json\" class=\"yoast-schema-graph\">{\"@context\":\"https:\\\/\\\/schema.org\",\"@graph\":[{\"@type\":\"Article\",\"@id\":\"https:\\\/\\\/www.eldiario.net\\\/portal\\\/2021\\\/08\\\/22\\\/huracan-grace-baja-a-categoria-1-tras-tocar-tierra-en-veracruz\\\/#article\",\"isPartOf\":{\"@id\":\"https:\\\/\\\/www.eldiario.net\\\/portal\\\/2021\\\/08\\\/22\\\/huracan-grace-baja-a-categoria-1-tras-tocar-tierra-en-veracruz\\\/\"},\"author\":{\"name\":\"Jeanette\",\"@id\":\"https:\\\/\\\/www.eldiario.net\\\/portal\\\/#\\\/schema\\\/person\\\/f46445640444750d7d753ccd04ae01b7\"},\"headline\":\"Hurac\u00e1n \u2018Grace\u2019 baja a categor\u00eda 1 tras tocar tierra en Veracruz\",\"datePublished\":\"2021-08-22T09:43:44+00:00\",\"mainEntityOfPage\":{\"@id\":\"https:\\\/\\\/www.eldiario.net\\\/portal\\\/2021\\\/08\\\/22\\\/huracan-grace-baja-a-categoria-1-tras-tocar-tierra-en-veracruz\\\/\"},\"wordCount\":428,\"publisher\":{\"@id\":\"https:\\\/\\\/www.eldiario.net\\\/portal\\\/#organization\"},\"image\":{\"@id\":\"https:\\\/\\\/www.eldiario.net\\\/portal\\\/2021\\\/08\\\/22\\\/huracan-grace-baja-a-categoria-1-tras-tocar-tierra-en-veracruz\\\/#primaryimage\"},\"thumbnailUrl\":\"\",\"articleSection\":[\"Internacional\"],\"inLanguage\":\"es\"},{\"@type\":\"WebPage\",\"@id\":\"https:\\\/\\\/www.eldiario.net\\\/portal\\\/2021\\\/08\\\/22\\\/huracan-grace-baja-a-categoria-1-tras-tocar-tierra-en-veracruz\\\/\",\"url\":\"https:\\\/\\\/www.eldiario.net\\\/portal\\\/2021\\\/08\\\/22\\\/huracan-grace-baja-a-categoria-1-tras-tocar-tierra-en-veracruz\\\/\",\"name\":\"Hurac\u00e1n \u2018Grace\u2019 baja a categor\u00eda 1 tras tocar tierra en Veracruz - El Diario - Bolivia\",\"isPartOf\":{\"@id\":\"https:\\\/\\\/www.eldiario.net\\\/portal\\\/#website\"},\"primaryImageOfPage\":{\"@id\":\"https:\\\/\\\/www.eldiario.net\\\/portal\\\/2021\\\/08\\\/22\\\/huracan-grace-baja-a-categoria-1-tras-tocar-tierra-en-veracruz\\\/#primaryimage\"},\"image\":{\"@id\":\"https:\\\/\\\/www.eldiario.net\\\/portal\\\/2021\\\/08\\\/22\\\/huracan-grace-baja-a-categoria-1-tras-tocar-tierra-en-veracruz\\\/#primaryimage\"},\"thumbnailUrl\":\"\",\"datePublished\":\"2021-08-22T09:43:44+00:00\",\"breadcrumb\":{\"@id\":\"https:\\\/\\\/www.eldiario.net\\\/portal\\\/2021\\\/08\\\/22\\\/huracan-grace-baja-a-categoria-1-tras-tocar-tierra-en-veracruz\\\/#breadcrumb\"},\"inLanguage\":\"es\",\"potentialAction\":[{\"@type\":\"ReadAction\",\"target\":[\"https:\\\/\\\/www.eldiario.net\\\/portal\\\/2021\\\/08\\\/22\\\/huracan-grace-baja-a-categoria-1-tras-tocar-tierra-en-veracruz\\\/\"]}]},{\"@type\":\"ImageObject\",\"inLanguage\":\"es\",\"@id\":\"https:\\\/\\\/www.eldiario.net\\\/portal\\\/2021\\\/08\\\/22\\\/huracan-grace-baja-a-categoria-1-tras-tocar-tierra-en-veracruz\\\/#primaryimage\",\"url\":\"\",\"contentUrl\":\"\"},{\"@type\":\"BreadcrumbList\",\"@id\":\"https:\\\/\\\/www.eldiario.net\\\/portal\\\/2021\\\/08\\\/22\\\/huracan-grace-baja-a-categoria-1-tras-tocar-tierra-en-veracruz\\\/#breadcrumb\",\"itemListElement\":[{\"@type\":\"ListItem\",\"position\":1,\"name\":\"Portada\",\"item\":\"https:\\\/\\\/www.eldiario.net\\\/portal\\\/\"},{\"@type\":\"ListItem\",\"position\":2,\"name\":\"Hurac\u00e1n \u2018Grace\u2019 baja a categor\u00eda 1 tras tocar tierra en Veracruz\"}]},{\"@type\":\"WebSite\",\"@id\":\"https:\\\/\\\/www.eldiario.net\\\/portal\\\/#website\",\"url\":\"https:\\\/\\\/www.eldiario.net\\\/portal\\\/\",\"name\":\"El Diario - Decano de la prensa nacional\",\"description\":\"El Diario - Decano de la prensa nacional\",\"publisher\":{\"@id\":\"https:\\\/\\\/www.eldiario.net\\\/portal\\\/#organization\"},\"potentialAction\":[{\"@type\":\"SearchAction\",\"target\":{\"@type\":\"EntryPoint\",\"urlTemplate\":\"https:\\\/\\\/www.eldiario.net\\\/portal\\\/?s={search_term_string}\"},\"query-input\":{\"@type\":\"PropertyValueSpecification\",\"valueRequired\":true,\"valueName\":\"search_term_string\"}}],\"inLanguage\":\"es\"},{\"@type\":\"Organization\",\"@id\":\"https:\\\/\\\/www.eldiario.net\\\/portal\\\/#organization\",\"name\":\"El Diario - Decano de la prensa nacional\",\"url\":\"https:\\\/\\\/www.eldiario.net\\\/portal\\\/\",\"logo\":{\"@type\":\"ImageObject\",\"inLanguage\":\"es\",\"@id\":\"https:\\\/\\\/www.eldiario.net\\\/portal\\\/#\\\/schema\\\/logo\\\/image\\\/\",\"url\":\"https:\\\/\\\/www.eldiario.net\\\/portal\\\/wp-content\\\/uploads\\\/2023\\\/07\\\/logo_ED.jpg\",\"contentUrl\":\"https:\\\/\\\/www.eldiario.net\\\/portal\\\/wp-content\\\/uploads\\\/2023\\\/07\\\/logo_ED.jpg\",\"width\":272,\"height\":52,\"caption\":\"El Diario - Decano de la prensa nacional\"},\"image\":{\"@id\":\"https:\\\/\\\/www.eldiario.net\\\/portal\\\/#\\\/schema\\\/logo\\\/image\\\/\"},\"sameAs\":[\"https:\\\/\\\/www.facebook.com\\\/eldiario.bolivia\\\/\",\"https:\\\/\\\/x.com\\\/eldiario_net\"]},{\"@type\":\"Person\",\"@id\":\"https:\\\/\\\/www.eldiario.net\\\/portal\\\/#\\\/schema\\\/person\\\/f46445640444750d7d753ccd04ae01b7\",\"name\":\"Jeanette\",\"image\":{\"@type\":\"ImageObject\",\"inLanguage\":\"es\",\"@id\":\"https:\\\/\\\/secure.gravatar.com\\\/avatar\\\/3ea2118a5f7dad2b7138b1187a6b7ee55f160b9968b66013c3a3ef39dd7e5798?s=96&d=mm&r=g\",\"url\":\"https:\\\/\\\/secure.gravatar.com\\\/avatar\\\/3ea2118a5f7dad2b7138b1187a6b7ee55f160b9968b66013c3a3ef39dd7e5798?s=96&d=mm&r=g\",\"contentUrl\":\"https:\\\/\\\/secure.gravatar.com\\\/avatar\\\/3ea2118a5f7dad2b7138b1187a6b7ee55f160b9968b66013c3a3ef39dd7e5798?s=96&d=mm&r=g\",\"caption\":\"Jeanette\"},\"sameAs\":[\"https:\\\/\\\/www.eldiario.net\\\/portal\"],\"url\":\"https:\\\/\\\/www.eldiario.net\\\/portal\\\/author\\\/jeanette\\\/\"}]}<\/script>\n<!-- \/ Yoast SEO plugin. -->","yoast_head_json":{"title":"Hurac\u00e1n \u2018Grace\u2019 baja a categor\u00eda 1 tras tocar tierra en Veracruz - El Diario - Bolivia","robots":{"index":"index","follow":"follow","max-snippet":"max-snippet:-1","max-image-preview":"max-image-preview:large","max-video-preview":"max-video-preview:-1"},"canonical":"https:\/\/www.eldiario.net\/portal\/2021\/08\/22\/huracan-grace-baja-a-categoria-1-tras-tocar-tierra-en-veracruz\/","og_locale":"es_ES","og_type":"article","og_title":"Hurac\u00e1n \u2018Grace\u2019 baja a categor\u00eda 1 tras tocar tierra en Veracruz - El Diario - Bolivia","og_description":"El hurac\u00e1n \u2018Grace\u2019 ha tocado tierra en las \u00faltimas horas en la costa de Veracruz, en el este de M\u00e9xico, y ha provocado los primeros da\u00f1os materiales con vientos de m\u00e1s de 200 kil\u00f3metros por hora en la costa. Sin embargo, a medida que ingres\u00f3 al territorio mexicano ha descendido su intensidad y ha pasado [&hellip;]","og_url":"https:\/\/www.eldiario.net\/portal\/2021\/08\/22\/huracan-grace-baja-a-categoria-1-tras-tocar-tierra-en-veracruz\/","og_site_name":"El Diario - Bolivia","article_publisher":"https:\/\/www.facebook.com\/eldiario.bolivia\/","article_published_time":"2021-08-22T09:43:44+00:00","author":"Jeanette","twitter_card":"summary_large_image","twitter_creator":"@eldiario_net","twitter_site":"@eldiario_net","twitter_misc":{"Escrito por":"Jeanette","Tiempo de lectura":"2 minutos"},"schema":{"@context":"https:\/\/schema.org","@graph":[{"@type":"Article","@id":"https:\/\/www.eldiario.net\/portal\/2021\/08\/22\/huracan-grace-baja-a-categoria-1-tras-tocar-tierra-en-veracruz\/#article","isPartOf":{"@id":"https:\/\/www.eldiario.net\/portal\/2021\/08\/22\/huracan-grace-baja-a-categoria-1-tras-tocar-tierra-en-veracruz\/"},"author":{"name":"Jeanette","@id":"https:\/\/www.eldiario.net\/portal\/#\/schema\/person\/f46445640444750d7d753ccd04ae01b7"},"headline":"Hurac\u00e1n \u2018Grace\u2019 baja a categor\u00eda 1 tras tocar tierra en Veracruz","datePublished":"2021-08-22T09:43:44+00:00","mainEntityOfPage":{"@id":"https:\/\/www.eldiario.net\/portal\/2021\/08\/22\/huracan-grace-baja-a-categoria-1-tras-tocar-tierra-en-veracruz\/"},"wordCount":428,"publisher":{"@id":"https:\/\/www.eldiario.net\/portal\/#organization"},"image":{"@id":"https:\/\/www.eldiario.net\/portal\/2021\/08\/22\/huracan-grace-baja-a-categoria-1-tras-tocar-tierra-en-veracruz\/#primaryimage"},"thumbnailUrl":"","articleSection":["Internacional"],"inLanguage":"es"},{"@type":"WebPage","@id":"https:\/\/www.eldiario.net\/portal\/2021\/08\/22\/huracan-grace-baja-a-categoria-1-tras-tocar-tierra-en-veracruz\/","url":"https:\/\/www.eldiario.net\/portal\/2021\/08\/22\/huracan-grace-baja-a-categoria-1-tras-tocar-tierra-en-veracruz\/","name":"Hurac\u00e1n \u2018Grace\u2019 baja a categor\u00eda 1 tras tocar tierra en Veracruz - El Diario - Bolivia","isPartOf":{"@id":"https:\/\/www.eldiario.net\/portal\/#website"},"primaryImageOfPage":{"@id":"https:\/\/www.eldiario.net\/portal\/2021\/08\/22\/huracan-grace-baja-a-categoria-1-tras-tocar-tierra-en-veracruz\/#primaryimage"},"image":{"@id":"https:\/\/www.eldiario.net\/portal\/2021\/08\/22\/huracan-grace-baja-a-categoria-1-tras-tocar-tierra-en-veracruz\/#primaryimage"},"thumbnailUrl":"","datePublished":"2021-08-22T09:43:44+00:00","breadcrumb":{"@id":"https:\/\/www.eldiario.net\/portal\/2021\/08\/22\/huracan-grace-baja-a-categoria-1-tras-tocar-tierra-en-veracruz\/#breadcrumb"},"inLanguage":"es","potentialAction":[{"@type":"ReadAction","target":["https:\/\/www.eldiario.net\/portal\/2021\/08\/22\/huracan-grace-baja-a-categoria-1-tras-tocar-tierra-en-veracruz\/"]}]},{"@type":"ImageObject","inLanguage":"es","@id":"https:\/\/www.eldiario.net\/portal\/2021\/08\/22\/huracan-grace-baja-a-categoria-1-tras-tocar-tierra-en-veracruz\/#primaryimage","url":"","contentUrl":""},{"@type":"BreadcrumbList","@id":"https:\/\/www.eldiario.net\/portal\/2021\/08\/22\/huracan-grace-baja-a-categoria-1-tras-tocar-tierra-en-veracruz\/#breadcrumb","itemListElement":[{"@type":"ListItem","position":1,"name":"Portada","item":"https:\/\/www.eldiario.net\/portal\/"},{"@type":"ListItem","position":2,"name":"Hurac\u00e1n \u2018Grace\u2019 baja a categor\u00eda 1 tras tocar tierra en Veracruz"}]},{"@type":"WebSite","@id":"https:\/\/www.eldiario.net\/portal\/#website","url":"https:\/\/www.eldiario.net\/portal\/","name":"El Diario - Decano de la prensa nacional","description":"El Diario - Decano de la prensa nacional","publisher":{"@id":"https:\/\/www.eldiario.net\/portal\/#organization"},"potentialAction":[{"@type":"SearchAction","target":{"@type":"EntryPoint","urlTemplate":"https:\/\/www.eldiario.net\/portal\/?s={search_term_string}"},"query-input":{"@type":"PropertyValueSpecification","valueRequired":true,"valueName":"search_term_string"}}],"inLanguage":"es"},{"@type":"Organization","@id":"https:\/\/www.eldiario.net\/portal\/#organization","name":"El Diario - Decano de la prensa nacional","url":"https:\/\/www.eldiario.net\/portal\/","logo":{"@type":"ImageObject","inLanguage":"es","@id":"https:\/\/www.eldiario.net\/portal\/#\/schema\/logo\/image\/","url":"https:\/\/www.eldiario.net\/portal\/wp-content\/uploads\/2023\/07\/logo_ED.jpg","contentUrl":"https:\/\/www.eldiario.net\/portal\/wp-content\/uploads\/2023\/07\/logo_ED.jpg","width":272,"height":52,"caption":"El Diario - Decano de la prensa nacional"},"image":{"@id":"https:\/\/www.eldiario.net\/portal\/#\/schema\/logo\/image\/"},"sameAs":["https:\/\/www.facebook.com\/eldiario.bolivia\/","https:\/\/x.com\/eldiario_net"]},{"@type":"Person","@id":"https:\/\/www.eldiario.net\/portal\/#\/schema\/person\/f46445640444750d7d753ccd04ae01b7","name":"Jeanette","image":{"@type":"ImageObject","inLanguage":"es","@id":"https:\/\/secure.gravatar.com\/avatar\/3ea2118a5f7dad2b7138b1187a6b7ee55f160b9968b66013c3a3ef39dd7e5798?s=96&d=mm&r=g","url":"https:\/\/secure.gravatar.com\/avatar\/3ea2118a5f7dad2b7138b1187a6b7ee55f160b9968b66013c3a3ef39dd7e5798?s=96&d=mm&r=g","contentUrl":"https:\/\/secure.gravatar.com\/avatar\/3ea2118a5f7dad2b7138b1187a6b7ee55f160b9968b66013c3a3ef39dd7e5798?s=96&d=mm&r=g","caption":"Jeanette"},"sameAs":["https:\/\/www.eldiario.net\/portal"],"url":"https:\/\/www.eldiario.net\/portal\/author\/jeanette\/"}]}},"_links":{"self":[{"href":"https:\/\/www.eldiario.net\/portal\/wp-json\/wp\/v2\/posts\/24966","targetHints":{"allow":["GET"]}}],"collection":[{"href":"https:\/\/www.eldiario.net\/portal\/wp-json\/wp\/v2\/posts"}],"about":[{"href":"https:\/\/www.eldiario.net\/portal\/wp-json\/wp\/v2\/types\/post"}],"author":[{"embeddable":true,"href":"https:\/\/www.eldiario.net\/portal\/wp-json\/wp\/v2\/users\/1"}],"replies":[{"embeddable":true,"href":"https:\/\/www.eldiario.net\/portal\/wp-json\/wp\/v2\/comments?post=24966"}],"version-history":[{"count":0,"href":"https:\/\/www.eldiario.net\/portal\/wp-json\/wp\/v2\/posts\/24966\/revisions"}],"wp:attachment":[{"href":"https:\/\/www.eldiario.net\/portal\/wp-json\/wp\/v2\/media?parent=24966"}],"wp:term":[{"taxonomy":"category","embeddable":true,"href":"https:\/\/www.eldiario.net\/portal\/wp-json\/wp\/v2\/categories?post=24966"},{"taxonomy":"post_tag","embeddable":true,"href":"https:\/\/www.eldiario.net\/portal\/wp-json\/wp\/v2\/tags?post=24966"}],"curies":[{"name":"wp","href":"https:\/\/api.w.org\/{rel}","templated":true}]}}