{"id":24962,"date":"2021-08-22T05:42:43","date_gmt":"2021-08-22T09:42:43","guid":{"rendered":"https:\/\/www.eldiario.net\/portal\/?p=24962"},"modified":"2021-08-22T05:42:43","modified_gmt":"2021-08-22T09:42:43","slug":"exdiputado-busca-que-morales-y-rada-sean-encarcelados-por-caso-la-calancha","status":"publish","type":"post","link":"https:\/\/www.eldiario.net\/portal\/2021\/08\/22\/exdiputado-busca-que-morales-y-rada-sean-encarcelados-por-caso-la-calancha\/","title":{"rendered":"Exdiputado busca que Morales y Rada  sean encarcelados por caso La Calancha"},"content":{"rendered":"<p>La Comisi\u00f3n Interamericana de Derechos Humanos (CIDH) declar\u00f3 admisible la demanda por las muertes y v\u00edctimas de La Calancha, ocurrido en noviembre de 2007; en ese marco, el exdiputado Horacio Poppe, uno de los denunciantes, manifest\u00f3 que espera que el expresidente Evo Morales y el exministro de Gobierno Alfredo Rada sean encarcelados.<br \/>\nEn noviembre de 2007, los enfrentamientos entre la Polic\u00eda y la poblaci\u00f3n civil que reclamaba el reconocimiento de la capitalidad plena para Sucre en la zona de La Calancha terminaron en una represi\u00f3n por la que murieron Gonzalo Dur\u00e1n, Juan Carlos Serrudo y Jos\u00e9 Luis Cardozo.<br \/>\nDe acuerdo al documento al que EL DIARIO tuvo acceso, el 28 de septiembre de 2015, Erick Fajardo y Horacio Poppe Inch presentaron una denuncia ante la CIDH, con cuya admisi\u00f3n fueron notificados en d\u00edas precedentes.<br \/>\nEn ese contexto, Poppe resalt\u00f3 la decisi\u00f3n del organismo internacional y afirm\u00f3 que espera que las exautoridades sean encarceladas por los hechos luctuosos.<\/p>\n<p>HECHOS<br \/>\nSeg\u00fan el documento, la parte peticionaria denuncia que integrantes de la Polic\u00eda, en un contexto de protesta social, utilizaron de forma indebida la fuerza contra las presuntas v\u00edctimas, ocasionando la muerte de tres de ellas y graves heridas en las otras dos. Aduce que hasta la fecha los hechos se encuentran en la impunidad.<br \/>\nA modo de contexto, los peticionarios explican que en marzo de 2006, el Gobierno promulg\u00f3 la Ley N\u00b0 3364 que convoc\u00f3 una Asamblea Constituyente; y el 2 de julio de 2006 se eligieron a las personas encargadas de reformar la Constituci\u00f3n entonces vigente, quienes ten\u00edan el plazo de un a\u00f1o para realizar tal funci\u00f3n.<br \/>\nEn ese marco, el 23 de noviembre de 2007, como una presunta maniobra para evitar considerar una moci\u00f3n para que se nombre a la ciudad de Sucre como sede de Gobierno, la directiva de dicha asamblea decidi\u00f3 trasladar la sede donde sesionaba al Castillo de la Glorieta, adyacente a una base militar en las afueras de Sucre. En consecuencia, ese d\u00eda la poblaci\u00f3n sucrense sali\u00f3 a las calles a exigir que la Asamblea Constituyente retorne a su sede oficial en el Teatro Gran Mariscal de Ayacucho, y que aborde el referido asunto sobre la sede de Gobierno.<br \/>\nEn este contexto, denuncian que entre el 23 y 25 de noviembre, en una zona conocida como La Calancha, integrantes de la Polic\u00eda reprimieron de manera violenta a los manifestantes, provocando un saldo de 300 heridos de diversa gravedad, aproximadamente 53 intoxicados por un uso indebido de gases, y las muertes de las presuntas v\u00edctimas de la presente petici\u00f3n.<br \/>\nEn relaci\u00f3n con el se\u00f1or Gonzalo Dur\u00e1n, detallan que el 24 de noviembre de 2007 falleci\u00f3 producto de un disparo de arma de fuego que le perfor\u00f3 el pulm\u00f3n derecho. Precisan que conforme al peritaje del Instituto de Investigaciones Forenses, el calibre de la bala era compatible con los fusiles utilizados por la unidad antiterrorista de la Polic\u00eda Nacional. Asimismo, aducen que el 25 de noviembre de 2007, el universitario Juan Carlos Serrudo muri\u00f3, tras recibir el impacto de una granada de gas. Adem\u00e1s, el 26 de noviembre de 2007, el se\u00f1or Jos\u00e9 Luis Cardozo falleci\u00f3 en el Hospital de Santa Barbar\u00e1, tras haber recibido un disparo en la cabeza.<br \/>\nRespecto a los se\u00f1ores David Soliz Soria y Juan Carlos Saavedra, la parte peticionaria se limita a mencionar que sufrieron heridas producto de las citadas represalias policiales, sin brindar mayores detalles sobre tal situaci\u00f3n.<br \/>\nEn virtud de estas consideraciones, la parte peticionaria denuncia que los agentes de la Polic\u00eda utilizaron la fuerza de manera indebida contra las presuntas v\u00edctimas mientras se encontraban protestando pac\u00edficamente, ocasionando su muerte. Aduce que el accionar de dichos agentes no cumpli\u00f3 con los Principios B\u00e1sicos sobre el Empleo de la Fuerza y Armas de Fuego por los Funcionarios de Hacer Cumplir la Ley y el C\u00f3digo de Conducta para Funcionarios Encargados de Hacer Cumplir la Ley; y que se vulner\u00f3 el Derecho Internacional Humanitario, pues las autoridades impidieron que la Cruz Roja brinde ayude a las personas heridas.<br \/>\nRespecto al agotamiento de los recursos internos, sostienen que el 31 de julio de 2008 el Fiscal General interpuso un requerimiento acusatorio en la Secretar\u00eda de C\u00e1mara de Sala Plena contra el entonces Ministro de Gobierno y otros funcionarios estatales. En concreto, contra el Ministro de Gobierno, el Comandante General de la Polic\u00eda Nacional, el Coordinador de Operaciones Especiales de la Polic\u00eda Nacional y el Comandante Departamental de la Polic\u00eda de Chuquisaca. No obstante, aducen los peticionarios, que desde octubre de 2010 la investigaci\u00f3n se encuentra detenida en la Asamblea Legislativa Plurinacional, a la espera de una \u201cautorizaci\u00f3n de juzgamiento\u201d.<br \/>\nEl Estado, por su parte, replica que la Comisi\u00f3n carece de competencia material para declarar una violaci\u00f3n a cualquier disposici\u00f3n de los Convenios de Ginebra o de sus protocolos adicionales; y enfatiza que tales normas no aplican para situaciones de convulsiones o protestas internas. Adem\u00e1s, sostiene que la CIDH tampoco tiene competencia personal para analizar las violaciones abstractas alegadas por la parte peticionaria, al referirse a todos los presuntos perjudicados que participaron en las protestas del 2007. Sostiene que tal extremo de la petici\u00f3n constituye una actio popularis, por lo que no debe ser admitida.<\/p>\n<p>&nbsp;<\/p>\n<p>&nbsp;<\/p>\n","protected":false},"excerpt":{"rendered":"<p>La Comisi\u00f3n Interamericana de Derechos Humanos (CIDH) declar\u00f3 admisible la demanda por las muertes y v\u00edctimas de La Calancha, ocurrido en noviembre de 2007; en ese marco, el exdiputado Horacio Poppe, uno de los denunciantes, manifest\u00f3 que espera que el expresidente Evo Morales y el exministro de Gobierno Alfredo Rada sean encarcelados. En noviembre de [&hellip;]<\/p>\n","protected":false},"author":1,"featured_media":24963,"comment_status":"closed","ping_status":"closed","sticky":false,"template":"","format":"standard","meta":{"_acf_changed":false,"footnotes":""},"categories":[39],"tags":[],"class_list":["post-24962","post","type-post","status-publish","format-standard","has-post-thumbnail","category-sociedad"],"acf":{"antetitulo":""},"yoast_head":"<!-- This site is optimized with the Yoast SEO plugin v28.4 - https:\/\/yoast.com\/product\/yoast-seo-wordpress\/ -->\n<title>Exdiputado busca que Morales y Rada sean encarcelados por caso La Calancha - El Diario - Bolivia<\/title>\n<meta name=\"robots\" content=\"index, follow, max-snippet:-1, max-image-preview:large, max-video-preview:-1\" \/>\n<link rel=\"canonical\" href=\"https:\/\/www.eldiario.net\/portal\/2021\/08\/22\/exdiputado-busca-que-morales-y-rada-sean-encarcelados-por-caso-la-calancha\/\" \/>\n<meta property=\"og:locale\" content=\"es_ES\" \/>\n<meta property=\"og:type\" content=\"article\" \/>\n<meta property=\"og:title\" content=\"Exdiputado busca que Morales y Rada sean encarcelados por caso La Calancha - El Diario - Bolivia\" \/>\n<meta property=\"og:description\" content=\"La Comisi\u00f3n Interamericana de Derechos Humanos (CIDH) declar\u00f3 admisible la demanda por las muertes y v\u00edctimas de La Calancha, ocurrido en noviembre de 2007; en ese marco, el exdiputado Horacio Poppe, uno de los denunciantes, manifest\u00f3 que espera que el expresidente Evo Morales y el exministro de Gobierno Alfredo Rada sean encarcelados. En noviembre de [&hellip;]\" \/>\n<meta property=\"og:url\" content=\"https:\/\/www.eldiario.net\/portal\/2021\/08\/22\/exdiputado-busca-que-morales-y-rada-sean-encarcelados-por-caso-la-calancha\/\" \/>\n<meta property=\"og:site_name\" content=\"El Diario - Bolivia\" \/>\n<meta property=\"article:publisher\" content=\"https:\/\/www.facebook.com\/eldiario.bolivia\/\" \/>\n<meta property=\"article:published_time\" content=\"2021-08-22T09:42:43+00:00\" \/>\n<meta property=\"og:image\" content=\"https:\/\/www.eldiario.net\/portal\/wp-content\/uploads\/2021\/08\/calancha.jpg\" \/>\n\t<meta property=\"og:image:width\" content=\"840\" \/>\n\t<meta property=\"og:image:height\" content=\"559\" \/>\n\t<meta property=\"og:image:type\" content=\"image\/jpeg\" \/>\n<meta name=\"author\" content=\"Jeanette\" \/>\n<meta name=\"twitter:card\" content=\"summary_large_image\" \/>\n<meta name=\"twitter:creator\" content=\"@eldiario_net\" \/>\n<meta name=\"twitter:site\" content=\"@eldiario_net\" \/>\n<meta name=\"twitter:label1\" content=\"Escrito por\" \/>\n\t<meta name=\"twitter:data1\" content=\"Jeanette\" \/>\n\t<meta name=\"twitter:label2\" content=\"Tiempo de lectura\" \/>\n\t<meta name=\"twitter:data2\" content=\"4 minutos\" \/>\n<script type=\"application\/ld+json\" class=\"yoast-schema-graph\">{\"@context\":\"https:\\\/\\\/schema.org\",\"@graph\":[{\"@type\":\"Article\",\"@id\":\"https:\\\/\\\/www.eldiario.net\\\/portal\\\/2021\\\/08\\\/22\\\/exdiputado-busca-que-morales-y-rada-sean-encarcelados-por-caso-la-calancha\\\/#article\",\"isPartOf\":{\"@id\":\"https:\\\/\\\/www.eldiario.net\\\/portal\\\/2021\\\/08\\\/22\\\/exdiputado-busca-que-morales-y-rada-sean-encarcelados-por-caso-la-calancha\\\/\"},\"author\":{\"name\":\"Jeanette\",\"@id\":\"https:\\\/\\\/www.eldiario.net\\\/portal\\\/#\\\/schema\\\/person\\\/f46445640444750d7d753ccd04ae01b7\"},\"headline\":\"Exdiputado busca que Morales y Rada sean encarcelados por caso La Calancha\",\"datePublished\":\"2021-08-22T09:42:43+00:00\",\"mainEntityOfPage\":{\"@id\":\"https:\\\/\\\/www.eldiario.net\\\/portal\\\/2021\\\/08\\\/22\\\/exdiputado-busca-que-morales-y-rada-sean-encarcelados-por-caso-la-calancha\\\/\"},\"wordCount\":898,\"publisher\":{\"@id\":\"https:\\\/\\\/www.eldiario.net\\\/portal\\\/#organization\"},\"image\":{\"@id\":\"https:\\\/\\\/www.eldiario.net\\\/portal\\\/2021\\\/08\\\/22\\\/exdiputado-busca-que-morales-y-rada-sean-encarcelados-por-caso-la-calancha\\\/#primaryimage\"},\"thumbnailUrl\":\"https:\\\/\\\/www.eldiario.net\\\/portal\\\/wp-content\\\/uploads\\\/2021\\\/08\\\/calancha.jpg\",\"articleSection\":[\"Sociedad - Seguridad\"],\"inLanguage\":\"es\"},{\"@type\":\"WebPage\",\"@id\":\"https:\\\/\\\/www.eldiario.net\\\/portal\\\/2021\\\/08\\\/22\\\/exdiputado-busca-que-morales-y-rada-sean-encarcelados-por-caso-la-calancha\\\/\",\"url\":\"https:\\\/\\\/www.eldiario.net\\\/portal\\\/2021\\\/08\\\/22\\\/exdiputado-busca-que-morales-y-rada-sean-encarcelados-por-caso-la-calancha\\\/\",\"name\":\"Exdiputado busca que Morales y Rada sean encarcelados por caso La Calancha - El Diario - Bolivia\",\"isPartOf\":{\"@id\":\"https:\\\/\\\/www.eldiario.net\\\/portal\\\/#website\"},\"primaryImageOfPage\":{\"@id\":\"https:\\\/\\\/www.eldiario.net\\\/portal\\\/2021\\\/08\\\/22\\\/exdiputado-busca-que-morales-y-rada-sean-encarcelados-por-caso-la-calancha\\\/#primaryimage\"},\"image\":{\"@id\":\"https:\\\/\\\/www.eldiario.net\\\/portal\\\/2021\\\/08\\\/22\\\/exdiputado-busca-que-morales-y-rada-sean-encarcelados-por-caso-la-calancha\\\/#primaryimage\"},\"thumbnailUrl\":\"https:\\\/\\\/www.eldiario.net\\\/portal\\\/wp-content\\\/uploads\\\/2021\\\/08\\\/calancha.jpg\",\"datePublished\":\"2021-08-22T09:42:43+00:00\",\"breadcrumb\":{\"@id\":\"https:\\\/\\\/www.eldiario.net\\\/portal\\\/2021\\\/08\\\/22\\\/exdiputado-busca-que-morales-y-rada-sean-encarcelados-por-caso-la-calancha\\\/#breadcrumb\"},\"inLanguage\":\"es\",\"potentialAction\":[{\"@type\":\"ReadAction\",\"target\":[\"https:\\\/\\\/www.eldiario.net\\\/portal\\\/2021\\\/08\\\/22\\\/exdiputado-busca-que-morales-y-rada-sean-encarcelados-por-caso-la-calancha\\\/\"]}]},{\"@type\":\"ImageObject\",\"inLanguage\":\"es\",\"@id\":\"https:\\\/\\\/www.eldiario.net\\\/portal\\\/2021\\\/08\\\/22\\\/exdiputado-busca-que-morales-y-rada-sean-encarcelados-por-caso-la-calancha\\\/#primaryimage\",\"url\":\"https:\\\/\\\/www.eldiario.net\\\/portal\\\/wp-content\\\/uploads\\\/2021\\\/08\\\/calancha.jpg\",\"contentUrl\":\"https:\\\/\\\/www.eldiario.net\\\/portal\\\/wp-content\\\/uploads\\\/2021\\\/08\\\/calancha.jpg\",\"width\":840,\"height\":559,\"caption\":\"MOMENTO EN QUE UNO DE LOS CUERPOS ERA LLEVADO AL CEMENTERIO.\"},{\"@type\":\"BreadcrumbList\",\"@id\":\"https:\\\/\\\/www.eldiario.net\\\/portal\\\/2021\\\/08\\\/22\\\/exdiputado-busca-que-morales-y-rada-sean-encarcelados-por-caso-la-calancha\\\/#breadcrumb\",\"itemListElement\":[{\"@type\":\"ListItem\",\"position\":1,\"name\":\"Portada\",\"item\":\"https:\\\/\\\/www.eldiario.net\\\/portal\\\/\"},{\"@type\":\"ListItem\",\"position\":2,\"name\":\"Exdiputado busca que Morales y Rada sean encarcelados por caso La Calancha\"}]},{\"@type\":\"WebSite\",\"@id\":\"https:\\\/\\\/www.eldiario.net\\\/portal\\\/#website\",\"url\":\"https:\\\/\\\/www.eldiario.net\\\/portal\\\/\",\"name\":\"El Diario - Decano de la prensa nacional\",\"description\":\"El Diario - Decano de la prensa nacional\",\"publisher\":{\"@id\":\"https:\\\/\\\/www.eldiario.net\\\/portal\\\/#organization\"},\"potentialAction\":[{\"@type\":\"SearchAction\",\"target\":{\"@type\":\"EntryPoint\",\"urlTemplate\":\"https:\\\/\\\/www.eldiario.net\\\/portal\\\/?s={search_term_string}\"},\"query-input\":{\"@type\":\"PropertyValueSpecification\",\"valueRequired\":true,\"valueName\":\"search_term_string\"}}],\"inLanguage\":\"es\"},{\"@type\":\"Organization\",\"@id\":\"https:\\\/\\\/www.eldiario.net\\\/portal\\\/#organization\",\"name\":\"El Diario - Decano de la prensa nacional\",\"url\":\"https:\\\/\\\/www.eldiario.net\\\/portal\\\/\",\"logo\":{\"@type\":\"ImageObject\",\"inLanguage\":\"es\",\"@id\":\"https:\\\/\\\/www.eldiario.net\\\/portal\\\/#\\\/schema\\\/logo\\\/image\\\/\",\"url\":\"https:\\\/\\\/www.eldiario.net\\\/portal\\\/wp-content\\\/uploads\\\/2023\\\/07\\\/logo_ED.jpg\",\"contentUrl\":\"https:\\\/\\\/www.eldiario.net\\\/portal\\\/wp-content\\\/uploads\\\/2023\\\/07\\\/logo_ED.jpg\",\"width\":272,\"height\":52,\"caption\":\"El Diario - Decano de la prensa nacional\"},\"image\":{\"@id\":\"https:\\\/\\\/www.eldiario.net\\\/portal\\\/#\\\/schema\\\/logo\\\/image\\\/\"},\"sameAs\":[\"https:\\\/\\\/www.facebook.com\\\/eldiario.bolivia\\\/\",\"https:\\\/\\\/x.com\\\/eldiario_net\"]},{\"@type\":\"Person\",\"@id\":\"https:\\\/\\\/www.eldiario.net\\\/portal\\\/#\\\/schema\\\/person\\\/f46445640444750d7d753ccd04ae01b7\",\"name\":\"Jeanette\",\"image\":{\"@type\":\"ImageObject\",\"inLanguage\":\"es\",\"@id\":\"https:\\\/\\\/secure.gravatar.com\\\/avatar\\\/3ea2118a5f7dad2b7138b1187a6b7ee55f160b9968b66013c3a3ef39dd7e5798?s=96&d=mm&r=g\",\"url\":\"https:\\\/\\\/secure.gravatar.com\\\/avatar\\\/3ea2118a5f7dad2b7138b1187a6b7ee55f160b9968b66013c3a3ef39dd7e5798?s=96&d=mm&r=g\",\"contentUrl\":\"https:\\\/\\\/secure.gravatar.com\\\/avatar\\\/3ea2118a5f7dad2b7138b1187a6b7ee55f160b9968b66013c3a3ef39dd7e5798?s=96&d=mm&r=g\",\"caption\":\"Jeanette\"},\"sameAs\":[\"https:\\\/\\\/www.eldiario.net\\\/portal\"],\"url\":\"https:\\\/\\\/www.eldiario.net\\\/portal\\\/author\\\/jeanette\\\/\"}]}<\/script>\n<!-- \/ Yoast SEO plugin. -->","yoast_head_json":{"title":"Exdiputado busca que Morales y Rada sean encarcelados por caso La Calancha - El Diario - Bolivia","robots":{"index":"index","follow":"follow","max-snippet":"max-snippet:-1","max-image-preview":"max-image-preview:large","max-video-preview":"max-video-preview:-1"},"canonical":"https:\/\/www.eldiario.net\/portal\/2021\/08\/22\/exdiputado-busca-que-morales-y-rada-sean-encarcelados-por-caso-la-calancha\/","og_locale":"es_ES","og_type":"article","og_title":"Exdiputado busca que Morales y Rada sean encarcelados por caso La Calancha - El Diario - Bolivia","og_description":"La Comisi\u00f3n Interamericana de Derechos Humanos (CIDH) declar\u00f3 admisible la demanda por las muertes y v\u00edctimas de La Calancha, ocurrido en noviembre de 2007; en ese marco, el exdiputado Horacio Poppe, uno de los denunciantes, manifest\u00f3 que espera que el expresidente Evo Morales y el exministro de Gobierno Alfredo Rada sean encarcelados. En noviembre de [&hellip;]","og_url":"https:\/\/www.eldiario.net\/portal\/2021\/08\/22\/exdiputado-busca-que-morales-y-rada-sean-encarcelados-por-caso-la-calancha\/","og_site_name":"El Diario - Bolivia","article_publisher":"https:\/\/www.facebook.com\/eldiario.bolivia\/","article_published_time":"2021-08-22T09:42:43+00:00","og_image":[{"width":840,"height":559,"url":"https:\/\/www.eldiario.net\/portal\/wp-content\/uploads\/2021\/08\/calancha.jpg","type":"image\/jpeg"}],"author":"Jeanette","twitter_card":"summary_large_image","twitter_creator":"@eldiario_net","twitter_site":"@eldiario_net","twitter_misc":{"Escrito por":"Jeanette","Tiempo de lectura":"4 minutos"},"schema":{"@context":"https:\/\/schema.org","@graph":[{"@type":"Article","@id":"https:\/\/www.eldiario.net\/portal\/2021\/08\/22\/exdiputado-busca-que-morales-y-rada-sean-encarcelados-por-caso-la-calancha\/#article","isPartOf":{"@id":"https:\/\/www.eldiario.net\/portal\/2021\/08\/22\/exdiputado-busca-que-morales-y-rada-sean-encarcelados-por-caso-la-calancha\/"},"author":{"name":"Jeanette","@id":"https:\/\/www.eldiario.net\/portal\/#\/schema\/person\/f46445640444750d7d753ccd04ae01b7"},"headline":"Exdiputado busca que Morales y Rada sean encarcelados por caso La Calancha","datePublished":"2021-08-22T09:42:43+00:00","mainEntityOfPage":{"@id":"https:\/\/www.eldiario.net\/portal\/2021\/08\/22\/exdiputado-busca-que-morales-y-rada-sean-encarcelados-por-caso-la-calancha\/"},"wordCount":898,"publisher":{"@id":"https:\/\/www.eldiario.net\/portal\/#organization"},"image":{"@id":"https:\/\/www.eldiario.net\/portal\/2021\/08\/22\/exdiputado-busca-que-morales-y-rada-sean-encarcelados-por-caso-la-calancha\/#primaryimage"},"thumbnailUrl":"https:\/\/www.eldiario.net\/portal\/wp-content\/uploads\/2021\/08\/calancha.jpg","articleSection":["Sociedad - Seguridad"],"inLanguage":"es"},{"@type":"WebPage","@id":"https:\/\/www.eldiario.net\/portal\/2021\/08\/22\/exdiputado-busca-que-morales-y-rada-sean-encarcelados-por-caso-la-calancha\/","url":"https:\/\/www.eldiario.net\/portal\/2021\/08\/22\/exdiputado-busca-que-morales-y-rada-sean-encarcelados-por-caso-la-calancha\/","name":"Exdiputado busca que Morales y Rada sean encarcelados por caso La Calancha - El Diario - Bolivia","isPartOf":{"@id":"https:\/\/www.eldiario.net\/portal\/#website"},"primaryImageOfPage":{"@id":"https:\/\/www.eldiario.net\/portal\/2021\/08\/22\/exdiputado-busca-que-morales-y-rada-sean-encarcelados-por-caso-la-calancha\/#primaryimage"},"image":{"@id":"https:\/\/www.eldiario.net\/portal\/2021\/08\/22\/exdiputado-busca-que-morales-y-rada-sean-encarcelados-por-caso-la-calancha\/#primaryimage"},"thumbnailUrl":"https:\/\/www.eldiario.net\/portal\/wp-content\/uploads\/2021\/08\/calancha.jpg","datePublished":"2021-08-22T09:42:43+00:00","breadcrumb":{"@id":"https:\/\/www.eldiario.net\/portal\/2021\/08\/22\/exdiputado-busca-que-morales-y-rada-sean-encarcelados-por-caso-la-calancha\/#breadcrumb"},"inLanguage":"es","potentialAction":[{"@type":"ReadAction","target":["https:\/\/www.eldiario.net\/portal\/2021\/08\/22\/exdiputado-busca-que-morales-y-rada-sean-encarcelados-por-caso-la-calancha\/"]}]},{"@type":"ImageObject","inLanguage":"es","@id":"https:\/\/www.eldiario.net\/portal\/2021\/08\/22\/exdiputado-busca-que-morales-y-rada-sean-encarcelados-por-caso-la-calancha\/#primaryimage","url":"https:\/\/www.eldiario.net\/portal\/wp-content\/uploads\/2021\/08\/calancha.jpg","contentUrl":"https:\/\/www.eldiario.net\/portal\/wp-content\/uploads\/2021\/08\/calancha.jpg","width":840,"height":559,"caption":"MOMENTO EN QUE UNO DE LOS CUERPOS ERA LLEVADO AL CEMENTERIO."},{"@type":"BreadcrumbList","@id":"https:\/\/www.eldiario.net\/portal\/2021\/08\/22\/exdiputado-busca-que-morales-y-rada-sean-encarcelados-por-caso-la-calancha\/#breadcrumb","itemListElement":[{"@type":"ListItem","position":1,"name":"Portada","item":"https:\/\/www.eldiario.net\/portal\/"},{"@type":"ListItem","position":2,"name":"Exdiputado busca que Morales y Rada sean encarcelados por caso La Calancha"}]},{"@type":"WebSite","@id":"https:\/\/www.eldiario.net\/portal\/#website","url":"https:\/\/www.eldiario.net\/portal\/","name":"El Diario - Decano de la prensa nacional","description":"El Diario - Decano de la prensa nacional","publisher":{"@id":"https:\/\/www.eldiario.net\/portal\/#organization"},"potentialAction":[{"@type":"SearchAction","target":{"@type":"EntryPoint","urlTemplate":"https:\/\/www.eldiario.net\/portal\/?s={search_term_string}"},"query-input":{"@type":"PropertyValueSpecification","valueRequired":true,"valueName":"search_term_string"}}],"inLanguage":"es"},{"@type":"Organization","@id":"https:\/\/www.eldiario.net\/portal\/#organization","name":"El Diario - Decano de la prensa nacional","url":"https:\/\/www.eldiario.net\/portal\/","logo":{"@type":"ImageObject","inLanguage":"es","@id":"https:\/\/www.eldiario.net\/portal\/#\/schema\/logo\/image\/","url":"https:\/\/www.eldiario.net\/portal\/wp-content\/uploads\/2023\/07\/logo_ED.jpg","contentUrl":"https:\/\/www.eldiario.net\/portal\/wp-content\/uploads\/2023\/07\/logo_ED.jpg","width":272,"height":52,"caption":"El Diario - Decano de la prensa nacional"},"image":{"@id":"https:\/\/www.eldiario.net\/portal\/#\/schema\/logo\/image\/"},"sameAs":["https:\/\/www.facebook.com\/eldiario.bolivia\/","https:\/\/x.com\/eldiario_net"]},{"@type":"Person","@id":"https:\/\/www.eldiario.net\/portal\/#\/schema\/person\/f46445640444750d7d753ccd04ae01b7","name":"Jeanette","image":{"@type":"ImageObject","inLanguage":"es","@id":"https:\/\/secure.gravatar.com\/avatar\/3ea2118a5f7dad2b7138b1187a6b7ee55f160b9968b66013c3a3ef39dd7e5798?s=96&d=mm&r=g","url":"https:\/\/secure.gravatar.com\/avatar\/3ea2118a5f7dad2b7138b1187a6b7ee55f160b9968b66013c3a3ef39dd7e5798?s=96&d=mm&r=g","contentUrl":"https:\/\/secure.gravatar.com\/avatar\/3ea2118a5f7dad2b7138b1187a6b7ee55f160b9968b66013c3a3ef39dd7e5798?s=96&d=mm&r=g","caption":"Jeanette"},"sameAs":["https:\/\/www.eldiario.net\/portal"],"url":"https:\/\/www.eldiario.net\/portal\/author\/jeanette\/"}]}},"_links":{"self":[{"href":"https:\/\/www.eldiario.net\/portal\/wp-json\/wp\/v2\/posts\/24962","targetHints":{"allow":["GET"]}}],"collection":[{"href":"https:\/\/www.eldiario.net\/portal\/wp-json\/wp\/v2\/posts"}],"about":[{"href":"https:\/\/www.eldiario.net\/portal\/wp-json\/wp\/v2\/types\/post"}],"author":[{"embeddable":true,"href":"https:\/\/www.eldiario.net\/portal\/wp-json\/wp\/v2\/users\/1"}],"replies":[{"embeddable":true,"href":"https:\/\/www.eldiario.net\/portal\/wp-json\/wp\/v2\/comments?post=24962"}],"version-history":[{"count":0,"href":"https:\/\/www.eldiario.net\/portal\/wp-json\/wp\/v2\/posts\/24962\/revisions"}],"wp:featuredmedia":[{"embeddable":true,"href":"https:\/\/www.eldiario.net\/portal\/wp-json\/wp\/v2\/media\/24963"}],"wp:attachment":[{"href":"https:\/\/www.eldiario.net\/portal\/wp-json\/wp\/v2\/media?parent=24962"}],"wp:term":[{"taxonomy":"category","embeddable":true,"href":"https:\/\/www.eldiario.net\/portal\/wp-json\/wp\/v2\/categories?post=24962"},{"taxonomy":"post_tag","embeddable":true,"href":"https:\/\/www.eldiario.net\/portal\/wp-json\/wp\/v2\/tags?post=24962"}],"curies":[{"name":"wp","href":"https:\/\/api.w.org\/{rel}","templated":true}]}}