{"id":24957,"date":"2021-08-22T05:39:37","date_gmt":"2021-08-22T09:39:37","guid":{"rendered":"https:\/\/www.eldiario.net\/portal\/?p=24957"},"modified":"2021-08-22T05:39:37","modified_gmt":"2021-08-22T09:39:37","slug":"alto-milluni-inaugura-centro-de-exposicion-y-museo-metalurgico","status":"publish","type":"post","link":"https:\/\/www.eldiario.net\/portal\/2021\/08\/22\/alto-milluni-inaugura-centro-de-exposicion-y-museo-metalurgico\/","title":{"rendered":"Alto Milluni inaugura Centro de  Exposici\u00f3n y Museo Metal\u00fargico"},"content":{"rendered":"<p>Las autoridades del Distrito Municipal 13, junto al control Social y comunarios, inauguraron el Centro de Exposici\u00f3n y Museo Metal\u00fargico, que fue construido en la Comunidad Alto Milluni. La obra cost\u00f3 499.245,03 bolivianos, seg\u00fan la subalcaldesa Ver\u00f3nica Villca.<br \/>\nDe acuerdo con la autoridad de este sector del Norte de la urbe alte\u00f1a, la obra fue entregada con la construcci\u00f3n desde las zapatas, columnas, vigas, muros, hasta la culminaci\u00f3n con obra fina, tratamiento de pisos, revoque, pintura, cubierta, puertas, ventanas, instalaci\u00f3n sanitaria y el\u00e9ctrica.<br \/>\n\u201cLos aspectos t\u00e9cnicos que marcan la construcci\u00f3n del Museo Metal\u00fargico de la Comunidad Alto Milluni alcanzan a 500 mil bolivianos y se caracteriza por ser un lugar estrat\u00e9gico. Si vemos a los alrededores son minas las que est\u00e1n en el sector, esta obra se ha empezado desde cero, era un terreno que hemos tenido que aplanar de inicio y se ha hecho en tiempo y materia, como nuestra hermana Eva Copa nos ha instruido de trabajar 24\/7 por las comunidades\u201d, explic\u00f3 la subalcaldesa Villca.<br \/>\nAgreg\u00f3 que este museo va a exhibir piedras preciosas, minerales extra\u00eddos de la mina del sector, artesan\u00edas elaboradas por la comunidad y tejidos de cam\u00e9lidos. Esta exposici\u00f3n va a coadyuvar a reactivar la econ\u00f3mica de Alto Milluni.<br \/>\n\u201cEste sector es tur\u00edstico y se ha verificado que van muchos visitantes locales y extranjeros, ya que tambi\u00e9n est\u00e1 el famoso Charquini, por lo que el beneficio ser\u00e1 para toda la Ciudad de El Alto, porque es una atracci\u00f3n que tiene muchas novedades e historia, que son de inter\u00e9s de los visitantes\u201d, a\u00f1adi\u00f3 la autoridad del distrito 13.<br \/>\nPor su parte, Mario Limachi, secretario general de la Comunidad Alto Milluni, agradeci\u00f3 a la alcaldesa Eva Copa por la entrega de esta obra, augur\u00f3 buenos deseos y trabajo en mancomunidad para el desarrollo de la ciudad de El Alto.<br \/>\n\u201cNos sentimos orgullosos por esta obra que se est\u00e1 entregando, es un museo metal\u00fargico tal como lo espec\u00edfica dentro de nuestra comunidad. Se est\u00e1 plasmando un sue\u00f1o que hace a\u00f1os ten\u00edamos y lo estamos haciendo con la hermana Eva, y el deber cumplido para nosotros\u201d, dijo el dirigente.<br \/>\nPor otro lado, la representante del municipio asegur\u00f3 que continuar\u00e1n trabajando en incentivar la presencia de turistas extranjeros y locales, para lo cual se tiene previsto el trabajo de elaborar otros tipos de atracciones que se tiene en Bajo Milluni, donde se tiene planificado tambi\u00e9n la implementaci\u00f3n de otras comodidades para los visitantes.<\/p>\n","protected":false},"excerpt":{"rendered":"<p>Las autoridades del Distrito Municipal 13, junto al control Social y comunarios, inauguraron el Centro de Exposici\u00f3n y Museo Metal\u00fargico, que fue construido en la Comunidad Alto Milluni. La obra cost\u00f3 499.245,03 bolivianos, seg\u00fan la subalcaldesa Ver\u00f3nica Villca. De acuerdo con la autoridad de este sector del Norte de la urbe alte\u00f1a, la obra fue [&hellip;]<\/p>\n","protected":false},"author":1,"featured_media":0,"comment_status":"closed","ping_status":"closed","sticky":false,"template":"","format":"standard","meta":{"_acf_changed":false,"footnotes":""},"categories":[12],"tags":[],"class_list":["post-24957","post","type-post","status-publish","format-standard","category-nacional"],"acf":{"antetitulo":""},"yoast_head":"<!-- This site is optimized with the Yoast SEO plugin v28.4 - https:\/\/yoast.com\/product\/yoast-seo-wordpress\/ -->\n<title>Alto Milluni inaugura Centro de Exposici\u00f3n y Museo Metal\u00fargico - El Diario - Bolivia<\/title>\n<meta name=\"robots\" content=\"index, follow, max-snippet:-1, max-image-preview:large, max-video-preview:-1\" \/>\n<link rel=\"canonical\" href=\"https:\/\/www.eldiario.net\/portal\/2021\/08\/22\/alto-milluni-inaugura-centro-de-exposicion-y-museo-metalurgico\/\" \/>\n<meta property=\"og:locale\" content=\"es_ES\" \/>\n<meta property=\"og:type\" content=\"article\" \/>\n<meta property=\"og:title\" content=\"Alto Milluni inaugura Centro de Exposici\u00f3n y Museo Metal\u00fargico - El Diario - Bolivia\" \/>\n<meta property=\"og:description\" content=\"Las autoridades del Distrito Municipal 13, junto al control Social y comunarios, inauguraron el Centro de Exposici\u00f3n y Museo Metal\u00fargico, que fue construido en la Comunidad Alto Milluni. La obra cost\u00f3 499.245,03 bolivianos, seg\u00fan la subalcaldesa Ver\u00f3nica Villca. De acuerdo con la autoridad de este sector del Norte de la urbe alte\u00f1a, la obra fue [&hellip;]\" \/>\n<meta property=\"og:url\" content=\"https:\/\/www.eldiario.net\/portal\/2021\/08\/22\/alto-milluni-inaugura-centro-de-exposicion-y-museo-metalurgico\/\" \/>\n<meta property=\"og:site_name\" content=\"El Diario - Bolivia\" \/>\n<meta property=\"article:publisher\" content=\"https:\/\/www.facebook.com\/eldiario.bolivia\/\" \/>\n<meta property=\"article:published_time\" content=\"2021-08-22T09:39:37+00:00\" \/>\n<meta name=\"author\" content=\"Jeanette\" \/>\n<meta name=\"twitter:card\" content=\"summary_large_image\" \/>\n<meta name=\"twitter:creator\" content=\"@eldiario_net\" \/>\n<meta name=\"twitter:site\" content=\"@eldiario_net\" \/>\n<meta name=\"twitter:label1\" content=\"Escrito por\" \/>\n\t<meta name=\"twitter:data1\" content=\"Jeanette\" \/>\n\t<meta name=\"twitter:label2\" content=\"Tiempo de lectura\" \/>\n\t<meta name=\"twitter:data2\" content=\"2 minutos\" \/>\n<script type=\"application\/ld+json\" class=\"yoast-schema-graph\">{\"@context\":\"https:\\\/\\\/schema.org\",\"@graph\":[{\"@type\":\"Article\",\"@id\":\"https:\\\/\\\/www.eldiario.net\\\/portal\\\/2021\\\/08\\\/22\\\/alto-milluni-inaugura-centro-de-exposicion-y-museo-metalurgico\\\/#article\",\"isPartOf\":{\"@id\":\"https:\\\/\\\/www.eldiario.net\\\/portal\\\/2021\\\/08\\\/22\\\/alto-milluni-inaugura-centro-de-exposicion-y-museo-metalurgico\\\/\"},\"author\":{\"name\":\"Jeanette\",\"@id\":\"https:\\\/\\\/www.eldiario.net\\\/portal\\\/#\\\/schema\\\/person\\\/f46445640444750d7d753ccd04ae01b7\"},\"headline\":\"Alto Milluni inaugura Centro de Exposici\u00f3n y Museo Metal\u00fargico\",\"datePublished\":\"2021-08-22T09:39:37+00:00\",\"mainEntityOfPage\":{\"@id\":\"https:\\\/\\\/www.eldiario.net\\\/portal\\\/2021\\\/08\\\/22\\\/alto-milluni-inaugura-centro-de-exposicion-y-museo-metalurgico\\\/\"},\"wordCount\":441,\"publisher\":{\"@id\":\"https:\\\/\\\/www.eldiario.net\\\/portal\\\/#organization\"},\"articleSection\":[\"Nacional\"],\"inLanguage\":\"es\"},{\"@type\":\"WebPage\",\"@id\":\"https:\\\/\\\/www.eldiario.net\\\/portal\\\/2021\\\/08\\\/22\\\/alto-milluni-inaugura-centro-de-exposicion-y-museo-metalurgico\\\/\",\"url\":\"https:\\\/\\\/www.eldiario.net\\\/portal\\\/2021\\\/08\\\/22\\\/alto-milluni-inaugura-centro-de-exposicion-y-museo-metalurgico\\\/\",\"name\":\"Alto Milluni inaugura Centro de Exposici\u00f3n y Museo Metal\u00fargico - El Diario - Bolivia\",\"isPartOf\":{\"@id\":\"https:\\\/\\\/www.eldiario.net\\\/portal\\\/#website\"},\"datePublished\":\"2021-08-22T09:39:37+00:00\",\"breadcrumb\":{\"@id\":\"https:\\\/\\\/www.eldiario.net\\\/portal\\\/2021\\\/08\\\/22\\\/alto-milluni-inaugura-centro-de-exposicion-y-museo-metalurgico\\\/#breadcrumb\"},\"inLanguage\":\"es\",\"potentialAction\":[{\"@type\":\"ReadAction\",\"target\":[\"https:\\\/\\\/www.eldiario.net\\\/portal\\\/2021\\\/08\\\/22\\\/alto-milluni-inaugura-centro-de-exposicion-y-museo-metalurgico\\\/\"]}]},{\"@type\":\"BreadcrumbList\",\"@id\":\"https:\\\/\\\/www.eldiario.net\\\/portal\\\/2021\\\/08\\\/22\\\/alto-milluni-inaugura-centro-de-exposicion-y-museo-metalurgico\\\/#breadcrumb\",\"itemListElement\":[{\"@type\":\"ListItem\",\"position\":1,\"name\":\"Portada\",\"item\":\"https:\\\/\\\/www.eldiario.net\\\/portal\\\/\"},{\"@type\":\"ListItem\",\"position\":2,\"name\":\"Alto Milluni inaugura Centro de Exposici\u00f3n y Museo Metal\u00fargico\"}]},{\"@type\":\"WebSite\",\"@id\":\"https:\\\/\\\/www.eldiario.net\\\/portal\\\/#website\",\"url\":\"https:\\\/\\\/www.eldiario.net\\\/portal\\\/\",\"name\":\"El Diario - Decano de la prensa nacional\",\"description\":\"El Diario - Decano de la prensa nacional\",\"publisher\":{\"@id\":\"https:\\\/\\\/www.eldiario.net\\\/portal\\\/#organization\"},\"potentialAction\":[{\"@type\":\"SearchAction\",\"target\":{\"@type\":\"EntryPoint\",\"urlTemplate\":\"https:\\\/\\\/www.eldiario.net\\\/portal\\\/?s={search_term_string}\"},\"query-input\":{\"@type\":\"PropertyValueSpecification\",\"valueRequired\":true,\"valueName\":\"search_term_string\"}}],\"inLanguage\":\"es\"},{\"@type\":\"Organization\",\"@id\":\"https:\\\/\\\/www.eldiario.net\\\/portal\\\/#organization\",\"name\":\"El Diario - Decano de la prensa nacional\",\"url\":\"https:\\\/\\\/www.eldiario.net\\\/portal\\\/\",\"logo\":{\"@type\":\"ImageObject\",\"inLanguage\":\"es\",\"@id\":\"https:\\\/\\\/www.eldiario.net\\\/portal\\\/#\\\/schema\\\/logo\\\/image\\\/\",\"url\":\"https:\\\/\\\/www.eldiario.net\\\/portal\\\/wp-content\\\/uploads\\\/2023\\\/07\\\/logo_ED.jpg\",\"contentUrl\":\"https:\\\/\\\/www.eldiario.net\\\/portal\\\/wp-content\\\/uploads\\\/2023\\\/07\\\/logo_ED.jpg\",\"width\":272,\"height\":52,\"caption\":\"El Diario - Decano de la prensa nacional\"},\"image\":{\"@id\":\"https:\\\/\\\/www.eldiario.net\\\/portal\\\/#\\\/schema\\\/logo\\\/image\\\/\"},\"sameAs\":[\"https:\\\/\\\/www.facebook.com\\\/eldiario.bolivia\\\/\",\"https:\\\/\\\/x.com\\\/eldiario_net\"]},{\"@type\":\"Person\",\"@id\":\"https:\\\/\\\/www.eldiario.net\\\/portal\\\/#\\\/schema\\\/person\\\/f46445640444750d7d753ccd04ae01b7\",\"name\":\"Jeanette\",\"image\":{\"@type\":\"ImageObject\",\"inLanguage\":\"es\",\"@id\":\"https:\\\/\\\/secure.gravatar.com\\\/avatar\\\/3ea2118a5f7dad2b7138b1187a6b7ee55f160b9968b66013c3a3ef39dd7e5798?s=96&d=mm&r=g\",\"url\":\"https:\\\/\\\/secure.gravatar.com\\\/avatar\\\/3ea2118a5f7dad2b7138b1187a6b7ee55f160b9968b66013c3a3ef39dd7e5798?s=96&d=mm&r=g\",\"contentUrl\":\"https:\\\/\\\/secure.gravatar.com\\\/avatar\\\/3ea2118a5f7dad2b7138b1187a6b7ee55f160b9968b66013c3a3ef39dd7e5798?s=96&d=mm&r=g\",\"caption\":\"Jeanette\"},\"sameAs\":[\"https:\\\/\\\/www.eldiario.net\\\/portal\"],\"url\":\"https:\\\/\\\/www.eldiario.net\\\/portal\\\/author\\\/jeanette\\\/\"}]}<\/script>\n<!-- \/ Yoast SEO plugin. -->","yoast_head_json":{"title":"Alto Milluni inaugura Centro de Exposici\u00f3n y Museo Metal\u00fargico - El Diario - Bolivia","robots":{"index":"index","follow":"follow","max-snippet":"max-snippet:-1","max-image-preview":"max-image-preview:large","max-video-preview":"max-video-preview:-1"},"canonical":"https:\/\/www.eldiario.net\/portal\/2021\/08\/22\/alto-milluni-inaugura-centro-de-exposicion-y-museo-metalurgico\/","og_locale":"es_ES","og_type":"article","og_title":"Alto Milluni inaugura Centro de Exposici\u00f3n y Museo Metal\u00fargico - El Diario - Bolivia","og_description":"Las autoridades del Distrito Municipal 13, junto al control Social y comunarios, inauguraron el Centro de Exposici\u00f3n y Museo Metal\u00fargico, que fue construido en la Comunidad Alto Milluni. La obra cost\u00f3 499.245,03 bolivianos, seg\u00fan la subalcaldesa Ver\u00f3nica Villca. De acuerdo con la autoridad de este sector del Norte de la urbe alte\u00f1a, la obra fue [&hellip;]","og_url":"https:\/\/www.eldiario.net\/portal\/2021\/08\/22\/alto-milluni-inaugura-centro-de-exposicion-y-museo-metalurgico\/","og_site_name":"El Diario - Bolivia","article_publisher":"https:\/\/www.facebook.com\/eldiario.bolivia\/","article_published_time":"2021-08-22T09:39:37+00:00","author":"Jeanette","twitter_card":"summary_large_image","twitter_creator":"@eldiario_net","twitter_site":"@eldiario_net","twitter_misc":{"Escrito por":"Jeanette","Tiempo de lectura":"2 minutos"},"schema":{"@context":"https:\/\/schema.org","@graph":[{"@type":"Article","@id":"https:\/\/www.eldiario.net\/portal\/2021\/08\/22\/alto-milluni-inaugura-centro-de-exposicion-y-museo-metalurgico\/#article","isPartOf":{"@id":"https:\/\/www.eldiario.net\/portal\/2021\/08\/22\/alto-milluni-inaugura-centro-de-exposicion-y-museo-metalurgico\/"},"author":{"name":"Jeanette","@id":"https:\/\/www.eldiario.net\/portal\/#\/schema\/person\/f46445640444750d7d753ccd04ae01b7"},"headline":"Alto Milluni inaugura Centro de Exposici\u00f3n y Museo Metal\u00fargico","datePublished":"2021-08-22T09:39:37+00:00","mainEntityOfPage":{"@id":"https:\/\/www.eldiario.net\/portal\/2021\/08\/22\/alto-milluni-inaugura-centro-de-exposicion-y-museo-metalurgico\/"},"wordCount":441,"publisher":{"@id":"https:\/\/www.eldiario.net\/portal\/#organization"},"articleSection":["Nacional"],"inLanguage":"es"},{"@type":"WebPage","@id":"https:\/\/www.eldiario.net\/portal\/2021\/08\/22\/alto-milluni-inaugura-centro-de-exposicion-y-museo-metalurgico\/","url":"https:\/\/www.eldiario.net\/portal\/2021\/08\/22\/alto-milluni-inaugura-centro-de-exposicion-y-museo-metalurgico\/","name":"Alto Milluni inaugura Centro de Exposici\u00f3n y Museo Metal\u00fargico - El Diario - Bolivia","isPartOf":{"@id":"https:\/\/www.eldiario.net\/portal\/#website"},"datePublished":"2021-08-22T09:39:37+00:00","breadcrumb":{"@id":"https:\/\/www.eldiario.net\/portal\/2021\/08\/22\/alto-milluni-inaugura-centro-de-exposicion-y-museo-metalurgico\/#breadcrumb"},"inLanguage":"es","potentialAction":[{"@type":"ReadAction","target":["https:\/\/www.eldiario.net\/portal\/2021\/08\/22\/alto-milluni-inaugura-centro-de-exposicion-y-museo-metalurgico\/"]}]},{"@type":"BreadcrumbList","@id":"https:\/\/www.eldiario.net\/portal\/2021\/08\/22\/alto-milluni-inaugura-centro-de-exposicion-y-museo-metalurgico\/#breadcrumb","itemListElement":[{"@type":"ListItem","position":1,"name":"Portada","item":"https:\/\/www.eldiario.net\/portal\/"},{"@type":"ListItem","position":2,"name":"Alto Milluni inaugura Centro de Exposici\u00f3n y Museo Metal\u00fargico"}]},{"@type":"WebSite","@id":"https:\/\/www.eldiario.net\/portal\/#website","url":"https:\/\/www.eldiario.net\/portal\/","name":"El Diario - Decano de la prensa nacional","description":"El Diario - Decano de la prensa nacional","publisher":{"@id":"https:\/\/www.eldiario.net\/portal\/#organization"},"potentialAction":[{"@type":"SearchAction","target":{"@type":"EntryPoint","urlTemplate":"https:\/\/www.eldiario.net\/portal\/?s={search_term_string}"},"query-input":{"@type":"PropertyValueSpecification","valueRequired":true,"valueName":"search_term_string"}}],"inLanguage":"es"},{"@type":"Organization","@id":"https:\/\/www.eldiario.net\/portal\/#organization","name":"El Diario - Decano de la prensa nacional","url":"https:\/\/www.eldiario.net\/portal\/","logo":{"@type":"ImageObject","inLanguage":"es","@id":"https:\/\/www.eldiario.net\/portal\/#\/schema\/logo\/image\/","url":"https:\/\/www.eldiario.net\/portal\/wp-content\/uploads\/2023\/07\/logo_ED.jpg","contentUrl":"https:\/\/www.eldiario.net\/portal\/wp-content\/uploads\/2023\/07\/logo_ED.jpg","width":272,"height":52,"caption":"El Diario - Decano de la prensa nacional"},"image":{"@id":"https:\/\/www.eldiario.net\/portal\/#\/schema\/logo\/image\/"},"sameAs":["https:\/\/www.facebook.com\/eldiario.bolivia\/","https:\/\/x.com\/eldiario_net"]},{"@type":"Person","@id":"https:\/\/www.eldiario.net\/portal\/#\/schema\/person\/f46445640444750d7d753ccd04ae01b7","name":"Jeanette","image":{"@type":"ImageObject","inLanguage":"es","@id":"https:\/\/secure.gravatar.com\/avatar\/3ea2118a5f7dad2b7138b1187a6b7ee55f160b9968b66013c3a3ef39dd7e5798?s=96&d=mm&r=g","url":"https:\/\/secure.gravatar.com\/avatar\/3ea2118a5f7dad2b7138b1187a6b7ee55f160b9968b66013c3a3ef39dd7e5798?s=96&d=mm&r=g","contentUrl":"https:\/\/secure.gravatar.com\/avatar\/3ea2118a5f7dad2b7138b1187a6b7ee55f160b9968b66013c3a3ef39dd7e5798?s=96&d=mm&r=g","caption":"Jeanette"},"sameAs":["https:\/\/www.eldiario.net\/portal"],"url":"https:\/\/www.eldiario.net\/portal\/author\/jeanette\/"}]}},"_links":{"self":[{"href":"https:\/\/www.eldiario.net\/portal\/wp-json\/wp\/v2\/posts\/24957","targetHints":{"allow":["GET"]}}],"collection":[{"href":"https:\/\/www.eldiario.net\/portal\/wp-json\/wp\/v2\/posts"}],"about":[{"href":"https:\/\/www.eldiario.net\/portal\/wp-json\/wp\/v2\/types\/post"}],"author":[{"embeddable":true,"href":"https:\/\/www.eldiario.net\/portal\/wp-json\/wp\/v2\/users\/1"}],"replies":[{"embeddable":true,"href":"https:\/\/www.eldiario.net\/portal\/wp-json\/wp\/v2\/comments?post=24957"}],"version-history":[{"count":0,"href":"https:\/\/www.eldiario.net\/portal\/wp-json\/wp\/v2\/posts\/24957\/revisions"}],"wp:attachment":[{"href":"https:\/\/www.eldiario.net\/portal\/wp-json\/wp\/v2\/media?parent=24957"}],"wp:term":[{"taxonomy":"category","embeddable":true,"href":"https:\/\/www.eldiario.net\/portal\/wp-json\/wp\/v2\/categories?post=24957"},{"taxonomy":"post_tag","embeddable":true,"href":"https:\/\/www.eldiario.net\/portal\/wp-json\/wp\/v2\/tags?post=24957"}],"curies":[{"name":"wp","href":"https:\/\/api.w.org\/{rel}","templated":true}]}}