{"id":24955,"date":"2021-08-22T05:39:14","date_gmt":"2021-08-22T09:39:14","guid":{"rendered":"https:\/\/www.eldiario.net\/portal\/?p=24955"},"modified":"2021-08-22T05:39:14","modified_gmt":"2021-08-22T09:39:14","slug":"proyectan-mejoramientos-para-el-sector-agropecuario","status":"publish","type":"post","link":"https:\/\/www.eldiario.net\/portal\/2021\/08\/22\/proyectan-mejoramientos-para-el-sector-agropecuario\/","title":{"rendered":"Proyectan mejoramientos  para el sector agropecuario"},"content":{"rendered":"<p>La Alcald\u00eda de El Alto, en coordinaci\u00f3n con comunarios del Distrito rural 13, trabajar\u00e1n en proyectos de mejoramiento de ganado ovino, bovino, cam\u00e9lidos, semillas y la instalaci\u00f3n de carpas solares, se\u00f1al\u00f3 el director de Agropecuaria y Seguridad Alimentaria, Chairshi\u00f1o Choque.<br \/>\nEstos y otros temas se han analizado en una reuni\u00f3n realizada con el sector de la poblaci\u00f3n rural y la instancia municipal. De esta manera, se lograr\u00e1 que todo el sector agropecuario pueda tener sostenibilidad y mejoramiento en su calidad de vida.<br \/>\n\u201cHemos demostrado todas las gestiones que se est\u00e1n efectuando en diferentes proyectos, los cuales se han presentado de acuerdo con las necesidades de las comunidades en estos 100 d\u00edas de gesti\u00f3n de la alcaldesa Eva Copa y el Secretario Municipal de Desarrollo Econ\u00f3mico). El trabajo de la Direcci\u00f3n Agropecuaria siempre vela las necesidades de los cuatro distritos rurales 10, 9, 11 y 13\u201d, manifest\u00f3 Choque.<br \/>\nLa reuni\u00f3n con el Consejo de Autoridades \u201cJuli\u00e1n Apaza\u201d, conformado por las comunidades Alto Milluni, El Ingenio y Bajo Milluni del Distrito 13, sirvi\u00f3 para hacer conocer que se viene gestionando un monto de 75 mil bolivianos para el potenciamiento y mejoramiento de los cam\u00e9lidos. De igual forma otro monto de 70 mil bolivianos para la adquisici\u00f3n de productos veterinarios para sanidad animal del ganado bovino, ovino y cam\u00e9lido.<br \/>\nChoque subray\u00f3 que en el sector de la mecanizaci\u00f3n gestionan 140 mil bolivianos para el mantenimiento de los accesorios de m\u00e1s de 10 maquinarias agr\u00edcolas (tractores) en el Centro de Mecanizaci\u00f3n para el roturado, cosecha, siembra agr\u00edcola en las comunidades rurales que forman parte de la ciudad de El Alto.<br \/>\nAdem\u00e1s, se inform\u00f3 que se gestiona ante las embajadas el financiamiento de semillas de papa y la instalaci\u00f3n de carpas solares, que ser\u00e1n distribuidas e instaladas de manera equitativa entre las comunidades de los cuatro distritos rurales.<br \/>\nEl funcionario municipal tambi\u00e9n apunt\u00f3 que se trabaja para la reactivaci\u00f3n econ\u00f3mica del sector agropecuario: \u201cEstamos golpeando diferentes instituciones como ser las embajadas para beneficio de los distritos rurales, adem\u00e1s de la ONU y FAO\u201d, explic\u00f3.<br \/>\nOtra de las preocupaciones en el distrito 13 es la presencia de jaur\u00edas de canes que ponen en peligro al ganado de las comunidades, y explic\u00f3 que se trabajar\u00e1 en estrategias en coordinaci\u00f3n con la unidad de zoonosis para evitar que contin\u00faen atacando a los animales y causando p\u00e9rdidas econ\u00f3micas al sector ganadero.<\/p>\n","protected":false},"excerpt":{"rendered":"<p>La Alcald\u00eda de El Alto, en coordinaci\u00f3n con comunarios del Distrito rural 13, trabajar\u00e1n en proyectos de mejoramiento de ganado ovino, bovino, cam\u00e9lidos, semillas y la instalaci\u00f3n de carpas solares, se\u00f1al\u00f3 el director de Agropecuaria y Seguridad Alimentaria, Chairshi\u00f1o Choque. Estos y otros temas se han analizado en una reuni\u00f3n realizada con el sector de [&hellip;]<\/p>\n","protected":false},"author":1,"featured_media":0,"comment_status":"closed","ping_status":"closed","sticky":false,"template":"","format":"standard","meta":{"_acf_changed":false,"footnotes":""},"categories":[12],"tags":[],"class_list":["post-24955","post","type-post","status-publish","format-standard","category-nacional"],"acf":{"antetitulo":""},"yoast_head":"<!-- This site is optimized with the Yoast SEO plugin v28.4 - https:\/\/yoast.com\/product\/yoast-seo-wordpress\/ -->\n<title>Proyectan mejoramientos para el sector agropecuario - El Diario - Bolivia<\/title>\n<meta name=\"robots\" content=\"index, follow, max-snippet:-1, max-image-preview:large, max-video-preview:-1\" \/>\n<link rel=\"canonical\" href=\"https:\/\/www.eldiario.net\/portal\/2021\/08\/22\/proyectan-mejoramientos-para-el-sector-agropecuario\/\" \/>\n<meta property=\"og:locale\" content=\"es_ES\" \/>\n<meta property=\"og:type\" content=\"article\" \/>\n<meta property=\"og:title\" content=\"Proyectan mejoramientos para el sector agropecuario - El Diario - Bolivia\" \/>\n<meta property=\"og:description\" content=\"La Alcald\u00eda de El Alto, en coordinaci\u00f3n con comunarios del Distrito rural 13, trabajar\u00e1n en proyectos de mejoramiento de ganado ovino, bovino, cam\u00e9lidos, semillas y la instalaci\u00f3n de carpas solares, se\u00f1al\u00f3 el director de Agropecuaria y Seguridad Alimentaria, Chairshi\u00f1o Choque. Estos y otros temas se han analizado en una reuni\u00f3n realizada con el sector de [&hellip;]\" \/>\n<meta property=\"og:url\" content=\"https:\/\/www.eldiario.net\/portal\/2021\/08\/22\/proyectan-mejoramientos-para-el-sector-agropecuario\/\" \/>\n<meta property=\"og:site_name\" content=\"El Diario - Bolivia\" \/>\n<meta property=\"article:publisher\" content=\"https:\/\/www.facebook.com\/eldiario.bolivia\/\" \/>\n<meta property=\"article:published_time\" content=\"2021-08-22T09:39:14+00:00\" \/>\n<meta name=\"author\" content=\"Jeanette\" \/>\n<meta name=\"twitter:card\" content=\"summary_large_image\" \/>\n<meta name=\"twitter:creator\" content=\"@eldiario_net\" \/>\n<meta name=\"twitter:site\" content=\"@eldiario_net\" \/>\n<meta name=\"twitter:label1\" content=\"Escrito por\" \/>\n\t<meta name=\"twitter:data1\" content=\"Jeanette\" \/>\n\t<meta name=\"twitter:label2\" content=\"Tiempo de lectura\" \/>\n\t<meta name=\"twitter:data2\" content=\"2 minutos\" \/>\n<script type=\"application\/ld+json\" class=\"yoast-schema-graph\">{\"@context\":\"https:\\\/\\\/schema.org\",\"@graph\":[{\"@type\":\"Article\",\"@id\":\"https:\\\/\\\/www.eldiario.net\\\/portal\\\/2021\\\/08\\\/22\\\/proyectan-mejoramientos-para-el-sector-agropecuario\\\/#article\",\"isPartOf\":{\"@id\":\"https:\\\/\\\/www.eldiario.net\\\/portal\\\/2021\\\/08\\\/22\\\/proyectan-mejoramientos-para-el-sector-agropecuario\\\/\"},\"author\":{\"name\":\"Jeanette\",\"@id\":\"https:\\\/\\\/www.eldiario.net\\\/portal\\\/#\\\/schema\\\/person\\\/2c57cf2b7a7ae032e449e4c9b1019eac\"},\"headline\":\"Proyectan mejoramientos para el sector agropecuario\",\"datePublished\":\"2021-08-22T09:39:14+00:00\",\"mainEntityOfPage\":{\"@id\":\"https:\\\/\\\/www.eldiario.net\\\/portal\\\/2021\\\/08\\\/22\\\/proyectan-mejoramientos-para-el-sector-agropecuario\\\/\"},\"wordCount\":422,\"publisher\":{\"@id\":\"https:\\\/\\\/www.eldiario.net\\\/portal\\\/#organization\"},\"articleSection\":[\"Nacional\"],\"inLanguage\":\"es\"},{\"@type\":\"WebPage\",\"@id\":\"https:\\\/\\\/www.eldiario.net\\\/portal\\\/2021\\\/08\\\/22\\\/proyectan-mejoramientos-para-el-sector-agropecuario\\\/\",\"url\":\"https:\\\/\\\/www.eldiario.net\\\/portal\\\/2021\\\/08\\\/22\\\/proyectan-mejoramientos-para-el-sector-agropecuario\\\/\",\"name\":\"Proyectan mejoramientos para el sector agropecuario - El Diario - Bolivia\",\"isPartOf\":{\"@id\":\"https:\\\/\\\/www.eldiario.net\\\/portal\\\/#website\"},\"datePublished\":\"2021-08-22T09:39:14+00:00\",\"breadcrumb\":{\"@id\":\"https:\\\/\\\/www.eldiario.net\\\/portal\\\/2021\\\/08\\\/22\\\/proyectan-mejoramientos-para-el-sector-agropecuario\\\/#breadcrumb\"},\"inLanguage\":\"es\",\"potentialAction\":[{\"@type\":\"ReadAction\",\"target\":[\"https:\\\/\\\/www.eldiario.net\\\/portal\\\/2021\\\/08\\\/22\\\/proyectan-mejoramientos-para-el-sector-agropecuario\\\/\"]}]},{\"@type\":\"BreadcrumbList\",\"@id\":\"https:\\\/\\\/www.eldiario.net\\\/portal\\\/2021\\\/08\\\/22\\\/proyectan-mejoramientos-para-el-sector-agropecuario\\\/#breadcrumb\",\"itemListElement\":[{\"@type\":\"ListItem\",\"position\":1,\"name\":\"Portada\",\"item\":\"https:\\\/\\\/www.eldiario.net\\\/portal\\\/\"},{\"@type\":\"ListItem\",\"position\":2,\"name\":\"Proyectan mejoramientos para el sector agropecuario\"}]},{\"@type\":\"WebSite\",\"@id\":\"https:\\\/\\\/www.eldiario.net\\\/portal\\\/#website\",\"url\":\"https:\\\/\\\/www.eldiario.net\\\/portal\\\/\",\"name\":\"El Diario - Decano de la prensa nacional\",\"description\":\"El Diario - Decano de la prensa nacional\",\"publisher\":{\"@id\":\"https:\\\/\\\/www.eldiario.net\\\/portal\\\/#organization\"},\"potentialAction\":[{\"@type\":\"SearchAction\",\"target\":{\"@type\":\"EntryPoint\",\"urlTemplate\":\"https:\\\/\\\/www.eldiario.net\\\/portal\\\/?s={search_term_string}\"},\"query-input\":{\"@type\":\"PropertyValueSpecification\",\"valueRequired\":true,\"valueName\":\"search_term_string\"}}],\"inLanguage\":\"es\"},{\"@type\":\"Organization\",\"@id\":\"https:\\\/\\\/www.eldiario.net\\\/portal\\\/#organization\",\"name\":\"El Diario - Decano de la prensa nacional\",\"url\":\"https:\\\/\\\/www.eldiario.net\\\/portal\\\/\",\"logo\":{\"@type\":\"ImageObject\",\"inLanguage\":\"es\",\"@id\":\"https:\\\/\\\/www.eldiario.net\\\/portal\\\/#\\\/schema\\\/logo\\\/image\\\/\",\"url\":\"https:\\\/\\\/www.eldiario.net\\\/portal\\\/wp-content\\\/uploads\\\/2023\\\/07\\\/logo_ED.jpg\",\"contentUrl\":\"https:\\\/\\\/www.eldiario.net\\\/portal\\\/wp-content\\\/uploads\\\/2023\\\/07\\\/logo_ED.jpg\",\"width\":272,\"height\":52,\"caption\":\"El Diario - Decano de la prensa nacional\"},\"image\":{\"@id\":\"https:\\\/\\\/www.eldiario.net\\\/portal\\\/#\\\/schema\\\/logo\\\/image\\\/\"},\"sameAs\":[\"https:\\\/\\\/www.facebook.com\\\/eldiario.bolivia\\\/\",\"https:\\\/\\\/x.com\\\/eldiario_net\"]},{\"@type\":\"Person\",\"@id\":\"https:\\\/\\\/www.eldiario.net\\\/portal\\\/#\\\/schema\\\/person\\\/2c57cf2b7a7ae032e449e4c9b1019eac\",\"name\":\"Jeanette\",\"image\":{\"@type\":\"ImageObject\",\"inLanguage\":\"es\",\"@id\":\"https:\\\/\\\/secure.gravatar.com\\\/avatar\\\/3ea2118a5f7dad2b7138b1187a6b7ee55f160b9968b66013c3a3ef39dd7e5798?s=96&d=mm&r=g\",\"url\":\"https:\\\/\\\/secure.gravatar.com\\\/avatar\\\/3ea2118a5f7dad2b7138b1187a6b7ee55f160b9968b66013c3a3ef39dd7e5798?s=96&d=mm&r=g\",\"contentUrl\":\"https:\\\/\\\/secure.gravatar.com\\\/avatar\\\/3ea2118a5f7dad2b7138b1187a6b7ee55f160b9968b66013c3a3ef39dd7e5798?s=96&d=mm&r=g\",\"caption\":\"Jeanette\"},\"sameAs\":[\"https:\\\/\\\/www.eldiario.net\\\/portal\"],\"url\":\"https:\\\/\\\/www.eldiario.net\\\/portal\\\/author\\\/jeanette\\\/\"}]}<\/script>\n<!-- \/ Yoast SEO plugin. -->","yoast_head_json":{"title":"Proyectan mejoramientos para el sector agropecuario - El Diario - Bolivia","robots":{"index":"index","follow":"follow","max-snippet":"max-snippet:-1","max-image-preview":"max-image-preview:large","max-video-preview":"max-video-preview:-1"},"canonical":"https:\/\/www.eldiario.net\/portal\/2021\/08\/22\/proyectan-mejoramientos-para-el-sector-agropecuario\/","og_locale":"es_ES","og_type":"article","og_title":"Proyectan mejoramientos para el sector agropecuario - El Diario - Bolivia","og_description":"La Alcald\u00eda de El Alto, en coordinaci\u00f3n con comunarios del Distrito rural 13, trabajar\u00e1n en proyectos de mejoramiento de ganado ovino, bovino, cam\u00e9lidos, semillas y la instalaci\u00f3n de carpas solares, se\u00f1al\u00f3 el director de Agropecuaria y Seguridad Alimentaria, Chairshi\u00f1o Choque. Estos y otros temas se han analizado en una reuni\u00f3n realizada con el sector de [&hellip;]","og_url":"https:\/\/www.eldiario.net\/portal\/2021\/08\/22\/proyectan-mejoramientos-para-el-sector-agropecuario\/","og_site_name":"El Diario - Bolivia","article_publisher":"https:\/\/www.facebook.com\/eldiario.bolivia\/","article_published_time":"2021-08-22T09:39:14+00:00","author":"Jeanette","twitter_card":"summary_large_image","twitter_creator":"@eldiario_net","twitter_site":"@eldiario_net","twitter_misc":{"Escrito por":"Jeanette","Tiempo de lectura":"2 minutos"},"schema":{"@context":"https:\/\/schema.org","@graph":[{"@type":"Article","@id":"https:\/\/www.eldiario.net\/portal\/2021\/08\/22\/proyectan-mejoramientos-para-el-sector-agropecuario\/#article","isPartOf":{"@id":"https:\/\/www.eldiario.net\/portal\/2021\/08\/22\/proyectan-mejoramientos-para-el-sector-agropecuario\/"},"author":{"name":"Jeanette","@id":"https:\/\/www.eldiario.net\/portal\/#\/schema\/person\/2c57cf2b7a7ae032e449e4c9b1019eac"},"headline":"Proyectan mejoramientos para el sector agropecuario","datePublished":"2021-08-22T09:39:14+00:00","mainEntityOfPage":{"@id":"https:\/\/www.eldiario.net\/portal\/2021\/08\/22\/proyectan-mejoramientos-para-el-sector-agropecuario\/"},"wordCount":422,"publisher":{"@id":"https:\/\/www.eldiario.net\/portal\/#organization"},"articleSection":["Nacional"],"inLanguage":"es"},{"@type":"WebPage","@id":"https:\/\/www.eldiario.net\/portal\/2021\/08\/22\/proyectan-mejoramientos-para-el-sector-agropecuario\/","url":"https:\/\/www.eldiario.net\/portal\/2021\/08\/22\/proyectan-mejoramientos-para-el-sector-agropecuario\/","name":"Proyectan mejoramientos para el sector agropecuario - El Diario - Bolivia","isPartOf":{"@id":"https:\/\/www.eldiario.net\/portal\/#website"},"datePublished":"2021-08-22T09:39:14+00:00","breadcrumb":{"@id":"https:\/\/www.eldiario.net\/portal\/2021\/08\/22\/proyectan-mejoramientos-para-el-sector-agropecuario\/#breadcrumb"},"inLanguage":"es","potentialAction":[{"@type":"ReadAction","target":["https:\/\/www.eldiario.net\/portal\/2021\/08\/22\/proyectan-mejoramientos-para-el-sector-agropecuario\/"]}]},{"@type":"BreadcrumbList","@id":"https:\/\/www.eldiario.net\/portal\/2021\/08\/22\/proyectan-mejoramientos-para-el-sector-agropecuario\/#breadcrumb","itemListElement":[{"@type":"ListItem","position":1,"name":"Portada","item":"https:\/\/www.eldiario.net\/portal\/"},{"@type":"ListItem","position":2,"name":"Proyectan mejoramientos para el sector agropecuario"}]},{"@type":"WebSite","@id":"https:\/\/www.eldiario.net\/portal\/#website","url":"https:\/\/www.eldiario.net\/portal\/","name":"El Diario - Decano de la prensa nacional","description":"El Diario - Decano de la prensa nacional","publisher":{"@id":"https:\/\/www.eldiario.net\/portal\/#organization"},"potentialAction":[{"@type":"SearchAction","target":{"@type":"EntryPoint","urlTemplate":"https:\/\/www.eldiario.net\/portal\/?s={search_term_string}"},"query-input":{"@type":"PropertyValueSpecification","valueRequired":true,"valueName":"search_term_string"}}],"inLanguage":"es"},{"@type":"Organization","@id":"https:\/\/www.eldiario.net\/portal\/#organization","name":"El Diario - Decano de la prensa nacional","url":"https:\/\/www.eldiario.net\/portal\/","logo":{"@type":"ImageObject","inLanguage":"es","@id":"https:\/\/www.eldiario.net\/portal\/#\/schema\/logo\/image\/","url":"https:\/\/www.eldiario.net\/portal\/wp-content\/uploads\/2023\/07\/logo_ED.jpg","contentUrl":"https:\/\/www.eldiario.net\/portal\/wp-content\/uploads\/2023\/07\/logo_ED.jpg","width":272,"height":52,"caption":"El Diario - Decano de la prensa nacional"},"image":{"@id":"https:\/\/www.eldiario.net\/portal\/#\/schema\/logo\/image\/"},"sameAs":["https:\/\/www.facebook.com\/eldiario.bolivia\/","https:\/\/x.com\/eldiario_net"]},{"@type":"Person","@id":"https:\/\/www.eldiario.net\/portal\/#\/schema\/person\/2c57cf2b7a7ae032e449e4c9b1019eac","name":"Jeanette","image":{"@type":"ImageObject","inLanguage":"es","@id":"https:\/\/secure.gravatar.com\/avatar\/3ea2118a5f7dad2b7138b1187a6b7ee55f160b9968b66013c3a3ef39dd7e5798?s=96&d=mm&r=g","url":"https:\/\/secure.gravatar.com\/avatar\/3ea2118a5f7dad2b7138b1187a6b7ee55f160b9968b66013c3a3ef39dd7e5798?s=96&d=mm&r=g","contentUrl":"https:\/\/secure.gravatar.com\/avatar\/3ea2118a5f7dad2b7138b1187a6b7ee55f160b9968b66013c3a3ef39dd7e5798?s=96&d=mm&r=g","caption":"Jeanette"},"sameAs":["https:\/\/www.eldiario.net\/portal"],"url":"https:\/\/www.eldiario.net\/portal\/author\/jeanette\/"}]}},"_links":{"self":[{"href":"https:\/\/www.eldiario.net\/portal\/wp-json\/wp\/v2\/posts\/24955","targetHints":{"allow":["GET"]}}],"collection":[{"href":"https:\/\/www.eldiario.net\/portal\/wp-json\/wp\/v2\/posts"}],"about":[{"href":"https:\/\/www.eldiario.net\/portal\/wp-json\/wp\/v2\/types\/post"}],"author":[{"embeddable":true,"href":"https:\/\/www.eldiario.net\/portal\/wp-json\/wp\/v2\/users\/1"}],"replies":[{"embeddable":true,"href":"https:\/\/www.eldiario.net\/portal\/wp-json\/wp\/v2\/comments?post=24955"}],"version-history":[{"count":0,"href":"https:\/\/www.eldiario.net\/portal\/wp-json\/wp\/v2\/posts\/24955\/revisions"}],"wp:attachment":[{"href":"https:\/\/www.eldiario.net\/portal\/wp-json\/wp\/v2\/media?parent=24955"}],"wp:term":[{"taxonomy":"category","embeddable":true,"href":"https:\/\/www.eldiario.net\/portal\/wp-json\/wp\/v2\/categories?post=24955"},{"taxonomy":"post_tag","embeddable":true,"href":"https:\/\/www.eldiario.net\/portal\/wp-json\/wp\/v2\/tags?post=24955"}],"curies":[{"name":"wp","href":"https:\/\/api.w.org\/{rel}","templated":true}]}}