{"id":24949,"date":"2021-08-22T05:37:35","date_gmt":"2021-08-22T09:37:35","guid":{"rendered":"https:\/\/www.eldiario.net\/portal\/?p=24949"},"modified":"2021-08-22T05:37:35","modified_gmt":"2021-08-22T09:37:35","slug":"falta-de-coordinacion-limita-acceso-a-justicia-y-proteccion-de-victimas","status":"publish","type":"post","link":"https:\/\/www.eldiario.net\/portal\/2021\/08\/22\/falta-de-coordinacion-limita-acceso-a-justicia-y-proteccion-de-victimas\/","title":{"rendered":"Falta de coordinaci\u00f3n limita acceso a justicia y protecci\u00f3n de v\u00edctimas"},"content":{"rendered":"<p>La explotaci\u00f3n sexual comercial de ni\u00f1os, ni\u00f1as y adolescentes (Escnna) es una de las peores formas de violencia y afecta la libertad e integridad de este grupo poblacional. En el pa\u00eds, las redes de explotaci\u00f3n han dinamizado sus modalidades, de captaci\u00f3n de v\u00edctimas y oferta de ellas. Los sistemas que deben responder a este delito tienen a\u00fan debilidades t\u00e9cnicas, log\u00edsticas y de coordinaci\u00f3n, situaci\u00f3n que limita el acceso a la justicia y protecci\u00f3n para las v\u00edctimas.<br \/>\nEsa es una de las conclusiones de los estudios realizados en 2020 por las organizaciones de la sociedad civil Movimiento Vuela Libre, una alianza de instituciones dedicada a la investigaci\u00f3n de estos hechos y que cuenta con el financiamiento de ICCO Cooperaci\u00f3n; Tejiendo Redes Seguras, programa apoyado por Caritas Suiza en Bolivia \u2013 Protejeres, programa ejecutado en Bolivia por Educo Ceadl, y las fundaciones Munasim Kullakita y Estrellas en la Calle, entidades financiadas por la Agencia Espa\u00f1ola de Cooperaci\u00f3n Internacional para el Desarrollo.<br \/>\nLos responsables de este trabajo hicieron p\u00fablicos sus investigaciones el pasado martes 17 y mi\u00e9rcoles 18 de agosto en un taller que convoc\u00f3 a autoridades nacionales, departamentales y representantes de 18 organizaciones de la sociedad civil y organismos internacionales, como la delegaci\u00f3n de la ONU en Bolivia, entre otros.<br \/>\nLas investigaciones presentadas quedaron plasmadas en tres documentos sobre la materia y dos gu\u00edas de atenci\u00f3n y prevenci\u00f3n de la trata y tr\u00e1fico de personas.<br \/>\nAdem\u00e1s de la propuesta de un Modelo integral de prevenci\u00f3n y atenci\u00f3n a v\u00edctimas de trata de personas y violencia sexual comercial.<br \/>\nLos investigadores identificaron cu\u00e1les son las necesidades para mejorar los sistemas de protecci\u00f3n y persecuci\u00f3n de estos delitos. Las instituciones vinculadas con la atenci\u00f3n, prevenci\u00f3n, protecci\u00f3n y persecuci\u00f3n deben generar mecanismos de actualizaci\u00f3n en la atenci\u00f3n y requieren especializar sus conocimientos y su trabajo, explic\u00f3 el coordinador nacional del Movimiento Vuela Libre, Ariel Ram\u00edrez.<br \/>\n\u201cHemos confirmado que en Bolivia es necesario actualizar el marco jur\u00eddico y adaptarlo a la realidad actual; dada la presencia masiva de la tecnolog\u00eda digital en la vida diaria. Este contexto aumenta la esclavitud sexual comercial (captaci\u00f3n de v\u00edctimas, comercializaci\u00f3n de material de abuso y explotaci\u00f3n, a trav\u00e9s de las redes sociales)\u201d, agreg\u00f3.<br \/>\nTambi\u00e9n se evidenciaron debilidades en cuanto al registro y seguimiento de casos, lo cual deriva en un subregistro en la estad\u00edstica real de la explotaci\u00f3n sexual comercial.<br \/>\nEn criterio de Ram\u00edrez, es en el espacio virtual donde se dinamiza la Escnna (captaci\u00f3n de v\u00edctimas, comercializaci\u00f3n de material de abuso y explotaci\u00f3n, a trav\u00e9s de las redes sociales) por lo que es necesario fortalecer a las instancias que luchan, en este \u00e1mbito, contra este delito.<br \/>\n\u201cDesde Educo, en el marco de Protejeres, trabajamos la propuesta de modelo integral de atenci\u00f3n a las v\u00edctimas de trata de personas y violencia sexual comercial. Este documento se completa con dos herramientas operativas trabajadas junto al Movimiento Vuela Libre, una gu\u00eda metodol\u00f3gica para el trabajo en acciones de prevenci\u00f3n y otra gu\u00eda para el trabajo de centros de acogida especializados\u201d, mencion\u00f3 la coordinadora de Protejeres en Educo, Nancy Al\u00e9 Olgu\u00edn.<br \/>\nOtro factor que incrementa el riesgo para las v\u00edctimas reside en el hecho de que en Bolivia no existen suficientes casas de acogida para quienes escapan de la trata.<br \/>\n\u201cEn los centros de acogida pasa lo mismo; hay pocos y est\u00e1n impulsados por la sociedad civil; uno de ellos es Munasim Kullakita, adem\u00e1s de otros dos en Cochabamba\u201d, a\u00f1adi\u00f3 Al\u00e9.<br \/>\nDesde hace tiempo se observa una falta de coordinaci\u00f3n entre todas las instituciones del estado, de los departamentos y municipios, encargadas de proteger o ayudar a los ni\u00f1os, ni\u00f1as, y mujeres en temas de violencia familiar; a esto se suma la falta de conocimiento de los administradores de justicia sobre el tema.<\/p>\n","protected":false},"excerpt":{"rendered":"<p>La explotaci\u00f3n sexual comercial de ni\u00f1os, ni\u00f1as y adolescentes (Escnna) es una de las peores formas de violencia y afecta la libertad e integridad de este grupo poblacional. En el pa\u00eds, las redes de explotaci\u00f3n han dinamizado sus modalidades, de captaci\u00f3n de v\u00edctimas y oferta de ellas. Los sistemas que deben responder a este delito [&hellip;]<\/p>\n","protected":false},"author":1,"featured_media":24950,"comment_status":"closed","ping_status":"closed","sticky":false,"template":"","format":"standard","meta":{"_acf_changed":false,"footnotes":""},"categories":[12],"tags":[],"class_list":["post-24949","post","type-post","status-publish","format-standard","has-post-thumbnail","category-nacional"],"acf":{"antetitulo":""},"yoast_head":"<!-- This site is optimized with the Yoast SEO plugin v28.4 - https:\/\/yoast.com\/product\/yoast-seo-wordpress\/ -->\n<title>Falta de coordinaci\u00f3n limita acceso a justicia y protecci\u00f3n de v\u00edctimas - El Diario - Bolivia<\/title>\n<meta name=\"robots\" content=\"index, follow, max-snippet:-1, max-image-preview:large, max-video-preview:-1\" \/>\n<link rel=\"canonical\" href=\"https:\/\/www.eldiario.net\/portal\/2021\/08\/22\/falta-de-coordinacion-limita-acceso-a-justicia-y-proteccion-de-victimas\/\" \/>\n<meta property=\"og:locale\" content=\"es_ES\" \/>\n<meta property=\"og:type\" content=\"article\" \/>\n<meta property=\"og:title\" content=\"Falta de coordinaci\u00f3n limita acceso a justicia y protecci\u00f3n de v\u00edctimas - El Diario - Bolivia\" \/>\n<meta property=\"og:description\" content=\"La explotaci\u00f3n sexual comercial de ni\u00f1os, ni\u00f1as y adolescentes (Escnna) es una de las peores formas de violencia y afecta la libertad e integridad de este grupo poblacional. En el pa\u00eds, las redes de explotaci\u00f3n han dinamizado sus modalidades, de captaci\u00f3n de v\u00edctimas y oferta de ellas. Los sistemas que deben responder a este delito [&hellip;]\" \/>\n<meta property=\"og:url\" content=\"https:\/\/www.eldiario.net\/portal\/2021\/08\/22\/falta-de-coordinacion-limita-acceso-a-justicia-y-proteccion-de-victimas\/\" \/>\n<meta property=\"og:site_name\" content=\"El Diario - Bolivia\" \/>\n<meta property=\"article:publisher\" content=\"https:\/\/www.facebook.com\/eldiario.bolivia\/\" \/>\n<meta property=\"article:published_time\" content=\"2021-08-22T09:37:35+00:00\" \/>\n<meta name=\"author\" content=\"Jeanette\" \/>\n<meta name=\"twitter:card\" content=\"summary_large_image\" \/>\n<meta name=\"twitter:creator\" content=\"@eldiario_net\" \/>\n<meta name=\"twitter:site\" content=\"@eldiario_net\" \/>\n<meta name=\"twitter:label1\" content=\"Escrito por\" \/>\n\t<meta name=\"twitter:data1\" content=\"Jeanette\" \/>\n\t<meta name=\"twitter:label2\" content=\"Tiempo de lectura\" \/>\n\t<meta name=\"twitter:data2\" content=\"3 minutos\" \/>\n<script type=\"application\/ld+json\" class=\"yoast-schema-graph\">{\"@context\":\"https:\\\/\\\/schema.org\",\"@graph\":[{\"@type\":\"Article\",\"@id\":\"https:\\\/\\\/www.eldiario.net\\\/portal\\\/2021\\\/08\\\/22\\\/falta-de-coordinacion-limita-acceso-a-justicia-y-proteccion-de-victimas\\\/#article\",\"isPartOf\":{\"@id\":\"https:\\\/\\\/www.eldiario.net\\\/portal\\\/2021\\\/08\\\/22\\\/falta-de-coordinacion-limita-acceso-a-justicia-y-proteccion-de-victimas\\\/\"},\"author\":{\"name\":\"Jeanette\",\"@id\":\"https:\\\/\\\/www.eldiario.net\\\/portal\\\/#\\\/schema\\\/person\\\/2c57cf2b7a7ae032e449e4c9b1019eac\"},\"headline\":\"Falta de coordinaci\u00f3n limita acceso a justicia y protecci\u00f3n de v\u00edctimas\",\"datePublished\":\"2021-08-22T09:37:35+00:00\",\"mainEntityOfPage\":{\"@id\":\"https:\\\/\\\/www.eldiario.net\\\/portal\\\/2021\\\/08\\\/22\\\/falta-de-coordinacion-limita-acceso-a-justicia-y-proteccion-de-victimas\\\/\"},\"wordCount\":697,\"publisher\":{\"@id\":\"https:\\\/\\\/www.eldiario.net\\\/portal\\\/#organization\"},\"image\":{\"@id\":\"https:\\\/\\\/www.eldiario.net\\\/portal\\\/2021\\\/08\\\/22\\\/falta-de-coordinacion-limita-acceso-a-justicia-y-proteccion-de-victimas\\\/#primaryimage\"},\"thumbnailUrl\":\"\",\"articleSection\":[\"Nacional\"],\"inLanguage\":\"es\"},{\"@type\":\"WebPage\",\"@id\":\"https:\\\/\\\/www.eldiario.net\\\/portal\\\/2021\\\/08\\\/22\\\/falta-de-coordinacion-limita-acceso-a-justicia-y-proteccion-de-victimas\\\/\",\"url\":\"https:\\\/\\\/www.eldiario.net\\\/portal\\\/2021\\\/08\\\/22\\\/falta-de-coordinacion-limita-acceso-a-justicia-y-proteccion-de-victimas\\\/\",\"name\":\"Falta de coordinaci\u00f3n limita acceso a justicia y protecci\u00f3n de v\u00edctimas - El Diario - Bolivia\",\"isPartOf\":{\"@id\":\"https:\\\/\\\/www.eldiario.net\\\/portal\\\/#website\"},\"primaryImageOfPage\":{\"@id\":\"https:\\\/\\\/www.eldiario.net\\\/portal\\\/2021\\\/08\\\/22\\\/falta-de-coordinacion-limita-acceso-a-justicia-y-proteccion-de-victimas\\\/#primaryimage\"},\"image\":{\"@id\":\"https:\\\/\\\/www.eldiario.net\\\/portal\\\/2021\\\/08\\\/22\\\/falta-de-coordinacion-limita-acceso-a-justicia-y-proteccion-de-victimas\\\/#primaryimage\"},\"thumbnailUrl\":\"\",\"datePublished\":\"2021-08-22T09:37:35+00:00\",\"breadcrumb\":{\"@id\":\"https:\\\/\\\/www.eldiario.net\\\/portal\\\/2021\\\/08\\\/22\\\/falta-de-coordinacion-limita-acceso-a-justicia-y-proteccion-de-victimas\\\/#breadcrumb\"},\"inLanguage\":\"es\",\"potentialAction\":[{\"@type\":\"ReadAction\",\"target\":[\"https:\\\/\\\/www.eldiario.net\\\/portal\\\/2021\\\/08\\\/22\\\/falta-de-coordinacion-limita-acceso-a-justicia-y-proteccion-de-victimas\\\/\"]}]},{\"@type\":\"ImageObject\",\"inLanguage\":\"es\",\"@id\":\"https:\\\/\\\/www.eldiario.net\\\/portal\\\/2021\\\/08\\\/22\\\/falta-de-coordinacion-limita-acceso-a-justicia-y-proteccion-de-victimas\\\/#primaryimage\",\"url\":\"\",\"contentUrl\":\"\"},{\"@type\":\"BreadcrumbList\",\"@id\":\"https:\\\/\\\/www.eldiario.net\\\/portal\\\/2021\\\/08\\\/22\\\/falta-de-coordinacion-limita-acceso-a-justicia-y-proteccion-de-victimas\\\/#breadcrumb\",\"itemListElement\":[{\"@type\":\"ListItem\",\"position\":1,\"name\":\"Portada\",\"item\":\"https:\\\/\\\/www.eldiario.net\\\/portal\\\/\"},{\"@type\":\"ListItem\",\"position\":2,\"name\":\"Falta de coordinaci\u00f3n limita acceso a justicia y protecci\u00f3n de v\u00edctimas\"}]},{\"@type\":\"WebSite\",\"@id\":\"https:\\\/\\\/www.eldiario.net\\\/portal\\\/#website\",\"url\":\"https:\\\/\\\/www.eldiario.net\\\/portal\\\/\",\"name\":\"El Diario - Decano de la prensa nacional\",\"description\":\"El Diario - Decano de la prensa nacional\",\"publisher\":{\"@id\":\"https:\\\/\\\/www.eldiario.net\\\/portal\\\/#organization\"},\"potentialAction\":[{\"@type\":\"SearchAction\",\"target\":{\"@type\":\"EntryPoint\",\"urlTemplate\":\"https:\\\/\\\/www.eldiario.net\\\/portal\\\/?s={search_term_string}\"},\"query-input\":{\"@type\":\"PropertyValueSpecification\",\"valueRequired\":true,\"valueName\":\"search_term_string\"}}],\"inLanguage\":\"es\"},{\"@type\":\"Organization\",\"@id\":\"https:\\\/\\\/www.eldiario.net\\\/portal\\\/#organization\",\"name\":\"El Diario - Decano de la prensa nacional\",\"url\":\"https:\\\/\\\/www.eldiario.net\\\/portal\\\/\",\"logo\":{\"@type\":\"ImageObject\",\"inLanguage\":\"es\",\"@id\":\"https:\\\/\\\/www.eldiario.net\\\/portal\\\/#\\\/schema\\\/logo\\\/image\\\/\",\"url\":\"https:\\\/\\\/www.eldiario.net\\\/portal\\\/wp-content\\\/uploads\\\/2023\\\/07\\\/logo_ED.jpg\",\"contentUrl\":\"https:\\\/\\\/www.eldiario.net\\\/portal\\\/wp-content\\\/uploads\\\/2023\\\/07\\\/logo_ED.jpg\",\"width\":272,\"height\":52,\"caption\":\"El Diario - Decano de la prensa nacional\"},\"image\":{\"@id\":\"https:\\\/\\\/www.eldiario.net\\\/portal\\\/#\\\/schema\\\/logo\\\/image\\\/\"},\"sameAs\":[\"https:\\\/\\\/www.facebook.com\\\/eldiario.bolivia\\\/\",\"https:\\\/\\\/x.com\\\/eldiario_net\"]},{\"@type\":\"Person\",\"@id\":\"https:\\\/\\\/www.eldiario.net\\\/portal\\\/#\\\/schema\\\/person\\\/2c57cf2b7a7ae032e449e4c9b1019eac\",\"name\":\"Jeanette\",\"image\":{\"@type\":\"ImageObject\",\"inLanguage\":\"es\",\"@id\":\"https:\\\/\\\/secure.gravatar.com\\\/avatar\\\/3ea2118a5f7dad2b7138b1187a6b7ee55f160b9968b66013c3a3ef39dd7e5798?s=96&d=mm&r=g\",\"url\":\"https:\\\/\\\/secure.gravatar.com\\\/avatar\\\/3ea2118a5f7dad2b7138b1187a6b7ee55f160b9968b66013c3a3ef39dd7e5798?s=96&d=mm&r=g\",\"contentUrl\":\"https:\\\/\\\/secure.gravatar.com\\\/avatar\\\/3ea2118a5f7dad2b7138b1187a6b7ee55f160b9968b66013c3a3ef39dd7e5798?s=96&d=mm&r=g\",\"caption\":\"Jeanette\"},\"sameAs\":[\"https:\\\/\\\/www.eldiario.net\\\/portal\"],\"url\":\"https:\\\/\\\/www.eldiario.net\\\/portal\\\/author\\\/jeanette\\\/\"}]}<\/script>\n<!-- \/ Yoast SEO plugin. -->","yoast_head_json":{"title":"Falta de coordinaci\u00f3n limita acceso a justicia y protecci\u00f3n de v\u00edctimas - El Diario - Bolivia","robots":{"index":"index","follow":"follow","max-snippet":"max-snippet:-1","max-image-preview":"max-image-preview:large","max-video-preview":"max-video-preview:-1"},"canonical":"https:\/\/www.eldiario.net\/portal\/2021\/08\/22\/falta-de-coordinacion-limita-acceso-a-justicia-y-proteccion-de-victimas\/","og_locale":"es_ES","og_type":"article","og_title":"Falta de coordinaci\u00f3n limita acceso a justicia y protecci\u00f3n de v\u00edctimas - El Diario - Bolivia","og_description":"La explotaci\u00f3n sexual comercial de ni\u00f1os, ni\u00f1as y adolescentes (Escnna) es una de las peores formas de violencia y afecta la libertad e integridad de este grupo poblacional. En el pa\u00eds, las redes de explotaci\u00f3n han dinamizado sus modalidades, de captaci\u00f3n de v\u00edctimas y oferta de ellas. Los sistemas que deben responder a este delito [&hellip;]","og_url":"https:\/\/www.eldiario.net\/portal\/2021\/08\/22\/falta-de-coordinacion-limita-acceso-a-justicia-y-proteccion-de-victimas\/","og_site_name":"El Diario - Bolivia","article_publisher":"https:\/\/www.facebook.com\/eldiario.bolivia\/","article_published_time":"2021-08-22T09:37:35+00:00","author":"Jeanette","twitter_card":"summary_large_image","twitter_creator":"@eldiario_net","twitter_site":"@eldiario_net","twitter_misc":{"Escrito por":"Jeanette","Tiempo de lectura":"3 minutos"},"schema":{"@context":"https:\/\/schema.org","@graph":[{"@type":"Article","@id":"https:\/\/www.eldiario.net\/portal\/2021\/08\/22\/falta-de-coordinacion-limita-acceso-a-justicia-y-proteccion-de-victimas\/#article","isPartOf":{"@id":"https:\/\/www.eldiario.net\/portal\/2021\/08\/22\/falta-de-coordinacion-limita-acceso-a-justicia-y-proteccion-de-victimas\/"},"author":{"name":"Jeanette","@id":"https:\/\/www.eldiario.net\/portal\/#\/schema\/person\/2c57cf2b7a7ae032e449e4c9b1019eac"},"headline":"Falta de coordinaci\u00f3n limita acceso a justicia y protecci\u00f3n de v\u00edctimas","datePublished":"2021-08-22T09:37:35+00:00","mainEntityOfPage":{"@id":"https:\/\/www.eldiario.net\/portal\/2021\/08\/22\/falta-de-coordinacion-limita-acceso-a-justicia-y-proteccion-de-victimas\/"},"wordCount":697,"publisher":{"@id":"https:\/\/www.eldiario.net\/portal\/#organization"},"image":{"@id":"https:\/\/www.eldiario.net\/portal\/2021\/08\/22\/falta-de-coordinacion-limita-acceso-a-justicia-y-proteccion-de-victimas\/#primaryimage"},"thumbnailUrl":"","articleSection":["Nacional"],"inLanguage":"es"},{"@type":"WebPage","@id":"https:\/\/www.eldiario.net\/portal\/2021\/08\/22\/falta-de-coordinacion-limita-acceso-a-justicia-y-proteccion-de-victimas\/","url":"https:\/\/www.eldiario.net\/portal\/2021\/08\/22\/falta-de-coordinacion-limita-acceso-a-justicia-y-proteccion-de-victimas\/","name":"Falta de coordinaci\u00f3n limita acceso a justicia y protecci\u00f3n de v\u00edctimas - El Diario - Bolivia","isPartOf":{"@id":"https:\/\/www.eldiario.net\/portal\/#website"},"primaryImageOfPage":{"@id":"https:\/\/www.eldiario.net\/portal\/2021\/08\/22\/falta-de-coordinacion-limita-acceso-a-justicia-y-proteccion-de-victimas\/#primaryimage"},"image":{"@id":"https:\/\/www.eldiario.net\/portal\/2021\/08\/22\/falta-de-coordinacion-limita-acceso-a-justicia-y-proteccion-de-victimas\/#primaryimage"},"thumbnailUrl":"","datePublished":"2021-08-22T09:37:35+00:00","breadcrumb":{"@id":"https:\/\/www.eldiario.net\/portal\/2021\/08\/22\/falta-de-coordinacion-limita-acceso-a-justicia-y-proteccion-de-victimas\/#breadcrumb"},"inLanguage":"es","potentialAction":[{"@type":"ReadAction","target":["https:\/\/www.eldiario.net\/portal\/2021\/08\/22\/falta-de-coordinacion-limita-acceso-a-justicia-y-proteccion-de-victimas\/"]}]},{"@type":"ImageObject","inLanguage":"es","@id":"https:\/\/www.eldiario.net\/portal\/2021\/08\/22\/falta-de-coordinacion-limita-acceso-a-justicia-y-proteccion-de-victimas\/#primaryimage","url":"","contentUrl":""},{"@type":"BreadcrumbList","@id":"https:\/\/www.eldiario.net\/portal\/2021\/08\/22\/falta-de-coordinacion-limita-acceso-a-justicia-y-proteccion-de-victimas\/#breadcrumb","itemListElement":[{"@type":"ListItem","position":1,"name":"Portada","item":"https:\/\/www.eldiario.net\/portal\/"},{"@type":"ListItem","position":2,"name":"Falta de coordinaci\u00f3n limita acceso a justicia y protecci\u00f3n de v\u00edctimas"}]},{"@type":"WebSite","@id":"https:\/\/www.eldiario.net\/portal\/#website","url":"https:\/\/www.eldiario.net\/portal\/","name":"El Diario - Decano de la prensa nacional","description":"El Diario - Decano de la prensa nacional","publisher":{"@id":"https:\/\/www.eldiario.net\/portal\/#organization"},"potentialAction":[{"@type":"SearchAction","target":{"@type":"EntryPoint","urlTemplate":"https:\/\/www.eldiario.net\/portal\/?s={search_term_string}"},"query-input":{"@type":"PropertyValueSpecification","valueRequired":true,"valueName":"search_term_string"}}],"inLanguage":"es"},{"@type":"Organization","@id":"https:\/\/www.eldiario.net\/portal\/#organization","name":"El Diario - Decano de la prensa nacional","url":"https:\/\/www.eldiario.net\/portal\/","logo":{"@type":"ImageObject","inLanguage":"es","@id":"https:\/\/www.eldiario.net\/portal\/#\/schema\/logo\/image\/","url":"https:\/\/www.eldiario.net\/portal\/wp-content\/uploads\/2023\/07\/logo_ED.jpg","contentUrl":"https:\/\/www.eldiario.net\/portal\/wp-content\/uploads\/2023\/07\/logo_ED.jpg","width":272,"height":52,"caption":"El Diario - Decano de la prensa nacional"},"image":{"@id":"https:\/\/www.eldiario.net\/portal\/#\/schema\/logo\/image\/"},"sameAs":["https:\/\/www.facebook.com\/eldiario.bolivia\/","https:\/\/x.com\/eldiario_net"]},{"@type":"Person","@id":"https:\/\/www.eldiario.net\/portal\/#\/schema\/person\/2c57cf2b7a7ae032e449e4c9b1019eac","name":"Jeanette","image":{"@type":"ImageObject","inLanguage":"es","@id":"https:\/\/secure.gravatar.com\/avatar\/3ea2118a5f7dad2b7138b1187a6b7ee55f160b9968b66013c3a3ef39dd7e5798?s=96&d=mm&r=g","url":"https:\/\/secure.gravatar.com\/avatar\/3ea2118a5f7dad2b7138b1187a6b7ee55f160b9968b66013c3a3ef39dd7e5798?s=96&d=mm&r=g","contentUrl":"https:\/\/secure.gravatar.com\/avatar\/3ea2118a5f7dad2b7138b1187a6b7ee55f160b9968b66013c3a3ef39dd7e5798?s=96&d=mm&r=g","caption":"Jeanette"},"sameAs":["https:\/\/www.eldiario.net\/portal"],"url":"https:\/\/www.eldiario.net\/portal\/author\/jeanette\/"}]}},"_links":{"self":[{"href":"https:\/\/www.eldiario.net\/portal\/wp-json\/wp\/v2\/posts\/24949","targetHints":{"allow":["GET"]}}],"collection":[{"href":"https:\/\/www.eldiario.net\/portal\/wp-json\/wp\/v2\/posts"}],"about":[{"href":"https:\/\/www.eldiario.net\/portal\/wp-json\/wp\/v2\/types\/post"}],"author":[{"embeddable":true,"href":"https:\/\/www.eldiario.net\/portal\/wp-json\/wp\/v2\/users\/1"}],"replies":[{"embeddable":true,"href":"https:\/\/www.eldiario.net\/portal\/wp-json\/wp\/v2\/comments?post=24949"}],"version-history":[{"count":0,"href":"https:\/\/www.eldiario.net\/portal\/wp-json\/wp\/v2\/posts\/24949\/revisions"}],"wp:attachment":[{"href":"https:\/\/www.eldiario.net\/portal\/wp-json\/wp\/v2\/media?parent=24949"}],"wp:term":[{"taxonomy":"category","embeddable":true,"href":"https:\/\/www.eldiario.net\/portal\/wp-json\/wp\/v2\/categories?post=24949"},{"taxonomy":"post_tag","embeddable":true,"href":"https:\/\/www.eldiario.net\/portal\/wp-json\/wp\/v2\/tags?post=24949"}],"curies":[{"name":"wp","href":"https:\/\/api.w.org\/{rel}","templated":true}]}}