{"id":249462,"date":"2024-09-23T06:14:49","date_gmt":"2024-09-23T10:14:49","guid":{"rendered":"https:\/\/www.eldiario.net\/portal\/?p=249462"},"modified":"2024-09-23T06:14:49","modified_gmt":"2024-09-23T10:14:49","slug":"watchos-11-permite-personalizar-el-tono-de-llamada-del-apple-watch","status":"publish","type":"post","link":"https:\/\/www.eldiario.net\/portal\/2024\/09\/23\/watchos-11-permite-personalizar-el-tono-de-llamada-del-apple-watch\/","title":{"rendered":"watchOS 11 permite personalizar el tono de llamada del Apple Watch"},"content":{"rendered":"<p>La reciente actualizaci\u00f3n para el Apple Watch trae consigo cambios emocionantes. Ayer, Apple lanz\u00f3 oficialmente iOS 18, iPadOS 18, tvOS 18, macOS Sequoia y watchOS 11, cada uno con novedades interesantes. En particular, watchOS 11 incluye una funci\u00f3n que muchos usuarios estaban esperando: la posibilidad de cambiar el tono de llamada.<\/p>\n<p><strong>Nuevas opciones de tonos de llamada en watchOS 11<\/strong><\/p>\n<p>Al igual que en el iPhone, ahora los usuarios pueden seleccionar la canci\u00f3n que suena al recibir una llamada en su Apple Watch. Aunque Apple no mencion\u00f3 este cambio durante la presentaci\u00f3n de watchOS 11 en la WWDC 2024, se han a\u00f1adido nuevas opciones de tonos.<\/p>\n<p>Desde su lanzamiento, el Apple Watch ha notificado a los usuarios de iPhone sobre las llamadas entrantes, pero siempre con un tono predeterminado. Con la llegada del Apple Watch Series 3, se introdujo un nuevo tono, pero hasta ahora no hab\u00eda forma de elegir uno diferente&#8230; \u00a1hasta ahora!<\/p>\n<p>Si bien no se pueden asignar tonos espec\u00edficos a cada contacto ni comprar nuevos tonos desde la iTunes Store, este cambio seguramente ser\u00e1 bien recibido por muchos usuarios.<\/p>\n<p><strong>C\u00f3mo cambiar el tono de llamada en el Apple Watch<\/strong><\/p>\n<p>Para personalizar el tono de llamada en watchOS 11, sigue estos pasos:<\/p>\n<p>1. Abre la aplicaci\u00f3n Ajustes en tu Apple Watch.<br \/>\n2. Accede a Sonidos.<br \/>\n3. Presiona sobre Tonos de llamada.<br \/>\n4. \u00a1Elige tu favorito!<\/p>\n<p><strong>Nuevos sonidos de notificaciones<\/strong><\/p>\n<p>Adem\u00e1s de los nuevos tonos de llamada, watchOS 11 tambi\u00e9n ofrece una variedad de sonidos para notificaciones de mensajes, correos electr\u00f3nicos, alertas de calendario y recordatorios.<\/p>\n<p>En general, watchOS 11 es una actualizaci\u00f3n muy completa. Los ingenieros de Apple han hecho un excelente trabajo implementando estas novedades, y la llegada de los tonos de llamada ha sido una de las caracter\u00edsticas m\u00e1s esperadas en los \u00faltimos a\u00f1os. Tambi\u00e9n se han a\u00f1adido funciones como la posibilidad de pausar y reanudar retos de actividad y el Aviso de llegada, que anteriormente solo estaba disponible en iOS 17. Otras incorporaciones incluyen Vitals, Carga de Entrenamiento y Actividades en Directo, entre muchas m\u00e1s. \u00a1Sin duda, es una actualizaci\u00f3n muy recomendable!<\/p>\n","protected":false},"excerpt":{"rendered":"<p>La reciente actualizaci\u00f3n para el Apple Watch trae consigo cambios emocionantes. Ayer, Apple lanz\u00f3 oficialmente iOS 18, iPadOS 18, tvOS 18, macOS Sequoia y watchOS 11, cada uno con novedades interesantes. En particular, watchOS 11 incluye una funci\u00f3n que muchos usuarios estaban esperando: la posibilidad de cambiar el tono de llamada. Nuevas opciones de tonos [&hellip;]<\/p>\n","protected":false},"author":1,"featured_media":249463,"comment_status":"open","ping_status":"open","sticky":false,"template":"","format":"standard","meta":{"_acf_changed":false,"footnotes":""},"categories":[46],"tags":[],"class_list":["post-249462","post","type-post","status-publish","format-standard","has-post-thumbnail","category-ciencia-computacion"],"acf":{"antetitulo":""},"yoast_head":"<!-- This site is optimized with the Yoast SEO plugin v28.4 - https:\/\/yoast.com\/product\/yoast-seo-wordpress\/ -->\n<title>watchOS 11 permite personalizar el tono de llamada del Apple Watch - El Diario - Bolivia<\/title>\n<meta name=\"robots\" content=\"index, follow, max-snippet:-1, max-image-preview:large, max-video-preview:-1\" \/>\n<link rel=\"canonical\" href=\"https:\/\/www.eldiario.net\/portal\/2024\/09\/23\/watchos-11-permite-personalizar-el-tono-de-llamada-del-apple-watch\/\" \/>\n<meta property=\"og:locale\" content=\"es_ES\" \/>\n<meta property=\"og:type\" content=\"article\" \/>\n<meta property=\"og:title\" content=\"watchOS 11 permite personalizar el tono de llamada del Apple Watch - El Diario - Bolivia\" \/>\n<meta property=\"og:description\" content=\"La reciente actualizaci\u00f3n para el Apple Watch trae consigo cambios emocionantes. Ayer, Apple lanz\u00f3 oficialmente iOS 18, iPadOS 18, tvOS 18, macOS Sequoia y watchOS 11, cada uno con novedades interesantes. En particular, watchOS 11 incluye una funci\u00f3n que muchos usuarios estaban esperando: la posibilidad de cambiar el tono de llamada. Nuevas opciones de tonos [&hellip;]\" \/>\n<meta property=\"og:url\" content=\"https:\/\/www.eldiario.net\/portal\/2024\/09\/23\/watchos-11-permite-personalizar-el-tono-de-llamada-del-apple-watch\/\" \/>\n<meta property=\"og:site_name\" content=\"El Diario - Bolivia\" \/>\n<meta property=\"article:publisher\" content=\"https:\/\/www.facebook.com\/eldiario.bolivia\/\" \/>\n<meta property=\"article:published_time\" content=\"2024-09-23T10:14:49+00:00\" \/>\n<meta property=\"og:image\" content=\"https:\/\/www.eldiario.net\/portal\/wp-content\/uploads\/2024\/09\/2-A-3.jpg\" \/>\n\t<meta property=\"og:image:width\" content=\"768\" \/>\n\t<meta property=\"og:image:height\" content=\"432\" \/>\n\t<meta property=\"og:image:type\" content=\"image\/jpeg\" \/>\n<meta name=\"author\" content=\"Jeanette\" \/>\n<meta name=\"twitter:card\" content=\"summary_large_image\" \/>\n<meta name=\"twitter:creator\" content=\"@eldiario_net\" \/>\n<meta name=\"twitter:site\" content=\"@eldiario_net\" \/>\n<meta name=\"twitter:label1\" content=\"Escrito por\" \/>\n\t<meta name=\"twitter:data1\" content=\"Jeanette\" \/>\n\t<meta name=\"twitter:label2\" content=\"Tiempo de lectura\" \/>\n\t<meta name=\"twitter:data2\" content=\"2 minutos\" \/>\n<script type=\"application\/ld+json\" class=\"yoast-schema-graph\">{\"@context\":\"https:\\\/\\\/schema.org\",\"@graph\":[{\"@type\":\"Article\",\"@id\":\"https:\\\/\\\/www.eldiario.net\\\/portal\\\/2024\\\/09\\\/23\\\/watchos-11-permite-personalizar-el-tono-de-llamada-del-apple-watch\\\/#article\",\"isPartOf\":{\"@id\":\"https:\\\/\\\/www.eldiario.net\\\/portal\\\/2024\\\/09\\\/23\\\/watchos-11-permite-personalizar-el-tono-de-llamada-del-apple-watch\\\/\"},\"author\":{\"name\":\"Jeanette\",\"@id\":\"https:\\\/\\\/www.eldiario.net\\\/portal\\\/#\\\/schema\\\/person\\\/2c57cf2b7a7ae032e449e4c9b1019eac\"},\"headline\":\"watchOS 11 permite personalizar el tono de llamada del Apple Watch\",\"datePublished\":\"2024-09-23T10:14:49+00:00\",\"mainEntityOfPage\":{\"@id\":\"https:\\\/\\\/www.eldiario.net\\\/portal\\\/2024\\\/09\\\/23\\\/watchos-11-permite-personalizar-el-tono-de-llamada-del-apple-watch\\\/\"},\"wordCount\":360,\"commentCount\":0,\"publisher\":{\"@id\":\"https:\\\/\\\/www.eldiario.net\\\/portal\\\/#organization\"},\"image\":{\"@id\":\"https:\\\/\\\/www.eldiario.net\\\/portal\\\/2024\\\/09\\\/23\\\/watchos-11-permite-personalizar-el-tono-de-llamada-del-apple-watch\\\/#primaryimage\"},\"thumbnailUrl\":\"https:\\\/\\\/www.eldiario.net\\\/portal\\\/wp-content\\\/uploads\\\/2024\\\/09\\\/2-A-3.jpg\",\"articleSection\":[\"Ciencia y Computaci\u00f3n\"],\"inLanguage\":\"es\",\"potentialAction\":[{\"@type\":\"CommentAction\",\"name\":\"Comment\",\"target\":[\"https:\\\/\\\/www.eldiario.net\\\/portal\\\/2024\\\/09\\\/23\\\/watchos-11-permite-personalizar-el-tono-de-llamada-del-apple-watch\\\/#respond\"]}]},{\"@type\":\"WebPage\",\"@id\":\"https:\\\/\\\/www.eldiario.net\\\/portal\\\/2024\\\/09\\\/23\\\/watchos-11-permite-personalizar-el-tono-de-llamada-del-apple-watch\\\/\",\"url\":\"https:\\\/\\\/www.eldiario.net\\\/portal\\\/2024\\\/09\\\/23\\\/watchos-11-permite-personalizar-el-tono-de-llamada-del-apple-watch\\\/\",\"name\":\"watchOS 11 permite personalizar el tono de llamada del Apple Watch - El Diario - Bolivia\",\"isPartOf\":{\"@id\":\"https:\\\/\\\/www.eldiario.net\\\/portal\\\/#website\"},\"primaryImageOfPage\":{\"@id\":\"https:\\\/\\\/www.eldiario.net\\\/portal\\\/2024\\\/09\\\/23\\\/watchos-11-permite-personalizar-el-tono-de-llamada-del-apple-watch\\\/#primaryimage\"},\"image\":{\"@id\":\"https:\\\/\\\/www.eldiario.net\\\/portal\\\/2024\\\/09\\\/23\\\/watchos-11-permite-personalizar-el-tono-de-llamada-del-apple-watch\\\/#primaryimage\"},\"thumbnailUrl\":\"https:\\\/\\\/www.eldiario.net\\\/portal\\\/wp-content\\\/uploads\\\/2024\\\/09\\\/2-A-3.jpg\",\"datePublished\":\"2024-09-23T10:14:49+00:00\",\"breadcrumb\":{\"@id\":\"https:\\\/\\\/www.eldiario.net\\\/portal\\\/2024\\\/09\\\/23\\\/watchos-11-permite-personalizar-el-tono-de-llamada-del-apple-watch\\\/#breadcrumb\"},\"inLanguage\":\"es\",\"potentialAction\":[{\"@type\":\"ReadAction\",\"target\":[\"https:\\\/\\\/www.eldiario.net\\\/portal\\\/2024\\\/09\\\/23\\\/watchos-11-permite-personalizar-el-tono-de-llamada-del-apple-watch\\\/\"]}]},{\"@type\":\"ImageObject\",\"inLanguage\":\"es\",\"@id\":\"https:\\\/\\\/www.eldiario.net\\\/portal\\\/2024\\\/09\\\/23\\\/watchos-11-permite-personalizar-el-tono-de-llamada-del-apple-watch\\\/#primaryimage\",\"url\":\"https:\\\/\\\/www.eldiario.net\\\/portal\\\/wp-content\\\/uploads\\\/2024\\\/09\\\/2-A-3.jpg\",\"contentUrl\":\"https:\\\/\\\/www.eldiario.net\\\/portal\\\/wp-content\\\/uploads\\\/2024\\\/09\\\/2-A-3.jpg\",\"width\":768,\"height\":432},{\"@type\":\"BreadcrumbList\",\"@id\":\"https:\\\/\\\/www.eldiario.net\\\/portal\\\/2024\\\/09\\\/23\\\/watchos-11-permite-personalizar-el-tono-de-llamada-del-apple-watch\\\/#breadcrumb\",\"itemListElement\":[{\"@type\":\"ListItem\",\"position\":1,\"name\":\"Portada\",\"item\":\"https:\\\/\\\/www.eldiario.net\\\/portal\\\/\"},{\"@type\":\"ListItem\",\"position\":2,\"name\":\"watchOS 11 permite personalizar el tono de llamada del Apple Watch\"}]},{\"@type\":\"WebSite\",\"@id\":\"https:\\\/\\\/www.eldiario.net\\\/portal\\\/#website\",\"url\":\"https:\\\/\\\/www.eldiario.net\\\/portal\\\/\",\"name\":\"El Diario - Decano de la prensa nacional\",\"description\":\"El Diario - Decano de la prensa nacional\",\"publisher\":{\"@id\":\"https:\\\/\\\/www.eldiario.net\\\/portal\\\/#organization\"},\"potentialAction\":[{\"@type\":\"SearchAction\",\"target\":{\"@type\":\"EntryPoint\",\"urlTemplate\":\"https:\\\/\\\/www.eldiario.net\\\/portal\\\/?s={search_term_string}\"},\"query-input\":{\"@type\":\"PropertyValueSpecification\",\"valueRequired\":true,\"valueName\":\"search_term_string\"}}],\"inLanguage\":\"es\"},{\"@type\":\"Organization\",\"@id\":\"https:\\\/\\\/www.eldiario.net\\\/portal\\\/#organization\",\"name\":\"El Diario - Decano de la prensa nacional\",\"url\":\"https:\\\/\\\/www.eldiario.net\\\/portal\\\/\",\"logo\":{\"@type\":\"ImageObject\",\"inLanguage\":\"es\",\"@id\":\"https:\\\/\\\/www.eldiario.net\\\/portal\\\/#\\\/schema\\\/logo\\\/image\\\/\",\"url\":\"https:\\\/\\\/www.eldiario.net\\\/portal\\\/wp-content\\\/uploads\\\/2023\\\/07\\\/logo_ED.jpg\",\"contentUrl\":\"https:\\\/\\\/www.eldiario.net\\\/portal\\\/wp-content\\\/uploads\\\/2023\\\/07\\\/logo_ED.jpg\",\"width\":272,\"height\":52,\"caption\":\"El Diario - Decano de la prensa nacional\"},\"image\":{\"@id\":\"https:\\\/\\\/www.eldiario.net\\\/portal\\\/#\\\/schema\\\/logo\\\/image\\\/\"},\"sameAs\":[\"https:\\\/\\\/www.facebook.com\\\/eldiario.bolivia\\\/\",\"https:\\\/\\\/x.com\\\/eldiario_net\"]},{\"@type\":\"Person\",\"@id\":\"https:\\\/\\\/www.eldiario.net\\\/portal\\\/#\\\/schema\\\/person\\\/2c57cf2b7a7ae032e449e4c9b1019eac\",\"name\":\"Jeanette\",\"image\":{\"@type\":\"ImageObject\",\"inLanguage\":\"es\",\"@id\":\"https:\\\/\\\/secure.gravatar.com\\\/avatar\\\/3ea2118a5f7dad2b7138b1187a6b7ee55f160b9968b66013c3a3ef39dd7e5798?s=96&d=mm&r=g\",\"url\":\"https:\\\/\\\/secure.gravatar.com\\\/avatar\\\/3ea2118a5f7dad2b7138b1187a6b7ee55f160b9968b66013c3a3ef39dd7e5798?s=96&d=mm&r=g\",\"contentUrl\":\"https:\\\/\\\/secure.gravatar.com\\\/avatar\\\/3ea2118a5f7dad2b7138b1187a6b7ee55f160b9968b66013c3a3ef39dd7e5798?s=96&d=mm&r=g\",\"caption\":\"Jeanette\"},\"sameAs\":[\"https:\\\/\\\/www.eldiario.net\\\/portal\"],\"url\":\"https:\\\/\\\/www.eldiario.net\\\/portal\\\/author\\\/jeanette\\\/\"}]}<\/script>\n<!-- \/ Yoast SEO plugin. -->","yoast_head_json":{"title":"watchOS 11 permite personalizar el tono de llamada del Apple Watch - El Diario - Bolivia","robots":{"index":"index","follow":"follow","max-snippet":"max-snippet:-1","max-image-preview":"max-image-preview:large","max-video-preview":"max-video-preview:-1"},"canonical":"https:\/\/www.eldiario.net\/portal\/2024\/09\/23\/watchos-11-permite-personalizar-el-tono-de-llamada-del-apple-watch\/","og_locale":"es_ES","og_type":"article","og_title":"watchOS 11 permite personalizar el tono de llamada del Apple Watch - El Diario - Bolivia","og_description":"La reciente actualizaci\u00f3n para el Apple Watch trae consigo cambios emocionantes. Ayer, Apple lanz\u00f3 oficialmente iOS 18, iPadOS 18, tvOS 18, macOS Sequoia y watchOS 11, cada uno con novedades interesantes. En particular, watchOS 11 incluye una funci\u00f3n que muchos usuarios estaban esperando: la posibilidad de cambiar el tono de llamada. Nuevas opciones de tonos [&hellip;]","og_url":"https:\/\/www.eldiario.net\/portal\/2024\/09\/23\/watchos-11-permite-personalizar-el-tono-de-llamada-del-apple-watch\/","og_site_name":"El Diario - Bolivia","article_publisher":"https:\/\/www.facebook.com\/eldiario.bolivia\/","article_published_time":"2024-09-23T10:14:49+00:00","og_image":[{"width":768,"height":432,"url":"https:\/\/www.eldiario.net\/portal\/wp-content\/uploads\/2024\/09\/2-A-3.jpg","type":"image\/jpeg"}],"author":"Jeanette","twitter_card":"summary_large_image","twitter_creator":"@eldiario_net","twitter_site":"@eldiario_net","twitter_misc":{"Escrito por":"Jeanette","Tiempo de lectura":"2 minutos"},"schema":{"@context":"https:\/\/schema.org","@graph":[{"@type":"Article","@id":"https:\/\/www.eldiario.net\/portal\/2024\/09\/23\/watchos-11-permite-personalizar-el-tono-de-llamada-del-apple-watch\/#article","isPartOf":{"@id":"https:\/\/www.eldiario.net\/portal\/2024\/09\/23\/watchos-11-permite-personalizar-el-tono-de-llamada-del-apple-watch\/"},"author":{"name":"Jeanette","@id":"https:\/\/www.eldiario.net\/portal\/#\/schema\/person\/2c57cf2b7a7ae032e449e4c9b1019eac"},"headline":"watchOS 11 permite personalizar el tono de llamada del Apple Watch","datePublished":"2024-09-23T10:14:49+00:00","mainEntityOfPage":{"@id":"https:\/\/www.eldiario.net\/portal\/2024\/09\/23\/watchos-11-permite-personalizar-el-tono-de-llamada-del-apple-watch\/"},"wordCount":360,"commentCount":0,"publisher":{"@id":"https:\/\/www.eldiario.net\/portal\/#organization"},"image":{"@id":"https:\/\/www.eldiario.net\/portal\/2024\/09\/23\/watchos-11-permite-personalizar-el-tono-de-llamada-del-apple-watch\/#primaryimage"},"thumbnailUrl":"https:\/\/www.eldiario.net\/portal\/wp-content\/uploads\/2024\/09\/2-A-3.jpg","articleSection":["Ciencia y Computaci\u00f3n"],"inLanguage":"es","potentialAction":[{"@type":"CommentAction","name":"Comment","target":["https:\/\/www.eldiario.net\/portal\/2024\/09\/23\/watchos-11-permite-personalizar-el-tono-de-llamada-del-apple-watch\/#respond"]}]},{"@type":"WebPage","@id":"https:\/\/www.eldiario.net\/portal\/2024\/09\/23\/watchos-11-permite-personalizar-el-tono-de-llamada-del-apple-watch\/","url":"https:\/\/www.eldiario.net\/portal\/2024\/09\/23\/watchos-11-permite-personalizar-el-tono-de-llamada-del-apple-watch\/","name":"watchOS 11 permite personalizar el tono de llamada del Apple Watch - El Diario - Bolivia","isPartOf":{"@id":"https:\/\/www.eldiario.net\/portal\/#website"},"primaryImageOfPage":{"@id":"https:\/\/www.eldiario.net\/portal\/2024\/09\/23\/watchos-11-permite-personalizar-el-tono-de-llamada-del-apple-watch\/#primaryimage"},"image":{"@id":"https:\/\/www.eldiario.net\/portal\/2024\/09\/23\/watchos-11-permite-personalizar-el-tono-de-llamada-del-apple-watch\/#primaryimage"},"thumbnailUrl":"https:\/\/www.eldiario.net\/portal\/wp-content\/uploads\/2024\/09\/2-A-3.jpg","datePublished":"2024-09-23T10:14:49+00:00","breadcrumb":{"@id":"https:\/\/www.eldiario.net\/portal\/2024\/09\/23\/watchos-11-permite-personalizar-el-tono-de-llamada-del-apple-watch\/#breadcrumb"},"inLanguage":"es","potentialAction":[{"@type":"ReadAction","target":["https:\/\/www.eldiario.net\/portal\/2024\/09\/23\/watchos-11-permite-personalizar-el-tono-de-llamada-del-apple-watch\/"]}]},{"@type":"ImageObject","inLanguage":"es","@id":"https:\/\/www.eldiario.net\/portal\/2024\/09\/23\/watchos-11-permite-personalizar-el-tono-de-llamada-del-apple-watch\/#primaryimage","url":"https:\/\/www.eldiario.net\/portal\/wp-content\/uploads\/2024\/09\/2-A-3.jpg","contentUrl":"https:\/\/www.eldiario.net\/portal\/wp-content\/uploads\/2024\/09\/2-A-3.jpg","width":768,"height":432},{"@type":"BreadcrumbList","@id":"https:\/\/www.eldiario.net\/portal\/2024\/09\/23\/watchos-11-permite-personalizar-el-tono-de-llamada-del-apple-watch\/#breadcrumb","itemListElement":[{"@type":"ListItem","position":1,"name":"Portada","item":"https:\/\/www.eldiario.net\/portal\/"},{"@type":"ListItem","position":2,"name":"watchOS 11 permite personalizar el tono de llamada del Apple Watch"}]},{"@type":"WebSite","@id":"https:\/\/www.eldiario.net\/portal\/#website","url":"https:\/\/www.eldiario.net\/portal\/","name":"El Diario - Decano de la prensa nacional","description":"El Diario - Decano de la prensa nacional","publisher":{"@id":"https:\/\/www.eldiario.net\/portal\/#organization"},"potentialAction":[{"@type":"SearchAction","target":{"@type":"EntryPoint","urlTemplate":"https:\/\/www.eldiario.net\/portal\/?s={search_term_string}"},"query-input":{"@type":"PropertyValueSpecification","valueRequired":true,"valueName":"search_term_string"}}],"inLanguage":"es"},{"@type":"Organization","@id":"https:\/\/www.eldiario.net\/portal\/#organization","name":"El Diario - Decano de la prensa nacional","url":"https:\/\/www.eldiario.net\/portal\/","logo":{"@type":"ImageObject","inLanguage":"es","@id":"https:\/\/www.eldiario.net\/portal\/#\/schema\/logo\/image\/","url":"https:\/\/www.eldiario.net\/portal\/wp-content\/uploads\/2023\/07\/logo_ED.jpg","contentUrl":"https:\/\/www.eldiario.net\/portal\/wp-content\/uploads\/2023\/07\/logo_ED.jpg","width":272,"height":52,"caption":"El Diario - Decano de la prensa nacional"},"image":{"@id":"https:\/\/www.eldiario.net\/portal\/#\/schema\/logo\/image\/"},"sameAs":["https:\/\/www.facebook.com\/eldiario.bolivia\/","https:\/\/x.com\/eldiario_net"]},{"@type":"Person","@id":"https:\/\/www.eldiario.net\/portal\/#\/schema\/person\/2c57cf2b7a7ae032e449e4c9b1019eac","name":"Jeanette","image":{"@type":"ImageObject","inLanguage":"es","@id":"https:\/\/secure.gravatar.com\/avatar\/3ea2118a5f7dad2b7138b1187a6b7ee55f160b9968b66013c3a3ef39dd7e5798?s=96&d=mm&r=g","url":"https:\/\/secure.gravatar.com\/avatar\/3ea2118a5f7dad2b7138b1187a6b7ee55f160b9968b66013c3a3ef39dd7e5798?s=96&d=mm&r=g","contentUrl":"https:\/\/secure.gravatar.com\/avatar\/3ea2118a5f7dad2b7138b1187a6b7ee55f160b9968b66013c3a3ef39dd7e5798?s=96&d=mm&r=g","caption":"Jeanette"},"sameAs":["https:\/\/www.eldiario.net\/portal"],"url":"https:\/\/www.eldiario.net\/portal\/author\/jeanette\/"}]}},"_links":{"self":[{"href":"https:\/\/www.eldiario.net\/portal\/wp-json\/wp\/v2\/posts\/249462","targetHints":{"allow":["GET"]}}],"collection":[{"href":"https:\/\/www.eldiario.net\/portal\/wp-json\/wp\/v2\/posts"}],"about":[{"href":"https:\/\/www.eldiario.net\/portal\/wp-json\/wp\/v2\/types\/post"}],"author":[{"embeddable":true,"href":"https:\/\/www.eldiario.net\/portal\/wp-json\/wp\/v2\/users\/1"}],"replies":[{"embeddable":true,"href":"https:\/\/www.eldiario.net\/portal\/wp-json\/wp\/v2\/comments?post=249462"}],"version-history":[{"count":1,"href":"https:\/\/www.eldiario.net\/portal\/wp-json\/wp\/v2\/posts\/249462\/revisions"}],"predecessor-version":[{"id":249464,"href":"https:\/\/www.eldiario.net\/portal\/wp-json\/wp\/v2\/posts\/249462\/revisions\/249464"}],"wp:featuredmedia":[{"embeddable":true,"href":"https:\/\/www.eldiario.net\/portal\/wp-json\/wp\/v2\/media\/249463"}],"wp:attachment":[{"href":"https:\/\/www.eldiario.net\/portal\/wp-json\/wp\/v2\/media?parent=249462"}],"wp:term":[{"taxonomy":"category","embeddable":true,"href":"https:\/\/www.eldiario.net\/portal\/wp-json\/wp\/v2\/categories?post=249462"},{"taxonomy":"post_tag","embeddable":true,"href":"https:\/\/www.eldiario.net\/portal\/wp-json\/wp\/v2\/tags?post=249462"}],"curies":[{"name":"wp","href":"https:\/\/api.w.org\/{rel}","templated":true}]}}