{"id":249456,"date":"2024-09-23T06:13:55","date_gmt":"2024-09-23T10:13:55","guid":{"rendered":"https:\/\/www.eldiario.net\/portal\/?p=249456"},"modified":"2024-09-23T06:13:55","modified_gmt":"2024-09-23T10:13:55","slug":"infinix-anuncia-la-llegada-de-la-serie-zero-40-a-bolivia","status":"publish","type":"post","link":"https:\/\/www.eldiario.net\/portal\/2024\/09\/23\/infinix-anuncia-la-llegada-de-la-serie-zero-40-a-bolivia\/","title":{"rendered":"Infinix anuncia la llegada de la serie Zero 40 a Bolivia"},"content":{"rendered":"<p><strong>Infinix,<\/strong> una marca de tecnolog\u00eda que marca tendencias para los consumidores j\u00f3venes, est\u00e1 lista para mejorar los est\u00e1ndares de grabaci\u00f3n de video y el dise\u00f1o en smartphones con el lanzamiento del nuevo Zero 40, el primer dispositivo en su categor\u00eda que integra conectividad con GoPro a trav\u00e9s del programa <em>Works with GoPro<\/em>. Dise\u00f1ado especialmente para creadores de contenido, vloggers, viajeros y cineastas, este dispositivo ofrece una experiencia de grabaci\u00f3n incomparable, capturando momentos \u00fanicos con una calidad profesional.<\/p>\n<p>En colaboraci\u00f3n con WGSN, l\u00edder global en pron\u00f3stico de tendencias, Infinix presenta el \u201cSmartphone Color Trend Report 2025\u201d, que introduce tres colores vanguardistas para la serie Zero 40: Violet Garden, Misty Aqua y Blossom Glow. Estos colores no solo reflejan las \u00faltimas tendencias de estilo global, sino que tambi\u00e9n est\u00e1n integrados cuidadosamente en el dise\u00f1o y las funcionalidades del dispositivo, proporcionando una experiencia m\u00e1s art\u00edstica y adaptada a los j\u00f3venes consumidores.<\/p>\n<p>La serie Zero 40 se destaca por su c\u00e1mara principal de 108MP, su c\u00e1mara frontal de 50MP, y su avanzado sistema de estabilizaci\u00f3n \u00f3ptica, que garantiza grabaciones n\u00edtidas y fluidas, incluso en situaciones de movimiento intenso. Adem\u00e1s, con la capacidad de grabar en 4K en la versi\u00f3n 5G, ofrece una experiencia cinematogr\u00e1fica en la palma de la mano. Esto, sumado a su compatibilidad con GoPro, permite a los usuarios capturar y compartir contenido de manera sencilla y eficiente, llevando sus historias al siguiente nivel.<\/p>\n<p>Bajo el lema <em>\u00abCaptura tu propia historia\u00bb<\/em>, Infinix invita a los usuarios a transformar cada momento en una narrativa visual creativa y profesional, y a trav\u00e9s de la colaboraci\u00f3n con GoPro y WGSN, busca llevar el dise\u00f1o y la innovaci\u00f3n tecnol\u00f3gica a nuevos niveles, ofreciendo un dispositivo que combina rendimiento superior con un dise\u00f1o moderno.<\/p>\n<p>El Zero 40 fue lanzado oficialmente en Bolivia el 20 de septiembre a nivel nacional, con un precio estimado de $249, ofreciendo una combinaci\u00f3n inigualable de rendimiento, dise\u00f1o y tecnolog\u00eda de vanguardia.<\/p>\n","protected":false},"excerpt":{"rendered":"<p>Infinix, una marca de tecnolog\u00eda que marca tendencias para los consumidores j\u00f3venes, est\u00e1 lista para mejorar los est\u00e1ndares de grabaci\u00f3n de video y el dise\u00f1o en smartphones con el lanzamiento del nuevo Zero 40, el primer dispositivo en su categor\u00eda que integra conectividad con GoPro a trav\u00e9s del programa Works with GoPro. Dise\u00f1ado especialmente para [&hellip;]<\/p>\n","protected":false},"author":1,"featured_media":249457,"comment_status":"open","ping_status":"open","sticky":false,"template":"","format":"standard","meta":{"_acf_changed":false,"footnotes":""},"categories":[46],"tags":[],"class_list":["post-249456","post","type-post","status-publish","format-standard","has-post-thumbnail","category-ciencia-computacion"],"acf":{"antetitulo":""},"yoast_head":"<!-- This site is optimized with the Yoast SEO plugin v28.4 - https:\/\/yoast.com\/product\/yoast-seo-wordpress\/ -->\n<title>Infinix anuncia la llegada de la serie Zero 40 a Bolivia - El Diario - Bolivia<\/title>\n<meta name=\"robots\" content=\"index, follow, max-snippet:-1, max-image-preview:large, max-video-preview:-1\" \/>\n<link rel=\"canonical\" href=\"https:\/\/www.eldiario.net\/portal\/2024\/09\/23\/infinix-anuncia-la-llegada-de-la-serie-zero-40-a-bolivia\/\" \/>\n<meta property=\"og:locale\" content=\"es_ES\" \/>\n<meta property=\"og:type\" content=\"article\" \/>\n<meta property=\"og:title\" content=\"Infinix anuncia la llegada de la serie Zero 40 a Bolivia - El Diario - Bolivia\" \/>\n<meta property=\"og:description\" content=\"Infinix, una marca de tecnolog\u00eda que marca tendencias para los consumidores j\u00f3venes, est\u00e1 lista para mejorar los est\u00e1ndares de grabaci\u00f3n de video y el dise\u00f1o en smartphones con el lanzamiento del nuevo Zero 40, el primer dispositivo en su categor\u00eda que integra conectividad con GoPro a trav\u00e9s del programa Works with GoPro. Dise\u00f1ado especialmente para [&hellip;]\" \/>\n<meta property=\"og:url\" content=\"https:\/\/www.eldiario.net\/portal\/2024\/09\/23\/infinix-anuncia-la-llegada-de-la-serie-zero-40-a-bolivia\/\" \/>\n<meta property=\"og:site_name\" content=\"El Diario - Bolivia\" \/>\n<meta property=\"article:publisher\" content=\"https:\/\/www.facebook.com\/eldiario.bolivia\/\" \/>\n<meta property=\"article:published_time\" content=\"2024-09-23T10:13:55+00:00\" \/>\n<meta property=\"og:image\" content=\"https:\/\/www.eldiario.net\/portal\/wp-content\/uploads\/2024\/09\/2-C-3.jpg\" \/>\n\t<meta property=\"og:image:width\" content=\"1200\" \/>\n\t<meta property=\"og:image:height\" content=\"593\" \/>\n\t<meta property=\"og:image:type\" content=\"image\/jpeg\" \/>\n<meta name=\"author\" content=\"Jeanette\" \/>\n<meta name=\"twitter:card\" content=\"summary_large_image\" \/>\n<meta name=\"twitter:creator\" content=\"@eldiario_net\" \/>\n<meta name=\"twitter:site\" content=\"@eldiario_net\" \/>\n<meta name=\"twitter:label1\" content=\"Escrito por\" \/>\n\t<meta name=\"twitter:data1\" content=\"Jeanette\" \/>\n\t<meta name=\"twitter:label2\" content=\"Tiempo de lectura\" \/>\n\t<meta name=\"twitter:data2\" content=\"2 minutos\" \/>\n<script type=\"application\/ld+json\" class=\"yoast-schema-graph\">{\"@context\":\"https:\\\/\\\/schema.org\",\"@graph\":[{\"@type\":\"Article\",\"@id\":\"https:\\\/\\\/www.eldiario.net\\\/portal\\\/2024\\\/09\\\/23\\\/infinix-anuncia-la-llegada-de-la-serie-zero-40-a-bolivia\\\/#article\",\"isPartOf\":{\"@id\":\"https:\\\/\\\/www.eldiario.net\\\/portal\\\/2024\\\/09\\\/23\\\/infinix-anuncia-la-llegada-de-la-serie-zero-40-a-bolivia\\\/\"},\"author\":{\"name\":\"Jeanette\",\"@id\":\"https:\\\/\\\/www.eldiario.net\\\/portal\\\/#\\\/schema\\\/person\\\/2c57cf2b7a7ae032e449e4c9b1019eac\"},\"headline\":\"Infinix anuncia la llegada de la serie Zero 40 a Bolivia\",\"datePublished\":\"2024-09-23T10:13:55+00:00\",\"mainEntityOfPage\":{\"@id\":\"https:\\\/\\\/www.eldiario.net\\\/portal\\\/2024\\\/09\\\/23\\\/infinix-anuncia-la-llegada-de-la-serie-zero-40-a-bolivia\\\/\"},\"wordCount\":356,\"commentCount\":0,\"publisher\":{\"@id\":\"https:\\\/\\\/www.eldiario.net\\\/portal\\\/#organization\"},\"image\":{\"@id\":\"https:\\\/\\\/www.eldiario.net\\\/portal\\\/2024\\\/09\\\/23\\\/infinix-anuncia-la-llegada-de-la-serie-zero-40-a-bolivia\\\/#primaryimage\"},\"thumbnailUrl\":\"https:\\\/\\\/www.eldiario.net\\\/portal\\\/wp-content\\\/uploads\\\/2024\\\/09\\\/2-C-3.jpg\",\"articleSection\":[\"Ciencia y Computaci\u00f3n\"],\"inLanguage\":\"es\",\"potentialAction\":[{\"@type\":\"CommentAction\",\"name\":\"Comment\",\"target\":[\"https:\\\/\\\/www.eldiario.net\\\/portal\\\/2024\\\/09\\\/23\\\/infinix-anuncia-la-llegada-de-la-serie-zero-40-a-bolivia\\\/#respond\"]}]},{\"@type\":\"WebPage\",\"@id\":\"https:\\\/\\\/www.eldiario.net\\\/portal\\\/2024\\\/09\\\/23\\\/infinix-anuncia-la-llegada-de-la-serie-zero-40-a-bolivia\\\/\",\"url\":\"https:\\\/\\\/www.eldiario.net\\\/portal\\\/2024\\\/09\\\/23\\\/infinix-anuncia-la-llegada-de-la-serie-zero-40-a-bolivia\\\/\",\"name\":\"Infinix anuncia la llegada de la serie Zero 40 a Bolivia - El Diario - Bolivia\",\"isPartOf\":{\"@id\":\"https:\\\/\\\/www.eldiario.net\\\/portal\\\/#website\"},\"primaryImageOfPage\":{\"@id\":\"https:\\\/\\\/www.eldiario.net\\\/portal\\\/2024\\\/09\\\/23\\\/infinix-anuncia-la-llegada-de-la-serie-zero-40-a-bolivia\\\/#primaryimage\"},\"image\":{\"@id\":\"https:\\\/\\\/www.eldiario.net\\\/portal\\\/2024\\\/09\\\/23\\\/infinix-anuncia-la-llegada-de-la-serie-zero-40-a-bolivia\\\/#primaryimage\"},\"thumbnailUrl\":\"https:\\\/\\\/www.eldiario.net\\\/portal\\\/wp-content\\\/uploads\\\/2024\\\/09\\\/2-C-3.jpg\",\"datePublished\":\"2024-09-23T10:13:55+00:00\",\"breadcrumb\":{\"@id\":\"https:\\\/\\\/www.eldiario.net\\\/portal\\\/2024\\\/09\\\/23\\\/infinix-anuncia-la-llegada-de-la-serie-zero-40-a-bolivia\\\/#breadcrumb\"},\"inLanguage\":\"es\",\"potentialAction\":[{\"@type\":\"ReadAction\",\"target\":[\"https:\\\/\\\/www.eldiario.net\\\/portal\\\/2024\\\/09\\\/23\\\/infinix-anuncia-la-llegada-de-la-serie-zero-40-a-bolivia\\\/\"]}]},{\"@type\":\"ImageObject\",\"inLanguage\":\"es\",\"@id\":\"https:\\\/\\\/www.eldiario.net\\\/portal\\\/2024\\\/09\\\/23\\\/infinix-anuncia-la-llegada-de-la-serie-zero-40-a-bolivia\\\/#primaryimage\",\"url\":\"https:\\\/\\\/www.eldiario.net\\\/portal\\\/wp-content\\\/uploads\\\/2024\\\/09\\\/2-C-3.jpg\",\"contentUrl\":\"https:\\\/\\\/www.eldiario.net\\\/portal\\\/wp-content\\\/uploads\\\/2024\\\/09\\\/2-C-3.jpg\",\"width\":1200,\"height\":593},{\"@type\":\"BreadcrumbList\",\"@id\":\"https:\\\/\\\/www.eldiario.net\\\/portal\\\/2024\\\/09\\\/23\\\/infinix-anuncia-la-llegada-de-la-serie-zero-40-a-bolivia\\\/#breadcrumb\",\"itemListElement\":[{\"@type\":\"ListItem\",\"position\":1,\"name\":\"Portada\",\"item\":\"https:\\\/\\\/www.eldiario.net\\\/portal\\\/\"},{\"@type\":\"ListItem\",\"position\":2,\"name\":\"Infinix anuncia la llegada de la serie Zero 40 a Bolivia\"}]},{\"@type\":\"WebSite\",\"@id\":\"https:\\\/\\\/www.eldiario.net\\\/portal\\\/#website\",\"url\":\"https:\\\/\\\/www.eldiario.net\\\/portal\\\/\",\"name\":\"El Diario - Decano de la prensa nacional\",\"description\":\"El Diario - Decano de la prensa nacional\",\"publisher\":{\"@id\":\"https:\\\/\\\/www.eldiario.net\\\/portal\\\/#organization\"},\"potentialAction\":[{\"@type\":\"SearchAction\",\"target\":{\"@type\":\"EntryPoint\",\"urlTemplate\":\"https:\\\/\\\/www.eldiario.net\\\/portal\\\/?s={search_term_string}\"},\"query-input\":{\"@type\":\"PropertyValueSpecification\",\"valueRequired\":true,\"valueName\":\"search_term_string\"}}],\"inLanguage\":\"es\"},{\"@type\":\"Organization\",\"@id\":\"https:\\\/\\\/www.eldiario.net\\\/portal\\\/#organization\",\"name\":\"El Diario - Decano de la prensa nacional\",\"url\":\"https:\\\/\\\/www.eldiario.net\\\/portal\\\/\",\"logo\":{\"@type\":\"ImageObject\",\"inLanguage\":\"es\",\"@id\":\"https:\\\/\\\/www.eldiario.net\\\/portal\\\/#\\\/schema\\\/logo\\\/image\\\/\",\"url\":\"https:\\\/\\\/www.eldiario.net\\\/portal\\\/wp-content\\\/uploads\\\/2023\\\/07\\\/logo_ED.jpg\",\"contentUrl\":\"https:\\\/\\\/www.eldiario.net\\\/portal\\\/wp-content\\\/uploads\\\/2023\\\/07\\\/logo_ED.jpg\",\"width\":272,\"height\":52,\"caption\":\"El Diario - Decano de la prensa nacional\"},\"image\":{\"@id\":\"https:\\\/\\\/www.eldiario.net\\\/portal\\\/#\\\/schema\\\/logo\\\/image\\\/\"},\"sameAs\":[\"https:\\\/\\\/www.facebook.com\\\/eldiario.bolivia\\\/\",\"https:\\\/\\\/x.com\\\/eldiario_net\"]},{\"@type\":\"Person\",\"@id\":\"https:\\\/\\\/www.eldiario.net\\\/portal\\\/#\\\/schema\\\/person\\\/2c57cf2b7a7ae032e449e4c9b1019eac\",\"name\":\"Jeanette\",\"image\":{\"@type\":\"ImageObject\",\"inLanguage\":\"es\",\"@id\":\"https:\\\/\\\/secure.gravatar.com\\\/avatar\\\/3ea2118a5f7dad2b7138b1187a6b7ee55f160b9968b66013c3a3ef39dd7e5798?s=96&d=mm&r=g\",\"url\":\"https:\\\/\\\/secure.gravatar.com\\\/avatar\\\/3ea2118a5f7dad2b7138b1187a6b7ee55f160b9968b66013c3a3ef39dd7e5798?s=96&d=mm&r=g\",\"contentUrl\":\"https:\\\/\\\/secure.gravatar.com\\\/avatar\\\/3ea2118a5f7dad2b7138b1187a6b7ee55f160b9968b66013c3a3ef39dd7e5798?s=96&d=mm&r=g\",\"caption\":\"Jeanette\"},\"sameAs\":[\"https:\\\/\\\/www.eldiario.net\\\/portal\"],\"url\":\"https:\\\/\\\/www.eldiario.net\\\/portal\\\/author\\\/jeanette\\\/\"}]}<\/script>\n<!-- \/ Yoast SEO plugin. -->","yoast_head_json":{"title":"Infinix anuncia la llegada de la serie Zero 40 a Bolivia - El Diario - Bolivia","robots":{"index":"index","follow":"follow","max-snippet":"max-snippet:-1","max-image-preview":"max-image-preview:large","max-video-preview":"max-video-preview:-1"},"canonical":"https:\/\/www.eldiario.net\/portal\/2024\/09\/23\/infinix-anuncia-la-llegada-de-la-serie-zero-40-a-bolivia\/","og_locale":"es_ES","og_type":"article","og_title":"Infinix anuncia la llegada de la serie Zero 40 a Bolivia - El Diario - Bolivia","og_description":"Infinix, una marca de tecnolog\u00eda que marca tendencias para los consumidores j\u00f3venes, est\u00e1 lista para mejorar los est\u00e1ndares de grabaci\u00f3n de video y el dise\u00f1o en smartphones con el lanzamiento del nuevo Zero 40, el primer dispositivo en su categor\u00eda que integra conectividad con GoPro a trav\u00e9s del programa Works with GoPro. Dise\u00f1ado especialmente para [&hellip;]","og_url":"https:\/\/www.eldiario.net\/portal\/2024\/09\/23\/infinix-anuncia-la-llegada-de-la-serie-zero-40-a-bolivia\/","og_site_name":"El Diario - Bolivia","article_publisher":"https:\/\/www.facebook.com\/eldiario.bolivia\/","article_published_time":"2024-09-23T10:13:55+00:00","og_image":[{"width":1200,"height":593,"url":"https:\/\/www.eldiario.net\/portal\/wp-content\/uploads\/2024\/09\/2-C-3.jpg","type":"image\/jpeg"}],"author":"Jeanette","twitter_card":"summary_large_image","twitter_creator":"@eldiario_net","twitter_site":"@eldiario_net","twitter_misc":{"Escrito por":"Jeanette","Tiempo de lectura":"2 minutos"},"schema":{"@context":"https:\/\/schema.org","@graph":[{"@type":"Article","@id":"https:\/\/www.eldiario.net\/portal\/2024\/09\/23\/infinix-anuncia-la-llegada-de-la-serie-zero-40-a-bolivia\/#article","isPartOf":{"@id":"https:\/\/www.eldiario.net\/portal\/2024\/09\/23\/infinix-anuncia-la-llegada-de-la-serie-zero-40-a-bolivia\/"},"author":{"name":"Jeanette","@id":"https:\/\/www.eldiario.net\/portal\/#\/schema\/person\/2c57cf2b7a7ae032e449e4c9b1019eac"},"headline":"Infinix anuncia la llegada de la serie Zero 40 a Bolivia","datePublished":"2024-09-23T10:13:55+00:00","mainEntityOfPage":{"@id":"https:\/\/www.eldiario.net\/portal\/2024\/09\/23\/infinix-anuncia-la-llegada-de-la-serie-zero-40-a-bolivia\/"},"wordCount":356,"commentCount":0,"publisher":{"@id":"https:\/\/www.eldiario.net\/portal\/#organization"},"image":{"@id":"https:\/\/www.eldiario.net\/portal\/2024\/09\/23\/infinix-anuncia-la-llegada-de-la-serie-zero-40-a-bolivia\/#primaryimage"},"thumbnailUrl":"https:\/\/www.eldiario.net\/portal\/wp-content\/uploads\/2024\/09\/2-C-3.jpg","articleSection":["Ciencia y Computaci\u00f3n"],"inLanguage":"es","potentialAction":[{"@type":"CommentAction","name":"Comment","target":["https:\/\/www.eldiario.net\/portal\/2024\/09\/23\/infinix-anuncia-la-llegada-de-la-serie-zero-40-a-bolivia\/#respond"]}]},{"@type":"WebPage","@id":"https:\/\/www.eldiario.net\/portal\/2024\/09\/23\/infinix-anuncia-la-llegada-de-la-serie-zero-40-a-bolivia\/","url":"https:\/\/www.eldiario.net\/portal\/2024\/09\/23\/infinix-anuncia-la-llegada-de-la-serie-zero-40-a-bolivia\/","name":"Infinix anuncia la llegada de la serie Zero 40 a Bolivia - El Diario - Bolivia","isPartOf":{"@id":"https:\/\/www.eldiario.net\/portal\/#website"},"primaryImageOfPage":{"@id":"https:\/\/www.eldiario.net\/portal\/2024\/09\/23\/infinix-anuncia-la-llegada-de-la-serie-zero-40-a-bolivia\/#primaryimage"},"image":{"@id":"https:\/\/www.eldiario.net\/portal\/2024\/09\/23\/infinix-anuncia-la-llegada-de-la-serie-zero-40-a-bolivia\/#primaryimage"},"thumbnailUrl":"https:\/\/www.eldiario.net\/portal\/wp-content\/uploads\/2024\/09\/2-C-3.jpg","datePublished":"2024-09-23T10:13:55+00:00","breadcrumb":{"@id":"https:\/\/www.eldiario.net\/portal\/2024\/09\/23\/infinix-anuncia-la-llegada-de-la-serie-zero-40-a-bolivia\/#breadcrumb"},"inLanguage":"es","potentialAction":[{"@type":"ReadAction","target":["https:\/\/www.eldiario.net\/portal\/2024\/09\/23\/infinix-anuncia-la-llegada-de-la-serie-zero-40-a-bolivia\/"]}]},{"@type":"ImageObject","inLanguage":"es","@id":"https:\/\/www.eldiario.net\/portal\/2024\/09\/23\/infinix-anuncia-la-llegada-de-la-serie-zero-40-a-bolivia\/#primaryimage","url":"https:\/\/www.eldiario.net\/portal\/wp-content\/uploads\/2024\/09\/2-C-3.jpg","contentUrl":"https:\/\/www.eldiario.net\/portal\/wp-content\/uploads\/2024\/09\/2-C-3.jpg","width":1200,"height":593},{"@type":"BreadcrumbList","@id":"https:\/\/www.eldiario.net\/portal\/2024\/09\/23\/infinix-anuncia-la-llegada-de-la-serie-zero-40-a-bolivia\/#breadcrumb","itemListElement":[{"@type":"ListItem","position":1,"name":"Portada","item":"https:\/\/www.eldiario.net\/portal\/"},{"@type":"ListItem","position":2,"name":"Infinix anuncia la llegada de la serie Zero 40 a Bolivia"}]},{"@type":"WebSite","@id":"https:\/\/www.eldiario.net\/portal\/#website","url":"https:\/\/www.eldiario.net\/portal\/","name":"El Diario - Decano de la prensa nacional","description":"El Diario - Decano de la prensa nacional","publisher":{"@id":"https:\/\/www.eldiario.net\/portal\/#organization"},"potentialAction":[{"@type":"SearchAction","target":{"@type":"EntryPoint","urlTemplate":"https:\/\/www.eldiario.net\/portal\/?s={search_term_string}"},"query-input":{"@type":"PropertyValueSpecification","valueRequired":true,"valueName":"search_term_string"}}],"inLanguage":"es"},{"@type":"Organization","@id":"https:\/\/www.eldiario.net\/portal\/#organization","name":"El Diario - Decano de la prensa nacional","url":"https:\/\/www.eldiario.net\/portal\/","logo":{"@type":"ImageObject","inLanguage":"es","@id":"https:\/\/www.eldiario.net\/portal\/#\/schema\/logo\/image\/","url":"https:\/\/www.eldiario.net\/portal\/wp-content\/uploads\/2023\/07\/logo_ED.jpg","contentUrl":"https:\/\/www.eldiario.net\/portal\/wp-content\/uploads\/2023\/07\/logo_ED.jpg","width":272,"height":52,"caption":"El Diario - Decano de la prensa nacional"},"image":{"@id":"https:\/\/www.eldiario.net\/portal\/#\/schema\/logo\/image\/"},"sameAs":["https:\/\/www.facebook.com\/eldiario.bolivia\/","https:\/\/x.com\/eldiario_net"]},{"@type":"Person","@id":"https:\/\/www.eldiario.net\/portal\/#\/schema\/person\/2c57cf2b7a7ae032e449e4c9b1019eac","name":"Jeanette","image":{"@type":"ImageObject","inLanguage":"es","@id":"https:\/\/secure.gravatar.com\/avatar\/3ea2118a5f7dad2b7138b1187a6b7ee55f160b9968b66013c3a3ef39dd7e5798?s=96&d=mm&r=g","url":"https:\/\/secure.gravatar.com\/avatar\/3ea2118a5f7dad2b7138b1187a6b7ee55f160b9968b66013c3a3ef39dd7e5798?s=96&d=mm&r=g","contentUrl":"https:\/\/secure.gravatar.com\/avatar\/3ea2118a5f7dad2b7138b1187a6b7ee55f160b9968b66013c3a3ef39dd7e5798?s=96&d=mm&r=g","caption":"Jeanette"},"sameAs":["https:\/\/www.eldiario.net\/portal"],"url":"https:\/\/www.eldiario.net\/portal\/author\/jeanette\/"}]}},"_links":{"self":[{"href":"https:\/\/www.eldiario.net\/portal\/wp-json\/wp\/v2\/posts\/249456","targetHints":{"allow":["GET"]}}],"collection":[{"href":"https:\/\/www.eldiario.net\/portal\/wp-json\/wp\/v2\/posts"}],"about":[{"href":"https:\/\/www.eldiario.net\/portal\/wp-json\/wp\/v2\/types\/post"}],"author":[{"embeddable":true,"href":"https:\/\/www.eldiario.net\/portal\/wp-json\/wp\/v2\/users\/1"}],"replies":[{"embeddable":true,"href":"https:\/\/www.eldiario.net\/portal\/wp-json\/wp\/v2\/comments?post=249456"}],"version-history":[{"count":1,"href":"https:\/\/www.eldiario.net\/portal\/wp-json\/wp\/v2\/posts\/249456\/revisions"}],"predecessor-version":[{"id":249458,"href":"https:\/\/www.eldiario.net\/portal\/wp-json\/wp\/v2\/posts\/249456\/revisions\/249458"}],"wp:featuredmedia":[{"embeddable":true,"href":"https:\/\/www.eldiario.net\/portal\/wp-json\/wp\/v2\/media\/249457"}],"wp:attachment":[{"href":"https:\/\/www.eldiario.net\/portal\/wp-json\/wp\/v2\/media?parent=249456"}],"wp:term":[{"taxonomy":"category","embeddable":true,"href":"https:\/\/www.eldiario.net\/portal\/wp-json\/wp\/v2\/categories?post=249456"},{"taxonomy":"post_tag","embeddable":true,"href":"https:\/\/www.eldiario.net\/portal\/wp-json\/wp\/v2\/tags?post=249456"}],"curies":[{"name":"wp","href":"https:\/\/api.w.org\/{rel}","templated":true}]}}