{"id":249359,"date":"2024-09-23T05:41:19","date_gmt":"2024-09-23T09:41:19","guid":{"rendered":"https:\/\/www.eldiario.net\/portal\/?p=249359"},"modified":"2024-09-23T05:41:19","modified_gmt":"2024-09-23T09:41:19","slug":"bajo-crecimiento-provoca-desigualdad-y-pobreza","status":"publish","type":"post","link":"https:\/\/www.eldiario.net\/portal\/2024\/09\/23\/bajo-crecimiento-provoca-desigualdad-y-pobreza\/","title":{"rendered":"Bajo crecimiento provoca desigualdad y pobreza"},"content":{"rendered":"<p>Los pa\u00edses ingresaron en un per\u00edodo de estancamiento econ\u00f3mico. Bolivia desacelera su econom\u00eda y hay riesgo de enfrentar una estanflaci\u00f3n o repetir el indicador de la pandemia, una recesi\u00f3n. La devaluaci\u00f3n del boliviano frente al d\u00f3lar paralelo de 40%, ha afectado a los m\u00e1s vulnerables, en especial del sector informal, pues este no recibe aumento salarial sino que tiene un sueldo de sobrevivencia. Un mundo con bajo crecimiento es un mundo desigual e inestable, se\u00f1ala la jefa del FMI, Kristalina Georgieva.<br \/>\nLos per\u00edodos largos de crecimiento econ\u00f3mico lento pueden provocar un repunte en la desigualdad. No obstante, un conjunto equilibrado de pol\u00edticas puede prevenir ese desenlace, indica Georgieva en su art\u00edculo: \u201cUn mundo con un crecimiento bajo es un mundo desigual e inestable\u201d, en el bloque del Fondo Monetario Internacional (FMI).<br \/>\nLa econom\u00eda mundial se ha atascado en un ritmo bajo de crecimiento, lo que podr\u00eda suponer un serio rev\u00e9s en la lucha contra la pobreza y la desigualdad.<br \/>\nPara el economista Dar\u00edo Monasterio, Bolivia ingres\u00f3 en una segunda ola de desaceleraci\u00f3n; la primera empez\u00f3 en 2015 y termin\u00f3 en 2019, la segunda en 2022 y en 2024 podr\u00eda registrar la m\u00e1s baja de los \u00faltimos a\u00f1os.<br \/>\nComo se recordar\u00e1, Bolivia en 2021 creci\u00f3 por rebote estad\u00edstico en 6,1%, pero en 2022 la cifra cay\u00f3 a 3,5% y en 2023 sigui\u00f3 la tendencia, registr\u00f3 3,1%. Para la presente gesti\u00f3n, el Gobierno proyect\u00f3 un crecimiento de 3,71%, sin embargo, organismos internacionales como el FMI, el Banco Mundial y la Comisi\u00f3n Econ\u00f3mica para Am\u00e9rica Latina y el Caribe (Cepal) estiman que ser\u00e1 menos de 2%.<br \/>\nAunque el presidente Luis Arce no reconoce la crisis econ\u00f3mica, pues argumenta que Bolivia registra la inflaci\u00f3n baja y que est\u00e1 en crecimiento, pero en una presentaci\u00f3n por televisi\u00f3n boliviana, hace semanas atr\u00e1s, reconoci\u00f3 que el Gobierno pasa por una iliquidez de divisas, por la ca\u00edda de la venta de los hidrocarburos y de producci\u00f3n de gas.<br \/>\nEl economista Gonzalo Ch\u00e1vez se\u00f1al\u00f3, en su momento, que el Gobierno registra iliquidez e insolvencia, aunque autoridades del sector econ\u00f3mico indicaron que solo es iliquidez temporal, tal como lo dijo el Presidente en entrevista con Bloomberg en l\u00ednea, hay una crisis de divisas, pero es temporal.<br \/>\nEn la \u00faltima actualizaci\u00f3n del informe Perspectivas de la econom\u00eda mundial que publica el FMI, se espera que el crecimiento mundial se sit\u00fae en 3,2% este a\u00f1o y 3,3% en 2025, muy por debajo del promedio de 3,8% registrado desde el comienzo de siglo hasta la pandemia. Por otro lado, nuestras proyecciones de crecimiento a mediano plazo siguen languideciendo en los niveles m\u00e1s bajos registrados en d\u00e9cadas, explica la ejecutiva del organismo internacional.<br \/>\nGeorgieva reflexiona que a medida que nos alejamos de los a\u00f1os de crisis de la pandemia, necesitamos evitar que el mundo caiga en un per\u00edodo prolongado de crecimiento an\u00e9mico que perpet\u00fae la pobreza y la desigualdad.<br \/>\nLa pandemia ya ha supuesto un rev\u00e9s en esta lucha: la pobreza extrema creci\u00f3 tras d\u00e9cadas de descenso continuado, mientras que el hambre en el mundo aument\u00f3 y la reducci\u00f3n de la desigualdad a largo plazo entre pa\u00edses se estanc\u00f3.<br \/>\nEstudio<br \/>\nUn nuevo estudio del FMI, sugiere que los per\u00edodos de estancamiento que duran cuatro a\u00f1os o m\u00e1s tienden a provocar, dentro de los pa\u00edses, un aumento de la desigualdad de ingresos que roza el 20%, lo que supera considerablemente el aumento debido a una recesi\u00f3n.<br \/>\nDurante los per\u00edodos de estancamiento, los niveles pobres de creaci\u00f3n de empleo y crecimiento de los salarios provocan el aumento del desempleo estructural y reducen la porci\u00f3n del ingreso de un pa\u00eds que acaba en manos de los trabajadores. Estas fuerzas, combinadas con un espacio fiscal limitado, tienden a agrandar la brecha entre la c\u00faspide y la base de la pir\u00e1mide del ingreso.<br \/>\nLa ejecutiva del FMI advierte que mientras m\u00e1s tiempo la econom\u00eda se encuentre atascado en un crecimiento bajo, m\u00e1s desigual ser\u00e1 el mundo, lo que lo considera un rev\u00e9s.<br \/>\nPropuestas<br \/>\nLa ejecutiva sugiere varias alternativas para aumentar el crecimiento econ\u00f3mico, como promover la competencia y mejorar el acceso al financiamiento que podr\u00edan hacer que los recursos fluyan de manera m\u00e1s eficiente y se incremente la productividad y el empleo.<br \/>\nAdem\u00e1s resalta que el libre comercio como motor del crecimiento y la creaci\u00f3n de empleos, juega un papel importante.<br \/>\nA esos planteamientos, tambi\u00e9n sugiere incentivos y modificaciones en las pol\u00edticas tributarias en favor de los m\u00e1s vulnerables de la sociedad.<br \/>\nEmpresarios y economistas sugirieron a las autoridades nacionales, ampliar la base tributaria, y llegue a los cocaleros, cooperativistas mineros y grandes comerciantes; mientras bajar el porcentaje para el que cumple con los impuestos.<br \/>\n\u201cEl desaf\u00edo es que muchas econom\u00edas se enfrentan a intensas presiones fiscales. En los pa\u00edses en desarrollo, los costos de servicio de la deuda se llevan hoy por hoy una fracci\u00f3n mayor de los ingresos tributarios, en un momento en el que esos pa\u00edses se enfrentan a una lista creciente de demandas de gasto, desde inversiones en infraestructuras hasta el costo de la adaptaci\u00f3n al cambio clim\u00e1tico\u201d, sostiene.<br \/>\nEn Bolivia, el gobierno acude a la deuda externa, as\u00ed como a la venta de oro y de las reservas internacionales para cumplir con sus obligaciones internacionales, ya que los ingresos son insuficientes para cubrir sus gastos, debido a la ca\u00edda de los ingresos del gas.<br \/>\nEl FMI asegura que en los pa\u00edses en desarrollo, existe amplio margen para incrementar los ingresos mediante reformas tributarias, llev\u00e1ndolos hasta niveles del 9% del PIB seg\u00fan nuestros estudios, apunta.<br \/>\n\u201cAhora bien, es fundamental adoptar un enfoque progresivo, lo que significa que hay que asegurarse de que quienes pueden permitirse pagar m\u00e1s impuestos contribuyan de manera justa y proporcional\u201d, manifiesta.<br \/>\nFinalmente, asegura que se necesita una red mundial de seguridad financiera fuerte para los pa\u00edses que precisen apoyo. Con este objetivo en mente, el FMI trabaja en un paquete de reformas que se aplicar\u00e1n a los mecanismos de pr\u00e9stamo.<\/p>\n<p>&nbsp;<\/p>\n<p>&nbsp;<\/p>\n<p>&nbsp;<\/p>\n<p>&nbsp;<\/p>\n<p>&nbsp;<\/p>\n<p>&nbsp;<\/p>\n","protected":false},"excerpt":{"rendered":"<p>Los pa\u00edses ingresaron en un per\u00edodo de estancamiento econ\u00f3mico. Bolivia desacelera su econom\u00eda y hay riesgo de enfrentar una estanflaci\u00f3n o repetir el indicador de la pandemia, una recesi\u00f3n. La devaluaci\u00f3n del boliviano frente al d\u00f3lar paralelo de 40%, ha afectado a los m\u00e1s vulnerables, en especial del sector informal, pues este no recibe aumento [&hellip;]<\/p>\n","protected":false},"author":1,"featured_media":194689,"comment_status":"open","ping_status":"open","sticky":false,"template":"","format":"standard","meta":{"_acf_changed":false,"footnotes":""},"categories":[7],"tags":[],"class_list":["post-249359","post","type-post","status-publish","format-standard","has-post-thumbnail","category-economia"],"acf":{"antetitulo":"Seg\u00fan el FMI"},"yoast_head":"<!-- This site is optimized with the Yoast SEO plugin v28.4 - https:\/\/yoast.com\/product\/yoast-seo-wordpress\/ -->\n<title>Bajo crecimiento provoca desigualdad y pobreza - El Diario - Bolivia<\/title>\n<meta name=\"robots\" content=\"index, follow, max-snippet:-1, max-image-preview:large, max-video-preview:-1\" \/>\n<link rel=\"canonical\" href=\"https:\/\/www.eldiario.net\/portal\/2024\/09\/23\/bajo-crecimiento-provoca-desigualdad-y-pobreza\/\" \/>\n<meta property=\"og:locale\" content=\"es_ES\" \/>\n<meta property=\"og:type\" content=\"article\" \/>\n<meta property=\"og:title\" content=\"Bajo crecimiento provoca desigualdad y pobreza - El Diario - Bolivia\" \/>\n<meta property=\"og:description\" content=\"Los pa\u00edses ingresaron en un per\u00edodo de estancamiento econ\u00f3mico. Bolivia desacelera su econom\u00eda y hay riesgo de enfrentar una estanflaci\u00f3n o repetir el indicador de la pandemia, una recesi\u00f3n. La devaluaci\u00f3n del boliviano frente al d\u00f3lar paralelo de 40%, ha afectado a los m\u00e1s vulnerables, en especial del sector informal, pues este no recibe aumento [&hellip;]\" \/>\n<meta property=\"og:url\" content=\"https:\/\/www.eldiario.net\/portal\/2024\/09\/23\/bajo-crecimiento-provoca-desigualdad-y-pobreza\/\" \/>\n<meta property=\"og:site_name\" content=\"El Diario - Bolivia\" \/>\n<meta property=\"article:publisher\" content=\"https:\/\/www.facebook.com\/eldiario.bolivia\/\" \/>\n<meta property=\"article:published_time\" content=\"2024-09-23T09:41:19+00:00\" \/>\n<meta property=\"og:image\" content=\"https:\/\/www.eldiario.net\/portal\/wp-content\/uploads\/2023\/12\/Economia.jpg\" \/>\n\t<meta property=\"og:image:width\" content=\"800\" \/>\n\t<meta property=\"og:image:height\" content=\"500\" \/>\n\t<meta property=\"og:image:type\" content=\"image\/jpeg\" \/>\n<meta name=\"author\" content=\"Jeanette\" \/>\n<meta name=\"twitter:card\" content=\"summary_large_image\" \/>\n<meta name=\"twitter:creator\" content=\"@eldiario_net\" \/>\n<meta name=\"twitter:site\" content=\"@eldiario_net\" \/>\n<meta name=\"twitter:label1\" content=\"Escrito por\" \/>\n\t<meta name=\"twitter:data1\" content=\"Jeanette\" \/>\n\t<meta name=\"twitter:label2\" content=\"Tiempo de lectura\" \/>\n\t<meta name=\"twitter:data2\" content=\"5 minutos\" \/>\n<script type=\"application\/ld+json\" class=\"yoast-schema-graph\">{\"@context\":\"https:\\\/\\\/schema.org\",\"@graph\":[{\"@type\":\"Article\",\"@id\":\"https:\\\/\\\/www.eldiario.net\\\/portal\\\/2024\\\/09\\\/23\\\/bajo-crecimiento-provoca-desigualdad-y-pobreza\\\/#article\",\"isPartOf\":{\"@id\":\"https:\\\/\\\/www.eldiario.net\\\/portal\\\/2024\\\/09\\\/23\\\/bajo-crecimiento-provoca-desigualdad-y-pobreza\\\/\"},\"author\":{\"name\":\"Jeanette\",\"@id\":\"https:\\\/\\\/www.eldiario.net\\\/portal\\\/#\\\/schema\\\/person\\\/2c57cf2b7a7ae032e449e4c9b1019eac\"},\"headline\":\"Bajo crecimiento provoca desigualdad y pobreza\",\"datePublished\":\"2024-09-23T09:41:19+00:00\",\"mainEntityOfPage\":{\"@id\":\"https:\\\/\\\/www.eldiario.net\\\/portal\\\/2024\\\/09\\\/23\\\/bajo-crecimiento-provoca-desigualdad-y-pobreza\\\/\"},\"wordCount\":1062,\"commentCount\":0,\"publisher\":{\"@id\":\"https:\\\/\\\/www.eldiario.net\\\/portal\\\/#organization\"},\"image\":{\"@id\":\"https:\\\/\\\/www.eldiario.net\\\/portal\\\/2024\\\/09\\\/23\\\/bajo-crecimiento-provoca-desigualdad-y-pobreza\\\/#primaryimage\"},\"thumbnailUrl\":\"https:\\\/\\\/www.eldiario.net\\\/portal\\\/wp-content\\\/uploads\\\/2023\\\/12\\\/Economia.jpg\",\"articleSection\":[\"Econom\u00eda\"],\"inLanguage\":\"es\",\"potentialAction\":[{\"@type\":\"CommentAction\",\"name\":\"Comment\",\"target\":[\"https:\\\/\\\/www.eldiario.net\\\/portal\\\/2024\\\/09\\\/23\\\/bajo-crecimiento-provoca-desigualdad-y-pobreza\\\/#respond\"]}]},{\"@type\":\"WebPage\",\"@id\":\"https:\\\/\\\/www.eldiario.net\\\/portal\\\/2024\\\/09\\\/23\\\/bajo-crecimiento-provoca-desigualdad-y-pobreza\\\/\",\"url\":\"https:\\\/\\\/www.eldiario.net\\\/portal\\\/2024\\\/09\\\/23\\\/bajo-crecimiento-provoca-desigualdad-y-pobreza\\\/\",\"name\":\"Bajo crecimiento provoca desigualdad y pobreza - El Diario - Bolivia\",\"isPartOf\":{\"@id\":\"https:\\\/\\\/www.eldiario.net\\\/portal\\\/#website\"},\"primaryImageOfPage\":{\"@id\":\"https:\\\/\\\/www.eldiario.net\\\/portal\\\/2024\\\/09\\\/23\\\/bajo-crecimiento-provoca-desigualdad-y-pobreza\\\/#primaryimage\"},\"image\":{\"@id\":\"https:\\\/\\\/www.eldiario.net\\\/portal\\\/2024\\\/09\\\/23\\\/bajo-crecimiento-provoca-desigualdad-y-pobreza\\\/#primaryimage\"},\"thumbnailUrl\":\"https:\\\/\\\/www.eldiario.net\\\/portal\\\/wp-content\\\/uploads\\\/2023\\\/12\\\/Economia.jpg\",\"datePublished\":\"2024-09-23T09:41:19+00:00\",\"breadcrumb\":{\"@id\":\"https:\\\/\\\/www.eldiario.net\\\/portal\\\/2024\\\/09\\\/23\\\/bajo-crecimiento-provoca-desigualdad-y-pobreza\\\/#breadcrumb\"},\"inLanguage\":\"es\",\"potentialAction\":[{\"@type\":\"ReadAction\",\"target\":[\"https:\\\/\\\/www.eldiario.net\\\/portal\\\/2024\\\/09\\\/23\\\/bajo-crecimiento-provoca-desigualdad-y-pobreza\\\/\"]}]},{\"@type\":\"ImageObject\",\"inLanguage\":\"es\",\"@id\":\"https:\\\/\\\/www.eldiario.net\\\/portal\\\/2024\\\/09\\\/23\\\/bajo-crecimiento-provoca-desigualdad-y-pobreza\\\/#primaryimage\",\"url\":\"https:\\\/\\\/www.eldiario.net\\\/portal\\\/wp-content\\\/uploads\\\/2023\\\/12\\\/Economia.jpg\",\"contentUrl\":\"https:\\\/\\\/www.eldiario.net\\\/portal\\\/wp-content\\\/uploads\\\/2023\\\/12\\\/Economia.jpg\",\"width\":800,\"height\":500},{\"@type\":\"BreadcrumbList\",\"@id\":\"https:\\\/\\\/www.eldiario.net\\\/portal\\\/2024\\\/09\\\/23\\\/bajo-crecimiento-provoca-desigualdad-y-pobreza\\\/#breadcrumb\",\"itemListElement\":[{\"@type\":\"ListItem\",\"position\":1,\"name\":\"Portada\",\"item\":\"https:\\\/\\\/www.eldiario.net\\\/portal\\\/\"},{\"@type\":\"ListItem\",\"position\":2,\"name\":\"Bajo crecimiento provoca desigualdad y pobreza\"}]},{\"@type\":\"WebSite\",\"@id\":\"https:\\\/\\\/www.eldiario.net\\\/portal\\\/#website\",\"url\":\"https:\\\/\\\/www.eldiario.net\\\/portal\\\/\",\"name\":\"El Diario - Decano de la prensa nacional\",\"description\":\"El Diario - Decano de la prensa nacional\",\"publisher\":{\"@id\":\"https:\\\/\\\/www.eldiario.net\\\/portal\\\/#organization\"},\"potentialAction\":[{\"@type\":\"SearchAction\",\"target\":{\"@type\":\"EntryPoint\",\"urlTemplate\":\"https:\\\/\\\/www.eldiario.net\\\/portal\\\/?s={search_term_string}\"},\"query-input\":{\"@type\":\"PropertyValueSpecification\",\"valueRequired\":true,\"valueName\":\"search_term_string\"}}],\"inLanguage\":\"es\"},{\"@type\":\"Organization\",\"@id\":\"https:\\\/\\\/www.eldiario.net\\\/portal\\\/#organization\",\"name\":\"El Diario - Decano de la prensa nacional\",\"url\":\"https:\\\/\\\/www.eldiario.net\\\/portal\\\/\",\"logo\":{\"@type\":\"ImageObject\",\"inLanguage\":\"es\",\"@id\":\"https:\\\/\\\/www.eldiario.net\\\/portal\\\/#\\\/schema\\\/logo\\\/image\\\/\",\"url\":\"https:\\\/\\\/www.eldiario.net\\\/portal\\\/wp-content\\\/uploads\\\/2023\\\/07\\\/logo_ED.jpg\",\"contentUrl\":\"https:\\\/\\\/www.eldiario.net\\\/portal\\\/wp-content\\\/uploads\\\/2023\\\/07\\\/logo_ED.jpg\",\"width\":272,\"height\":52,\"caption\":\"El Diario - Decano de la prensa nacional\"},\"image\":{\"@id\":\"https:\\\/\\\/www.eldiario.net\\\/portal\\\/#\\\/schema\\\/logo\\\/image\\\/\"},\"sameAs\":[\"https:\\\/\\\/www.facebook.com\\\/eldiario.bolivia\\\/\",\"https:\\\/\\\/x.com\\\/eldiario_net\"]},{\"@type\":\"Person\",\"@id\":\"https:\\\/\\\/www.eldiario.net\\\/portal\\\/#\\\/schema\\\/person\\\/2c57cf2b7a7ae032e449e4c9b1019eac\",\"name\":\"Jeanette\",\"image\":{\"@type\":\"ImageObject\",\"inLanguage\":\"es\",\"@id\":\"https:\\\/\\\/secure.gravatar.com\\\/avatar\\\/3ea2118a5f7dad2b7138b1187a6b7ee55f160b9968b66013c3a3ef39dd7e5798?s=96&d=mm&r=g\",\"url\":\"https:\\\/\\\/secure.gravatar.com\\\/avatar\\\/3ea2118a5f7dad2b7138b1187a6b7ee55f160b9968b66013c3a3ef39dd7e5798?s=96&d=mm&r=g\",\"contentUrl\":\"https:\\\/\\\/secure.gravatar.com\\\/avatar\\\/3ea2118a5f7dad2b7138b1187a6b7ee55f160b9968b66013c3a3ef39dd7e5798?s=96&d=mm&r=g\",\"caption\":\"Jeanette\"},\"sameAs\":[\"https:\\\/\\\/www.eldiario.net\\\/portal\"],\"url\":\"https:\\\/\\\/www.eldiario.net\\\/portal\\\/author\\\/jeanette\\\/\"}]}<\/script>\n<!-- \/ Yoast SEO plugin. -->","yoast_head_json":{"title":"Bajo crecimiento provoca desigualdad y pobreza - El Diario - Bolivia","robots":{"index":"index","follow":"follow","max-snippet":"max-snippet:-1","max-image-preview":"max-image-preview:large","max-video-preview":"max-video-preview:-1"},"canonical":"https:\/\/www.eldiario.net\/portal\/2024\/09\/23\/bajo-crecimiento-provoca-desigualdad-y-pobreza\/","og_locale":"es_ES","og_type":"article","og_title":"Bajo crecimiento provoca desigualdad y pobreza - El Diario - Bolivia","og_description":"Los pa\u00edses ingresaron en un per\u00edodo de estancamiento econ\u00f3mico. Bolivia desacelera su econom\u00eda y hay riesgo de enfrentar una estanflaci\u00f3n o repetir el indicador de la pandemia, una recesi\u00f3n. La devaluaci\u00f3n del boliviano frente al d\u00f3lar paralelo de 40%, ha afectado a los m\u00e1s vulnerables, en especial del sector informal, pues este no recibe aumento [&hellip;]","og_url":"https:\/\/www.eldiario.net\/portal\/2024\/09\/23\/bajo-crecimiento-provoca-desigualdad-y-pobreza\/","og_site_name":"El Diario - Bolivia","article_publisher":"https:\/\/www.facebook.com\/eldiario.bolivia\/","article_published_time":"2024-09-23T09:41:19+00:00","og_image":[{"width":800,"height":500,"url":"https:\/\/www.eldiario.net\/portal\/wp-content\/uploads\/2023\/12\/Economia.jpg","type":"image\/jpeg"}],"author":"Jeanette","twitter_card":"summary_large_image","twitter_creator":"@eldiario_net","twitter_site":"@eldiario_net","twitter_misc":{"Escrito por":"Jeanette","Tiempo de lectura":"5 minutos"},"schema":{"@context":"https:\/\/schema.org","@graph":[{"@type":"Article","@id":"https:\/\/www.eldiario.net\/portal\/2024\/09\/23\/bajo-crecimiento-provoca-desigualdad-y-pobreza\/#article","isPartOf":{"@id":"https:\/\/www.eldiario.net\/portal\/2024\/09\/23\/bajo-crecimiento-provoca-desigualdad-y-pobreza\/"},"author":{"name":"Jeanette","@id":"https:\/\/www.eldiario.net\/portal\/#\/schema\/person\/2c57cf2b7a7ae032e449e4c9b1019eac"},"headline":"Bajo crecimiento provoca desigualdad y pobreza","datePublished":"2024-09-23T09:41:19+00:00","mainEntityOfPage":{"@id":"https:\/\/www.eldiario.net\/portal\/2024\/09\/23\/bajo-crecimiento-provoca-desigualdad-y-pobreza\/"},"wordCount":1062,"commentCount":0,"publisher":{"@id":"https:\/\/www.eldiario.net\/portal\/#organization"},"image":{"@id":"https:\/\/www.eldiario.net\/portal\/2024\/09\/23\/bajo-crecimiento-provoca-desigualdad-y-pobreza\/#primaryimage"},"thumbnailUrl":"https:\/\/www.eldiario.net\/portal\/wp-content\/uploads\/2023\/12\/Economia.jpg","articleSection":["Econom\u00eda"],"inLanguage":"es","potentialAction":[{"@type":"CommentAction","name":"Comment","target":["https:\/\/www.eldiario.net\/portal\/2024\/09\/23\/bajo-crecimiento-provoca-desigualdad-y-pobreza\/#respond"]}]},{"@type":"WebPage","@id":"https:\/\/www.eldiario.net\/portal\/2024\/09\/23\/bajo-crecimiento-provoca-desigualdad-y-pobreza\/","url":"https:\/\/www.eldiario.net\/portal\/2024\/09\/23\/bajo-crecimiento-provoca-desigualdad-y-pobreza\/","name":"Bajo crecimiento provoca desigualdad y pobreza - El Diario - Bolivia","isPartOf":{"@id":"https:\/\/www.eldiario.net\/portal\/#website"},"primaryImageOfPage":{"@id":"https:\/\/www.eldiario.net\/portal\/2024\/09\/23\/bajo-crecimiento-provoca-desigualdad-y-pobreza\/#primaryimage"},"image":{"@id":"https:\/\/www.eldiario.net\/portal\/2024\/09\/23\/bajo-crecimiento-provoca-desigualdad-y-pobreza\/#primaryimage"},"thumbnailUrl":"https:\/\/www.eldiario.net\/portal\/wp-content\/uploads\/2023\/12\/Economia.jpg","datePublished":"2024-09-23T09:41:19+00:00","breadcrumb":{"@id":"https:\/\/www.eldiario.net\/portal\/2024\/09\/23\/bajo-crecimiento-provoca-desigualdad-y-pobreza\/#breadcrumb"},"inLanguage":"es","potentialAction":[{"@type":"ReadAction","target":["https:\/\/www.eldiario.net\/portal\/2024\/09\/23\/bajo-crecimiento-provoca-desigualdad-y-pobreza\/"]}]},{"@type":"ImageObject","inLanguage":"es","@id":"https:\/\/www.eldiario.net\/portal\/2024\/09\/23\/bajo-crecimiento-provoca-desigualdad-y-pobreza\/#primaryimage","url":"https:\/\/www.eldiario.net\/portal\/wp-content\/uploads\/2023\/12\/Economia.jpg","contentUrl":"https:\/\/www.eldiario.net\/portal\/wp-content\/uploads\/2023\/12\/Economia.jpg","width":800,"height":500},{"@type":"BreadcrumbList","@id":"https:\/\/www.eldiario.net\/portal\/2024\/09\/23\/bajo-crecimiento-provoca-desigualdad-y-pobreza\/#breadcrumb","itemListElement":[{"@type":"ListItem","position":1,"name":"Portada","item":"https:\/\/www.eldiario.net\/portal\/"},{"@type":"ListItem","position":2,"name":"Bajo crecimiento provoca desigualdad y pobreza"}]},{"@type":"WebSite","@id":"https:\/\/www.eldiario.net\/portal\/#website","url":"https:\/\/www.eldiario.net\/portal\/","name":"El Diario - Decano de la prensa nacional","description":"El Diario - Decano de la prensa nacional","publisher":{"@id":"https:\/\/www.eldiario.net\/portal\/#organization"},"potentialAction":[{"@type":"SearchAction","target":{"@type":"EntryPoint","urlTemplate":"https:\/\/www.eldiario.net\/portal\/?s={search_term_string}"},"query-input":{"@type":"PropertyValueSpecification","valueRequired":true,"valueName":"search_term_string"}}],"inLanguage":"es"},{"@type":"Organization","@id":"https:\/\/www.eldiario.net\/portal\/#organization","name":"El Diario - Decano de la prensa nacional","url":"https:\/\/www.eldiario.net\/portal\/","logo":{"@type":"ImageObject","inLanguage":"es","@id":"https:\/\/www.eldiario.net\/portal\/#\/schema\/logo\/image\/","url":"https:\/\/www.eldiario.net\/portal\/wp-content\/uploads\/2023\/07\/logo_ED.jpg","contentUrl":"https:\/\/www.eldiario.net\/portal\/wp-content\/uploads\/2023\/07\/logo_ED.jpg","width":272,"height":52,"caption":"El Diario - Decano de la prensa nacional"},"image":{"@id":"https:\/\/www.eldiario.net\/portal\/#\/schema\/logo\/image\/"},"sameAs":["https:\/\/www.facebook.com\/eldiario.bolivia\/","https:\/\/x.com\/eldiario_net"]},{"@type":"Person","@id":"https:\/\/www.eldiario.net\/portal\/#\/schema\/person\/2c57cf2b7a7ae032e449e4c9b1019eac","name":"Jeanette","image":{"@type":"ImageObject","inLanguage":"es","@id":"https:\/\/secure.gravatar.com\/avatar\/3ea2118a5f7dad2b7138b1187a6b7ee55f160b9968b66013c3a3ef39dd7e5798?s=96&d=mm&r=g","url":"https:\/\/secure.gravatar.com\/avatar\/3ea2118a5f7dad2b7138b1187a6b7ee55f160b9968b66013c3a3ef39dd7e5798?s=96&d=mm&r=g","contentUrl":"https:\/\/secure.gravatar.com\/avatar\/3ea2118a5f7dad2b7138b1187a6b7ee55f160b9968b66013c3a3ef39dd7e5798?s=96&d=mm&r=g","caption":"Jeanette"},"sameAs":["https:\/\/www.eldiario.net\/portal"],"url":"https:\/\/www.eldiario.net\/portal\/author\/jeanette\/"}]}},"_links":{"self":[{"href":"https:\/\/www.eldiario.net\/portal\/wp-json\/wp\/v2\/posts\/249359","targetHints":{"allow":["GET"]}}],"collection":[{"href":"https:\/\/www.eldiario.net\/portal\/wp-json\/wp\/v2\/posts"}],"about":[{"href":"https:\/\/www.eldiario.net\/portal\/wp-json\/wp\/v2\/types\/post"}],"author":[{"embeddable":true,"href":"https:\/\/www.eldiario.net\/portal\/wp-json\/wp\/v2\/users\/1"}],"replies":[{"embeddable":true,"href":"https:\/\/www.eldiario.net\/portal\/wp-json\/wp\/v2\/comments?post=249359"}],"version-history":[{"count":1,"href":"https:\/\/www.eldiario.net\/portal\/wp-json\/wp\/v2\/posts\/249359\/revisions"}],"predecessor-version":[{"id":249360,"href":"https:\/\/www.eldiario.net\/portal\/wp-json\/wp\/v2\/posts\/249359\/revisions\/249360"}],"wp:featuredmedia":[{"embeddable":true,"href":"https:\/\/www.eldiario.net\/portal\/wp-json\/wp\/v2\/media\/194689"}],"wp:attachment":[{"href":"https:\/\/www.eldiario.net\/portal\/wp-json\/wp\/v2\/media?parent=249359"}],"wp:term":[{"taxonomy":"category","embeddable":true,"href":"https:\/\/www.eldiario.net\/portal\/wp-json\/wp\/v2\/categories?post=249359"},{"taxonomy":"post_tag","embeddable":true,"href":"https:\/\/www.eldiario.net\/portal\/wp-json\/wp\/v2\/tags?post=249359"}],"curies":[{"name":"wp","href":"https:\/\/api.w.org\/{rel}","templated":true}]}}