{"id":249357,"date":"2024-09-23T05:40:39","date_gmt":"2024-09-23T09:40:39","guid":{"rendered":"https:\/\/www.eldiario.net\/portal\/?p=249357"},"modified":"2024-09-23T05:40:39","modified_gmt":"2024-09-23T09:40:39","slug":"demuestre-caracter-senor-presidente","status":"publish","type":"post","link":"https:\/\/www.eldiario.net\/portal\/2024\/09\/23\/demuestre-caracter-senor-presidente\/","title":{"rendered":"Demuestre car\u00e1cter, \u201cse\u00f1or presidente\u201d"},"content":{"rendered":"<p>Evo Morales y todos sus adeptos est\u00e1n decididos a poner en jaque al nefasto gobierno de Luis Arce. Me queda claro que la \u201cmarcha para salvar Bolivia\u201d, si se considera un \u201c\u00e9xito\u201d, podr\u00eda significar el fin de un gobierno que hoy m\u00e1s que nunca est\u00e1 en la cuerda floja. La crisis econ\u00f3mica, las trabas legislativas, los pol\u00e9micos resultados del Censo y los incendios han puesto al gobierno en una situaci\u00f3n cr\u00edtica.<br \/>\nVoy a ser directo: no me interesa lo que manejan los arcistas y los serviles de CC respecto a la constitucionalidad y el respeto a los t\u00e9rminos establecidos de un mandato. Si este gobierno nada hace para combatir la crisis econ\u00f3mica y sacar a Bolivia de la miseria, debe irse; es as\u00ed de simple. No se trata de respetar un mandato, se trata de combatir la terrible crisis econ\u00f3mica para proteger la integridad de los bolivianos.<br \/>\nLas manifestaciones y protestas son derechos, pero lo que Evo quiere hacer no parece ser una simple marcha pac\u00edfica. Tiene toda la intenci\u00f3n de terminar el mandato de Luis Arce, y no de manera pac\u00edfica. Sin duda, esta lucha de poder definir\u00e1 tanto el futuro del gobierno de Arce como la candidatura del MAS; hay mucho en juego.<br \/>\nEn un enfrentamiento dentro de un partido, el que gana generalmente es quien tiene el aparato estatal de su lado. Por ejemplo, Adolf Hitler termin\u00f3 con las aspiraciones de Ernst R\u00f6hm y las SA de manera r\u00e1pida y contundente, gracias a su rol como canciller de Alemania, al igual que hizo Stalin con Trotsky, aprovechando su puesto de secretario general. Para contrarrestar esta tendencia, se necesita ser realmente excepcional, como Julio C\u00e9sar al derrotar a Pompeyo y al corrupto Senado romano.<br \/>\nEn el caso de Bolivia, Arce ostenta el poder y Evo es el \u201cretador\u201d; sin embargo, parece que el expresidente tiene todas las de ganar. Recientemente, Arce dio un discurso pidi\u00e9ndole a Evo que dejara de buscar enfrentamientos e incluso dijo que har\u00eda lo necesario para evitar que el \u201cpueblo boliviano sufra\u201d la ira del l\u00edder cocalero. Este discurso fue pat\u00e9tico. Arce, en lugar de causar temor o respeto, no hizo m\u00e1s que dar verg\u00fcenza ajena. Se vio a un presidente d\u00e9bil y derrotado, tan afectado por las acciones de Evo que debe dar un discurso televisado para demostrar al pueblo que \u201ctiene agallas\u201d. Ese discurso fue seguido por declaraciones de Evo, afirmando que quer\u00edan reprimir su marcha, buscando retratar al gobierno de Arce como autoritario y alertar a la poblaci\u00f3n sobre una posible represi\u00f3n.<br \/>\nLas acciones de Evo y sus partidarios son, sin duda, anticonstitucionales. Se han filtrado videos de ponchos rojos armados y listos para \u201cpelear\u201d. Me pregunto: \u00bfno es eso un alzamiento armado?<br \/>\nConcuerdo con que Evo solo busca enfrentamientos; siempre ha buscado dividir al pa\u00eds. Los m\u00e9todos que utilizar\u00e1, como todo izquierdista, ser\u00e1n violentos y traer\u00e1n caos a Bolivia. Conociendo las acciones de estos grupos de choque manejados por Evo, y la ley, est\u00e1 claro que estamos ante un alzamiento y sedici\u00f3n que puede afectar los derechos fundamentales de los bolivianos, sobre todo de los pace\u00f1os. Est\u00e1 en juego nuestra integridad y salud.<br \/>\nArce y su gobierno tienen fundamentos jur\u00eddicos de sobra para actuar y terminar con estos actos de terrorismo. Presidente, por una vez, muestre que tiene car\u00e1cter. Termine con la rebeli\u00f3n de Evo, que nos afectar\u00e1 a todos, y proteja al pueblo. Ponga la ley primero y, de una vez por todas, h\u00e1gase respetar. Acabe con las aspiraciones de Evo. No solo ganar\u00e1 cierto respeto por parte de los bolivianos, sino que tambi\u00e9n se asegurar\u00e1 su rol como nuevo \u201ccaudillo\u201d del MAS. Este es su momento definitivo para actuar; tiene al Estado y una oportunidad \u00fanica para hacerlo. Muestre que est\u00e1 a la altura del cargo. Tiene en sus manos la oportunidad definitiva para ganar la guerra interna y adue\u00f1arse del MAS; no puede desaprovechar esta situaci\u00f3n.<\/p>\n","protected":false},"excerpt":{"rendered":"<p>Evo Morales y todos sus adeptos est\u00e1n decididos a poner en jaque al nefasto gobierno de Luis Arce. Me queda claro que la \u201cmarcha para salvar Bolivia\u201d, si se considera un \u201c\u00e9xito\u201d, podr\u00eda significar el fin de un gobierno que hoy m\u00e1s que nunca est\u00e1 en la cuerda floja. La crisis econ\u00f3mica, las trabas legislativas, [&hellip;]<\/p>\n","protected":false},"author":1,"featured_media":161834,"comment_status":"open","ping_status":"open","sticky":false,"template":"","format":"standard","meta":{"_acf_changed":false,"footnotes":""},"categories":[9],"tags":[],"class_list":["post-249357","post","type-post","status-publish","format-standard","has-post-thumbnail","category-opinion"],"acf":{"antetitulo":""},"yoast_head":"<!-- This site is optimized with the Yoast SEO plugin v28.4 - https:\/\/yoast.com\/product\/yoast-seo-wordpress\/ -->\n<title>Demuestre car\u00e1cter, \u201cse\u00f1or presidente\u201d - El Diario - Bolivia<\/title>\n<meta name=\"robots\" content=\"index, follow, max-snippet:-1, max-image-preview:large, max-video-preview:-1\" \/>\n<link rel=\"canonical\" href=\"https:\/\/www.eldiario.net\/portal\/2024\/09\/23\/demuestre-caracter-senor-presidente\/\" \/>\n<meta property=\"og:locale\" content=\"es_ES\" \/>\n<meta property=\"og:type\" content=\"article\" \/>\n<meta property=\"og:title\" content=\"Demuestre car\u00e1cter, \u201cse\u00f1or presidente\u201d - El Diario - Bolivia\" \/>\n<meta property=\"og:description\" content=\"Evo Morales y todos sus adeptos est\u00e1n decididos a poner en jaque al nefasto gobierno de Luis Arce. Me queda claro que la \u201cmarcha para salvar Bolivia\u201d, si se considera un \u201c\u00e9xito\u201d, podr\u00eda significar el fin de un gobierno que hoy m\u00e1s que nunca est\u00e1 en la cuerda floja. La crisis econ\u00f3mica, las trabas legislativas, [&hellip;]\" \/>\n<meta property=\"og:url\" content=\"https:\/\/www.eldiario.net\/portal\/2024\/09\/23\/demuestre-caracter-senor-presidente\/\" \/>\n<meta property=\"og:site_name\" content=\"El Diario - Bolivia\" \/>\n<meta property=\"article:publisher\" content=\"https:\/\/www.facebook.com\/eldiario.bolivia\/\" \/>\n<meta property=\"article:published_time\" content=\"2024-09-23T09:40:39+00:00\" \/>\n<meta property=\"og:image\" content=\"https:\/\/www.eldiario.net\/portal\/wp-content\/uploads\/2023\/06\/Fabian-Freire.jpg\" \/>\n\t<meta property=\"og:image:width\" content=\"1200\" \/>\n\t<meta property=\"og:image:height\" content=\"628\" \/>\n\t<meta property=\"og:image:type\" content=\"image\/jpeg\" \/>\n<meta name=\"author\" content=\"Jeanette\" \/>\n<meta name=\"twitter:card\" content=\"summary_large_image\" \/>\n<meta name=\"twitter:creator\" content=\"@eldiario_net\" \/>\n<meta name=\"twitter:site\" content=\"@eldiario_net\" \/>\n<meta name=\"twitter:label1\" content=\"Escrito por\" \/>\n\t<meta name=\"twitter:data1\" content=\"Jeanette\" \/>\n\t<meta name=\"twitter:label2\" content=\"Tiempo de lectura\" \/>\n\t<meta name=\"twitter:data2\" content=\"4 minutos\" \/>\n<script type=\"application\/ld+json\" class=\"yoast-schema-graph\">{\"@context\":\"https:\\\/\\\/schema.org\",\"@graph\":[{\"@type\":\"Article\",\"@id\":\"https:\\\/\\\/www.eldiario.net\\\/portal\\\/2024\\\/09\\\/23\\\/demuestre-caracter-senor-presidente\\\/#article\",\"isPartOf\":{\"@id\":\"https:\\\/\\\/www.eldiario.net\\\/portal\\\/2024\\\/09\\\/23\\\/demuestre-caracter-senor-presidente\\\/\"},\"author\":{\"name\":\"Jeanette\",\"@id\":\"https:\\\/\\\/www.eldiario.net\\\/portal\\\/#\\\/schema\\\/person\\\/2c57cf2b7a7ae032e449e4c9b1019eac\"},\"headline\":\"Demuestre car\u00e1cter, \u201cse\u00f1or presidente\u201d\",\"datePublished\":\"2024-09-23T09:40:39+00:00\",\"mainEntityOfPage\":{\"@id\":\"https:\\\/\\\/www.eldiario.net\\\/portal\\\/2024\\\/09\\\/23\\\/demuestre-caracter-senor-presidente\\\/\"},\"wordCount\":694,\"commentCount\":0,\"publisher\":{\"@id\":\"https:\\\/\\\/www.eldiario.net\\\/portal\\\/#organization\"},\"image\":{\"@id\":\"https:\\\/\\\/www.eldiario.net\\\/portal\\\/2024\\\/09\\\/23\\\/demuestre-caracter-senor-presidente\\\/#primaryimage\"},\"thumbnailUrl\":\"https:\\\/\\\/www.eldiario.net\\\/portal\\\/wp-content\\\/uploads\\\/2023\\\/06\\\/Fabian-Freire.jpg\",\"articleSection\":[\"Opini\u00f3n\"],\"inLanguage\":\"es\",\"potentialAction\":[{\"@type\":\"CommentAction\",\"name\":\"Comment\",\"target\":[\"https:\\\/\\\/www.eldiario.net\\\/portal\\\/2024\\\/09\\\/23\\\/demuestre-caracter-senor-presidente\\\/#respond\"]}]},{\"@type\":\"WebPage\",\"@id\":\"https:\\\/\\\/www.eldiario.net\\\/portal\\\/2024\\\/09\\\/23\\\/demuestre-caracter-senor-presidente\\\/\",\"url\":\"https:\\\/\\\/www.eldiario.net\\\/portal\\\/2024\\\/09\\\/23\\\/demuestre-caracter-senor-presidente\\\/\",\"name\":\"Demuestre car\u00e1cter, \u201cse\u00f1or presidente\u201d - El Diario - Bolivia\",\"isPartOf\":{\"@id\":\"https:\\\/\\\/www.eldiario.net\\\/portal\\\/#website\"},\"primaryImageOfPage\":{\"@id\":\"https:\\\/\\\/www.eldiario.net\\\/portal\\\/2024\\\/09\\\/23\\\/demuestre-caracter-senor-presidente\\\/#primaryimage\"},\"image\":{\"@id\":\"https:\\\/\\\/www.eldiario.net\\\/portal\\\/2024\\\/09\\\/23\\\/demuestre-caracter-senor-presidente\\\/#primaryimage\"},\"thumbnailUrl\":\"https:\\\/\\\/www.eldiario.net\\\/portal\\\/wp-content\\\/uploads\\\/2023\\\/06\\\/Fabian-Freire.jpg\",\"datePublished\":\"2024-09-23T09:40:39+00:00\",\"breadcrumb\":{\"@id\":\"https:\\\/\\\/www.eldiario.net\\\/portal\\\/2024\\\/09\\\/23\\\/demuestre-caracter-senor-presidente\\\/#breadcrumb\"},\"inLanguage\":\"es\",\"potentialAction\":[{\"@type\":\"ReadAction\",\"target\":[\"https:\\\/\\\/www.eldiario.net\\\/portal\\\/2024\\\/09\\\/23\\\/demuestre-caracter-senor-presidente\\\/\"]}]},{\"@type\":\"ImageObject\",\"inLanguage\":\"es\",\"@id\":\"https:\\\/\\\/www.eldiario.net\\\/portal\\\/2024\\\/09\\\/23\\\/demuestre-caracter-senor-presidente\\\/#primaryimage\",\"url\":\"https:\\\/\\\/www.eldiario.net\\\/portal\\\/wp-content\\\/uploads\\\/2023\\\/06\\\/Fabian-Freire.jpg\",\"contentUrl\":\"https:\\\/\\\/www.eldiario.net\\\/portal\\\/wp-content\\\/uploads\\\/2023\\\/06\\\/Fabian-Freire.jpg\",\"width\":1200,\"height\":628,\"caption\":\"Fabian Freire\"},{\"@type\":\"BreadcrumbList\",\"@id\":\"https:\\\/\\\/www.eldiario.net\\\/portal\\\/2024\\\/09\\\/23\\\/demuestre-caracter-senor-presidente\\\/#breadcrumb\",\"itemListElement\":[{\"@type\":\"ListItem\",\"position\":1,\"name\":\"Portada\",\"item\":\"https:\\\/\\\/www.eldiario.net\\\/portal\\\/\"},{\"@type\":\"ListItem\",\"position\":2,\"name\":\"Demuestre car\u00e1cter, \u201cse\u00f1or presidente\u201d\"}]},{\"@type\":\"WebSite\",\"@id\":\"https:\\\/\\\/www.eldiario.net\\\/portal\\\/#website\",\"url\":\"https:\\\/\\\/www.eldiario.net\\\/portal\\\/\",\"name\":\"El Diario - Decano de la prensa nacional\",\"description\":\"El Diario - Decano de la prensa nacional\",\"publisher\":{\"@id\":\"https:\\\/\\\/www.eldiario.net\\\/portal\\\/#organization\"},\"potentialAction\":[{\"@type\":\"SearchAction\",\"target\":{\"@type\":\"EntryPoint\",\"urlTemplate\":\"https:\\\/\\\/www.eldiario.net\\\/portal\\\/?s={search_term_string}\"},\"query-input\":{\"@type\":\"PropertyValueSpecification\",\"valueRequired\":true,\"valueName\":\"search_term_string\"}}],\"inLanguage\":\"es\"},{\"@type\":\"Organization\",\"@id\":\"https:\\\/\\\/www.eldiario.net\\\/portal\\\/#organization\",\"name\":\"El Diario - Decano de la prensa nacional\",\"url\":\"https:\\\/\\\/www.eldiario.net\\\/portal\\\/\",\"logo\":{\"@type\":\"ImageObject\",\"inLanguage\":\"es\",\"@id\":\"https:\\\/\\\/www.eldiario.net\\\/portal\\\/#\\\/schema\\\/logo\\\/image\\\/\",\"url\":\"https:\\\/\\\/www.eldiario.net\\\/portal\\\/wp-content\\\/uploads\\\/2023\\\/07\\\/logo_ED.jpg\",\"contentUrl\":\"https:\\\/\\\/www.eldiario.net\\\/portal\\\/wp-content\\\/uploads\\\/2023\\\/07\\\/logo_ED.jpg\",\"width\":272,\"height\":52,\"caption\":\"El Diario - Decano de la prensa nacional\"},\"image\":{\"@id\":\"https:\\\/\\\/www.eldiario.net\\\/portal\\\/#\\\/schema\\\/logo\\\/image\\\/\"},\"sameAs\":[\"https:\\\/\\\/www.facebook.com\\\/eldiario.bolivia\\\/\",\"https:\\\/\\\/x.com\\\/eldiario_net\"]},{\"@type\":\"Person\",\"@id\":\"https:\\\/\\\/www.eldiario.net\\\/portal\\\/#\\\/schema\\\/person\\\/2c57cf2b7a7ae032e449e4c9b1019eac\",\"name\":\"Jeanette\",\"image\":{\"@type\":\"ImageObject\",\"inLanguage\":\"es\",\"@id\":\"https:\\\/\\\/secure.gravatar.com\\\/avatar\\\/3ea2118a5f7dad2b7138b1187a6b7ee55f160b9968b66013c3a3ef39dd7e5798?s=96&d=mm&r=g\",\"url\":\"https:\\\/\\\/secure.gravatar.com\\\/avatar\\\/3ea2118a5f7dad2b7138b1187a6b7ee55f160b9968b66013c3a3ef39dd7e5798?s=96&d=mm&r=g\",\"contentUrl\":\"https:\\\/\\\/secure.gravatar.com\\\/avatar\\\/3ea2118a5f7dad2b7138b1187a6b7ee55f160b9968b66013c3a3ef39dd7e5798?s=96&d=mm&r=g\",\"caption\":\"Jeanette\"},\"sameAs\":[\"https:\\\/\\\/www.eldiario.net\\\/portal\"],\"url\":\"https:\\\/\\\/www.eldiario.net\\\/portal\\\/author\\\/jeanette\\\/\"}]}<\/script>\n<!-- \/ Yoast SEO plugin. -->","yoast_head_json":{"title":"Demuestre car\u00e1cter, \u201cse\u00f1or presidente\u201d - El Diario - Bolivia","robots":{"index":"index","follow":"follow","max-snippet":"max-snippet:-1","max-image-preview":"max-image-preview:large","max-video-preview":"max-video-preview:-1"},"canonical":"https:\/\/www.eldiario.net\/portal\/2024\/09\/23\/demuestre-caracter-senor-presidente\/","og_locale":"es_ES","og_type":"article","og_title":"Demuestre car\u00e1cter, \u201cse\u00f1or presidente\u201d - El Diario - Bolivia","og_description":"Evo Morales y todos sus adeptos est\u00e1n decididos a poner en jaque al nefasto gobierno de Luis Arce. Me queda claro que la \u201cmarcha para salvar Bolivia\u201d, si se considera un \u201c\u00e9xito\u201d, podr\u00eda significar el fin de un gobierno que hoy m\u00e1s que nunca est\u00e1 en la cuerda floja. La crisis econ\u00f3mica, las trabas legislativas, [&hellip;]","og_url":"https:\/\/www.eldiario.net\/portal\/2024\/09\/23\/demuestre-caracter-senor-presidente\/","og_site_name":"El Diario - Bolivia","article_publisher":"https:\/\/www.facebook.com\/eldiario.bolivia\/","article_published_time":"2024-09-23T09:40:39+00:00","og_image":[{"width":1200,"height":628,"url":"https:\/\/www.eldiario.net\/portal\/wp-content\/uploads\/2023\/06\/Fabian-Freire.jpg","type":"image\/jpeg"}],"author":"Jeanette","twitter_card":"summary_large_image","twitter_creator":"@eldiario_net","twitter_site":"@eldiario_net","twitter_misc":{"Escrito por":"Jeanette","Tiempo de lectura":"4 minutos"},"schema":{"@context":"https:\/\/schema.org","@graph":[{"@type":"Article","@id":"https:\/\/www.eldiario.net\/portal\/2024\/09\/23\/demuestre-caracter-senor-presidente\/#article","isPartOf":{"@id":"https:\/\/www.eldiario.net\/portal\/2024\/09\/23\/demuestre-caracter-senor-presidente\/"},"author":{"name":"Jeanette","@id":"https:\/\/www.eldiario.net\/portal\/#\/schema\/person\/2c57cf2b7a7ae032e449e4c9b1019eac"},"headline":"Demuestre car\u00e1cter, \u201cse\u00f1or presidente\u201d","datePublished":"2024-09-23T09:40:39+00:00","mainEntityOfPage":{"@id":"https:\/\/www.eldiario.net\/portal\/2024\/09\/23\/demuestre-caracter-senor-presidente\/"},"wordCount":694,"commentCount":0,"publisher":{"@id":"https:\/\/www.eldiario.net\/portal\/#organization"},"image":{"@id":"https:\/\/www.eldiario.net\/portal\/2024\/09\/23\/demuestre-caracter-senor-presidente\/#primaryimage"},"thumbnailUrl":"https:\/\/www.eldiario.net\/portal\/wp-content\/uploads\/2023\/06\/Fabian-Freire.jpg","articleSection":["Opini\u00f3n"],"inLanguage":"es","potentialAction":[{"@type":"CommentAction","name":"Comment","target":["https:\/\/www.eldiario.net\/portal\/2024\/09\/23\/demuestre-caracter-senor-presidente\/#respond"]}]},{"@type":"WebPage","@id":"https:\/\/www.eldiario.net\/portal\/2024\/09\/23\/demuestre-caracter-senor-presidente\/","url":"https:\/\/www.eldiario.net\/portal\/2024\/09\/23\/demuestre-caracter-senor-presidente\/","name":"Demuestre car\u00e1cter, \u201cse\u00f1or presidente\u201d - El Diario - Bolivia","isPartOf":{"@id":"https:\/\/www.eldiario.net\/portal\/#website"},"primaryImageOfPage":{"@id":"https:\/\/www.eldiario.net\/portal\/2024\/09\/23\/demuestre-caracter-senor-presidente\/#primaryimage"},"image":{"@id":"https:\/\/www.eldiario.net\/portal\/2024\/09\/23\/demuestre-caracter-senor-presidente\/#primaryimage"},"thumbnailUrl":"https:\/\/www.eldiario.net\/portal\/wp-content\/uploads\/2023\/06\/Fabian-Freire.jpg","datePublished":"2024-09-23T09:40:39+00:00","breadcrumb":{"@id":"https:\/\/www.eldiario.net\/portal\/2024\/09\/23\/demuestre-caracter-senor-presidente\/#breadcrumb"},"inLanguage":"es","potentialAction":[{"@type":"ReadAction","target":["https:\/\/www.eldiario.net\/portal\/2024\/09\/23\/demuestre-caracter-senor-presidente\/"]}]},{"@type":"ImageObject","inLanguage":"es","@id":"https:\/\/www.eldiario.net\/portal\/2024\/09\/23\/demuestre-caracter-senor-presidente\/#primaryimage","url":"https:\/\/www.eldiario.net\/portal\/wp-content\/uploads\/2023\/06\/Fabian-Freire.jpg","contentUrl":"https:\/\/www.eldiario.net\/portal\/wp-content\/uploads\/2023\/06\/Fabian-Freire.jpg","width":1200,"height":628,"caption":"Fabian Freire"},{"@type":"BreadcrumbList","@id":"https:\/\/www.eldiario.net\/portal\/2024\/09\/23\/demuestre-caracter-senor-presidente\/#breadcrumb","itemListElement":[{"@type":"ListItem","position":1,"name":"Portada","item":"https:\/\/www.eldiario.net\/portal\/"},{"@type":"ListItem","position":2,"name":"Demuestre car\u00e1cter, \u201cse\u00f1or presidente\u201d"}]},{"@type":"WebSite","@id":"https:\/\/www.eldiario.net\/portal\/#website","url":"https:\/\/www.eldiario.net\/portal\/","name":"El Diario - Decano de la prensa nacional","description":"El Diario - Decano de la prensa nacional","publisher":{"@id":"https:\/\/www.eldiario.net\/portal\/#organization"},"potentialAction":[{"@type":"SearchAction","target":{"@type":"EntryPoint","urlTemplate":"https:\/\/www.eldiario.net\/portal\/?s={search_term_string}"},"query-input":{"@type":"PropertyValueSpecification","valueRequired":true,"valueName":"search_term_string"}}],"inLanguage":"es"},{"@type":"Organization","@id":"https:\/\/www.eldiario.net\/portal\/#organization","name":"El Diario - Decano de la prensa nacional","url":"https:\/\/www.eldiario.net\/portal\/","logo":{"@type":"ImageObject","inLanguage":"es","@id":"https:\/\/www.eldiario.net\/portal\/#\/schema\/logo\/image\/","url":"https:\/\/www.eldiario.net\/portal\/wp-content\/uploads\/2023\/07\/logo_ED.jpg","contentUrl":"https:\/\/www.eldiario.net\/portal\/wp-content\/uploads\/2023\/07\/logo_ED.jpg","width":272,"height":52,"caption":"El Diario - Decano de la prensa nacional"},"image":{"@id":"https:\/\/www.eldiario.net\/portal\/#\/schema\/logo\/image\/"},"sameAs":["https:\/\/www.facebook.com\/eldiario.bolivia\/","https:\/\/x.com\/eldiario_net"]},{"@type":"Person","@id":"https:\/\/www.eldiario.net\/portal\/#\/schema\/person\/2c57cf2b7a7ae032e449e4c9b1019eac","name":"Jeanette","image":{"@type":"ImageObject","inLanguage":"es","@id":"https:\/\/secure.gravatar.com\/avatar\/3ea2118a5f7dad2b7138b1187a6b7ee55f160b9968b66013c3a3ef39dd7e5798?s=96&d=mm&r=g","url":"https:\/\/secure.gravatar.com\/avatar\/3ea2118a5f7dad2b7138b1187a6b7ee55f160b9968b66013c3a3ef39dd7e5798?s=96&d=mm&r=g","contentUrl":"https:\/\/secure.gravatar.com\/avatar\/3ea2118a5f7dad2b7138b1187a6b7ee55f160b9968b66013c3a3ef39dd7e5798?s=96&d=mm&r=g","caption":"Jeanette"},"sameAs":["https:\/\/www.eldiario.net\/portal"],"url":"https:\/\/www.eldiario.net\/portal\/author\/jeanette\/"}]}},"_links":{"self":[{"href":"https:\/\/www.eldiario.net\/portal\/wp-json\/wp\/v2\/posts\/249357","targetHints":{"allow":["GET"]}}],"collection":[{"href":"https:\/\/www.eldiario.net\/portal\/wp-json\/wp\/v2\/posts"}],"about":[{"href":"https:\/\/www.eldiario.net\/portal\/wp-json\/wp\/v2\/types\/post"}],"author":[{"embeddable":true,"href":"https:\/\/www.eldiario.net\/portal\/wp-json\/wp\/v2\/users\/1"}],"replies":[{"embeddable":true,"href":"https:\/\/www.eldiario.net\/portal\/wp-json\/wp\/v2\/comments?post=249357"}],"version-history":[{"count":1,"href":"https:\/\/www.eldiario.net\/portal\/wp-json\/wp\/v2\/posts\/249357\/revisions"}],"predecessor-version":[{"id":249358,"href":"https:\/\/www.eldiario.net\/portal\/wp-json\/wp\/v2\/posts\/249357\/revisions\/249358"}],"wp:featuredmedia":[{"embeddable":true,"href":"https:\/\/www.eldiario.net\/portal\/wp-json\/wp\/v2\/media\/161834"}],"wp:attachment":[{"href":"https:\/\/www.eldiario.net\/portal\/wp-json\/wp\/v2\/media?parent=249357"}],"wp:term":[{"taxonomy":"category","embeddable":true,"href":"https:\/\/www.eldiario.net\/portal\/wp-json\/wp\/v2\/categories?post=249357"},{"taxonomy":"post_tag","embeddable":true,"href":"https:\/\/www.eldiario.net\/portal\/wp-json\/wp\/v2\/tags?post=249357"}],"curies":[{"name":"wp","href":"https:\/\/api.w.org\/{rel}","templated":true}]}}