{"id":249355,"date":"2024-09-23T05:40:15","date_gmt":"2024-09-23T09:40:15","guid":{"rendered":"https:\/\/www.eldiario.net\/portal\/?p=249355"},"modified":"2024-09-23T05:40:15","modified_gmt":"2024-09-23T09:40:15","slug":"efectos-del-poder","status":"publish","type":"post","link":"https:\/\/www.eldiario.net\/portal\/2024\/09\/23\/efectos-del-poder\/","title":{"rendered":"Efectos del Poder"},"content":{"rendered":"<p>Quienes detentaron el Poder, bajo el influjo de cierta ideolog\u00eda, incurrieron en desprop\u00f3sitos inconcebibles. Lo utilizaron para destruir la imagen y trayectoria de quienes pensaban diferente. Abrieron las c\u00e1rceles para encerrarlos. Hechos que se han registrado, como es de conocimiento p\u00fablico, en democracia, recuperada con sacrificio en 1982. Fueron recurrentes tales actos. Quiz\u00e1 se repitan m\u00e1s adelante, a pesar de que empa\u00f1aron el legado democr\u00e1tico de nuestros mayores y frustraron las expectativas de lograr convivencia pac\u00edfica y civilizada. Que significaron retroceso y desenga\u00f1o, en una coyuntura donde deber\u00eda imperar el dialogo. Los errores y excesos cometidos a la sombra del Poder, aceleraron el desgaste de todos los que asumieron posturas autoritarias.<br \/>\nOtros actuaron con sentido com\u00fan y vocaci\u00f3n de servicio a la Patria. Pensando en un futuro llevadero, en particular. Ratificando su sometimiento a la ley y su solidaridad incondicional con los desfavorecidos que, hoy como ayer, padecen porque la moneda nacional ha perdido su poder adquisitivo y no les permite llenar la canasta familiar. \u201cLa ca\u00edda de la producci\u00f3n de GAS, se indic\u00f3, provoc\u00f3 menos ingresos de d\u00f3lares al pa\u00eds\u201d (1). A ra\u00edz de ello tenemos una situaci\u00f3n econ\u00f3mica complicada. No se han servido, por lo visto, del Poder, sino que estuvieron al servicio de la ciudadan\u00eda, entre pobres y ricos. Y honraron, en lo posible, las ofertas electorales.<br \/>\n\u201c\u00bfLe gusta el Poder?\u201d, le preguntaron a un dignatario de Estado. \u201cMe gusta \u2013contest\u00f3\u2013 para servir, no para servirme de \u00e9l. El Poder es una gran oportunidad para servir a los que m\u00e1s necesitan\u201d. \u201c\u00bfC\u00f3mo se puede ejercer de la mejor manera el Poder?\u201d, fue otro interrogante. A lo que respondi\u00f3: \u201cHonestamente, de forma transparente, es la \u00fanica manera de ejercer el Poder a cabalidad, no aprovecharse de \u00e9l, de lo contrario uno termina mal\u201d (2). Estas declaraciones fueron hechas poco antes del a\u00f1o 2000.<br \/>\nEl Poder deber\u00eda significar no solo apego, sino servicio a la comunidad nacional, sin regionalismo, ni favoritismo ni discriminaci\u00f3n. Y no se deber\u00eda utilizar el Poder para fines particulares o para enriquecerse con recursos fiscales. Se deber\u00eda reducir, inclusive, los exorbitantes haberes de quienes detentan el Poder, en tiempos de crisis econ\u00f3mica. No es justo que haya \u201cempleados\u201d con elevados haberes, mientras la ciudadan\u00eda se empobrece. Adquirir art\u00edculos alimenticios, como el arroz, por ejemplo, resulta dif\u00edcil para las personas de escasos recursos. Tan solo priorizando la unidad, con inclusi\u00f3n, se lograr\u00e1 construir una Bolivia nueva y competitiva.<br \/>\nEn suma: el Poder deber\u00eda ser usado con responsabilidad y transparencia, para el inter\u00e9s com\u00fan. En democracia, m\u00e1s que todo.<\/p>\n<p>NOTAS<br \/>\n(1) \u201cProblemas de iliquidez e insolvencia afectan a la econom\u00eda nacional\u201d. EL DIARIO, La Paz \u2013 Bolivia, 17 de noviembre de 2023.<br \/>\n(2) \u201cS\u00edntesis\u201d, a\u00f1o 1, N\u00b0 6, diciembre de 1999. Santa Cruz de la Sierra, Bolivia, Industrias Gr\u00e1ficas SIRENA Color. P\u00e1g. 9.<\/p>\n","protected":false},"excerpt":{"rendered":"<p>Quienes detentaron el Poder, bajo el influjo de cierta ideolog\u00eda, incurrieron en desprop\u00f3sitos inconcebibles. Lo utilizaron para destruir la imagen y trayectoria de quienes pensaban diferente. Abrieron las c\u00e1rceles para encerrarlos. Hechos que se han registrado, como es de conocimiento p\u00fablico, en democracia, recuperada con sacrificio en 1982. Fueron recurrentes tales actos. Quiz\u00e1 se repitan [&hellip;]<\/p>\n","protected":false},"author":1,"featured_media":158618,"comment_status":"open","ping_status":"open","sticky":false,"template":"","format":"standard","meta":{"_acf_changed":false,"footnotes":""},"categories":[9],"tags":[],"class_list":["post-249355","post","type-post","status-publish","format-standard","has-post-thumbnail","category-opinion"],"acf":{"antetitulo":""},"yoast_head":"<!-- This site is optimized with the Yoast SEO plugin v28.4 - https:\/\/yoast.com\/product\/yoast-seo-wordpress\/ -->\n<title>Efectos del Poder - El Diario - Bolivia<\/title>\n<meta name=\"robots\" content=\"index, follow, max-snippet:-1, max-image-preview:large, max-video-preview:-1\" \/>\n<link rel=\"canonical\" href=\"https:\/\/www.eldiario.net\/portal\/2024\/09\/23\/efectos-del-poder\/\" \/>\n<meta property=\"og:locale\" content=\"es_ES\" \/>\n<meta property=\"og:type\" content=\"article\" \/>\n<meta property=\"og:title\" content=\"Efectos del Poder - El Diario - Bolivia\" \/>\n<meta property=\"og:description\" content=\"Quienes detentaron el Poder, bajo el influjo de cierta ideolog\u00eda, incurrieron en desprop\u00f3sitos inconcebibles. Lo utilizaron para destruir la imagen y trayectoria de quienes pensaban diferente. Abrieron las c\u00e1rceles para encerrarlos. Hechos que se han registrado, como es de conocimiento p\u00fablico, en democracia, recuperada con sacrificio en 1982. Fueron recurrentes tales actos. Quiz\u00e1 se repitan [&hellip;]\" \/>\n<meta property=\"og:url\" content=\"https:\/\/www.eldiario.net\/portal\/2024\/09\/23\/efectos-del-poder\/\" \/>\n<meta property=\"og:site_name\" content=\"El Diario - Bolivia\" \/>\n<meta property=\"article:publisher\" content=\"https:\/\/www.facebook.com\/eldiario.bolivia\/\" \/>\n<meta property=\"article:published_time\" content=\"2024-09-23T09:40:15+00:00\" \/>\n<meta property=\"og:image\" content=\"https:\/\/www.eldiario.net\/portal\/wp-content\/uploads\/2023\/06\/Severo-Cruz-1.jpg\" \/>\n\t<meta property=\"og:image:width\" content=\"1200\" \/>\n\t<meta property=\"og:image:height\" content=\"628\" \/>\n\t<meta property=\"og:image:type\" content=\"image\/jpeg\" \/>\n<meta name=\"author\" content=\"Jeanette\" \/>\n<meta name=\"twitter:card\" content=\"summary_large_image\" \/>\n<meta name=\"twitter:creator\" content=\"@eldiario_net\" \/>\n<meta name=\"twitter:site\" content=\"@eldiario_net\" \/>\n<meta name=\"twitter:label1\" content=\"Escrito por\" \/>\n\t<meta name=\"twitter:data1\" content=\"Jeanette\" \/>\n\t<meta name=\"twitter:label2\" content=\"Tiempo de lectura\" \/>\n\t<meta name=\"twitter:data2\" content=\"3 minutos\" \/>\n<script type=\"application\/ld+json\" class=\"yoast-schema-graph\">{\"@context\":\"https:\\\/\\\/schema.org\",\"@graph\":[{\"@type\":\"Article\",\"@id\":\"https:\\\/\\\/www.eldiario.net\\\/portal\\\/2024\\\/09\\\/23\\\/efectos-del-poder\\\/#article\",\"isPartOf\":{\"@id\":\"https:\\\/\\\/www.eldiario.net\\\/portal\\\/2024\\\/09\\\/23\\\/efectos-del-poder\\\/\"},\"author\":{\"name\":\"Jeanette\",\"@id\":\"https:\\\/\\\/www.eldiario.net\\\/portal\\\/#\\\/schema\\\/person\\\/2c57cf2b7a7ae032e449e4c9b1019eac\"},\"headline\":\"Efectos del Poder\",\"datePublished\":\"2024-09-23T09:40:15+00:00\",\"mainEntityOfPage\":{\"@id\":\"https:\\\/\\\/www.eldiario.net\\\/portal\\\/2024\\\/09\\\/23\\\/efectos-del-poder\\\/\"},\"wordCount\":497,\"commentCount\":0,\"publisher\":{\"@id\":\"https:\\\/\\\/www.eldiario.net\\\/portal\\\/#organization\"},\"image\":{\"@id\":\"https:\\\/\\\/www.eldiario.net\\\/portal\\\/2024\\\/09\\\/23\\\/efectos-del-poder\\\/#primaryimage\"},\"thumbnailUrl\":\"https:\\\/\\\/www.eldiario.net\\\/portal\\\/wp-content\\\/uploads\\\/2023\\\/06\\\/Severo-Cruz-1.jpg\",\"articleSection\":[\"Opini\u00f3n\"],\"inLanguage\":\"es\",\"potentialAction\":[{\"@type\":\"CommentAction\",\"name\":\"Comment\",\"target\":[\"https:\\\/\\\/www.eldiario.net\\\/portal\\\/2024\\\/09\\\/23\\\/efectos-del-poder\\\/#respond\"]}]},{\"@type\":\"WebPage\",\"@id\":\"https:\\\/\\\/www.eldiario.net\\\/portal\\\/2024\\\/09\\\/23\\\/efectos-del-poder\\\/\",\"url\":\"https:\\\/\\\/www.eldiario.net\\\/portal\\\/2024\\\/09\\\/23\\\/efectos-del-poder\\\/\",\"name\":\"Efectos del Poder - El Diario - Bolivia\",\"isPartOf\":{\"@id\":\"https:\\\/\\\/www.eldiario.net\\\/portal\\\/#website\"},\"primaryImageOfPage\":{\"@id\":\"https:\\\/\\\/www.eldiario.net\\\/portal\\\/2024\\\/09\\\/23\\\/efectos-del-poder\\\/#primaryimage\"},\"image\":{\"@id\":\"https:\\\/\\\/www.eldiario.net\\\/portal\\\/2024\\\/09\\\/23\\\/efectos-del-poder\\\/#primaryimage\"},\"thumbnailUrl\":\"https:\\\/\\\/www.eldiario.net\\\/portal\\\/wp-content\\\/uploads\\\/2023\\\/06\\\/Severo-Cruz-1.jpg\",\"datePublished\":\"2024-09-23T09:40:15+00:00\",\"breadcrumb\":{\"@id\":\"https:\\\/\\\/www.eldiario.net\\\/portal\\\/2024\\\/09\\\/23\\\/efectos-del-poder\\\/#breadcrumb\"},\"inLanguage\":\"es\",\"potentialAction\":[{\"@type\":\"ReadAction\",\"target\":[\"https:\\\/\\\/www.eldiario.net\\\/portal\\\/2024\\\/09\\\/23\\\/efectos-del-poder\\\/\"]}]},{\"@type\":\"ImageObject\",\"inLanguage\":\"es\",\"@id\":\"https:\\\/\\\/www.eldiario.net\\\/portal\\\/2024\\\/09\\\/23\\\/efectos-del-poder\\\/#primaryimage\",\"url\":\"https:\\\/\\\/www.eldiario.net\\\/portal\\\/wp-content\\\/uploads\\\/2023\\\/06\\\/Severo-Cruz-1.jpg\",\"contentUrl\":\"https:\\\/\\\/www.eldiario.net\\\/portal\\\/wp-content\\\/uploads\\\/2023\\\/06\\\/Severo-Cruz-1.jpg\",\"width\":1200,\"height\":628,\"caption\":\"Severo Cruz Selaez\"},{\"@type\":\"BreadcrumbList\",\"@id\":\"https:\\\/\\\/www.eldiario.net\\\/portal\\\/2024\\\/09\\\/23\\\/efectos-del-poder\\\/#breadcrumb\",\"itemListElement\":[{\"@type\":\"ListItem\",\"position\":1,\"name\":\"Portada\",\"item\":\"https:\\\/\\\/www.eldiario.net\\\/portal\\\/\"},{\"@type\":\"ListItem\",\"position\":2,\"name\":\"Efectos del Poder\"}]},{\"@type\":\"WebSite\",\"@id\":\"https:\\\/\\\/www.eldiario.net\\\/portal\\\/#website\",\"url\":\"https:\\\/\\\/www.eldiario.net\\\/portal\\\/\",\"name\":\"El Diario - Decano de la prensa nacional\",\"description\":\"El Diario - Decano de la prensa nacional\",\"publisher\":{\"@id\":\"https:\\\/\\\/www.eldiario.net\\\/portal\\\/#organization\"},\"potentialAction\":[{\"@type\":\"SearchAction\",\"target\":{\"@type\":\"EntryPoint\",\"urlTemplate\":\"https:\\\/\\\/www.eldiario.net\\\/portal\\\/?s={search_term_string}\"},\"query-input\":{\"@type\":\"PropertyValueSpecification\",\"valueRequired\":true,\"valueName\":\"search_term_string\"}}],\"inLanguage\":\"es\"},{\"@type\":\"Organization\",\"@id\":\"https:\\\/\\\/www.eldiario.net\\\/portal\\\/#organization\",\"name\":\"El Diario - Decano de la prensa nacional\",\"url\":\"https:\\\/\\\/www.eldiario.net\\\/portal\\\/\",\"logo\":{\"@type\":\"ImageObject\",\"inLanguage\":\"es\",\"@id\":\"https:\\\/\\\/www.eldiario.net\\\/portal\\\/#\\\/schema\\\/logo\\\/image\\\/\",\"url\":\"https:\\\/\\\/www.eldiario.net\\\/portal\\\/wp-content\\\/uploads\\\/2023\\\/07\\\/logo_ED.jpg\",\"contentUrl\":\"https:\\\/\\\/www.eldiario.net\\\/portal\\\/wp-content\\\/uploads\\\/2023\\\/07\\\/logo_ED.jpg\",\"width\":272,\"height\":52,\"caption\":\"El Diario - Decano de la prensa nacional\"},\"image\":{\"@id\":\"https:\\\/\\\/www.eldiario.net\\\/portal\\\/#\\\/schema\\\/logo\\\/image\\\/\"},\"sameAs\":[\"https:\\\/\\\/www.facebook.com\\\/eldiario.bolivia\\\/\",\"https:\\\/\\\/x.com\\\/eldiario_net\"]},{\"@type\":\"Person\",\"@id\":\"https:\\\/\\\/www.eldiario.net\\\/portal\\\/#\\\/schema\\\/person\\\/2c57cf2b7a7ae032e449e4c9b1019eac\",\"name\":\"Jeanette\",\"image\":{\"@type\":\"ImageObject\",\"inLanguage\":\"es\",\"@id\":\"https:\\\/\\\/secure.gravatar.com\\\/avatar\\\/3ea2118a5f7dad2b7138b1187a6b7ee55f160b9968b66013c3a3ef39dd7e5798?s=96&d=mm&r=g\",\"url\":\"https:\\\/\\\/secure.gravatar.com\\\/avatar\\\/3ea2118a5f7dad2b7138b1187a6b7ee55f160b9968b66013c3a3ef39dd7e5798?s=96&d=mm&r=g\",\"contentUrl\":\"https:\\\/\\\/secure.gravatar.com\\\/avatar\\\/3ea2118a5f7dad2b7138b1187a6b7ee55f160b9968b66013c3a3ef39dd7e5798?s=96&d=mm&r=g\",\"caption\":\"Jeanette\"},\"sameAs\":[\"https:\\\/\\\/www.eldiario.net\\\/portal\"],\"url\":\"https:\\\/\\\/www.eldiario.net\\\/portal\\\/author\\\/jeanette\\\/\"}]}<\/script>\n<!-- \/ Yoast SEO plugin. -->","yoast_head_json":{"title":"Efectos del Poder - El Diario - Bolivia","robots":{"index":"index","follow":"follow","max-snippet":"max-snippet:-1","max-image-preview":"max-image-preview:large","max-video-preview":"max-video-preview:-1"},"canonical":"https:\/\/www.eldiario.net\/portal\/2024\/09\/23\/efectos-del-poder\/","og_locale":"es_ES","og_type":"article","og_title":"Efectos del Poder - El Diario - Bolivia","og_description":"Quienes detentaron el Poder, bajo el influjo de cierta ideolog\u00eda, incurrieron en desprop\u00f3sitos inconcebibles. Lo utilizaron para destruir la imagen y trayectoria de quienes pensaban diferente. Abrieron las c\u00e1rceles para encerrarlos. Hechos que se han registrado, como es de conocimiento p\u00fablico, en democracia, recuperada con sacrificio en 1982. Fueron recurrentes tales actos. Quiz\u00e1 se repitan [&hellip;]","og_url":"https:\/\/www.eldiario.net\/portal\/2024\/09\/23\/efectos-del-poder\/","og_site_name":"El Diario - Bolivia","article_publisher":"https:\/\/www.facebook.com\/eldiario.bolivia\/","article_published_time":"2024-09-23T09:40:15+00:00","og_image":[{"width":1200,"height":628,"url":"https:\/\/www.eldiario.net\/portal\/wp-content\/uploads\/2023\/06\/Severo-Cruz-1.jpg","type":"image\/jpeg"}],"author":"Jeanette","twitter_card":"summary_large_image","twitter_creator":"@eldiario_net","twitter_site":"@eldiario_net","twitter_misc":{"Escrito por":"Jeanette","Tiempo de lectura":"3 minutos"},"schema":{"@context":"https:\/\/schema.org","@graph":[{"@type":"Article","@id":"https:\/\/www.eldiario.net\/portal\/2024\/09\/23\/efectos-del-poder\/#article","isPartOf":{"@id":"https:\/\/www.eldiario.net\/portal\/2024\/09\/23\/efectos-del-poder\/"},"author":{"name":"Jeanette","@id":"https:\/\/www.eldiario.net\/portal\/#\/schema\/person\/2c57cf2b7a7ae032e449e4c9b1019eac"},"headline":"Efectos del Poder","datePublished":"2024-09-23T09:40:15+00:00","mainEntityOfPage":{"@id":"https:\/\/www.eldiario.net\/portal\/2024\/09\/23\/efectos-del-poder\/"},"wordCount":497,"commentCount":0,"publisher":{"@id":"https:\/\/www.eldiario.net\/portal\/#organization"},"image":{"@id":"https:\/\/www.eldiario.net\/portal\/2024\/09\/23\/efectos-del-poder\/#primaryimage"},"thumbnailUrl":"https:\/\/www.eldiario.net\/portal\/wp-content\/uploads\/2023\/06\/Severo-Cruz-1.jpg","articleSection":["Opini\u00f3n"],"inLanguage":"es","potentialAction":[{"@type":"CommentAction","name":"Comment","target":["https:\/\/www.eldiario.net\/portal\/2024\/09\/23\/efectos-del-poder\/#respond"]}]},{"@type":"WebPage","@id":"https:\/\/www.eldiario.net\/portal\/2024\/09\/23\/efectos-del-poder\/","url":"https:\/\/www.eldiario.net\/portal\/2024\/09\/23\/efectos-del-poder\/","name":"Efectos del Poder - El Diario - Bolivia","isPartOf":{"@id":"https:\/\/www.eldiario.net\/portal\/#website"},"primaryImageOfPage":{"@id":"https:\/\/www.eldiario.net\/portal\/2024\/09\/23\/efectos-del-poder\/#primaryimage"},"image":{"@id":"https:\/\/www.eldiario.net\/portal\/2024\/09\/23\/efectos-del-poder\/#primaryimage"},"thumbnailUrl":"https:\/\/www.eldiario.net\/portal\/wp-content\/uploads\/2023\/06\/Severo-Cruz-1.jpg","datePublished":"2024-09-23T09:40:15+00:00","breadcrumb":{"@id":"https:\/\/www.eldiario.net\/portal\/2024\/09\/23\/efectos-del-poder\/#breadcrumb"},"inLanguage":"es","potentialAction":[{"@type":"ReadAction","target":["https:\/\/www.eldiario.net\/portal\/2024\/09\/23\/efectos-del-poder\/"]}]},{"@type":"ImageObject","inLanguage":"es","@id":"https:\/\/www.eldiario.net\/portal\/2024\/09\/23\/efectos-del-poder\/#primaryimage","url":"https:\/\/www.eldiario.net\/portal\/wp-content\/uploads\/2023\/06\/Severo-Cruz-1.jpg","contentUrl":"https:\/\/www.eldiario.net\/portal\/wp-content\/uploads\/2023\/06\/Severo-Cruz-1.jpg","width":1200,"height":628,"caption":"Severo Cruz Selaez"},{"@type":"BreadcrumbList","@id":"https:\/\/www.eldiario.net\/portal\/2024\/09\/23\/efectos-del-poder\/#breadcrumb","itemListElement":[{"@type":"ListItem","position":1,"name":"Portada","item":"https:\/\/www.eldiario.net\/portal\/"},{"@type":"ListItem","position":2,"name":"Efectos del Poder"}]},{"@type":"WebSite","@id":"https:\/\/www.eldiario.net\/portal\/#website","url":"https:\/\/www.eldiario.net\/portal\/","name":"El Diario - Decano de la prensa nacional","description":"El Diario - Decano de la prensa nacional","publisher":{"@id":"https:\/\/www.eldiario.net\/portal\/#organization"},"potentialAction":[{"@type":"SearchAction","target":{"@type":"EntryPoint","urlTemplate":"https:\/\/www.eldiario.net\/portal\/?s={search_term_string}"},"query-input":{"@type":"PropertyValueSpecification","valueRequired":true,"valueName":"search_term_string"}}],"inLanguage":"es"},{"@type":"Organization","@id":"https:\/\/www.eldiario.net\/portal\/#organization","name":"El Diario - Decano de la prensa nacional","url":"https:\/\/www.eldiario.net\/portal\/","logo":{"@type":"ImageObject","inLanguage":"es","@id":"https:\/\/www.eldiario.net\/portal\/#\/schema\/logo\/image\/","url":"https:\/\/www.eldiario.net\/portal\/wp-content\/uploads\/2023\/07\/logo_ED.jpg","contentUrl":"https:\/\/www.eldiario.net\/portal\/wp-content\/uploads\/2023\/07\/logo_ED.jpg","width":272,"height":52,"caption":"El Diario - Decano de la prensa nacional"},"image":{"@id":"https:\/\/www.eldiario.net\/portal\/#\/schema\/logo\/image\/"},"sameAs":["https:\/\/www.facebook.com\/eldiario.bolivia\/","https:\/\/x.com\/eldiario_net"]},{"@type":"Person","@id":"https:\/\/www.eldiario.net\/portal\/#\/schema\/person\/2c57cf2b7a7ae032e449e4c9b1019eac","name":"Jeanette","image":{"@type":"ImageObject","inLanguage":"es","@id":"https:\/\/secure.gravatar.com\/avatar\/3ea2118a5f7dad2b7138b1187a6b7ee55f160b9968b66013c3a3ef39dd7e5798?s=96&d=mm&r=g","url":"https:\/\/secure.gravatar.com\/avatar\/3ea2118a5f7dad2b7138b1187a6b7ee55f160b9968b66013c3a3ef39dd7e5798?s=96&d=mm&r=g","contentUrl":"https:\/\/secure.gravatar.com\/avatar\/3ea2118a5f7dad2b7138b1187a6b7ee55f160b9968b66013c3a3ef39dd7e5798?s=96&d=mm&r=g","caption":"Jeanette"},"sameAs":["https:\/\/www.eldiario.net\/portal"],"url":"https:\/\/www.eldiario.net\/portal\/author\/jeanette\/"}]}},"_links":{"self":[{"href":"https:\/\/www.eldiario.net\/portal\/wp-json\/wp\/v2\/posts\/249355","targetHints":{"allow":["GET"]}}],"collection":[{"href":"https:\/\/www.eldiario.net\/portal\/wp-json\/wp\/v2\/posts"}],"about":[{"href":"https:\/\/www.eldiario.net\/portal\/wp-json\/wp\/v2\/types\/post"}],"author":[{"embeddable":true,"href":"https:\/\/www.eldiario.net\/portal\/wp-json\/wp\/v2\/users\/1"}],"replies":[{"embeddable":true,"href":"https:\/\/www.eldiario.net\/portal\/wp-json\/wp\/v2\/comments?post=249355"}],"version-history":[{"count":1,"href":"https:\/\/www.eldiario.net\/portal\/wp-json\/wp\/v2\/posts\/249355\/revisions"}],"predecessor-version":[{"id":249356,"href":"https:\/\/www.eldiario.net\/portal\/wp-json\/wp\/v2\/posts\/249355\/revisions\/249356"}],"wp:featuredmedia":[{"embeddable":true,"href":"https:\/\/www.eldiario.net\/portal\/wp-json\/wp\/v2\/media\/158618"}],"wp:attachment":[{"href":"https:\/\/www.eldiario.net\/portal\/wp-json\/wp\/v2\/media?parent=249355"}],"wp:term":[{"taxonomy":"category","embeddable":true,"href":"https:\/\/www.eldiario.net\/portal\/wp-json\/wp\/v2\/categories?post=249355"},{"taxonomy":"post_tag","embeddable":true,"href":"https:\/\/www.eldiario.net\/portal\/wp-json\/wp\/v2\/tags?post=249355"}],"curies":[{"name":"wp","href":"https:\/\/api.w.org\/{rel}","templated":true}]}}