{"id":249353,"date":"2024-09-23T05:39:54","date_gmt":"2024-09-23T09:39:54","guid":{"rendered":"https:\/\/www.eldiario.net\/portal\/?p=249353"},"modified":"2024-09-23T05:39:54","modified_gmt":"2024-09-23T09:39:54","slug":"delimitacion-de-fronteras","status":"publish","type":"post","link":"https:\/\/www.eldiario.net\/portal\/2024\/09\/23\/delimitacion-de-fronteras\/","title":{"rendered":"Delimitaci\u00f3n de fronteras"},"content":{"rendered":"<p>Fue posible escribir varias notas gracias a publicaciones recientemente conocidas sobre lo ocurrido durante la explotaci\u00f3n de la goma de 1890 a 1920 en la Amazonia sudamericana. Nos referimos a obras como las \u201cCr\u00f3nicas Femeninas del Auge Gomero. La Reina del Orthon\u201d, de Lizzie Lorena C\u00f3rdova, \u201cA victorian Lady\u2019s Amazon Adventure\u201d, compilado por Tony Morrison, Ann Brown &amp; Anne Rose (impreso en Iglaterra en 1985) y \u201cExploration Fawcett\u201d, de Percy Harrison Fawcett.<br \/>\nNacido en Torquay en 1867, con 39 a\u00f1os Percy emprendi\u00f3 viaje por el Beni, Orton y Acre. Para establecer los l\u00edmites territoriales entre Bolivia y Per\u00fa, Harrison Fawcett estaba decidido y desafiante ante las condiciones del Amazonas. All\u00ed se encontraba por un pedido de la embajada de Bolivia en Londres a la Real Sociedad Geogr\u00e1fica para actuar como \u00e1rbitro y arreglar las numerosas diferencias en sus l\u00edmites. Percy, que contaba con un diploma en estudios geogr\u00e1ficos por parte de la Real Sociedad Geogr\u00e1fica, deb\u00eda delimitar fronteras, trabajo que le tomar\u00eda varios a\u00f1os en el bosque amaz\u00f3nico, para fijar los l\u00edmites entre Bolivia y Per\u00fa. Desapareci\u00f3 en el Mato Grosso brasile\u00f1o en 1925. Fue el primer ingl\u00e9s en denunciar al mundo la explotaci\u00f3n de los habitantes de la Amazonia.<br \/>\nDesde 1880 a 1920, la industria de la goma el\u00e1stica hizo que la cuenca amaz\u00f3nica \u2014en particular la selva boliviana\u2014 se abriera al comercio internacional. Al mismo tiempo, el auge gomero hizo que, por primera vez, las tierras hasta entonces marginales del Beni, Pando o Acre ganasen tanto una posici\u00f3n estrat\u00e9gica en el tablero republicano, como una v\u00eda de articulaci\u00f3n m\u00e1s directa con el mercado regional y global, que hab\u00eda sentado a su vez parte de las bases log\u00edsticas, financieras y laborales que posibilitaban que numerosos industriales pasaran a explotar el nuevo commodity obtenido al ser rayados los \u00e1rboles de la goma.<br \/>\nLos barones del caucho encend\u00edan puros con billetes de cien d\u00f3lares y calmaban la sed de sus caballos con cubos de plata de champ\u00e1n franc\u00e9s muy fr\u00edo. Sus esposas, desde\u00f1osas de las turbias aguas del Amazonas, enviaban la ropa de cama a Portugal para que la lavaran (El gran s\u00edmbolo del exceso, celebrado hasta hoy, fue la \u00d3pera de Manaos, una monumental extravagancia del Beaux Arts, dise\u00f1ada por un arquitecto portugu\u00e9s y construida a lo largo de 17 a\u00f1os, hasta 1896).<br \/>\nA fines del Siglo XIX, la mayor\u00eda de los pa\u00edses amaz\u00f3nicos se vuelca con entusiasmo a la explotaci\u00f3n y comercializaci\u00f3n de la goma: en primer lugar, Brasil, con casi un 80 o 90% del mercado mundial; luego Bolivia y Per\u00fa, con entre un 5 y 10%; y finalmente Colombia y Venezuela, con una producci\u00f3n m\u00e1s escasa. Bolivia ingresa relativamente tarde al mercado gomero, ya que su propia geograf\u00eda ralentizaba la salida de la materia prima al mercado.<br \/>\nNo menos importante fue la revoluci\u00f3n de la infraestructura de comunicaci\u00f3n y transporte. La hidrograf\u00eda amaz\u00f3nica boliviana no estaba completamente trazada y supon\u00eda obst\u00e1culos naturales, como las reiteradas cachuelas o la estacionalidad marcada. Adem\u00e1s, no era raro que las embarcaciones debieran sortear ataques de los ind\u00edgenas por entonces. llamados \u201cb\u00e1rbaros\u201d o \u201csalvajes\u201d. Con todo, el factor que m\u00e1s hac\u00eda peligrar a las naves y sus tripulaciones era otro: \u201cLos testimonios al respecto son un\u00e1nimes: los navegantes eran diezmados por la disenter\u00eda, el beri-beri y sobre todo la malaria. M\u00e1s que el clima impiadoso, las alima\u00f1as, los accidentes o los ataques sorpresivos de los salvajes, lo peligroso fue, definitivamente, la fiebre\u201d.<\/p>\n","protected":false},"excerpt":{"rendered":"<p>Fue posible escribir varias notas gracias a publicaciones recientemente conocidas sobre lo ocurrido durante la explotaci\u00f3n de la goma de 1890 a 1920 en la Amazonia sudamericana. Nos referimos a obras como las \u201cCr\u00f3nicas Femeninas del Auge Gomero. La Reina del Orthon\u201d, de Lizzie Lorena C\u00f3rdova, \u201cA victorian Lady\u2019s Amazon Adventure\u201d, compilado por Tony Morrison, [&hellip;]<\/p>\n","protected":false},"author":1,"featured_media":194790,"comment_status":"open","ping_status":"open","sticky":false,"template":"","format":"standard","meta":{"_acf_changed":false,"footnotes":""},"categories":[9],"tags":[],"class_list":["post-249353","post","type-post","status-publish","format-standard","has-post-thumbnail","category-opinion"],"acf":{"antetitulo":"Explotaci\u00f3n de la goma boliviana"},"yoast_head":"<!-- This site is optimized with the Yoast SEO plugin v28.4 - https:\/\/yoast.com\/product\/yoast-seo-wordpress\/ -->\n<title>Delimitaci\u00f3n de fronteras - El Diario - Bolivia<\/title>\n<meta name=\"robots\" content=\"index, follow, max-snippet:-1, max-image-preview:large, max-video-preview:-1\" \/>\n<link rel=\"canonical\" href=\"https:\/\/www.eldiario.net\/portal\/2024\/09\/23\/delimitacion-de-fronteras\/\" \/>\n<meta property=\"og:locale\" content=\"es_ES\" \/>\n<meta property=\"og:type\" content=\"article\" \/>\n<meta property=\"og:title\" content=\"Delimitaci\u00f3n de fronteras - El Diario - Bolivia\" \/>\n<meta property=\"og:description\" content=\"Fue posible escribir varias notas gracias a publicaciones recientemente conocidas sobre lo ocurrido durante la explotaci\u00f3n de la goma de 1890 a 1920 en la Amazonia sudamericana. Nos referimos a obras como las \u201cCr\u00f3nicas Femeninas del Auge Gomero. La Reina del Orthon\u201d, de Lizzie Lorena C\u00f3rdova, \u201cA victorian Lady\u2019s Amazon Adventure\u201d, compilado por Tony Morrison, [&hellip;]\" \/>\n<meta property=\"og:url\" content=\"https:\/\/www.eldiario.net\/portal\/2024\/09\/23\/delimitacion-de-fronteras\/\" \/>\n<meta property=\"og:site_name\" content=\"El Diario - Bolivia\" \/>\n<meta property=\"article:publisher\" content=\"https:\/\/www.facebook.com\/eldiario.bolivia\/\" \/>\n<meta property=\"article:published_time\" content=\"2024-09-23T09:39:54+00:00\" \/>\n<meta property=\"og:image\" content=\"https:\/\/www.eldiario.net\/portal\/wp-content\/uploads\/2023\/12\/Opinion.jpg\" \/>\n\t<meta property=\"og:image:width\" content=\"800\" \/>\n\t<meta property=\"og:image:height\" content=\"500\" \/>\n\t<meta property=\"og:image:type\" content=\"image\/jpeg\" \/>\n<meta name=\"author\" content=\"Jeanette\" \/>\n<meta name=\"twitter:card\" content=\"summary_large_image\" \/>\n<meta name=\"twitter:creator\" content=\"@eldiario_net\" \/>\n<meta name=\"twitter:site\" content=\"@eldiario_net\" \/>\n<meta name=\"twitter:label1\" content=\"Escrito por\" \/>\n\t<meta name=\"twitter:data1\" content=\"Jeanette\" \/>\n\t<meta name=\"twitter:label2\" content=\"Tiempo de lectura\" \/>\n\t<meta name=\"twitter:data2\" content=\"3 minutos\" \/>\n<script type=\"application\/ld+json\" class=\"yoast-schema-graph\">{\"@context\":\"https:\\\/\\\/schema.org\",\"@graph\":[{\"@type\":\"Article\",\"@id\":\"https:\\\/\\\/www.eldiario.net\\\/portal\\\/2024\\\/09\\\/23\\\/delimitacion-de-fronteras\\\/#article\",\"isPartOf\":{\"@id\":\"https:\\\/\\\/www.eldiario.net\\\/portal\\\/2024\\\/09\\\/23\\\/delimitacion-de-fronteras\\\/\"},\"author\":{\"name\":\"Jeanette\",\"@id\":\"https:\\\/\\\/www.eldiario.net\\\/portal\\\/#\\\/schema\\\/person\\\/2c57cf2b7a7ae032e449e4c9b1019eac\"},\"headline\":\"Delimitaci\u00f3n de fronteras\",\"datePublished\":\"2024-09-23T09:39:54+00:00\",\"mainEntityOfPage\":{\"@id\":\"https:\\\/\\\/www.eldiario.net\\\/portal\\\/2024\\\/09\\\/23\\\/delimitacion-de-fronteras\\\/\"},\"wordCount\":620,\"commentCount\":0,\"publisher\":{\"@id\":\"https:\\\/\\\/www.eldiario.net\\\/portal\\\/#organization\"},\"image\":{\"@id\":\"https:\\\/\\\/www.eldiario.net\\\/portal\\\/2024\\\/09\\\/23\\\/delimitacion-de-fronteras\\\/#primaryimage\"},\"thumbnailUrl\":\"https:\\\/\\\/www.eldiario.net\\\/portal\\\/wp-content\\\/uploads\\\/2023\\\/12\\\/Opinion.jpg\",\"articleSection\":[\"Opini\u00f3n\"],\"inLanguage\":\"es\",\"potentialAction\":[{\"@type\":\"CommentAction\",\"name\":\"Comment\",\"target\":[\"https:\\\/\\\/www.eldiario.net\\\/portal\\\/2024\\\/09\\\/23\\\/delimitacion-de-fronteras\\\/#respond\"]}]},{\"@type\":\"WebPage\",\"@id\":\"https:\\\/\\\/www.eldiario.net\\\/portal\\\/2024\\\/09\\\/23\\\/delimitacion-de-fronteras\\\/\",\"url\":\"https:\\\/\\\/www.eldiario.net\\\/portal\\\/2024\\\/09\\\/23\\\/delimitacion-de-fronteras\\\/\",\"name\":\"Delimitaci\u00f3n de fronteras - El Diario - Bolivia\",\"isPartOf\":{\"@id\":\"https:\\\/\\\/www.eldiario.net\\\/portal\\\/#website\"},\"primaryImageOfPage\":{\"@id\":\"https:\\\/\\\/www.eldiario.net\\\/portal\\\/2024\\\/09\\\/23\\\/delimitacion-de-fronteras\\\/#primaryimage\"},\"image\":{\"@id\":\"https:\\\/\\\/www.eldiario.net\\\/portal\\\/2024\\\/09\\\/23\\\/delimitacion-de-fronteras\\\/#primaryimage\"},\"thumbnailUrl\":\"https:\\\/\\\/www.eldiario.net\\\/portal\\\/wp-content\\\/uploads\\\/2023\\\/12\\\/Opinion.jpg\",\"datePublished\":\"2024-09-23T09:39:54+00:00\",\"breadcrumb\":{\"@id\":\"https:\\\/\\\/www.eldiario.net\\\/portal\\\/2024\\\/09\\\/23\\\/delimitacion-de-fronteras\\\/#breadcrumb\"},\"inLanguage\":\"es\",\"potentialAction\":[{\"@type\":\"ReadAction\",\"target\":[\"https:\\\/\\\/www.eldiario.net\\\/portal\\\/2024\\\/09\\\/23\\\/delimitacion-de-fronteras\\\/\"]}]},{\"@type\":\"ImageObject\",\"inLanguage\":\"es\",\"@id\":\"https:\\\/\\\/www.eldiario.net\\\/portal\\\/2024\\\/09\\\/23\\\/delimitacion-de-fronteras\\\/#primaryimage\",\"url\":\"https:\\\/\\\/www.eldiario.net\\\/portal\\\/wp-content\\\/uploads\\\/2023\\\/12\\\/Opinion.jpg\",\"contentUrl\":\"https:\\\/\\\/www.eldiario.net\\\/portal\\\/wp-content\\\/uploads\\\/2023\\\/12\\\/Opinion.jpg\",\"width\":800,\"height\":500},{\"@type\":\"BreadcrumbList\",\"@id\":\"https:\\\/\\\/www.eldiario.net\\\/portal\\\/2024\\\/09\\\/23\\\/delimitacion-de-fronteras\\\/#breadcrumb\",\"itemListElement\":[{\"@type\":\"ListItem\",\"position\":1,\"name\":\"Portada\",\"item\":\"https:\\\/\\\/www.eldiario.net\\\/portal\\\/\"},{\"@type\":\"ListItem\",\"position\":2,\"name\":\"Delimitaci\u00f3n de fronteras\"}]},{\"@type\":\"WebSite\",\"@id\":\"https:\\\/\\\/www.eldiario.net\\\/portal\\\/#website\",\"url\":\"https:\\\/\\\/www.eldiario.net\\\/portal\\\/\",\"name\":\"El Diario - Decano de la prensa nacional\",\"description\":\"El Diario - Decano de la prensa nacional\",\"publisher\":{\"@id\":\"https:\\\/\\\/www.eldiario.net\\\/portal\\\/#organization\"},\"potentialAction\":[{\"@type\":\"SearchAction\",\"target\":{\"@type\":\"EntryPoint\",\"urlTemplate\":\"https:\\\/\\\/www.eldiario.net\\\/portal\\\/?s={search_term_string}\"},\"query-input\":{\"@type\":\"PropertyValueSpecification\",\"valueRequired\":true,\"valueName\":\"search_term_string\"}}],\"inLanguage\":\"es\"},{\"@type\":\"Organization\",\"@id\":\"https:\\\/\\\/www.eldiario.net\\\/portal\\\/#organization\",\"name\":\"El Diario - Decano de la prensa nacional\",\"url\":\"https:\\\/\\\/www.eldiario.net\\\/portal\\\/\",\"logo\":{\"@type\":\"ImageObject\",\"inLanguage\":\"es\",\"@id\":\"https:\\\/\\\/www.eldiario.net\\\/portal\\\/#\\\/schema\\\/logo\\\/image\\\/\",\"url\":\"https:\\\/\\\/www.eldiario.net\\\/portal\\\/wp-content\\\/uploads\\\/2023\\\/07\\\/logo_ED.jpg\",\"contentUrl\":\"https:\\\/\\\/www.eldiario.net\\\/portal\\\/wp-content\\\/uploads\\\/2023\\\/07\\\/logo_ED.jpg\",\"width\":272,\"height\":52,\"caption\":\"El Diario - Decano de la prensa nacional\"},\"image\":{\"@id\":\"https:\\\/\\\/www.eldiario.net\\\/portal\\\/#\\\/schema\\\/logo\\\/image\\\/\"},\"sameAs\":[\"https:\\\/\\\/www.facebook.com\\\/eldiario.bolivia\\\/\",\"https:\\\/\\\/x.com\\\/eldiario_net\"]},{\"@type\":\"Person\",\"@id\":\"https:\\\/\\\/www.eldiario.net\\\/portal\\\/#\\\/schema\\\/person\\\/2c57cf2b7a7ae032e449e4c9b1019eac\",\"name\":\"Jeanette\",\"image\":{\"@type\":\"ImageObject\",\"inLanguage\":\"es\",\"@id\":\"https:\\\/\\\/secure.gravatar.com\\\/avatar\\\/3ea2118a5f7dad2b7138b1187a6b7ee55f160b9968b66013c3a3ef39dd7e5798?s=96&d=mm&r=g\",\"url\":\"https:\\\/\\\/secure.gravatar.com\\\/avatar\\\/3ea2118a5f7dad2b7138b1187a6b7ee55f160b9968b66013c3a3ef39dd7e5798?s=96&d=mm&r=g\",\"contentUrl\":\"https:\\\/\\\/secure.gravatar.com\\\/avatar\\\/3ea2118a5f7dad2b7138b1187a6b7ee55f160b9968b66013c3a3ef39dd7e5798?s=96&d=mm&r=g\",\"caption\":\"Jeanette\"},\"sameAs\":[\"https:\\\/\\\/www.eldiario.net\\\/portal\"],\"url\":\"https:\\\/\\\/www.eldiario.net\\\/portal\\\/author\\\/jeanette\\\/\"}]}<\/script>\n<!-- \/ Yoast SEO plugin. -->","yoast_head_json":{"title":"Delimitaci\u00f3n de fronteras - El Diario - Bolivia","robots":{"index":"index","follow":"follow","max-snippet":"max-snippet:-1","max-image-preview":"max-image-preview:large","max-video-preview":"max-video-preview:-1"},"canonical":"https:\/\/www.eldiario.net\/portal\/2024\/09\/23\/delimitacion-de-fronteras\/","og_locale":"es_ES","og_type":"article","og_title":"Delimitaci\u00f3n de fronteras - El Diario - Bolivia","og_description":"Fue posible escribir varias notas gracias a publicaciones recientemente conocidas sobre lo ocurrido durante la explotaci\u00f3n de la goma de 1890 a 1920 en la Amazonia sudamericana. Nos referimos a obras como las \u201cCr\u00f3nicas Femeninas del Auge Gomero. La Reina del Orthon\u201d, de Lizzie Lorena C\u00f3rdova, \u201cA victorian Lady\u2019s Amazon Adventure\u201d, compilado por Tony Morrison, [&hellip;]","og_url":"https:\/\/www.eldiario.net\/portal\/2024\/09\/23\/delimitacion-de-fronteras\/","og_site_name":"El Diario - Bolivia","article_publisher":"https:\/\/www.facebook.com\/eldiario.bolivia\/","article_published_time":"2024-09-23T09:39:54+00:00","og_image":[{"width":800,"height":500,"url":"https:\/\/www.eldiario.net\/portal\/wp-content\/uploads\/2023\/12\/Opinion.jpg","type":"image\/jpeg"}],"author":"Jeanette","twitter_card":"summary_large_image","twitter_creator":"@eldiario_net","twitter_site":"@eldiario_net","twitter_misc":{"Escrito por":"Jeanette","Tiempo de lectura":"3 minutos"},"schema":{"@context":"https:\/\/schema.org","@graph":[{"@type":"Article","@id":"https:\/\/www.eldiario.net\/portal\/2024\/09\/23\/delimitacion-de-fronteras\/#article","isPartOf":{"@id":"https:\/\/www.eldiario.net\/portal\/2024\/09\/23\/delimitacion-de-fronteras\/"},"author":{"name":"Jeanette","@id":"https:\/\/www.eldiario.net\/portal\/#\/schema\/person\/2c57cf2b7a7ae032e449e4c9b1019eac"},"headline":"Delimitaci\u00f3n de fronteras","datePublished":"2024-09-23T09:39:54+00:00","mainEntityOfPage":{"@id":"https:\/\/www.eldiario.net\/portal\/2024\/09\/23\/delimitacion-de-fronteras\/"},"wordCount":620,"commentCount":0,"publisher":{"@id":"https:\/\/www.eldiario.net\/portal\/#organization"},"image":{"@id":"https:\/\/www.eldiario.net\/portal\/2024\/09\/23\/delimitacion-de-fronteras\/#primaryimage"},"thumbnailUrl":"https:\/\/www.eldiario.net\/portal\/wp-content\/uploads\/2023\/12\/Opinion.jpg","articleSection":["Opini\u00f3n"],"inLanguage":"es","potentialAction":[{"@type":"CommentAction","name":"Comment","target":["https:\/\/www.eldiario.net\/portal\/2024\/09\/23\/delimitacion-de-fronteras\/#respond"]}]},{"@type":"WebPage","@id":"https:\/\/www.eldiario.net\/portal\/2024\/09\/23\/delimitacion-de-fronteras\/","url":"https:\/\/www.eldiario.net\/portal\/2024\/09\/23\/delimitacion-de-fronteras\/","name":"Delimitaci\u00f3n de fronteras - El Diario - Bolivia","isPartOf":{"@id":"https:\/\/www.eldiario.net\/portal\/#website"},"primaryImageOfPage":{"@id":"https:\/\/www.eldiario.net\/portal\/2024\/09\/23\/delimitacion-de-fronteras\/#primaryimage"},"image":{"@id":"https:\/\/www.eldiario.net\/portal\/2024\/09\/23\/delimitacion-de-fronteras\/#primaryimage"},"thumbnailUrl":"https:\/\/www.eldiario.net\/portal\/wp-content\/uploads\/2023\/12\/Opinion.jpg","datePublished":"2024-09-23T09:39:54+00:00","breadcrumb":{"@id":"https:\/\/www.eldiario.net\/portal\/2024\/09\/23\/delimitacion-de-fronteras\/#breadcrumb"},"inLanguage":"es","potentialAction":[{"@type":"ReadAction","target":["https:\/\/www.eldiario.net\/portal\/2024\/09\/23\/delimitacion-de-fronteras\/"]}]},{"@type":"ImageObject","inLanguage":"es","@id":"https:\/\/www.eldiario.net\/portal\/2024\/09\/23\/delimitacion-de-fronteras\/#primaryimage","url":"https:\/\/www.eldiario.net\/portal\/wp-content\/uploads\/2023\/12\/Opinion.jpg","contentUrl":"https:\/\/www.eldiario.net\/portal\/wp-content\/uploads\/2023\/12\/Opinion.jpg","width":800,"height":500},{"@type":"BreadcrumbList","@id":"https:\/\/www.eldiario.net\/portal\/2024\/09\/23\/delimitacion-de-fronteras\/#breadcrumb","itemListElement":[{"@type":"ListItem","position":1,"name":"Portada","item":"https:\/\/www.eldiario.net\/portal\/"},{"@type":"ListItem","position":2,"name":"Delimitaci\u00f3n de fronteras"}]},{"@type":"WebSite","@id":"https:\/\/www.eldiario.net\/portal\/#website","url":"https:\/\/www.eldiario.net\/portal\/","name":"El Diario - Decano de la prensa nacional","description":"El Diario - Decano de la prensa nacional","publisher":{"@id":"https:\/\/www.eldiario.net\/portal\/#organization"},"potentialAction":[{"@type":"SearchAction","target":{"@type":"EntryPoint","urlTemplate":"https:\/\/www.eldiario.net\/portal\/?s={search_term_string}"},"query-input":{"@type":"PropertyValueSpecification","valueRequired":true,"valueName":"search_term_string"}}],"inLanguage":"es"},{"@type":"Organization","@id":"https:\/\/www.eldiario.net\/portal\/#organization","name":"El Diario - Decano de la prensa nacional","url":"https:\/\/www.eldiario.net\/portal\/","logo":{"@type":"ImageObject","inLanguage":"es","@id":"https:\/\/www.eldiario.net\/portal\/#\/schema\/logo\/image\/","url":"https:\/\/www.eldiario.net\/portal\/wp-content\/uploads\/2023\/07\/logo_ED.jpg","contentUrl":"https:\/\/www.eldiario.net\/portal\/wp-content\/uploads\/2023\/07\/logo_ED.jpg","width":272,"height":52,"caption":"El Diario - Decano de la prensa nacional"},"image":{"@id":"https:\/\/www.eldiario.net\/portal\/#\/schema\/logo\/image\/"},"sameAs":["https:\/\/www.facebook.com\/eldiario.bolivia\/","https:\/\/x.com\/eldiario_net"]},{"@type":"Person","@id":"https:\/\/www.eldiario.net\/portal\/#\/schema\/person\/2c57cf2b7a7ae032e449e4c9b1019eac","name":"Jeanette","image":{"@type":"ImageObject","inLanguage":"es","@id":"https:\/\/secure.gravatar.com\/avatar\/3ea2118a5f7dad2b7138b1187a6b7ee55f160b9968b66013c3a3ef39dd7e5798?s=96&d=mm&r=g","url":"https:\/\/secure.gravatar.com\/avatar\/3ea2118a5f7dad2b7138b1187a6b7ee55f160b9968b66013c3a3ef39dd7e5798?s=96&d=mm&r=g","contentUrl":"https:\/\/secure.gravatar.com\/avatar\/3ea2118a5f7dad2b7138b1187a6b7ee55f160b9968b66013c3a3ef39dd7e5798?s=96&d=mm&r=g","caption":"Jeanette"},"sameAs":["https:\/\/www.eldiario.net\/portal"],"url":"https:\/\/www.eldiario.net\/portal\/author\/jeanette\/"}]}},"_links":{"self":[{"href":"https:\/\/www.eldiario.net\/portal\/wp-json\/wp\/v2\/posts\/249353","targetHints":{"allow":["GET"]}}],"collection":[{"href":"https:\/\/www.eldiario.net\/portal\/wp-json\/wp\/v2\/posts"}],"about":[{"href":"https:\/\/www.eldiario.net\/portal\/wp-json\/wp\/v2\/types\/post"}],"author":[{"embeddable":true,"href":"https:\/\/www.eldiario.net\/portal\/wp-json\/wp\/v2\/users\/1"}],"replies":[{"embeddable":true,"href":"https:\/\/www.eldiario.net\/portal\/wp-json\/wp\/v2\/comments?post=249353"}],"version-history":[{"count":1,"href":"https:\/\/www.eldiario.net\/portal\/wp-json\/wp\/v2\/posts\/249353\/revisions"}],"predecessor-version":[{"id":249354,"href":"https:\/\/www.eldiario.net\/portal\/wp-json\/wp\/v2\/posts\/249353\/revisions\/249354"}],"wp:featuredmedia":[{"embeddable":true,"href":"https:\/\/www.eldiario.net\/portal\/wp-json\/wp\/v2\/media\/194790"}],"wp:attachment":[{"href":"https:\/\/www.eldiario.net\/portal\/wp-json\/wp\/v2\/media?parent=249353"}],"wp:term":[{"taxonomy":"category","embeddable":true,"href":"https:\/\/www.eldiario.net\/portal\/wp-json\/wp\/v2\/categories?post=249353"},{"taxonomy":"post_tag","embeddable":true,"href":"https:\/\/www.eldiario.net\/portal\/wp-json\/wp\/v2\/tags?post=249353"}],"curies":[{"name":"wp","href":"https:\/\/api.w.org\/{rel}","templated":true}]}}