{"id":249348,"date":"2024-09-23T05:38:04","date_gmt":"2024-09-23T09:38:04","guid":{"rendered":"https:\/\/www.eldiario.net\/portal\/?p=249348"},"modified":"2024-09-23T05:38:04","modified_gmt":"2024-09-23T09:38:04","slug":"endeudar-mas-al-pais-no-es-la-solucion","status":"publish","type":"post","link":"https:\/\/www.eldiario.net\/portal\/2024\/09\/23\/endeudar-mas-al-pais-no-es-la-solucion\/","title":{"rendered":"Endeudar m\u00e1s al pa\u00eds no es la soluci\u00f3n"},"content":{"rendered":"<p><em>En nuestro pa\u00eds se ha hecho costumbre pensar que las arcas tienen que ser llenadas para solventar gastos, inclusive mediante pr\u00e9stamos del exterior. Este modo desatinado de actuar, se opone a principios elementales de prudencia y sensatez. Es muestra de poca seriedad, especialmente cuando se maneja la econom\u00eda con irresponsabilidad, pues en la administraci\u00f3n de los recursos nacionales se debe cumplir con reglas que garanticen honestidad y eficiencia. De ninguna manera los negocios del pa\u00eds tienen que ser manejados de manera discrecional y hasta festinatoria. <\/em><br \/>\n<em>Actualmente, se cuestiona la validez del modelo econ\u00f3mico social productivo aplicado por el MAS desde el a\u00f1o 2006, cuando este partido populista llega al gobierno, porque aumenta la cantidad de graves problemas, como la escasez de d\u00f3lares y combustibles, la desaparici\u00f3n de empleos formales, el alza de precios de alimentos, medicamentos, servicios, etc. En resumen, el Estado ya no cuenta con dinero suficiente para atender m\u00faltiples necesidades, como las mencionadas y otras, por lo que se ve obligado a implorar la aprobaci\u00f3n de cr\u00e9ditos externos en la Asamblea Legislativa, donde se observa divisi\u00f3n en el propio MAS, entre arcistas y evistas. A pesar de que esa fragmentaci\u00f3n es dudosa, pues algunas veces act\u00faan ambas alas en la misma direcci\u00f3n, esos pr\u00e9stamos son objeto de varios cuestionamientos, como que primero se demuestre el destino de ese dinero y si es aceptable seguir endeudando al pa\u00eds.<\/em><br \/>\n<em>Lo m\u00e1s criticable es que desde el gobierno de turno no surgen propuestas econ\u00f3micas sustentables y de corto plazo que permitan que el pa\u00eds vaya saliendo de la crisis econ\u00f3mica a la que el pa\u00eds ha sido llevado por casi veinte a\u00f1os de deficiente r\u00e9gimen masista, m\u00e1s dedicado a dilapidar la enorme cantidad de dinero recibido durante la \u00e9poca de las vacas gordas, debido principalmente a la venta de gas a pa\u00edses vecinos. Hoy vemos m\u00e1s que todo propaganda gubernamental para hacer creer a la poblaci\u00f3n, por ejemplo, que hay una especie de sabotaje por parte de los asamble\u00edstas que no quieren aprobar los cr\u00e9ditos. Y que una \u201cindustrializaci\u00f3n\u201d en ciernes ser\u00e1 la clave para mejorar la cr\u00edtica situaci\u00f3n econ\u00f3mica del pa\u00eds.<\/em><br \/>\n<em>Pero endeudar m\u00e1s al pa\u00eds no puede ser la \u00fanica soluci\u00f3n, pues principalmente se requiere hallar otras fuentes de ingresos, para no depender de la venta de gas, energ\u00e9tico cuyas reservas est\u00e1n en \u00ednfimo nivel, por falta de previsi\u00f3n de los gobiernos masistas. Y es que despu\u00e9s de anunciar con bombos y platillos la llamada \u201cnacionalizaci\u00f3n de los hidrocarburos\u201d, solo se ocuparon de agotar los pozos descubiertos por anteriores gobiernos y no impulsar la exploraci\u00f3n para descubrir nuevos yacimientos.<\/em><br \/>\n<em>En todo caso, los d\u00e9ficits demuestran cu\u00e1n ineficiente es una administraci\u00f3n gubernamental, a pesar de su profusa propaganda enga\u00f1osa.<\/em><\/p>\n","protected":false},"excerpt":{"rendered":"<p>En nuestro pa\u00eds se ha hecho costumbre pensar que las arcas tienen que ser llenadas para solventar gastos, inclusive mediante pr\u00e9stamos del exterior. Este modo desatinado de actuar, se opone a principios elementales de prudencia y sensatez. Es muestra de poca seriedad, especialmente cuando se maneja la econom\u00eda con irresponsabilidad, pues en la administraci\u00f3n de [&hellip;]<\/p>\n","protected":false},"author":1,"featured_media":194776,"comment_status":"open","ping_status":"open","sticky":false,"template":"","format":"standard","meta":{"_acf_changed":false,"footnotes":""},"categories":[4],"tags":[],"class_list":["post-249348","post","type-post","status-publish","format-standard","has-post-thumbnail","category-editorial"],"acf":{"antetitulo":""},"yoast_head":"<!-- This site is optimized with the Yoast SEO plugin v28.4 - https:\/\/yoast.com\/product\/yoast-seo-wordpress\/ -->\n<title>Endeudar m\u00e1s al pa\u00eds no es la soluci\u00f3n - El Diario - Bolivia<\/title>\n<meta name=\"robots\" content=\"index, follow, max-snippet:-1, max-image-preview:large, max-video-preview:-1\" \/>\n<link rel=\"canonical\" href=\"https:\/\/www.eldiario.net\/portal\/2024\/09\/23\/endeudar-mas-al-pais-no-es-la-solucion\/\" \/>\n<meta property=\"og:locale\" content=\"es_ES\" \/>\n<meta property=\"og:type\" content=\"article\" \/>\n<meta property=\"og:title\" content=\"Endeudar m\u00e1s al pa\u00eds no es la soluci\u00f3n - El Diario - Bolivia\" \/>\n<meta property=\"og:description\" content=\"En nuestro pa\u00eds se ha hecho costumbre pensar que las arcas tienen que ser llenadas para solventar gastos, inclusive mediante pr\u00e9stamos del exterior. Este modo desatinado de actuar, se opone a principios elementales de prudencia y sensatez. Es muestra de poca seriedad, especialmente cuando se maneja la econom\u00eda con irresponsabilidad, pues en la administraci\u00f3n de [&hellip;]\" \/>\n<meta property=\"og:url\" content=\"https:\/\/www.eldiario.net\/portal\/2024\/09\/23\/endeudar-mas-al-pais-no-es-la-solucion\/\" \/>\n<meta property=\"og:site_name\" content=\"El Diario - Bolivia\" \/>\n<meta property=\"article:publisher\" content=\"https:\/\/www.facebook.com\/eldiario.bolivia\/\" \/>\n<meta property=\"article:published_time\" content=\"2024-09-23T09:38:04+00:00\" \/>\n<meta property=\"og:image\" content=\"https:\/\/www.eldiario.net\/portal\/wp-content\/uploads\/2023\/12\/Editorial.jpg\" \/>\n\t<meta property=\"og:image:width\" content=\"800\" \/>\n\t<meta property=\"og:image:height\" content=\"500\" \/>\n\t<meta property=\"og:image:type\" content=\"image\/jpeg\" \/>\n<meta name=\"author\" content=\"Jeanette\" \/>\n<meta name=\"twitter:card\" content=\"summary_large_image\" \/>\n<meta name=\"twitter:creator\" content=\"@eldiario_net\" \/>\n<meta name=\"twitter:site\" content=\"@eldiario_net\" \/>\n<meta name=\"twitter:label1\" content=\"Escrito por\" \/>\n\t<meta name=\"twitter:data1\" content=\"Jeanette\" \/>\n\t<meta name=\"twitter:label2\" content=\"Tiempo de lectura\" \/>\n\t<meta name=\"twitter:data2\" content=\"3 minutos\" \/>\n<script type=\"application\/ld+json\" class=\"yoast-schema-graph\">{\"@context\":\"https:\\\/\\\/schema.org\",\"@graph\":[{\"@type\":\"Article\",\"@id\":\"https:\\\/\\\/www.eldiario.net\\\/portal\\\/2024\\\/09\\\/23\\\/endeudar-mas-al-pais-no-es-la-solucion\\\/#article\",\"isPartOf\":{\"@id\":\"https:\\\/\\\/www.eldiario.net\\\/portal\\\/2024\\\/09\\\/23\\\/endeudar-mas-al-pais-no-es-la-solucion\\\/\"},\"author\":{\"name\":\"Jeanette\",\"@id\":\"https:\\\/\\\/www.eldiario.net\\\/portal\\\/#\\\/schema\\\/person\\\/2c57cf2b7a7ae032e449e4c9b1019eac\"},\"headline\":\"Endeudar m\u00e1s al pa\u00eds no es la soluci\u00f3n\",\"datePublished\":\"2024-09-23T09:38:04+00:00\",\"mainEntityOfPage\":{\"@id\":\"https:\\\/\\\/www.eldiario.net\\\/portal\\\/2024\\\/09\\\/23\\\/endeudar-mas-al-pais-no-es-la-solucion\\\/\"},\"wordCount\":508,\"commentCount\":0,\"publisher\":{\"@id\":\"https:\\\/\\\/www.eldiario.net\\\/portal\\\/#organization\"},\"image\":{\"@id\":\"https:\\\/\\\/www.eldiario.net\\\/portal\\\/2024\\\/09\\\/23\\\/endeudar-mas-al-pais-no-es-la-solucion\\\/#primaryimage\"},\"thumbnailUrl\":\"https:\\\/\\\/www.eldiario.net\\\/portal\\\/wp-content\\\/uploads\\\/2023\\\/12\\\/Editorial.jpg\",\"articleSection\":[\"Editorial\"],\"inLanguage\":\"es\",\"potentialAction\":[{\"@type\":\"CommentAction\",\"name\":\"Comment\",\"target\":[\"https:\\\/\\\/www.eldiario.net\\\/portal\\\/2024\\\/09\\\/23\\\/endeudar-mas-al-pais-no-es-la-solucion\\\/#respond\"]}]},{\"@type\":\"WebPage\",\"@id\":\"https:\\\/\\\/www.eldiario.net\\\/portal\\\/2024\\\/09\\\/23\\\/endeudar-mas-al-pais-no-es-la-solucion\\\/\",\"url\":\"https:\\\/\\\/www.eldiario.net\\\/portal\\\/2024\\\/09\\\/23\\\/endeudar-mas-al-pais-no-es-la-solucion\\\/\",\"name\":\"Endeudar m\u00e1s al pa\u00eds no es la soluci\u00f3n - El Diario - Bolivia\",\"isPartOf\":{\"@id\":\"https:\\\/\\\/www.eldiario.net\\\/portal\\\/#website\"},\"primaryImageOfPage\":{\"@id\":\"https:\\\/\\\/www.eldiario.net\\\/portal\\\/2024\\\/09\\\/23\\\/endeudar-mas-al-pais-no-es-la-solucion\\\/#primaryimage\"},\"image\":{\"@id\":\"https:\\\/\\\/www.eldiario.net\\\/portal\\\/2024\\\/09\\\/23\\\/endeudar-mas-al-pais-no-es-la-solucion\\\/#primaryimage\"},\"thumbnailUrl\":\"https:\\\/\\\/www.eldiario.net\\\/portal\\\/wp-content\\\/uploads\\\/2023\\\/12\\\/Editorial.jpg\",\"datePublished\":\"2024-09-23T09:38:04+00:00\",\"breadcrumb\":{\"@id\":\"https:\\\/\\\/www.eldiario.net\\\/portal\\\/2024\\\/09\\\/23\\\/endeudar-mas-al-pais-no-es-la-solucion\\\/#breadcrumb\"},\"inLanguage\":\"es\",\"potentialAction\":[{\"@type\":\"ReadAction\",\"target\":[\"https:\\\/\\\/www.eldiario.net\\\/portal\\\/2024\\\/09\\\/23\\\/endeudar-mas-al-pais-no-es-la-solucion\\\/\"]}]},{\"@type\":\"ImageObject\",\"inLanguage\":\"es\",\"@id\":\"https:\\\/\\\/www.eldiario.net\\\/portal\\\/2024\\\/09\\\/23\\\/endeudar-mas-al-pais-no-es-la-solucion\\\/#primaryimage\",\"url\":\"https:\\\/\\\/www.eldiario.net\\\/portal\\\/wp-content\\\/uploads\\\/2023\\\/12\\\/Editorial.jpg\",\"contentUrl\":\"https:\\\/\\\/www.eldiario.net\\\/portal\\\/wp-content\\\/uploads\\\/2023\\\/12\\\/Editorial.jpg\",\"width\":800,\"height\":500},{\"@type\":\"BreadcrumbList\",\"@id\":\"https:\\\/\\\/www.eldiario.net\\\/portal\\\/2024\\\/09\\\/23\\\/endeudar-mas-al-pais-no-es-la-solucion\\\/#breadcrumb\",\"itemListElement\":[{\"@type\":\"ListItem\",\"position\":1,\"name\":\"Portada\",\"item\":\"https:\\\/\\\/www.eldiario.net\\\/portal\\\/\"},{\"@type\":\"ListItem\",\"position\":2,\"name\":\"Endeudar m\u00e1s al pa\u00eds no es la soluci\u00f3n\"}]},{\"@type\":\"WebSite\",\"@id\":\"https:\\\/\\\/www.eldiario.net\\\/portal\\\/#website\",\"url\":\"https:\\\/\\\/www.eldiario.net\\\/portal\\\/\",\"name\":\"El Diario - Decano de la prensa nacional\",\"description\":\"El Diario - Decano de la prensa nacional\",\"publisher\":{\"@id\":\"https:\\\/\\\/www.eldiario.net\\\/portal\\\/#organization\"},\"potentialAction\":[{\"@type\":\"SearchAction\",\"target\":{\"@type\":\"EntryPoint\",\"urlTemplate\":\"https:\\\/\\\/www.eldiario.net\\\/portal\\\/?s={search_term_string}\"},\"query-input\":{\"@type\":\"PropertyValueSpecification\",\"valueRequired\":true,\"valueName\":\"search_term_string\"}}],\"inLanguage\":\"es\"},{\"@type\":\"Organization\",\"@id\":\"https:\\\/\\\/www.eldiario.net\\\/portal\\\/#organization\",\"name\":\"El Diario - Decano de la prensa nacional\",\"url\":\"https:\\\/\\\/www.eldiario.net\\\/portal\\\/\",\"logo\":{\"@type\":\"ImageObject\",\"inLanguage\":\"es\",\"@id\":\"https:\\\/\\\/www.eldiario.net\\\/portal\\\/#\\\/schema\\\/logo\\\/image\\\/\",\"url\":\"https:\\\/\\\/www.eldiario.net\\\/portal\\\/wp-content\\\/uploads\\\/2023\\\/07\\\/logo_ED.jpg\",\"contentUrl\":\"https:\\\/\\\/www.eldiario.net\\\/portal\\\/wp-content\\\/uploads\\\/2023\\\/07\\\/logo_ED.jpg\",\"width\":272,\"height\":52,\"caption\":\"El Diario - Decano de la prensa nacional\"},\"image\":{\"@id\":\"https:\\\/\\\/www.eldiario.net\\\/portal\\\/#\\\/schema\\\/logo\\\/image\\\/\"},\"sameAs\":[\"https:\\\/\\\/www.facebook.com\\\/eldiario.bolivia\\\/\",\"https:\\\/\\\/x.com\\\/eldiario_net\"]},{\"@type\":\"Person\",\"@id\":\"https:\\\/\\\/www.eldiario.net\\\/portal\\\/#\\\/schema\\\/person\\\/2c57cf2b7a7ae032e449e4c9b1019eac\",\"name\":\"Jeanette\",\"image\":{\"@type\":\"ImageObject\",\"inLanguage\":\"es\",\"@id\":\"https:\\\/\\\/secure.gravatar.com\\\/avatar\\\/3ea2118a5f7dad2b7138b1187a6b7ee55f160b9968b66013c3a3ef39dd7e5798?s=96&d=mm&r=g\",\"url\":\"https:\\\/\\\/secure.gravatar.com\\\/avatar\\\/3ea2118a5f7dad2b7138b1187a6b7ee55f160b9968b66013c3a3ef39dd7e5798?s=96&d=mm&r=g\",\"contentUrl\":\"https:\\\/\\\/secure.gravatar.com\\\/avatar\\\/3ea2118a5f7dad2b7138b1187a6b7ee55f160b9968b66013c3a3ef39dd7e5798?s=96&d=mm&r=g\",\"caption\":\"Jeanette\"},\"sameAs\":[\"https:\\\/\\\/www.eldiario.net\\\/portal\"],\"url\":\"https:\\\/\\\/www.eldiario.net\\\/portal\\\/author\\\/jeanette\\\/\"}]}<\/script>\n<!-- \/ Yoast SEO plugin. -->","yoast_head_json":{"title":"Endeudar m\u00e1s al pa\u00eds no es la soluci\u00f3n - El Diario - Bolivia","robots":{"index":"index","follow":"follow","max-snippet":"max-snippet:-1","max-image-preview":"max-image-preview:large","max-video-preview":"max-video-preview:-1"},"canonical":"https:\/\/www.eldiario.net\/portal\/2024\/09\/23\/endeudar-mas-al-pais-no-es-la-solucion\/","og_locale":"es_ES","og_type":"article","og_title":"Endeudar m\u00e1s al pa\u00eds no es la soluci\u00f3n - El Diario - Bolivia","og_description":"En nuestro pa\u00eds se ha hecho costumbre pensar que las arcas tienen que ser llenadas para solventar gastos, inclusive mediante pr\u00e9stamos del exterior. Este modo desatinado de actuar, se opone a principios elementales de prudencia y sensatez. Es muestra de poca seriedad, especialmente cuando se maneja la econom\u00eda con irresponsabilidad, pues en la administraci\u00f3n de [&hellip;]","og_url":"https:\/\/www.eldiario.net\/portal\/2024\/09\/23\/endeudar-mas-al-pais-no-es-la-solucion\/","og_site_name":"El Diario - Bolivia","article_publisher":"https:\/\/www.facebook.com\/eldiario.bolivia\/","article_published_time":"2024-09-23T09:38:04+00:00","og_image":[{"width":800,"height":500,"url":"https:\/\/www.eldiario.net\/portal\/wp-content\/uploads\/2023\/12\/Editorial.jpg","type":"image\/jpeg"}],"author":"Jeanette","twitter_card":"summary_large_image","twitter_creator":"@eldiario_net","twitter_site":"@eldiario_net","twitter_misc":{"Escrito por":"Jeanette","Tiempo de lectura":"3 minutos"},"schema":{"@context":"https:\/\/schema.org","@graph":[{"@type":"Article","@id":"https:\/\/www.eldiario.net\/portal\/2024\/09\/23\/endeudar-mas-al-pais-no-es-la-solucion\/#article","isPartOf":{"@id":"https:\/\/www.eldiario.net\/portal\/2024\/09\/23\/endeudar-mas-al-pais-no-es-la-solucion\/"},"author":{"name":"Jeanette","@id":"https:\/\/www.eldiario.net\/portal\/#\/schema\/person\/2c57cf2b7a7ae032e449e4c9b1019eac"},"headline":"Endeudar m\u00e1s al pa\u00eds no es la soluci\u00f3n","datePublished":"2024-09-23T09:38:04+00:00","mainEntityOfPage":{"@id":"https:\/\/www.eldiario.net\/portal\/2024\/09\/23\/endeudar-mas-al-pais-no-es-la-solucion\/"},"wordCount":508,"commentCount":0,"publisher":{"@id":"https:\/\/www.eldiario.net\/portal\/#organization"},"image":{"@id":"https:\/\/www.eldiario.net\/portal\/2024\/09\/23\/endeudar-mas-al-pais-no-es-la-solucion\/#primaryimage"},"thumbnailUrl":"https:\/\/www.eldiario.net\/portal\/wp-content\/uploads\/2023\/12\/Editorial.jpg","articleSection":["Editorial"],"inLanguage":"es","potentialAction":[{"@type":"CommentAction","name":"Comment","target":["https:\/\/www.eldiario.net\/portal\/2024\/09\/23\/endeudar-mas-al-pais-no-es-la-solucion\/#respond"]}]},{"@type":"WebPage","@id":"https:\/\/www.eldiario.net\/portal\/2024\/09\/23\/endeudar-mas-al-pais-no-es-la-solucion\/","url":"https:\/\/www.eldiario.net\/portal\/2024\/09\/23\/endeudar-mas-al-pais-no-es-la-solucion\/","name":"Endeudar m\u00e1s al pa\u00eds no es la soluci\u00f3n - El Diario - Bolivia","isPartOf":{"@id":"https:\/\/www.eldiario.net\/portal\/#website"},"primaryImageOfPage":{"@id":"https:\/\/www.eldiario.net\/portal\/2024\/09\/23\/endeudar-mas-al-pais-no-es-la-solucion\/#primaryimage"},"image":{"@id":"https:\/\/www.eldiario.net\/portal\/2024\/09\/23\/endeudar-mas-al-pais-no-es-la-solucion\/#primaryimage"},"thumbnailUrl":"https:\/\/www.eldiario.net\/portal\/wp-content\/uploads\/2023\/12\/Editorial.jpg","datePublished":"2024-09-23T09:38:04+00:00","breadcrumb":{"@id":"https:\/\/www.eldiario.net\/portal\/2024\/09\/23\/endeudar-mas-al-pais-no-es-la-solucion\/#breadcrumb"},"inLanguage":"es","potentialAction":[{"@type":"ReadAction","target":["https:\/\/www.eldiario.net\/portal\/2024\/09\/23\/endeudar-mas-al-pais-no-es-la-solucion\/"]}]},{"@type":"ImageObject","inLanguage":"es","@id":"https:\/\/www.eldiario.net\/portal\/2024\/09\/23\/endeudar-mas-al-pais-no-es-la-solucion\/#primaryimage","url":"https:\/\/www.eldiario.net\/portal\/wp-content\/uploads\/2023\/12\/Editorial.jpg","contentUrl":"https:\/\/www.eldiario.net\/portal\/wp-content\/uploads\/2023\/12\/Editorial.jpg","width":800,"height":500},{"@type":"BreadcrumbList","@id":"https:\/\/www.eldiario.net\/portal\/2024\/09\/23\/endeudar-mas-al-pais-no-es-la-solucion\/#breadcrumb","itemListElement":[{"@type":"ListItem","position":1,"name":"Portada","item":"https:\/\/www.eldiario.net\/portal\/"},{"@type":"ListItem","position":2,"name":"Endeudar m\u00e1s al pa\u00eds no es la soluci\u00f3n"}]},{"@type":"WebSite","@id":"https:\/\/www.eldiario.net\/portal\/#website","url":"https:\/\/www.eldiario.net\/portal\/","name":"El Diario - Decano de la prensa nacional","description":"El Diario - Decano de la prensa nacional","publisher":{"@id":"https:\/\/www.eldiario.net\/portal\/#organization"},"potentialAction":[{"@type":"SearchAction","target":{"@type":"EntryPoint","urlTemplate":"https:\/\/www.eldiario.net\/portal\/?s={search_term_string}"},"query-input":{"@type":"PropertyValueSpecification","valueRequired":true,"valueName":"search_term_string"}}],"inLanguage":"es"},{"@type":"Organization","@id":"https:\/\/www.eldiario.net\/portal\/#organization","name":"El Diario - Decano de la prensa nacional","url":"https:\/\/www.eldiario.net\/portal\/","logo":{"@type":"ImageObject","inLanguage":"es","@id":"https:\/\/www.eldiario.net\/portal\/#\/schema\/logo\/image\/","url":"https:\/\/www.eldiario.net\/portal\/wp-content\/uploads\/2023\/07\/logo_ED.jpg","contentUrl":"https:\/\/www.eldiario.net\/portal\/wp-content\/uploads\/2023\/07\/logo_ED.jpg","width":272,"height":52,"caption":"El Diario - Decano de la prensa nacional"},"image":{"@id":"https:\/\/www.eldiario.net\/portal\/#\/schema\/logo\/image\/"},"sameAs":["https:\/\/www.facebook.com\/eldiario.bolivia\/","https:\/\/x.com\/eldiario_net"]},{"@type":"Person","@id":"https:\/\/www.eldiario.net\/portal\/#\/schema\/person\/2c57cf2b7a7ae032e449e4c9b1019eac","name":"Jeanette","image":{"@type":"ImageObject","inLanguage":"es","@id":"https:\/\/secure.gravatar.com\/avatar\/3ea2118a5f7dad2b7138b1187a6b7ee55f160b9968b66013c3a3ef39dd7e5798?s=96&d=mm&r=g","url":"https:\/\/secure.gravatar.com\/avatar\/3ea2118a5f7dad2b7138b1187a6b7ee55f160b9968b66013c3a3ef39dd7e5798?s=96&d=mm&r=g","contentUrl":"https:\/\/secure.gravatar.com\/avatar\/3ea2118a5f7dad2b7138b1187a6b7ee55f160b9968b66013c3a3ef39dd7e5798?s=96&d=mm&r=g","caption":"Jeanette"},"sameAs":["https:\/\/www.eldiario.net\/portal"],"url":"https:\/\/www.eldiario.net\/portal\/author\/jeanette\/"}]}},"_links":{"self":[{"href":"https:\/\/www.eldiario.net\/portal\/wp-json\/wp\/v2\/posts\/249348","targetHints":{"allow":["GET"]}}],"collection":[{"href":"https:\/\/www.eldiario.net\/portal\/wp-json\/wp\/v2\/posts"}],"about":[{"href":"https:\/\/www.eldiario.net\/portal\/wp-json\/wp\/v2\/types\/post"}],"author":[{"embeddable":true,"href":"https:\/\/www.eldiario.net\/portal\/wp-json\/wp\/v2\/users\/1"}],"replies":[{"embeddable":true,"href":"https:\/\/www.eldiario.net\/portal\/wp-json\/wp\/v2\/comments?post=249348"}],"version-history":[{"count":1,"href":"https:\/\/www.eldiario.net\/portal\/wp-json\/wp\/v2\/posts\/249348\/revisions"}],"predecessor-version":[{"id":249349,"href":"https:\/\/www.eldiario.net\/portal\/wp-json\/wp\/v2\/posts\/249348\/revisions\/249349"}],"wp:featuredmedia":[{"embeddable":true,"href":"https:\/\/www.eldiario.net\/portal\/wp-json\/wp\/v2\/media\/194776"}],"wp:attachment":[{"href":"https:\/\/www.eldiario.net\/portal\/wp-json\/wp\/v2\/media?parent=249348"}],"wp:term":[{"taxonomy":"category","embeddable":true,"href":"https:\/\/www.eldiario.net\/portal\/wp-json\/wp\/v2\/categories?post=249348"},{"taxonomy":"post_tag","embeddable":true,"href":"https:\/\/www.eldiario.net\/portal\/wp-json\/wp\/v2\/tags?post=249348"}],"curies":[{"name":"wp","href":"https:\/\/api.w.org\/{rel}","templated":true}]}}