{"id":249345,"date":"2024-09-23T05:37:34","date_gmt":"2024-09-23T09:37:34","guid":{"rendered":"https:\/\/www.eldiario.net\/portal\/?p=249345"},"modified":"2024-09-23T05:37:34","modified_gmt":"2024-09-23T09:37:34","slug":"geronimo-sims-presenta-septiembre","status":"publish","type":"post","link":"https:\/\/www.eldiario.net\/portal\/2024\/09\/23\/geronimo-sims-presenta-septiembre\/","title":{"rendered":"Ger\u00f3nimo Sims presenta \u201cSeptiembre\u201d"},"content":{"rendered":"<p>El nuevo sencillo da inicio a un nuevo cap\u00edtulo en la historia del artista, reflejando una nueva identidad del mismo, tanto en la canci\u00f3n como en el video.<br \/>\nEl talentoso artista latino Ger\u00f3nimo Sims presenta una nueva etapa como solista con su nuevo single \u201cSeptiembre\u201d. Con una vibra fresca, el joven artista propone un sonido original orientado al pop latino con atrapantes melod\u00edas y un pegadizo ritmo con tintes c\u00e1lidos.<br \/>\nSeg\u00fan el cantante, \u201cSeptiembre\u201d cuenta una historia de la vida real, donde conoc\u00ed a una chica en un evento y me enamor\u00e9 como nunca antes, pero la distancia hizo lo suyo y justo ah\u00ed naci\u00f3 la canci\u00f3n. Lleva el nombre de \u201cSeptiembre\u201d porque, en ese mes, me enamor\u00e9 de la chica a la que le escrib\u00ed y habla de la esperanza de reencontrarnos en un pr\u00f3ximo \u201cSeptiembre\u201d.<br \/>\nEl rodaje del video fue llevado a cabo por Verbo en Bolivia, dirigido por Shiori. Nos pone en la piel de la sensaci\u00f3n que genera la distancia en una relaci\u00f3n amorosa. Seg\u00fan el artista, \u201cEl video empieza viendo recuerdos de ese amor al que le canto, y conforme va avanzando nos va mostrando c\u00f3mo me aferro a esos recuerdos con la esperanza de volver a vivirlos en Septiembre\u201d.<br \/>\nSobre Ger\u00f3nimo Sims<br \/>\nHijo de padre boliviano y madre estadounidense, naci\u00f3 en la colonial Tarija, evolucion\u00f3 como artista en Santa Cruz de la Sierra mientras en las redes sociales ya ten\u00eda millones de seguidores, hasta lograr firmar su primer contrato discogr\u00e1fico convirti\u00e9ndose en el primer artista de la nueva generaci\u00f3n de Bolivia que se uni\u00f3 a la familia Sony Music.<br \/>\nCuando era chico, Gero desayunaba rock: su mam\u00e1 lo despertaba con canciones adultas que calaron hondo en su educaci\u00f3n sentimental. \u201cElla nunca me pon\u00eda temas infantiles: escuch\u00e1bamos Guns N\u2019 Roses o Bersuit desde las 6 de la ma\u00f1ana, full volumen. Desde ah\u00ed que mi gusto por la m\u00fasica es todo: no tengo recuerdos en los que no suene m\u00fasica\u201d, cuenta.<br \/>\nUna abuela enamorada de los cantantes rom\u00e1nticos y las pe\u00f1as que convocaban sus t\u00edos cada fin de semana -en las que rend\u00edan culto al folklore boliviano y al argentino- fueron determinantes para contagiarse las ganas de hacer m\u00fasica: su primer tema lo escribi\u00f3 a los cinco a\u00f1os (\u201cSe llamaba \u2018La cholita marinera\u2019. En Bolivia, la cultura de las cholitas es enorme y hermosa\u201d, recuerda Gero) y a los seis ya inventaba canciones de amor. En paralelo, tambi\u00e9n fue desarrollando su expresividad haciendo teatro y pintando.<br \/>\nPIE FOTO<\/p>\n","protected":false},"excerpt":{"rendered":"<p>El nuevo sencillo da inicio a un nuevo cap\u00edtulo en la historia del artista, reflejando una nueva identidad del mismo, tanto en la canci\u00f3n como en el video. El talentoso artista latino Ger\u00f3nimo Sims presenta una nueva etapa como solista con su nuevo single \u201cSeptiembre\u201d. Con una vibra fresca, el joven artista propone un sonido [&hellip;]<\/p>\n","protected":false},"author":1,"featured_media":249346,"comment_status":"open","ping_status":"open","sticky":false,"template":"","format":"standard","meta":{"_acf_changed":false,"footnotes":""},"categories":[8],"tags":[],"class_list":["post-249345","post","type-post","status-publish","format-standard","has-post-thumbnail","category-cultural"],"acf":{"antetitulo":"Talento boliviano "},"yoast_head":"<!-- This site is optimized with the Yoast SEO plugin v28.4 - https:\/\/yoast.com\/product\/yoast-seo-wordpress\/ -->\n<title>Ger\u00f3nimo Sims presenta \u201cSeptiembre\u201d - El Diario - Bolivia<\/title>\n<meta name=\"robots\" content=\"index, follow, max-snippet:-1, max-image-preview:large, max-video-preview:-1\" \/>\n<link rel=\"canonical\" href=\"https:\/\/www.eldiario.net\/portal\/2024\/09\/23\/geronimo-sims-presenta-septiembre\/\" \/>\n<meta property=\"og:locale\" content=\"es_ES\" \/>\n<meta property=\"og:type\" content=\"article\" \/>\n<meta property=\"og:title\" content=\"Ger\u00f3nimo Sims presenta \u201cSeptiembre\u201d - El Diario - Bolivia\" \/>\n<meta property=\"og:description\" content=\"El nuevo sencillo da inicio a un nuevo cap\u00edtulo en la historia del artista, reflejando una nueva identidad del mismo, tanto en la canci\u00f3n como en el video. El talentoso artista latino Ger\u00f3nimo Sims presenta una nueva etapa como solista con su nuevo single \u201cSeptiembre\u201d. Con una vibra fresca, el joven artista propone un sonido [&hellip;]\" \/>\n<meta property=\"og:url\" content=\"https:\/\/www.eldiario.net\/portal\/2024\/09\/23\/geronimo-sims-presenta-septiembre\/\" \/>\n<meta property=\"og:site_name\" content=\"El Diario - Bolivia\" \/>\n<meta property=\"article:publisher\" content=\"https:\/\/www.facebook.com\/eldiario.bolivia\/\" \/>\n<meta property=\"article:published_time\" content=\"2024-09-23T09:37:34+00:00\" \/>\n<meta property=\"og:image\" content=\"https:\/\/www.eldiario.net\/portal\/wp-content\/uploads\/2024\/09\/GERO.jpg\" \/>\n\t<meta property=\"og:image:width\" content=\"594\" \/>\n\t<meta property=\"og:image:height\" content=\"608\" \/>\n\t<meta property=\"og:image:type\" content=\"image\/jpeg\" \/>\n<meta name=\"author\" content=\"Jeanette\" \/>\n<meta name=\"twitter:card\" content=\"summary_large_image\" \/>\n<meta name=\"twitter:creator\" content=\"@eldiario_net\" \/>\n<meta name=\"twitter:site\" content=\"@eldiario_net\" \/>\n<meta name=\"twitter:label1\" content=\"Escrito por\" \/>\n\t<meta name=\"twitter:data1\" content=\"Jeanette\" \/>\n\t<meta name=\"twitter:label2\" content=\"Tiempo de lectura\" \/>\n\t<meta name=\"twitter:data2\" content=\"3 minutos\" \/>\n<script type=\"application\/ld+json\" class=\"yoast-schema-graph\">{\"@context\":\"https:\\\/\\\/schema.org\",\"@graph\":[{\"@type\":\"Article\",\"@id\":\"https:\\\/\\\/www.eldiario.net\\\/portal\\\/2024\\\/09\\\/23\\\/geronimo-sims-presenta-septiembre\\\/#article\",\"isPartOf\":{\"@id\":\"https:\\\/\\\/www.eldiario.net\\\/portal\\\/2024\\\/09\\\/23\\\/geronimo-sims-presenta-septiembre\\\/\"},\"author\":{\"name\":\"Jeanette\",\"@id\":\"https:\\\/\\\/www.eldiario.net\\\/portal\\\/#\\\/schema\\\/person\\\/2c57cf2b7a7ae032e449e4c9b1019eac\"},\"headline\":\"Ger\u00f3nimo Sims presenta \u201cSeptiembre\u201d\",\"datePublished\":\"2024-09-23T09:37:34+00:00\",\"mainEntityOfPage\":{\"@id\":\"https:\\\/\\\/www.eldiario.net\\\/portal\\\/2024\\\/09\\\/23\\\/geronimo-sims-presenta-septiembre\\\/\"},\"wordCount\":446,\"commentCount\":0,\"publisher\":{\"@id\":\"https:\\\/\\\/www.eldiario.net\\\/portal\\\/#organization\"},\"image\":{\"@id\":\"https:\\\/\\\/www.eldiario.net\\\/portal\\\/2024\\\/09\\\/23\\\/geronimo-sims-presenta-septiembre\\\/#primaryimage\"},\"thumbnailUrl\":\"https:\\\/\\\/www.eldiario.net\\\/portal\\\/wp-content\\\/uploads\\\/2024\\\/09\\\/GERO.jpg\",\"articleSection\":[\"Cultural\"],\"inLanguage\":\"es\",\"potentialAction\":[{\"@type\":\"CommentAction\",\"name\":\"Comment\",\"target\":[\"https:\\\/\\\/www.eldiario.net\\\/portal\\\/2024\\\/09\\\/23\\\/geronimo-sims-presenta-septiembre\\\/#respond\"]}]},{\"@type\":\"WebPage\",\"@id\":\"https:\\\/\\\/www.eldiario.net\\\/portal\\\/2024\\\/09\\\/23\\\/geronimo-sims-presenta-septiembre\\\/\",\"url\":\"https:\\\/\\\/www.eldiario.net\\\/portal\\\/2024\\\/09\\\/23\\\/geronimo-sims-presenta-septiembre\\\/\",\"name\":\"Ger\u00f3nimo Sims presenta \u201cSeptiembre\u201d - El Diario - Bolivia\",\"isPartOf\":{\"@id\":\"https:\\\/\\\/www.eldiario.net\\\/portal\\\/#website\"},\"primaryImageOfPage\":{\"@id\":\"https:\\\/\\\/www.eldiario.net\\\/portal\\\/2024\\\/09\\\/23\\\/geronimo-sims-presenta-septiembre\\\/#primaryimage\"},\"image\":{\"@id\":\"https:\\\/\\\/www.eldiario.net\\\/portal\\\/2024\\\/09\\\/23\\\/geronimo-sims-presenta-septiembre\\\/#primaryimage\"},\"thumbnailUrl\":\"https:\\\/\\\/www.eldiario.net\\\/portal\\\/wp-content\\\/uploads\\\/2024\\\/09\\\/GERO.jpg\",\"datePublished\":\"2024-09-23T09:37:34+00:00\",\"breadcrumb\":{\"@id\":\"https:\\\/\\\/www.eldiario.net\\\/portal\\\/2024\\\/09\\\/23\\\/geronimo-sims-presenta-septiembre\\\/#breadcrumb\"},\"inLanguage\":\"es\",\"potentialAction\":[{\"@type\":\"ReadAction\",\"target\":[\"https:\\\/\\\/www.eldiario.net\\\/portal\\\/2024\\\/09\\\/23\\\/geronimo-sims-presenta-septiembre\\\/\"]}]},{\"@type\":\"ImageObject\",\"inLanguage\":\"es\",\"@id\":\"https:\\\/\\\/www.eldiario.net\\\/portal\\\/2024\\\/09\\\/23\\\/geronimo-sims-presenta-septiembre\\\/#primaryimage\",\"url\":\"https:\\\/\\\/www.eldiario.net\\\/portal\\\/wp-content\\\/uploads\\\/2024\\\/09\\\/GERO.jpg\",\"contentUrl\":\"https:\\\/\\\/www.eldiario.net\\\/portal\\\/wp-content\\\/uploads\\\/2024\\\/09\\\/GERO.jpg\",\"width\":594,\"height\":608,\"caption\":\"GERO EN SU NUEVA ETAPA COMO SOLISTA.\"},{\"@type\":\"BreadcrumbList\",\"@id\":\"https:\\\/\\\/www.eldiario.net\\\/portal\\\/2024\\\/09\\\/23\\\/geronimo-sims-presenta-septiembre\\\/#breadcrumb\",\"itemListElement\":[{\"@type\":\"ListItem\",\"position\":1,\"name\":\"Portada\",\"item\":\"https:\\\/\\\/www.eldiario.net\\\/portal\\\/\"},{\"@type\":\"ListItem\",\"position\":2,\"name\":\"Ger\u00f3nimo Sims presenta \u201cSeptiembre\u201d\"}]},{\"@type\":\"WebSite\",\"@id\":\"https:\\\/\\\/www.eldiario.net\\\/portal\\\/#website\",\"url\":\"https:\\\/\\\/www.eldiario.net\\\/portal\\\/\",\"name\":\"El Diario - Decano de la prensa nacional\",\"description\":\"El Diario - Decano de la prensa nacional\",\"publisher\":{\"@id\":\"https:\\\/\\\/www.eldiario.net\\\/portal\\\/#organization\"},\"potentialAction\":[{\"@type\":\"SearchAction\",\"target\":{\"@type\":\"EntryPoint\",\"urlTemplate\":\"https:\\\/\\\/www.eldiario.net\\\/portal\\\/?s={search_term_string}\"},\"query-input\":{\"@type\":\"PropertyValueSpecification\",\"valueRequired\":true,\"valueName\":\"search_term_string\"}}],\"inLanguage\":\"es\"},{\"@type\":\"Organization\",\"@id\":\"https:\\\/\\\/www.eldiario.net\\\/portal\\\/#organization\",\"name\":\"El Diario - Decano de la prensa nacional\",\"url\":\"https:\\\/\\\/www.eldiario.net\\\/portal\\\/\",\"logo\":{\"@type\":\"ImageObject\",\"inLanguage\":\"es\",\"@id\":\"https:\\\/\\\/www.eldiario.net\\\/portal\\\/#\\\/schema\\\/logo\\\/image\\\/\",\"url\":\"https:\\\/\\\/www.eldiario.net\\\/portal\\\/wp-content\\\/uploads\\\/2023\\\/07\\\/logo_ED.jpg\",\"contentUrl\":\"https:\\\/\\\/www.eldiario.net\\\/portal\\\/wp-content\\\/uploads\\\/2023\\\/07\\\/logo_ED.jpg\",\"width\":272,\"height\":52,\"caption\":\"El Diario - Decano de la prensa nacional\"},\"image\":{\"@id\":\"https:\\\/\\\/www.eldiario.net\\\/portal\\\/#\\\/schema\\\/logo\\\/image\\\/\"},\"sameAs\":[\"https:\\\/\\\/www.facebook.com\\\/eldiario.bolivia\\\/\",\"https:\\\/\\\/x.com\\\/eldiario_net\"]},{\"@type\":\"Person\",\"@id\":\"https:\\\/\\\/www.eldiario.net\\\/portal\\\/#\\\/schema\\\/person\\\/2c57cf2b7a7ae032e449e4c9b1019eac\",\"name\":\"Jeanette\",\"image\":{\"@type\":\"ImageObject\",\"inLanguage\":\"es\",\"@id\":\"https:\\\/\\\/secure.gravatar.com\\\/avatar\\\/3ea2118a5f7dad2b7138b1187a6b7ee55f160b9968b66013c3a3ef39dd7e5798?s=96&d=mm&r=g\",\"url\":\"https:\\\/\\\/secure.gravatar.com\\\/avatar\\\/3ea2118a5f7dad2b7138b1187a6b7ee55f160b9968b66013c3a3ef39dd7e5798?s=96&d=mm&r=g\",\"contentUrl\":\"https:\\\/\\\/secure.gravatar.com\\\/avatar\\\/3ea2118a5f7dad2b7138b1187a6b7ee55f160b9968b66013c3a3ef39dd7e5798?s=96&d=mm&r=g\",\"caption\":\"Jeanette\"},\"sameAs\":[\"https:\\\/\\\/www.eldiario.net\\\/portal\"],\"url\":\"https:\\\/\\\/www.eldiario.net\\\/portal\\\/author\\\/jeanette\\\/\"}]}<\/script>\n<!-- \/ Yoast SEO plugin. -->","yoast_head_json":{"title":"Ger\u00f3nimo Sims presenta \u201cSeptiembre\u201d - El Diario - Bolivia","robots":{"index":"index","follow":"follow","max-snippet":"max-snippet:-1","max-image-preview":"max-image-preview:large","max-video-preview":"max-video-preview:-1"},"canonical":"https:\/\/www.eldiario.net\/portal\/2024\/09\/23\/geronimo-sims-presenta-septiembre\/","og_locale":"es_ES","og_type":"article","og_title":"Ger\u00f3nimo Sims presenta \u201cSeptiembre\u201d - El Diario - Bolivia","og_description":"El nuevo sencillo da inicio a un nuevo cap\u00edtulo en la historia del artista, reflejando una nueva identidad del mismo, tanto en la canci\u00f3n como en el video. El talentoso artista latino Ger\u00f3nimo Sims presenta una nueva etapa como solista con su nuevo single \u201cSeptiembre\u201d. Con una vibra fresca, el joven artista propone un sonido [&hellip;]","og_url":"https:\/\/www.eldiario.net\/portal\/2024\/09\/23\/geronimo-sims-presenta-septiembre\/","og_site_name":"El Diario - Bolivia","article_publisher":"https:\/\/www.facebook.com\/eldiario.bolivia\/","article_published_time":"2024-09-23T09:37:34+00:00","og_image":[{"width":594,"height":608,"url":"https:\/\/www.eldiario.net\/portal\/wp-content\/uploads\/2024\/09\/GERO.jpg","type":"image\/jpeg"}],"author":"Jeanette","twitter_card":"summary_large_image","twitter_creator":"@eldiario_net","twitter_site":"@eldiario_net","twitter_misc":{"Escrito por":"Jeanette","Tiempo de lectura":"3 minutos"},"schema":{"@context":"https:\/\/schema.org","@graph":[{"@type":"Article","@id":"https:\/\/www.eldiario.net\/portal\/2024\/09\/23\/geronimo-sims-presenta-septiembre\/#article","isPartOf":{"@id":"https:\/\/www.eldiario.net\/portal\/2024\/09\/23\/geronimo-sims-presenta-septiembre\/"},"author":{"name":"Jeanette","@id":"https:\/\/www.eldiario.net\/portal\/#\/schema\/person\/2c57cf2b7a7ae032e449e4c9b1019eac"},"headline":"Ger\u00f3nimo Sims presenta \u201cSeptiembre\u201d","datePublished":"2024-09-23T09:37:34+00:00","mainEntityOfPage":{"@id":"https:\/\/www.eldiario.net\/portal\/2024\/09\/23\/geronimo-sims-presenta-septiembre\/"},"wordCount":446,"commentCount":0,"publisher":{"@id":"https:\/\/www.eldiario.net\/portal\/#organization"},"image":{"@id":"https:\/\/www.eldiario.net\/portal\/2024\/09\/23\/geronimo-sims-presenta-septiembre\/#primaryimage"},"thumbnailUrl":"https:\/\/www.eldiario.net\/portal\/wp-content\/uploads\/2024\/09\/GERO.jpg","articleSection":["Cultural"],"inLanguage":"es","potentialAction":[{"@type":"CommentAction","name":"Comment","target":["https:\/\/www.eldiario.net\/portal\/2024\/09\/23\/geronimo-sims-presenta-septiembre\/#respond"]}]},{"@type":"WebPage","@id":"https:\/\/www.eldiario.net\/portal\/2024\/09\/23\/geronimo-sims-presenta-septiembre\/","url":"https:\/\/www.eldiario.net\/portal\/2024\/09\/23\/geronimo-sims-presenta-septiembre\/","name":"Ger\u00f3nimo Sims presenta \u201cSeptiembre\u201d - El Diario - Bolivia","isPartOf":{"@id":"https:\/\/www.eldiario.net\/portal\/#website"},"primaryImageOfPage":{"@id":"https:\/\/www.eldiario.net\/portal\/2024\/09\/23\/geronimo-sims-presenta-septiembre\/#primaryimage"},"image":{"@id":"https:\/\/www.eldiario.net\/portal\/2024\/09\/23\/geronimo-sims-presenta-septiembre\/#primaryimage"},"thumbnailUrl":"https:\/\/www.eldiario.net\/portal\/wp-content\/uploads\/2024\/09\/GERO.jpg","datePublished":"2024-09-23T09:37:34+00:00","breadcrumb":{"@id":"https:\/\/www.eldiario.net\/portal\/2024\/09\/23\/geronimo-sims-presenta-septiembre\/#breadcrumb"},"inLanguage":"es","potentialAction":[{"@type":"ReadAction","target":["https:\/\/www.eldiario.net\/portal\/2024\/09\/23\/geronimo-sims-presenta-septiembre\/"]}]},{"@type":"ImageObject","inLanguage":"es","@id":"https:\/\/www.eldiario.net\/portal\/2024\/09\/23\/geronimo-sims-presenta-septiembre\/#primaryimage","url":"https:\/\/www.eldiario.net\/portal\/wp-content\/uploads\/2024\/09\/GERO.jpg","contentUrl":"https:\/\/www.eldiario.net\/portal\/wp-content\/uploads\/2024\/09\/GERO.jpg","width":594,"height":608,"caption":"GERO EN SU NUEVA ETAPA COMO SOLISTA."},{"@type":"BreadcrumbList","@id":"https:\/\/www.eldiario.net\/portal\/2024\/09\/23\/geronimo-sims-presenta-septiembre\/#breadcrumb","itemListElement":[{"@type":"ListItem","position":1,"name":"Portada","item":"https:\/\/www.eldiario.net\/portal\/"},{"@type":"ListItem","position":2,"name":"Ger\u00f3nimo Sims presenta \u201cSeptiembre\u201d"}]},{"@type":"WebSite","@id":"https:\/\/www.eldiario.net\/portal\/#website","url":"https:\/\/www.eldiario.net\/portal\/","name":"El Diario - Decano de la prensa nacional","description":"El Diario - Decano de la prensa nacional","publisher":{"@id":"https:\/\/www.eldiario.net\/portal\/#organization"},"potentialAction":[{"@type":"SearchAction","target":{"@type":"EntryPoint","urlTemplate":"https:\/\/www.eldiario.net\/portal\/?s={search_term_string}"},"query-input":{"@type":"PropertyValueSpecification","valueRequired":true,"valueName":"search_term_string"}}],"inLanguage":"es"},{"@type":"Organization","@id":"https:\/\/www.eldiario.net\/portal\/#organization","name":"El Diario - Decano de la prensa nacional","url":"https:\/\/www.eldiario.net\/portal\/","logo":{"@type":"ImageObject","inLanguage":"es","@id":"https:\/\/www.eldiario.net\/portal\/#\/schema\/logo\/image\/","url":"https:\/\/www.eldiario.net\/portal\/wp-content\/uploads\/2023\/07\/logo_ED.jpg","contentUrl":"https:\/\/www.eldiario.net\/portal\/wp-content\/uploads\/2023\/07\/logo_ED.jpg","width":272,"height":52,"caption":"El Diario - Decano de la prensa nacional"},"image":{"@id":"https:\/\/www.eldiario.net\/portal\/#\/schema\/logo\/image\/"},"sameAs":["https:\/\/www.facebook.com\/eldiario.bolivia\/","https:\/\/x.com\/eldiario_net"]},{"@type":"Person","@id":"https:\/\/www.eldiario.net\/portal\/#\/schema\/person\/2c57cf2b7a7ae032e449e4c9b1019eac","name":"Jeanette","image":{"@type":"ImageObject","inLanguage":"es","@id":"https:\/\/secure.gravatar.com\/avatar\/3ea2118a5f7dad2b7138b1187a6b7ee55f160b9968b66013c3a3ef39dd7e5798?s=96&d=mm&r=g","url":"https:\/\/secure.gravatar.com\/avatar\/3ea2118a5f7dad2b7138b1187a6b7ee55f160b9968b66013c3a3ef39dd7e5798?s=96&d=mm&r=g","contentUrl":"https:\/\/secure.gravatar.com\/avatar\/3ea2118a5f7dad2b7138b1187a6b7ee55f160b9968b66013c3a3ef39dd7e5798?s=96&d=mm&r=g","caption":"Jeanette"},"sameAs":["https:\/\/www.eldiario.net\/portal"],"url":"https:\/\/www.eldiario.net\/portal\/author\/jeanette\/"}]}},"_links":{"self":[{"href":"https:\/\/www.eldiario.net\/portal\/wp-json\/wp\/v2\/posts\/249345","targetHints":{"allow":["GET"]}}],"collection":[{"href":"https:\/\/www.eldiario.net\/portal\/wp-json\/wp\/v2\/posts"}],"about":[{"href":"https:\/\/www.eldiario.net\/portal\/wp-json\/wp\/v2\/types\/post"}],"author":[{"embeddable":true,"href":"https:\/\/www.eldiario.net\/portal\/wp-json\/wp\/v2\/users\/1"}],"replies":[{"embeddable":true,"href":"https:\/\/www.eldiario.net\/portal\/wp-json\/wp\/v2\/comments?post=249345"}],"version-history":[{"count":1,"href":"https:\/\/www.eldiario.net\/portal\/wp-json\/wp\/v2\/posts\/249345\/revisions"}],"predecessor-version":[{"id":249347,"href":"https:\/\/www.eldiario.net\/portal\/wp-json\/wp\/v2\/posts\/249345\/revisions\/249347"}],"wp:featuredmedia":[{"embeddable":true,"href":"https:\/\/www.eldiario.net\/portal\/wp-json\/wp\/v2\/media\/249346"}],"wp:attachment":[{"href":"https:\/\/www.eldiario.net\/portal\/wp-json\/wp\/v2\/media?parent=249345"}],"wp:term":[{"taxonomy":"category","embeddable":true,"href":"https:\/\/www.eldiario.net\/portal\/wp-json\/wp\/v2\/categories?post=249345"},{"taxonomy":"post_tag","embeddable":true,"href":"https:\/\/www.eldiario.net\/portal\/wp-json\/wp\/v2\/tags?post=249345"}],"curies":[{"name":"wp","href":"https:\/\/api.w.org\/{rel}","templated":true}]}}