{"id":249204,"date":"2024-09-22T08:58:14","date_gmt":"2024-09-22T12:58:14","guid":{"rendered":"https:\/\/www.eldiario.net\/portal\/?p=249204"},"modified":"2024-09-22T08:58:14","modified_gmt":"2024-09-22T12:58:14","slug":"edema","status":"publish","type":"post","link":"https:\/\/www.eldiario.net\/portal\/2024\/09\/22\/edema\/","title":{"rendered":"EDEMA"},"content":{"rendered":"<p>Lic. Jaime Julio Ticona Pardo &#8211; Fisioterapeuta Kinesi\u00f3logo<\/p>\n<p><strong>Edema en la mujer<\/strong><\/p>\n<p>La presencia del edema en el sexo femenino es habitual. Existe una predisposici\u00f3n hormonal, lo cual hace que estos edemas se adviertan sobre todo en \u00e9pocas de cambio. As\u00ed mismo cabe mencionar el edema gestacional el cual comprime el retorno venoso de las piernas hacia el coraz\u00f3n, provocando la t\u00edpica hinchaz\u00f3n de pies. Los cambios hormonales son m\u00e1s importantes en la menarqu\u00eda y menopausia. Este edema c\u00edclico (reiterativo), requiere un estudio, diagn\u00f3stico y tratamiento, minicioso especialmente cuando los problemas ocasionados son importantes (aumentos de peso, molestias en las piernas, etc\u2026)<\/p>\n<p><strong>\u00a0<\/strong><\/p>\n<p><strong>Tratamiento b\u00e1sico del Edema<\/strong><\/p>\n<ul>\n<li>Reposo en cama con elevaci\u00f3n de las extremidades.<\/li>\n<li>Tratamiento Nutricional, Dieta hipos\u00f3dica, (poca sal) que evite la acumulaci\u00f3n de agua.<\/li>\n<\/ul>\n<p>As\u00ed mismo suplementar el aporte de prote\u00ednas y\/o electrolitos faltantes.<\/p>\n<ul>\n<li>Tratamiento diur\u00e9tico para eliminar el l\u00edquido retenido.<\/li>\n<li>Uso de medias el\u00e1sticas, para ayudar a movilizar los edemas y aumentar el retorno venoso.<\/li>\n<li>Uso de vendaje compresivo, seg\u00fan se requiera.<\/li>\n<\/ul>\n<p><strong>\u00a0<\/strong><\/p>\n<p><strong>Tratamiento fisioterap\u00e9utico del edema <\/strong><\/p>\n<ul>\n<li>Cuidado de la piel. Hidrataci\u00f3n y prevenci\u00f3n de grietas y fisuras.<\/li>\n<li>Reposo con miembros afectos en declive, (declivoterapia).<\/li>\n<li>Drenaje linf\u00e1tico manual (DLM). Se realiza mediante maniobras muy suaves siguiendo el m\u00e9todo Leduc, que ha mostrado su eficacia en numerosos estudios, tanto en animales como en humanos.<\/li>\n<li>Estas t\u00e9cnicas de drenaje tienen mayor influencia en la evacuaci\u00f3n de la parte macromolecular del edema; al no aumentar de forma significativa el volumen intravascular, se han mostrado seguras en pacientes con insuficiencia cardiaca.<\/li>\n<li>Ejercicios para mantener el rango de movimiento.<\/li>\n<li>Presoterapia secuencial suave intermitente. Se aplica con una presi\u00f3n d\u00e9bil alternante y un tiempo de reposo entre ciclos para favorecer el drenaje venoso. No act\u00faa sobre la parte macromolecular del edema sino sobre la porci\u00f3n l\u00edquida, provocando un aumento del retorno venoso.<\/li>\n<li>Masoterapia descontracturante.<\/li>\n<li>Ejercicios est\u00e1ticos r\u00edtmicos para miembro inferior.<\/li>\n<li>Ejercicios respiratorios.<\/li>\n<li>Ejercicios de Buerguer Allen.<\/li>\n<li>vendajes multicapas. Se realizan con vendas de corta elasticidad que forman una carcasa flexible y crean un gradiente de presi\u00f3n de distal a proximal. Se colocan cada d\u00eda despu\u00e9s del tratamiento y se deben mantener hasta la siguiente sesi\u00f3n. El paciente debe mantenerse f\u00edsicamente activo, para una eficacia y aumentan el retorno venoso.<\/li>\n<li>Media de contenci\u00f3n hecha a medida. Se utilizan como medida de prevenci\u00f3n y mantenimiento.<\/li>\n<\/ul>\n<p>\u201cEL MOVIENTO ES PARTE ESENCIAL PARA MANTENER UNA VIDA ACTIVA\u201d<\/p>\n<p>Lic. Jaime Julio Ticona Pardo Fisioterapeuta Kinesi\u00f3logo<\/p>\n\r\n                <style type=\"text\/css\">\r\n                    \r\n                    #tdi_1  .td-doubleSlider-2 .td-item1 {\r\n                        background: url(https:\/\/www.eldiario.net\/portal\/wp-content\/uploads\/2024\/09\/EDEMA-\u2013-Parte-II-2-80x60.jpg) 0 0 no-repeat;\r\n                    }\r\n                    #tdi_1  .td-doubleSlider-2 .td-item2 {\r\n                        background: url(https:\/\/www.eldiario.net\/portal\/wp-content\/uploads\/2024\/09\/EDEMA-\u2013-Parte-II-3-80x60.jpg) 0 0 no-repeat;\r\n                    }\r\n                    #tdi_1  .td-doubleSlider-2 .td-item3 {\r\n                        background: url(https:\/\/www.eldiario.net\/portal\/wp-content\/uploads\/2024\/09\/EDEMA-\u2013-Parte-II-80x60.jpg) 0 0 no-repeat;\r\n                    }\r\n                    #tdi_1  .td-doubleSlider-2 .td-item4 {\r\n                        background: url(https:\/\/www.eldiario.net\/portal\/wp-content\/uploads\/2024\/09\/EDEMA-\u2013-Parte-II_2-80x60.jpg) 0 0 no-repeat;\r\n                    }\r\n                <\/style>\r\n\r\n                <div id=\"tdi_1\" class=\"td-gallery td-slide-on-2-columns\">\r\n                    <div class=\"post_td_gallery\">\r\n                        <div class=\"td-gallery-slide-top\">\r\n                           <div class=\"td-gallery-title\"><\/div>\r\n\r\n                            <div class=\"td-gallery-controls-wrapper\">\r\n                                <div class=\"td-gallery-slide-count\"><span class=\"td-gallery-slide-item-focus\">1<\/span> de 4<\/div>\r\n                                <div class=\"td-gallery-slide-prev-next-but\">\r\n                                    <i class = \"td-icon-left doubleSliderPrevButton\"><\/i>\r\n                                    <i class = \"td-icon-right doubleSliderNextButton\"><\/i>\r\n                                <\/div>\r\n                            <\/div>\r\n                        <\/div>\r\n\r\n                        <div class = \"td-doubleSlider-1 \">\r\n                            <div class = \"td-slider\">\r\n                                \r\n                    <div class = \"td-slide-item td-item1\">\r\n                        <figure class=\"td-slide-galery-figure td-slide-popup-gallery\">\r\n                            <a class=\"slide-gallery-image-link\" href=\"https:\/\/www.eldiario.net\/portal\/wp-content\/uploads\/2024\/09\/EDEMA-\u2013-Parte-II-2.jpg\" title=\"EDEMA-\u2013-Parte-II-(2)\"  data-caption=\"\"  data-description=\"\">\r\n                                <img decoding=\"async\" src=\"https:\/\/www.eldiario.net\/portal\/wp-content\/uploads\/2024\/09\/EDEMA-\u2013-Parte-II-2.jpg\" srcset=\"https:\/\/www.eldiario.net\/portal\/wp-content\/uploads\/2024\/09\/EDEMA-\u2013-Parte-II-2.jpg 573w, https:\/\/www.eldiario.net\/portal\/wp-content\/uploads\/2024\/09\/EDEMA-\u2013-Parte-II-2-300x199.jpg 300w\" sizes=\"(max-width: 573px) 100vw, 573px\" alt=\"\">\r\n                            <\/a>\r\n                            \r\n                        <\/figure>\r\n                    <\/div>\r\n                    <div class = \"td-slide-item td-item2\">\r\n                        <figure class=\"td-slide-galery-figure td-slide-popup-gallery\">\r\n                            <a class=\"slide-gallery-image-link\" href=\"https:\/\/www.eldiario.net\/portal\/wp-content\/uploads\/2024\/09\/EDEMA-\u2013-Parte-II-3.jpg\" title=\"EDEMA-\u2013-Parte-II-(3)\"  data-caption=\"\"  data-description=\"\">\r\n                                <img decoding=\"async\" src=\"https:\/\/www.eldiario.net\/portal\/wp-content\/uploads\/2024\/09\/EDEMA-\u2013-Parte-II-3-273x420.jpg\" srcset=\"https:\/\/www.eldiario.net\/portal\/wp-content\/uploads\/2024\/09\/EDEMA-\u2013-Parte-II-3-273x420.jpg 273w, https:\/\/www.eldiario.net\/portal\/wp-content\/uploads\/2024\/09\/EDEMA-\u2013-Parte-II-3-195x300.jpg 195w, https:\/\/www.eldiario.net\/portal\/wp-content\/uploads\/2024\/09\/EDEMA-\u2013-Parte-II-3.jpg 525w\" sizes=\"(max-width: 273px) 100vw, 273px\" alt=\"\">\r\n                            <\/a>\r\n                            \r\n                        <\/figure>\r\n                    <\/div>\r\n                    <div class = \"td-slide-item td-item3\">\r\n                        <figure class=\"td-slide-galery-figure td-slide-popup-gallery\">\r\n                            <a class=\"slide-gallery-image-link\" href=\"https:\/\/www.eldiario.net\/portal\/wp-content\/uploads\/2024\/09\/EDEMA-\u2013-Parte-II.jpg\" title=\"EDEMA-\u2013-Parte-II\"  data-caption=\"\"  data-description=\"\">\r\n                                <img decoding=\"async\" src=\"https:\/\/www.eldiario.net\/portal\/wp-content\/uploads\/2024\/09\/EDEMA-\u2013-Parte-II.jpg\" srcset=\"https:\/\/www.eldiario.net\/portal\/wp-content\/uploads\/2024\/09\/EDEMA-\u2013-Parte-II.jpg 477w, https:\/\/www.eldiario.net\/portal\/wp-content\/uploads\/2024\/09\/EDEMA-\u2013-Parte-II-300x215.jpg 300w\" sizes=\"(max-width: 477px) 100vw, 477px\" alt=\"\">\r\n                            <\/a>\r\n                            \r\n                        <\/figure>\r\n                    <\/div>\r\n                    <div class = \"td-slide-item td-item4\">\r\n                        <figure class=\"td-slide-galery-figure td-slide-popup-gallery\">\r\n                            <a class=\"slide-gallery-image-link\" href=\"https:\/\/www.eldiario.net\/portal\/wp-content\/uploads\/2024\/09\/EDEMA-\u2013-Parte-II_2.jpg\" title=\"EDEMA-\u2013-Parte-II_2\"  data-caption=\"\"  data-description=\"\">\r\n                                <img decoding=\"async\" src=\"https:\/\/www.eldiario.net\/portal\/wp-content\/uploads\/2024\/09\/EDEMA-\u2013-Parte-II_2-420x420.jpg\" srcset=\"https:\/\/www.eldiario.net\/portal\/wp-content\/uploads\/2024\/09\/EDEMA-\u2013-Parte-II_2-420x420.jpg 420w, https:\/\/www.eldiario.net\/portal\/wp-content\/uploads\/2024\/09\/EDEMA-\u2013-Parte-II_2-300x300.jpg 300w, https:\/\/www.eldiario.net\/portal\/wp-content\/uploads\/2024\/09\/EDEMA-\u2013-Parte-II_2-150x150.jpg 150w, https:\/\/www.eldiario.net\/portal\/wp-content\/uploads\/2024\/09\/EDEMA-\u2013-Parte-II_2.jpg 495w\" sizes=\"(max-width: 420px) 100vw, 420px\" alt=\"\">\r\n                            <\/a>\r\n                            \r\n                        <\/figure>\r\n                    <\/div>\r\n                            <\/div>\r\n                        <\/div>\r\n\r\n                        <div class = \"td-doubleSlider-2\">\r\n                            <div class = \"td-slider\">\r\n                                \r\n                    <div class = \"td-button td-item1\">\r\n                        <div class = \"td-border\"><\/div>\r\n                    <\/div>\r\n                    <div class = \"td-button td-item2\">\r\n                        <div class = \"td-border\"><\/div>\r\n                    <\/div>\r\n                    <div class = \"td-button td-item3\">\r\n                        <div class = \"td-border\"><\/div>\r\n                    <\/div>\r\n                    <div class = \"td-button td-item4\">\r\n                        <div class = \"td-border\"><\/div>\r\n                    <\/div>\r\n                            <\/div>\r\n                        <\/div>\r\n\r\n                    <\/div>\r\n\r\n                <\/div>\r\n                \n","protected":false},"excerpt":{"rendered":"<p>Lic. Jaime Julio Ticona Pardo &#8211; Fisioterapeuta Kinesi\u00f3logo Edema en la mujer La presencia del edema en el sexo femenino es habitual. Existe una predisposici\u00f3n hormonal, lo cual hace que estos edemas se adviertan sobre todo en \u00e9pocas de cambio. As\u00ed mismo cabe mencionar el edema gestacional el cual comprime el retorno venoso de las [&hellip;]<\/p>\n","protected":false},"author":1,"featured_media":249205,"comment_status":"open","ping_status":"open","sticky":false,"template":"","format":"standard","meta":{"_acf_changed":false,"footnotes":""},"categories":[52],"tags":[],"class_list":["post-249204","post","type-post","status-publish","format-standard","has-post-thumbnail","category-de-salud-mas-vida"],"acf":{"antetitulo":"Parte II"},"yoast_head":"<!-- This site is optimized with the Yoast SEO plugin v28.4 - https:\/\/yoast.com\/product\/yoast-seo-wordpress\/ -->\n<title>EDEMA - El Diario - Bolivia<\/title>\n<meta name=\"robots\" content=\"index, follow, max-snippet:-1, max-image-preview:large, max-video-preview:-1\" \/>\n<link rel=\"canonical\" href=\"https:\/\/www.eldiario.net\/portal\/2024\/09\/22\/edema\/\" \/>\n<meta property=\"og:locale\" content=\"es_ES\" \/>\n<meta property=\"og:type\" content=\"article\" \/>\n<meta property=\"og:title\" content=\"EDEMA - El Diario - Bolivia\" \/>\n<meta property=\"og:description\" content=\"Lic. Jaime Julio Ticona Pardo &#8211; Fisioterapeuta Kinesi\u00f3logo Edema en la mujer La presencia del edema en el sexo femenino es habitual. Existe una predisposici\u00f3n hormonal, lo cual hace que estos edemas se adviertan sobre todo en \u00e9pocas de cambio. As\u00ed mismo cabe mencionar el edema gestacional el cual comprime el retorno venoso de las [&hellip;]\" \/>\n<meta property=\"og:url\" content=\"https:\/\/www.eldiario.net\/portal\/2024\/09\/22\/edema\/\" \/>\n<meta property=\"og:site_name\" content=\"El Diario - Bolivia\" \/>\n<meta property=\"article:publisher\" content=\"https:\/\/www.facebook.com\/eldiario.bolivia\/\" \/>\n<meta property=\"article:published_time\" content=\"2024-09-22T12:58:14+00:00\" \/>\n<meta property=\"og:image\" content=\"https:\/\/www.eldiario.net\/portal\/wp-content\/uploads\/2024\/09\/EDEMA-\u2013-Parte-II-2.jpg\" \/>\n\t<meta property=\"og:image:width\" content=\"573\" \/>\n\t<meta property=\"og:image:height\" content=\"381\" \/>\n\t<meta property=\"og:image:type\" content=\"image\/jpeg\" \/>\n<meta name=\"author\" content=\"Jeanette\" \/>\n<meta name=\"twitter:card\" content=\"summary_large_image\" \/>\n<meta name=\"twitter:creator\" content=\"@eldiario_net\" \/>\n<meta name=\"twitter:site\" content=\"@eldiario_net\" \/>\n<meta name=\"twitter:label1\" content=\"Escrito por\" \/>\n\t<meta name=\"twitter:data1\" content=\"Jeanette\" \/>\n\t<meta name=\"twitter:label2\" content=\"Tiempo de lectura\" \/>\n\t<meta name=\"twitter:data2\" content=\"3 minutos\" \/>\n<script type=\"application\/ld+json\" class=\"yoast-schema-graph\">{\"@context\":\"https:\\\/\\\/schema.org\",\"@graph\":[{\"@type\":\"Article\",\"@id\":\"https:\\\/\\\/www.eldiario.net\\\/portal\\\/2024\\\/09\\\/22\\\/edema\\\/#article\",\"isPartOf\":{\"@id\":\"https:\\\/\\\/www.eldiario.net\\\/portal\\\/2024\\\/09\\\/22\\\/edema\\\/\"},\"author\":{\"name\":\"Jeanette\",\"@id\":\"https:\\\/\\\/www.eldiario.net\\\/portal\\\/#\\\/schema\\\/person\\\/2c57cf2b7a7ae032e449e4c9b1019eac\"},\"headline\":\"EDEMA\",\"datePublished\":\"2024-09-22T12:58:14+00:00\",\"mainEntityOfPage\":{\"@id\":\"https:\\\/\\\/www.eldiario.net\\\/portal\\\/2024\\\/09\\\/22\\\/edema\\\/\"},\"wordCount\":447,\"commentCount\":0,\"publisher\":{\"@id\":\"https:\\\/\\\/www.eldiario.net\\\/portal\\\/#organization\"},\"image\":{\"@id\":\"https:\\\/\\\/www.eldiario.net\\\/portal\\\/2024\\\/09\\\/22\\\/edema\\\/#primaryimage\"},\"thumbnailUrl\":\"https:\\\/\\\/www.eldiario.net\\\/portal\\\/wp-content\\\/uploads\\\/2024\\\/09\\\/EDEMA-\u2013-Parte-II-2.jpg\",\"articleSection\":[\"De Salud + vida\"],\"inLanguage\":\"es\",\"potentialAction\":[{\"@type\":\"CommentAction\",\"name\":\"Comment\",\"target\":[\"https:\\\/\\\/www.eldiario.net\\\/portal\\\/2024\\\/09\\\/22\\\/edema\\\/#respond\"]}]},{\"@type\":\"WebPage\",\"@id\":\"https:\\\/\\\/www.eldiario.net\\\/portal\\\/2024\\\/09\\\/22\\\/edema\\\/\",\"url\":\"https:\\\/\\\/www.eldiario.net\\\/portal\\\/2024\\\/09\\\/22\\\/edema\\\/\",\"name\":\"EDEMA - El Diario - Bolivia\",\"isPartOf\":{\"@id\":\"https:\\\/\\\/www.eldiario.net\\\/portal\\\/#website\"},\"primaryImageOfPage\":{\"@id\":\"https:\\\/\\\/www.eldiario.net\\\/portal\\\/2024\\\/09\\\/22\\\/edema\\\/#primaryimage\"},\"image\":{\"@id\":\"https:\\\/\\\/www.eldiario.net\\\/portal\\\/2024\\\/09\\\/22\\\/edema\\\/#primaryimage\"},\"thumbnailUrl\":\"https:\\\/\\\/www.eldiario.net\\\/portal\\\/wp-content\\\/uploads\\\/2024\\\/09\\\/EDEMA-\u2013-Parte-II-2.jpg\",\"datePublished\":\"2024-09-22T12:58:14+00:00\",\"breadcrumb\":{\"@id\":\"https:\\\/\\\/www.eldiario.net\\\/portal\\\/2024\\\/09\\\/22\\\/edema\\\/#breadcrumb\"},\"inLanguage\":\"es\",\"potentialAction\":[{\"@type\":\"ReadAction\",\"target\":[\"https:\\\/\\\/www.eldiario.net\\\/portal\\\/2024\\\/09\\\/22\\\/edema\\\/\"]}]},{\"@type\":\"ImageObject\",\"inLanguage\":\"es\",\"@id\":\"https:\\\/\\\/www.eldiario.net\\\/portal\\\/2024\\\/09\\\/22\\\/edema\\\/#primaryimage\",\"url\":\"https:\\\/\\\/www.eldiario.net\\\/portal\\\/wp-content\\\/uploads\\\/2024\\\/09\\\/EDEMA-\u2013-Parte-II-2.jpg\",\"contentUrl\":\"https:\\\/\\\/www.eldiario.net\\\/portal\\\/wp-content\\\/uploads\\\/2024\\\/09\\\/EDEMA-\u2013-Parte-II-2.jpg\",\"width\":573,\"height\":381},{\"@type\":\"BreadcrumbList\",\"@id\":\"https:\\\/\\\/www.eldiario.net\\\/portal\\\/2024\\\/09\\\/22\\\/edema\\\/#breadcrumb\",\"itemListElement\":[{\"@type\":\"ListItem\",\"position\":1,\"name\":\"Portada\",\"item\":\"https:\\\/\\\/www.eldiario.net\\\/portal\\\/\"},{\"@type\":\"ListItem\",\"position\":2,\"name\":\"EDEMA\"}]},{\"@type\":\"WebSite\",\"@id\":\"https:\\\/\\\/www.eldiario.net\\\/portal\\\/#website\",\"url\":\"https:\\\/\\\/www.eldiario.net\\\/portal\\\/\",\"name\":\"El Diario - Decano de la prensa nacional\",\"description\":\"El Diario - Decano de la prensa nacional\",\"publisher\":{\"@id\":\"https:\\\/\\\/www.eldiario.net\\\/portal\\\/#organization\"},\"potentialAction\":[{\"@type\":\"SearchAction\",\"target\":{\"@type\":\"EntryPoint\",\"urlTemplate\":\"https:\\\/\\\/www.eldiario.net\\\/portal\\\/?s={search_term_string}\"},\"query-input\":{\"@type\":\"PropertyValueSpecification\",\"valueRequired\":true,\"valueName\":\"search_term_string\"}}],\"inLanguage\":\"es\"},{\"@type\":\"Organization\",\"@id\":\"https:\\\/\\\/www.eldiario.net\\\/portal\\\/#organization\",\"name\":\"El Diario - Decano de la prensa nacional\",\"url\":\"https:\\\/\\\/www.eldiario.net\\\/portal\\\/\",\"logo\":{\"@type\":\"ImageObject\",\"inLanguage\":\"es\",\"@id\":\"https:\\\/\\\/www.eldiario.net\\\/portal\\\/#\\\/schema\\\/logo\\\/image\\\/\",\"url\":\"https:\\\/\\\/www.eldiario.net\\\/portal\\\/wp-content\\\/uploads\\\/2023\\\/07\\\/logo_ED.jpg\",\"contentUrl\":\"https:\\\/\\\/www.eldiario.net\\\/portal\\\/wp-content\\\/uploads\\\/2023\\\/07\\\/logo_ED.jpg\",\"width\":272,\"height\":52,\"caption\":\"El Diario - Decano de la prensa nacional\"},\"image\":{\"@id\":\"https:\\\/\\\/www.eldiario.net\\\/portal\\\/#\\\/schema\\\/logo\\\/image\\\/\"},\"sameAs\":[\"https:\\\/\\\/www.facebook.com\\\/eldiario.bolivia\\\/\",\"https:\\\/\\\/x.com\\\/eldiario_net\"]},{\"@type\":\"Person\",\"@id\":\"https:\\\/\\\/www.eldiario.net\\\/portal\\\/#\\\/schema\\\/person\\\/2c57cf2b7a7ae032e449e4c9b1019eac\",\"name\":\"Jeanette\",\"image\":{\"@type\":\"ImageObject\",\"inLanguage\":\"es\",\"@id\":\"https:\\\/\\\/secure.gravatar.com\\\/avatar\\\/3ea2118a5f7dad2b7138b1187a6b7ee55f160b9968b66013c3a3ef39dd7e5798?s=96&d=mm&r=g\",\"url\":\"https:\\\/\\\/secure.gravatar.com\\\/avatar\\\/3ea2118a5f7dad2b7138b1187a6b7ee55f160b9968b66013c3a3ef39dd7e5798?s=96&d=mm&r=g\",\"contentUrl\":\"https:\\\/\\\/secure.gravatar.com\\\/avatar\\\/3ea2118a5f7dad2b7138b1187a6b7ee55f160b9968b66013c3a3ef39dd7e5798?s=96&d=mm&r=g\",\"caption\":\"Jeanette\"},\"sameAs\":[\"https:\\\/\\\/www.eldiario.net\\\/portal\"],\"url\":\"https:\\\/\\\/www.eldiario.net\\\/portal\\\/author\\\/jeanette\\\/\"}]}<\/script>\n<!-- \/ Yoast SEO plugin. -->","yoast_head_json":{"title":"EDEMA - El Diario - Bolivia","robots":{"index":"index","follow":"follow","max-snippet":"max-snippet:-1","max-image-preview":"max-image-preview:large","max-video-preview":"max-video-preview:-1"},"canonical":"https:\/\/www.eldiario.net\/portal\/2024\/09\/22\/edema\/","og_locale":"es_ES","og_type":"article","og_title":"EDEMA - El Diario - Bolivia","og_description":"Lic. Jaime Julio Ticona Pardo &#8211; Fisioterapeuta Kinesi\u00f3logo Edema en la mujer La presencia del edema en el sexo femenino es habitual. Existe una predisposici\u00f3n hormonal, lo cual hace que estos edemas se adviertan sobre todo en \u00e9pocas de cambio. As\u00ed mismo cabe mencionar el edema gestacional el cual comprime el retorno venoso de las [&hellip;]","og_url":"https:\/\/www.eldiario.net\/portal\/2024\/09\/22\/edema\/","og_site_name":"El Diario - Bolivia","article_publisher":"https:\/\/www.facebook.com\/eldiario.bolivia\/","article_published_time":"2024-09-22T12:58:14+00:00","og_image":[{"width":573,"height":381,"url":"https:\/\/www.eldiario.net\/portal\/wp-content\/uploads\/2024\/09\/EDEMA-\u2013-Parte-II-2.jpg","type":"image\/jpeg"}],"author":"Jeanette","twitter_card":"summary_large_image","twitter_creator":"@eldiario_net","twitter_site":"@eldiario_net","twitter_misc":{"Escrito por":"Jeanette","Tiempo de lectura":"3 minutos"},"schema":{"@context":"https:\/\/schema.org","@graph":[{"@type":"Article","@id":"https:\/\/www.eldiario.net\/portal\/2024\/09\/22\/edema\/#article","isPartOf":{"@id":"https:\/\/www.eldiario.net\/portal\/2024\/09\/22\/edema\/"},"author":{"name":"Jeanette","@id":"https:\/\/www.eldiario.net\/portal\/#\/schema\/person\/2c57cf2b7a7ae032e449e4c9b1019eac"},"headline":"EDEMA","datePublished":"2024-09-22T12:58:14+00:00","mainEntityOfPage":{"@id":"https:\/\/www.eldiario.net\/portal\/2024\/09\/22\/edema\/"},"wordCount":447,"commentCount":0,"publisher":{"@id":"https:\/\/www.eldiario.net\/portal\/#organization"},"image":{"@id":"https:\/\/www.eldiario.net\/portal\/2024\/09\/22\/edema\/#primaryimage"},"thumbnailUrl":"https:\/\/www.eldiario.net\/portal\/wp-content\/uploads\/2024\/09\/EDEMA-\u2013-Parte-II-2.jpg","articleSection":["De Salud + vida"],"inLanguage":"es","potentialAction":[{"@type":"CommentAction","name":"Comment","target":["https:\/\/www.eldiario.net\/portal\/2024\/09\/22\/edema\/#respond"]}]},{"@type":"WebPage","@id":"https:\/\/www.eldiario.net\/portal\/2024\/09\/22\/edema\/","url":"https:\/\/www.eldiario.net\/portal\/2024\/09\/22\/edema\/","name":"EDEMA - El Diario - Bolivia","isPartOf":{"@id":"https:\/\/www.eldiario.net\/portal\/#website"},"primaryImageOfPage":{"@id":"https:\/\/www.eldiario.net\/portal\/2024\/09\/22\/edema\/#primaryimage"},"image":{"@id":"https:\/\/www.eldiario.net\/portal\/2024\/09\/22\/edema\/#primaryimage"},"thumbnailUrl":"https:\/\/www.eldiario.net\/portal\/wp-content\/uploads\/2024\/09\/EDEMA-\u2013-Parte-II-2.jpg","datePublished":"2024-09-22T12:58:14+00:00","breadcrumb":{"@id":"https:\/\/www.eldiario.net\/portal\/2024\/09\/22\/edema\/#breadcrumb"},"inLanguage":"es","potentialAction":[{"@type":"ReadAction","target":["https:\/\/www.eldiario.net\/portal\/2024\/09\/22\/edema\/"]}]},{"@type":"ImageObject","inLanguage":"es","@id":"https:\/\/www.eldiario.net\/portal\/2024\/09\/22\/edema\/#primaryimage","url":"https:\/\/www.eldiario.net\/portal\/wp-content\/uploads\/2024\/09\/EDEMA-\u2013-Parte-II-2.jpg","contentUrl":"https:\/\/www.eldiario.net\/portal\/wp-content\/uploads\/2024\/09\/EDEMA-\u2013-Parte-II-2.jpg","width":573,"height":381},{"@type":"BreadcrumbList","@id":"https:\/\/www.eldiario.net\/portal\/2024\/09\/22\/edema\/#breadcrumb","itemListElement":[{"@type":"ListItem","position":1,"name":"Portada","item":"https:\/\/www.eldiario.net\/portal\/"},{"@type":"ListItem","position":2,"name":"EDEMA"}]},{"@type":"WebSite","@id":"https:\/\/www.eldiario.net\/portal\/#website","url":"https:\/\/www.eldiario.net\/portal\/","name":"El Diario - Decano de la prensa nacional","description":"El Diario - Decano de la prensa nacional","publisher":{"@id":"https:\/\/www.eldiario.net\/portal\/#organization"},"potentialAction":[{"@type":"SearchAction","target":{"@type":"EntryPoint","urlTemplate":"https:\/\/www.eldiario.net\/portal\/?s={search_term_string}"},"query-input":{"@type":"PropertyValueSpecification","valueRequired":true,"valueName":"search_term_string"}}],"inLanguage":"es"},{"@type":"Organization","@id":"https:\/\/www.eldiario.net\/portal\/#organization","name":"El Diario - Decano de la prensa nacional","url":"https:\/\/www.eldiario.net\/portal\/","logo":{"@type":"ImageObject","inLanguage":"es","@id":"https:\/\/www.eldiario.net\/portal\/#\/schema\/logo\/image\/","url":"https:\/\/www.eldiario.net\/portal\/wp-content\/uploads\/2023\/07\/logo_ED.jpg","contentUrl":"https:\/\/www.eldiario.net\/portal\/wp-content\/uploads\/2023\/07\/logo_ED.jpg","width":272,"height":52,"caption":"El Diario - Decano de la prensa nacional"},"image":{"@id":"https:\/\/www.eldiario.net\/portal\/#\/schema\/logo\/image\/"},"sameAs":["https:\/\/www.facebook.com\/eldiario.bolivia\/","https:\/\/x.com\/eldiario_net"]},{"@type":"Person","@id":"https:\/\/www.eldiario.net\/portal\/#\/schema\/person\/2c57cf2b7a7ae032e449e4c9b1019eac","name":"Jeanette","image":{"@type":"ImageObject","inLanguage":"es","@id":"https:\/\/secure.gravatar.com\/avatar\/3ea2118a5f7dad2b7138b1187a6b7ee55f160b9968b66013c3a3ef39dd7e5798?s=96&d=mm&r=g","url":"https:\/\/secure.gravatar.com\/avatar\/3ea2118a5f7dad2b7138b1187a6b7ee55f160b9968b66013c3a3ef39dd7e5798?s=96&d=mm&r=g","contentUrl":"https:\/\/secure.gravatar.com\/avatar\/3ea2118a5f7dad2b7138b1187a6b7ee55f160b9968b66013c3a3ef39dd7e5798?s=96&d=mm&r=g","caption":"Jeanette"},"sameAs":["https:\/\/www.eldiario.net\/portal"],"url":"https:\/\/www.eldiario.net\/portal\/author\/jeanette\/"}]}},"_links":{"self":[{"href":"https:\/\/www.eldiario.net\/portal\/wp-json\/wp\/v2\/posts\/249204","targetHints":{"allow":["GET"]}}],"collection":[{"href":"https:\/\/www.eldiario.net\/portal\/wp-json\/wp\/v2\/posts"}],"about":[{"href":"https:\/\/www.eldiario.net\/portal\/wp-json\/wp\/v2\/types\/post"}],"author":[{"embeddable":true,"href":"https:\/\/www.eldiario.net\/portal\/wp-json\/wp\/v2\/users\/1"}],"replies":[{"embeddable":true,"href":"https:\/\/www.eldiario.net\/portal\/wp-json\/wp\/v2\/comments?post=249204"}],"version-history":[{"count":1,"href":"https:\/\/www.eldiario.net\/portal\/wp-json\/wp\/v2\/posts\/249204\/revisions"}],"predecessor-version":[{"id":249209,"href":"https:\/\/www.eldiario.net\/portal\/wp-json\/wp\/v2\/posts\/249204\/revisions\/249209"}],"wp:featuredmedia":[{"embeddable":true,"href":"https:\/\/www.eldiario.net\/portal\/wp-json\/wp\/v2\/media\/249205"}],"wp:attachment":[{"href":"https:\/\/www.eldiario.net\/portal\/wp-json\/wp\/v2\/media?parent=249204"}],"wp:term":[{"taxonomy":"category","embeddable":true,"href":"https:\/\/www.eldiario.net\/portal\/wp-json\/wp\/v2\/categories?post=249204"},{"taxonomy":"post_tag","embeddable":true,"href":"https:\/\/www.eldiario.net\/portal\/wp-json\/wp\/v2\/tags?post=249204"}],"curies":[{"name":"wp","href":"https:\/\/api.w.org\/{rel}","templated":true}]}}