{"id":249199,"date":"2024-09-22T08:55:42","date_gmt":"2024-09-22T12:55:42","guid":{"rendered":"https:\/\/www.eldiario.net\/portal\/?p=249199"},"modified":"2024-09-22T08:55:42","modified_gmt":"2024-09-22T12:55:42","slug":"la-importancia-del-agua-2","status":"publish","type":"post","link":"https:\/\/www.eldiario.net\/portal\/2024\/09\/22\/la-importancia-del-agua-2\/","title":{"rendered":"LA IMPORTANCIA DEL AGUA"},"content":{"rendered":"<p>Lic. Mar\u00eda Luisa Ticona Pardo &#8211; Nutricionista y Dietista U.M.S.A. &#8211; Cel: 69969618<\/p>\n<p><strong>\u00a0<\/strong><\/p>\n<p><strong>El agua\u00a0constituye la mayor parte del peso corporal y forma parte de muchas funciones del\u00a0organismo, como, por ejemplo: <\/strong><\/p>\n<p>Componente principal de la saliva. La saliva es esencial para descomponer alimentos y mantener la boca sana.<\/p>\n<p>&nbsp;<\/p>\n<p>Regula la temperatura corporal, \u00e9l organismo pierde agua a trav\u00e9s del sudor durante el ejercicio o en ambientes calientes.<\/p>\n<p>&nbsp;<\/p>\n<p><strong>Ayuda a proteger los tejidos<\/strong>, la m\u00e9dula y las articulaciones, ya que los lubrica,<br \/>\ndisminuyendo las molestias causadas por condiciones como la artritis.<\/p>\n<p>&nbsp;<\/p>\n<p><strong>Ayuda a excretar<\/strong> los desechos a trav\u00e9s del sudor, la orina y la defecaci\u00f3n. Es necesario suficiente l\u00edquido en el sistema digestivo para evitar el estre\u00f1imiento y a nivel renal para que los ri\u00f1ones puedan filtrar los desechos al orinar y as\u00ed prevenir la formaci\u00f3n de piedras en los ri\u00f1ones.<\/p>\n<p>&nbsp;<\/p>\n<p>Consumir fibra no es la \u00fanica manera de prevenir el estre\u00f1imiento, tambi\u00e9n es importante mantener una ingesta adecuada de agua. Si no se consume suficiente agua, fibra y magnesio es probable que haya estre\u00f1imiento.<\/p>\n<p>Ayuda con la digesti\u00f3n, tomar agua antes, durante y despu\u00e9s de las comidas, mejora la absorci\u00f3n de nutrientes.<\/p>\n<p><strong>Mejora <\/strong>la circulaci\u00f3n de ox\u00edgeno en sangre, ya que el agua transporta nutrientes necesarios a todo el cuerpo.<\/p>\n<p><strong>\u00a0No tomar suficiente agua<\/strong> puede afectar negativamente en enfoque, estado de alerta y la memoria a corto plazo.<\/p>\n<p><strong>Ayuda a mejorar el estado de \u00e1nimo<\/strong>, ya que la deshidrataci\u00f3n puede provocar fatiga, cansancio y ansiedad.<\/p>\n<p><strong>Ayuda a mantener la piel luminosa e hidratada y promueve la producci\u00f3n de col\u00e1geno.<\/strong><\/p>\n<p><strong>\u00a0<\/strong><\/p>\n<p>La cantidad ideal de consumo de agua es de 3litros diario contando todos los l\u00edquidos consumidos durante el d\u00eda, un 20% de la ingesta diaria total de l\u00edquido proviene de los alimentos.<\/p>\n<p>&nbsp;<\/p>\n<p>La mayor\u00eda de personas toman agua cuando sienten sed, lo que ayuda a regular la ingesta diaria, sin embargo, muchas otras personas no sienten sed. La ingesta general de agua (de bebidas y alimentos) es de 125 onzas para hombres y 91 onzas para mujeres. Normalmente un 20% de la ingesta diaria total de l\u00edquido proviene de los alimentos,<\/p>\n<p>Algunas formas de evaluar la hidrataci\u00f3n son la sed y el color de la orina. Cuando una persona siente sed, significa que no est\u00e1 recibiendo el l\u00edquido necesario. La orina oscura tambi\u00e9n es un indicador de deshidrataci\u00f3n, mientras que la orina p\u00e1lida o sin color indica una hidrataci\u00f3n adecuada.<\/p>\n<p><strong>\u201cNUTRICIONISTA CUIDANDO TU SALUD\u201d<\/strong><\/p>\n<p>&nbsp;<\/p>\n","protected":false},"excerpt":{"rendered":"<p>Lic. Mar\u00eda Luisa Ticona Pardo &#8211; Nutricionista y Dietista U.M.S.A. &#8211; Cel: 69969618 \u00a0 El agua\u00a0constituye la mayor parte del peso corporal y forma parte de muchas funciones del\u00a0organismo, como, por ejemplo: Componente principal de la saliva. La saliva es esencial para descomponer alimentos y mantener la boca sana. &nbsp; Regula la temperatura corporal, \u00e9l [&hellip;]<\/p>\n","protected":false},"author":1,"featured_media":249200,"comment_status":"open","ping_status":"open","sticky":false,"template":"","format":"standard","meta":{"_acf_changed":false,"footnotes":""},"categories":[52],"tags":[],"class_list":["post-249199","post","type-post","status-publish","format-standard","has-post-thumbnail","category-de-salud-mas-vida"],"acf":{"antetitulo":""},"yoast_head":"<!-- This site is optimized with the Yoast SEO plugin v28.4 - https:\/\/yoast.com\/product\/yoast-seo-wordpress\/ -->\n<title>LA IMPORTANCIA DEL AGUA - El Diario - Bolivia<\/title>\n<meta name=\"robots\" content=\"index, follow, max-snippet:-1, max-image-preview:large, max-video-preview:-1\" \/>\n<link rel=\"canonical\" href=\"https:\/\/www.eldiario.net\/portal\/2024\/09\/22\/la-importancia-del-agua-2\/\" \/>\n<meta property=\"og:locale\" content=\"es_ES\" \/>\n<meta property=\"og:type\" content=\"article\" \/>\n<meta property=\"og:title\" content=\"LA IMPORTANCIA DEL AGUA - El Diario - Bolivia\" \/>\n<meta property=\"og:description\" content=\"Lic. Mar\u00eda Luisa Ticona Pardo &#8211; Nutricionista y Dietista U.M.S.A. &#8211; Cel: 69969618 \u00a0 El agua\u00a0constituye la mayor parte del peso corporal y forma parte de muchas funciones del\u00a0organismo, como, por ejemplo: Componente principal de la saliva. La saliva es esencial para descomponer alimentos y mantener la boca sana. &nbsp; Regula la temperatura corporal, \u00e9l [&hellip;]\" \/>\n<meta property=\"og:url\" content=\"https:\/\/www.eldiario.net\/portal\/2024\/09\/22\/la-importancia-del-agua-2\/\" \/>\n<meta property=\"og:site_name\" content=\"El Diario - Bolivia\" \/>\n<meta property=\"article:publisher\" content=\"https:\/\/www.facebook.com\/eldiario.bolivia\/\" \/>\n<meta property=\"article:published_time\" content=\"2024-09-22T12:55:42+00:00\" \/>\n<meta property=\"og:image\" content=\"https:\/\/www.eldiario.net\/portal\/wp-content\/uploads\/2024\/09\/LA-IMPORTANCIA-DEL-AGUA.jpg\" \/>\n\t<meta property=\"og:image:width\" content=\"651\" \/>\n\t<meta property=\"og:image:height\" content=\"978\" \/>\n\t<meta property=\"og:image:type\" content=\"image\/jpeg\" \/>\n<meta name=\"author\" content=\"Jeanette\" \/>\n<meta name=\"twitter:card\" content=\"summary_large_image\" \/>\n<meta name=\"twitter:creator\" content=\"@eldiario_net\" \/>\n<meta name=\"twitter:site\" content=\"@eldiario_net\" \/>\n<meta name=\"twitter:label1\" content=\"Escrito por\" \/>\n\t<meta name=\"twitter:data1\" content=\"Jeanette\" \/>\n\t<meta name=\"twitter:label2\" content=\"Tiempo de lectura\" \/>\n\t<meta name=\"twitter:data2\" content=\"3 minutos\" \/>\n<script type=\"application\/ld+json\" class=\"yoast-schema-graph\">{\"@context\":\"https:\\\/\\\/schema.org\",\"@graph\":[{\"@type\":\"Article\",\"@id\":\"https:\\\/\\\/www.eldiario.net\\\/portal\\\/2024\\\/09\\\/22\\\/la-importancia-del-agua-2\\\/#article\",\"isPartOf\":{\"@id\":\"https:\\\/\\\/www.eldiario.net\\\/portal\\\/2024\\\/09\\\/22\\\/la-importancia-del-agua-2\\\/\"},\"author\":{\"name\":\"Jeanette\",\"@id\":\"https:\\\/\\\/www.eldiario.net\\\/portal\\\/#\\\/schema\\\/person\\\/2c57cf2b7a7ae032e449e4c9b1019eac\"},\"headline\":\"LA IMPORTANCIA DEL AGUA\",\"datePublished\":\"2024-09-22T12:55:42+00:00\",\"mainEntityOfPage\":{\"@id\":\"https:\\\/\\\/www.eldiario.net\\\/portal\\\/2024\\\/09\\\/22\\\/la-importancia-del-agua-2\\\/\"},\"wordCount\":445,\"commentCount\":0,\"publisher\":{\"@id\":\"https:\\\/\\\/www.eldiario.net\\\/portal\\\/#organization\"},\"image\":{\"@id\":\"https:\\\/\\\/www.eldiario.net\\\/portal\\\/2024\\\/09\\\/22\\\/la-importancia-del-agua-2\\\/#primaryimage\"},\"thumbnailUrl\":\"https:\\\/\\\/www.eldiario.net\\\/portal\\\/wp-content\\\/uploads\\\/2024\\\/09\\\/LA-IMPORTANCIA-DEL-AGUA.jpg\",\"articleSection\":[\"De Salud + vida\"],\"inLanguage\":\"es\",\"potentialAction\":[{\"@type\":\"CommentAction\",\"name\":\"Comment\",\"target\":[\"https:\\\/\\\/www.eldiario.net\\\/portal\\\/2024\\\/09\\\/22\\\/la-importancia-del-agua-2\\\/#respond\"]}]},{\"@type\":\"WebPage\",\"@id\":\"https:\\\/\\\/www.eldiario.net\\\/portal\\\/2024\\\/09\\\/22\\\/la-importancia-del-agua-2\\\/\",\"url\":\"https:\\\/\\\/www.eldiario.net\\\/portal\\\/2024\\\/09\\\/22\\\/la-importancia-del-agua-2\\\/\",\"name\":\"LA IMPORTANCIA DEL AGUA - El Diario - Bolivia\",\"isPartOf\":{\"@id\":\"https:\\\/\\\/www.eldiario.net\\\/portal\\\/#website\"},\"primaryImageOfPage\":{\"@id\":\"https:\\\/\\\/www.eldiario.net\\\/portal\\\/2024\\\/09\\\/22\\\/la-importancia-del-agua-2\\\/#primaryimage\"},\"image\":{\"@id\":\"https:\\\/\\\/www.eldiario.net\\\/portal\\\/2024\\\/09\\\/22\\\/la-importancia-del-agua-2\\\/#primaryimage\"},\"thumbnailUrl\":\"https:\\\/\\\/www.eldiario.net\\\/portal\\\/wp-content\\\/uploads\\\/2024\\\/09\\\/LA-IMPORTANCIA-DEL-AGUA.jpg\",\"datePublished\":\"2024-09-22T12:55:42+00:00\",\"breadcrumb\":{\"@id\":\"https:\\\/\\\/www.eldiario.net\\\/portal\\\/2024\\\/09\\\/22\\\/la-importancia-del-agua-2\\\/#breadcrumb\"},\"inLanguage\":\"es\",\"potentialAction\":[{\"@type\":\"ReadAction\",\"target\":[\"https:\\\/\\\/www.eldiario.net\\\/portal\\\/2024\\\/09\\\/22\\\/la-importancia-del-agua-2\\\/\"]}]},{\"@type\":\"ImageObject\",\"inLanguage\":\"es\",\"@id\":\"https:\\\/\\\/www.eldiario.net\\\/portal\\\/2024\\\/09\\\/22\\\/la-importancia-del-agua-2\\\/#primaryimage\",\"url\":\"https:\\\/\\\/www.eldiario.net\\\/portal\\\/wp-content\\\/uploads\\\/2024\\\/09\\\/LA-IMPORTANCIA-DEL-AGUA.jpg\",\"contentUrl\":\"https:\\\/\\\/www.eldiario.net\\\/portal\\\/wp-content\\\/uploads\\\/2024\\\/09\\\/LA-IMPORTANCIA-DEL-AGUA.jpg\",\"width\":651,\"height\":978},{\"@type\":\"BreadcrumbList\",\"@id\":\"https:\\\/\\\/www.eldiario.net\\\/portal\\\/2024\\\/09\\\/22\\\/la-importancia-del-agua-2\\\/#breadcrumb\",\"itemListElement\":[{\"@type\":\"ListItem\",\"position\":1,\"name\":\"Portada\",\"item\":\"https:\\\/\\\/www.eldiario.net\\\/portal\\\/\"},{\"@type\":\"ListItem\",\"position\":2,\"name\":\"LA IMPORTANCIA DEL AGUA\"}]},{\"@type\":\"WebSite\",\"@id\":\"https:\\\/\\\/www.eldiario.net\\\/portal\\\/#website\",\"url\":\"https:\\\/\\\/www.eldiario.net\\\/portal\\\/\",\"name\":\"El Diario - Decano de la prensa nacional\",\"description\":\"El Diario - Decano de la prensa nacional\",\"publisher\":{\"@id\":\"https:\\\/\\\/www.eldiario.net\\\/portal\\\/#organization\"},\"potentialAction\":[{\"@type\":\"SearchAction\",\"target\":{\"@type\":\"EntryPoint\",\"urlTemplate\":\"https:\\\/\\\/www.eldiario.net\\\/portal\\\/?s={search_term_string}\"},\"query-input\":{\"@type\":\"PropertyValueSpecification\",\"valueRequired\":true,\"valueName\":\"search_term_string\"}}],\"inLanguage\":\"es\"},{\"@type\":\"Organization\",\"@id\":\"https:\\\/\\\/www.eldiario.net\\\/portal\\\/#organization\",\"name\":\"El Diario - Decano de la prensa nacional\",\"url\":\"https:\\\/\\\/www.eldiario.net\\\/portal\\\/\",\"logo\":{\"@type\":\"ImageObject\",\"inLanguage\":\"es\",\"@id\":\"https:\\\/\\\/www.eldiario.net\\\/portal\\\/#\\\/schema\\\/logo\\\/image\\\/\",\"url\":\"https:\\\/\\\/www.eldiario.net\\\/portal\\\/wp-content\\\/uploads\\\/2023\\\/07\\\/logo_ED.jpg\",\"contentUrl\":\"https:\\\/\\\/www.eldiario.net\\\/portal\\\/wp-content\\\/uploads\\\/2023\\\/07\\\/logo_ED.jpg\",\"width\":272,\"height\":52,\"caption\":\"El Diario - Decano de la prensa nacional\"},\"image\":{\"@id\":\"https:\\\/\\\/www.eldiario.net\\\/portal\\\/#\\\/schema\\\/logo\\\/image\\\/\"},\"sameAs\":[\"https:\\\/\\\/www.facebook.com\\\/eldiario.bolivia\\\/\",\"https:\\\/\\\/x.com\\\/eldiario_net\"]},{\"@type\":\"Person\",\"@id\":\"https:\\\/\\\/www.eldiario.net\\\/portal\\\/#\\\/schema\\\/person\\\/2c57cf2b7a7ae032e449e4c9b1019eac\",\"name\":\"Jeanette\",\"image\":{\"@type\":\"ImageObject\",\"inLanguage\":\"es\",\"@id\":\"https:\\\/\\\/secure.gravatar.com\\\/avatar\\\/3ea2118a5f7dad2b7138b1187a6b7ee55f160b9968b66013c3a3ef39dd7e5798?s=96&d=mm&r=g\",\"url\":\"https:\\\/\\\/secure.gravatar.com\\\/avatar\\\/3ea2118a5f7dad2b7138b1187a6b7ee55f160b9968b66013c3a3ef39dd7e5798?s=96&d=mm&r=g\",\"contentUrl\":\"https:\\\/\\\/secure.gravatar.com\\\/avatar\\\/3ea2118a5f7dad2b7138b1187a6b7ee55f160b9968b66013c3a3ef39dd7e5798?s=96&d=mm&r=g\",\"caption\":\"Jeanette\"},\"sameAs\":[\"https:\\\/\\\/www.eldiario.net\\\/portal\"],\"url\":\"https:\\\/\\\/www.eldiario.net\\\/portal\\\/author\\\/jeanette\\\/\"}]}<\/script>\n<!-- \/ Yoast SEO plugin. -->","yoast_head_json":{"title":"LA IMPORTANCIA DEL AGUA - El Diario - Bolivia","robots":{"index":"index","follow":"follow","max-snippet":"max-snippet:-1","max-image-preview":"max-image-preview:large","max-video-preview":"max-video-preview:-1"},"canonical":"https:\/\/www.eldiario.net\/portal\/2024\/09\/22\/la-importancia-del-agua-2\/","og_locale":"es_ES","og_type":"article","og_title":"LA IMPORTANCIA DEL AGUA - El Diario - Bolivia","og_description":"Lic. Mar\u00eda Luisa Ticona Pardo &#8211; Nutricionista y Dietista U.M.S.A. &#8211; Cel: 69969618 \u00a0 El agua\u00a0constituye la mayor parte del peso corporal y forma parte de muchas funciones del\u00a0organismo, como, por ejemplo: Componente principal de la saliva. La saliva es esencial para descomponer alimentos y mantener la boca sana. &nbsp; Regula la temperatura corporal, \u00e9l [&hellip;]","og_url":"https:\/\/www.eldiario.net\/portal\/2024\/09\/22\/la-importancia-del-agua-2\/","og_site_name":"El Diario - Bolivia","article_publisher":"https:\/\/www.facebook.com\/eldiario.bolivia\/","article_published_time":"2024-09-22T12:55:42+00:00","og_image":[{"width":651,"height":978,"url":"https:\/\/www.eldiario.net\/portal\/wp-content\/uploads\/2024\/09\/LA-IMPORTANCIA-DEL-AGUA.jpg","type":"image\/jpeg"}],"author":"Jeanette","twitter_card":"summary_large_image","twitter_creator":"@eldiario_net","twitter_site":"@eldiario_net","twitter_misc":{"Escrito por":"Jeanette","Tiempo de lectura":"3 minutos"},"schema":{"@context":"https:\/\/schema.org","@graph":[{"@type":"Article","@id":"https:\/\/www.eldiario.net\/portal\/2024\/09\/22\/la-importancia-del-agua-2\/#article","isPartOf":{"@id":"https:\/\/www.eldiario.net\/portal\/2024\/09\/22\/la-importancia-del-agua-2\/"},"author":{"name":"Jeanette","@id":"https:\/\/www.eldiario.net\/portal\/#\/schema\/person\/2c57cf2b7a7ae032e449e4c9b1019eac"},"headline":"LA IMPORTANCIA DEL AGUA","datePublished":"2024-09-22T12:55:42+00:00","mainEntityOfPage":{"@id":"https:\/\/www.eldiario.net\/portal\/2024\/09\/22\/la-importancia-del-agua-2\/"},"wordCount":445,"commentCount":0,"publisher":{"@id":"https:\/\/www.eldiario.net\/portal\/#organization"},"image":{"@id":"https:\/\/www.eldiario.net\/portal\/2024\/09\/22\/la-importancia-del-agua-2\/#primaryimage"},"thumbnailUrl":"https:\/\/www.eldiario.net\/portal\/wp-content\/uploads\/2024\/09\/LA-IMPORTANCIA-DEL-AGUA.jpg","articleSection":["De Salud + vida"],"inLanguage":"es","potentialAction":[{"@type":"CommentAction","name":"Comment","target":["https:\/\/www.eldiario.net\/portal\/2024\/09\/22\/la-importancia-del-agua-2\/#respond"]}]},{"@type":"WebPage","@id":"https:\/\/www.eldiario.net\/portal\/2024\/09\/22\/la-importancia-del-agua-2\/","url":"https:\/\/www.eldiario.net\/portal\/2024\/09\/22\/la-importancia-del-agua-2\/","name":"LA IMPORTANCIA DEL AGUA - El Diario - Bolivia","isPartOf":{"@id":"https:\/\/www.eldiario.net\/portal\/#website"},"primaryImageOfPage":{"@id":"https:\/\/www.eldiario.net\/portal\/2024\/09\/22\/la-importancia-del-agua-2\/#primaryimage"},"image":{"@id":"https:\/\/www.eldiario.net\/portal\/2024\/09\/22\/la-importancia-del-agua-2\/#primaryimage"},"thumbnailUrl":"https:\/\/www.eldiario.net\/portal\/wp-content\/uploads\/2024\/09\/LA-IMPORTANCIA-DEL-AGUA.jpg","datePublished":"2024-09-22T12:55:42+00:00","breadcrumb":{"@id":"https:\/\/www.eldiario.net\/portal\/2024\/09\/22\/la-importancia-del-agua-2\/#breadcrumb"},"inLanguage":"es","potentialAction":[{"@type":"ReadAction","target":["https:\/\/www.eldiario.net\/portal\/2024\/09\/22\/la-importancia-del-agua-2\/"]}]},{"@type":"ImageObject","inLanguage":"es","@id":"https:\/\/www.eldiario.net\/portal\/2024\/09\/22\/la-importancia-del-agua-2\/#primaryimage","url":"https:\/\/www.eldiario.net\/portal\/wp-content\/uploads\/2024\/09\/LA-IMPORTANCIA-DEL-AGUA.jpg","contentUrl":"https:\/\/www.eldiario.net\/portal\/wp-content\/uploads\/2024\/09\/LA-IMPORTANCIA-DEL-AGUA.jpg","width":651,"height":978},{"@type":"BreadcrumbList","@id":"https:\/\/www.eldiario.net\/portal\/2024\/09\/22\/la-importancia-del-agua-2\/#breadcrumb","itemListElement":[{"@type":"ListItem","position":1,"name":"Portada","item":"https:\/\/www.eldiario.net\/portal\/"},{"@type":"ListItem","position":2,"name":"LA IMPORTANCIA DEL AGUA"}]},{"@type":"WebSite","@id":"https:\/\/www.eldiario.net\/portal\/#website","url":"https:\/\/www.eldiario.net\/portal\/","name":"El Diario - Decano de la prensa nacional","description":"El Diario - Decano de la prensa nacional","publisher":{"@id":"https:\/\/www.eldiario.net\/portal\/#organization"},"potentialAction":[{"@type":"SearchAction","target":{"@type":"EntryPoint","urlTemplate":"https:\/\/www.eldiario.net\/portal\/?s={search_term_string}"},"query-input":{"@type":"PropertyValueSpecification","valueRequired":true,"valueName":"search_term_string"}}],"inLanguage":"es"},{"@type":"Organization","@id":"https:\/\/www.eldiario.net\/portal\/#organization","name":"El Diario - Decano de la prensa nacional","url":"https:\/\/www.eldiario.net\/portal\/","logo":{"@type":"ImageObject","inLanguage":"es","@id":"https:\/\/www.eldiario.net\/portal\/#\/schema\/logo\/image\/","url":"https:\/\/www.eldiario.net\/portal\/wp-content\/uploads\/2023\/07\/logo_ED.jpg","contentUrl":"https:\/\/www.eldiario.net\/portal\/wp-content\/uploads\/2023\/07\/logo_ED.jpg","width":272,"height":52,"caption":"El Diario - Decano de la prensa nacional"},"image":{"@id":"https:\/\/www.eldiario.net\/portal\/#\/schema\/logo\/image\/"},"sameAs":["https:\/\/www.facebook.com\/eldiario.bolivia\/","https:\/\/x.com\/eldiario_net"]},{"@type":"Person","@id":"https:\/\/www.eldiario.net\/portal\/#\/schema\/person\/2c57cf2b7a7ae032e449e4c9b1019eac","name":"Jeanette","image":{"@type":"ImageObject","inLanguage":"es","@id":"https:\/\/secure.gravatar.com\/avatar\/3ea2118a5f7dad2b7138b1187a6b7ee55f160b9968b66013c3a3ef39dd7e5798?s=96&d=mm&r=g","url":"https:\/\/secure.gravatar.com\/avatar\/3ea2118a5f7dad2b7138b1187a6b7ee55f160b9968b66013c3a3ef39dd7e5798?s=96&d=mm&r=g","contentUrl":"https:\/\/secure.gravatar.com\/avatar\/3ea2118a5f7dad2b7138b1187a6b7ee55f160b9968b66013c3a3ef39dd7e5798?s=96&d=mm&r=g","caption":"Jeanette"},"sameAs":["https:\/\/www.eldiario.net\/portal"],"url":"https:\/\/www.eldiario.net\/portal\/author\/jeanette\/"}]}},"_links":{"self":[{"href":"https:\/\/www.eldiario.net\/portal\/wp-json\/wp\/v2\/posts\/249199","targetHints":{"allow":["GET"]}}],"collection":[{"href":"https:\/\/www.eldiario.net\/portal\/wp-json\/wp\/v2\/posts"}],"about":[{"href":"https:\/\/www.eldiario.net\/portal\/wp-json\/wp\/v2\/types\/post"}],"author":[{"embeddable":true,"href":"https:\/\/www.eldiario.net\/portal\/wp-json\/wp\/v2\/users\/1"}],"replies":[{"embeddable":true,"href":"https:\/\/www.eldiario.net\/portal\/wp-json\/wp\/v2\/comments?post=249199"}],"version-history":[{"count":1,"href":"https:\/\/www.eldiario.net\/portal\/wp-json\/wp\/v2\/posts\/249199\/revisions"}],"predecessor-version":[{"id":249201,"href":"https:\/\/www.eldiario.net\/portal\/wp-json\/wp\/v2\/posts\/249199\/revisions\/249201"}],"wp:featuredmedia":[{"embeddable":true,"href":"https:\/\/www.eldiario.net\/portal\/wp-json\/wp\/v2\/media\/249200"}],"wp:attachment":[{"href":"https:\/\/www.eldiario.net\/portal\/wp-json\/wp\/v2\/media?parent=249199"}],"wp:term":[{"taxonomy":"category","embeddable":true,"href":"https:\/\/www.eldiario.net\/portal\/wp-json\/wp\/v2\/categories?post=249199"},{"taxonomy":"post_tag","embeddable":true,"href":"https:\/\/www.eldiario.net\/portal\/wp-json\/wp\/v2\/tags?post=249199"}],"curies":[{"name":"wp","href":"https:\/\/api.w.org\/{rel}","templated":true}]}}