{"id":249196,"date":"2024-09-22T08:55:00","date_gmt":"2024-09-22T12:55:00","guid":{"rendered":"https:\/\/www.eldiario.net\/portal\/?p=249196"},"modified":"2024-09-22T08:55:00","modified_gmt":"2024-09-22T12:55:00","slug":"los-implantes-mamarios","status":"publish","type":"post","link":"https:\/\/www.eldiario.net\/portal\/2024\/09\/22\/los-implantes-mamarios\/","title":{"rendered":"LOS IMPLANTES MAMARIOS"},"content":{"rendered":"<p>Cuando una mujer decide realizarse una intervenci\u00f3n como un aumento de pecho, se enfrenta a una decisi\u00f3n importante: \u00bfQu\u00e9 tipo de pr\u00f3tesis son las m\u00e1s adecuadas? Existen diferentes tipos de implantes mamarios, lo que implica tener que decidir cu\u00e1l ser\u00e1 el m\u00e1s conveniente para cada caso.<\/p>\n<p><strong>\u00a0<\/strong><\/p>\n<p><strong><em>\u00bfQu\u00e9<\/em><\/strong> <strong><em>tipos<\/em><\/strong> <strong><em>de<\/em><\/strong> <strong><em>implantes<\/em><\/strong> <strong><em>mamarios<\/em><\/strong> <strong><em>existen?<\/em><\/strong><\/p>\n<p><strong><em>Implantes seg\u00fan su tipo de relleno:<\/em><\/strong><\/p>\n<p><strong>Implantes de silicona: <\/strong>Es uno de los m\u00e1s utilizados actualmente y tambi\u00e9n el m\u00e1s recomendado, ya que en caso de rotura en la cubierta de la pr\u00f3tesis es muy dif\u00edcil que se derrame el relleno. Adem\u00e1s, el gel facilita un aspecto mucho m\u00e1s natural, tanto a la vista como al tacto.<\/p>\n<p><strong>Implantes mamarios de suero salino: <\/strong>Est\u00e1n elaborados con suero fisiol\u00f3gico, se trata de un relleno compuesto de un suero de agua y sal. En caso de rotura de este tipo de implantes, este material se reabsorbe de forma natural.<\/p>\n<p><strong>Implantes mamarios de gel ultra cohesivo de silicona: <\/strong>Cuanto m\u00e1s cohesivo es el implante ser\u00e1 m\u00e1s duro y tendr\u00e1 menos propensi\u00f3n a deformarse o a escaparse si se rompe. Son un avance por su gran seguridad en caso de rotura.<\/p>\n<p><strong><em>Implantes<\/em><\/strong> <strong><em>seg\u00fan<\/em><\/strong> <strong><em>su<\/em><\/strong> <strong><em>forma:<\/em><\/strong><\/p>\n<p><strong>Implantes mamarios redondos: <\/strong>Son los m\u00e1s habituales y existen diferentes tipos de perfiles seg\u00fan su altura. Cuanto mayor es su altura menor di\u00e1metro tiene el implante, pero son m\u00e1s f\u00e1ciles de introducir.<\/p>\n<p><strong>Implantes mamarios anat\u00f3micos: <\/strong>Tienen forma ovalada, forma de gota o de l\u00e1grima. Var\u00eda su forma en las tres dimensiones, tanto en longitud como en anchura para adaptarse a la anatom\u00eda de cada mujer.<\/p>\n<p>Seg\u00fan la envoltura del implante:<\/p>\n<p><strong>Implantes de cobertura lisa: <\/strong>Se pueden introducir con menos cicatriz y tienen un tacto m\u00e1s blando.<strong> Tienen<\/strong> menos riesgo de producir seromas o infecciones.<\/p>\n<p><strong>Implantes de cobertura rugosa:<\/strong> Presentan menos riesgo de encapsulamiento y su tacto es m\u00e1s irregular, gracias a su forma disminuyen las probabilidades de que los implantes se desplacen.<\/p>\n<p><strong>Implantes microtexturizados:<\/strong> Son los m\u00e1s modernos. Su tacto es m\u00e1s natural y no tiene riesgo de encapsulamiento.<\/p>\n<p>Ya que existen diferentes tipos de implantes mamarios seg\u00fan su composici\u00f3n, su forma y su cobertura. Exam\u00ednalos conjuntamente con tu cirujano especialista para decidir cu\u00e1l se adapta a tus necesidades.<\/p>\n<p>Fuente: Dr. Carlos Marenco &#8211; Cirujano Pl\u00e1stico, Est\u00e9tico y Reconstructivo<\/p>\n<p>&nbsp;<\/p>\n","protected":false},"excerpt":{"rendered":"<p>Cuando una mujer decide realizarse una intervenci\u00f3n como un aumento de pecho, se enfrenta a una decisi\u00f3n importante: \u00bfQu\u00e9 tipo de pr\u00f3tesis son las m\u00e1s adecuadas? Existen diferentes tipos de implantes mamarios, lo que implica tener que decidir cu\u00e1l ser\u00e1 el m\u00e1s conveniente para cada caso. \u00a0 \u00bfQu\u00e9 tipos de implantes mamarios existen? Implantes seg\u00fan [&hellip;]<\/p>\n","protected":false},"author":1,"featured_media":249197,"comment_status":"open","ping_status":"open","sticky":false,"template":"","format":"standard","meta":{"_acf_changed":false,"footnotes":""},"categories":[52],"tags":[],"class_list":["post-249196","post","type-post","status-publish","format-standard","has-post-thumbnail","category-de-salud-mas-vida"],"acf":{"antetitulo":""},"yoast_head":"<!-- This site is optimized with the Yoast SEO plugin v28.4 - https:\/\/yoast.com\/product\/yoast-seo-wordpress\/ -->\n<title>LOS IMPLANTES MAMARIOS - El Diario - Bolivia<\/title>\n<meta name=\"robots\" content=\"index, follow, max-snippet:-1, max-image-preview:large, max-video-preview:-1\" \/>\n<link rel=\"canonical\" href=\"https:\/\/www.eldiario.net\/portal\/2024\/09\/22\/los-implantes-mamarios\/\" \/>\n<meta property=\"og:locale\" content=\"es_ES\" \/>\n<meta property=\"og:type\" content=\"article\" \/>\n<meta property=\"og:title\" content=\"LOS IMPLANTES MAMARIOS - El Diario - Bolivia\" \/>\n<meta property=\"og:description\" content=\"Cuando una mujer decide realizarse una intervenci\u00f3n como un aumento de pecho, se enfrenta a una decisi\u00f3n importante: \u00bfQu\u00e9 tipo de pr\u00f3tesis son las m\u00e1s adecuadas? Existen diferentes tipos de implantes mamarios, lo que implica tener que decidir cu\u00e1l ser\u00e1 el m\u00e1s conveniente para cada caso. \u00a0 \u00bfQu\u00e9 tipos de implantes mamarios existen? Implantes seg\u00fan [&hellip;]\" \/>\n<meta property=\"og:url\" content=\"https:\/\/www.eldiario.net\/portal\/2024\/09\/22\/los-implantes-mamarios\/\" \/>\n<meta property=\"og:site_name\" content=\"El Diario - Bolivia\" \/>\n<meta property=\"article:publisher\" content=\"https:\/\/www.facebook.com\/eldiario.bolivia\/\" \/>\n<meta property=\"article:published_time\" content=\"2024-09-22T12:55:00+00:00\" \/>\n<meta property=\"og:image\" content=\"https:\/\/www.eldiario.net\/portal\/wp-content\/uploads\/2024\/09\/LOS-IMPLANTES-MAMARIOS.jpg\" \/>\n\t<meta property=\"og:image:width\" content=\"1088\" \/>\n\t<meta property=\"og:image:height\" content=\"688\" \/>\n\t<meta property=\"og:image:type\" content=\"image\/jpeg\" \/>\n<meta name=\"author\" content=\"Jeanette\" \/>\n<meta name=\"twitter:card\" content=\"summary_large_image\" \/>\n<meta name=\"twitter:creator\" content=\"@eldiario_net\" \/>\n<meta name=\"twitter:site\" content=\"@eldiario_net\" \/>\n<meta name=\"twitter:label1\" content=\"Escrito por\" \/>\n\t<meta name=\"twitter:data1\" content=\"Jeanette\" \/>\n\t<meta name=\"twitter:label2\" content=\"Tiempo de lectura\" \/>\n\t<meta name=\"twitter:data2\" content=\"2 minutos\" \/>\n<script type=\"application\/ld+json\" class=\"yoast-schema-graph\">{\"@context\":\"https:\\\/\\\/schema.org\",\"@graph\":[{\"@type\":\"Article\",\"@id\":\"https:\\\/\\\/www.eldiario.net\\\/portal\\\/2024\\\/09\\\/22\\\/los-implantes-mamarios\\\/#article\",\"isPartOf\":{\"@id\":\"https:\\\/\\\/www.eldiario.net\\\/portal\\\/2024\\\/09\\\/22\\\/los-implantes-mamarios\\\/\"},\"author\":{\"name\":\"Jeanette\",\"@id\":\"https:\\\/\\\/www.eldiario.net\\\/portal\\\/#\\\/schema\\\/person\\\/2c57cf2b7a7ae032e449e4c9b1019eac\"},\"headline\":\"LOS IMPLANTES MAMARIOS\",\"datePublished\":\"2024-09-22T12:55:00+00:00\",\"mainEntityOfPage\":{\"@id\":\"https:\\\/\\\/www.eldiario.net\\\/portal\\\/2024\\\/09\\\/22\\\/los-implantes-mamarios\\\/\"},\"wordCount\":415,\"commentCount\":0,\"publisher\":{\"@id\":\"https:\\\/\\\/www.eldiario.net\\\/portal\\\/#organization\"},\"image\":{\"@id\":\"https:\\\/\\\/www.eldiario.net\\\/portal\\\/2024\\\/09\\\/22\\\/los-implantes-mamarios\\\/#primaryimage\"},\"thumbnailUrl\":\"https:\\\/\\\/www.eldiario.net\\\/portal\\\/wp-content\\\/uploads\\\/2024\\\/09\\\/LOS-IMPLANTES-MAMARIOS.jpg\",\"articleSection\":[\"De Salud + vida\"],\"inLanguage\":\"es\",\"potentialAction\":[{\"@type\":\"CommentAction\",\"name\":\"Comment\",\"target\":[\"https:\\\/\\\/www.eldiario.net\\\/portal\\\/2024\\\/09\\\/22\\\/los-implantes-mamarios\\\/#respond\"]}]},{\"@type\":\"WebPage\",\"@id\":\"https:\\\/\\\/www.eldiario.net\\\/portal\\\/2024\\\/09\\\/22\\\/los-implantes-mamarios\\\/\",\"url\":\"https:\\\/\\\/www.eldiario.net\\\/portal\\\/2024\\\/09\\\/22\\\/los-implantes-mamarios\\\/\",\"name\":\"LOS IMPLANTES MAMARIOS - El Diario - Bolivia\",\"isPartOf\":{\"@id\":\"https:\\\/\\\/www.eldiario.net\\\/portal\\\/#website\"},\"primaryImageOfPage\":{\"@id\":\"https:\\\/\\\/www.eldiario.net\\\/portal\\\/2024\\\/09\\\/22\\\/los-implantes-mamarios\\\/#primaryimage\"},\"image\":{\"@id\":\"https:\\\/\\\/www.eldiario.net\\\/portal\\\/2024\\\/09\\\/22\\\/los-implantes-mamarios\\\/#primaryimage\"},\"thumbnailUrl\":\"https:\\\/\\\/www.eldiario.net\\\/portal\\\/wp-content\\\/uploads\\\/2024\\\/09\\\/LOS-IMPLANTES-MAMARIOS.jpg\",\"datePublished\":\"2024-09-22T12:55:00+00:00\",\"breadcrumb\":{\"@id\":\"https:\\\/\\\/www.eldiario.net\\\/portal\\\/2024\\\/09\\\/22\\\/los-implantes-mamarios\\\/#breadcrumb\"},\"inLanguage\":\"es\",\"potentialAction\":[{\"@type\":\"ReadAction\",\"target\":[\"https:\\\/\\\/www.eldiario.net\\\/portal\\\/2024\\\/09\\\/22\\\/los-implantes-mamarios\\\/\"]}]},{\"@type\":\"ImageObject\",\"inLanguage\":\"es\",\"@id\":\"https:\\\/\\\/www.eldiario.net\\\/portal\\\/2024\\\/09\\\/22\\\/los-implantes-mamarios\\\/#primaryimage\",\"url\":\"https:\\\/\\\/www.eldiario.net\\\/portal\\\/wp-content\\\/uploads\\\/2024\\\/09\\\/LOS-IMPLANTES-MAMARIOS.jpg\",\"contentUrl\":\"https:\\\/\\\/www.eldiario.net\\\/portal\\\/wp-content\\\/uploads\\\/2024\\\/09\\\/LOS-IMPLANTES-MAMARIOS.jpg\",\"width\":1088,\"height\":688},{\"@type\":\"BreadcrumbList\",\"@id\":\"https:\\\/\\\/www.eldiario.net\\\/portal\\\/2024\\\/09\\\/22\\\/los-implantes-mamarios\\\/#breadcrumb\",\"itemListElement\":[{\"@type\":\"ListItem\",\"position\":1,\"name\":\"Portada\",\"item\":\"https:\\\/\\\/www.eldiario.net\\\/portal\\\/\"},{\"@type\":\"ListItem\",\"position\":2,\"name\":\"LOS IMPLANTES MAMARIOS\"}]},{\"@type\":\"WebSite\",\"@id\":\"https:\\\/\\\/www.eldiario.net\\\/portal\\\/#website\",\"url\":\"https:\\\/\\\/www.eldiario.net\\\/portal\\\/\",\"name\":\"El Diario - Decano de la prensa nacional\",\"description\":\"El Diario - Decano de la prensa nacional\",\"publisher\":{\"@id\":\"https:\\\/\\\/www.eldiario.net\\\/portal\\\/#organization\"},\"potentialAction\":[{\"@type\":\"SearchAction\",\"target\":{\"@type\":\"EntryPoint\",\"urlTemplate\":\"https:\\\/\\\/www.eldiario.net\\\/portal\\\/?s={search_term_string}\"},\"query-input\":{\"@type\":\"PropertyValueSpecification\",\"valueRequired\":true,\"valueName\":\"search_term_string\"}}],\"inLanguage\":\"es\"},{\"@type\":\"Organization\",\"@id\":\"https:\\\/\\\/www.eldiario.net\\\/portal\\\/#organization\",\"name\":\"El Diario - Decano de la prensa nacional\",\"url\":\"https:\\\/\\\/www.eldiario.net\\\/portal\\\/\",\"logo\":{\"@type\":\"ImageObject\",\"inLanguage\":\"es\",\"@id\":\"https:\\\/\\\/www.eldiario.net\\\/portal\\\/#\\\/schema\\\/logo\\\/image\\\/\",\"url\":\"https:\\\/\\\/www.eldiario.net\\\/portal\\\/wp-content\\\/uploads\\\/2023\\\/07\\\/logo_ED.jpg\",\"contentUrl\":\"https:\\\/\\\/www.eldiario.net\\\/portal\\\/wp-content\\\/uploads\\\/2023\\\/07\\\/logo_ED.jpg\",\"width\":272,\"height\":52,\"caption\":\"El Diario - Decano de la prensa nacional\"},\"image\":{\"@id\":\"https:\\\/\\\/www.eldiario.net\\\/portal\\\/#\\\/schema\\\/logo\\\/image\\\/\"},\"sameAs\":[\"https:\\\/\\\/www.facebook.com\\\/eldiario.bolivia\\\/\",\"https:\\\/\\\/x.com\\\/eldiario_net\"]},{\"@type\":\"Person\",\"@id\":\"https:\\\/\\\/www.eldiario.net\\\/portal\\\/#\\\/schema\\\/person\\\/2c57cf2b7a7ae032e449e4c9b1019eac\",\"name\":\"Jeanette\",\"image\":{\"@type\":\"ImageObject\",\"inLanguage\":\"es\",\"@id\":\"https:\\\/\\\/secure.gravatar.com\\\/avatar\\\/3ea2118a5f7dad2b7138b1187a6b7ee55f160b9968b66013c3a3ef39dd7e5798?s=96&d=mm&r=g\",\"url\":\"https:\\\/\\\/secure.gravatar.com\\\/avatar\\\/3ea2118a5f7dad2b7138b1187a6b7ee55f160b9968b66013c3a3ef39dd7e5798?s=96&d=mm&r=g\",\"contentUrl\":\"https:\\\/\\\/secure.gravatar.com\\\/avatar\\\/3ea2118a5f7dad2b7138b1187a6b7ee55f160b9968b66013c3a3ef39dd7e5798?s=96&d=mm&r=g\",\"caption\":\"Jeanette\"},\"sameAs\":[\"https:\\\/\\\/www.eldiario.net\\\/portal\"],\"url\":\"https:\\\/\\\/www.eldiario.net\\\/portal\\\/author\\\/jeanette\\\/\"}]}<\/script>\n<!-- \/ Yoast SEO plugin. -->","yoast_head_json":{"title":"LOS IMPLANTES MAMARIOS - El Diario - Bolivia","robots":{"index":"index","follow":"follow","max-snippet":"max-snippet:-1","max-image-preview":"max-image-preview:large","max-video-preview":"max-video-preview:-1"},"canonical":"https:\/\/www.eldiario.net\/portal\/2024\/09\/22\/los-implantes-mamarios\/","og_locale":"es_ES","og_type":"article","og_title":"LOS IMPLANTES MAMARIOS - El Diario - Bolivia","og_description":"Cuando una mujer decide realizarse una intervenci\u00f3n como un aumento de pecho, se enfrenta a una decisi\u00f3n importante: \u00bfQu\u00e9 tipo de pr\u00f3tesis son las m\u00e1s adecuadas? Existen diferentes tipos de implantes mamarios, lo que implica tener que decidir cu\u00e1l ser\u00e1 el m\u00e1s conveniente para cada caso. \u00a0 \u00bfQu\u00e9 tipos de implantes mamarios existen? Implantes seg\u00fan [&hellip;]","og_url":"https:\/\/www.eldiario.net\/portal\/2024\/09\/22\/los-implantes-mamarios\/","og_site_name":"El Diario - Bolivia","article_publisher":"https:\/\/www.facebook.com\/eldiario.bolivia\/","article_published_time":"2024-09-22T12:55:00+00:00","og_image":[{"width":1088,"height":688,"url":"https:\/\/www.eldiario.net\/portal\/wp-content\/uploads\/2024\/09\/LOS-IMPLANTES-MAMARIOS.jpg","type":"image\/jpeg"}],"author":"Jeanette","twitter_card":"summary_large_image","twitter_creator":"@eldiario_net","twitter_site":"@eldiario_net","twitter_misc":{"Escrito por":"Jeanette","Tiempo de lectura":"2 minutos"},"schema":{"@context":"https:\/\/schema.org","@graph":[{"@type":"Article","@id":"https:\/\/www.eldiario.net\/portal\/2024\/09\/22\/los-implantes-mamarios\/#article","isPartOf":{"@id":"https:\/\/www.eldiario.net\/portal\/2024\/09\/22\/los-implantes-mamarios\/"},"author":{"name":"Jeanette","@id":"https:\/\/www.eldiario.net\/portal\/#\/schema\/person\/2c57cf2b7a7ae032e449e4c9b1019eac"},"headline":"LOS IMPLANTES MAMARIOS","datePublished":"2024-09-22T12:55:00+00:00","mainEntityOfPage":{"@id":"https:\/\/www.eldiario.net\/portal\/2024\/09\/22\/los-implantes-mamarios\/"},"wordCount":415,"commentCount":0,"publisher":{"@id":"https:\/\/www.eldiario.net\/portal\/#organization"},"image":{"@id":"https:\/\/www.eldiario.net\/portal\/2024\/09\/22\/los-implantes-mamarios\/#primaryimage"},"thumbnailUrl":"https:\/\/www.eldiario.net\/portal\/wp-content\/uploads\/2024\/09\/LOS-IMPLANTES-MAMARIOS.jpg","articleSection":["De Salud + vida"],"inLanguage":"es","potentialAction":[{"@type":"CommentAction","name":"Comment","target":["https:\/\/www.eldiario.net\/portal\/2024\/09\/22\/los-implantes-mamarios\/#respond"]}]},{"@type":"WebPage","@id":"https:\/\/www.eldiario.net\/portal\/2024\/09\/22\/los-implantes-mamarios\/","url":"https:\/\/www.eldiario.net\/portal\/2024\/09\/22\/los-implantes-mamarios\/","name":"LOS IMPLANTES MAMARIOS - El Diario - Bolivia","isPartOf":{"@id":"https:\/\/www.eldiario.net\/portal\/#website"},"primaryImageOfPage":{"@id":"https:\/\/www.eldiario.net\/portal\/2024\/09\/22\/los-implantes-mamarios\/#primaryimage"},"image":{"@id":"https:\/\/www.eldiario.net\/portal\/2024\/09\/22\/los-implantes-mamarios\/#primaryimage"},"thumbnailUrl":"https:\/\/www.eldiario.net\/portal\/wp-content\/uploads\/2024\/09\/LOS-IMPLANTES-MAMARIOS.jpg","datePublished":"2024-09-22T12:55:00+00:00","breadcrumb":{"@id":"https:\/\/www.eldiario.net\/portal\/2024\/09\/22\/los-implantes-mamarios\/#breadcrumb"},"inLanguage":"es","potentialAction":[{"@type":"ReadAction","target":["https:\/\/www.eldiario.net\/portal\/2024\/09\/22\/los-implantes-mamarios\/"]}]},{"@type":"ImageObject","inLanguage":"es","@id":"https:\/\/www.eldiario.net\/portal\/2024\/09\/22\/los-implantes-mamarios\/#primaryimage","url":"https:\/\/www.eldiario.net\/portal\/wp-content\/uploads\/2024\/09\/LOS-IMPLANTES-MAMARIOS.jpg","contentUrl":"https:\/\/www.eldiario.net\/portal\/wp-content\/uploads\/2024\/09\/LOS-IMPLANTES-MAMARIOS.jpg","width":1088,"height":688},{"@type":"BreadcrumbList","@id":"https:\/\/www.eldiario.net\/portal\/2024\/09\/22\/los-implantes-mamarios\/#breadcrumb","itemListElement":[{"@type":"ListItem","position":1,"name":"Portada","item":"https:\/\/www.eldiario.net\/portal\/"},{"@type":"ListItem","position":2,"name":"LOS IMPLANTES MAMARIOS"}]},{"@type":"WebSite","@id":"https:\/\/www.eldiario.net\/portal\/#website","url":"https:\/\/www.eldiario.net\/portal\/","name":"El Diario - Decano de la prensa nacional","description":"El Diario - Decano de la prensa nacional","publisher":{"@id":"https:\/\/www.eldiario.net\/portal\/#organization"},"potentialAction":[{"@type":"SearchAction","target":{"@type":"EntryPoint","urlTemplate":"https:\/\/www.eldiario.net\/portal\/?s={search_term_string}"},"query-input":{"@type":"PropertyValueSpecification","valueRequired":true,"valueName":"search_term_string"}}],"inLanguage":"es"},{"@type":"Organization","@id":"https:\/\/www.eldiario.net\/portal\/#organization","name":"El Diario - Decano de la prensa nacional","url":"https:\/\/www.eldiario.net\/portal\/","logo":{"@type":"ImageObject","inLanguage":"es","@id":"https:\/\/www.eldiario.net\/portal\/#\/schema\/logo\/image\/","url":"https:\/\/www.eldiario.net\/portal\/wp-content\/uploads\/2023\/07\/logo_ED.jpg","contentUrl":"https:\/\/www.eldiario.net\/portal\/wp-content\/uploads\/2023\/07\/logo_ED.jpg","width":272,"height":52,"caption":"El Diario - Decano de la prensa nacional"},"image":{"@id":"https:\/\/www.eldiario.net\/portal\/#\/schema\/logo\/image\/"},"sameAs":["https:\/\/www.facebook.com\/eldiario.bolivia\/","https:\/\/x.com\/eldiario_net"]},{"@type":"Person","@id":"https:\/\/www.eldiario.net\/portal\/#\/schema\/person\/2c57cf2b7a7ae032e449e4c9b1019eac","name":"Jeanette","image":{"@type":"ImageObject","inLanguage":"es","@id":"https:\/\/secure.gravatar.com\/avatar\/3ea2118a5f7dad2b7138b1187a6b7ee55f160b9968b66013c3a3ef39dd7e5798?s=96&d=mm&r=g","url":"https:\/\/secure.gravatar.com\/avatar\/3ea2118a5f7dad2b7138b1187a6b7ee55f160b9968b66013c3a3ef39dd7e5798?s=96&d=mm&r=g","contentUrl":"https:\/\/secure.gravatar.com\/avatar\/3ea2118a5f7dad2b7138b1187a6b7ee55f160b9968b66013c3a3ef39dd7e5798?s=96&d=mm&r=g","caption":"Jeanette"},"sameAs":["https:\/\/www.eldiario.net\/portal"],"url":"https:\/\/www.eldiario.net\/portal\/author\/jeanette\/"}]}},"_links":{"self":[{"href":"https:\/\/www.eldiario.net\/portal\/wp-json\/wp\/v2\/posts\/249196","targetHints":{"allow":["GET"]}}],"collection":[{"href":"https:\/\/www.eldiario.net\/portal\/wp-json\/wp\/v2\/posts"}],"about":[{"href":"https:\/\/www.eldiario.net\/portal\/wp-json\/wp\/v2\/types\/post"}],"author":[{"embeddable":true,"href":"https:\/\/www.eldiario.net\/portal\/wp-json\/wp\/v2\/users\/1"}],"replies":[{"embeddable":true,"href":"https:\/\/www.eldiario.net\/portal\/wp-json\/wp\/v2\/comments?post=249196"}],"version-history":[{"count":1,"href":"https:\/\/www.eldiario.net\/portal\/wp-json\/wp\/v2\/posts\/249196\/revisions"}],"predecessor-version":[{"id":249198,"href":"https:\/\/www.eldiario.net\/portal\/wp-json\/wp\/v2\/posts\/249196\/revisions\/249198"}],"wp:featuredmedia":[{"embeddable":true,"href":"https:\/\/www.eldiario.net\/portal\/wp-json\/wp\/v2\/media\/249197"}],"wp:attachment":[{"href":"https:\/\/www.eldiario.net\/portal\/wp-json\/wp\/v2\/media?parent=249196"}],"wp:term":[{"taxonomy":"category","embeddable":true,"href":"https:\/\/www.eldiario.net\/portal\/wp-json\/wp\/v2\/categories?post=249196"},{"taxonomy":"post_tag","embeddable":true,"href":"https:\/\/www.eldiario.net\/portal\/wp-json\/wp\/v2\/tags?post=249196"}],"curies":[{"name":"wp","href":"https:\/\/api.w.org\/{rel}","templated":true}]}}