{"id":248815,"date":"2024-09-20T20:36:45","date_gmt":"2024-09-21T00:36:45","guid":{"rendered":"https:\/\/www.eldiario.net\/portal\/?p=248815"},"modified":"2024-09-20T20:36:45","modified_gmt":"2024-09-21T00:36:45","slug":"luis-alfredo-gavilano-la-musica-es-el-medio-mas-puro-de-expresion-del-espiritu-humano","status":"publish","type":"post","link":"https:\/\/www.eldiario.net\/portal\/2024\/09\/20\/luis-alfredo-gavilano-la-musica-es-el-medio-mas-puro-de-expresion-del-espiritu-humano\/","title":{"rendered":"Luis Alfredo Gavilano: La m\u00fasica es el medio  m\u00e1s puro de expresi\u00f3n del esp\u00edritu humano"},"content":{"rendered":"<p>Con pasi\u00f3n desenfrenada por la m\u00fasica de Alfredo Dom\u00ednguez y un talento innato para tocar la guitarra, Luis Alfredo Gavilano se ha convertido en uno de los guitarristas m\u00e1s destacados de su generaci\u00f3n. Con estilo \u00fanico y t\u00e9cnica impresionante, ha logrado cautivar a audiencias de todo el mundo.<\/p>\n<p>Recientemente, estuvo en una gira por Europa, habiendo seducido a la prensa especializada con su magistral actuaci\u00f3n. Desde adolescente, Luis Alfredo mostr\u00f3 un inter\u00e9s especial por la guitarra, y r\u00e1pidamente comenz\u00f3 a destacarse en su instrumento. Su dedicaci\u00f3n y empe\u00f1o lo llevaron a estudiar en las mejores escuelas de m\u00fasica, donde perfeccion\u00f3 su t\u00e9cnica y desarroll\u00f3 su propio estilo.<\/p>\n<p>Con una carrera en ascenso y un futuro prometedor, Luis Alfredo Gavilano contin\u00faa sorprendiendo y enamorando a sus seguidores con su m\u00fasica.<\/p>\n<p><strong>\u00bfC\u00f3mo ha sido la recepci\u00f3n de su m\u00fasica por parte del p\u00fablico europeo? <\/strong><\/p>\n<p>El programa que llev\u00e9 fue toda la obra de Alfredo Dom\u00ednguez para guitarra solista, la recepci\u00f3n fue extraordinariamente positiva.<\/p>\n<p><strong>\u00bfC\u00f3mo describir\u00eda su estilo de guitarra y qu\u00e9 influencias musicales tiene?<\/strong><\/p>\n<p>De todo un poco, he estudiado Guitarra cl\u00e1sica en diferentes escuelas en varios pa\u00edses, las influencias son varias, la m\u00fasica de Francisco T\u00e1rrega, Bach, entre otros cl\u00e1sicos.\u00a0 Pero tambi\u00e9n mucha influencia folkl\u00f3rica.<\/p>\n<p><strong>\u00bfQu\u00e9 significa para usted la m\u00fasica y c\u00f3mo le ha cambiado como persona?<\/strong><\/p>\n<p>La m\u00fasica, como\u00a0 las artes en general, es el medio m\u00e1s puro de expresi\u00f3n del esp\u00edritu humano y la mejor manera de desarrollo de la creatividad.\u00a0 Por lo que considero que estudiar artes es trascendental para todo ser humano, pues esa creatividad desarrollada sirve y aporta positivamente a ser un mejor profesional, sea la profesi\u00f3n que sea.<\/p>\n<p>Que \u00bfc\u00f3mo ha cambiado mi vida? Estoy ligado a la m\u00fasica desde muy peque\u00f1o,\u00a0\u00a0 por lo que ha sido parte de mi\u2026 hacer m\u00fasica es para m\u00ed, la mejor manera de aportar con belleza y energ\u00eda positiva a un mundo muy complicado.<\/p>\n<p><strong>\u00bfQu\u00e9 proyectos musicales ha realizado hasta ahora y cu\u00e1les son sus metas a futuro?<\/strong><\/p>\n<p>Muchos\u2026\u00a0 como participar de festivales y ofrecer conciertos\u00a0 haciendo conocer, dentro del repertorio cl\u00e1sico y Latinoamericano, nuestra cultura en varios pa\u00edses de Latinoam\u00e9rica, EEUU y Europa.<\/p>\n<p>He grabado 5 discos de los cuales tres est\u00e1n en las Redes (Spotify, Dizeer, Amazon, Youtube, etc.).<\/p>\n<p>He ganado el Premio Plurinacional Eduardo Abaroa 2017,\u00a0 1er premio en Producci\u00f3n Musical.<\/p>\n<p>He dado clases regulares de guitarra en el Conservatorio Plurinacional de M\u00fasica.<\/p>\n<p>He ofrecido Talleres de m\u00fasica boliviana en Universidades y escuelas de m\u00fasica en el exterior.<\/p>\n<p>Acabo de regresar de una gira por varios pa\u00edses de Europa ofreciendo conciertos con la obra de Alfredo Dom\u00ednguez.<\/p>\n<p>A futuro\u2026 grabar la obra completa de Dom\u00ednguez, hacer una gira por Bolivia y seguir difundiendo m\u00fasica boliviana.<\/p>\n<p><strong>\u00bfCu\u00e1l considera que es su mayor logro como guitarrista hasta el momento?<\/strong><\/p>\n<p>Haberme dado el trabajo de estudiar la obra completa de Alfredo Dom\u00ednguez y estar difundi\u00e9ndola.<\/p>\n<p><strong>\u00bfQu\u00e9 consejos les dar\u00eda a quienes quieren seguir una carrera musical en Bolivia?<\/strong><\/p>\n<p>Disciplina y trabajo serio\u2026 no hay virtuoso gratis y el talento no es suficiente.<\/p>\n<p><strong>\u00bfCu\u00e1les son sus planes pr\u00f3ximos en cuanto a grabaciones y presentaciones en vivo?<\/strong><\/p>\n<p>Como lo menci0on\u00e9, grabar, hacer una gira por Bolivia y lo que se logre m\u00e1s adelante<\/p>\n","protected":false},"excerpt":{"rendered":"<p>Con pasi\u00f3n desenfrenada por la m\u00fasica de Alfredo Dom\u00ednguez y un talento innato para tocar la guitarra, Luis Alfredo Gavilano se ha convertido en uno de los guitarristas m\u00e1s destacados de su generaci\u00f3n. Con estilo \u00fanico y t\u00e9cnica impresionante, ha logrado cautivar a audiencias de todo el mundo. Recientemente, estuvo en una gira por Europa, [&hellip;]<\/p>\n","protected":false},"author":1,"featured_media":248816,"comment_status":"open","ping_status":"open","sticky":false,"template":"","format":"standard","meta":{"_acf_changed":false,"footnotes":""},"categories":[8],"tags":[],"class_list":["post-248815","post","type-post","status-publish","format-standard","has-post-thumbnail","category-cultural"],"acf":{"antetitulo":"Valores bolivianos"},"yoast_head":"<!-- This site is optimized with the Yoast SEO plugin v28.3 - https:\/\/yoast.com\/product\/yoast-seo-wordpress\/ -->\n<title>Luis Alfredo Gavilano: La m\u00fasica es el medio m\u00e1s puro de expresi\u00f3n del esp\u00edritu humano - El Diario - Bolivia<\/title>\n<meta name=\"robots\" content=\"index, follow, max-snippet:-1, max-image-preview:large, max-video-preview:-1\" \/>\n<link rel=\"canonical\" href=\"https:\/\/www.eldiario.net\/portal\/2024\/09\/20\/luis-alfredo-gavilano-la-musica-es-el-medio-mas-puro-de-expresion-del-espiritu-humano\/\" \/>\n<meta property=\"og:locale\" content=\"es_ES\" \/>\n<meta property=\"og:type\" content=\"article\" \/>\n<meta property=\"og:title\" content=\"Luis Alfredo Gavilano: La m\u00fasica es el medio m\u00e1s puro de expresi\u00f3n del esp\u00edritu humano - El Diario - Bolivia\" \/>\n<meta property=\"og:description\" content=\"Con pasi\u00f3n desenfrenada por la m\u00fasica de Alfredo Dom\u00ednguez y un talento innato para tocar la guitarra, Luis Alfredo Gavilano se ha convertido en uno de los guitarristas m\u00e1s destacados de su generaci\u00f3n. Con estilo \u00fanico y t\u00e9cnica impresionante, ha logrado cautivar a audiencias de todo el mundo. Recientemente, estuvo en una gira por Europa, [&hellip;]\" \/>\n<meta property=\"og:url\" content=\"https:\/\/www.eldiario.net\/portal\/2024\/09\/20\/luis-alfredo-gavilano-la-musica-es-el-medio-mas-puro-de-expresion-del-espiritu-humano\/\" \/>\n<meta property=\"og:site_name\" content=\"El Diario - Bolivia\" \/>\n<meta property=\"article:publisher\" content=\"https:\/\/www.facebook.com\/eldiario.bolivia\/\" \/>\n<meta property=\"article:published_time\" content=\"2024-09-21T00:36:45+00:00\" \/>\n<meta property=\"og:image\" content=\"https:\/\/www.eldiario.net\/portal\/wp-content\/uploads\/2024\/09\/WhatsApp-Image-2024-09-20-at-10.25.15-AM.jpeg\" \/>\n\t<meta property=\"og:image:width\" content=\"1064\" \/>\n\t<meta property=\"og:image:height\" content=\"1600\" \/>\n\t<meta property=\"og:image:type\" content=\"image\/jpeg\" \/>\n<meta name=\"author\" content=\"Jeanette\" \/>\n<meta name=\"twitter:card\" content=\"summary_large_image\" \/>\n<meta name=\"twitter:creator\" content=\"@eldiario_net\" \/>\n<meta name=\"twitter:site\" content=\"@eldiario_net\" \/>\n<meta name=\"twitter:label1\" content=\"Escrito por\" \/>\n\t<meta name=\"twitter:data1\" content=\"Jeanette\" \/>\n\t<meta name=\"twitter:label2\" content=\"Tiempo de lectura\" \/>\n\t<meta name=\"twitter:data2\" content=\"3 minutos\" \/>\n<script type=\"application\/ld+json\" class=\"yoast-schema-graph\">{\"@context\":\"https:\\\/\\\/schema.org\",\"@graph\":[{\"@type\":\"Article\",\"@id\":\"https:\\\/\\\/www.eldiario.net\\\/portal\\\/2024\\\/09\\\/20\\\/luis-alfredo-gavilano-la-musica-es-el-medio-mas-puro-de-expresion-del-espiritu-humano\\\/#article\",\"isPartOf\":{\"@id\":\"https:\\\/\\\/www.eldiario.net\\\/portal\\\/2024\\\/09\\\/20\\\/luis-alfredo-gavilano-la-musica-es-el-medio-mas-puro-de-expresion-del-espiritu-humano\\\/\"},\"author\":{\"name\":\"Jeanette\",\"@id\":\"https:\\\/\\\/www.eldiario.net\\\/portal\\\/#\\\/schema\\\/person\\\/f46445640444750d7d753ccd04ae01b7\"},\"headline\":\"Luis Alfredo Gavilano: La m\u00fasica es el medio m\u00e1s puro de expresi\u00f3n del esp\u00edritu humano\",\"datePublished\":\"2024-09-21T00:36:45+00:00\",\"mainEntityOfPage\":{\"@id\":\"https:\\\/\\\/www.eldiario.net\\\/portal\\\/2024\\\/09\\\/20\\\/luis-alfredo-gavilano-la-musica-es-el-medio-mas-puro-de-expresion-del-espiritu-humano\\\/\"},\"wordCount\":613,\"commentCount\":0,\"publisher\":{\"@id\":\"https:\\\/\\\/www.eldiario.net\\\/portal\\\/#organization\"},\"image\":{\"@id\":\"https:\\\/\\\/www.eldiario.net\\\/portal\\\/2024\\\/09\\\/20\\\/luis-alfredo-gavilano-la-musica-es-el-medio-mas-puro-de-expresion-del-espiritu-humano\\\/#primaryimage\"},\"thumbnailUrl\":\"https:\\\/\\\/www.eldiario.net\\\/portal\\\/wp-content\\\/uploads\\\/2024\\\/09\\\/WhatsApp-Image-2024-09-20-at-10.25.15-AM.jpeg\",\"articleSection\":[\"Cultural\"],\"inLanguage\":\"es\",\"potentialAction\":[{\"@type\":\"CommentAction\",\"name\":\"Comment\",\"target\":[\"https:\\\/\\\/www.eldiario.net\\\/portal\\\/2024\\\/09\\\/20\\\/luis-alfredo-gavilano-la-musica-es-el-medio-mas-puro-de-expresion-del-espiritu-humano\\\/#respond\"]}]},{\"@type\":\"WebPage\",\"@id\":\"https:\\\/\\\/www.eldiario.net\\\/portal\\\/2024\\\/09\\\/20\\\/luis-alfredo-gavilano-la-musica-es-el-medio-mas-puro-de-expresion-del-espiritu-humano\\\/\",\"url\":\"https:\\\/\\\/www.eldiario.net\\\/portal\\\/2024\\\/09\\\/20\\\/luis-alfredo-gavilano-la-musica-es-el-medio-mas-puro-de-expresion-del-espiritu-humano\\\/\",\"name\":\"Luis Alfredo Gavilano: La m\u00fasica es el medio m\u00e1s puro de expresi\u00f3n del esp\u00edritu humano - El Diario - Bolivia\",\"isPartOf\":{\"@id\":\"https:\\\/\\\/www.eldiario.net\\\/portal\\\/#website\"},\"primaryImageOfPage\":{\"@id\":\"https:\\\/\\\/www.eldiario.net\\\/portal\\\/2024\\\/09\\\/20\\\/luis-alfredo-gavilano-la-musica-es-el-medio-mas-puro-de-expresion-del-espiritu-humano\\\/#primaryimage\"},\"image\":{\"@id\":\"https:\\\/\\\/www.eldiario.net\\\/portal\\\/2024\\\/09\\\/20\\\/luis-alfredo-gavilano-la-musica-es-el-medio-mas-puro-de-expresion-del-espiritu-humano\\\/#primaryimage\"},\"thumbnailUrl\":\"https:\\\/\\\/www.eldiario.net\\\/portal\\\/wp-content\\\/uploads\\\/2024\\\/09\\\/WhatsApp-Image-2024-09-20-at-10.25.15-AM.jpeg\",\"datePublished\":\"2024-09-21T00:36:45+00:00\",\"breadcrumb\":{\"@id\":\"https:\\\/\\\/www.eldiario.net\\\/portal\\\/2024\\\/09\\\/20\\\/luis-alfredo-gavilano-la-musica-es-el-medio-mas-puro-de-expresion-del-espiritu-humano\\\/#breadcrumb\"},\"inLanguage\":\"es\",\"potentialAction\":[{\"@type\":\"ReadAction\",\"target\":[\"https:\\\/\\\/www.eldiario.net\\\/portal\\\/2024\\\/09\\\/20\\\/luis-alfredo-gavilano-la-musica-es-el-medio-mas-puro-de-expresion-del-espiritu-humano\\\/\"]}]},{\"@type\":\"ImageObject\",\"inLanguage\":\"es\",\"@id\":\"https:\\\/\\\/www.eldiario.net\\\/portal\\\/2024\\\/09\\\/20\\\/luis-alfredo-gavilano-la-musica-es-el-medio-mas-puro-de-expresion-del-espiritu-humano\\\/#primaryimage\",\"url\":\"https:\\\/\\\/www.eldiario.net\\\/portal\\\/wp-content\\\/uploads\\\/2024\\\/09\\\/WhatsApp-Image-2024-09-20-at-10.25.15-AM.jpeg\",\"contentUrl\":\"https:\\\/\\\/www.eldiario.net\\\/portal\\\/wp-content\\\/uploads\\\/2024\\\/09\\\/WhatsApp-Image-2024-09-20-at-10.25.15-AM.jpeg\",\"width\":1064,\"height\":1600},{\"@type\":\"BreadcrumbList\",\"@id\":\"https:\\\/\\\/www.eldiario.net\\\/portal\\\/2024\\\/09\\\/20\\\/luis-alfredo-gavilano-la-musica-es-el-medio-mas-puro-de-expresion-del-espiritu-humano\\\/#breadcrumb\",\"itemListElement\":[{\"@type\":\"ListItem\",\"position\":1,\"name\":\"Portada\",\"item\":\"https:\\\/\\\/www.eldiario.net\\\/portal\\\/\"},{\"@type\":\"ListItem\",\"position\":2,\"name\":\"Luis Alfredo Gavilano: La m\u00fasica es el medio m\u00e1s puro de expresi\u00f3n del esp\u00edritu humano\"}]},{\"@type\":\"WebSite\",\"@id\":\"https:\\\/\\\/www.eldiario.net\\\/portal\\\/#website\",\"url\":\"https:\\\/\\\/www.eldiario.net\\\/portal\\\/\",\"name\":\"El Diario - Decano de la prensa nacional\",\"description\":\"El Diario - Decano de la prensa nacional\",\"publisher\":{\"@id\":\"https:\\\/\\\/www.eldiario.net\\\/portal\\\/#organization\"},\"potentialAction\":[{\"@type\":\"SearchAction\",\"target\":{\"@type\":\"EntryPoint\",\"urlTemplate\":\"https:\\\/\\\/www.eldiario.net\\\/portal\\\/?s={search_term_string}\"},\"query-input\":{\"@type\":\"PropertyValueSpecification\",\"valueRequired\":true,\"valueName\":\"search_term_string\"}}],\"inLanguage\":\"es\"},{\"@type\":\"Organization\",\"@id\":\"https:\\\/\\\/www.eldiario.net\\\/portal\\\/#organization\",\"name\":\"El Diario - Decano de la prensa nacional\",\"url\":\"https:\\\/\\\/www.eldiario.net\\\/portal\\\/\",\"logo\":{\"@type\":\"ImageObject\",\"inLanguage\":\"es\",\"@id\":\"https:\\\/\\\/www.eldiario.net\\\/portal\\\/#\\\/schema\\\/logo\\\/image\\\/\",\"url\":\"https:\\\/\\\/www.eldiario.net\\\/portal\\\/wp-content\\\/uploads\\\/2023\\\/07\\\/logo_ED.jpg\",\"contentUrl\":\"https:\\\/\\\/www.eldiario.net\\\/portal\\\/wp-content\\\/uploads\\\/2023\\\/07\\\/logo_ED.jpg\",\"width\":272,\"height\":52,\"caption\":\"El Diario - Decano de la prensa nacional\"},\"image\":{\"@id\":\"https:\\\/\\\/www.eldiario.net\\\/portal\\\/#\\\/schema\\\/logo\\\/image\\\/\"},\"sameAs\":[\"https:\\\/\\\/www.facebook.com\\\/eldiario.bolivia\\\/\",\"https:\\\/\\\/x.com\\\/eldiario_net\"]},{\"@type\":\"Person\",\"@id\":\"https:\\\/\\\/www.eldiario.net\\\/portal\\\/#\\\/schema\\\/person\\\/f46445640444750d7d753ccd04ae01b7\",\"name\":\"Jeanette\",\"image\":{\"@type\":\"ImageObject\",\"inLanguage\":\"es\",\"@id\":\"https:\\\/\\\/secure.gravatar.com\\\/avatar\\\/3ea2118a5f7dad2b7138b1187a6b7ee55f160b9968b66013c3a3ef39dd7e5798?s=96&d=mm&r=g\",\"url\":\"https:\\\/\\\/secure.gravatar.com\\\/avatar\\\/3ea2118a5f7dad2b7138b1187a6b7ee55f160b9968b66013c3a3ef39dd7e5798?s=96&d=mm&r=g\",\"contentUrl\":\"https:\\\/\\\/secure.gravatar.com\\\/avatar\\\/3ea2118a5f7dad2b7138b1187a6b7ee55f160b9968b66013c3a3ef39dd7e5798?s=96&d=mm&r=g\",\"caption\":\"Jeanette\"},\"sameAs\":[\"https:\\\/\\\/www.eldiario.net\\\/portal\"],\"url\":\"https:\\\/\\\/www.eldiario.net\\\/portal\\\/author\\\/jeanette\\\/\"}]}<\/script>\n<!-- \/ Yoast SEO plugin. -->","yoast_head_json":{"title":"Luis Alfredo Gavilano: La m\u00fasica es el medio m\u00e1s puro de expresi\u00f3n del esp\u00edritu humano - El Diario - Bolivia","robots":{"index":"index","follow":"follow","max-snippet":"max-snippet:-1","max-image-preview":"max-image-preview:large","max-video-preview":"max-video-preview:-1"},"canonical":"https:\/\/www.eldiario.net\/portal\/2024\/09\/20\/luis-alfredo-gavilano-la-musica-es-el-medio-mas-puro-de-expresion-del-espiritu-humano\/","og_locale":"es_ES","og_type":"article","og_title":"Luis Alfredo Gavilano: La m\u00fasica es el medio m\u00e1s puro de expresi\u00f3n del esp\u00edritu humano - El Diario - Bolivia","og_description":"Con pasi\u00f3n desenfrenada por la m\u00fasica de Alfredo Dom\u00ednguez y un talento innato para tocar la guitarra, Luis Alfredo Gavilano se ha convertido en uno de los guitarristas m\u00e1s destacados de su generaci\u00f3n. Con estilo \u00fanico y t\u00e9cnica impresionante, ha logrado cautivar a audiencias de todo el mundo. Recientemente, estuvo en una gira por Europa, [&hellip;]","og_url":"https:\/\/www.eldiario.net\/portal\/2024\/09\/20\/luis-alfredo-gavilano-la-musica-es-el-medio-mas-puro-de-expresion-del-espiritu-humano\/","og_site_name":"El Diario - Bolivia","article_publisher":"https:\/\/www.facebook.com\/eldiario.bolivia\/","article_published_time":"2024-09-21T00:36:45+00:00","og_image":[{"width":1064,"height":1600,"url":"https:\/\/www.eldiario.net\/portal\/wp-content\/uploads\/2024\/09\/WhatsApp-Image-2024-09-20-at-10.25.15-AM.jpeg","type":"image\/jpeg"}],"author":"Jeanette","twitter_card":"summary_large_image","twitter_creator":"@eldiario_net","twitter_site":"@eldiario_net","twitter_misc":{"Escrito por":"Jeanette","Tiempo de lectura":"3 minutos"},"schema":{"@context":"https:\/\/schema.org","@graph":[{"@type":"Article","@id":"https:\/\/www.eldiario.net\/portal\/2024\/09\/20\/luis-alfredo-gavilano-la-musica-es-el-medio-mas-puro-de-expresion-del-espiritu-humano\/#article","isPartOf":{"@id":"https:\/\/www.eldiario.net\/portal\/2024\/09\/20\/luis-alfredo-gavilano-la-musica-es-el-medio-mas-puro-de-expresion-del-espiritu-humano\/"},"author":{"name":"Jeanette","@id":"https:\/\/www.eldiario.net\/portal\/#\/schema\/person\/f46445640444750d7d753ccd04ae01b7"},"headline":"Luis Alfredo Gavilano: La m\u00fasica es el medio m\u00e1s puro de expresi\u00f3n del esp\u00edritu humano","datePublished":"2024-09-21T00:36:45+00:00","mainEntityOfPage":{"@id":"https:\/\/www.eldiario.net\/portal\/2024\/09\/20\/luis-alfredo-gavilano-la-musica-es-el-medio-mas-puro-de-expresion-del-espiritu-humano\/"},"wordCount":613,"commentCount":0,"publisher":{"@id":"https:\/\/www.eldiario.net\/portal\/#organization"},"image":{"@id":"https:\/\/www.eldiario.net\/portal\/2024\/09\/20\/luis-alfredo-gavilano-la-musica-es-el-medio-mas-puro-de-expresion-del-espiritu-humano\/#primaryimage"},"thumbnailUrl":"https:\/\/www.eldiario.net\/portal\/wp-content\/uploads\/2024\/09\/WhatsApp-Image-2024-09-20-at-10.25.15-AM.jpeg","articleSection":["Cultural"],"inLanguage":"es","potentialAction":[{"@type":"CommentAction","name":"Comment","target":["https:\/\/www.eldiario.net\/portal\/2024\/09\/20\/luis-alfredo-gavilano-la-musica-es-el-medio-mas-puro-de-expresion-del-espiritu-humano\/#respond"]}]},{"@type":"WebPage","@id":"https:\/\/www.eldiario.net\/portal\/2024\/09\/20\/luis-alfredo-gavilano-la-musica-es-el-medio-mas-puro-de-expresion-del-espiritu-humano\/","url":"https:\/\/www.eldiario.net\/portal\/2024\/09\/20\/luis-alfredo-gavilano-la-musica-es-el-medio-mas-puro-de-expresion-del-espiritu-humano\/","name":"Luis Alfredo Gavilano: La m\u00fasica es el medio m\u00e1s puro de expresi\u00f3n del esp\u00edritu humano - El Diario - Bolivia","isPartOf":{"@id":"https:\/\/www.eldiario.net\/portal\/#website"},"primaryImageOfPage":{"@id":"https:\/\/www.eldiario.net\/portal\/2024\/09\/20\/luis-alfredo-gavilano-la-musica-es-el-medio-mas-puro-de-expresion-del-espiritu-humano\/#primaryimage"},"image":{"@id":"https:\/\/www.eldiario.net\/portal\/2024\/09\/20\/luis-alfredo-gavilano-la-musica-es-el-medio-mas-puro-de-expresion-del-espiritu-humano\/#primaryimage"},"thumbnailUrl":"https:\/\/www.eldiario.net\/portal\/wp-content\/uploads\/2024\/09\/WhatsApp-Image-2024-09-20-at-10.25.15-AM.jpeg","datePublished":"2024-09-21T00:36:45+00:00","breadcrumb":{"@id":"https:\/\/www.eldiario.net\/portal\/2024\/09\/20\/luis-alfredo-gavilano-la-musica-es-el-medio-mas-puro-de-expresion-del-espiritu-humano\/#breadcrumb"},"inLanguage":"es","potentialAction":[{"@type":"ReadAction","target":["https:\/\/www.eldiario.net\/portal\/2024\/09\/20\/luis-alfredo-gavilano-la-musica-es-el-medio-mas-puro-de-expresion-del-espiritu-humano\/"]}]},{"@type":"ImageObject","inLanguage":"es","@id":"https:\/\/www.eldiario.net\/portal\/2024\/09\/20\/luis-alfredo-gavilano-la-musica-es-el-medio-mas-puro-de-expresion-del-espiritu-humano\/#primaryimage","url":"https:\/\/www.eldiario.net\/portal\/wp-content\/uploads\/2024\/09\/WhatsApp-Image-2024-09-20-at-10.25.15-AM.jpeg","contentUrl":"https:\/\/www.eldiario.net\/portal\/wp-content\/uploads\/2024\/09\/WhatsApp-Image-2024-09-20-at-10.25.15-AM.jpeg","width":1064,"height":1600},{"@type":"BreadcrumbList","@id":"https:\/\/www.eldiario.net\/portal\/2024\/09\/20\/luis-alfredo-gavilano-la-musica-es-el-medio-mas-puro-de-expresion-del-espiritu-humano\/#breadcrumb","itemListElement":[{"@type":"ListItem","position":1,"name":"Portada","item":"https:\/\/www.eldiario.net\/portal\/"},{"@type":"ListItem","position":2,"name":"Luis Alfredo Gavilano: La m\u00fasica es el medio m\u00e1s puro de expresi\u00f3n del esp\u00edritu humano"}]},{"@type":"WebSite","@id":"https:\/\/www.eldiario.net\/portal\/#website","url":"https:\/\/www.eldiario.net\/portal\/","name":"El Diario - Decano de la prensa nacional","description":"El Diario - Decano de la prensa nacional","publisher":{"@id":"https:\/\/www.eldiario.net\/portal\/#organization"},"potentialAction":[{"@type":"SearchAction","target":{"@type":"EntryPoint","urlTemplate":"https:\/\/www.eldiario.net\/portal\/?s={search_term_string}"},"query-input":{"@type":"PropertyValueSpecification","valueRequired":true,"valueName":"search_term_string"}}],"inLanguage":"es"},{"@type":"Organization","@id":"https:\/\/www.eldiario.net\/portal\/#organization","name":"El Diario - Decano de la prensa nacional","url":"https:\/\/www.eldiario.net\/portal\/","logo":{"@type":"ImageObject","inLanguage":"es","@id":"https:\/\/www.eldiario.net\/portal\/#\/schema\/logo\/image\/","url":"https:\/\/www.eldiario.net\/portal\/wp-content\/uploads\/2023\/07\/logo_ED.jpg","contentUrl":"https:\/\/www.eldiario.net\/portal\/wp-content\/uploads\/2023\/07\/logo_ED.jpg","width":272,"height":52,"caption":"El Diario - Decano de la prensa nacional"},"image":{"@id":"https:\/\/www.eldiario.net\/portal\/#\/schema\/logo\/image\/"},"sameAs":["https:\/\/www.facebook.com\/eldiario.bolivia\/","https:\/\/x.com\/eldiario_net"]},{"@type":"Person","@id":"https:\/\/www.eldiario.net\/portal\/#\/schema\/person\/f46445640444750d7d753ccd04ae01b7","name":"Jeanette","image":{"@type":"ImageObject","inLanguage":"es","@id":"https:\/\/secure.gravatar.com\/avatar\/3ea2118a5f7dad2b7138b1187a6b7ee55f160b9968b66013c3a3ef39dd7e5798?s=96&d=mm&r=g","url":"https:\/\/secure.gravatar.com\/avatar\/3ea2118a5f7dad2b7138b1187a6b7ee55f160b9968b66013c3a3ef39dd7e5798?s=96&d=mm&r=g","contentUrl":"https:\/\/secure.gravatar.com\/avatar\/3ea2118a5f7dad2b7138b1187a6b7ee55f160b9968b66013c3a3ef39dd7e5798?s=96&d=mm&r=g","caption":"Jeanette"},"sameAs":["https:\/\/www.eldiario.net\/portal"],"url":"https:\/\/www.eldiario.net\/portal\/author\/jeanette\/"}]}},"_links":{"self":[{"href":"https:\/\/www.eldiario.net\/portal\/wp-json\/wp\/v2\/posts\/248815","targetHints":{"allow":["GET"]}}],"collection":[{"href":"https:\/\/www.eldiario.net\/portal\/wp-json\/wp\/v2\/posts"}],"about":[{"href":"https:\/\/www.eldiario.net\/portal\/wp-json\/wp\/v2\/types\/post"}],"author":[{"embeddable":true,"href":"https:\/\/www.eldiario.net\/portal\/wp-json\/wp\/v2\/users\/1"}],"replies":[{"embeddable":true,"href":"https:\/\/www.eldiario.net\/portal\/wp-json\/wp\/v2\/comments?post=248815"}],"version-history":[{"count":1,"href":"https:\/\/www.eldiario.net\/portal\/wp-json\/wp\/v2\/posts\/248815\/revisions"}],"predecessor-version":[{"id":248817,"href":"https:\/\/www.eldiario.net\/portal\/wp-json\/wp\/v2\/posts\/248815\/revisions\/248817"}],"wp:featuredmedia":[{"embeddable":true,"href":"https:\/\/www.eldiario.net\/portal\/wp-json\/wp\/v2\/media\/248816"}],"wp:attachment":[{"href":"https:\/\/www.eldiario.net\/portal\/wp-json\/wp\/v2\/media?parent=248815"}],"wp:term":[{"taxonomy":"category","embeddable":true,"href":"https:\/\/www.eldiario.net\/portal\/wp-json\/wp\/v2\/categories?post=248815"},{"taxonomy":"post_tag","embeddable":true,"href":"https:\/\/www.eldiario.net\/portal\/wp-json\/wp\/v2\/tags?post=248815"}],"curies":[{"name":"wp","href":"https:\/\/api.w.org\/{rel}","templated":true}]}}