{"id":248805,"date":"2024-09-20T16:13:32","date_gmt":"2024-09-20T20:13:32","guid":{"rendered":"https:\/\/www.eldiario.net\/portal\/?p=248805"},"modified":"2024-09-20T16:16:52","modified_gmt":"2024-09-20T20:16:52","slug":"avion-de-boa-registra-falla-y-retorna-al-aeropuerto-de-el-alto","status":"publish","type":"post","link":"https:\/\/www.eldiario.net\/portal\/2024\/09\/20\/avion-de-boa-registra-falla-y-retorna-al-aeropuerto-de-el-alto\/","title":{"rendered":"Avi\u00f3n de BoA registra falla y retorna al aeropuerto de El Alto"},"content":{"rendered":"<p>Un avi\u00f3n de la empresa estatal Boliviana de Aviaci\u00f3n (BoA) tuvo una alerta por una falla en su sistema de presurizaci\u00f3n en pleno vuelo de La Paz a Santa Cruz, por lo que tuvo que retornar al Aeropuerto Internacional de la ciudad de El Alto.<\/p>\n<p>Seg\u00fan un comunicado oficial de la l\u00ednea a\u00e9rea del Estado, el problema se registr\u00f3 en el vuelo OB 972 y la aeronave ser\u00e1 sometida a una inspecci\u00f3n y revisi\u00f3n t\u00e9cnica.<\/p>\n<p>A fin de continuar con el servicio comprometido, BoA desplaz\u00f3 un avi\u00f3n adicional de reemplazo desde el departamento de Cochabamba, de acuerdo con su reporte.<\/p>\n<p>Uno de los pasajeros de la aeronave con el problema t\u00e9cnico era el empresario Samuel Doria Medina, quien difundi\u00f3 un v\u00eddeo que muestra que las mascarillas de ox\u00edgeno para pasajeros fueron activadas cuando se registr\u00f3 la falla en el sistema de presurizaci\u00f3n.<\/p>\n","protected":false},"excerpt":{"rendered":"<p>Un avi\u00f3n de la empresa estatal Boliviana de Aviaci\u00f3n (BoA) tuvo una alerta por una falla en su sistema de presurizaci\u00f3n en pleno vuelo de La Paz a Santa Cruz, por lo que tuvo que retornar al Aeropuerto Internacional de la ciudad de El Alto. Seg\u00fan un comunicado oficial de la l\u00ednea a\u00e9rea del Estado, [&hellip;]<\/p>\n","protected":false},"author":2,"featured_media":248807,"comment_status":"open","ping_status":"open","sticky":false,"template":"","format":"standard","meta":{"_acf_changed":false,"footnotes":""},"categories":[51],"tags":[],"class_list":["post-248805","post","type-post","status-publish","format-standard","has-post-thumbnail","category-ultima-hora"],"acf":{"antetitulo":""},"yoast_head":"<!-- This site is optimized with the Yoast SEO plugin v28.3 - https:\/\/yoast.com\/product\/yoast-seo-wordpress\/ -->\n<title>Avi\u00f3n de BoA registra falla y retorna al aeropuerto de El Alto - El Diario - Bolivia<\/title>\n<meta name=\"robots\" content=\"index, follow, max-snippet:-1, max-image-preview:large, max-video-preview:-1\" \/>\n<link rel=\"canonical\" href=\"https:\/\/www.eldiario.net\/portal\/2024\/09\/20\/avion-de-boa-registra-falla-y-retorna-al-aeropuerto-de-el-alto\/\" \/>\n<meta property=\"og:locale\" content=\"es_ES\" \/>\n<meta property=\"og:type\" content=\"article\" \/>\n<meta property=\"og:title\" content=\"Avi\u00f3n de BoA registra falla y retorna al aeropuerto de El Alto - El Diario - Bolivia\" \/>\n<meta property=\"og:description\" content=\"Un avi\u00f3n de la empresa estatal Boliviana de Aviaci\u00f3n (BoA) tuvo una alerta por una falla en su sistema de presurizaci\u00f3n en pleno vuelo de La Paz a Santa Cruz, por lo que tuvo que retornar al Aeropuerto Internacional de la ciudad de El Alto. Seg\u00fan un comunicado oficial de la l\u00ednea a\u00e9rea del Estado, [&hellip;]\" \/>\n<meta property=\"og:url\" content=\"https:\/\/www.eldiario.net\/portal\/2024\/09\/20\/avion-de-boa-registra-falla-y-retorna-al-aeropuerto-de-el-alto\/\" \/>\n<meta property=\"og:site_name\" content=\"El Diario - Bolivia\" \/>\n<meta property=\"article:publisher\" content=\"https:\/\/www.facebook.com\/eldiario.bolivia\/\" \/>\n<meta property=\"article:published_time\" content=\"2024-09-20T20:13:32+00:00\" \/>\n<meta property=\"article:modified_time\" content=\"2024-09-20T20:16:52+00:00\" \/>\n<meta property=\"og:image\" content=\"https:\/\/www.eldiario.net\/portal\/wp-content\/uploads\/2024\/09\/BOA.jpg\" \/>\n\t<meta property=\"og:image:width\" content=\"600\" \/>\n\t<meta property=\"og:image:height\" content=\"541\" \/>\n\t<meta property=\"og:image:type\" content=\"image\/jpeg\" \/>\n<meta name=\"author\" content=\"luis Camacho\" \/>\n<meta name=\"twitter:card\" content=\"summary_large_image\" \/>\n<meta name=\"twitter:creator\" content=\"@eldiario_net\" \/>\n<meta name=\"twitter:site\" content=\"@eldiario_net\" \/>\n<meta name=\"twitter:label1\" content=\"Escrito por\" \/>\n\t<meta name=\"twitter:data1\" content=\"luis Camacho\" \/>\n\t<meta name=\"twitter:label2\" content=\"Tiempo de lectura\" \/>\n\t<meta name=\"twitter:data2\" content=\"1 minuto\" \/>\n<script type=\"application\/ld+json\" class=\"yoast-schema-graph\">{\"@context\":\"https:\\\/\\\/schema.org\",\"@graph\":[{\"@type\":\"Article\",\"@id\":\"https:\\\/\\\/www.eldiario.net\\\/portal\\\/2024\\\/09\\\/20\\\/avion-de-boa-registra-falla-y-retorna-al-aeropuerto-de-el-alto\\\/#article\",\"isPartOf\":{\"@id\":\"https:\\\/\\\/www.eldiario.net\\\/portal\\\/2024\\\/09\\\/20\\\/avion-de-boa-registra-falla-y-retorna-al-aeropuerto-de-el-alto\\\/\"},\"author\":{\"name\":\"luis Camacho\",\"@id\":\"https:\\\/\\\/www.eldiario.net\\\/portal\\\/#\\\/schema\\\/person\\\/cab1ae4db27e5f008a62cbffb05fbfee\"},\"headline\":\"Avi\u00f3n de BoA registra falla y retorna al aeropuerto de El Alto\",\"datePublished\":\"2024-09-20T20:13:32+00:00\",\"dateModified\":\"2024-09-20T20:16:52+00:00\",\"mainEntityOfPage\":{\"@id\":\"https:\\\/\\\/www.eldiario.net\\\/portal\\\/2024\\\/09\\\/20\\\/avion-de-boa-registra-falla-y-retorna-al-aeropuerto-de-el-alto\\\/\"},\"wordCount\":168,\"commentCount\":0,\"publisher\":{\"@id\":\"https:\\\/\\\/www.eldiario.net\\\/portal\\\/#organization\"},\"image\":{\"@id\":\"https:\\\/\\\/www.eldiario.net\\\/portal\\\/2024\\\/09\\\/20\\\/avion-de-boa-registra-falla-y-retorna-al-aeropuerto-de-el-alto\\\/#primaryimage\"},\"thumbnailUrl\":\"https:\\\/\\\/www.eldiario.net\\\/portal\\\/wp-content\\\/uploads\\\/2024\\\/09\\\/BOA.jpg\",\"articleSection\":[\"\u00daltima Hora\"],\"inLanguage\":\"es\",\"potentialAction\":[{\"@type\":\"CommentAction\",\"name\":\"Comment\",\"target\":[\"https:\\\/\\\/www.eldiario.net\\\/portal\\\/2024\\\/09\\\/20\\\/avion-de-boa-registra-falla-y-retorna-al-aeropuerto-de-el-alto\\\/#respond\"]}]},{\"@type\":\"WebPage\",\"@id\":\"https:\\\/\\\/www.eldiario.net\\\/portal\\\/2024\\\/09\\\/20\\\/avion-de-boa-registra-falla-y-retorna-al-aeropuerto-de-el-alto\\\/\",\"url\":\"https:\\\/\\\/www.eldiario.net\\\/portal\\\/2024\\\/09\\\/20\\\/avion-de-boa-registra-falla-y-retorna-al-aeropuerto-de-el-alto\\\/\",\"name\":\"Avi\u00f3n de BoA registra falla y retorna al aeropuerto de El Alto - El Diario - Bolivia\",\"isPartOf\":{\"@id\":\"https:\\\/\\\/www.eldiario.net\\\/portal\\\/#website\"},\"primaryImageOfPage\":{\"@id\":\"https:\\\/\\\/www.eldiario.net\\\/portal\\\/2024\\\/09\\\/20\\\/avion-de-boa-registra-falla-y-retorna-al-aeropuerto-de-el-alto\\\/#primaryimage\"},\"image\":{\"@id\":\"https:\\\/\\\/www.eldiario.net\\\/portal\\\/2024\\\/09\\\/20\\\/avion-de-boa-registra-falla-y-retorna-al-aeropuerto-de-el-alto\\\/#primaryimage\"},\"thumbnailUrl\":\"https:\\\/\\\/www.eldiario.net\\\/portal\\\/wp-content\\\/uploads\\\/2024\\\/09\\\/BOA.jpg\",\"datePublished\":\"2024-09-20T20:13:32+00:00\",\"dateModified\":\"2024-09-20T20:16:52+00:00\",\"breadcrumb\":{\"@id\":\"https:\\\/\\\/www.eldiario.net\\\/portal\\\/2024\\\/09\\\/20\\\/avion-de-boa-registra-falla-y-retorna-al-aeropuerto-de-el-alto\\\/#breadcrumb\"},\"inLanguage\":\"es\",\"potentialAction\":[{\"@type\":\"ReadAction\",\"target\":[\"https:\\\/\\\/www.eldiario.net\\\/portal\\\/2024\\\/09\\\/20\\\/avion-de-boa-registra-falla-y-retorna-al-aeropuerto-de-el-alto\\\/\"]}]},{\"@type\":\"ImageObject\",\"inLanguage\":\"es\",\"@id\":\"https:\\\/\\\/www.eldiario.net\\\/portal\\\/2024\\\/09\\\/20\\\/avion-de-boa-registra-falla-y-retorna-al-aeropuerto-de-el-alto\\\/#primaryimage\",\"url\":\"https:\\\/\\\/www.eldiario.net\\\/portal\\\/wp-content\\\/uploads\\\/2024\\\/09\\\/BOA.jpg\",\"contentUrl\":\"https:\\\/\\\/www.eldiario.net\\\/portal\\\/wp-content\\\/uploads\\\/2024\\\/09\\\/BOA.jpg\",\"width\":600,\"height\":541,\"caption\":\"Foto: Samuel Doria Medina.\"},{\"@type\":\"BreadcrumbList\",\"@id\":\"https:\\\/\\\/www.eldiario.net\\\/portal\\\/2024\\\/09\\\/20\\\/avion-de-boa-registra-falla-y-retorna-al-aeropuerto-de-el-alto\\\/#breadcrumb\",\"itemListElement\":[{\"@type\":\"ListItem\",\"position\":1,\"name\":\"Portada\",\"item\":\"https:\\\/\\\/www.eldiario.net\\\/portal\\\/\"},{\"@type\":\"ListItem\",\"position\":2,\"name\":\"Avi\u00f3n de BoA registra falla y retorna al aeropuerto de El Alto\"}]},{\"@type\":\"WebSite\",\"@id\":\"https:\\\/\\\/www.eldiario.net\\\/portal\\\/#website\",\"url\":\"https:\\\/\\\/www.eldiario.net\\\/portal\\\/\",\"name\":\"El Diario - Decano de la prensa nacional\",\"description\":\"El Diario - Decano de la prensa nacional\",\"publisher\":{\"@id\":\"https:\\\/\\\/www.eldiario.net\\\/portal\\\/#organization\"},\"potentialAction\":[{\"@type\":\"SearchAction\",\"target\":{\"@type\":\"EntryPoint\",\"urlTemplate\":\"https:\\\/\\\/www.eldiario.net\\\/portal\\\/?s={search_term_string}\"},\"query-input\":{\"@type\":\"PropertyValueSpecification\",\"valueRequired\":true,\"valueName\":\"search_term_string\"}}],\"inLanguage\":\"es\"},{\"@type\":\"Organization\",\"@id\":\"https:\\\/\\\/www.eldiario.net\\\/portal\\\/#organization\",\"name\":\"El Diario - Decano de la prensa nacional\",\"url\":\"https:\\\/\\\/www.eldiario.net\\\/portal\\\/\",\"logo\":{\"@type\":\"ImageObject\",\"inLanguage\":\"es\",\"@id\":\"https:\\\/\\\/www.eldiario.net\\\/portal\\\/#\\\/schema\\\/logo\\\/image\\\/\",\"url\":\"https:\\\/\\\/www.eldiario.net\\\/portal\\\/wp-content\\\/uploads\\\/2023\\\/07\\\/logo_ED.jpg\",\"contentUrl\":\"https:\\\/\\\/www.eldiario.net\\\/portal\\\/wp-content\\\/uploads\\\/2023\\\/07\\\/logo_ED.jpg\",\"width\":272,\"height\":52,\"caption\":\"El Diario - Decano de la prensa nacional\"},\"image\":{\"@id\":\"https:\\\/\\\/www.eldiario.net\\\/portal\\\/#\\\/schema\\\/logo\\\/image\\\/\"},\"sameAs\":[\"https:\\\/\\\/www.facebook.com\\\/eldiario.bolivia\\\/\",\"https:\\\/\\\/x.com\\\/eldiario_net\"]},{\"@type\":\"Person\",\"@id\":\"https:\\\/\\\/www.eldiario.net\\\/portal\\\/#\\\/schema\\\/person\\\/cab1ae4db27e5f008a62cbffb05fbfee\",\"name\":\"luis Camacho\",\"image\":{\"@type\":\"ImageObject\",\"inLanguage\":\"es\",\"@id\":\"https:\\\/\\\/secure.gravatar.com\\\/avatar\\\/69ecb836b3826d5a2501bf06ab2a2f2c8ab211cc846758f395df21684cb38313?s=96&d=mm&r=g\",\"url\":\"https:\\\/\\\/secure.gravatar.com\\\/avatar\\\/69ecb836b3826d5a2501bf06ab2a2f2c8ab211cc846758f395df21684cb38313?s=96&d=mm&r=g\",\"contentUrl\":\"https:\\\/\\\/secure.gravatar.com\\\/avatar\\\/69ecb836b3826d5a2501bf06ab2a2f2c8ab211cc846758f395df21684cb38313?s=96&d=mm&r=g\",\"caption\":\"luis Camacho\"},\"url\":\"https:\\\/\\\/www.eldiario.net\\\/portal\\\/author\\\/luis\\\/\"}]}<\/script>\n<!-- \/ Yoast SEO plugin. -->","yoast_head_json":{"title":"Avi\u00f3n de BoA registra falla y retorna al aeropuerto de El Alto - El Diario - Bolivia","robots":{"index":"index","follow":"follow","max-snippet":"max-snippet:-1","max-image-preview":"max-image-preview:large","max-video-preview":"max-video-preview:-1"},"canonical":"https:\/\/www.eldiario.net\/portal\/2024\/09\/20\/avion-de-boa-registra-falla-y-retorna-al-aeropuerto-de-el-alto\/","og_locale":"es_ES","og_type":"article","og_title":"Avi\u00f3n de BoA registra falla y retorna al aeropuerto de El Alto - El Diario - Bolivia","og_description":"Un avi\u00f3n de la empresa estatal Boliviana de Aviaci\u00f3n (BoA) tuvo una alerta por una falla en su sistema de presurizaci\u00f3n en pleno vuelo de La Paz a Santa Cruz, por lo que tuvo que retornar al Aeropuerto Internacional de la ciudad de El Alto. Seg\u00fan un comunicado oficial de la l\u00ednea a\u00e9rea del Estado, [&hellip;]","og_url":"https:\/\/www.eldiario.net\/portal\/2024\/09\/20\/avion-de-boa-registra-falla-y-retorna-al-aeropuerto-de-el-alto\/","og_site_name":"El Diario - Bolivia","article_publisher":"https:\/\/www.facebook.com\/eldiario.bolivia\/","article_published_time":"2024-09-20T20:13:32+00:00","article_modified_time":"2024-09-20T20:16:52+00:00","og_image":[{"width":600,"height":541,"url":"https:\/\/www.eldiario.net\/portal\/wp-content\/uploads\/2024\/09\/BOA.jpg","type":"image\/jpeg"}],"author":"luis Camacho","twitter_card":"summary_large_image","twitter_creator":"@eldiario_net","twitter_site":"@eldiario_net","twitter_misc":{"Escrito por":"luis Camacho","Tiempo de lectura":"1 minuto"},"schema":{"@context":"https:\/\/schema.org","@graph":[{"@type":"Article","@id":"https:\/\/www.eldiario.net\/portal\/2024\/09\/20\/avion-de-boa-registra-falla-y-retorna-al-aeropuerto-de-el-alto\/#article","isPartOf":{"@id":"https:\/\/www.eldiario.net\/portal\/2024\/09\/20\/avion-de-boa-registra-falla-y-retorna-al-aeropuerto-de-el-alto\/"},"author":{"name":"luis Camacho","@id":"https:\/\/www.eldiario.net\/portal\/#\/schema\/person\/cab1ae4db27e5f008a62cbffb05fbfee"},"headline":"Avi\u00f3n de BoA registra falla y retorna al aeropuerto de El Alto","datePublished":"2024-09-20T20:13:32+00:00","dateModified":"2024-09-20T20:16:52+00:00","mainEntityOfPage":{"@id":"https:\/\/www.eldiario.net\/portal\/2024\/09\/20\/avion-de-boa-registra-falla-y-retorna-al-aeropuerto-de-el-alto\/"},"wordCount":168,"commentCount":0,"publisher":{"@id":"https:\/\/www.eldiario.net\/portal\/#organization"},"image":{"@id":"https:\/\/www.eldiario.net\/portal\/2024\/09\/20\/avion-de-boa-registra-falla-y-retorna-al-aeropuerto-de-el-alto\/#primaryimage"},"thumbnailUrl":"https:\/\/www.eldiario.net\/portal\/wp-content\/uploads\/2024\/09\/BOA.jpg","articleSection":["\u00daltima Hora"],"inLanguage":"es","potentialAction":[{"@type":"CommentAction","name":"Comment","target":["https:\/\/www.eldiario.net\/portal\/2024\/09\/20\/avion-de-boa-registra-falla-y-retorna-al-aeropuerto-de-el-alto\/#respond"]}]},{"@type":"WebPage","@id":"https:\/\/www.eldiario.net\/portal\/2024\/09\/20\/avion-de-boa-registra-falla-y-retorna-al-aeropuerto-de-el-alto\/","url":"https:\/\/www.eldiario.net\/portal\/2024\/09\/20\/avion-de-boa-registra-falla-y-retorna-al-aeropuerto-de-el-alto\/","name":"Avi\u00f3n de BoA registra falla y retorna al aeropuerto de El Alto - El Diario - Bolivia","isPartOf":{"@id":"https:\/\/www.eldiario.net\/portal\/#website"},"primaryImageOfPage":{"@id":"https:\/\/www.eldiario.net\/portal\/2024\/09\/20\/avion-de-boa-registra-falla-y-retorna-al-aeropuerto-de-el-alto\/#primaryimage"},"image":{"@id":"https:\/\/www.eldiario.net\/portal\/2024\/09\/20\/avion-de-boa-registra-falla-y-retorna-al-aeropuerto-de-el-alto\/#primaryimage"},"thumbnailUrl":"https:\/\/www.eldiario.net\/portal\/wp-content\/uploads\/2024\/09\/BOA.jpg","datePublished":"2024-09-20T20:13:32+00:00","dateModified":"2024-09-20T20:16:52+00:00","breadcrumb":{"@id":"https:\/\/www.eldiario.net\/portal\/2024\/09\/20\/avion-de-boa-registra-falla-y-retorna-al-aeropuerto-de-el-alto\/#breadcrumb"},"inLanguage":"es","potentialAction":[{"@type":"ReadAction","target":["https:\/\/www.eldiario.net\/portal\/2024\/09\/20\/avion-de-boa-registra-falla-y-retorna-al-aeropuerto-de-el-alto\/"]}]},{"@type":"ImageObject","inLanguage":"es","@id":"https:\/\/www.eldiario.net\/portal\/2024\/09\/20\/avion-de-boa-registra-falla-y-retorna-al-aeropuerto-de-el-alto\/#primaryimage","url":"https:\/\/www.eldiario.net\/portal\/wp-content\/uploads\/2024\/09\/BOA.jpg","contentUrl":"https:\/\/www.eldiario.net\/portal\/wp-content\/uploads\/2024\/09\/BOA.jpg","width":600,"height":541,"caption":"Foto: Samuel Doria Medina."},{"@type":"BreadcrumbList","@id":"https:\/\/www.eldiario.net\/portal\/2024\/09\/20\/avion-de-boa-registra-falla-y-retorna-al-aeropuerto-de-el-alto\/#breadcrumb","itemListElement":[{"@type":"ListItem","position":1,"name":"Portada","item":"https:\/\/www.eldiario.net\/portal\/"},{"@type":"ListItem","position":2,"name":"Avi\u00f3n de BoA registra falla y retorna al aeropuerto de El Alto"}]},{"@type":"WebSite","@id":"https:\/\/www.eldiario.net\/portal\/#website","url":"https:\/\/www.eldiario.net\/portal\/","name":"El Diario - Decano de la prensa nacional","description":"El Diario - Decano de la prensa nacional","publisher":{"@id":"https:\/\/www.eldiario.net\/portal\/#organization"},"potentialAction":[{"@type":"SearchAction","target":{"@type":"EntryPoint","urlTemplate":"https:\/\/www.eldiario.net\/portal\/?s={search_term_string}"},"query-input":{"@type":"PropertyValueSpecification","valueRequired":true,"valueName":"search_term_string"}}],"inLanguage":"es"},{"@type":"Organization","@id":"https:\/\/www.eldiario.net\/portal\/#organization","name":"El Diario - Decano de la prensa nacional","url":"https:\/\/www.eldiario.net\/portal\/","logo":{"@type":"ImageObject","inLanguage":"es","@id":"https:\/\/www.eldiario.net\/portal\/#\/schema\/logo\/image\/","url":"https:\/\/www.eldiario.net\/portal\/wp-content\/uploads\/2023\/07\/logo_ED.jpg","contentUrl":"https:\/\/www.eldiario.net\/portal\/wp-content\/uploads\/2023\/07\/logo_ED.jpg","width":272,"height":52,"caption":"El Diario - Decano de la prensa nacional"},"image":{"@id":"https:\/\/www.eldiario.net\/portal\/#\/schema\/logo\/image\/"},"sameAs":["https:\/\/www.facebook.com\/eldiario.bolivia\/","https:\/\/x.com\/eldiario_net"]},{"@type":"Person","@id":"https:\/\/www.eldiario.net\/portal\/#\/schema\/person\/cab1ae4db27e5f008a62cbffb05fbfee","name":"luis Camacho","image":{"@type":"ImageObject","inLanguage":"es","@id":"https:\/\/secure.gravatar.com\/avatar\/69ecb836b3826d5a2501bf06ab2a2f2c8ab211cc846758f395df21684cb38313?s=96&d=mm&r=g","url":"https:\/\/secure.gravatar.com\/avatar\/69ecb836b3826d5a2501bf06ab2a2f2c8ab211cc846758f395df21684cb38313?s=96&d=mm&r=g","contentUrl":"https:\/\/secure.gravatar.com\/avatar\/69ecb836b3826d5a2501bf06ab2a2f2c8ab211cc846758f395df21684cb38313?s=96&d=mm&r=g","caption":"luis Camacho"},"url":"https:\/\/www.eldiario.net\/portal\/author\/luis\/"}]}},"_links":{"self":[{"href":"https:\/\/www.eldiario.net\/portal\/wp-json\/wp\/v2\/posts\/248805","targetHints":{"allow":["GET"]}}],"collection":[{"href":"https:\/\/www.eldiario.net\/portal\/wp-json\/wp\/v2\/posts"}],"about":[{"href":"https:\/\/www.eldiario.net\/portal\/wp-json\/wp\/v2\/types\/post"}],"author":[{"embeddable":true,"href":"https:\/\/www.eldiario.net\/portal\/wp-json\/wp\/v2\/users\/2"}],"replies":[{"embeddable":true,"href":"https:\/\/www.eldiario.net\/portal\/wp-json\/wp\/v2\/comments?post=248805"}],"version-history":[{"count":2,"href":"https:\/\/www.eldiario.net\/portal\/wp-json\/wp\/v2\/posts\/248805\/revisions"}],"predecessor-version":[{"id":248809,"href":"https:\/\/www.eldiario.net\/portal\/wp-json\/wp\/v2\/posts\/248805\/revisions\/248809"}],"wp:featuredmedia":[{"embeddable":true,"href":"https:\/\/www.eldiario.net\/portal\/wp-json\/wp\/v2\/media\/248807"}],"wp:attachment":[{"href":"https:\/\/www.eldiario.net\/portal\/wp-json\/wp\/v2\/media?parent=248805"}],"wp:term":[{"taxonomy":"category","embeddable":true,"href":"https:\/\/www.eldiario.net\/portal\/wp-json\/wp\/v2\/categories?post=248805"},{"taxonomy":"post_tag","embeddable":true,"href":"https:\/\/www.eldiario.net\/portal\/wp-json\/wp\/v2\/tags?post=248805"}],"curies":[{"name":"wp","href":"https:\/\/api.w.org\/{rel}","templated":true}]}}