{"id":248774,"date":"2024-09-20T07:39:22","date_gmt":"2024-09-20T11:39:22","guid":{"rendered":"https:\/\/www.eldiario.net\/portal\/?p=248774"},"modified":"2024-09-20T07:39:22","modified_gmt":"2024-09-20T11:39:22","slug":"cuatro-campesinos-detenidos-en-bloqueo-reciben-pena-reducida-y-seran-liberados","status":"publish","type":"post","link":"https:\/\/www.eldiario.net\/portal\/2024\/09\/20\/cuatro-campesinos-detenidos-en-bloqueo-reciben-pena-reducida-y-seran-liberados\/","title":{"rendered":"Cuatro campesinos detenidos en bloqueo reciben pena reducida y ser\u00e1n liberados"},"content":{"rendered":"<p>Cuatro campesinos detenidos por supuestamente participar en los bloqueos de la carretera a La Paz se sometieron a juicio abreviado y recibieron una sentencia reducida de tres a\u00f1os, la cual les permiti\u00f3 recuperar su libertad y no ser enviados a la c\u00e1rcel, inform\u00f3 el viceministro de Seguridad Ciudadana, Roberto R\u00edos.<\/p>\n<p>Los imputados aceptaron una sentencia de tres a\u00f1os de prisi\u00f3n por el delito de atentado contra los servicios p\u00fablicos; sin embargo, la cuant\u00eda de la pena les permite recibir la suspensi\u00f3n condicional de la pena y evitar la c\u00e1rcel.<\/p>\n<p>\u201cEstas cuatro personas han sido remitidas al Ministerio P\u00fablico y se ha llevado el proceso correspondiente. Las mismas se han sometido a un proceso abreviado, la Justicia ha determinado la detenci\u00f3n de tres a\u00f1os, pero con suspensi\u00f3n de la pena, ya ellos van a tener la libertad en unas horas\u201d, sostuvo ayer R\u00edos a RTP.<\/p>\n<p>El abogado de la defensa, Abel Loma, indic\u00f3 que los sentenciados (de 54, 36, 25 y 39 a\u00f1os de edad) no tendr\u00edan responsabilidad en los hechos, pero decidieron inculparse para no ser encarcelados. Indic\u00f3 que s\u00f3lo dos son dirigentes de Vilaque, mientras que los otros eran transe\u00fantes.<\/p>\n<p>\u201cLamentamos mucho que transe\u00fantes y campesinos tengan que someterse (y) reconocer estos il\u00edcitos penales, sin que esto haya ocurrido, todo (por) el af\u00e1n del Gobierno de determinar una pol\u00edtica de amedrentamiento\u201d, manifest\u00f3 Loma.<\/p>\n<p>Por su parte, el viceministro se\u00f1al\u00f3 que fueron encontrados a bordo de un cami\u00f3n en el que se transportaba escombros que iban a ser usados para impedir el libre tr\u00e1nsito de los veh\u00edculos en la ruta a Copacabana, donde existen puntos de bloqueo de la Federaci\u00f3n T\u00fapac Katari.<\/p>\n<p>El bloqueo fue convocado por la federaci\u00f3n campesina contestataria en demanda de la renuncia del presidente de Estado, Luis Arce, a quien acusan de ser incapaz de gobernar y dividir organizaciones sociales. (Con informaci\u00f3n de Erbol y Br\u00fajula Digital)<\/p>\n","protected":false},"excerpt":{"rendered":"<p>Cuatro campesinos detenidos por supuestamente participar en los bloqueos de la carretera a La Paz se sometieron a juicio abreviado y recibieron una sentencia reducida de tres a\u00f1os, la cual les permiti\u00f3 recuperar su libertad y no ser enviados a la c\u00e1rcel, inform\u00f3 el viceministro de Seguridad Ciudadana, Roberto R\u00edos. Los imputados aceptaron una sentencia [&hellip;]<\/p>\n","protected":false},"author":2,"featured_media":248775,"comment_status":"open","ping_status":"open","sticky":false,"template":"","format":"standard","meta":{"_acf_changed":false,"footnotes":""},"categories":[39],"tags":[],"class_list":["post-248774","post","type-post","status-publish","format-standard","has-post-thumbnail","category-sociedad"],"acf":{"antetitulo":""},"yoast_head":"<!-- This site is optimized with the Yoast SEO plugin v28.4 - https:\/\/yoast.com\/product\/yoast-seo-wordpress\/ -->\n<title>Cuatro campesinos detenidos en bloqueo reciben pena reducida y ser\u00e1n liberados - El Diario - Bolivia<\/title>\n<meta name=\"robots\" content=\"index, follow, max-snippet:-1, max-image-preview:large, max-video-preview:-1\" \/>\n<link rel=\"canonical\" href=\"https:\/\/www.eldiario.net\/portal\/2024\/09\/20\/cuatro-campesinos-detenidos-en-bloqueo-reciben-pena-reducida-y-seran-liberados\/\" \/>\n<meta property=\"og:locale\" content=\"es_ES\" \/>\n<meta property=\"og:type\" content=\"article\" \/>\n<meta property=\"og:title\" content=\"Cuatro campesinos detenidos en bloqueo reciben pena reducida y ser\u00e1n liberados - El Diario - Bolivia\" \/>\n<meta property=\"og:description\" content=\"Cuatro campesinos detenidos por supuestamente participar en los bloqueos de la carretera a La Paz se sometieron a juicio abreviado y recibieron una sentencia reducida de tres a\u00f1os, la cual les permiti\u00f3 recuperar su libertad y no ser enviados a la c\u00e1rcel, inform\u00f3 el viceministro de Seguridad Ciudadana, Roberto R\u00edos. Los imputados aceptaron una sentencia [&hellip;]\" \/>\n<meta property=\"og:url\" content=\"https:\/\/www.eldiario.net\/portal\/2024\/09\/20\/cuatro-campesinos-detenidos-en-bloqueo-reciben-pena-reducida-y-seran-liberados\/\" \/>\n<meta property=\"og:site_name\" content=\"El Diario - Bolivia\" \/>\n<meta property=\"article:publisher\" content=\"https:\/\/www.facebook.com\/eldiario.bolivia\/\" \/>\n<meta property=\"article:published_time\" content=\"2024-09-20T11:39:22+00:00\" \/>\n<meta property=\"og:image\" content=\"https:\/\/www.eldiario.net\/portal\/wp-content\/uploads\/2024\/09\/20-SENT.jpg\" \/>\n\t<meta property=\"og:image:width\" content=\"1141\" \/>\n\t<meta property=\"og:image:height\" content=\"741\" \/>\n\t<meta property=\"og:image:type\" content=\"image\/jpeg\" \/>\n<meta name=\"author\" content=\"luis Camacho\" \/>\n<meta name=\"twitter:card\" content=\"summary_large_image\" \/>\n<meta name=\"twitter:creator\" content=\"@eldiario_net\" \/>\n<meta name=\"twitter:site\" content=\"@eldiario_net\" \/>\n<meta name=\"twitter:label1\" content=\"Escrito por\" \/>\n\t<meta name=\"twitter:data1\" content=\"luis Camacho\" \/>\n\t<meta name=\"twitter:label2\" content=\"Tiempo de lectura\" \/>\n\t<meta name=\"twitter:data2\" content=\"2 minutos\" \/>\n<script type=\"application\/ld+json\" class=\"yoast-schema-graph\">{\"@context\":\"https:\\\/\\\/schema.org\",\"@graph\":[{\"@type\":\"Article\",\"@id\":\"https:\\\/\\\/www.eldiario.net\\\/portal\\\/2024\\\/09\\\/20\\\/cuatro-campesinos-detenidos-en-bloqueo-reciben-pena-reducida-y-seran-liberados\\\/#article\",\"isPartOf\":{\"@id\":\"https:\\\/\\\/www.eldiario.net\\\/portal\\\/2024\\\/09\\\/20\\\/cuatro-campesinos-detenidos-en-bloqueo-reciben-pena-reducida-y-seran-liberados\\\/\"},\"author\":{\"name\":\"luis Camacho\",\"@id\":\"https:\\\/\\\/www.eldiario.net\\\/portal\\\/#\\\/schema\\\/person\\\/cab1ae4db27e5f008a62cbffb05fbfee\"},\"headline\":\"Cuatro campesinos detenidos en bloqueo reciben pena reducida y ser\u00e1n liberados\",\"datePublished\":\"2024-09-20T11:39:22+00:00\",\"mainEntityOfPage\":{\"@id\":\"https:\\\/\\\/www.eldiario.net\\\/portal\\\/2024\\\/09\\\/20\\\/cuatro-campesinos-detenidos-en-bloqueo-reciben-pena-reducida-y-seran-liberados\\\/\"},\"wordCount\":350,\"commentCount\":0,\"publisher\":{\"@id\":\"https:\\\/\\\/www.eldiario.net\\\/portal\\\/#organization\"},\"image\":{\"@id\":\"https:\\\/\\\/www.eldiario.net\\\/portal\\\/2024\\\/09\\\/20\\\/cuatro-campesinos-detenidos-en-bloqueo-reciben-pena-reducida-y-seran-liberados\\\/#primaryimage\"},\"thumbnailUrl\":\"https:\\\/\\\/www.eldiario.net\\\/portal\\\/wp-content\\\/uploads\\\/2024\\\/09\\\/20-SENT.jpg\",\"articleSection\":[\"Sociedad - Seguridad\"],\"inLanguage\":\"es\",\"potentialAction\":[{\"@type\":\"CommentAction\",\"name\":\"Comment\",\"target\":[\"https:\\\/\\\/www.eldiario.net\\\/portal\\\/2024\\\/09\\\/20\\\/cuatro-campesinos-detenidos-en-bloqueo-reciben-pena-reducida-y-seran-liberados\\\/#respond\"]}]},{\"@type\":\"WebPage\",\"@id\":\"https:\\\/\\\/www.eldiario.net\\\/portal\\\/2024\\\/09\\\/20\\\/cuatro-campesinos-detenidos-en-bloqueo-reciben-pena-reducida-y-seran-liberados\\\/\",\"url\":\"https:\\\/\\\/www.eldiario.net\\\/portal\\\/2024\\\/09\\\/20\\\/cuatro-campesinos-detenidos-en-bloqueo-reciben-pena-reducida-y-seran-liberados\\\/\",\"name\":\"Cuatro campesinos detenidos en bloqueo reciben pena reducida y ser\u00e1n liberados - El Diario - Bolivia\",\"isPartOf\":{\"@id\":\"https:\\\/\\\/www.eldiario.net\\\/portal\\\/#website\"},\"primaryImageOfPage\":{\"@id\":\"https:\\\/\\\/www.eldiario.net\\\/portal\\\/2024\\\/09\\\/20\\\/cuatro-campesinos-detenidos-en-bloqueo-reciben-pena-reducida-y-seran-liberados\\\/#primaryimage\"},\"image\":{\"@id\":\"https:\\\/\\\/www.eldiario.net\\\/portal\\\/2024\\\/09\\\/20\\\/cuatro-campesinos-detenidos-en-bloqueo-reciben-pena-reducida-y-seran-liberados\\\/#primaryimage\"},\"thumbnailUrl\":\"https:\\\/\\\/www.eldiario.net\\\/portal\\\/wp-content\\\/uploads\\\/2024\\\/09\\\/20-SENT.jpg\",\"datePublished\":\"2024-09-20T11:39:22+00:00\",\"breadcrumb\":{\"@id\":\"https:\\\/\\\/www.eldiario.net\\\/portal\\\/2024\\\/09\\\/20\\\/cuatro-campesinos-detenidos-en-bloqueo-reciben-pena-reducida-y-seran-liberados\\\/#breadcrumb\"},\"inLanguage\":\"es\",\"potentialAction\":[{\"@type\":\"ReadAction\",\"target\":[\"https:\\\/\\\/www.eldiario.net\\\/portal\\\/2024\\\/09\\\/20\\\/cuatro-campesinos-detenidos-en-bloqueo-reciben-pena-reducida-y-seran-liberados\\\/\"]}]},{\"@type\":\"ImageObject\",\"inLanguage\":\"es\",\"@id\":\"https:\\\/\\\/www.eldiario.net\\\/portal\\\/2024\\\/09\\\/20\\\/cuatro-campesinos-detenidos-en-bloqueo-reciben-pena-reducida-y-seran-liberados\\\/#primaryimage\",\"url\":\"https:\\\/\\\/www.eldiario.net\\\/portal\\\/wp-content\\\/uploads\\\/2024\\\/09\\\/20-SENT.jpg\",\"contentUrl\":\"https:\\\/\\\/www.eldiario.net\\\/portal\\\/wp-content\\\/uploads\\\/2024\\\/09\\\/20-SENT.jpg\",\"width\":1141,\"height\":741,\"caption\":\"La Defensor\u00eda del Pueblo realiz\u00f3 seguimiento al caso. Foto: DPB\"},{\"@type\":\"BreadcrumbList\",\"@id\":\"https:\\\/\\\/www.eldiario.net\\\/portal\\\/2024\\\/09\\\/20\\\/cuatro-campesinos-detenidos-en-bloqueo-reciben-pena-reducida-y-seran-liberados\\\/#breadcrumb\",\"itemListElement\":[{\"@type\":\"ListItem\",\"position\":1,\"name\":\"Portada\",\"item\":\"https:\\\/\\\/www.eldiario.net\\\/portal\\\/\"},{\"@type\":\"ListItem\",\"position\":2,\"name\":\"Cuatro campesinos detenidos en bloqueo reciben pena reducida y ser\u00e1n liberados\"}]},{\"@type\":\"WebSite\",\"@id\":\"https:\\\/\\\/www.eldiario.net\\\/portal\\\/#website\",\"url\":\"https:\\\/\\\/www.eldiario.net\\\/portal\\\/\",\"name\":\"El Diario - Decano de la prensa nacional\",\"description\":\"El Diario - Decano de la prensa nacional\",\"publisher\":{\"@id\":\"https:\\\/\\\/www.eldiario.net\\\/portal\\\/#organization\"},\"potentialAction\":[{\"@type\":\"SearchAction\",\"target\":{\"@type\":\"EntryPoint\",\"urlTemplate\":\"https:\\\/\\\/www.eldiario.net\\\/portal\\\/?s={search_term_string}\"},\"query-input\":{\"@type\":\"PropertyValueSpecification\",\"valueRequired\":true,\"valueName\":\"search_term_string\"}}],\"inLanguage\":\"es\"},{\"@type\":\"Organization\",\"@id\":\"https:\\\/\\\/www.eldiario.net\\\/portal\\\/#organization\",\"name\":\"El Diario - Decano de la prensa nacional\",\"url\":\"https:\\\/\\\/www.eldiario.net\\\/portal\\\/\",\"logo\":{\"@type\":\"ImageObject\",\"inLanguage\":\"es\",\"@id\":\"https:\\\/\\\/www.eldiario.net\\\/portal\\\/#\\\/schema\\\/logo\\\/image\\\/\",\"url\":\"https:\\\/\\\/www.eldiario.net\\\/portal\\\/wp-content\\\/uploads\\\/2023\\\/07\\\/logo_ED.jpg\",\"contentUrl\":\"https:\\\/\\\/www.eldiario.net\\\/portal\\\/wp-content\\\/uploads\\\/2023\\\/07\\\/logo_ED.jpg\",\"width\":272,\"height\":52,\"caption\":\"El Diario - Decano de la prensa nacional\"},\"image\":{\"@id\":\"https:\\\/\\\/www.eldiario.net\\\/portal\\\/#\\\/schema\\\/logo\\\/image\\\/\"},\"sameAs\":[\"https:\\\/\\\/www.facebook.com\\\/eldiario.bolivia\\\/\",\"https:\\\/\\\/x.com\\\/eldiario_net\"]},{\"@type\":\"Person\",\"@id\":\"https:\\\/\\\/www.eldiario.net\\\/portal\\\/#\\\/schema\\\/person\\\/cab1ae4db27e5f008a62cbffb05fbfee\",\"name\":\"luis Camacho\",\"image\":{\"@type\":\"ImageObject\",\"inLanguage\":\"es\",\"@id\":\"https:\\\/\\\/secure.gravatar.com\\\/avatar\\\/69ecb836b3826d5a2501bf06ab2a2f2c8ab211cc846758f395df21684cb38313?s=96&d=mm&r=g\",\"url\":\"https:\\\/\\\/secure.gravatar.com\\\/avatar\\\/69ecb836b3826d5a2501bf06ab2a2f2c8ab211cc846758f395df21684cb38313?s=96&d=mm&r=g\",\"contentUrl\":\"https:\\\/\\\/secure.gravatar.com\\\/avatar\\\/69ecb836b3826d5a2501bf06ab2a2f2c8ab211cc846758f395df21684cb38313?s=96&d=mm&r=g\",\"caption\":\"luis Camacho\"},\"url\":\"https:\\\/\\\/www.eldiario.net\\\/portal\\\/author\\\/luis\\\/\"}]}<\/script>\n<!-- \/ Yoast SEO plugin. -->","yoast_head_json":{"title":"Cuatro campesinos detenidos en bloqueo reciben pena reducida y ser\u00e1n liberados - El Diario - Bolivia","robots":{"index":"index","follow":"follow","max-snippet":"max-snippet:-1","max-image-preview":"max-image-preview:large","max-video-preview":"max-video-preview:-1"},"canonical":"https:\/\/www.eldiario.net\/portal\/2024\/09\/20\/cuatro-campesinos-detenidos-en-bloqueo-reciben-pena-reducida-y-seran-liberados\/","og_locale":"es_ES","og_type":"article","og_title":"Cuatro campesinos detenidos en bloqueo reciben pena reducida y ser\u00e1n liberados - El Diario - Bolivia","og_description":"Cuatro campesinos detenidos por supuestamente participar en los bloqueos de la carretera a La Paz se sometieron a juicio abreviado y recibieron una sentencia reducida de tres a\u00f1os, la cual les permiti\u00f3 recuperar su libertad y no ser enviados a la c\u00e1rcel, inform\u00f3 el viceministro de Seguridad Ciudadana, Roberto R\u00edos. Los imputados aceptaron una sentencia [&hellip;]","og_url":"https:\/\/www.eldiario.net\/portal\/2024\/09\/20\/cuatro-campesinos-detenidos-en-bloqueo-reciben-pena-reducida-y-seran-liberados\/","og_site_name":"El Diario - Bolivia","article_publisher":"https:\/\/www.facebook.com\/eldiario.bolivia\/","article_published_time":"2024-09-20T11:39:22+00:00","og_image":[{"width":1141,"height":741,"url":"https:\/\/www.eldiario.net\/portal\/wp-content\/uploads\/2024\/09\/20-SENT.jpg","type":"image\/jpeg"}],"author":"luis Camacho","twitter_card":"summary_large_image","twitter_creator":"@eldiario_net","twitter_site":"@eldiario_net","twitter_misc":{"Escrito por":"luis Camacho","Tiempo de lectura":"2 minutos"},"schema":{"@context":"https:\/\/schema.org","@graph":[{"@type":"Article","@id":"https:\/\/www.eldiario.net\/portal\/2024\/09\/20\/cuatro-campesinos-detenidos-en-bloqueo-reciben-pena-reducida-y-seran-liberados\/#article","isPartOf":{"@id":"https:\/\/www.eldiario.net\/portal\/2024\/09\/20\/cuatro-campesinos-detenidos-en-bloqueo-reciben-pena-reducida-y-seran-liberados\/"},"author":{"name":"luis Camacho","@id":"https:\/\/www.eldiario.net\/portal\/#\/schema\/person\/cab1ae4db27e5f008a62cbffb05fbfee"},"headline":"Cuatro campesinos detenidos en bloqueo reciben pena reducida y ser\u00e1n liberados","datePublished":"2024-09-20T11:39:22+00:00","mainEntityOfPage":{"@id":"https:\/\/www.eldiario.net\/portal\/2024\/09\/20\/cuatro-campesinos-detenidos-en-bloqueo-reciben-pena-reducida-y-seran-liberados\/"},"wordCount":350,"commentCount":0,"publisher":{"@id":"https:\/\/www.eldiario.net\/portal\/#organization"},"image":{"@id":"https:\/\/www.eldiario.net\/portal\/2024\/09\/20\/cuatro-campesinos-detenidos-en-bloqueo-reciben-pena-reducida-y-seran-liberados\/#primaryimage"},"thumbnailUrl":"https:\/\/www.eldiario.net\/portal\/wp-content\/uploads\/2024\/09\/20-SENT.jpg","articleSection":["Sociedad - Seguridad"],"inLanguage":"es","potentialAction":[{"@type":"CommentAction","name":"Comment","target":["https:\/\/www.eldiario.net\/portal\/2024\/09\/20\/cuatro-campesinos-detenidos-en-bloqueo-reciben-pena-reducida-y-seran-liberados\/#respond"]}]},{"@type":"WebPage","@id":"https:\/\/www.eldiario.net\/portal\/2024\/09\/20\/cuatro-campesinos-detenidos-en-bloqueo-reciben-pena-reducida-y-seran-liberados\/","url":"https:\/\/www.eldiario.net\/portal\/2024\/09\/20\/cuatro-campesinos-detenidos-en-bloqueo-reciben-pena-reducida-y-seran-liberados\/","name":"Cuatro campesinos detenidos en bloqueo reciben pena reducida y ser\u00e1n liberados - El Diario - Bolivia","isPartOf":{"@id":"https:\/\/www.eldiario.net\/portal\/#website"},"primaryImageOfPage":{"@id":"https:\/\/www.eldiario.net\/portal\/2024\/09\/20\/cuatro-campesinos-detenidos-en-bloqueo-reciben-pena-reducida-y-seran-liberados\/#primaryimage"},"image":{"@id":"https:\/\/www.eldiario.net\/portal\/2024\/09\/20\/cuatro-campesinos-detenidos-en-bloqueo-reciben-pena-reducida-y-seran-liberados\/#primaryimage"},"thumbnailUrl":"https:\/\/www.eldiario.net\/portal\/wp-content\/uploads\/2024\/09\/20-SENT.jpg","datePublished":"2024-09-20T11:39:22+00:00","breadcrumb":{"@id":"https:\/\/www.eldiario.net\/portal\/2024\/09\/20\/cuatro-campesinos-detenidos-en-bloqueo-reciben-pena-reducida-y-seran-liberados\/#breadcrumb"},"inLanguage":"es","potentialAction":[{"@type":"ReadAction","target":["https:\/\/www.eldiario.net\/portal\/2024\/09\/20\/cuatro-campesinos-detenidos-en-bloqueo-reciben-pena-reducida-y-seran-liberados\/"]}]},{"@type":"ImageObject","inLanguage":"es","@id":"https:\/\/www.eldiario.net\/portal\/2024\/09\/20\/cuatro-campesinos-detenidos-en-bloqueo-reciben-pena-reducida-y-seran-liberados\/#primaryimage","url":"https:\/\/www.eldiario.net\/portal\/wp-content\/uploads\/2024\/09\/20-SENT.jpg","contentUrl":"https:\/\/www.eldiario.net\/portal\/wp-content\/uploads\/2024\/09\/20-SENT.jpg","width":1141,"height":741,"caption":"La Defensor\u00eda del Pueblo realiz\u00f3 seguimiento al caso. Foto: DPB"},{"@type":"BreadcrumbList","@id":"https:\/\/www.eldiario.net\/portal\/2024\/09\/20\/cuatro-campesinos-detenidos-en-bloqueo-reciben-pena-reducida-y-seran-liberados\/#breadcrumb","itemListElement":[{"@type":"ListItem","position":1,"name":"Portada","item":"https:\/\/www.eldiario.net\/portal\/"},{"@type":"ListItem","position":2,"name":"Cuatro campesinos detenidos en bloqueo reciben pena reducida y ser\u00e1n liberados"}]},{"@type":"WebSite","@id":"https:\/\/www.eldiario.net\/portal\/#website","url":"https:\/\/www.eldiario.net\/portal\/","name":"El Diario - Decano de la prensa nacional","description":"El Diario - Decano de la prensa nacional","publisher":{"@id":"https:\/\/www.eldiario.net\/portal\/#organization"},"potentialAction":[{"@type":"SearchAction","target":{"@type":"EntryPoint","urlTemplate":"https:\/\/www.eldiario.net\/portal\/?s={search_term_string}"},"query-input":{"@type":"PropertyValueSpecification","valueRequired":true,"valueName":"search_term_string"}}],"inLanguage":"es"},{"@type":"Organization","@id":"https:\/\/www.eldiario.net\/portal\/#organization","name":"El Diario - Decano de la prensa nacional","url":"https:\/\/www.eldiario.net\/portal\/","logo":{"@type":"ImageObject","inLanguage":"es","@id":"https:\/\/www.eldiario.net\/portal\/#\/schema\/logo\/image\/","url":"https:\/\/www.eldiario.net\/portal\/wp-content\/uploads\/2023\/07\/logo_ED.jpg","contentUrl":"https:\/\/www.eldiario.net\/portal\/wp-content\/uploads\/2023\/07\/logo_ED.jpg","width":272,"height":52,"caption":"El Diario - Decano de la prensa nacional"},"image":{"@id":"https:\/\/www.eldiario.net\/portal\/#\/schema\/logo\/image\/"},"sameAs":["https:\/\/www.facebook.com\/eldiario.bolivia\/","https:\/\/x.com\/eldiario_net"]},{"@type":"Person","@id":"https:\/\/www.eldiario.net\/portal\/#\/schema\/person\/cab1ae4db27e5f008a62cbffb05fbfee","name":"luis Camacho","image":{"@type":"ImageObject","inLanguage":"es","@id":"https:\/\/secure.gravatar.com\/avatar\/69ecb836b3826d5a2501bf06ab2a2f2c8ab211cc846758f395df21684cb38313?s=96&d=mm&r=g","url":"https:\/\/secure.gravatar.com\/avatar\/69ecb836b3826d5a2501bf06ab2a2f2c8ab211cc846758f395df21684cb38313?s=96&d=mm&r=g","contentUrl":"https:\/\/secure.gravatar.com\/avatar\/69ecb836b3826d5a2501bf06ab2a2f2c8ab211cc846758f395df21684cb38313?s=96&d=mm&r=g","caption":"luis Camacho"},"url":"https:\/\/www.eldiario.net\/portal\/author\/luis\/"}]}},"_links":{"self":[{"href":"https:\/\/www.eldiario.net\/portal\/wp-json\/wp\/v2\/posts\/248774","targetHints":{"allow":["GET"]}}],"collection":[{"href":"https:\/\/www.eldiario.net\/portal\/wp-json\/wp\/v2\/posts"}],"about":[{"href":"https:\/\/www.eldiario.net\/portal\/wp-json\/wp\/v2\/types\/post"}],"author":[{"embeddable":true,"href":"https:\/\/www.eldiario.net\/portal\/wp-json\/wp\/v2\/users\/2"}],"replies":[{"embeddable":true,"href":"https:\/\/www.eldiario.net\/portal\/wp-json\/wp\/v2\/comments?post=248774"}],"version-history":[{"count":1,"href":"https:\/\/www.eldiario.net\/portal\/wp-json\/wp\/v2\/posts\/248774\/revisions"}],"predecessor-version":[{"id":248776,"href":"https:\/\/www.eldiario.net\/portal\/wp-json\/wp\/v2\/posts\/248774\/revisions\/248776"}],"wp:featuredmedia":[{"embeddable":true,"href":"https:\/\/www.eldiario.net\/portal\/wp-json\/wp\/v2\/media\/248775"}],"wp:attachment":[{"href":"https:\/\/www.eldiario.net\/portal\/wp-json\/wp\/v2\/media?parent=248774"}],"wp:term":[{"taxonomy":"category","embeddable":true,"href":"https:\/\/www.eldiario.net\/portal\/wp-json\/wp\/v2\/categories?post=248774"},{"taxonomy":"post_tag","embeddable":true,"href":"https:\/\/www.eldiario.net\/portal\/wp-json\/wp\/v2\/tags?post=248774"}],"curies":[{"name":"wp","href":"https:\/\/api.w.org\/{rel}","templated":true}]}}