{"id":248771,"date":"2024-09-20T07:36:15","date_gmt":"2024-09-20T11:36:15","guid":{"rendered":"https:\/\/www.eldiario.net\/portal\/?p=248771"},"modified":"2024-09-20T07:36:15","modified_gmt":"2024-09-20T11:36:15","slug":"fiscalia-investiga-uso-de-armas-y-agresiones-en-movilizaciones","status":"publish","type":"post","link":"https:\/\/www.eldiario.net\/portal\/2024\/09\/20\/fiscalia-investiga-uso-de-armas-y-agresiones-en-movilizaciones\/","title":{"rendered":"Fiscal\u00eda investiga uso de armas y agresiones en movilizaciones"},"content":{"rendered":"<p>La Fiscal\u00eda General del Estado inici\u00f3 ayer una investigaci\u00f3n sobre el presunto uso de armas de fuego y agresiones registradas en dos puntos del bloqueo impulsado por sectores afines al expresidente, Evo Morales, inform\u00f3 el titular del Ministerio P\u00fablico, Fausto Juan Lanchipa.<\/p>\n<p>La autoridad afirm\u00f3 que la investigaci\u00f3n se centrar\u00e1 en garantizar la seguridad y los derechos de la poblaci\u00f3n, destacando la objetividad y la legalidad de la pesquisa, sin ning\u00fan tipo de injerencia pol\u00edtica.<\/p>\n<p>\u201cRecibimos denuncias por lesiones a la integridad f\u00edsica de personas que fueron agredidas, y en relaci\u00f3n a unas personas que estaban haciendo uso de armas de fuego en este bloqueo. Estamos iniciando las investigaciones en todos los casos, mostrando objetividad y transparencia, sin ninguna influencia pol\u00edtica \u00ab, declar\u00f3 el fiscal general del Estado.<\/p>\n<p>La escalada de violencia se registr\u00f3 en puntos del altiplano boliviano, en la carretera Oruro-La Paz, por donde pas\u00f3 la denominada \u201cMarcha Para Salvar Bolivia\u201d convocada por Morales, que parti\u00f3 desde Caracollo el martes y lleg\u00f3 ayer a Patacamaya, localidad del departamento de La Paz pr\u00f3xima a la ciudad de El Alto. El martes, un sector af\u00edn al Gobierno fue visto en Vila Vila intentando detener la manifestaci\u00f3n de Morales.<\/p>\n<p>En tanto, un grupo de Ponchos Rojos intensific\u00f3 sus protestas luego de culminarse su cuarto d\u00eda de bloqueos en inmediaciones del lago Titicaca, exigiendo la renuncia del presidente del Estado, Luis Arce. De acuerdo con el mapa de transitabilidad de la Administradora Boliviana de Carreteras (ABC), se registran puntos de bloqueo cerca de Achacachi y en algunas comunidades como Palcoco, Batallas y Pajchani Grande.<\/p>\n<p>Se registraron incidentes entre ambos bandos movilizados, las cuales dejaron al menos 26 heridos, seg\u00fan el Gobierno. Hubo amedrentamientos a un trabajador de la prensa, agresiones f\u00edsicas a dos senadores evistas y una periodista, adem\u00e1s del uso de explosivos, l\u00e1tigos, lanzas y piedras.<\/p>\n<p>Al margen de estos enfrentamientos, se difundieron videos que sugieren el uso de armas de fuego por parte de sectores contestatarios, lo que elev\u00f3 las preocupaciones sobre una escalada de violencia.<\/p>\n<p>\u201cNuestro trabajo es establecer una investigaci\u00f3n imparcial a partir de los informes policiales y las denuncias recibidas\u201d, afirm\u00f3 Lanchipa, a tiempo de reiterar que la Fiscal\u00eda actuar\u00e1 \u201cen todos los casos que pongan en riesgo la integridad f\u00edsica o la vida de las personas\u201d. (EL DIARIO, Erbol y Br\u00fajula Digital)<\/p>\n","protected":false},"excerpt":{"rendered":"<p>La Fiscal\u00eda General del Estado inici\u00f3 ayer una investigaci\u00f3n sobre el presunto uso de armas de fuego y agresiones registradas en dos puntos del bloqueo impulsado por sectores afines al expresidente, Evo Morales, inform\u00f3 el titular del Ministerio P\u00fablico, Fausto Juan Lanchipa. La autoridad afirm\u00f3 que la investigaci\u00f3n se centrar\u00e1 en garantizar la seguridad y [&hellip;]<\/p>\n","protected":false},"author":2,"featured_media":248772,"comment_status":"open","ping_status":"open","sticky":false,"template":"","format":"standard","meta":{"_acf_changed":false,"footnotes":""},"categories":[39],"tags":[],"class_list":["post-248771","post","type-post","status-publish","format-standard","has-post-thumbnail","category-sociedad"],"acf":{"antetitulo":""},"yoast_head":"<!-- This site is optimized with the Yoast SEO plugin v28.4 - https:\/\/yoast.com\/product\/yoast-seo-wordpress\/ -->\n<title>Fiscal\u00eda investiga uso de armas y agresiones en movilizaciones - El Diario - Bolivia<\/title>\n<meta name=\"robots\" content=\"index, follow, max-snippet:-1, max-image-preview:large, max-video-preview:-1\" \/>\n<link rel=\"canonical\" href=\"https:\/\/www.eldiario.net\/portal\/2024\/09\/20\/fiscalia-investiga-uso-de-armas-y-agresiones-en-movilizaciones\/\" \/>\n<meta property=\"og:locale\" content=\"es_ES\" \/>\n<meta property=\"og:type\" content=\"article\" \/>\n<meta property=\"og:title\" content=\"Fiscal\u00eda investiga uso de armas y agresiones en movilizaciones - El Diario - Bolivia\" \/>\n<meta property=\"og:description\" content=\"La Fiscal\u00eda General del Estado inici\u00f3 ayer una investigaci\u00f3n sobre el presunto uso de armas de fuego y agresiones registradas en dos puntos del bloqueo impulsado por sectores afines al expresidente, Evo Morales, inform\u00f3 el titular del Ministerio P\u00fablico, Fausto Juan Lanchipa. La autoridad afirm\u00f3 que la investigaci\u00f3n se centrar\u00e1 en garantizar la seguridad y [&hellip;]\" \/>\n<meta property=\"og:url\" content=\"https:\/\/www.eldiario.net\/portal\/2024\/09\/20\/fiscalia-investiga-uso-de-armas-y-agresiones-en-movilizaciones\/\" \/>\n<meta property=\"og:site_name\" content=\"El Diario - Bolivia\" \/>\n<meta property=\"article:publisher\" content=\"https:\/\/www.facebook.com\/eldiario.bolivia\/\" \/>\n<meta property=\"article:published_time\" content=\"2024-09-20T11:36:15+00:00\" \/>\n<meta property=\"og:image\" content=\"https:\/\/www.eldiario.net\/portal\/wp-content\/uploads\/2024\/09\/20-INVEST.jpg\" \/>\n\t<meta property=\"og:image:width\" content=\"720\" \/>\n\t<meta property=\"og:image:height\" content=\"399\" \/>\n\t<meta property=\"og:image:type\" content=\"image\/jpeg\" \/>\n<meta name=\"author\" content=\"luis Camacho\" \/>\n<meta name=\"twitter:card\" content=\"summary_large_image\" \/>\n<meta name=\"twitter:creator\" content=\"@eldiario_net\" \/>\n<meta name=\"twitter:site\" content=\"@eldiario_net\" \/>\n<meta name=\"twitter:label1\" content=\"Escrito por\" \/>\n\t<meta name=\"twitter:data1\" content=\"luis Camacho\" \/>\n\t<meta name=\"twitter:label2\" content=\"Tiempo de lectura\" \/>\n\t<meta name=\"twitter:data2\" content=\"2 minutos\" \/>\n<script type=\"application\/ld+json\" class=\"yoast-schema-graph\">{\"@context\":\"https:\\\/\\\/schema.org\",\"@graph\":[{\"@type\":\"Article\",\"@id\":\"https:\\\/\\\/www.eldiario.net\\\/portal\\\/2024\\\/09\\\/20\\\/fiscalia-investiga-uso-de-armas-y-agresiones-en-movilizaciones\\\/#article\",\"isPartOf\":{\"@id\":\"https:\\\/\\\/www.eldiario.net\\\/portal\\\/2024\\\/09\\\/20\\\/fiscalia-investiga-uso-de-armas-y-agresiones-en-movilizaciones\\\/\"},\"author\":{\"name\":\"luis Camacho\",\"@id\":\"https:\\\/\\\/www.eldiario.net\\\/portal\\\/#\\\/schema\\\/person\\\/cab1ae4db27e5f008a62cbffb05fbfee\"},\"headline\":\"Fiscal\u00eda investiga uso de armas y agresiones en movilizaciones\",\"datePublished\":\"2024-09-20T11:36:15+00:00\",\"mainEntityOfPage\":{\"@id\":\"https:\\\/\\\/www.eldiario.net\\\/portal\\\/2024\\\/09\\\/20\\\/fiscalia-investiga-uso-de-armas-y-agresiones-en-movilizaciones\\\/\"},\"wordCount\":416,\"commentCount\":0,\"publisher\":{\"@id\":\"https:\\\/\\\/www.eldiario.net\\\/portal\\\/#organization\"},\"image\":{\"@id\":\"https:\\\/\\\/www.eldiario.net\\\/portal\\\/2024\\\/09\\\/20\\\/fiscalia-investiga-uso-de-armas-y-agresiones-en-movilizaciones\\\/#primaryimage\"},\"thumbnailUrl\":\"https:\\\/\\\/www.eldiario.net\\\/portal\\\/wp-content\\\/uploads\\\/2024\\\/09\\\/20-INVEST.jpg\",\"articleSection\":[\"Sociedad - Seguridad\"],\"inLanguage\":\"es\",\"potentialAction\":[{\"@type\":\"CommentAction\",\"name\":\"Comment\",\"target\":[\"https:\\\/\\\/www.eldiario.net\\\/portal\\\/2024\\\/09\\\/20\\\/fiscalia-investiga-uso-de-armas-y-agresiones-en-movilizaciones\\\/#respond\"]}]},{\"@type\":\"WebPage\",\"@id\":\"https:\\\/\\\/www.eldiario.net\\\/portal\\\/2024\\\/09\\\/20\\\/fiscalia-investiga-uso-de-armas-y-agresiones-en-movilizaciones\\\/\",\"url\":\"https:\\\/\\\/www.eldiario.net\\\/portal\\\/2024\\\/09\\\/20\\\/fiscalia-investiga-uso-de-armas-y-agresiones-en-movilizaciones\\\/\",\"name\":\"Fiscal\u00eda investiga uso de armas y agresiones en movilizaciones - El Diario - Bolivia\",\"isPartOf\":{\"@id\":\"https:\\\/\\\/www.eldiario.net\\\/portal\\\/#website\"},\"primaryImageOfPage\":{\"@id\":\"https:\\\/\\\/www.eldiario.net\\\/portal\\\/2024\\\/09\\\/20\\\/fiscalia-investiga-uso-de-armas-y-agresiones-en-movilizaciones\\\/#primaryimage\"},\"image\":{\"@id\":\"https:\\\/\\\/www.eldiario.net\\\/portal\\\/2024\\\/09\\\/20\\\/fiscalia-investiga-uso-de-armas-y-agresiones-en-movilizaciones\\\/#primaryimage\"},\"thumbnailUrl\":\"https:\\\/\\\/www.eldiario.net\\\/portal\\\/wp-content\\\/uploads\\\/2024\\\/09\\\/20-INVEST.jpg\",\"datePublished\":\"2024-09-20T11:36:15+00:00\",\"breadcrumb\":{\"@id\":\"https:\\\/\\\/www.eldiario.net\\\/portal\\\/2024\\\/09\\\/20\\\/fiscalia-investiga-uso-de-armas-y-agresiones-en-movilizaciones\\\/#breadcrumb\"},\"inLanguage\":\"es\",\"potentialAction\":[{\"@type\":\"ReadAction\",\"target\":[\"https:\\\/\\\/www.eldiario.net\\\/portal\\\/2024\\\/09\\\/20\\\/fiscalia-investiga-uso-de-armas-y-agresiones-en-movilizaciones\\\/\"]}]},{\"@type\":\"ImageObject\",\"inLanguage\":\"es\",\"@id\":\"https:\\\/\\\/www.eldiario.net\\\/portal\\\/2024\\\/09\\\/20\\\/fiscalia-investiga-uso-de-armas-y-agresiones-en-movilizaciones\\\/#primaryimage\",\"url\":\"https:\\\/\\\/www.eldiario.net\\\/portal\\\/wp-content\\\/uploads\\\/2024\\\/09\\\/20-INVEST.jpg\",\"contentUrl\":\"https:\\\/\\\/www.eldiario.net\\\/portal\\\/wp-content\\\/uploads\\\/2024\\\/09\\\/20-INVEST.jpg\",\"width\":720,\"height\":399,\"caption\":\"El fiscal general, Fausto Juan Lanchipa. Foto: ABI\"},{\"@type\":\"BreadcrumbList\",\"@id\":\"https:\\\/\\\/www.eldiario.net\\\/portal\\\/2024\\\/09\\\/20\\\/fiscalia-investiga-uso-de-armas-y-agresiones-en-movilizaciones\\\/#breadcrumb\",\"itemListElement\":[{\"@type\":\"ListItem\",\"position\":1,\"name\":\"Portada\",\"item\":\"https:\\\/\\\/www.eldiario.net\\\/portal\\\/\"},{\"@type\":\"ListItem\",\"position\":2,\"name\":\"Fiscal\u00eda investiga uso de armas y agresiones en movilizaciones\"}]},{\"@type\":\"WebSite\",\"@id\":\"https:\\\/\\\/www.eldiario.net\\\/portal\\\/#website\",\"url\":\"https:\\\/\\\/www.eldiario.net\\\/portal\\\/\",\"name\":\"El Diario - Decano de la prensa nacional\",\"description\":\"El Diario - Decano de la prensa nacional\",\"publisher\":{\"@id\":\"https:\\\/\\\/www.eldiario.net\\\/portal\\\/#organization\"},\"potentialAction\":[{\"@type\":\"SearchAction\",\"target\":{\"@type\":\"EntryPoint\",\"urlTemplate\":\"https:\\\/\\\/www.eldiario.net\\\/portal\\\/?s={search_term_string}\"},\"query-input\":{\"@type\":\"PropertyValueSpecification\",\"valueRequired\":true,\"valueName\":\"search_term_string\"}}],\"inLanguage\":\"es\"},{\"@type\":\"Organization\",\"@id\":\"https:\\\/\\\/www.eldiario.net\\\/portal\\\/#organization\",\"name\":\"El Diario - Decano de la prensa nacional\",\"url\":\"https:\\\/\\\/www.eldiario.net\\\/portal\\\/\",\"logo\":{\"@type\":\"ImageObject\",\"inLanguage\":\"es\",\"@id\":\"https:\\\/\\\/www.eldiario.net\\\/portal\\\/#\\\/schema\\\/logo\\\/image\\\/\",\"url\":\"https:\\\/\\\/www.eldiario.net\\\/portal\\\/wp-content\\\/uploads\\\/2023\\\/07\\\/logo_ED.jpg\",\"contentUrl\":\"https:\\\/\\\/www.eldiario.net\\\/portal\\\/wp-content\\\/uploads\\\/2023\\\/07\\\/logo_ED.jpg\",\"width\":272,\"height\":52,\"caption\":\"El Diario - Decano de la prensa nacional\"},\"image\":{\"@id\":\"https:\\\/\\\/www.eldiario.net\\\/portal\\\/#\\\/schema\\\/logo\\\/image\\\/\"},\"sameAs\":[\"https:\\\/\\\/www.facebook.com\\\/eldiario.bolivia\\\/\",\"https:\\\/\\\/x.com\\\/eldiario_net\"]},{\"@type\":\"Person\",\"@id\":\"https:\\\/\\\/www.eldiario.net\\\/portal\\\/#\\\/schema\\\/person\\\/cab1ae4db27e5f008a62cbffb05fbfee\",\"name\":\"luis Camacho\",\"image\":{\"@type\":\"ImageObject\",\"inLanguage\":\"es\",\"@id\":\"https:\\\/\\\/secure.gravatar.com\\\/avatar\\\/69ecb836b3826d5a2501bf06ab2a2f2c8ab211cc846758f395df21684cb38313?s=96&d=mm&r=g\",\"url\":\"https:\\\/\\\/secure.gravatar.com\\\/avatar\\\/69ecb836b3826d5a2501bf06ab2a2f2c8ab211cc846758f395df21684cb38313?s=96&d=mm&r=g\",\"contentUrl\":\"https:\\\/\\\/secure.gravatar.com\\\/avatar\\\/69ecb836b3826d5a2501bf06ab2a2f2c8ab211cc846758f395df21684cb38313?s=96&d=mm&r=g\",\"caption\":\"luis Camacho\"},\"url\":\"https:\\\/\\\/www.eldiario.net\\\/portal\\\/author\\\/luis\\\/\"}]}<\/script>\n<!-- \/ Yoast SEO plugin. -->","yoast_head_json":{"title":"Fiscal\u00eda investiga uso de armas y agresiones en movilizaciones - El Diario - Bolivia","robots":{"index":"index","follow":"follow","max-snippet":"max-snippet:-1","max-image-preview":"max-image-preview:large","max-video-preview":"max-video-preview:-1"},"canonical":"https:\/\/www.eldiario.net\/portal\/2024\/09\/20\/fiscalia-investiga-uso-de-armas-y-agresiones-en-movilizaciones\/","og_locale":"es_ES","og_type":"article","og_title":"Fiscal\u00eda investiga uso de armas y agresiones en movilizaciones - El Diario - Bolivia","og_description":"La Fiscal\u00eda General del Estado inici\u00f3 ayer una investigaci\u00f3n sobre el presunto uso de armas de fuego y agresiones registradas en dos puntos del bloqueo impulsado por sectores afines al expresidente, Evo Morales, inform\u00f3 el titular del Ministerio P\u00fablico, Fausto Juan Lanchipa. La autoridad afirm\u00f3 que la investigaci\u00f3n se centrar\u00e1 en garantizar la seguridad y [&hellip;]","og_url":"https:\/\/www.eldiario.net\/portal\/2024\/09\/20\/fiscalia-investiga-uso-de-armas-y-agresiones-en-movilizaciones\/","og_site_name":"El Diario - Bolivia","article_publisher":"https:\/\/www.facebook.com\/eldiario.bolivia\/","article_published_time":"2024-09-20T11:36:15+00:00","og_image":[{"width":720,"height":399,"url":"https:\/\/www.eldiario.net\/portal\/wp-content\/uploads\/2024\/09\/20-INVEST.jpg","type":"image\/jpeg"}],"author":"luis Camacho","twitter_card":"summary_large_image","twitter_creator":"@eldiario_net","twitter_site":"@eldiario_net","twitter_misc":{"Escrito por":"luis Camacho","Tiempo de lectura":"2 minutos"},"schema":{"@context":"https:\/\/schema.org","@graph":[{"@type":"Article","@id":"https:\/\/www.eldiario.net\/portal\/2024\/09\/20\/fiscalia-investiga-uso-de-armas-y-agresiones-en-movilizaciones\/#article","isPartOf":{"@id":"https:\/\/www.eldiario.net\/portal\/2024\/09\/20\/fiscalia-investiga-uso-de-armas-y-agresiones-en-movilizaciones\/"},"author":{"name":"luis Camacho","@id":"https:\/\/www.eldiario.net\/portal\/#\/schema\/person\/cab1ae4db27e5f008a62cbffb05fbfee"},"headline":"Fiscal\u00eda investiga uso de armas y agresiones en movilizaciones","datePublished":"2024-09-20T11:36:15+00:00","mainEntityOfPage":{"@id":"https:\/\/www.eldiario.net\/portal\/2024\/09\/20\/fiscalia-investiga-uso-de-armas-y-agresiones-en-movilizaciones\/"},"wordCount":416,"commentCount":0,"publisher":{"@id":"https:\/\/www.eldiario.net\/portal\/#organization"},"image":{"@id":"https:\/\/www.eldiario.net\/portal\/2024\/09\/20\/fiscalia-investiga-uso-de-armas-y-agresiones-en-movilizaciones\/#primaryimage"},"thumbnailUrl":"https:\/\/www.eldiario.net\/portal\/wp-content\/uploads\/2024\/09\/20-INVEST.jpg","articleSection":["Sociedad - Seguridad"],"inLanguage":"es","potentialAction":[{"@type":"CommentAction","name":"Comment","target":["https:\/\/www.eldiario.net\/portal\/2024\/09\/20\/fiscalia-investiga-uso-de-armas-y-agresiones-en-movilizaciones\/#respond"]}]},{"@type":"WebPage","@id":"https:\/\/www.eldiario.net\/portal\/2024\/09\/20\/fiscalia-investiga-uso-de-armas-y-agresiones-en-movilizaciones\/","url":"https:\/\/www.eldiario.net\/portal\/2024\/09\/20\/fiscalia-investiga-uso-de-armas-y-agresiones-en-movilizaciones\/","name":"Fiscal\u00eda investiga uso de armas y agresiones en movilizaciones - El Diario - Bolivia","isPartOf":{"@id":"https:\/\/www.eldiario.net\/portal\/#website"},"primaryImageOfPage":{"@id":"https:\/\/www.eldiario.net\/portal\/2024\/09\/20\/fiscalia-investiga-uso-de-armas-y-agresiones-en-movilizaciones\/#primaryimage"},"image":{"@id":"https:\/\/www.eldiario.net\/portal\/2024\/09\/20\/fiscalia-investiga-uso-de-armas-y-agresiones-en-movilizaciones\/#primaryimage"},"thumbnailUrl":"https:\/\/www.eldiario.net\/portal\/wp-content\/uploads\/2024\/09\/20-INVEST.jpg","datePublished":"2024-09-20T11:36:15+00:00","breadcrumb":{"@id":"https:\/\/www.eldiario.net\/portal\/2024\/09\/20\/fiscalia-investiga-uso-de-armas-y-agresiones-en-movilizaciones\/#breadcrumb"},"inLanguage":"es","potentialAction":[{"@type":"ReadAction","target":["https:\/\/www.eldiario.net\/portal\/2024\/09\/20\/fiscalia-investiga-uso-de-armas-y-agresiones-en-movilizaciones\/"]}]},{"@type":"ImageObject","inLanguage":"es","@id":"https:\/\/www.eldiario.net\/portal\/2024\/09\/20\/fiscalia-investiga-uso-de-armas-y-agresiones-en-movilizaciones\/#primaryimage","url":"https:\/\/www.eldiario.net\/portal\/wp-content\/uploads\/2024\/09\/20-INVEST.jpg","contentUrl":"https:\/\/www.eldiario.net\/portal\/wp-content\/uploads\/2024\/09\/20-INVEST.jpg","width":720,"height":399,"caption":"El fiscal general, Fausto Juan Lanchipa. Foto: ABI"},{"@type":"BreadcrumbList","@id":"https:\/\/www.eldiario.net\/portal\/2024\/09\/20\/fiscalia-investiga-uso-de-armas-y-agresiones-en-movilizaciones\/#breadcrumb","itemListElement":[{"@type":"ListItem","position":1,"name":"Portada","item":"https:\/\/www.eldiario.net\/portal\/"},{"@type":"ListItem","position":2,"name":"Fiscal\u00eda investiga uso de armas y agresiones en movilizaciones"}]},{"@type":"WebSite","@id":"https:\/\/www.eldiario.net\/portal\/#website","url":"https:\/\/www.eldiario.net\/portal\/","name":"El Diario - Decano de la prensa nacional","description":"El Diario - Decano de la prensa nacional","publisher":{"@id":"https:\/\/www.eldiario.net\/portal\/#organization"},"potentialAction":[{"@type":"SearchAction","target":{"@type":"EntryPoint","urlTemplate":"https:\/\/www.eldiario.net\/portal\/?s={search_term_string}"},"query-input":{"@type":"PropertyValueSpecification","valueRequired":true,"valueName":"search_term_string"}}],"inLanguage":"es"},{"@type":"Organization","@id":"https:\/\/www.eldiario.net\/portal\/#organization","name":"El Diario - Decano de la prensa nacional","url":"https:\/\/www.eldiario.net\/portal\/","logo":{"@type":"ImageObject","inLanguage":"es","@id":"https:\/\/www.eldiario.net\/portal\/#\/schema\/logo\/image\/","url":"https:\/\/www.eldiario.net\/portal\/wp-content\/uploads\/2023\/07\/logo_ED.jpg","contentUrl":"https:\/\/www.eldiario.net\/portal\/wp-content\/uploads\/2023\/07\/logo_ED.jpg","width":272,"height":52,"caption":"El Diario - Decano de la prensa nacional"},"image":{"@id":"https:\/\/www.eldiario.net\/portal\/#\/schema\/logo\/image\/"},"sameAs":["https:\/\/www.facebook.com\/eldiario.bolivia\/","https:\/\/x.com\/eldiario_net"]},{"@type":"Person","@id":"https:\/\/www.eldiario.net\/portal\/#\/schema\/person\/cab1ae4db27e5f008a62cbffb05fbfee","name":"luis Camacho","image":{"@type":"ImageObject","inLanguage":"es","@id":"https:\/\/secure.gravatar.com\/avatar\/69ecb836b3826d5a2501bf06ab2a2f2c8ab211cc846758f395df21684cb38313?s=96&d=mm&r=g","url":"https:\/\/secure.gravatar.com\/avatar\/69ecb836b3826d5a2501bf06ab2a2f2c8ab211cc846758f395df21684cb38313?s=96&d=mm&r=g","contentUrl":"https:\/\/secure.gravatar.com\/avatar\/69ecb836b3826d5a2501bf06ab2a2f2c8ab211cc846758f395df21684cb38313?s=96&d=mm&r=g","caption":"luis Camacho"},"url":"https:\/\/www.eldiario.net\/portal\/author\/luis\/"}]}},"_links":{"self":[{"href":"https:\/\/www.eldiario.net\/portal\/wp-json\/wp\/v2\/posts\/248771","targetHints":{"allow":["GET"]}}],"collection":[{"href":"https:\/\/www.eldiario.net\/portal\/wp-json\/wp\/v2\/posts"}],"about":[{"href":"https:\/\/www.eldiario.net\/portal\/wp-json\/wp\/v2\/types\/post"}],"author":[{"embeddable":true,"href":"https:\/\/www.eldiario.net\/portal\/wp-json\/wp\/v2\/users\/2"}],"replies":[{"embeddable":true,"href":"https:\/\/www.eldiario.net\/portal\/wp-json\/wp\/v2\/comments?post=248771"}],"version-history":[{"count":1,"href":"https:\/\/www.eldiario.net\/portal\/wp-json\/wp\/v2\/posts\/248771\/revisions"}],"predecessor-version":[{"id":248773,"href":"https:\/\/www.eldiario.net\/portal\/wp-json\/wp\/v2\/posts\/248771\/revisions\/248773"}],"wp:featuredmedia":[{"embeddable":true,"href":"https:\/\/www.eldiario.net\/portal\/wp-json\/wp\/v2\/media\/248772"}],"wp:attachment":[{"href":"https:\/\/www.eldiario.net\/portal\/wp-json\/wp\/v2\/media?parent=248771"}],"wp:term":[{"taxonomy":"category","embeddable":true,"href":"https:\/\/www.eldiario.net\/portal\/wp-json\/wp\/v2\/categories?post=248771"},{"taxonomy":"post_tag","embeddable":true,"href":"https:\/\/www.eldiario.net\/portal\/wp-json\/wp\/v2\/tags?post=248771"}],"curies":[{"name":"wp","href":"https:\/\/api.w.org\/{rel}","templated":true}]}}