{"id":248765,"date":"2024-09-20T06:15:52","date_gmt":"2024-09-20T10:15:52","guid":{"rendered":"https:\/\/www.eldiario.net\/portal\/?p=248765"},"modified":"2024-09-20T06:15:52","modified_gmt":"2024-09-20T10:15:52","slug":"paraiso-de-teatro-del-astillero-en-la-paz","status":"publish","type":"post","link":"https:\/\/www.eldiario.net\/portal\/2024\/09\/20\/paraiso-de-teatro-del-astillero-en-la-paz\/","title":{"rendered":"\u201cPara\u00edso\u201d de Teatro  del Astillero en La Paz"},"content":{"rendered":"<p>Teatro del Astillero trae a Bolivia \u201cPara\u00edso\u201d, un montaje dirigido por Luis Miguel Gonz\u00e1lez Cruz, con la autor\u00eda de Inmaculada Alvear e interpretado por Chema Ruiz.<\/p>\n<p>La obra ya fue presentada en Santa Cruz de la Sierra y ahora ser\u00e1 vista en las ciudades de Cochabamba y La Paz.<\/p>\n<p>Gonz\u00e1lez Cruz es el autor de obras ya vistas en Bolivia, como \u201c30 grados de fr\u00edo\u201d, \u201cDe putas\u201d, \u201cEl himnovador\u201d y \u201cWajtacha\u201d.<\/p>\n<p>Teatro del Astillero, trav\u00e9s de este montaje, sigue la pauta de fomentar y desarrollar la dramaturgia contempor\u00e1nea y darla a conocer internacionalmente, seg\u00fan menciona la nota de prensa proporcionada por la productora y gestora cultural Iris Mirabal.<\/p>\n<p><strong>SOBRE LA OBRA<\/strong><\/p>\n<p>A un ejecutivo de una corporaci\u00f3n poderosa, Juan, le realizan un trasplante de coraz\u00f3n. Ah\u00ed comienza la transformaci\u00f3n de este hombre que empieza a sentir como el propietario del coraz\u00f3n, en este caso una prostituta dominicana. Juan comienza a tener casi vida propia, haciendo que el ejecutivo comience a sentir, a pensar, a desear y comportarse como su due\u00f1a. Esta contradicci\u00f3n parece al principio muy sabrosa, pues el ejecutivo cree ser due\u00f1o de todo este cambio y disfruta de esa nueva vida, donde parece que se siente c\u00f3modo; sin embargo, esta comodidad le lleva a cometer un error y cuando se produce el quiebre, todo se viene abajo y el coraz\u00f3n y la prostituta comienzan a emerger con todo su poder hasta hacerse due\u00f1os del cuerpo y de la mente de Juan.<\/p>\n<p>Para su autora, Inmaculada Alvear, esto es lo que quiere indagar en Para\u00edso: \u201c\u00bfQu\u00e9 suceder\u00eda si a un hombre poderoso le ponen el coraz\u00f3n de una persona que est\u00e1 en las ant\u00edpodas de gustos, educaci\u00f3n, manera de pensar, situaci\u00f3n social, g\u00e9nero, etc\u2026? \u00bfLe cambiar\u00eda la vida?, \u00bfQu\u00e9 crees que pasar\u00e1?\u201d<\/p>\n<p>Las 40.000 neuronas del coraz\u00f3n tienen memoria, aprenden, perciben y recuerdan. Si el coraz\u00f3n recuerda, \u00bfcu\u00e1les son los recuerdos que tendr\u00e1s si te trasplantan el coraz\u00f3n?<\/p>\n<p>\u00bfSi te ponen otro coraz\u00f3n, crees que ser\u00edas la misma persona? \u00bfO cambiar\u00edas?<\/p>\n<p>Entonces, \u00bfQu\u00e9 suceder\u00eda si a un hombre poderoso le ponen el coraz\u00f3n de una persona que est\u00e1 en sus ant\u00edpodas? \u00bfLe cambiar\u00eda la vida?<\/p>\n<p>\u201cDicen que el coraz\u00f3n es algo m\u00e1s que un \u00f3rgano que bombea sangre. Se nos rompe el coraz\u00f3n, cuando nos abandona un enamorado o tenemos \u201cel coraz\u00f3n en un pu\u00f1o\u201d cuando estamos preocupados o decimos \u201cte lo digo de coraz\u00f3n\u201d cuando queremos hacer ver que es verdad lo que contamos\u201d, expresa en este inquietante texto sobre la identidad la autora Inmaculada Alvear.<\/p>\n<p><strong>TEATRO DEL ASTILLERO<\/strong><\/p>\n<p>Teatro del Astillero es un colectivo de dramaturgos que surgi\u00f3 en 1995, atendiendo la necesidad en aquel momento de potenciar la figura del dramaturgo en un contexto europeo donde la escritura dram\u00e1tica hab\u00eda cobrado mucha fuerza, riqueza y potencialidad. Por este colectivo han pasado las escrituras del Acad\u00e9mico Juan Mayorga y figuras reconocidas del panorama teatral espa\u00f1ol, como Jos\u00e9 Ram\u00f3n Fern\u00e1ndez, Guillermo Heras, Ra\u00fal Hern\u00e1ndez Garrido o \u00c1ngel Solo. Actualmente, lo conforman Luis Miguel Gonz\u00e1lez Cruz, Daniel Martos e Inmaculada Alvear.<\/p>\n<p>Entre todos ellos suman un gran n\u00famero de premios que hace que la metodolog\u00eda de trabajo seguida por este grupo sea reconocida en el panorama teatral espa\u00f1ol. Es gracias a su riqueza est\u00e9tica, tem\u00e1tica, estructural y de g\u00e9neros desde donde se hicieron un hueco r\u00e1pidamente como escritores consolidados y referentes de una generaci\u00f3n. Adem\u00e1s, la idiosincrasia de este grupo radica en su versatilidad, pues a poco de su formaci\u00f3n se comenz\u00f3 a producir los textos surgidos de su trabajo en com\u00fan, as\u00ed como el montaje de dramaturgos en boga europeos. Cuenta con m\u00e1s de 50 espect\u00e1culos que ha producido o coproducido con otras compa\u00f1\u00edas del territorio peninsular. Ha puesto en marcha la creaci\u00f3n de una editorial que, actualmente, atesora grandes t\u00edtulos, con varias colecciones diferentes en su haber que sigue creciendo cada a\u00f1o.<\/p>\n<p>Todas estas actividades hacen de este colectivo, incluidos los festivales de Lecturas dramatizadas que se realizan anualmente, que sea un grupo inusual que siempre ha estado difundiendo la dramaturgia actual no solo espa\u00f1ola sino mundial a todos los niveles y eso ha significado un enriquecimiento para el teatro espa\u00f1ol.<\/p>\n<p><strong>PRESENTACIONES EN BOLIVIA<\/strong><\/p>\n<p>La gira en Bolivia comenz\u00f3 en Santa Cruz el jueves 12 y viernes 13 de septiembre, con presentaciones en la Escuela Nacional de Teatro y en el Teatro\/Auditorio del CFCE-AECID.<\/p>\n<p>En Cochabamba las funciones ser\u00e1n hoy y ma\u00f1ana, s\u00e1bado 21, a las 19:30 horas, en el Proyecto mARTadero (C. 27 de agosto esquina Ollantay). Informes 75923950.<\/p>\n<p>Y, finalmente, en La Paz, Teatro del Astillero llevar\u00e1 a escena \u201cPara\u00edso\u201d el s\u00e1bado 28 y domingo 29 de septiembre, a horas 17:00, en El Bunker \u2013 Casa de creaci\u00f3n (Av. Uruguay #491). Informes 64070878.<\/p>\n\r\n                <style type=\"text\/css\">\r\n                    \r\n                    #tdi_1  .td-doubleSlider-2 .td-item1 {\r\n                        background: url(https:\/\/www.eldiario.net\/portal\/wp-content\/uploads\/2024\/09\/1PRINCIPAL-80x60.jpeg) 0 0 no-repeat;\r\n                    }\r\n                    #tdi_1  .td-doubleSlider-2 .td-item2 {\r\n                        background: url(https:\/\/www.eldiario.net\/portal\/wp-content\/uploads\/2024\/09\/2-1-80x60.jpeg) 0 0 no-repeat;\r\n                    }\r\n                    #tdi_1  .td-doubleSlider-2 .td-item3 {\r\n                        background: url(https:\/\/www.eldiario.net\/portal\/wp-content\/uploads\/2024\/09\/3-1-80x60.jpeg) 0 0 no-repeat;\r\n                    }\r\n                    #tdi_1  .td-doubleSlider-2 .td-item4 {\r\n                        background: url(https:\/\/www.eldiario.net\/portal\/wp-content\/uploads\/2024\/09\/4-1-80x60.jpeg) 0 0 no-repeat;\r\n                    }\r\n                <\/style>\r\n\r\n                <div id=\"tdi_1\" class=\"td-gallery td-slide-on-2-columns\">\r\n                    <div class=\"post_td_gallery\">\r\n                        <div class=\"td-gallery-slide-top\">\r\n                           <div class=\"td-gallery-title\"><\/div>\r\n\r\n                            <div class=\"td-gallery-controls-wrapper\">\r\n                                <div class=\"td-gallery-slide-count\"><span class=\"td-gallery-slide-item-focus\">1<\/span> de 4<\/div>\r\n                                <div class=\"td-gallery-slide-prev-next-but\">\r\n                                    <i class = \"td-icon-left doubleSliderPrevButton\"><\/i>\r\n                                    <i class = \"td-icon-right doubleSliderNextButton\"><\/i>\r\n                                <\/div>\r\n                            <\/div>\r\n                        <\/div>\r\n\r\n                        <div class = \"td-doubleSlider-1 \">\r\n                            <div class = \"td-slider\">\r\n                                \r\n                    <div class = \"td-slide-item td-item1\">\r\n                        <figure class=\"td-slide-galery-figure td-slide-popup-gallery\">\r\n                            <a class=\"slide-gallery-image-link\" href=\"https:\/\/www.eldiario.net\/portal\/wp-content\/uploads\/2024\/09\/1PRINCIPAL.jpeg\" title=\"1PRINCIPAL\"  data-caption=\"\"  data-description=\"\">\r\n                                <img decoding=\"async\" src=\"https:\/\/www.eldiario.net\/portal\/wp-content\/uploads\/2024\/09\/1PRINCIPAL-630x420.jpeg\" srcset=\"https:\/\/www.eldiario.net\/portal\/wp-content\/uploads\/2024\/09\/1PRINCIPAL-630x420.jpeg 630w, https:\/\/www.eldiario.net\/portal\/wp-content\/uploads\/2024\/09\/1PRINCIPAL-300x200.jpeg 300w, https:\/\/www.eldiario.net\/portal\/wp-content\/uploads\/2024\/09\/1PRINCIPAL-1024x682.jpeg 1024w, https:\/\/www.eldiario.net\/portal\/wp-content\/uploads\/2024\/09\/1PRINCIPAL-768x512.jpeg 768w, https:\/\/www.eldiario.net\/portal\/wp-content\/uploads\/2024\/09\/1PRINCIPAL-1536x1023.jpeg 1536w, https:\/\/www.eldiario.net\/portal\/wp-content\/uploads\/2024\/09\/1PRINCIPAL-696x464.jpeg 696w, https:\/\/www.eldiario.net\/portal\/wp-content\/uploads\/2024\/09\/1PRINCIPAL-1068x712.jpeg 1068w, https:\/\/www.eldiario.net\/portal\/wp-content\/uploads\/2024\/09\/1PRINCIPAL.jpeg 1600w\" sizes=\"(max-width: 630px) 100vw, 630px\" alt=\"\">\r\n                            <\/a>\r\n                            \r\n                        <\/figure>\r\n                    <\/div>\r\n                    <div class = \"td-slide-item td-item2\">\r\n                        <figure class=\"td-slide-galery-figure td-slide-popup-gallery\">\r\n                            <a class=\"slide-gallery-image-link\" href=\"https:\/\/www.eldiario.net\/portal\/wp-content\/uploads\/2024\/09\/2-1.jpeg\" title=\"2\"  data-caption=\"\"  data-description=\"\">\r\n                                <img decoding=\"async\" src=\"https:\/\/www.eldiario.net\/portal\/wp-content\/uploads\/2024\/09\/2-1-658x420.jpeg\" srcset=\"https:\/\/www.eldiario.net\/portal\/wp-content\/uploads\/2024\/09\/2-1-658x420.jpeg 658w, https:\/\/www.eldiario.net\/portal\/wp-content\/uploads\/2024\/09\/2-1-300x192.jpeg 300w, https:\/\/www.eldiario.net\/portal\/wp-content\/uploads\/2024\/09\/2-1-1024x654.jpeg 1024w, https:\/\/www.eldiario.net\/portal\/wp-content\/uploads\/2024\/09\/2-1-768x491.jpeg 768w, https:\/\/www.eldiario.net\/portal\/wp-content\/uploads\/2024\/09\/2-1-1536x981.jpeg 1536w, https:\/\/www.eldiario.net\/portal\/wp-content\/uploads\/2024\/09\/2-1-696x445.jpeg 696w, https:\/\/www.eldiario.net\/portal\/wp-content\/uploads\/2024\/09\/2-1-1068x682.jpeg 1068w, https:\/\/www.eldiario.net\/portal\/wp-content\/uploads\/2024\/09\/2-1.jpeg 1600w\" sizes=\"(max-width: 658px) 100vw, 658px\" alt=\"\">\r\n                            <\/a>\r\n                            \r\n                        <\/figure>\r\n                    <\/div>\r\n                    <div class = \"td-slide-item td-item3\">\r\n                        <figure class=\"td-slide-galery-figure td-slide-popup-gallery\">\r\n                            <a class=\"slide-gallery-image-link\" href=\"https:\/\/www.eldiario.net\/portal\/wp-content\/uploads\/2024\/09\/3-1.jpeg\" title=\"3\"  data-caption=\"\"  data-description=\"\">\r\n                                <img decoding=\"async\" src=\"https:\/\/www.eldiario.net\/portal\/wp-content\/uploads\/2024\/09\/3-1-630x420.jpeg\" srcset=\"https:\/\/www.eldiario.net\/portal\/wp-content\/uploads\/2024\/09\/3-1-630x420.jpeg 630w, https:\/\/www.eldiario.net\/portal\/wp-content\/uploads\/2024\/09\/3-1-300x200.jpeg 300w, https:\/\/www.eldiario.net\/portal\/wp-content\/uploads\/2024\/09\/3-1-1024x682.jpeg 1024w, https:\/\/www.eldiario.net\/portal\/wp-content\/uploads\/2024\/09\/3-1-768x512.jpeg 768w, https:\/\/www.eldiario.net\/portal\/wp-content\/uploads\/2024\/09\/3-1-1536x1023.jpeg 1536w, https:\/\/www.eldiario.net\/portal\/wp-content\/uploads\/2024\/09\/3-1-696x464.jpeg 696w, https:\/\/www.eldiario.net\/portal\/wp-content\/uploads\/2024\/09\/3-1-1068x712.jpeg 1068w, https:\/\/www.eldiario.net\/portal\/wp-content\/uploads\/2024\/09\/3-1.jpeg 1600w\" sizes=\"(max-width: 630px) 100vw, 630px\" alt=\"\">\r\n                            <\/a>\r\n                            \r\n                        <\/figure>\r\n                    <\/div>\r\n                    <div class = \"td-slide-item td-item4\">\r\n                        <figure class=\"td-slide-galery-figure td-slide-popup-gallery\">\r\n                            <a class=\"slide-gallery-image-link\" href=\"https:\/\/www.eldiario.net\/portal\/wp-content\/uploads\/2024\/09\/4-1.jpeg\" title=\"4\"  data-caption=\"\"  data-description=\"\">\r\n                                <img decoding=\"async\" src=\"https:\/\/www.eldiario.net\/portal\/wp-content\/uploads\/2024\/09\/4-1-630x420.jpeg\" srcset=\"https:\/\/www.eldiario.net\/portal\/wp-content\/uploads\/2024\/09\/4-1-630x420.jpeg 630w, https:\/\/www.eldiario.net\/portal\/wp-content\/uploads\/2024\/09\/4-1-300x200.jpeg 300w, https:\/\/www.eldiario.net\/portal\/wp-content\/uploads\/2024\/09\/4-1-1024x682.jpeg 1024w, https:\/\/www.eldiario.net\/portal\/wp-content\/uploads\/2024\/09\/4-1-768x512.jpeg 768w, https:\/\/www.eldiario.net\/portal\/wp-content\/uploads\/2024\/09\/4-1-1536x1023.jpeg 1536w, https:\/\/www.eldiario.net\/portal\/wp-content\/uploads\/2024\/09\/4-1-696x464.jpeg 696w, https:\/\/www.eldiario.net\/portal\/wp-content\/uploads\/2024\/09\/4-1-1068x712.jpeg 1068w, https:\/\/www.eldiario.net\/portal\/wp-content\/uploads\/2024\/09\/4-1.jpeg 1600w\" sizes=\"(max-width: 630px) 100vw, 630px\" alt=\"\">\r\n                            <\/a>\r\n                            \r\n                        <\/figure>\r\n                    <\/div>\r\n                            <\/div>\r\n                        <\/div>\r\n\r\n                        <div class = \"td-doubleSlider-2\">\r\n                            <div class = \"td-slider\">\r\n                                \r\n                    <div class = \"td-button td-item1\">\r\n                        <div class = \"td-border\"><\/div>\r\n                    <\/div>\r\n                    <div class = \"td-button td-item2\">\r\n                        <div class = \"td-border\"><\/div>\r\n                    <\/div>\r\n                    <div class = \"td-button td-item3\">\r\n                        <div class = \"td-border\"><\/div>\r\n                    <\/div>\r\n                    <div class = \"td-button td-item4\">\r\n                        <div class = \"td-border\"><\/div>\r\n                    <\/div>\r\n                            <\/div>\r\n                        <\/div>\r\n\r\n                    <\/div>\r\n\r\n                <\/div>\r\n                \n","protected":false},"excerpt":{"rendered":"<p>Teatro del Astillero trae a Bolivia \u201cPara\u00edso\u201d, un montaje dirigido por Luis Miguel Gonz\u00e1lez Cruz, con la autor\u00eda de Inmaculada Alvear e interpretado por Chema Ruiz. La obra ya fue presentada en Santa Cruz de la Sierra y ahora ser\u00e1 vista en las ciudades de Cochabamba y La Paz. Gonz\u00e1lez Cruz es el autor de [&hellip;]<\/p>\n","protected":false},"author":1,"featured_media":248766,"comment_status":"open","ping_status":"open","sticky":false,"template":"","format":"standard","meta":{"_acf_changed":false,"footnotes":""},"categories":[41],"tags":[],"class_list":["post-248765","post","type-post","status-publish","format-standard","has-post-thumbnail","category-la-guia"],"acf":{"antetitulo":""},"yoast_head":"<!-- This site is optimized with the Yoast SEO plugin v28.4 - https:\/\/yoast.com\/product\/yoast-seo-wordpress\/ -->\n<title>\u201cPara\u00edso\u201d de Teatro del Astillero en La Paz - El Diario - Bolivia<\/title>\n<meta name=\"robots\" content=\"index, follow, max-snippet:-1, max-image-preview:large, max-video-preview:-1\" \/>\n<link rel=\"canonical\" href=\"https:\/\/www.eldiario.net\/portal\/2024\/09\/20\/paraiso-de-teatro-del-astillero-en-la-paz\/\" \/>\n<meta property=\"og:locale\" content=\"es_ES\" \/>\n<meta property=\"og:type\" content=\"article\" \/>\n<meta property=\"og:title\" content=\"\u201cPara\u00edso\u201d de Teatro del Astillero en La Paz - El Diario - Bolivia\" \/>\n<meta property=\"og:description\" content=\"Teatro del Astillero trae a Bolivia \u201cPara\u00edso\u201d, un montaje dirigido por Luis Miguel Gonz\u00e1lez Cruz, con la autor\u00eda de Inmaculada Alvear e interpretado por Chema Ruiz. La obra ya fue presentada en Santa Cruz de la Sierra y ahora ser\u00e1 vista en las ciudades de Cochabamba y La Paz. Gonz\u00e1lez Cruz es el autor de [&hellip;]\" \/>\n<meta property=\"og:url\" content=\"https:\/\/www.eldiario.net\/portal\/2024\/09\/20\/paraiso-de-teatro-del-astillero-en-la-paz\/\" \/>\n<meta property=\"og:site_name\" content=\"El Diario - Bolivia\" \/>\n<meta property=\"article:publisher\" content=\"https:\/\/www.facebook.com\/eldiario.bolivia\/\" \/>\n<meta property=\"article:published_time\" content=\"2024-09-20T10:15:52+00:00\" \/>\n<meta property=\"og:image\" content=\"https:\/\/www.eldiario.net\/portal\/wp-content\/uploads\/2024\/09\/1PRINCIPAL.jpeg\" \/>\n\t<meta property=\"og:image:width\" content=\"1600\" \/>\n\t<meta property=\"og:image:height\" content=\"1066\" \/>\n\t<meta property=\"og:image:type\" content=\"image\/jpeg\" \/>\n<meta name=\"author\" content=\"Jeanette\" \/>\n<meta name=\"twitter:card\" content=\"summary_large_image\" \/>\n<meta name=\"twitter:creator\" content=\"@eldiario_net\" \/>\n<meta name=\"twitter:site\" content=\"@eldiario_net\" \/>\n<meta name=\"twitter:label1\" content=\"Escrito por\" \/>\n\t<meta name=\"twitter:data1\" content=\"Jeanette\" \/>\n\t<meta name=\"twitter:label2\" content=\"Tiempo de lectura\" \/>\n\t<meta name=\"twitter:data2\" content=\"4 minutos\" \/>\n<script type=\"application\/ld+json\" class=\"yoast-schema-graph\">{\"@context\":\"https:\\\/\\\/schema.org\",\"@graph\":[{\"@type\":\"Article\",\"@id\":\"https:\\\/\\\/www.eldiario.net\\\/portal\\\/2024\\\/09\\\/20\\\/paraiso-de-teatro-del-astillero-en-la-paz\\\/#article\",\"isPartOf\":{\"@id\":\"https:\\\/\\\/www.eldiario.net\\\/portal\\\/2024\\\/09\\\/20\\\/paraiso-de-teatro-del-astillero-en-la-paz\\\/\"},\"author\":{\"name\":\"Jeanette\",\"@id\":\"https:\\\/\\\/www.eldiario.net\\\/portal\\\/#\\\/schema\\\/person\\\/f46445640444750d7d753ccd04ae01b7\"},\"headline\":\"\u201cPara\u00edso\u201d de Teatro del Astillero en La Paz\",\"datePublished\":\"2024-09-20T10:15:52+00:00\",\"mainEntityOfPage\":{\"@id\":\"https:\\\/\\\/www.eldiario.net\\\/portal\\\/2024\\\/09\\\/20\\\/paraiso-de-teatro-del-astillero-en-la-paz\\\/\"},\"wordCount\":859,\"commentCount\":0,\"publisher\":{\"@id\":\"https:\\\/\\\/www.eldiario.net\\\/portal\\\/#organization\"},\"image\":{\"@id\":\"https:\\\/\\\/www.eldiario.net\\\/portal\\\/2024\\\/09\\\/20\\\/paraiso-de-teatro-del-astillero-en-la-paz\\\/#primaryimage\"},\"thumbnailUrl\":\"https:\\\/\\\/www.eldiario.net\\\/portal\\\/wp-content\\\/uploads\\\/2024\\\/09\\\/1PRINCIPAL.jpeg\",\"articleSection\":[\"La Gu\u00eda\"],\"inLanguage\":\"es\",\"potentialAction\":[{\"@type\":\"CommentAction\",\"name\":\"Comment\",\"target\":[\"https:\\\/\\\/www.eldiario.net\\\/portal\\\/2024\\\/09\\\/20\\\/paraiso-de-teatro-del-astillero-en-la-paz\\\/#respond\"]}]},{\"@type\":\"WebPage\",\"@id\":\"https:\\\/\\\/www.eldiario.net\\\/portal\\\/2024\\\/09\\\/20\\\/paraiso-de-teatro-del-astillero-en-la-paz\\\/\",\"url\":\"https:\\\/\\\/www.eldiario.net\\\/portal\\\/2024\\\/09\\\/20\\\/paraiso-de-teatro-del-astillero-en-la-paz\\\/\",\"name\":\"\u201cPara\u00edso\u201d de Teatro del Astillero en La Paz - El Diario - Bolivia\",\"isPartOf\":{\"@id\":\"https:\\\/\\\/www.eldiario.net\\\/portal\\\/#website\"},\"primaryImageOfPage\":{\"@id\":\"https:\\\/\\\/www.eldiario.net\\\/portal\\\/2024\\\/09\\\/20\\\/paraiso-de-teatro-del-astillero-en-la-paz\\\/#primaryimage\"},\"image\":{\"@id\":\"https:\\\/\\\/www.eldiario.net\\\/portal\\\/2024\\\/09\\\/20\\\/paraiso-de-teatro-del-astillero-en-la-paz\\\/#primaryimage\"},\"thumbnailUrl\":\"https:\\\/\\\/www.eldiario.net\\\/portal\\\/wp-content\\\/uploads\\\/2024\\\/09\\\/1PRINCIPAL.jpeg\",\"datePublished\":\"2024-09-20T10:15:52+00:00\",\"breadcrumb\":{\"@id\":\"https:\\\/\\\/www.eldiario.net\\\/portal\\\/2024\\\/09\\\/20\\\/paraiso-de-teatro-del-astillero-en-la-paz\\\/#breadcrumb\"},\"inLanguage\":\"es\",\"potentialAction\":[{\"@type\":\"ReadAction\",\"target\":[\"https:\\\/\\\/www.eldiario.net\\\/portal\\\/2024\\\/09\\\/20\\\/paraiso-de-teatro-del-astillero-en-la-paz\\\/\"]}]},{\"@type\":\"ImageObject\",\"inLanguage\":\"es\",\"@id\":\"https:\\\/\\\/www.eldiario.net\\\/portal\\\/2024\\\/09\\\/20\\\/paraiso-de-teatro-del-astillero-en-la-paz\\\/#primaryimage\",\"url\":\"https:\\\/\\\/www.eldiario.net\\\/portal\\\/wp-content\\\/uploads\\\/2024\\\/09\\\/1PRINCIPAL.jpeg\",\"contentUrl\":\"https:\\\/\\\/www.eldiario.net\\\/portal\\\/wp-content\\\/uploads\\\/2024\\\/09\\\/1PRINCIPAL.jpeg\",\"width\":1600,\"height\":1066},{\"@type\":\"BreadcrumbList\",\"@id\":\"https:\\\/\\\/www.eldiario.net\\\/portal\\\/2024\\\/09\\\/20\\\/paraiso-de-teatro-del-astillero-en-la-paz\\\/#breadcrumb\",\"itemListElement\":[{\"@type\":\"ListItem\",\"position\":1,\"name\":\"Portada\",\"item\":\"https:\\\/\\\/www.eldiario.net\\\/portal\\\/\"},{\"@type\":\"ListItem\",\"position\":2,\"name\":\"\u201cPara\u00edso\u201d de Teatro del Astillero en La Paz\"}]},{\"@type\":\"WebSite\",\"@id\":\"https:\\\/\\\/www.eldiario.net\\\/portal\\\/#website\",\"url\":\"https:\\\/\\\/www.eldiario.net\\\/portal\\\/\",\"name\":\"El Diario - Decano de la prensa nacional\",\"description\":\"El Diario - Decano de la prensa nacional\",\"publisher\":{\"@id\":\"https:\\\/\\\/www.eldiario.net\\\/portal\\\/#organization\"},\"potentialAction\":[{\"@type\":\"SearchAction\",\"target\":{\"@type\":\"EntryPoint\",\"urlTemplate\":\"https:\\\/\\\/www.eldiario.net\\\/portal\\\/?s={search_term_string}\"},\"query-input\":{\"@type\":\"PropertyValueSpecification\",\"valueRequired\":true,\"valueName\":\"search_term_string\"}}],\"inLanguage\":\"es\"},{\"@type\":\"Organization\",\"@id\":\"https:\\\/\\\/www.eldiario.net\\\/portal\\\/#organization\",\"name\":\"El Diario - Decano de la prensa nacional\",\"url\":\"https:\\\/\\\/www.eldiario.net\\\/portal\\\/\",\"logo\":{\"@type\":\"ImageObject\",\"inLanguage\":\"es\",\"@id\":\"https:\\\/\\\/www.eldiario.net\\\/portal\\\/#\\\/schema\\\/logo\\\/image\\\/\",\"url\":\"https:\\\/\\\/www.eldiario.net\\\/portal\\\/wp-content\\\/uploads\\\/2023\\\/07\\\/logo_ED.jpg\",\"contentUrl\":\"https:\\\/\\\/www.eldiario.net\\\/portal\\\/wp-content\\\/uploads\\\/2023\\\/07\\\/logo_ED.jpg\",\"width\":272,\"height\":52,\"caption\":\"El Diario - Decano de la prensa nacional\"},\"image\":{\"@id\":\"https:\\\/\\\/www.eldiario.net\\\/portal\\\/#\\\/schema\\\/logo\\\/image\\\/\"},\"sameAs\":[\"https:\\\/\\\/www.facebook.com\\\/eldiario.bolivia\\\/\",\"https:\\\/\\\/x.com\\\/eldiario_net\"]},{\"@type\":\"Person\",\"@id\":\"https:\\\/\\\/www.eldiario.net\\\/portal\\\/#\\\/schema\\\/person\\\/f46445640444750d7d753ccd04ae01b7\",\"name\":\"Jeanette\",\"image\":{\"@type\":\"ImageObject\",\"inLanguage\":\"es\",\"@id\":\"https:\\\/\\\/secure.gravatar.com\\\/avatar\\\/3ea2118a5f7dad2b7138b1187a6b7ee55f160b9968b66013c3a3ef39dd7e5798?s=96&d=mm&r=g\",\"url\":\"https:\\\/\\\/secure.gravatar.com\\\/avatar\\\/3ea2118a5f7dad2b7138b1187a6b7ee55f160b9968b66013c3a3ef39dd7e5798?s=96&d=mm&r=g\",\"contentUrl\":\"https:\\\/\\\/secure.gravatar.com\\\/avatar\\\/3ea2118a5f7dad2b7138b1187a6b7ee55f160b9968b66013c3a3ef39dd7e5798?s=96&d=mm&r=g\",\"caption\":\"Jeanette\"},\"sameAs\":[\"https:\\\/\\\/www.eldiario.net\\\/portal\"],\"url\":\"https:\\\/\\\/www.eldiario.net\\\/portal\\\/author\\\/jeanette\\\/\"}]}<\/script>\n<!-- \/ Yoast SEO plugin. -->","yoast_head_json":{"title":"\u201cPara\u00edso\u201d de Teatro del Astillero en La Paz - El Diario - Bolivia","robots":{"index":"index","follow":"follow","max-snippet":"max-snippet:-1","max-image-preview":"max-image-preview:large","max-video-preview":"max-video-preview:-1"},"canonical":"https:\/\/www.eldiario.net\/portal\/2024\/09\/20\/paraiso-de-teatro-del-astillero-en-la-paz\/","og_locale":"es_ES","og_type":"article","og_title":"\u201cPara\u00edso\u201d de Teatro del Astillero en La Paz - El Diario - Bolivia","og_description":"Teatro del Astillero trae a Bolivia \u201cPara\u00edso\u201d, un montaje dirigido por Luis Miguel Gonz\u00e1lez Cruz, con la autor\u00eda de Inmaculada Alvear e interpretado por Chema Ruiz. La obra ya fue presentada en Santa Cruz de la Sierra y ahora ser\u00e1 vista en las ciudades de Cochabamba y La Paz. Gonz\u00e1lez Cruz es el autor de [&hellip;]","og_url":"https:\/\/www.eldiario.net\/portal\/2024\/09\/20\/paraiso-de-teatro-del-astillero-en-la-paz\/","og_site_name":"El Diario - Bolivia","article_publisher":"https:\/\/www.facebook.com\/eldiario.bolivia\/","article_published_time":"2024-09-20T10:15:52+00:00","og_image":[{"width":1600,"height":1066,"url":"https:\/\/www.eldiario.net\/portal\/wp-content\/uploads\/2024\/09\/1PRINCIPAL.jpeg","type":"image\/jpeg"}],"author":"Jeanette","twitter_card":"summary_large_image","twitter_creator":"@eldiario_net","twitter_site":"@eldiario_net","twitter_misc":{"Escrito por":"Jeanette","Tiempo de lectura":"4 minutos"},"schema":{"@context":"https:\/\/schema.org","@graph":[{"@type":"Article","@id":"https:\/\/www.eldiario.net\/portal\/2024\/09\/20\/paraiso-de-teatro-del-astillero-en-la-paz\/#article","isPartOf":{"@id":"https:\/\/www.eldiario.net\/portal\/2024\/09\/20\/paraiso-de-teatro-del-astillero-en-la-paz\/"},"author":{"name":"Jeanette","@id":"https:\/\/www.eldiario.net\/portal\/#\/schema\/person\/f46445640444750d7d753ccd04ae01b7"},"headline":"\u201cPara\u00edso\u201d de Teatro del Astillero en La Paz","datePublished":"2024-09-20T10:15:52+00:00","mainEntityOfPage":{"@id":"https:\/\/www.eldiario.net\/portal\/2024\/09\/20\/paraiso-de-teatro-del-astillero-en-la-paz\/"},"wordCount":859,"commentCount":0,"publisher":{"@id":"https:\/\/www.eldiario.net\/portal\/#organization"},"image":{"@id":"https:\/\/www.eldiario.net\/portal\/2024\/09\/20\/paraiso-de-teatro-del-astillero-en-la-paz\/#primaryimage"},"thumbnailUrl":"https:\/\/www.eldiario.net\/portal\/wp-content\/uploads\/2024\/09\/1PRINCIPAL.jpeg","articleSection":["La Gu\u00eda"],"inLanguage":"es","potentialAction":[{"@type":"CommentAction","name":"Comment","target":["https:\/\/www.eldiario.net\/portal\/2024\/09\/20\/paraiso-de-teatro-del-astillero-en-la-paz\/#respond"]}]},{"@type":"WebPage","@id":"https:\/\/www.eldiario.net\/portal\/2024\/09\/20\/paraiso-de-teatro-del-astillero-en-la-paz\/","url":"https:\/\/www.eldiario.net\/portal\/2024\/09\/20\/paraiso-de-teatro-del-astillero-en-la-paz\/","name":"\u201cPara\u00edso\u201d de Teatro del Astillero en La Paz - El Diario - Bolivia","isPartOf":{"@id":"https:\/\/www.eldiario.net\/portal\/#website"},"primaryImageOfPage":{"@id":"https:\/\/www.eldiario.net\/portal\/2024\/09\/20\/paraiso-de-teatro-del-astillero-en-la-paz\/#primaryimage"},"image":{"@id":"https:\/\/www.eldiario.net\/portal\/2024\/09\/20\/paraiso-de-teatro-del-astillero-en-la-paz\/#primaryimage"},"thumbnailUrl":"https:\/\/www.eldiario.net\/portal\/wp-content\/uploads\/2024\/09\/1PRINCIPAL.jpeg","datePublished":"2024-09-20T10:15:52+00:00","breadcrumb":{"@id":"https:\/\/www.eldiario.net\/portal\/2024\/09\/20\/paraiso-de-teatro-del-astillero-en-la-paz\/#breadcrumb"},"inLanguage":"es","potentialAction":[{"@type":"ReadAction","target":["https:\/\/www.eldiario.net\/portal\/2024\/09\/20\/paraiso-de-teatro-del-astillero-en-la-paz\/"]}]},{"@type":"ImageObject","inLanguage":"es","@id":"https:\/\/www.eldiario.net\/portal\/2024\/09\/20\/paraiso-de-teatro-del-astillero-en-la-paz\/#primaryimage","url":"https:\/\/www.eldiario.net\/portal\/wp-content\/uploads\/2024\/09\/1PRINCIPAL.jpeg","contentUrl":"https:\/\/www.eldiario.net\/portal\/wp-content\/uploads\/2024\/09\/1PRINCIPAL.jpeg","width":1600,"height":1066},{"@type":"BreadcrumbList","@id":"https:\/\/www.eldiario.net\/portal\/2024\/09\/20\/paraiso-de-teatro-del-astillero-en-la-paz\/#breadcrumb","itemListElement":[{"@type":"ListItem","position":1,"name":"Portada","item":"https:\/\/www.eldiario.net\/portal\/"},{"@type":"ListItem","position":2,"name":"\u201cPara\u00edso\u201d de Teatro del Astillero en La Paz"}]},{"@type":"WebSite","@id":"https:\/\/www.eldiario.net\/portal\/#website","url":"https:\/\/www.eldiario.net\/portal\/","name":"El Diario - Decano de la prensa nacional","description":"El Diario - Decano de la prensa nacional","publisher":{"@id":"https:\/\/www.eldiario.net\/portal\/#organization"},"potentialAction":[{"@type":"SearchAction","target":{"@type":"EntryPoint","urlTemplate":"https:\/\/www.eldiario.net\/portal\/?s={search_term_string}"},"query-input":{"@type":"PropertyValueSpecification","valueRequired":true,"valueName":"search_term_string"}}],"inLanguage":"es"},{"@type":"Organization","@id":"https:\/\/www.eldiario.net\/portal\/#organization","name":"El Diario - Decano de la prensa nacional","url":"https:\/\/www.eldiario.net\/portal\/","logo":{"@type":"ImageObject","inLanguage":"es","@id":"https:\/\/www.eldiario.net\/portal\/#\/schema\/logo\/image\/","url":"https:\/\/www.eldiario.net\/portal\/wp-content\/uploads\/2023\/07\/logo_ED.jpg","contentUrl":"https:\/\/www.eldiario.net\/portal\/wp-content\/uploads\/2023\/07\/logo_ED.jpg","width":272,"height":52,"caption":"El Diario - Decano de la prensa nacional"},"image":{"@id":"https:\/\/www.eldiario.net\/portal\/#\/schema\/logo\/image\/"},"sameAs":["https:\/\/www.facebook.com\/eldiario.bolivia\/","https:\/\/x.com\/eldiario_net"]},{"@type":"Person","@id":"https:\/\/www.eldiario.net\/portal\/#\/schema\/person\/f46445640444750d7d753ccd04ae01b7","name":"Jeanette","image":{"@type":"ImageObject","inLanguage":"es","@id":"https:\/\/secure.gravatar.com\/avatar\/3ea2118a5f7dad2b7138b1187a6b7ee55f160b9968b66013c3a3ef39dd7e5798?s=96&d=mm&r=g","url":"https:\/\/secure.gravatar.com\/avatar\/3ea2118a5f7dad2b7138b1187a6b7ee55f160b9968b66013c3a3ef39dd7e5798?s=96&d=mm&r=g","contentUrl":"https:\/\/secure.gravatar.com\/avatar\/3ea2118a5f7dad2b7138b1187a6b7ee55f160b9968b66013c3a3ef39dd7e5798?s=96&d=mm&r=g","caption":"Jeanette"},"sameAs":["https:\/\/www.eldiario.net\/portal"],"url":"https:\/\/www.eldiario.net\/portal\/author\/jeanette\/"}]}},"_links":{"self":[{"href":"https:\/\/www.eldiario.net\/portal\/wp-json\/wp\/v2\/posts\/248765","targetHints":{"allow":["GET"]}}],"collection":[{"href":"https:\/\/www.eldiario.net\/portal\/wp-json\/wp\/v2\/posts"}],"about":[{"href":"https:\/\/www.eldiario.net\/portal\/wp-json\/wp\/v2\/types\/post"}],"author":[{"embeddable":true,"href":"https:\/\/www.eldiario.net\/portal\/wp-json\/wp\/v2\/users\/1"}],"replies":[{"embeddable":true,"href":"https:\/\/www.eldiario.net\/portal\/wp-json\/wp\/v2\/comments?post=248765"}],"version-history":[{"count":1,"href":"https:\/\/www.eldiario.net\/portal\/wp-json\/wp\/v2\/posts\/248765\/revisions"}],"predecessor-version":[{"id":248770,"href":"https:\/\/www.eldiario.net\/portal\/wp-json\/wp\/v2\/posts\/248765\/revisions\/248770"}],"wp:featuredmedia":[{"embeddable":true,"href":"https:\/\/www.eldiario.net\/portal\/wp-json\/wp\/v2\/media\/248766"}],"wp:attachment":[{"href":"https:\/\/www.eldiario.net\/portal\/wp-json\/wp\/v2\/media?parent=248765"}],"wp:term":[{"taxonomy":"category","embeddable":true,"href":"https:\/\/www.eldiario.net\/portal\/wp-json\/wp\/v2\/categories?post=248765"},{"taxonomy":"post_tag","embeddable":true,"href":"https:\/\/www.eldiario.net\/portal\/wp-json\/wp\/v2\/tags?post=248765"}],"curies":[{"name":"wp","href":"https:\/\/api.w.org\/{rel}","templated":true}]}}