{"id":248761,"date":"2024-09-20T06:14:43","date_gmt":"2024-09-20T10:14:43","guid":{"rendered":"https:\/\/www.eldiario.net\/portal\/?p=248761"},"modified":"2024-09-20T06:14:43","modified_gmt":"2024-09-20T10:14:43","slug":"origen-del-lenguaje-2","status":"publish","type":"post","link":"https:\/\/www.eldiario.net\/portal\/2024\/09\/20\/origen-del-lenguaje-2\/","title":{"rendered":"Origen del lenguaje"},"content":{"rendered":"<p><strong>Por: Lic. H\u00e9ctor Molina<\/strong><\/p>\n<p>&nbsp;<\/p>\n<p><strong>Recordemos que\u2026<\/strong><\/p>\n<p>&nbsp;<\/p>\n<p>El origen del lenguaje es un tema fascinante que ha intrigado a expertos de diversas disciplinas como la ling\u00fc\u00edstica, la historia, la biolog\u00eda, la antropolog\u00eda y la filosof\u00eda. A lo largo de los siglos, se han planteado diferentes teor\u00edas sobre c\u00f3mo y por qu\u00e9 los seres humanos desarrollaron la capacidad de hablar. Como especialista en Ling\u00fc\u00edstica e Historia, te proporcionar\u00e9 una explicaci\u00f3n detallada de este proceso.<\/p>\n<p>&nbsp;<\/p>\n<ol start=\"3\">\n<li><strong> El desarrollo del lenguaje a trav\u00e9s del tiempo<\/strong><\/li>\n<\/ol>\n<p>&nbsp;<\/p>\n<p>El surgimiento del lenguaje no fue un evento puntual, sino un proceso gradual que abarc\u00f3 miles de a\u00f1os. A medida que las sociedades humanas evolucionaron, el lenguaje tambi\u00e9n se transform\u00f3 y sofistic\u00f3.<\/p>\n<p>&nbsp;<\/p>\n<ol>\n<li><strong>a) Primeros lenguajes<\/strong><\/li>\n<\/ol>\n<p>&nbsp;<\/p>\n<p>Las primeras lenguas habr\u00edan sido lenguas aglutinantes y polisint\u00e9ticas, donde las palabras se formaban combinando varios morfemas (unidades de significado). Este tipo de lenguas a\u00fan existe en algunas culturas, como el n\u00e1huatl o las lenguas inuit.<\/p>\n<p>&nbsp;<\/p>\n<ul>\n<li>Las primeras lenguas estructuradas habr\u00edan surgido cuando las sociedades comenzaron a desarrollar formas de vida m\u00e1s sedentarias, como la agricultura. Este cambio permiti\u00f3 una mayor complejidad en las interacciones humanas y, por lo tanto, una mayor necesidad de vocabulario especializado.<\/li>\n<\/ul>\n<p>&nbsp;<\/p>\n<ol>\n<li><strong>b) La escritura y el lenguaje<\/strong><\/li>\n<\/ol>\n<p>&nbsp;<\/p>\n<p>El desarrollo de la escritura fue uno de los avances m\u00e1s importantes en la historia del lenguaje. Surgi\u00f3 hace aproximadamente 5,000 a\u00f1os en civilizaciones como la de Mesopotamia (escritura cuneiforme) y Egipto (jerogl\u00edficos). La escritura permiti\u00f3 que las lenguas se fijaran en el tiempo, facilitando la transmisi\u00f3n del conocimiento de una generaci\u00f3n a otra.<\/p>\n<p>&nbsp;<\/p>\n<ul>\n<li>La escritura tambi\u00e9n permiti\u00f3 que las lenguas se convirtieran en herramientas de poder y control, ya que las \u00e9lites sociales, religiosas y pol\u00edticas pod\u00edan utilizar el lenguaje escrito para mantener el orden y gestionar sus dominios.<\/li>\n<\/ul>\n<p>&nbsp;<\/p>\n<ol>\n<li><strong>c) Diversificaci\u00f3n y cambio ling\u00fc\u00edstico<\/strong><\/li>\n<\/ol>\n<p>&nbsp;<\/p>\n<p>Con el tiempo, las lenguas comenzaron a diversificarse. El aislamiento geogr\u00e1fico y cultural llev\u00f3 a la evoluci\u00f3n de diferentes lenguas en diferentes regiones. De este modo, las lenguas indoeuropeas, sem\u00edticas, bant\u00faes, etc., fueron desarroll\u00e1ndose en diversas partes del mundo. Adem\u00e1s, el cambio ling\u00fc\u00edstico es un proceso continuo: las lenguas evolucionan constantemente, con nuevas palabras y estructuras que reemplazan a las viejas.<\/p>\n<p>&nbsp;<\/p>\n<ol start=\"4\">\n<li><strong> El impacto del lenguaje en el pensamiento humano<\/strong><\/li>\n<\/ol>\n<p>&nbsp;<\/p>\n<p>Desde un punto de vista psicol\u00f3gico, el lenguaje no es solo una herramienta de comunicaci\u00f3n, sino que tambi\u00e9n estructura nuestra forma de pensar y percibir el mundo.<\/p>\n<p>&nbsp;<\/p>\n<ul>\n<li><strong>Hip\u00f3tesis de Sapir-Whorf.<\/strong> Esta teor\u00eda sostiene que el lenguaje influye en nuestra percepci\u00f3n del mundo. Seg\u00fan esta hip\u00f3tesis, las personas que hablan diferentes lenguas perciben y conceptualizan la realidad de manera diferente. Por ejemplo, los hablantes de lenguas que distinguen varios tipos de nieve (como algunos pueblos \u00e1rticos) pueden tener una percepci\u00f3n m\u00e1s rica y diferenciada de este fen\u00f3meno natural.<\/li>\n<\/ul>\n<p>&nbsp;<\/p>\n<ul>\n<li><strong>Lenguaje y cultura.<\/strong> A lo largo de la historia, el lenguaje ha sido un veh\u00edculo de transmisi\u00f3n cultural. Los mitos, las leyendas, las leyes y las tradiciones se transmiten a trav\u00e9s del lenguaje, moldeando la identidad y la cosmovisi\u00f3n de cada sociedad.<\/li>\n<\/ul>\n<p>&nbsp;<\/p>\n<p>El origen del lenguaje es un proceso que involucra la evoluci\u00f3n biol\u00f3gica, los cambios sociales y el desarrollo cultural. Aunque no se sabe con certeza cu\u00e1ndo y c\u00f3mo surgi\u00f3 exactamente, la mayor\u00eda de los expertos coinciden en que fue un proceso gradual que tuvo lugar a lo largo de miles de a\u00f1os. El lenguaje no solo nos permite comunicarnos, sino que tambi\u00e9n estructura nuestra forma de pensar y nos conecta con el pasado y el futuro a trav\u00e9s de la transmisi\u00f3n de conocimientos y tradiciones.<\/p>\n\r\n                <style type=\"text\/css\">\r\n                    \r\n                    #tdi_1  .td-doubleSlider-2 .td-item1 {\r\n                        background: url(https:\/\/www.eldiario.net\/portal\/wp-content\/uploads\/2024\/09\/Len-Lenguaje-2-80x60.jpg) 0 0 no-repeat;\r\n                    }\r\n                    #tdi_1  .td-doubleSlider-2 .td-item2 {\r\n                        background: url(https:\/\/www.eldiario.net\/portal\/wp-content\/uploads\/2024\/09\/Len-Historia-del-Lenguaje-1-80x60.jpg) 0 0 no-repeat;\r\n                    }\r\n                <\/style>\r\n\r\n                <div id=\"tdi_1\" class=\"td-gallery td-slide-on-2-columns\">\r\n                    <div class=\"post_td_gallery\">\r\n                        <div class=\"td-gallery-slide-top\">\r\n                           <div class=\"td-gallery-title\"><\/div>\r\n\r\n                            <div class=\"td-gallery-controls-wrapper\">\r\n                                <div class=\"td-gallery-slide-count\"><span class=\"td-gallery-slide-item-focus\">1<\/span> de 2<\/div>\r\n                                <div class=\"td-gallery-slide-prev-next-but\">\r\n                                    <i class = \"td-icon-left doubleSliderPrevButton\"><\/i>\r\n                                    <i class = \"td-icon-right doubleSliderNextButton\"><\/i>\r\n                                <\/div>\r\n                            <\/div>\r\n                        <\/div>\r\n\r\n                        <div class = \"td-doubleSlider-1 \">\r\n                            <div class = \"td-slider\">\r\n                                \r\n                    <div class = \"td-slide-item td-item1\">\r\n                        <figure class=\"td-slide-galery-figure td-slide-popup-gallery\">\r\n                            <a class=\"slide-gallery-image-link\" href=\"https:\/\/www.eldiario.net\/portal\/wp-content\/uploads\/2024\/09\/Len-Lenguaje-2.jpg\" title=\"Len---Lenguaje\"  data-caption=\"\"  data-description=\"\">\r\n                                <img decoding=\"async\" src=\"https:\/\/www.eldiario.net\/portal\/wp-content\/uploads\/2024\/09\/Len-Lenguaje-2-776x420.jpg\" srcset=\"https:\/\/www.eldiario.net\/portal\/wp-content\/uploads\/2024\/09\/Len-Lenguaje-2-776x420.jpg 776w, https:\/\/www.eldiario.net\/portal\/wp-content\/uploads\/2024\/09\/Len-Lenguaje-2-300x162.jpg 300w, https:\/\/www.eldiario.net\/portal\/wp-content\/uploads\/2024\/09\/Len-Lenguaje-2-768x416.jpg 768w, https:\/\/www.eldiario.net\/portal\/wp-content\/uploads\/2024\/09\/Len-Lenguaje-2-696x377.jpg 696w, https:\/\/www.eldiario.net\/portal\/wp-content\/uploads\/2024\/09\/Len-Lenguaje-2.jpg 950w\" sizes=\"(max-width: 776px) 100vw, 776px\" alt=\"\">\r\n                            <\/a>\r\n                            \r\n                        <\/figure>\r\n                    <\/div>\r\n                    <div class = \"td-slide-item td-item2\">\r\n                        <figure class=\"td-slide-galery-figure td-slide-popup-gallery\">\r\n                            <a class=\"slide-gallery-image-link\" href=\"https:\/\/www.eldiario.net\/portal\/wp-content\/uploads\/2024\/09\/Len-Historia-del-Lenguaje-1.jpg\" title=\"Len---Historia-del-Lenguaje\"  data-caption=\"\"  data-description=\"\">\r\n                                <img decoding=\"async\" src=\"https:\/\/www.eldiario.net\/portal\/wp-content\/uploads\/2024\/09\/Len-Historia-del-Lenguaje-1.jpg\" srcset=\"https:\/\/www.eldiario.net\/portal\/wp-content\/uploads\/2024\/09\/Len-Historia-del-Lenguaje-1.jpg 788w, https:\/\/www.eldiario.net\/portal\/wp-content\/uploads\/2024\/09\/Len-Historia-del-Lenguaje-1-300x158.jpg 300w, https:\/\/www.eldiario.net\/portal\/wp-content\/uploads\/2024\/09\/Len-Historia-del-Lenguaje-1-768x403.jpg 768w, https:\/\/www.eldiario.net\/portal\/wp-content\/uploads\/2024\/09\/Len-Historia-del-Lenguaje-1-696x366.jpg 696w\" sizes=\"(max-width: 788px) 100vw, 788px\" alt=\"\">\r\n                            <\/a>\r\n                            \r\n                        <\/figure>\r\n                    <\/div>\r\n                            <\/div>\r\n                        <\/div>\r\n\r\n                        <div class = \"td-doubleSlider-2\">\r\n                            <div class = \"td-slider\">\r\n                                \r\n                    <div class = \"td-button td-item1\">\r\n                        <div class = \"td-border\"><\/div>\r\n                    <\/div>\r\n                    <div class = \"td-button td-item2\">\r\n                        <div class = \"td-border\"><\/div>\r\n                    <\/div>\r\n                            <\/div>\r\n                        <\/div>\r\n\r\n                    <\/div>\r\n\r\n                <\/div>\r\n                \n","protected":false},"excerpt":{"rendered":"<p>Por: Lic. H\u00e9ctor Molina &nbsp; Recordemos que\u2026 &nbsp; El origen del lenguaje es un tema fascinante que ha intrigado a expertos de diversas disciplinas como la ling\u00fc\u00edstica, la historia, la biolog\u00eda, la antropolog\u00eda y la filosof\u00eda. A lo largo de los siglos, se han planteado diferentes teor\u00edas sobre c\u00f3mo y por qu\u00e9 los seres humanos [&hellip;]<\/p>\n","protected":false},"author":1,"featured_media":248762,"comment_status":"open","ping_status":"open","sticky":false,"template":"","format":"standard","meta":{"_acf_changed":false,"footnotes":""},"categories":[43],"tags":[],"class_list":["post-248761","post","type-post","status-publish","format-standard","has-post-thumbnail","category-nuevos-horizontes"],"acf":{"antetitulo":"Segunda Parte"},"yoast_head":"<!-- This site is optimized with the Yoast SEO plugin v28.4 - https:\/\/yoast.com\/product\/yoast-seo-wordpress\/ -->\n<title>Origen del lenguaje - El Diario - Bolivia<\/title>\n<meta name=\"robots\" content=\"index, follow, max-snippet:-1, max-image-preview:large, max-video-preview:-1\" \/>\n<link rel=\"canonical\" href=\"https:\/\/www.eldiario.net\/portal\/2024\/09\/20\/origen-del-lenguaje-2\/\" \/>\n<meta property=\"og:locale\" content=\"es_ES\" \/>\n<meta property=\"og:type\" content=\"article\" \/>\n<meta property=\"og:title\" content=\"Origen del lenguaje - El Diario - Bolivia\" \/>\n<meta property=\"og:description\" content=\"Por: Lic. H\u00e9ctor Molina &nbsp; Recordemos que\u2026 &nbsp; El origen del lenguaje es un tema fascinante que ha intrigado a expertos de diversas disciplinas como la ling\u00fc\u00edstica, la historia, la biolog\u00eda, la antropolog\u00eda y la filosof\u00eda. A lo largo de los siglos, se han planteado diferentes teor\u00edas sobre c\u00f3mo y por qu\u00e9 los seres humanos [&hellip;]\" \/>\n<meta property=\"og:url\" content=\"https:\/\/www.eldiario.net\/portal\/2024\/09\/20\/origen-del-lenguaje-2\/\" \/>\n<meta property=\"og:site_name\" content=\"El Diario - Bolivia\" \/>\n<meta property=\"article:publisher\" content=\"https:\/\/www.facebook.com\/eldiario.bolivia\/\" \/>\n<meta property=\"article:published_time\" content=\"2024-09-20T10:14:43+00:00\" \/>\n<meta property=\"og:image\" content=\"https:\/\/www.eldiario.net\/portal\/wp-content\/uploads\/2024\/09\/Len-Lenguaje-2.jpg\" \/>\n\t<meta property=\"og:image:width\" content=\"950\" \/>\n\t<meta property=\"og:image:height\" content=\"514\" \/>\n\t<meta property=\"og:image:type\" content=\"image\/jpeg\" \/>\n<meta name=\"author\" content=\"Jeanette\" \/>\n<meta name=\"twitter:card\" content=\"summary_large_image\" \/>\n<meta name=\"twitter:creator\" content=\"@eldiario_net\" \/>\n<meta name=\"twitter:site\" content=\"@eldiario_net\" \/>\n<meta name=\"twitter:label1\" content=\"Escrito por\" \/>\n\t<meta name=\"twitter:data1\" content=\"Jeanette\" \/>\n\t<meta name=\"twitter:label2\" content=\"Tiempo de lectura\" \/>\n\t<meta name=\"twitter:data2\" content=\"3 minutos\" \/>\n<script type=\"application\/ld+json\" class=\"yoast-schema-graph\">{\"@context\":\"https:\\\/\\\/schema.org\",\"@graph\":[{\"@type\":\"Article\",\"@id\":\"https:\\\/\\\/www.eldiario.net\\\/portal\\\/2024\\\/09\\\/20\\\/origen-del-lenguaje-2\\\/#article\",\"isPartOf\":{\"@id\":\"https:\\\/\\\/www.eldiario.net\\\/portal\\\/2024\\\/09\\\/20\\\/origen-del-lenguaje-2\\\/\"},\"author\":{\"name\":\"Jeanette\",\"@id\":\"https:\\\/\\\/www.eldiario.net\\\/portal\\\/#\\\/schema\\\/person\\\/f46445640444750d7d753ccd04ae01b7\"},\"headline\":\"Origen del lenguaje\",\"datePublished\":\"2024-09-20T10:14:43+00:00\",\"mainEntityOfPage\":{\"@id\":\"https:\\\/\\\/www.eldiario.net\\\/portal\\\/2024\\\/09\\\/20\\\/origen-del-lenguaje-2\\\/\"},\"wordCount\":662,\"commentCount\":0,\"publisher\":{\"@id\":\"https:\\\/\\\/www.eldiario.net\\\/portal\\\/#organization\"},\"image\":{\"@id\":\"https:\\\/\\\/www.eldiario.net\\\/portal\\\/2024\\\/09\\\/20\\\/origen-del-lenguaje-2\\\/#primaryimage\"},\"thumbnailUrl\":\"https:\\\/\\\/www.eldiario.net\\\/portal\\\/wp-content\\\/uploads\\\/2024\\\/09\\\/Len-Lenguaje-2.jpg\",\"articleSection\":[\"Nuevos Horizontes\"],\"inLanguage\":\"es\",\"potentialAction\":[{\"@type\":\"CommentAction\",\"name\":\"Comment\",\"target\":[\"https:\\\/\\\/www.eldiario.net\\\/portal\\\/2024\\\/09\\\/20\\\/origen-del-lenguaje-2\\\/#respond\"]}]},{\"@type\":\"WebPage\",\"@id\":\"https:\\\/\\\/www.eldiario.net\\\/portal\\\/2024\\\/09\\\/20\\\/origen-del-lenguaje-2\\\/\",\"url\":\"https:\\\/\\\/www.eldiario.net\\\/portal\\\/2024\\\/09\\\/20\\\/origen-del-lenguaje-2\\\/\",\"name\":\"Origen del lenguaje - El Diario - Bolivia\",\"isPartOf\":{\"@id\":\"https:\\\/\\\/www.eldiario.net\\\/portal\\\/#website\"},\"primaryImageOfPage\":{\"@id\":\"https:\\\/\\\/www.eldiario.net\\\/portal\\\/2024\\\/09\\\/20\\\/origen-del-lenguaje-2\\\/#primaryimage\"},\"image\":{\"@id\":\"https:\\\/\\\/www.eldiario.net\\\/portal\\\/2024\\\/09\\\/20\\\/origen-del-lenguaje-2\\\/#primaryimage\"},\"thumbnailUrl\":\"https:\\\/\\\/www.eldiario.net\\\/portal\\\/wp-content\\\/uploads\\\/2024\\\/09\\\/Len-Lenguaje-2.jpg\",\"datePublished\":\"2024-09-20T10:14:43+00:00\",\"breadcrumb\":{\"@id\":\"https:\\\/\\\/www.eldiario.net\\\/portal\\\/2024\\\/09\\\/20\\\/origen-del-lenguaje-2\\\/#breadcrumb\"},\"inLanguage\":\"es\",\"potentialAction\":[{\"@type\":\"ReadAction\",\"target\":[\"https:\\\/\\\/www.eldiario.net\\\/portal\\\/2024\\\/09\\\/20\\\/origen-del-lenguaje-2\\\/\"]}]},{\"@type\":\"ImageObject\",\"inLanguage\":\"es\",\"@id\":\"https:\\\/\\\/www.eldiario.net\\\/portal\\\/2024\\\/09\\\/20\\\/origen-del-lenguaje-2\\\/#primaryimage\",\"url\":\"https:\\\/\\\/www.eldiario.net\\\/portal\\\/wp-content\\\/uploads\\\/2024\\\/09\\\/Len-Lenguaje-2.jpg\",\"contentUrl\":\"https:\\\/\\\/www.eldiario.net\\\/portal\\\/wp-content\\\/uploads\\\/2024\\\/09\\\/Len-Lenguaje-2.jpg\",\"width\":950,\"height\":514},{\"@type\":\"BreadcrumbList\",\"@id\":\"https:\\\/\\\/www.eldiario.net\\\/portal\\\/2024\\\/09\\\/20\\\/origen-del-lenguaje-2\\\/#breadcrumb\",\"itemListElement\":[{\"@type\":\"ListItem\",\"position\":1,\"name\":\"Portada\",\"item\":\"https:\\\/\\\/www.eldiario.net\\\/portal\\\/\"},{\"@type\":\"ListItem\",\"position\":2,\"name\":\"Origen del lenguaje\"}]},{\"@type\":\"WebSite\",\"@id\":\"https:\\\/\\\/www.eldiario.net\\\/portal\\\/#website\",\"url\":\"https:\\\/\\\/www.eldiario.net\\\/portal\\\/\",\"name\":\"El Diario - Decano de la prensa nacional\",\"description\":\"El Diario - Decano de la prensa nacional\",\"publisher\":{\"@id\":\"https:\\\/\\\/www.eldiario.net\\\/portal\\\/#organization\"},\"potentialAction\":[{\"@type\":\"SearchAction\",\"target\":{\"@type\":\"EntryPoint\",\"urlTemplate\":\"https:\\\/\\\/www.eldiario.net\\\/portal\\\/?s={search_term_string}\"},\"query-input\":{\"@type\":\"PropertyValueSpecification\",\"valueRequired\":true,\"valueName\":\"search_term_string\"}}],\"inLanguage\":\"es\"},{\"@type\":\"Organization\",\"@id\":\"https:\\\/\\\/www.eldiario.net\\\/portal\\\/#organization\",\"name\":\"El Diario - Decano de la prensa nacional\",\"url\":\"https:\\\/\\\/www.eldiario.net\\\/portal\\\/\",\"logo\":{\"@type\":\"ImageObject\",\"inLanguage\":\"es\",\"@id\":\"https:\\\/\\\/www.eldiario.net\\\/portal\\\/#\\\/schema\\\/logo\\\/image\\\/\",\"url\":\"https:\\\/\\\/www.eldiario.net\\\/portal\\\/wp-content\\\/uploads\\\/2023\\\/07\\\/logo_ED.jpg\",\"contentUrl\":\"https:\\\/\\\/www.eldiario.net\\\/portal\\\/wp-content\\\/uploads\\\/2023\\\/07\\\/logo_ED.jpg\",\"width\":272,\"height\":52,\"caption\":\"El Diario - Decano de la prensa nacional\"},\"image\":{\"@id\":\"https:\\\/\\\/www.eldiario.net\\\/portal\\\/#\\\/schema\\\/logo\\\/image\\\/\"},\"sameAs\":[\"https:\\\/\\\/www.facebook.com\\\/eldiario.bolivia\\\/\",\"https:\\\/\\\/x.com\\\/eldiario_net\"]},{\"@type\":\"Person\",\"@id\":\"https:\\\/\\\/www.eldiario.net\\\/portal\\\/#\\\/schema\\\/person\\\/f46445640444750d7d753ccd04ae01b7\",\"name\":\"Jeanette\",\"image\":{\"@type\":\"ImageObject\",\"inLanguage\":\"es\",\"@id\":\"https:\\\/\\\/secure.gravatar.com\\\/avatar\\\/3ea2118a5f7dad2b7138b1187a6b7ee55f160b9968b66013c3a3ef39dd7e5798?s=96&d=mm&r=g\",\"url\":\"https:\\\/\\\/secure.gravatar.com\\\/avatar\\\/3ea2118a5f7dad2b7138b1187a6b7ee55f160b9968b66013c3a3ef39dd7e5798?s=96&d=mm&r=g\",\"contentUrl\":\"https:\\\/\\\/secure.gravatar.com\\\/avatar\\\/3ea2118a5f7dad2b7138b1187a6b7ee55f160b9968b66013c3a3ef39dd7e5798?s=96&d=mm&r=g\",\"caption\":\"Jeanette\"},\"sameAs\":[\"https:\\\/\\\/www.eldiario.net\\\/portal\"],\"url\":\"https:\\\/\\\/www.eldiario.net\\\/portal\\\/author\\\/jeanette\\\/\"}]}<\/script>\n<!-- \/ Yoast SEO plugin. -->","yoast_head_json":{"title":"Origen del lenguaje - El Diario - Bolivia","robots":{"index":"index","follow":"follow","max-snippet":"max-snippet:-1","max-image-preview":"max-image-preview:large","max-video-preview":"max-video-preview:-1"},"canonical":"https:\/\/www.eldiario.net\/portal\/2024\/09\/20\/origen-del-lenguaje-2\/","og_locale":"es_ES","og_type":"article","og_title":"Origen del lenguaje - El Diario - Bolivia","og_description":"Por: Lic. H\u00e9ctor Molina &nbsp; Recordemos que\u2026 &nbsp; El origen del lenguaje es un tema fascinante que ha intrigado a expertos de diversas disciplinas como la ling\u00fc\u00edstica, la historia, la biolog\u00eda, la antropolog\u00eda y la filosof\u00eda. A lo largo de los siglos, se han planteado diferentes teor\u00edas sobre c\u00f3mo y por qu\u00e9 los seres humanos [&hellip;]","og_url":"https:\/\/www.eldiario.net\/portal\/2024\/09\/20\/origen-del-lenguaje-2\/","og_site_name":"El Diario - Bolivia","article_publisher":"https:\/\/www.facebook.com\/eldiario.bolivia\/","article_published_time":"2024-09-20T10:14:43+00:00","og_image":[{"width":950,"height":514,"url":"https:\/\/www.eldiario.net\/portal\/wp-content\/uploads\/2024\/09\/Len-Lenguaje-2.jpg","type":"image\/jpeg"}],"author":"Jeanette","twitter_card":"summary_large_image","twitter_creator":"@eldiario_net","twitter_site":"@eldiario_net","twitter_misc":{"Escrito por":"Jeanette","Tiempo de lectura":"3 minutos"},"schema":{"@context":"https:\/\/schema.org","@graph":[{"@type":"Article","@id":"https:\/\/www.eldiario.net\/portal\/2024\/09\/20\/origen-del-lenguaje-2\/#article","isPartOf":{"@id":"https:\/\/www.eldiario.net\/portal\/2024\/09\/20\/origen-del-lenguaje-2\/"},"author":{"name":"Jeanette","@id":"https:\/\/www.eldiario.net\/portal\/#\/schema\/person\/f46445640444750d7d753ccd04ae01b7"},"headline":"Origen del lenguaje","datePublished":"2024-09-20T10:14:43+00:00","mainEntityOfPage":{"@id":"https:\/\/www.eldiario.net\/portal\/2024\/09\/20\/origen-del-lenguaje-2\/"},"wordCount":662,"commentCount":0,"publisher":{"@id":"https:\/\/www.eldiario.net\/portal\/#organization"},"image":{"@id":"https:\/\/www.eldiario.net\/portal\/2024\/09\/20\/origen-del-lenguaje-2\/#primaryimage"},"thumbnailUrl":"https:\/\/www.eldiario.net\/portal\/wp-content\/uploads\/2024\/09\/Len-Lenguaje-2.jpg","articleSection":["Nuevos Horizontes"],"inLanguage":"es","potentialAction":[{"@type":"CommentAction","name":"Comment","target":["https:\/\/www.eldiario.net\/portal\/2024\/09\/20\/origen-del-lenguaje-2\/#respond"]}]},{"@type":"WebPage","@id":"https:\/\/www.eldiario.net\/portal\/2024\/09\/20\/origen-del-lenguaje-2\/","url":"https:\/\/www.eldiario.net\/portal\/2024\/09\/20\/origen-del-lenguaje-2\/","name":"Origen del lenguaje - El Diario - Bolivia","isPartOf":{"@id":"https:\/\/www.eldiario.net\/portal\/#website"},"primaryImageOfPage":{"@id":"https:\/\/www.eldiario.net\/portal\/2024\/09\/20\/origen-del-lenguaje-2\/#primaryimage"},"image":{"@id":"https:\/\/www.eldiario.net\/portal\/2024\/09\/20\/origen-del-lenguaje-2\/#primaryimage"},"thumbnailUrl":"https:\/\/www.eldiario.net\/portal\/wp-content\/uploads\/2024\/09\/Len-Lenguaje-2.jpg","datePublished":"2024-09-20T10:14:43+00:00","breadcrumb":{"@id":"https:\/\/www.eldiario.net\/portal\/2024\/09\/20\/origen-del-lenguaje-2\/#breadcrumb"},"inLanguage":"es","potentialAction":[{"@type":"ReadAction","target":["https:\/\/www.eldiario.net\/portal\/2024\/09\/20\/origen-del-lenguaje-2\/"]}]},{"@type":"ImageObject","inLanguage":"es","@id":"https:\/\/www.eldiario.net\/portal\/2024\/09\/20\/origen-del-lenguaje-2\/#primaryimage","url":"https:\/\/www.eldiario.net\/portal\/wp-content\/uploads\/2024\/09\/Len-Lenguaje-2.jpg","contentUrl":"https:\/\/www.eldiario.net\/portal\/wp-content\/uploads\/2024\/09\/Len-Lenguaje-2.jpg","width":950,"height":514},{"@type":"BreadcrumbList","@id":"https:\/\/www.eldiario.net\/portal\/2024\/09\/20\/origen-del-lenguaje-2\/#breadcrumb","itemListElement":[{"@type":"ListItem","position":1,"name":"Portada","item":"https:\/\/www.eldiario.net\/portal\/"},{"@type":"ListItem","position":2,"name":"Origen del lenguaje"}]},{"@type":"WebSite","@id":"https:\/\/www.eldiario.net\/portal\/#website","url":"https:\/\/www.eldiario.net\/portal\/","name":"El Diario - Decano de la prensa nacional","description":"El Diario - Decano de la prensa nacional","publisher":{"@id":"https:\/\/www.eldiario.net\/portal\/#organization"},"potentialAction":[{"@type":"SearchAction","target":{"@type":"EntryPoint","urlTemplate":"https:\/\/www.eldiario.net\/portal\/?s={search_term_string}"},"query-input":{"@type":"PropertyValueSpecification","valueRequired":true,"valueName":"search_term_string"}}],"inLanguage":"es"},{"@type":"Organization","@id":"https:\/\/www.eldiario.net\/portal\/#organization","name":"El Diario - Decano de la prensa nacional","url":"https:\/\/www.eldiario.net\/portal\/","logo":{"@type":"ImageObject","inLanguage":"es","@id":"https:\/\/www.eldiario.net\/portal\/#\/schema\/logo\/image\/","url":"https:\/\/www.eldiario.net\/portal\/wp-content\/uploads\/2023\/07\/logo_ED.jpg","contentUrl":"https:\/\/www.eldiario.net\/portal\/wp-content\/uploads\/2023\/07\/logo_ED.jpg","width":272,"height":52,"caption":"El Diario - Decano de la prensa nacional"},"image":{"@id":"https:\/\/www.eldiario.net\/portal\/#\/schema\/logo\/image\/"},"sameAs":["https:\/\/www.facebook.com\/eldiario.bolivia\/","https:\/\/x.com\/eldiario_net"]},{"@type":"Person","@id":"https:\/\/www.eldiario.net\/portal\/#\/schema\/person\/f46445640444750d7d753ccd04ae01b7","name":"Jeanette","image":{"@type":"ImageObject","inLanguage":"es","@id":"https:\/\/secure.gravatar.com\/avatar\/3ea2118a5f7dad2b7138b1187a6b7ee55f160b9968b66013c3a3ef39dd7e5798?s=96&d=mm&r=g","url":"https:\/\/secure.gravatar.com\/avatar\/3ea2118a5f7dad2b7138b1187a6b7ee55f160b9968b66013c3a3ef39dd7e5798?s=96&d=mm&r=g","contentUrl":"https:\/\/secure.gravatar.com\/avatar\/3ea2118a5f7dad2b7138b1187a6b7ee55f160b9968b66013c3a3ef39dd7e5798?s=96&d=mm&r=g","caption":"Jeanette"},"sameAs":["https:\/\/www.eldiario.net\/portal"],"url":"https:\/\/www.eldiario.net\/portal\/author\/jeanette\/"}]}},"_links":{"self":[{"href":"https:\/\/www.eldiario.net\/portal\/wp-json\/wp\/v2\/posts\/248761","targetHints":{"allow":["GET"]}}],"collection":[{"href":"https:\/\/www.eldiario.net\/portal\/wp-json\/wp\/v2\/posts"}],"about":[{"href":"https:\/\/www.eldiario.net\/portal\/wp-json\/wp\/v2\/types\/post"}],"author":[{"embeddable":true,"href":"https:\/\/www.eldiario.net\/portal\/wp-json\/wp\/v2\/users\/1"}],"replies":[{"embeddable":true,"href":"https:\/\/www.eldiario.net\/portal\/wp-json\/wp\/v2\/comments?post=248761"}],"version-history":[{"count":1,"href":"https:\/\/www.eldiario.net\/portal\/wp-json\/wp\/v2\/posts\/248761\/revisions"}],"predecessor-version":[{"id":248764,"href":"https:\/\/www.eldiario.net\/portal\/wp-json\/wp\/v2\/posts\/248761\/revisions\/248764"}],"wp:featuredmedia":[{"embeddable":true,"href":"https:\/\/www.eldiario.net\/portal\/wp-json\/wp\/v2\/media\/248762"}],"wp:attachment":[{"href":"https:\/\/www.eldiario.net\/portal\/wp-json\/wp\/v2\/media?parent=248761"}],"wp:term":[{"taxonomy":"category","embeddable":true,"href":"https:\/\/www.eldiario.net\/portal\/wp-json\/wp\/v2\/categories?post=248761"},{"taxonomy":"post_tag","embeddable":true,"href":"https:\/\/www.eldiario.net\/portal\/wp-json\/wp\/v2\/tags?post=248761"}],"curies":[{"name":"wp","href":"https:\/\/api.w.org\/{rel}","templated":true}]}}