{"id":248756,"date":"2024-09-20T06:13:56","date_gmt":"2024-09-20T10:13:56","guid":{"rendered":"https:\/\/www.eldiario.net\/portal\/?p=248756"},"modified":"2024-09-20T06:13:56","modified_gmt":"2024-09-20T10:13:56","slug":"tradiciones-su-origen-y-caracteristicas","status":"publish","type":"post","link":"https:\/\/www.eldiario.net\/portal\/2024\/09\/20\/tradiciones-su-origen-y-caracteristicas\/","title":{"rendered":"Tradiciones, su origen y caracter\u00edsticas"},"content":{"rendered":"<p><strong>Por. Lic. H\u00e9ctor Molina<\/strong><\/p>\n<p>&nbsp;<\/p>\n<p><strong>\u00bfQu\u00e9 son las tradiciones?<\/strong><\/p>\n<p>&nbsp;<\/p>\n<p>Seg\u00fan el soci\u00f3logo Edward Shils, las tradiciones juegan un papel central en la continuidad social, actuando como un veh\u00edculo que preserva la identidad cultural y al mismo tiempo permite la adaptaci\u00f3n al cambio. Para \u00e9l, las tradiciones no son elementos est\u00e1ticos, sino que pueden evolucionar, aunque siempre conservan un v\u00ednculo con el pasado.<\/p>\n<p>&nbsp;<\/p>\n<p>\u00abUn conjunto de creencias, costumbres, pr\u00e1cticas y valores que son transmitidos a trav\u00e9s de generaciones, formando un puente entre el pasado y el presente. Las tradiciones se caracterizan por su permanencia en el tiempo, aunque pueden adaptarse y transformarse seg\u00fan las circunstancias sociales.\u00bb (Shils, 1981)<\/p>\n<p>&nbsp;<\/p>\n<p>Las tradiciones son elementos fundamentales ya que reflejan las pr\u00e1cticas, creencias y valores transmitidos de generaci\u00f3n en generaci\u00f3n en una sociedad.<\/p>\n<p>&nbsp;<\/p>\n<ol>\n<li><strong> Origen de las tradiciones<\/strong><\/li>\n<\/ol>\n<p>&nbsp;<\/p>\n<p>Las tradiciones surgen como parte de la vida social y cultural de los grupos humanos. Se desarrollan a lo largo del tiempo como respuestas a necesidades comunes, religiosas, festivas o de organizaci\u00f3n social. Desde las primeras civilizaciones hasta las sociedades contempor\u00e1neas, las tradiciones han funcionado como mecanismos de cohesi\u00f3n social y herramientas de transmisi\u00f3n de conocimientos y valores.<\/p>\n<p>&nbsp;<\/p>\n<p><strong>Factores que influyen en la formaci\u00f3n de tradiciones:<\/strong><\/p>\n<p>&nbsp;<\/p>\n<ul>\n<li><strong>Entorno geogr\u00e1fico.<\/strong> El clima, los recursos naturales y el tipo de econom\u00eda influyen en las tradiciones relacionadas con la alimentaci\u00f3n, la vestimenta y las festividades.<\/li>\n<li><strong>Religi\u00f3n y espiritualidad.<\/strong> Muchos rituales y costumbres tienen un origen religioso, como las festividades religiosas o ceremonias de paso (bautismos, matrimonios, funerales).<\/li>\n<li><strong>Historia y eventos significativos.<\/strong> Los eventos hist\u00f3ricos importantes, como revoluciones, migraciones o conquistas, han generado tradiciones que conmemoran dichas experiencias colectivas.<\/li>\n<\/ul>\n<p>&nbsp;<\/p>\n<p>Las tradiciones tambi\u00e9n pueden derivar de pr\u00e1cticas cotidianas que se institucionalizan con el tiempo, como los mercados o ferias locales, o incluso de costumbres tribales en sociedades m\u00e1s antiguas.<\/p>\n<p>&nbsp;<\/p>\n<ol start=\"2\">\n<li><strong> Caracter\u00edsticas de las tradiciones<\/strong><\/li>\n<\/ol>\n<p>&nbsp;<\/p>\n<p>Las tradiciones tienen una serie de caracter\u00edsticas que las definen como pr\u00e1cticas sociales \u00fanicas. Estas caracter\u00edsticas permiten que las tradiciones mantengan su relevancia en las sociedades modernas, aunque a menudo adaptadas a nuevos contextos.<\/p>\n<p>&nbsp;<\/p>\n<ul>\n<li><strong>Transmisi\u00f3n intergeneracional.<\/strong> Las tradiciones se transmiten de una generaci\u00f3n a otra, siendo ense\u00f1adas por padres, ancianos o miembros respetados de la comunidad. Este proceso de transmisi\u00f3n es fundamental para su continuidad.<\/li>\n<li><strong>Estabilidad y cambio.<\/strong> Aunque las tradiciones tienden a ser estables, muchas se adaptan a los cambios sociales, pol\u00edticos o econ\u00f3micos. Por ejemplo, algunas festividades antiguas han sido reinterpretadas en un contexto moderno.<\/li>\n<li>Las tradiciones suelen estar cargadas de simbolismo. Los rituales, ceremonias y objetos utilizados en las pr\u00e1cticas tradicionales tienen significados espec\u00edficos que refuerzan las creencias y valores de la comunidad.<\/li>\n<li><strong>Funci\u00f3n social.<\/strong> Las tradiciones cumplen una funci\u00f3n social importante, ya que refuerzan el sentido de pertenencia y cohesi\u00f3n en el grupo. En tiempos modernos, esto es visible en celebraciones nacionales, como el D\u00eda de la Independencia en muchos pa\u00edses, que unen a las personas en torno a una historia compartida.<\/li>\n<li><strong>Diversidad cultural.<\/strong> Las tradiciones var\u00edan enormemente entre las diferentes culturas del mundo. Cada sociedad tiene un conjunto \u00fanico de costumbres que reflejan sus creencias, geograf\u00eda e historia.<\/li>\n<\/ul>\n\r\n                <style type=\"text\/css\">\r\n                    \r\n                    #tdi_1  .td-doubleSlider-2 .td-item1 {\r\n                        background: url(https:\/\/www.eldiario.net\/portal\/wp-content\/uploads\/2024\/09\/Socio-Tradiciones-lationoamericanas-80x60.jpg) 0 0 no-repeat;\r\n                    }\r\n                    #tdi_1  .td-doubleSlider-2 .td-item2 {\r\n                        background: url(https:\/\/www.eldiario.net\/portal\/wp-content\/uploads\/2024\/09\/Socio-Tradiciones-su-origen-y-caracteristicas-80x60.jpg) 0 0 no-repeat;\r\n                    }\r\n                    #tdi_1  .td-doubleSlider-2 .td-item3 {\r\n                        background: url(https:\/\/www.eldiario.net\/portal\/wp-content\/uploads\/2024\/09\/Socio-Tradiciones-80x60.jpg) 0 0 no-repeat;\r\n                    }\r\n                <\/style>\r\n\r\n                <div id=\"tdi_1\" class=\"td-gallery td-slide-on-2-columns\">\r\n                    <div class=\"post_td_gallery\">\r\n                        <div class=\"td-gallery-slide-top\">\r\n                           <div class=\"td-gallery-title\"><\/div>\r\n\r\n                            <div class=\"td-gallery-controls-wrapper\">\r\n                                <div class=\"td-gallery-slide-count\"><span class=\"td-gallery-slide-item-focus\">1<\/span> de 3<\/div>\r\n                                <div class=\"td-gallery-slide-prev-next-but\">\r\n                                    <i class = \"td-icon-left doubleSliderPrevButton\"><\/i>\r\n                                    <i class = \"td-icon-right doubleSliderNextButton\"><\/i>\r\n                                <\/div>\r\n                            <\/div>\r\n                        <\/div>\r\n\r\n                        <div class = \"td-doubleSlider-1 \">\r\n                            <div class = \"td-slider\">\r\n                                \r\n                    <div class = \"td-slide-item td-item1\">\r\n                        <figure class=\"td-slide-galery-figure td-slide-popup-gallery\">\r\n                            <a class=\"slide-gallery-image-link\" href=\"https:\/\/www.eldiario.net\/portal\/wp-content\/uploads\/2024\/09\/Socio-Tradiciones-lationoamericanas.jpg\" title=\"Socio---Tradiciones-lationoamericanas\"  data-caption=\"\"  data-description=\"\">\r\n                                <img decoding=\"async\" src=\"https:\/\/www.eldiario.net\/portal\/wp-content\/uploads\/2024\/09\/Socio-Tradiciones-lationoamericanas-612x420.jpg\" srcset=\"https:\/\/www.eldiario.net\/portal\/wp-content\/uploads\/2024\/09\/Socio-Tradiciones-lationoamericanas-612x420.jpg 612w, https:\/\/www.eldiario.net\/portal\/wp-content\/uploads\/2024\/09\/Socio-Tradiciones-lationoamericanas-300x206.jpg 300w, https:\/\/www.eldiario.net\/portal\/wp-content\/uploads\/2024\/09\/Socio-Tradiciones-lationoamericanas-768x527.jpg 768w, https:\/\/www.eldiario.net\/portal\/wp-content\/uploads\/2024\/09\/Socio-Tradiciones-lationoamericanas-218x150.jpg 218w, https:\/\/www.eldiario.net\/portal\/wp-content\/uploads\/2024\/09\/Socio-Tradiciones-lationoamericanas-696x478.jpg 696w, https:\/\/www.eldiario.net\/portal\/wp-content\/uploads\/2024\/09\/Socio-Tradiciones-lationoamericanas.jpg 980w\" sizes=\"(max-width: 612px) 100vw, 612px\" alt=\"\">\r\n                            <\/a>\r\n                            \r\n                        <\/figure>\r\n                    <\/div>\r\n                    <div class = \"td-slide-item td-item2\">\r\n                        <figure class=\"td-slide-galery-figure td-slide-popup-gallery\">\r\n                            <a class=\"slide-gallery-image-link\" href=\"https:\/\/www.eldiario.net\/portal\/wp-content\/uploads\/2024\/09\/Socio-Tradiciones-su-origen-y-caracteristicas.jpg\" title=\"Socio---Tradiciones,-su-origen-y-caracter\u00edsticas\"  data-caption=\"\"  data-description=\"\">\r\n                                <img decoding=\"async\" src=\"https:\/\/www.eldiario.net\/portal\/wp-content\/uploads\/2024\/09\/Socio-Tradiciones-su-origen-y-caracteristicas-747x420.jpg\" srcset=\"https:\/\/www.eldiario.net\/portal\/wp-content\/uploads\/2024\/09\/Socio-Tradiciones-su-origen-y-caracteristicas-747x420.jpg 747w, https:\/\/www.eldiario.net\/portal\/wp-content\/uploads\/2024\/09\/Socio-Tradiciones-su-origen-y-caracteristicas-300x169.jpg 300w, https:\/\/www.eldiario.net\/portal\/wp-content\/uploads\/2024\/09\/Socio-Tradiciones-su-origen-y-caracteristicas-1024x576.jpg 1024w, https:\/\/www.eldiario.net\/portal\/wp-content\/uploads\/2024\/09\/Socio-Tradiciones-su-origen-y-caracteristicas-768x432.jpg 768w, https:\/\/www.eldiario.net\/portal\/wp-content\/uploads\/2024\/09\/Socio-Tradiciones-su-origen-y-caracteristicas-696x392.jpg 696w, https:\/\/www.eldiario.net\/portal\/wp-content\/uploads\/2024\/09\/Socio-Tradiciones-su-origen-y-caracteristicas-1068x601.jpg 1068w, https:\/\/www.eldiario.net\/portal\/wp-content\/uploads\/2024\/09\/Socio-Tradiciones-su-origen-y-caracteristicas.jpg 1200w\" sizes=\"(max-width: 747px) 100vw, 747px\" alt=\"\">\r\n                            <\/a>\r\n                            \r\n                        <\/figure>\r\n                    <\/div>\r\n                    <div class = \"td-slide-item td-item3\">\r\n                        <figure class=\"td-slide-galery-figure td-slide-popup-gallery\">\r\n                            <a class=\"slide-gallery-image-link\" href=\"https:\/\/www.eldiario.net\/portal\/wp-content\/uploads\/2024\/09\/Socio-Tradiciones.jpg\" title=\"Socio---Tradiciones\"  data-caption=\"\"  data-description=\"\">\r\n                                <img decoding=\"async\" src=\"https:\/\/www.eldiario.net\/portal\/wp-content\/uploads\/2024\/09\/Socio-Tradiciones-569x420.jpg\" srcset=\"https:\/\/www.eldiario.net\/portal\/wp-content\/uploads\/2024\/09\/Socio-Tradiciones-569x420.jpg 569w, https:\/\/www.eldiario.net\/portal\/wp-content\/uploads\/2024\/09\/Socio-Tradiciones-300x222.jpg 300w, https:\/\/www.eldiario.net\/portal\/wp-content\/uploads\/2024\/09\/Socio-Tradiciones-1024x756.jpg 1024w, https:\/\/www.eldiario.net\/portal\/wp-content\/uploads\/2024\/09\/Socio-Tradiciones-768x567.jpg 768w, https:\/\/www.eldiario.net\/portal\/wp-content\/uploads\/2024\/09\/Socio-Tradiciones-80x60.jpg 80w, https:\/\/www.eldiario.net\/portal\/wp-content\/uploads\/2024\/09\/Socio-Tradiciones-696x514.jpg 696w, https:\/\/www.eldiario.net\/portal\/wp-content\/uploads\/2024\/09\/Socio-Tradiciones-1068x789.jpg 1068w, https:\/\/www.eldiario.net\/portal\/wp-content\/uploads\/2024\/09\/Socio-Tradiciones.jpg 1200w\" sizes=\"(max-width: 569px) 100vw, 569px\" alt=\"\">\r\n                            <\/a>\r\n                            \r\n                        <\/figure>\r\n                    <\/div>\r\n                            <\/div>\r\n                        <\/div>\r\n\r\n                        <div class = \"td-doubleSlider-2\">\r\n                            <div class = \"td-slider\">\r\n                                \r\n                    <div class = \"td-button td-item1\">\r\n                        <div class = \"td-border\"><\/div>\r\n                    <\/div>\r\n                    <div class = \"td-button td-item2\">\r\n                        <div class = \"td-border\"><\/div>\r\n                    <\/div>\r\n                    <div class = \"td-button td-item3\">\r\n                        <div class = \"td-border\"><\/div>\r\n                    <\/div>\r\n                            <\/div>\r\n                        <\/div>\r\n\r\n                    <\/div>\r\n\r\n                <\/div>\r\n                \n","protected":false},"excerpt":{"rendered":"<p>Por. Lic. H\u00e9ctor Molina &nbsp; \u00bfQu\u00e9 son las tradiciones? &nbsp; Seg\u00fan el soci\u00f3logo Edward Shils, las tradiciones juegan un papel central en la continuidad social, actuando como un veh\u00edculo que preserva la identidad cultural y al mismo tiempo permite la adaptaci\u00f3n al cambio. Para \u00e9l, las tradiciones no son elementos est\u00e1ticos, sino que pueden evolucionar, [&hellip;]<\/p>\n","protected":false},"author":1,"featured_media":248757,"comment_status":"open","ping_status":"open","sticky":false,"template":"","format":"standard","meta":{"_acf_changed":false,"footnotes":""},"categories":[43],"tags":[],"class_list":["post-248756","post","type-post","status-publish","format-standard","has-post-thumbnail","category-nuevos-horizontes"],"acf":{"antetitulo":""},"yoast_head":"<!-- This site is optimized with the Yoast SEO plugin v28.4 - https:\/\/yoast.com\/product\/yoast-seo-wordpress\/ -->\n<title>Tradiciones, su origen y caracter\u00edsticas - El Diario - Bolivia<\/title>\n<meta name=\"robots\" content=\"index, follow, max-snippet:-1, max-image-preview:large, max-video-preview:-1\" \/>\n<link rel=\"canonical\" href=\"https:\/\/www.eldiario.net\/portal\/2024\/09\/20\/tradiciones-su-origen-y-caracteristicas\/\" \/>\n<meta property=\"og:locale\" content=\"es_ES\" \/>\n<meta property=\"og:type\" content=\"article\" \/>\n<meta property=\"og:title\" content=\"Tradiciones, su origen y caracter\u00edsticas - El Diario - Bolivia\" \/>\n<meta property=\"og:description\" content=\"Por. Lic. H\u00e9ctor Molina &nbsp; \u00bfQu\u00e9 son las tradiciones? &nbsp; Seg\u00fan el soci\u00f3logo Edward Shils, las tradiciones juegan un papel central en la continuidad social, actuando como un veh\u00edculo que preserva la identidad cultural y al mismo tiempo permite la adaptaci\u00f3n al cambio. Para \u00e9l, las tradiciones no son elementos est\u00e1ticos, sino que pueden evolucionar, [&hellip;]\" \/>\n<meta property=\"og:url\" content=\"https:\/\/www.eldiario.net\/portal\/2024\/09\/20\/tradiciones-su-origen-y-caracteristicas\/\" \/>\n<meta property=\"og:site_name\" content=\"El Diario - Bolivia\" \/>\n<meta property=\"article:publisher\" content=\"https:\/\/www.facebook.com\/eldiario.bolivia\/\" \/>\n<meta property=\"article:published_time\" content=\"2024-09-20T10:13:56+00:00\" \/>\n<meta property=\"og:image\" content=\"https:\/\/www.eldiario.net\/portal\/wp-content\/uploads\/2024\/09\/Socio-Tradiciones-lationoamericanas.jpg\" \/>\n\t<meta property=\"og:image:width\" content=\"980\" \/>\n\t<meta property=\"og:image:height\" content=\"673\" \/>\n\t<meta property=\"og:image:type\" content=\"image\/jpeg\" \/>\n<meta name=\"author\" content=\"Jeanette\" \/>\n<meta name=\"twitter:card\" content=\"summary_large_image\" \/>\n<meta name=\"twitter:creator\" content=\"@eldiario_net\" \/>\n<meta name=\"twitter:site\" content=\"@eldiario_net\" \/>\n<meta name=\"twitter:label1\" content=\"Escrito por\" \/>\n\t<meta name=\"twitter:data1\" content=\"Jeanette\" \/>\n\t<meta name=\"twitter:label2\" content=\"Tiempo de lectura\" \/>\n\t<meta name=\"twitter:data2\" content=\"3 minutos\" \/>\n<script type=\"application\/ld+json\" class=\"yoast-schema-graph\">{\"@context\":\"https:\\\/\\\/schema.org\",\"@graph\":[{\"@type\":\"Article\",\"@id\":\"https:\\\/\\\/www.eldiario.net\\\/portal\\\/2024\\\/09\\\/20\\\/tradiciones-su-origen-y-caracteristicas\\\/#article\",\"isPartOf\":{\"@id\":\"https:\\\/\\\/www.eldiario.net\\\/portal\\\/2024\\\/09\\\/20\\\/tradiciones-su-origen-y-caracteristicas\\\/\"},\"author\":{\"name\":\"Jeanette\",\"@id\":\"https:\\\/\\\/www.eldiario.net\\\/portal\\\/#\\\/schema\\\/person\\\/f46445640444750d7d753ccd04ae01b7\"},\"headline\":\"Tradiciones, su origen y caracter\u00edsticas\",\"datePublished\":\"2024-09-20T10:13:56+00:00\",\"mainEntityOfPage\":{\"@id\":\"https:\\\/\\\/www.eldiario.net\\\/portal\\\/2024\\\/09\\\/20\\\/tradiciones-su-origen-y-caracteristicas\\\/\"},\"wordCount\":572,\"commentCount\":0,\"publisher\":{\"@id\":\"https:\\\/\\\/www.eldiario.net\\\/portal\\\/#organization\"},\"image\":{\"@id\":\"https:\\\/\\\/www.eldiario.net\\\/portal\\\/2024\\\/09\\\/20\\\/tradiciones-su-origen-y-caracteristicas\\\/#primaryimage\"},\"thumbnailUrl\":\"https:\\\/\\\/www.eldiario.net\\\/portal\\\/wp-content\\\/uploads\\\/2024\\\/09\\\/Socio-Tradiciones-lationoamericanas.jpg\",\"articleSection\":[\"Nuevos Horizontes\"],\"inLanguage\":\"es\",\"potentialAction\":[{\"@type\":\"CommentAction\",\"name\":\"Comment\",\"target\":[\"https:\\\/\\\/www.eldiario.net\\\/portal\\\/2024\\\/09\\\/20\\\/tradiciones-su-origen-y-caracteristicas\\\/#respond\"]}]},{\"@type\":\"WebPage\",\"@id\":\"https:\\\/\\\/www.eldiario.net\\\/portal\\\/2024\\\/09\\\/20\\\/tradiciones-su-origen-y-caracteristicas\\\/\",\"url\":\"https:\\\/\\\/www.eldiario.net\\\/portal\\\/2024\\\/09\\\/20\\\/tradiciones-su-origen-y-caracteristicas\\\/\",\"name\":\"Tradiciones, su origen y caracter\u00edsticas - El Diario - Bolivia\",\"isPartOf\":{\"@id\":\"https:\\\/\\\/www.eldiario.net\\\/portal\\\/#website\"},\"primaryImageOfPage\":{\"@id\":\"https:\\\/\\\/www.eldiario.net\\\/portal\\\/2024\\\/09\\\/20\\\/tradiciones-su-origen-y-caracteristicas\\\/#primaryimage\"},\"image\":{\"@id\":\"https:\\\/\\\/www.eldiario.net\\\/portal\\\/2024\\\/09\\\/20\\\/tradiciones-su-origen-y-caracteristicas\\\/#primaryimage\"},\"thumbnailUrl\":\"https:\\\/\\\/www.eldiario.net\\\/portal\\\/wp-content\\\/uploads\\\/2024\\\/09\\\/Socio-Tradiciones-lationoamericanas.jpg\",\"datePublished\":\"2024-09-20T10:13:56+00:00\",\"breadcrumb\":{\"@id\":\"https:\\\/\\\/www.eldiario.net\\\/portal\\\/2024\\\/09\\\/20\\\/tradiciones-su-origen-y-caracteristicas\\\/#breadcrumb\"},\"inLanguage\":\"es\",\"potentialAction\":[{\"@type\":\"ReadAction\",\"target\":[\"https:\\\/\\\/www.eldiario.net\\\/portal\\\/2024\\\/09\\\/20\\\/tradiciones-su-origen-y-caracteristicas\\\/\"]}]},{\"@type\":\"ImageObject\",\"inLanguage\":\"es\",\"@id\":\"https:\\\/\\\/www.eldiario.net\\\/portal\\\/2024\\\/09\\\/20\\\/tradiciones-su-origen-y-caracteristicas\\\/#primaryimage\",\"url\":\"https:\\\/\\\/www.eldiario.net\\\/portal\\\/wp-content\\\/uploads\\\/2024\\\/09\\\/Socio-Tradiciones-lationoamericanas.jpg\",\"contentUrl\":\"https:\\\/\\\/www.eldiario.net\\\/portal\\\/wp-content\\\/uploads\\\/2024\\\/09\\\/Socio-Tradiciones-lationoamericanas.jpg\",\"width\":980,\"height\":673},{\"@type\":\"BreadcrumbList\",\"@id\":\"https:\\\/\\\/www.eldiario.net\\\/portal\\\/2024\\\/09\\\/20\\\/tradiciones-su-origen-y-caracteristicas\\\/#breadcrumb\",\"itemListElement\":[{\"@type\":\"ListItem\",\"position\":1,\"name\":\"Portada\",\"item\":\"https:\\\/\\\/www.eldiario.net\\\/portal\\\/\"},{\"@type\":\"ListItem\",\"position\":2,\"name\":\"Tradiciones, su origen y caracter\u00edsticas\"}]},{\"@type\":\"WebSite\",\"@id\":\"https:\\\/\\\/www.eldiario.net\\\/portal\\\/#website\",\"url\":\"https:\\\/\\\/www.eldiario.net\\\/portal\\\/\",\"name\":\"El Diario - Decano de la prensa nacional\",\"description\":\"El Diario - Decano de la prensa nacional\",\"publisher\":{\"@id\":\"https:\\\/\\\/www.eldiario.net\\\/portal\\\/#organization\"},\"potentialAction\":[{\"@type\":\"SearchAction\",\"target\":{\"@type\":\"EntryPoint\",\"urlTemplate\":\"https:\\\/\\\/www.eldiario.net\\\/portal\\\/?s={search_term_string}\"},\"query-input\":{\"@type\":\"PropertyValueSpecification\",\"valueRequired\":true,\"valueName\":\"search_term_string\"}}],\"inLanguage\":\"es\"},{\"@type\":\"Organization\",\"@id\":\"https:\\\/\\\/www.eldiario.net\\\/portal\\\/#organization\",\"name\":\"El Diario - Decano de la prensa nacional\",\"url\":\"https:\\\/\\\/www.eldiario.net\\\/portal\\\/\",\"logo\":{\"@type\":\"ImageObject\",\"inLanguage\":\"es\",\"@id\":\"https:\\\/\\\/www.eldiario.net\\\/portal\\\/#\\\/schema\\\/logo\\\/image\\\/\",\"url\":\"https:\\\/\\\/www.eldiario.net\\\/portal\\\/wp-content\\\/uploads\\\/2023\\\/07\\\/logo_ED.jpg\",\"contentUrl\":\"https:\\\/\\\/www.eldiario.net\\\/portal\\\/wp-content\\\/uploads\\\/2023\\\/07\\\/logo_ED.jpg\",\"width\":272,\"height\":52,\"caption\":\"El Diario - Decano de la prensa nacional\"},\"image\":{\"@id\":\"https:\\\/\\\/www.eldiario.net\\\/portal\\\/#\\\/schema\\\/logo\\\/image\\\/\"},\"sameAs\":[\"https:\\\/\\\/www.facebook.com\\\/eldiario.bolivia\\\/\",\"https:\\\/\\\/x.com\\\/eldiario_net\"]},{\"@type\":\"Person\",\"@id\":\"https:\\\/\\\/www.eldiario.net\\\/portal\\\/#\\\/schema\\\/person\\\/f46445640444750d7d753ccd04ae01b7\",\"name\":\"Jeanette\",\"image\":{\"@type\":\"ImageObject\",\"inLanguage\":\"es\",\"@id\":\"https:\\\/\\\/secure.gravatar.com\\\/avatar\\\/3ea2118a5f7dad2b7138b1187a6b7ee55f160b9968b66013c3a3ef39dd7e5798?s=96&d=mm&r=g\",\"url\":\"https:\\\/\\\/secure.gravatar.com\\\/avatar\\\/3ea2118a5f7dad2b7138b1187a6b7ee55f160b9968b66013c3a3ef39dd7e5798?s=96&d=mm&r=g\",\"contentUrl\":\"https:\\\/\\\/secure.gravatar.com\\\/avatar\\\/3ea2118a5f7dad2b7138b1187a6b7ee55f160b9968b66013c3a3ef39dd7e5798?s=96&d=mm&r=g\",\"caption\":\"Jeanette\"},\"sameAs\":[\"https:\\\/\\\/www.eldiario.net\\\/portal\"],\"url\":\"https:\\\/\\\/www.eldiario.net\\\/portal\\\/author\\\/jeanette\\\/\"}]}<\/script>\n<!-- \/ Yoast SEO plugin. -->","yoast_head_json":{"title":"Tradiciones, su origen y caracter\u00edsticas - El Diario - Bolivia","robots":{"index":"index","follow":"follow","max-snippet":"max-snippet:-1","max-image-preview":"max-image-preview:large","max-video-preview":"max-video-preview:-1"},"canonical":"https:\/\/www.eldiario.net\/portal\/2024\/09\/20\/tradiciones-su-origen-y-caracteristicas\/","og_locale":"es_ES","og_type":"article","og_title":"Tradiciones, su origen y caracter\u00edsticas - El Diario - Bolivia","og_description":"Por. Lic. H\u00e9ctor Molina &nbsp; \u00bfQu\u00e9 son las tradiciones? &nbsp; Seg\u00fan el soci\u00f3logo Edward Shils, las tradiciones juegan un papel central en la continuidad social, actuando como un veh\u00edculo que preserva la identidad cultural y al mismo tiempo permite la adaptaci\u00f3n al cambio. Para \u00e9l, las tradiciones no son elementos est\u00e1ticos, sino que pueden evolucionar, [&hellip;]","og_url":"https:\/\/www.eldiario.net\/portal\/2024\/09\/20\/tradiciones-su-origen-y-caracteristicas\/","og_site_name":"El Diario - Bolivia","article_publisher":"https:\/\/www.facebook.com\/eldiario.bolivia\/","article_published_time":"2024-09-20T10:13:56+00:00","og_image":[{"width":980,"height":673,"url":"https:\/\/www.eldiario.net\/portal\/wp-content\/uploads\/2024\/09\/Socio-Tradiciones-lationoamericanas.jpg","type":"image\/jpeg"}],"author":"Jeanette","twitter_card":"summary_large_image","twitter_creator":"@eldiario_net","twitter_site":"@eldiario_net","twitter_misc":{"Escrito por":"Jeanette","Tiempo de lectura":"3 minutos"},"schema":{"@context":"https:\/\/schema.org","@graph":[{"@type":"Article","@id":"https:\/\/www.eldiario.net\/portal\/2024\/09\/20\/tradiciones-su-origen-y-caracteristicas\/#article","isPartOf":{"@id":"https:\/\/www.eldiario.net\/portal\/2024\/09\/20\/tradiciones-su-origen-y-caracteristicas\/"},"author":{"name":"Jeanette","@id":"https:\/\/www.eldiario.net\/portal\/#\/schema\/person\/f46445640444750d7d753ccd04ae01b7"},"headline":"Tradiciones, su origen y caracter\u00edsticas","datePublished":"2024-09-20T10:13:56+00:00","mainEntityOfPage":{"@id":"https:\/\/www.eldiario.net\/portal\/2024\/09\/20\/tradiciones-su-origen-y-caracteristicas\/"},"wordCount":572,"commentCount":0,"publisher":{"@id":"https:\/\/www.eldiario.net\/portal\/#organization"},"image":{"@id":"https:\/\/www.eldiario.net\/portal\/2024\/09\/20\/tradiciones-su-origen-y-caracteristicas\/#primaryimage"},"thumbnailUrl":"https:\/\/www.eldiario.net\/portal\/wp-content\/uploads\/2024\/09\/Socio-Tradiciones-lationoamericanas.jpg","articleSection":["Nuevos Horizontes"],"inLanguage":"es","potentialAction":[{"@type":"CommentAction","name":"Comment","target":["https:\/\/www.eldiario.net\/portal\/2024\/09\/20\/tradiciones-su-origen-y-caracteristicas\/#respond"]}]},{"@type":"WebPage","@id":"https:\/\/www.eldiario.net\/portal\/2024\/09\/20\/tradiciones-su-origen-y-caracteristicas\/","url":"https:\/\/www.eldiario.net\/portal\/2024\/09\/20\/tradiciones-su-origen-y-caracteristicas\/","name":"Tradiciones, su origen y caracter\u00edsticas - El Diario - Bolivia","isPartOf":{"@id":"https:\/\/www.eldiario.net\/portal\/#website"},"primaryImageOfPage":{"@id":"https:\/\/www.eldiario.net\/portal\/2024\/09\/20\/tradiciones-su-origen-y-caracteristicas\/#primaryimage"},"image":{"@id":"https:\/\/www.eldiario.net\/portal\/2024\/09\/20\/tradiciones-su-origen-y-caracteristicas\/#primaryimage"},"thumbnailUrl":"https:\/\/www.eldiario.net\/portal\/wp-content\/uploads\/2024\/09\/Socio-Tradiciones-lationoamericanas.jpg","datePublished":"2024-09-20T10:13:56+00:00","breadcrumb":{"@id":"https:\/\/www.eldiario.net\/portal\/2024\/09\/20\/tradiciones-su-origen-y-caracteristicas\/#breadcrumb"},"inLanguage":"es","potentialAction":[{"@type":"ReadAction","target":["https:\/\/www.eldiario.net\/portal\/2024\/09\/20\/tradiciones-su-origen-y-caracteristicas\/"]}]},{"@type":"ImageObject","inLanguage":"es","@id":"https:\/\/www.eldiario.net\/portal\/2024\/09\/20\/tradiciones-su-origen-y-caracteristicas\/#primaryimage","url":"https:\/\/www.eldiario.net\/portal\/wp-content\/uploads\/2024\/09\/Socio-Tradiciones-lationoamericanas.jpg","contentUrl":"https:\/\/www.eldiario.net\/portal\/wp-content\/uploads\/2024\/09\/Socio-Tradiciones-lationoamericanas.jpg","width":980,"height":673},{"@type":"BreadcrumbList","@id":"https:\/\/www.eldiario.net\/portal\/2024\/09\/20\/tradiciones-su-origen-y-caracteristicas\/#breadcrumb","itemListElement":[{"@type":"ListItem","position":1,"name":"Portada","item":"https:\/\/www.eldiario.net\/portal\/"},{"@type":"ListItem","position":2,"name":"Tradiciones, su origen y caracter\u00edsticas"}]},{"@type":"WebSite","@id":"https:\/\/www.eldiario.net\/portal\/#website","url":"https:\/\/www.eldiario.net\/portal\/","name":"El Diario - Decano de la prensa nacional","description":"El Diario - Decano de la prensa nacional","publisher":{"@id":"https:\/\/www.eldiario.net\/portal\/#organization"},"potentialAction":[{"@type":"SearchAction","target":{"@type":"EntryPoint","urlTemplate":"https:\/\/www.eldiario.net\/portal\/?s={search_term_string}"},"query-input":{"@type":"PropertyValueSpecification","valueRequired":true,"valueName":"search_term_string"}}],"inLanguage":"es"},{"@type":"Organization","@id":"https:\/\/www.eldiario.net\/portal\/#organization","name":"El Diario - Decano de la prensa nacional","url":"https:\/\/www.eldiario.net\/portal\/","logo":{"@type":"ImageObject","inLanguage":"es","@id":"https:\/\/www.eldiario.net\/portal\/#\/schema\/logo\/image\/","url":"https:\/\/www.eldiario.net\/portal\/wp-content\/uploads\/2023\/07\/logo_ED.jpg","contentUrl":"https:\/\/www.eldiario.net\/portal\/wp-content\/uploads\/2023\/07\/logo_ED.jpg","width":272,"height":52,"caption":"El Diario - Decano de la prensa nacional"},"image":{"@id":"https:\/\/www.eldiario.net\/portal\/#\/schema\/logo\/image\/"},"sameAs":["https:\/\/www.facebook.com\/eldiario.bolivia\/","https:\/\/x.com\/eldiario_net"]},{"@type":"Person","@id":"https:\/\/www.eldiario.net\/portal\/#\/schema\/person\/f46445640444750d7d753ccd04ae01b7","name":"Jeanette","image":{"@type":"ImageObject","inLanguage":"es","@id":"https:\/\/secure.gravatar.com\/avatar\/3ea2118a5f7dad2b7138b1187a6b7ee55f160b9968b66013c3a3ef39dd7e5798?s=96&d=mm&r=g","url":"https:\/\/secure.gravatar.com\/avatar\/3ea2118a5f7dad2b7138b1187a6b7ee55f160b9968b66013c3a3ef39dd7e5798?s=96&d=mm&r=g","contentUrl":"https:\/\/secure.gravatar.com\/avatar\/3ea2118a5f7dad2b7138b1187a6b7ee55f160b9968b66013c3a3ef39dd7e5798?s=96&d=mm&r=g","caption":"Jeanette"},"sameAs":["https:\/\/www.eldiario.net\/portal"],"url":"https:\/\/www.eldiario.net\/portal\/author\/jeanette\/"}]}},"_links":{"self":[{"href":"https:\/\/www.eldiario.net\/portal\/wp-json\/wp\/v2\/posts\/248756","targetHints":{"allow":["GET"]}}],"collection":[{"href":"https:\/\/www.eldiario.net\/portal\/wp-json\/wp\/v2\/posts"}],"about":[{"href":"https:\/\/www.eldiario.net\/portal\/wp-json\/wp\/v2\/types\/post"}],"author":[{"embeddable":true,"href":"https:\/\/www.eldiario.net\/portal\/wp-json\/wp\/v2\/users\/1"}],"replies":[{"embeddable":true,"href":"https:\/\/www.eldiario.net\/portal\/wp-json\/wp\/v2\/comments?post=248756"}],"version-history":[{"count":1,"href":"https:\/\/www.eldiario.net\/portal\/wp-json\/wp\/v2\/posts\/248756\/revisions"}],"predecessor-version":[{"id":248760,"href":"https:\/\/www.eldiario.net\/portal\/wp-json\/wp\/v2\/posts\/248756\/revisions\/248760"}],"wp:featuredmedia":[{"embeddable":true,"href":"https:\/\/www.eldiario.net\/portal\/wp-json\/wp\/v2\/media\/248757"}],"wp:attachment":[{"href":"https:\/\/www.eldiario.net\/portal\/wp-json\/wp\/v2\/media?parent=248756"}],"wp:term":[{"taxonomy":"category","embeddable":true,"href":"https:\/\/www.eldiario.net\/portal\/wp-json\/wp\/v2\/categories?post=248756"},{"taxonomy":"post_tag","embeddable":true,"href":"https:\/\/www.eldiario.net\/portal\/wp-json\/wp\/v2\/tags?post=248756"}],"curies":[{"name":"wp","href":"https:\/\/api.w.org\/{rel}","templated":true}]}}