{"id":248752,"date":"2024-09-20T06:12:56","date_gmt":"2024-09-20T10:12:56","guid":{"rendered":"https:\/\/www.eldiario.net\/portal\/?p=248752"},"modified":"2024-09-20T06:12:56","modified_gmt":"2024-09-20T10:12:56","slug":"el-sistema-excretor-2","status":"publish","type":"post","link":"https:\/\/www.eldiario.net\/portal\/2024\/09\/20\/el-sistema-excretor-2\/","title":{"rendered":"El sistema excretor"},"content":{"rendered":"<p><strong>Por. Equipo editor<\/strong><\/p>\n<p>&nbsp;<\/p>\n<p><strong>Recordemos que\u2026<\/strong><\/p>\n<p>&nbsp;<\/p>\n<p>El sistema excretor es el conjunto de \u00f3rganos y estructuras que se encargan de eliminar los desechos metab\u00f3licos del cuerpo, ayudando a mantener el equilibrio de agua, electrolitos y sustancias t\u00f3xicas. Su funci\u00f3n principal es regular la cantidad de l\u00edquidos y la composici\u00f3n qu\u00edmica de la sangre, eliminando lo que el cuerpo no necesita.<\/p>\n<p>&nbsp;<\/p>\n<p>Este sistema es responsable de eliminar los desechos metab\u00f3licos y mantener el equilibrio de agua y electrolitos en el cuerpo. Este sistema est\u00e1 compuesto principalmente por los ri\u00f1ones, ur\u00e9teres, vejiga urinaria y uretra. Aqu\u00ed te explico c\u00f3mo funciona y sus componentes clave:<\/p>\n<p>&nbsp;<\/p>\n<p><strong>Cuidados para el sistema excretor<\/strong><\/p>\n<p>&nbsp;<\/p>\n<p>El cuidado del sistema excretor es fundamental para mantener la salud general del cuerpo, ya que este sistema se encarga de eliminar desechos y mantener el equilibrio de l\u00edquidos y sales. Aqu\u00ed te explico algunas pr\u00e1cticas clave para cuidar el sistema excretor:<\/p>\n<p>&nbsp;<\/p>\n<ol>\n<li><strong> Hidrataci\u00f3n adecuada<\/strong><\/li>\n<\/ol>\n<p>&nbsp;<\/p>\n<p>El agua es esencial para el funcionamiento \u00f3ptimo de los ri\u00f1ones. Mantenerse bien hidratado facilita la eliminaci\u00f3n de toxinas y evita que los ri\u00f1ones tengan que trabajar en exceso para concentrar la orina. Se recomienda beber al menos 1.5 a 2 litros de agua al d\u00eda, dependiendo del clima y la actividad f\u00edsica.<\/p>\n<p>&nbsp;<\/p>\n<ul>\n<li>Ayuda a diluir los desechos en la orina, reduce el riesgo de c\u00e1lculos renales y previene infecciones urinarias.<\/li>\n<\/ul>\n<p>&nbsp;<\/p>\n<ol start=\"2\">\n<li><strong> Dieta equilibrada<\/strong><\/li>\n<\/ol>\n<p>&nbsp;<\/p>\n<p>El consumo adecuado de alimentos tambi\u00e9n afecta el sistema excretor. Una dieta rica en frutas, verduras y cereales integrales, y baja en sodio y prote\u00ednas animales, es clave para reducir la carga sobre los ri\u00f1ones.<\/p>\n<p>&nbsp;<\/p>\n<ul>\n<li><strong>Reducir el consumo de sal.<\/strong> El exceso de sodio puede aumentar la presi\u00f3n arterial, lo que pone en riesgo la salud de los ri\u00f1ones.<\/li>\n<li><strong>Moderar la prote\u00edna animal. <\/strong>Una dieta alta en prote\u00ednas genera m\u00e1s productos de desecho como la urea, lo que puede sobrecargar los ri\u00f1ones.<\/li>\n<li><strong>Alimentos ricos en antioxidantes. <\/strong>Las frutas como ar\u00e1ndanos y moras, y los vegetales como espinacas, contienen antioxidantes que ayudan a reducir la inflamaci\u00f3n y protegen la funci\u00f3n renal.<\/li>\n<\/ul>\n<p>&nbsp;<\/p>\n<ol start=\"3\">\n<li><strong> Evitar el uso excesivo de medicamentos<\/strong><\/li>\n<\/ol>\n<p>&nbsp;<\/p>\n<p>Algunos medicamentos, como los analg\u00e9sicos no esteroideos (ibuprofeno, naproxeno), pueden da\u00f1ar los ri\u00f1ones si se usan en exceso o durante mucho tiempo. Es importante seguir las recomendaciones m\u00e9dicas y no automedicarse.<\/p>\n<p>&nbsp;<\/p>\n<ul>\n<li><strong>Recomendaci\u00f3n.<\/strong> Si necesitas tomar medicamentos a largo plazo, consulta con un m\u00e9dico para monitorear la funci\u00f3n renal y evaluar alternativas m\u00e1s seguras.<\/li>\n<\/ul>\n<p>&nbsp;<\/p>\n<ol start=\"4\">\n<li><strong> Control de enfermedades cr\u00f3nicas<\/strong><\/li>\n<\/ol>\n<p>&nbsp;<\/p>\n<p>Condiciones como la diabetes y la hipertensi\u00f3n son factores de riesgo importantes para la enfermedad renal. Controlar estos trastornos con el seguimiento adecuado de un m\u00e9dico, una dieta balanceada y ejercicio regular ayuda a prevenir da\u00f1o renal a largo plazo.<\/p>\n<p>&nbsp;<\/p>\n<ul>\n<li>Mantener los niveles de az\u00facar en sangre bajo control es crucial para evitar complicaciones renales.<\/li>\n<li><strong>Hipertensi\u00f3n. <\/strong>La presi\u00f3n arterial alta puede da\u00f1ar los vasos sangu\u00edneos en los ri\u00f1ones, por lo que mantenerla en rangos normales es esencial.<\/li>\n<\/ul>\n<p>&nbsp;<\/p>\n<ol start=\"5\">\n<li><strong> H\u00e1bitos de higiene<\/strong><\/li>\n<\/ol>\n<p>&nbsp;<\/p>\n<p>Mantener una buena higiene personal es importante para prevenir infecciones del tracto urinario (ITU), que pueden afectar negativamente al sistema excretor.<\/p>\n<p>&nbsp;<\/p>\n<ul>\n<li>Beber suficiente agua para orinar con frecuencia.<\/li>\n<li>Orinar despu\u00e9s de tener relaciones sexuales para evitar infecciones.<\/li>\n<li>Limpiarse adecuadamente despu\u00e9s de usar el ba\u00f1o, especialmente en mujeres, para prevenir la propagaci\u00f3n de bacterias.<\/li>\n<\/ul>\n<p>&nbsp;<\/p>\n<ol start=\"6\">\n<li><strong> Evitar el tabaco y el alcohol<\/strong><\/li>\n<\/ol>\n<p>&nbsp;<\/p>\n<p>El tabaquismo y el consumo excesivo de alcohol pueden causar da\u00f1os graves a los ri\u00f1ones. El tabaco restringe el flujo sangu\u00edneo a los ri\u00f1ones y aumenta el riesgo de c\u00e1ncer de vejiga. El consumo excesivo de alcohol tambi\u00e9n puede deshidratar el cuerpo, aumentando el riesgo de c\u00e1lculos renales.<\/p>\n<p>&nbsp;<\/p>\n<ol start=\"7\">\n<li><strong> Realizar chequeos m\u00e9dicos regulares<\/strong><\/li>\n<\/ol>\n<p>&nbsp;<\/p>\n<p>Es importante someterse a pruebas de funci\u00f3n renal de manera peri\u00f3dica, especialmente si existen antecedentes familiares de enfermedad renal o factores de riesgo como diabetes o hipertensi\u00f3n.<\/p>\n<p>&nbsp;<\/p>\n<ol start=\"8\">\n<li><strong> Ejercicio regular<\/strong><\/li>\n<\/ol>\n<p>&nbsp;<\/p>\n<p>El ejercicio ayuda a mantener la presi\u00f3n arterial bajo control y mejora la circulaci\u00f3n, lo que contribuye al buen funcionamiento del sistema excretor. Se recomienda realizar al menos 30 minutos de actividad f\u00edsica moderada, cinco veces a la semana.<\/p>\n<p>&nbsp;<\/p>\n<p>Cuidar el sistema excretor es esencial para evitar problemas de salud graves, como enfermedades renales o infecciones del tracto urinario. Adoptar estos h\u00e1bitos saludables es clave para mantener el sistema funcionando de manera eficiente a lo largo del tiempo.<\/p>\n\r\n                <style type=\"text\/css\">\r\n                    \r\n                    #tdi_1  .td-doubleSlider-2 .td-item1 {\r\n                        background: url(https:\/\/www.eldiario.net\/portal\/wp-content\/uploads\/2024\/09\/Bio-Cuidados-para-el-sistema-excretor-80x60.jpg) 0 0 no-repeat;\r\n                    }\r\n                    #tdi_1  .td-doubleSlider-2 .td-item2 {\r\n                        background: url(https:\/\/www.eldiario.net\/portal\/wp-content\/uploads\/2024\/09\/Bio-Sistema-excretor-80x60.jpg) 0 0 no-repeat;\r\n                    }\r\n                <\/style>\r\n\r\n                <div id=\"tdi_1\" class=\"td-gallery td-slide-on-2-columns\">\r\n                    <div class=\"post_td_gallery\">\r\n                        <div class=\"td-gallery-slide-top\">\r\n                           <div class=\"td-gallery-title\"><\/div>\r\n\r\n                            <div class=\"td-gallery-controls-wrapper\">\r\n                                <div class=\"td-gallery-slide-count\"><span class=\"td-gallery-slide-item-focus\">1<\/span> de 2<\/div>\r\n                                <div class=\"td-gallery-slide-prev-next-but\">\r\n                                    <i class = \"td-icon-left doubleSliderPrevButton\"><\/i>\r\n                                    <i class = \"td-icon-right doubleSliderNextButton\"><\/i>\r\n                                <\/div>\r\n                            <\/div>\r\n                        <\/div>\r\n\r\n                        <div class = \"td-doubleSlider-1 \">\r\n                            <div class = \"td-slider\">\r\n                                \r\n                    <div class = \"td-slide-item td-item1\">\r\n                        <figure class=\"td-slide-galery-figure td-slide-popup-gallery\">\r\n                            <a class=\"slide-gallery-image-link\" href=\"https:\/\/www.eldiario.net\/portal\/wp-content\/uploads\/2024\/09\/Bio-Cuidados-para-el-sistema-excretor.jpg\" title=\"Bio---Cuidados-para-el-sistema-excretor\"  data-caption=\"\"  data-description=\"\">\r\n                                <img decoding=\"async\" src=\"https:\/\/www.eldiario.net\/portal\/wp-content\/uploads\/2024\/09\/Bio-Cuidados-para-el-sistema-excretor-594x420.jpg\" srcset=\"https:\/\/www.eldiario.net\/portal\/wp-content\/uploads\/2024\/09\/Bio-Cuidados-para-el-sistema-excretor-594x420.jpg 594w, https:\/\/www.eldiario.net\/portal\/wp-content\/uploads\/2024\/09\/Bio-Cuidados-para-el-sistema-excretor-300x212.jpg 300w, https:\/\/www.eldiario.net\/portal\/wp-content\/uploads\/2024\/09\/Bio-Cuidados-para-el-sistema-excretor-1024x724.jpg 1024w, https:\/\/www.eldiario.net\/portal\/wp-content\/uploads\/2024\/09\/Bio-Cuidados-para-el-sistema-excretor-768x543.jpg 768w, https:\/\/www.eldiario.net\/portal\/wp-content\/uploads\/2024\/09\/Bio-Cuidados-para-el-sistema-excretor-696x492.jpg 696w, https:\/\/www.eldiario.net\/portal\/wp-content\/uploads\/2024\/09\/Bio-Cuidados-para-el-sistema-excretor-1068x755.jpg 1068w, https:\/\/www.eldiario.net\/portal\/wp-content\/uploads\/2024\/09\/Bio-Cuidados-para-el-sistema-excretor.jpg 1200w\" sizes=\"(max-width: 594px) 100vw, 594px\" alt=\"\">\r\n                            <\/a>\r\n                            \r\n                        <\/figure>\r\n                    <\/div>\r\n                    <div class = \"td-slide-item td-item2\">\r\n                        <figure class=\"td-slide-galery-figure td-slide-popup-gallery\">\r\n                            <a class=\"slide-gallery-image-link\" href=\"https:\/\/www.eldiario.net\/portal\/wp-content\/uploads\/2024\/09\/Bio-Sistema-excretor.jpg\" title=\"Bio---Sistema-excretor\"  data-caption=\"\"  data-description=\"\">\r\n                                <img decoding=\"async\" src=\"https:\/\/www.eldiario.net\/portal\/wp-content\/uploads\/2024\/09\/Bio-Sistema-excretor.jpg\" srcset=\"https:\/\/www.eldiario.net\/portal\/wp-content\/uploads\/2024\/09\/Bio-Sistema-excretor.jpg 590w, https:\/\/www.eldiario.net\/portal\/wp-content\/uploads\/2024\/09\/Bio-Sistema-excretor-300x147.jpg 300w\" sizes=\"(max-width: 590px) 100vw, 590px\" alt=\"\">\r\n                            <\/a>\r\n                            \r\n                        <\/figure>\r\n                    <\/div>\r\n                            <\/div>\r\n                        <\/div>\r\n\r\n                        <div class = \"td-doubleSlider-2\">\r\n                            <div class = \"td-slider\">\r\n                                \r\n                    <div class = \"td-button td-item1\">\r\n                        <div class = \"td-border\"><\/div>\r\n                    <\/div>\r\n                    <div class = \"td-button td-item2\">\r\n                        <div class = \"td-border\"><\/div>\r\n                    <\/div>\r\n                            <\/div>\r\n                        <\/div>\r\n\r\n                    <\/div>\r\n\r\n                <\/div>\r\n                \n","protected":false},"excerpt":{"rendered":"<p>Por. Equipo editor &nbsp; Recordemos que\u2026 &nbsp; El sistema excretor es el conjunto de \u00f3rganos y estructuras que se encargan de eliminar los desechos metab\u00f3licos del cuerpo, ayudando a mantener el equilibrio de agua, electrolitos y sustancias t\u00f3xicas. Su funci\u00f3n principal es regular la cantidad de l\u00edquidos y la composici\u00f3n qu\u00edmica de la sangre, eliminando [&hellip;]<\/p>\n","protected":false},"author":1,"featured_media":248753,"comment_status":"open","ping_status":"open","sticky":false,"template":"","format":"standard","meta":{"_acf_changed":false,"footnotes":""},"categories":[43],"tags":[],"class_list":["post-248752","post","type-post","status-publish","format-standard","has-post-thumbnail","category-nuevos-horizontes"],"acf":{"antetitulo":"Segunda Parte"},"yoast_head":"<!-- This site is optimized with the Yoast SEO plugin v28.4 - https:\/\/yoast.com\/product\/yoast-seo-wordpress\/ -->\n<title>El sistema excretor - El Diario - Bolivia<\/title>\n<meta name=\"robots\" content=\"index, follow, max-snippet:-1, max-image-preview:large, max-video-preview:-1\" \/>\n<link rel=\"canonical\" href=\"https:\/\/www.eldiario.net\/portal\/2024\/09\/20\/el-sistema-excretor-2\/\" \/>\n<meta property=\"og:locale\" content=\"es_ES\" \/>\n<meta property=\"og:type\" content=\"article\" \/>\n<meta property=\"og:title\" content=\"El sistema excretor - El Diario - Bolivia\" \/>\n<meta property=\"og:description\" content=\"Por. Equipo editor &nbsp; Recordemos que\u2026 &nbsp; El sistema excretor es el conjunto de \u00f3rganos y estructuras que se encargan de eliminar los desechos metab\u00f3licos del cuerpo, ayudando a mantener el equilibrio de agua, electrolitos y sustancias t\u00f3xicas. Su funci\u00f3n principal es regular la cantidad de l\u00edquidos y la composici\u00f3n qu\u00edmica de la sangre, eliminando [&hellip;]\" \/>\n<meta property=\"og:url\" content=\"https:\/\/www.eldiario.net\/portal\/2024\/09\/20\/el-sistema-excretor-2\/\" \/>\n<meta property=\"og:site_name\" content=\"El Diario - Bolivia\" \/>\n<meta property=\"article:publisher\" content=\"https:\/\/www.facebook.com\/eldiario.bolivia\/\" \/>\n<meta property=\"article:published_time\" content=\"2024-09-20T10:12:56+00:00\" \/>\n<meta property=\"og:image\" content=\"https:\/\/www.eldiario.net\/portal\/wp-content\/uploads\/2024\/09\/Bio-Cuidados-para-el-sistema-excretor.jpg\" \/>\n\t<meta property=\"og:image:width\" content=\"1200\" \/>\n\t<meta property=\"og:image:height\" content=\"848\" \/>\n\t<meta property=\"og:image:type\" content=\"image\/jpeg\" \/>\n<meta name=\"author\" content=\"Jeanette\" \/>\n<meta name=\"twitter:card\" content=\"summary_large_image\" \/>\n<meta name=\"twitter:creator\" content=\"@eldiario_net\" \/>\n<meta name=\"twitter:site\" content=\"@eldiario_net\" \/>\n<meta name=\"twitter:label1\" content=\"Escrito por\" \/>\n\t<meta name=\"twitter:data1\" content=\"Jeanette\" \/>\n\t<meta name=\"twitter:label2\" content=\"Tiempo de lectura\" \/>\n\t<meta name=\"twitter:data2\" content=\"4 minutos\" \/>\n<script type=\"application\/ld+json\" class=\"yoast-schema-graph\">{\"@context\":\"https:\\\/\\\/schema.org\",\"@graph\":[{\"@type\":\"Article\",\"@id\":\"https:\\\/\\\/www.eldiario.net\\\/portal\\\/2024\\\/09\\\/20\\\/el-sistema-excretor-2\\\/#article\",\"isPartOf\":{\"@id\":\"https:\\\/\\\/www.eldiario.net\\\/portal\\\/2024\\\/09\\\/20\\\/el-sistema-excretor-2\\\/\"},\"author\":{\"name\":\"Jeanette\",\"@id\":\"https:\\\/\\\/www.eldiario.net\\\/portal\\\/#\\\/schema\\\/person\\\/f46445640444750d7d753ccd04ae01b7\"},\"headline\":\"El sistema excretor\",\"datePublished\":\"2024-09-20T10:12:56+00:00\",\"mainEntityOfPage\":{\"@id\":\"https:\\\/\\\/www.eldiario.net\\\/portal\\\/2024\\\/09\\\/20\\\/el-sistema-excretor-2\\\/\"},\"wordCount\":799,\"commentCount\":0,\"publisher\":{\"@id\":\"https:\\\/\\\/www.eldiario.net\\\/portal\\\/#organization\"},\"image\":{\"@id\":\"https:\\\/\\\/www.eldiario.net\\\/portal\\\/2024\\\/09\\\/20\\\/el-sistema-excretor-2\\\/#primaryimage\"},\"thumbnailUrl\":\"https:\\\/\\\/www.eldiario.net\\\/portal\\\/wp-content\\\/uploads\\\/2024\\\/09\\\/Bio-Cuidados-para-el-sistema-excretor.jpg\",\"articleSection\":[\"Nuevos Horizontes\"],\"inLanguage\":\"es\",\"potentialAction\":[{\"@type\":\"CommentAction\",\"name\":\"Comment\",\"target\":[\"https:\\\/\\\/www.eldiario.net\\\/portal\\\/2024\\\/09\\\/20\\\/el-sistema-excretor-2\\\/#respond\"]}]},{\"@type\":\"WebPage\",\"@id\":\"https:\\\/\\\/www.eldiario.net\\\/portal\\\/2024\\\/09\\\/20\\\/el-sistema-excretor-2\\\/\",\"url\":\"https:\\\/\\\/www.eldiario.net\\\/portal\\\/2024\\\/09\\\/20\\\/el-sistema-excretor-2\\\/\",\"name\":\"El sistema excretor - El Diario - Bolivia\",\"isPartOf\":{\"@id\":\"https:\\\/\\\/www.eldiario.net\\\/portal\\\/#website\"},\"primaryImageOfPage\":{\"@id\":\"https:\\\/\\\/www.eldiario.net\\\/portal\\\/2024\\\/09\\\/20\\\/el-sistema-excretor-2\\\/#primaryimage\"},\"image\":{\"@id\":\"https:\\\/\\\/www.eldiario.net\\\/portal\\\/2024\\\/09\\\/20\\\/el-sistema-excretor-2\\\/#primaryimage\"},\"thumbnailUrl\":\"https:\\\/\\\/www.eldiario.net\\\/portal\\\/wp-content\\\/uploads\\\/2024\\\/09\\\/Bio-Cuidados-para-el-sistema-excretor.jpg\",\"datePublished\":\"2024-09-20T10:12:56+00:00\",\"breadcrumb\":{\"@id\":\"https:\\\/\\\/www.eldiario.net\\\/portal\\\/2024\\\/09\\\/20\\\/el-sistema-excretor-2\\\/#breadcrumb\"},\"inLanguage\":\"es\",\"potentialAction\":[{\"@type\":\"ReadAction\",\"target\":[\"https:\\\/\\\/www.eldiario.net\\\/portal\\\/2024\\\/09\\\/20\\\/el-sistema-excretor-2\\\/\"]}]},{\"@type\":\"ImageObject\",\"inLanguage\":\"es\",\"@id\":\"https:\\\/\\\/www.eldiario.net\\\/portal\\\/2024\\\/09\\\/20\\\/el-sistema-excretor-2\\\/#primaryimage\",\"url\":\"https:\\\/\\\/www.eldiario.net\\\/portal\\\/wp-content\\\/uploads\\\/2024\\\/09\\\/Bio-Cuidados-para-el-sistema-excretor.jpg\",\"contentUrl\":\"https:\\\/\\\/www.eldiario.net\\\/portal\\\/wp-content\\\/uploads\\\/2024\\\/09\\\/Bio-Cuidados-para-el-sistema-excretor.jpg\",\"width\":1200,\"height\":848},{\"@type\":\"BreadcrumbList\",\"@id\":\"https:\\\/\\\/www.eldiario.net\\\/portal\\\/2024\\\/09\\\/20\\\/el-sistema-excretor-2\\\/#breadcrumb\",\"itemListElement\":[{\"@type\":\"ListItem\",\"position\":1,\"name\":\"Portada\",\"item\":\"https:\\\/\\\/www.eldiario.net\\\/portal\\\/\"},{\"@type\":\"ListItem\",\"position\":2,\"name\":\"El sistema excretor\"}]},{\"@type\":\"WebSite\",\"@id\":\"https:\\\/\\\/www.eldiario.net\\\/portal\\\/#website\",\"url\":\"https:\\\/\\\/www.eldiario.net\\\/portal\\\/\",\"name\":\"El Diario - Decano de la prensa nacional\",\"description\":\"El Diario - Decano de la prensa nacional\",\"publisher\":{\"@id\":\"https:\\\/\\\/www.eldiario.net\\\/portal\\\/#organization\"},\"potentialAction\":[{\"@type\":\"SearchAction\",\"target\":{\"@type\":\"EntryPoint\",\"urlTemplate\":\"https:\\\/\\\/www.eldiario.net\\\/portal\\\/?s={search_term_string}\"},\"query-input\":{\"@type\":\"PropertyValueSpecification\",\"valueRequired\":true,\"valueName\":\"search_term_string\"}}],\"inLanguage\":\"es\"},{\"@type\":\"Organization\",\"@id\":\"https:\\\/\\\/www.eldiario.net\\\/portal\\\/#organization\",\"name\":\"El Diario - Decano de la prensa nacional\",\"url\":\"https:\\\/\\\/www.eldiario.net\\\/portal\\\/\",\"logo\":{\"@type\":\"ImageObject\",\"inLanguage\":\"es\",\"@id\":\"https:\\\/\\\/www.eldiario.net\\\/portal\\\/#\\\/schema\\\/logo\\\/image\\\/\",\"url\":\"https:\\\/\\\/www.eldiario.net\\\/portal\\\/wp-content\\\/uploads\\\/2023\\\/07\\\/logo_ED.jpg\",\"contentUrl\":\"https:\\\/\\\/www.eldiario.net\\\/portal\\\/wp-content\\\/uploads\\\/2023\\\/07\\\/logo_ED.jpg\",\"width\":272,\"height\":52,\"caption\":\"El Diario - Decano de la prensa nacional\"},\"image\":{\"@id\":\"https:\\\/\\\/www.eldiario.net\\\/portal\\\/#\\\/schema\\\/logo\\\/image\\\/\"},\"sameAs\":[\"https:\\\/\\\/www.facebook.com\\\/eldiario.bolivia\\\/\",\"https:\\\/\\\/x.com\\\/eldiario_net\"]},{\"@type\":\"Person\",\"@id\":\"https:\\\/\\\/www.eldiario.net\\\/portal\\\/#\\\/schema\\\/person\\\/f46445640444750d7d753ccd04ae01b7\",\"name\":\"Jeanette\",\"image\":{\"@type\":\"ImageObject\",\"inLanguage\":\"es\",\"@id\":\"https:\\\/\\\/secure.gravatar.com\\\/avatar\\\/3ea2118a5f7dad2b7138b1187a6b7ee55f160b9968b66013c3a3ef39dd7e5798?s=96&d=mm&r=g\",\"url\":\"https:\\\/\\\/secure.gravatar.com\\\/avatar\\\/3ea2118a5f7dad2b7138b1187a6b7ee55f160b9968b66013c3a3ef39dd7e5798?s=96&d=mm&r=g\",\"contentUrl\":\"https:\\\/\\\/secure.gravatar.com\\\/avatar\\\/3ea2118a5f7dad2b7138b1187a6b7ee55f160b9968b66013c3a3ef39dd7e5798?s=96&d=mm&r=g\",\"caption\":\"Jeanette\"},\"sameAs\":[\"https:\\\/\\\/www.eldiario.net\\\/portal\"],\"url\":\"https:\\\/\\\/www.eldiario.net\\\/portal\\\/author\\\/jeanette\\\/\"}]}<\/script>\n<!-- \/ Yoast SEO plugin. -->","yoast_head_json":{"title":"El sistema excretor - El Diario - Bolivia","robots":{"index":"index","follow":"follow","max-snippet":"max-snippet:-1","max-image-preview":"max-image-preview:large","max-video-preview":"max-video-preview:-1"},"canonical":"https:\/\/www.eldiario.net\/portal\/2024\/09\/20\/el-sistema-excretor-2\/","og_locale":"es_ES","og_type":"article","og_title":"El sistema excretor - El Diario - Bolivia","og_description":"Por. Equipo editor &nbsp; Recordemos que\u2026 &nbsp; El sistema excretor es el conjunto de \u00f3rganos y estructuras que se encargan de eliminar los desechos metab\u00f3licos del cuerpo, ayudando a mantener el equilibrio de agua, electrolitos y sustancias t\u00f3xicas. Su funci\u00f3n principal es regular la cantidad de l\u00edquidos y la composici\u00f3n qu\u00edmica de la sangre, eliminando [&hellip;]","og_url":"https:\/\/www.eldiario.net\/portal\/2024\/09\/20\/el-sistema-excretor-2\/","og_site_name":"El Diario - Bolivia","article_publisher":"https:\/\/www.facebook.com\/eldiario.bolivia\/","article_published_time":"2024-09-20T10:12:56+00:00","og_image":[{"width":1200,"height":848,"url":"https:\/\/www.eldiario.net\/portal\/wp-content\/uploads\/2024\/09\/Bio-Cuidados-para-el-sistema-excretor.jpg","type":"image\/jpeg"}],"author":"Jeanette","twitter_card":"summary_large_image","twitter_creator":"@eldiario_net","twitter_site":"@eldiario_net","twitter_misc":{"Escrito por":"Jeanette","Tiempo de lectura":"4 minutos"},"schema":{"@context":"https:\/\/schema.org","@graph":[{"@type":"Article","@id":"https:\/\/www.eldiario.net\/portal\/2024\/09\/20\/el-sistema-excretor-2\/#article","isPartOf":{"@id":"https:\/\/www.eldiario.net\/portal\/2024\/09\/20\/el-sistema-excretor-2\/"},"author":{"name":"Jeanette","@id":"https:\/\/www.eldiario.net\/portal\/#\/schema\/person\/f46445640444750d7d753ccd04ae01b7"},"headline":"El sistema excretor","datePublished":"2024-09-20T10:12:56+00:00","mainEntityOfPage":{"@id":"https:\/\/www.eldiario.net\/portal\/2024\/09\/20\/el-sistema-excretor-2\/"},"wordCount":799,"commentCount":0,"publisher":{"@id":"https:\/\/www.eldiario.net\/portal\/#organization"},"image":{"@id":"https:\/\/www.eldiario.net\/portal\/2024\/09\/20\/el-sistema-excretor-2\/#primaryimage"},"thumbnailUrl":"https:\/\/www.eldiario.net\/portal\/wp-content\/uploads\/2024\/09\/Bio-Cuidados-para-el-sistema-excretor.jpg","articleSection":["Nuevos Horizontes"],"inLanguage":"es","potentialAction":[{"@type":"CommentAction","name":"Comment","target":["https:\/\/www.eldiario.net\/portal\/2024\/09\/20\/el-sistema-excretor-2\/#respond"]}]},{"@type":"WebPage","@id":"https:\/\/www.eldiario.net\/portal\/2024\/09\/20\/el-sistema-excretor-2\/","url":"https:\/\/www.eldiario.net\/portal\/2024\/09\/20\/el-sistema-excretor-2\/","name":"El sistema excretor - El Diario - Bolivia","isPartOf":{"@id":"https:\/\/www.eldiario.net\/portal\/#website"},"primaryImageOfPage":{"@id":"https:\/\/www.eldiario.net\/portal\/2024\/09\/20\/el-sistema-excretor-2\/#primaryimage"},"image":{"@id":"https:\/\/www.eldiario.net\/portal\/2024\/09\/20\/el-sistema-excretor-2\/#primaryimage"},"thumbnailUrl":"https:\/\/www.eldiario.net\/portal\/wp-content\/uploads\/2024\/09\/Bio-Cuidados-para-el-sistema-excretor.jpg","datePublished":"2024-09-20T10:12:56+00:00","breadcrumb":{"@id":"https:\/\/www.eldiario.net\/portal\/2024\/09\/20\/el-sistema-excretor-2\/#breadcrumb"},"inLanguage":"es","potentialAction":[{"@type":"ReadAction","target":["https:\/\/www.eldiario.net\/portal\/2024\/09\/20\/el-sistema-excretor-2\/"]}]},{"@type":"ImageObject","inLanguage":"es","@id":"https:\/\/www.eldiario.net\/portal\/2024\/09\/20\/el-sistema-excretor-2\/#primaryimage","url":"https:\/\/www.eldiario.net\/portal\/wp-content\/uploads\/2024\/09\/Bio-Cuidados-para-el-sistema-excretor.jpg","contentUrl":"https:\/\/www.eldiario.net\/portal\/wp-content\/uploads\/2024\/09\/Bio-Cuidados-para-el-sistema-excretor.jpg","width":1200,"height":848},{"@type":"BreadcrumbList","@id":"https:\/\/www.eldiario.net\/portal\/2024\/09\/20\/el-sistema-excretor-2\/#breadcrumb","itemListElement":[{"@type":"ListItem","position":1,"name":"Portada","item":"https:\/\/www.eldiario.net\/portal\/"},{"@type":"ListItem","position":2,"name":"El sistema excretor"}]},{"@type":"WebSite","@id":"https:\/\/www.eldiario.net\/portal\/#website","url":"https:\/\/www.eldiario.net\/portal\/","name":"El Diario - Decano de la prensa nacional","description":"El Diario - Decano de la prensa nacional","publisher":{"@id":"https:\/\/www.eldiario.net\/portal\/#organization"},"potentialAction":[{"@type":"SearchAction","target":{"@type":"EntryPoint","urlTemplate":"https:\/\/www.eldiario.net\/portal\/?s={search_term_string}"},"query-input":{"@type":"PropertyValueSpecification","valueRequired":true,"valueName":"search_term_string"}}],"inLanguage":"es"},{"@type":"Organization","@id":"https:\/\/www.eldiario.net\/portal\/#organization","name":"El Diario - Decano de la prensa nacional","url":"https:\/\/www.eldiario.net\/portal\/","logo":{"@type":"ImageObject","inLanguage":"es","@id":"https:\/\/www.eldiario.net\/portal\/#\/schema\/logo\/image\/","url":"https:\/\/www.eldiario.net\/portal\/wp-content\/uploads\/2023\/07\/logo_ED.jpg","contentUrl":"https:\/\/www.eldiario.net\/portal\/wp-content\/uploads\/2023\/07\/logo_ED.jpg","width":272,"height":52,"caption":"El Diario - Decano de la prensa nacional"},"image":{"@id":"https:\/\/www.eldiario.net\/portal\/#\/schema\/logo\/image\/"},"sameAs":["https:\/\/www.facebook.com\/eldiario.bolivia\/","https:\/\/x.com\/eldiario_net"]},{"@type":"Person","@id":"https:\/\/www.eldiario.net\/portal\/#\/schema\/person\/f46445640444750d7d753ccd04ae01b7","name":"Jeanette","image":{"@type":"ImageObject","inLanguage":"es","@id":"https:\/\/secure.gravatar.com\/avatar\/3ea2118a5f7dad2b7138b1187a6b7ee55f160b9968b66013c3a3ef39dd7e5798?s=96&d=mm&r=g","url":"https:\/\/secure.gravatar.com\/avatar\/3ea2118a5f7dad2b7138b1187a6b7ee55f160b9968b66013c3a3ef39dd7e5798?s=96&d=mm&r=g","contentUrl":"https:\/\/secure.gravatar.com\/avatar\/3ea2118a5f7dad2b7138b1187a6b7ee55f160b9968b66013c3a3ef39dd7e5798?s=96&d=mm&r=g","caption":"Jeanette"},"sameAs":["https:\/\/www.eldiario.net\/portal"],"url":"https:\/\/www.eldiario.net\/portal\/author\/jeanette\/"}]}},"_links":{"self":[{"href":"https:\/\/www.eldiario.net\/portal\/wp-json\/wp\/v2\/posts\/248752","targetHints":{"allow":["GET"]}}],"collection":[{"href":"https:\/\/www.eldiario.net\/portal\/wp-json\/wp\/v2\/posts"}],"about":[{"href":"https:\/\/www.eldiario.net\/portal\/wp-json\/wp\/v2\/types\/post"}],"author":[{"embeddable":true,"href":"https:\/\/www.eldiario.net\/portal\/wp-json\/wp\/v2\/users\/1"}],"replies":[{"embeddable":true,"href":"https:\/\/www.eldiario.net\/portal\/wp-json\/wp\/v2\/comments?post=248752"}],"version-history":[{"count":1,"href":"https:\/\/www.eldiario.net\/portal\/wp-json\/wp\/v2\/posts\/248752\/revisions"}],"predecessor-version":[{"id":248755,"href":"https:\/\/www.eldiario.net\/portal\/wp-json\/wp\/v2\/posts\/248752\/revisions\/248755"}],"wp:featuredmedia":[{"embeddable":true,"href":"https:\/\/www.eldiario.net\/portal\/wp-json\/wp\/v2\/media\/248753"}],"wp:attachment":[{"href":"https:\/\/www.eldiario.net\/portal\/wp-json\/wp\/v2\/media?parent=248752"}],"wp:term":[{"taxonomy":"category","embeddable":true,"href":"https:\/\/www.eldiario.net\/portal\/wp-json\/wp\/v2\/categories?post=248752"},{"taxonomy":"post_tag","embeddable":true,"href":"https:\/\/www.eldiario.net\/portal\/wp-json\/wp\/v2\/tags?post=248752"}],"curies":[{"name":"wp","href":"https:\/\/api.w.org\/{rel}","templated":true}]}}