{"id":248729,"date":"2024-09-20T06:04:32","date_gmt":"2024-09-20T10:04:32","guid":{"rendered":"https:\/\/www.eldiario.net\/portal\/?p=248729"},"modified":"2024-09-20T06:04:32","modified_gmt":"2024-09-20T10:04:32","slug":"a-31-anos-de-la-hazana","status":"publish","type":"post","link":"https:\/\/www.eldiario.net\/portal\/2024\/09\/20\/a-31-anos-de-la-hazana\/","title":{"rendered":"A 31 a\u00f1os de la haza\u00f1a"},"content":{"rendered":"<p>&nbsp;<\/p>\n<p>Aquel domingo 19 de septiembre de 1993 qued\u00f3 grabado a fuego en todos los corazones futboleros de Bolivia. Esa tarde, en el estadio Monumental de Guayaquil igual\u00f3 en un tanto con Ecuador y logr\u00f3 la ansiada clasificaci\u00f3n para una Copa del Mundo. Ya hab\u00eda estado presente en dos Mundiales (1930 y 1950) pero en ambos como invitado, ya que las eliminatorias en Sudam\u00e9rica se iniciaron para el certamen de 1954. Por eso tanta alegr\u00eda y tanto merecido festejo tras aquel empate que le dio el pasaje a Estados Unidos.<br \/>\nEn la previa, ese grupo B era por dem\u00e1s complejo para Bolivia, ya que deb\u00eda compartirlo nada menos que con Brasil y Uruguay, las dos potencias que se supon\u00eda que corr\u00edan con ventaja para quedarse con las dos plazas que otorgaba la zona. Adem\u00e1s de Ecuador, el otro integrante era Venezuela.<br \/>\nEl entrenador era Xabier Azkargorta, quien hizo un excelente trabajo con un grupo fant\u00e1stico de futbolistas, que sin duda est\u00e1n entre los mejores de la historia de su selecci\u00f3n. El inicio fue con una goleada frente a Venezuela por 7-1 en Puerto Ordaz (Erwin S\u00e1nchez 3, Luis Ramallo 3, Luis Cristaldo). A continuaci\u00f3n deb\u00eda afrontar los cuatro encuentros como local en forma consecutiva, siendo consciente que esa era una de sus mayores fortalezas. Y as\u00ed lo demostr\u00f3.<br \/>\nEn el inolvidable 25 de julio, venci\u00f3 a Brasil en el Hernando Siles ante m\u00e1s de 40.000 personas por 2-0 con las conquistas en los minutos finales de Marco Etcheverry y \u00c1lvaro Pe\u00f1a. En la jornada siguiente qued\u00f3 libre y luego cay\u00f3 el otro grande, Uruguay, en La Paz, en este caso por 3-1 (Erwin S\u00e1nchez, Marco Etcheverry, Milton Melgar). La primera rueda culmin\u00f3 con victoria por la m\u00ednima ante Ecuador con tanto de Luis Ramallo. Las posiciones mostraban a Bolivia puntero con 8, seguido de Brasil y Uruguay con 4, Ecuador 3 y Venezuela sin puntos.<br \/>\nCoron\u00f3 su tarea perfecta como local al golear a Venezuela 7-0 en el inicio de las revanchas (Luis Ramallo, Milton Melgar 2, Marco Etcheverry 2, Erwin S\u00e1nchez, Marco Sandy). Llegaba el tiempo de jugar como visitante, pero con la considerable ventaja de llevarle 6 unidades a Uruguay, que estaba tercero. El 29 de agosto sufri\u00f3 un duro golpe al caer 6-0 en Recife frente a Brasil, luego qued\u00f3 libre y a la semana siguiente fue a Montevideo buscando el triunfo que le daba la clasificaci\u00f3n y eliminaba a los \u201ccelestes\u201d. Pero estos se impusieron por 2-1 (Enzo Francescoli, Daniel Fonseca \u2013 Luis Ramallo) dejando a ambos y Brasil igualados en 10 puntos.<br \/>\nCon la confianza intacta, Bolivia viaj\u00f3 a Ecuador sabiendo que si manten\u00eda su idea de juego, lograr\u00eda el objetivo, m\u00e1s all\u00e1 de lo que ocurriera entre sus rivales que se enfrentaban en Sao Paulo. El hist\u00f3rico empate en uno con el inolvidable gol de Ramallo, desat\u00f3 el merecido festejo en todo un pa\u00eds que se sent\u00eda Mundial tras 44 a\u00f1os.<\/p>\n<p><em><strong>CONMEBOL<\/strong><\/em><\/p>\n","protected":false},"excerpt":{"rendered":"<p>&nbsp; Aquel domingo 19 de septiembre de 1993 qued\u00f3 grabado a fuego en todos los corazones futboleros de Bolivia. Esa tarde, en el estadio Monumental de Guayaquil igual\u00f3 en un tanto con Ecuador y logr\u00f3 la ansiada clasificaci\u00f3n para una Copa del Mundo. Ya hab\u00eda estado presente en dos Mundiales (1930 y 1950) pero en [&hellip;]<\/p>\n","protected":false},"author":1,"featured_media":248730,"comment_status":"open","ping_status":"open","sticky":false,"template":"","format":"standard","meta":{"_acf_changed":false,"footnotes":""},"categories":[6],"tags":[],"class_list":["post-248729","post","type-post","status-publish","format-standard","has-post-thumbnail","category-deportes"],"acf":{"antetitulo":""},"yoast_head":"<!-- This site is optimized with the Yoast SEO plugin v28.4 - https:\/\/yoast.com\/product\/yoast-seo-wordpress\/ -->\n<title>A 31 a\u00f1os de la haza\u00f1a - El Diario - Bolivia<\/title>\n<meta name=\"robots\" content=\"index, follow, max-snippet:-1, max-image-preview:large, max-video-preview:-1\" \/>\n<link rel=\"canonical\" href=\"https:\/\/www.eldiario.net\/portal\/2024\/09\/20\/a-31-anos-de-la-hazana\/\" \/>\n<meta property=\"og:locale\" content=\"es_ES\" \/>\n<meta property=\"og:type\" content=\"article\" \/>\n<meta property=\"og:title\" content=\"A 31 a\u00f1os de la haza\u00f1a - El Diario - Bolivia\" \/>\n<meta property=\"og:description\" content=\"&nbsp; Aquel domingo 19 de septiembre de 1993 qued\u00f3 grabado a fuego en todos los corazones futboleros de Bolivia. Esa tarde, en el estadio Monumental de Guayaquil igual\u00f3 en un tanto con Ecuador y logr\u00f3 la ansiada clasificaci\u00f3n para una Copa del Mundo. Ya hab\u00eda estado presente en dos Mundiales (1930 y 1950) pero en [&hellip;]\" \/>\n<meta property=\"og:url\" content=\"https:\/\/www.eldiario.net\/portal\/2024\/09\/20\/a-31-anos-de-la-hazana\/\" \/>\n<meta property=\"og:site_name\" content=\"El Diario - Bolivia\" \/>\n<meta property=\"article:publisher\" content=\"https:\/\/www.facebook.com\/eldiario.bolivia\/\" \/>\n<meta property=\"article:published_time\" content=\"2024-09-20T10:04:32+00:00\" \/>\n<meta property=\"og:image\" content=\"https:\/\/www.eldiario.net\/portal\/wp-content\/uploads\/2024\/09\/FOTO-70-2.jpg\" \/>\n\t<meta property=\"og:image:width\" content=\"750\" \/>\n\t<meta property=\"og:image:height\" content=\"485\" \/>\n\t<meta property=\"og:image:type\" content=\"image\/jpeg\" \/>\n<meta name=\"author\" content=\"Jeanette\" \/>\n<meta name=\"twitter:card\" content=\"summary_large_image\" \/>\n<meta name=\"twitter:creator\" content=\"@eldiario_net\" \/>\n<meta name=\"twitter:site\" content=\"@eldiario_net\" \/>\n<meta name=\"twitter:label1\" content=\"Escrito por\" \/>\n\t<meta name=\"twitter:data1\" content=\"Jeanette\" \/>\n\t<meta name=\"twitter:label2\" content=\"Tiempo de lectura\" \/>\n\t<meta name=\"twitter:data2\" content=\"3 minutos\" \/>\n<script type=\"application\/ld+json\" class=\"yoast-schema-graph\">{\"@context\":\"https:\\\/\\\/schema.org\",\"@graph\":[{\"@type\":\"Article\",\"@id\":\"https:\\\/\\\/www.eldiario.net\\\/portal\\\/2024\\\/09\\\/20\\\/a-31-anos-de-la-hazana\\\/#article\",\"isPartOf\":{\"@id\":\"https:\\\/\\\/www.eldiario.net\\\/portal\\\/2024\\\/09\\\/20\\\/a-31-anos-de-la-hazana\\\/\"},\"author\":{\"name\":\"Jeanette\",\"@id\":\"https:\\\/\\\/www.eldiario.net\\\/portal\\\/#\\\/schema\\\/person\\\/f46445640444750d7d753ccd04ae01b7\"},\"headline\":\"A 31 a\u00f1os de la haza\u00f1a\",\"datePublished\":\"2024-09-20T10:04:32+00:00\",\"mainEntityOfPage\":{\"@id\":\"https:\\\/\\\/www.eldiario.net\\\/portal\\\/2024\\\/09\\\/20\\\/a-31-anos-de-la-hazana\\\/\"},\"wordCount\":504,\"commentCount\":0,\"publisher\":{\"@id\":\"https:\\\/\\\/www.eldiario.net\\\/portal\\\/#organization\"},\"image\":{\"@id\":\"https:\\\/\\\/www.eldiario.net\\\/portal\\\/2024\\\/09\\\/20\\\/a-31-anos-de-la-hazana\\\/#primaryimage\"},\"thumbnailUrl\":\"https:\\\/\\\/www.eldiario.net\\\/portal\\\/wp-content\\\/uploads\\\/2024\\\/09\\\/FOTO-70-2.jpg\",\"articleSection\":[\"Deportes\"],\"inLanguage\":\"es\",\"potentialAction\":[{\"@type\":\"CommentAction\",\"name\":\"Comment\",\"target\":[\"https:\\\/\\\/www.eldiario.net\\\/portal\\\/2024\\\/09\\\/20\\\/a-31-anos-de-la-hazana\\\/#respond\"]}]},{\"@type\":\"WebPage\",\"@id\":\"https:\\\/\\\/www.eldiario.net\\\/portal\\\/2024\\\/09\\\/20\\\/a-31-anos-de-la-hazana\\\/\",\"url\":\"https:\\\/\\\/www.eldiario.net\\\/portal\\\/2024\\\/09\\\/20\\\/a-31-anos-de-la-hazana\\\/\",\"name\":\"A 31 a\u00f1os de la haza\u00f1a - El Diario - Bolivia\",\"isPartOf\":{\"@id\":\"https:\\\/\\\/www.eldiario.net\\\/portal\\\/#website\"},\"primaryImageOfPage\":{\"@id\":\"https:\\\/\\\/www.eldiario.net\\\/portal\\\/2024\\\/09\\\/20\\\/a-31-anos-de-la-hazana\\\/#primaryimage\"},\"image\":{\"@id\":\"https:\\\/\\\/www.eldiario.net\\\/portal\\\/2024\\\/09\\\/20\\\/a-31-anos-de-la-hazana\\\/#primaryimage\"},\"thumbnailUrl\":\"https:\\\/\\\/www.eldiario.net\\\/portal\\\/wp-content\\\/uploads\\\/2024\\\/09\\\/FOTO-70-2.jpg\",\"datePublished\":\"2024-09-20T10:04:32+00:00\",\"breadcrumb\":{\"@id\":\"https:\\\/\\\/www.eldiario.net\\\/portal\\\/2024\\\/09\\\/20\\\/a-31-anos-de-la-hazana\\\/#breadcrumb\"},\"inLanguage\":\"es\",\"potentialAction\":[{\"@type\":\"ReadAction\",\"target\":[\"https:\\\/\\\/www.eldiario.net\\\/portal\\\/2024\\\/09\\\/20\\\/a-31-anos-de-la-hazana\\\/\"]}]},{\"@type\":\"ImageObject\",\"inLanguage\":\"es\",\"@id\":\"https:\\\/\\\/www.eldiario.net\\\/portal\\\/2024\\\/09\\\/20\\\/a-31-anos-de-la-hazana\\\/#primaryimage\",\"url\":\"https:\\\/\\\/www.eldiario.net\\\/portal\\\/wp-content\\\/uploads\\\/2024\\\/09\\\/FOTO-70-2.jpg\",\"contentUrl\":\"https:\\\/\\\/www.eldiario.net\\\/portal\\\/wp-content\\\/uploads\\\/2024\\\/09\\\/FOTO-70-2.jpg\",\"width\":750,\"height\":485},{\"@type\":\"BreadcrumbList\",\"@id\":\"https:\\\/\\\/www.eldiario.net\\\/portal\\\/2024\\\/09\\\/20\\\/a-31-anos-de-la-hazana\\\/#breadcrumb\",\"itemListElement\":[{\"@type\":\"ListItem\",\"position\":1,\"name\":\"Portada\",\"item\":\"https:\\\/\\\/www.eldiario.net\\\/portal\\\/\"},{\"@type\":\"ListItem\",\"position\":2,\"name\":\"A 31 a\u00f1os de la haza\u00f1a\"}]},{\"@type\":\"WebSite\",\"@id\":\"https:\\\/\\\/www.eldiario.net\\\/portal\\\/#website\",\"url\":\"https:\\\/\\\/www.eldiario.net\\\/portal\\\/\",\"name\":\"El Diario - Decano de la prensa nacional\",\"description\":\"El Diario - Decano de la prensa nacional\",\"publisher\":{\"@id\":\"https:\\\/\\\/www.eldiario.net\\\/portal\\\/#organization\"},\"potentialAction\":[{\"@type\":\"SearchAction\",\"target\":{\"@type\":\"EntryPoint\",\"urlTemplate\":\"https:\\\/\\\/www.eldiario.net\\\/portal\\\/?s={search_term_string}\"},\"query-input\":{\"@type\":\"PropertyValueSpecification\",\"valueRequired\":true,\"valueName\":\"search_term_string\"}}],\"inLanguage\":\"es\"},{\"@type\":\"Organization\",\"@id\":\"https:\\\/\\\/www.eldiario.net\\\/portal\\\/#organization\",\"name\":\"El Diario - Decano de la prensa nacional\",\"url\":\"https:\\\/\\\/www.eldiario.net\\\/portal\\\/\",\"logo\":{\"@type\":\"ImageObject\",\"inLanguage\":\"es\",\"@id\":\"https:\\\/\\\/www.eldiario.net\\\/portal\\\/#\\\/schema\\\/logo\\\/image\\\/\",\"url\":\"https:\\\/\\\/www.eldiario.net\\\/portal\\\/wp-content\\\/uploads\\\/2023\\\/07\\\/logo_ED.jpg\",\"contentUrl\":\"https:\\\/\\\/www.eldiario.net\\\/portal\\\/wp-content\\\/uploads\\\/2023\\\/07\\\/logo_ED.jpg\",\"width\":272,\"height\":52,\"caption\":\"El Diario - Decano de la prensa nacional\"},\"image\":{\"@id\":\"https:\\\/\\\/www.eldiario.net\\\/portal\\\/#\\\/schema\\\/logo\\\/image\\\/\"},\"sameAs\":[\"https:\\\/\\\/www.facebook.com\\\/eldiario.bolivia\\\/\",\"https:\\\/\\\/x.com\\\/eldiario_net\"]},{\"@type\":\"Person\",\"@id\":\"https:\\\/\\\/www.eldiario.net\\\/portal\\\/#\\\/schema\\\/person\\\/f46445640444750d7d753ccd04ae01b7\",\"name\":\"Jeanette\",\"image\":{\"@type\":\"ImageObject\",\"inLanguage\":\"es\",\"@id\":\"https:\\\/\\\/secure.gravatar.com\\\/avatar\\\/3ea2118a5f7dad2b7138b1187a6b7ee55f160b9968b66013c3a3ef39dd7e5798?s=96&d=mm&r=g\",\"url\":\"https:\\\/\\\/secure.gravatar.com\\\/avatar\\\/3ea2118a5f7dad2b7138b1187a6b7ee55f160b9968b66013c3a3ef39dd7e5798?s=96&d=mm&r=g\",\"contentUrl\":\"https:\\\/\\\/secure.gravatar.com\\\/avatar\\\/3ea2118a5f7dad2b7138b1187a6b7ee55f160b9968b66013c3a3ef39dd7e5798?s=96&d=mm&r=g\",\"caption\":\"Jeanette\"},\"sameAs\":[\"https:\\\/\\\/www.eldiario.net\\\/portal\"],\"url\":\"https:\\\/\\\/www.eldiario.net\\\/portal\\\/author\\\/jeanette\\\/\"}]}<\/script>\n<!-- \/ Yoast SEO plugin. -->","yoast_head_json":{"title":"A 31 a\u00f1os de la haza\u00f1a - El Diario - Bolivia","robots":{"index":"index","follow":"follow","max-snippet":"max-snippet:-1","max-image-preview":"max-image-preview:large","max-video-preview":"max-video-preview:-1"},"canonical":"https:\/\/www.eldiario.net\/portal\/2024\/09\/20\/a-31-anos-de-la-hazana\/","og_locale":"es_ES","og_type":"article","og_title":"A 31 a\u00f1os de la haza\u00f1a - El Diario - Bolivia","og_description":"&nbsp; Aquel domingo 19 de septiembre de 1993 qued\u00f3 grabado a fuego en todos los corazones futboleros de Bolivia. Esa tarde, en el estadio Monumental de Guayaquil igual\u00f3 en un tanto con Ecuador y logr\u00f3 la ansiada clasificaci\u00f3n para una Copa del Mundo. Ya hab\u00eda estado presente en dos Mundiales (1930 y 1950) pero en [&hellip;]","og_url":"https:\/\/www.eldiario.net\/portal\/2024\/09\/20\/a-31-anos-de-la-hazana\/","og_site_name":"El Diario - Bolivia","article_publisher":"https:\/\/www.facebook.com\/eldiario.bolivia\/","article_published_time":"2024-09-20T10:04:32+00:00","og_image":[{"width":750,"height":485,"url":"https:\/\/www.eldiario.net\/portal\/wp-content\/uploads\/2024\/09\/FOTO-70-2.jpg","type":"image\/jpeg"}],"author":"Jeanette","twitter_card":"summary_large_image","twitter_creator":"@eldiario_net","twitter_site":"@eldiario_net","twitter_misc":{"Escrito por":"Jeanette","Tiempo de lectura":"3 minutos"},"schema":{"@context":"https:\/\/schema.org","@graph":[{"@type":"Article","@id":"https:\/\/www.eldiario.net\/portal\/2024\/09\/20\/a-31-anos-de-la-hazana\/#article","isPartOf":{"@id":"https:\/\/www.eldiario.net\/portal\/2024\/09\/20\/a-31-anos-de-la-hazana\/"},"author":{"name":"Jeanette","@id":"https:\/\/www.eldiario.net\/portal\/#\/schema\/person\/f46445640444750d7d753ccd04ae01b7"},"headline":"A 31 a\u00f1os de la haza\u00f1a","datePublished":"2024-09-20T10:04:32+00:00","mainEntityOfPage":{"@id":"https:\/\/www.eldiario.net\/portal\/2024\/09\/20\/a-31-anos-de-la-hazana\/"},"wordCount":504,"commentCount":0,"publisher":{"@id":"https:\/\/www.eldiario.net\/portal\/#organization"},"image":{"@id":"https:\/\/www.eldiario.net\/portal\/2024\/09\/20\/a-31-anos-de-la-hazana\/#primaryimage"},"thumbnailUrl":"https:\/\/www.eldiario.net\/portal\/wp-content\/uploads\/2024\/09\/FOTO-70-2.jpg","articleSection":["Deportes"],"inLanguage":"es","potentialAction":[{"@type":"CommentAction","name":"Comment","target":["https:\/\/www.eldiario.net\/portal\/2024\/09\/20\/a-31-anos-de-la-hazana\/#respond"]}]},{"@type":"WebPage","@id":"https:\/\/www.eldiario.net\/portal\/2024\/09\/20\/a-31-anos-de-la-hazana\/","url":"https:\/\/www.eldiario.net\/portal\/2024\/09\/20\/a-31-anos-de-la-hazana\/","name":"A 31 a\u00f1os de la haza\u00f1a - El Diario - Bolivia","isPartOf":{"@id":"https:\/\/www.eldiario.net\/portal\/#website"},"primaryImageOfPage":{"@id":"https:\/\/www.eldiario.net\/portal\/2024\/09\/20\/a-31-anos-de-la-hazana\/#primaryimage"},"image":{"@id":"https:\/\/www.eldiario.net\/portal\/2024\/09\/20\/a-31-anos-de-la-hazana\/#primaryimage"},"thumbnailUrl":"https:\/\/www.eldiario.net\/portal\/wp-content\/uploads\/2024\/09\/FOTO-70-2.jpg","datePublished":"2024-09-20T10:04:32+00:00","breadcrumb":{"@id":"https:\/\/www.eldiario.net\/portal\/2024\/09\/20\/a-31-anos-de-la-hazana\/#breadcrumb"},"inLanguage":"es","potentialAction":[{"@type":"ReadAction","target":["https:\/\/www.eldiario.net\/portal\/2024\/09\/20\/a-31-anos-de-la-hazana\/"]}]},{"@type":"ImageObject","inLanguage":"es","@id":"https:\/\/www.eldiario.net\/portal\/2024\/09\/20\/a-31-anos-de-la-hazana\/#primaryimage","url":"https:\/\/www.eldiario.net\/portal\/wp-content\/uploads\/2024\/09\/FOTO-70-2.jpg","contentUrl":"https:\/\/www.eldiario.net\/portal\/wp-content\/uploads\/2024\/09\/FOTO-70-2.jpg","width":750,"height":485},{"@type":"BreadcrumbList","@id":"https:\/\/www.eldiario.net\/portal\/2024\/09\/20\/a-31-anos-de-la-hazana\/#breadcrumb","itemListElement":[{"@type":"ListItem","position":1,"name":"Portada","item":"https:\/\/www.eldiario.net\/portal\/"},{"@type":"ListItem","position":2,"name":"A 31 a\u00f1os de la haza\u00f1a"}]},{"@type":"WebSite","@id":"https:\/\/www.eldiario.net\/portal\/#website","url":"https:\/\/www.eldiario.net\/portal\/","name":"El Diario - Decano de la prensa nacional","description":"El Diario - Decano de la prensa nacional","publisher":{"@id":"https:\/\/www.eldiario.net\/portal\/#organization"},"potentialAction":[{"@type":"SearchAction","target":{"@type":"EntryPoint","urlTemplate":"https:\/\/www.eldiario.net\/portal\/?s={search_term_string}"},"query-input":{"@type":"PropertyValueSpecification","valueRequired":true,"valueName":"search_term_string"}}],"inLanguage":"es"},{"@type":"Organization","@id":"https:\/\/www.eldiario.net\/portal\/#organization","name":"El Diario - Decano de la prensa nacional","url":"https:\/\/www.eldiario.net\/portal\/","logo":{"@type":"ImageObject","inLanguage":"es","@id":"https:\/\/www.eldiario.net\/portal\/#\/schema\/logo\/image\/","url":"https:\/\/www.eldiario.net\/portal\/wp-content\/uploads\/2023\/07\/logo_ED.jpg","contentUrl":"https:\/\/www.eldiario.net\/portal\/wp-content\/uploads\/2023\/07\/logo_ED.jpg","width":272,"height":52,"caption":"El Diario - Decano de la prensa nacional"},"image":{"@id":"https:\/\/www.eldiario.net\/portal\/#\/schema\/logo\/image\/"},"sameAs":["https:\/\/www.facebook.com\/eldiario.bolivia\/","https:\/\/x.com\/eldiario_net"]},{"@type":"Person","@id":"https:\/\/www.eldiario.net\/portal\/#\/schema\/person\/f46445640444750d7d753ccd04ae01b7","name":"Jeanette","image":{"@type":"ImageObject","inLanguage":"es","@id":"https:\/\/secure.gravatar.com\/avatar\/3ea2118a5f7dad2b7138b1187a6b7ee55f160b9968b66013c3a3ef39dd7e5798?s=96&d=mm&r=g","url":"https:\/\/secure.gravatar.com\/avatar\/3ea2118a5f7dad2b7138b1187a6b7ee55f160b9968b66013c3a3ef39dd7e5798?s=96&d=mm&r=g","contentUrl":"https:\/\/secure.gravatar.com\/avatar\/3ea2118a5f7dad2b7138b1187a6b7ee55f160b9968b66013c3a3ef39dd7e5798?s=96&d=mm&r=g","caption":"Jeanette"},"sameAs":["https:\/\/www.eldiario.net\/portal"],"url":"https:\/\/www.eldiario.net\/portal\/author\/jeanette\/"}]}},"_links":{"self":[{"href":"https:\/\/www.eldiario.net\/portal\/wp-json\/wp\/v2\/posts\/248729","targetHints":{"allow":["GET"]}}],"collection":[{"href":"https:\/\/www.eldiario.net\/portal\/wp-json\/wp\/v2\/posts"}],"about":[{"href":"https:\/\/www.eldiario.net\/portal\/wp-json\/wp\/v2\/types\/post"}],"author":[{"embeddable":true,"href":"https:\/\/www.eldiario.net\/portal\/wp-json\/wp\/v2\/users\/1"}],"replies":[{"embeddable":true,"href":"https:\/\/www.eldiario.net\/portal\/wp-json\/wp\/v2\/comments?post=248729"}],"version-history":[{"count":1,"href":"https:\/\/www.eldiario.net\/portal\/wp-json\/wp\/v2\/posts\/248729\/revisions"}],"predecessor-version":[{"id":248731,"href":"https:\/\/www.eldiario.net\/portal\/wp-json\/wp\/v2\/posts\/248729\/revisions\/248731"}],"wp:featuredmedia":[{"embeddable":true,"href":"https:\/\/www.eldiario.net\/portal\/wp-json\/wp\/v2\/media\/248730"}],"wp:attachment":[{"href":"https:\/\/www.eldiario.net\/portal\/wp-json\/wp\/v2\/media?parent=248729"}],"wp:term":[{"taxonomy":"category","embeddable":true,"href":"https:\/\/www.eldiario.net\/portal\/wp-json\/wp\/v2\/categories?post=248729"},{"taxonomy":"post_tag","embeddable":true,"href":"https:\/\/www.eldiario.net\/portal\/wp-json\/wp\/v2\/tags?post=248729"}],"curies":[{"name":"wp","href":"https:\/\/api.w.org\/{rel}","templated":true}]}}