{"id":248705,"date":"2024-09-20T05:53:58","date_gmt":"2024-09-20T09:53:58","guid":{"rendered":"https:\/\/www.eldiario.net\/portal\/?p=248705"},"modified":"2024-09-20T05:53:58","modified_gmt":"2024-09-20T09:53:58","slug":"bomberas-y-mujeres-victimas-de-incendios-estan-abandonadas","status":"publish","type":"post","link":"https:\/\/www.eldiario.net\/portal\/2024\/09\/20\/bomberas-y-mujeres-victimas-de-incendios-estan-abandonadas\/","title":{"rendered":"Bomberas y mujeres v\u00edctimas  de incendios est\u00e1n abandonadas"},"content":{"rendered":"<p>A dos semanas del anuncio del Gobierno sobre la contrataci\u00f3n de un avi\u00f3n bombero para sofocar los incendios en el oriente del pa\u00eds, que hasta la fecha no se hizo efectivo, el fuego sigue arrasando vastas extensiones de terreno. Mientras tanto, las comunidades afectadas y los equipos de rescate enfrentan una crisis humanitaria que va mucho m\u00e1s all\u00e1 de la falta de medios a\u00e9reos para apagar las llamas.<br \/>\nLa inacci\u00f3n no solo ha permitido que el desastre ecol\u00f3gico contin\u00fae, con m\u00e1s de cuatro millones de hect\u00e1reas quemadas, sino que tambi\u00e9n ha expuesto una cruda realidad: la falta de provisi\u00f3n de recursos b\u00e1sicos para las personas, especialmente mujeres, que est\u00e1n en primera l\u00ednea y las v\u00edctimas.<br \/>\nBomberas y familias de comunidades como Concepci\u00f3n, evacuadas por los riesgos a su salud, no solo est\u00e1n combatiendo las llamas, sino tambi\u00e9n la precariedad.<br \/>\n\u201cSalieron con la ropa puesta\u201d, relat\u00f3 a Erbol, Erika Bay\u00e1, representante de la organizaci\u00f3n \u201cAlas Chiquitanas\u201d, que coordina la entrega de ayuda humanitaria. En medio del caos, las necesidades b\u00e1sicas de mujeres y ni\u00f1as han sido pr\u00e1cticamente ignoradas. Toallas higi\u00e9nicas, ropa interior y art\u00edculos de higiene personal, como shampoo y cepillos de dientes, son considerados \u201ccomo oro\u201d por quienes est\u00e1n en el terreno.<br \/>\nEs incomprensible que en un pa\u00eds que se enfrenta a un desastre de esta magnitud, no se prevean las necesidades m\u00ednimas de quienes combaten el fuego y de las comunidades afectadas.<br \/>\nLa centralizaci\u00f3n de los esfuerzos en alimentos y medicamentos, aunque necesarios, ignora la urgencia de art\u00edculos de higiene personal, vitales para la salud y dignidad de las mujeres y ni\u00f1as afectadas por el desastre.<br \/>\nLos bomberos, entre ellos, muchas mujeres, enfrentan condiciones extremas. Adem\u00e1s de la falta de equipos especializados, deben lidiar con ampollas en los pies por el uso prolongado de botas de seguridad, sin contar con suficientes pares de medias o calcetines para cambiarse con frecuencia. Estos elementos, aparentemente insignificantes, son esenciales para mantener su bienestar, mientras recorren grandes distancias en las zonas afectadas.<br \/>\nEs alarmante que la ayuda y la planificaci\u00f3n del Gobierno no contemplen estas necesidades b\u00e1sicas.<br \/>\nEl anuncio de la contrataci\u00f3n de un avi\u00f3n bombero, que a\u00fan no ha dado resultados visibles, parece ser una medida tard\u00eda e insuficiente frente a la magnitud del problema.<br \/>\nLa falta de una acci\u00f3n efectiva est\u00e1 dejando a las comunidades y a los voluntarios en un estado de abandono, obligados a improvisar para sobrevivir, mientras el fuego sigue destruyendo el oriente boliviano. (Erbol\/EL DIARIO)<\/p>\n<p>&nbsp;<\/p>\n","protected":false},"excerpt":{"rendered":"<p>A dos semanas del anuncio del Gobierno sobre la contrataci\u00f3n de un avi\u00f3n bombero para sofocar los incendios en el oriente del pa\u00eds, que hasta la fecha no se hizo efectivo, el fuego sigue arrasando vastas extensiones de terreno. Mientras tanto, las comunidades afectadas y los equipos de rescate enfrentan una crisis humanitaria que va [&hellip;]<\/p>\n","protected":false},"author":1,"featured_media":248706,"comment_status":"open","ping_status":"open","sticky":false,"template":"","format":"standard","meta":{"_acf_changed":false,"footnotes":""},"categories":[12],"tags":[],"class_list":["post-248705","post","type-post","status-publish","format-standard","has-post-thumbnail","category-nacional"],"acf":{"antetitulo":""},"yoast_head":"<!-- This site is optimized with the Yoast SEO plugin v28.4 - https:\/\/yoast.com\/product\/yoast-seo-wordpress\/ -->\n<title>Bomberas y mujeres v\u00edctimas de incendios est\u00e1n abandonadas - El Diario - Bolivia<\/title>\n<meta name=\"robots\" content=\"index, follow, max-snippet:-1, max-image-preview:large, max-video-preview:-1\" \/>\n<link rel=\"canonical\" href=\"https:\/\/www.eldiario.net\/portal\/2024\/09\/20\/bomberas-y-mujeres-victimas-de-incendios-estan-abandonadas\/\" \/>\n<meta property=\"og:locale\" content=\"es_ES\" \/>\n<meta property=\"og:type\" content=\"article\" \/>\n<meta property=\"og:title\" content=\"Bomberas y mujeres v\u00edctimas de incendios est\u00e1n abandonadas - El Diario - Bolivia\" \/>\n<meta property=\"og:description\" content=\"A dos semanas del anuncio del Gobierno sobre la contrataci\u00f3n de un avi\u00f3n bombero para sofocar los incendios en el oriente del pa\u00eds, que hasta la fecha no se hizo efectivo, el fuego sigue arrasando vastas extensiones de terreno. Mientras tanto, las comunidades afectadas y los equipos de rescate enfrentan una crisis humanitaria que va [&hellip;]\" \/>\n<meta property=\"og:url\" content=\"https:\/\/www.eldiario.net\/portal\/2024\/09\/20\/bomberas-y-mujeres-victimas-de-incendios-estan-abandonadas\/\" \/>\n<meta property=\"og:site_name\" content=\"El Diario - Bolivia\" \/>\n<meta property=\"article:publisher\" content=\"https:\/\/www.facebook.com\/eldiario.bolivia\/\" \/>\n<meta property=\"article:published_time\" content=\"2024-09-20T09:53:58+00:00\" \/>\n<meta property=\"og:image\" content=\"https:\/\/www.eldiario.net\/portal\/wp-content\/uploads\/2024\/09\/10-NAL-COLOR.png\" \/>\n\t<meta property=\"og:image:width\" content=\"394\" \/>\n\t<meta property=\"og:image:height\" content=\"357\" \/>\n\t<meta property=\"og:image:type\" content=\"image\/png\" \/>\n<meta name=\"author\" content=\"Jeanette\" \/>\n<meta name=\"twitter:card\" content=\"summary_large_image\" \/>\n<meta name=\"twitter:creator\" content=\"@eldiario_net\" \/>\n<meta name=\"twitter:site\" content=\"@eldiario_net\" \/>\n<meta name=\"twitter:label1\" content=\"Escrito por\" \/>\n\t<meta name=\"twitter:data1\" content=\"Jeanette\" \/>\n\t<meta name=\"twitter:label2\" content=\"Tiempo de lectura\" \/>\n\t<meta name=\"twitter:data2\" content=\"2 minutos\" \/>\n<script type=\"application\/ld+json\" class=\"yoast-schema-graph\">{\"@context\":\"https:\\\/\\\/schema.org\",\"@graph\":[{\"@type\":\"Article\",\"@id\":\"https:\\\/\\\/www.eldiario.net\\\/portal\\\/2024\\\/09\\\/20\\\/bomberas-y-mujeres-victimas-de-incendios-estan-abandonadas\\\/#article\",\"isPartOf\":{\"@id\":\"https:\\\/\\\/www.eldiario.net\\\/portal\\\/2024\\\/09\\\/20\\\/bomberas-y-mujeres-victimas-de-incendios-estan-abandonadas\\\/\"},\"author\":{\"name\":\"Jeanette\",\"@id\":\"https:\\\/\\\/www.eldiario.net\\\/portal\\\/#\\\/schema\\\/person\\\/f46445640444750d7d753ccd04ae01b7\"},\"headline\":\"Bomberas y mujeres v\u00edctimas de incendios est\u00e1n abandonadas\",\"datePublished\":\"2024-09-20T09:53:58+00:00\",\"mainEntityOfPage\":{\"@id\":\"https:\\\/\\\/www.eldiario.net\\\/portal\\\/2024\\\/09\\\/20\\\/bomberas-y-mujeres-victimas-de-incendios-estan-abandonadas\\\/\"},\"wordCount\":459,\"commentCount\":0,\"publisher\":{\"@id\":\"https:\\\/\\\/www.eldiario.net\\\/portal\\\/#organization\"},\"image\":{\"@id\":\"https:\\\/\\\/www.eldiario.net\\\/portal\\\/2024\\\/09\\\/20\\\/bomberas-y-mujeres-victimas-de-incendios-estan-abandonadas\\\/#primaryimage\"},\"thumbnailUrl\":\"https:\\\/\\\/www.eldiario.net\\\/portal\\\/wp-content\\\/uploads\\\/2024\\\/09\\\/10-NAL-COLOR.png\",\"articleSection\":[\"Nacional\"],\"inLanguage\":\"es\",\"potentialAction\":[{\"@type\":\"CommentAction\",\"name\":\"Comment\",\"target\":[\"https:\\\/\\\/www.eldiario.net\\\/portal\\\/2024\\\/09\\\/20\\\/bomberas-y-mujeres-victimas-de-incendios-estan-abandonadas\\\/#respond\"]}]},{\"@type\":\"WebPage\",\"@id\":\"https:\\\/\\\/www.eldiario.net\\\/portal\\\/2024\\\/09\\\/20\\\/bomberas-y-mujeres-victimas-de-incendios-estan-abandonadas\\\/\",\"url\":\"https:\\\/\\\/www.eldiario.net\\\/portal\\\/2024\\\/09\\\/20\\\/bomberas-y-mujeres-victimas-de-incendios-estan-abandonadas\\\/\",\"name\":\"Bomberas y mujeres v\u00edctimas de incendios est\u00e1n abandonadas - El Diario - Bolivia\",\"isPartOf\":{\"@id\":\"https:\\\/\\\/www.eldiario.net\\\/portal\\\/#website\"},\"primaryImageOfPage\":{\"@id\":\"https:\\\/\\\/www.eldiario.net\\\/portal\\\/2024\\\/09\\\/20\\\/bomberas-y-mujeres-victimas-de-incendios-estan-abandonadas\\\/#primaryimage\"},\"image\":{\"@id\":\"https:\\\/\\\/www.eldiario.net\\\/portal\\\/2024\\\/09\\\/20\\\/bomberas-y-mujeres-victimas-de-incendios-estan-abandonadas\\\/#primaryimage\"},\"thumbnailUrl\":\"https:\\\/\\\/www.eldiario.net\\\/portal\\\/wp-content\\\/uploads\\\/2024\\\/09\\\/10-NAL-COLOR.png\",\"datePublished\":\"2024-09-20T09:53:58+00:00\",\"breadcrumb\":{\"@id\":\"https:\\\/\\\/www.eldiario.net\\\/portal\\\/2024\\\/09\\\/20\\\/bomberas-y-mujeres-victimas-de-incendios-estan-abandonadas\\\/#breadcrumb\"},\"inLanguage\":\"es\",\"potentialAction\":[{\"@type\":\"ReadAction\",\"target\":[\"https:\\\/\\\/www.eldiario.net\\\/portal\\\/2024\\\/09\\\/20\\\/bomberas-y-mujeres-victimas-de-incendios-estan-abandonadas\\\/\"]}]},{\"@type\":\"ImageObject\",\"inLanguage\":\"es\",\"@id\":\"https:\\\/\\\/www.eldiario.net\\\/portal\\\/2024\\\/09\\\/20\\\/bomberas-y-mujeres-victimas-de-incendios-estan-abandonadas\\\/#primaryimage\",\"url\":\"https:\\\/\\\/www.eldiario.net\\\/portal\\\/wp-content\\\/uploads\\\/2024\\\/09\\\/10-NAL-COLOR.png\",\"contentUrl\":\"https:\\\/\\\/www.eldiario.net\\\/portal\\\/wp-content\\\/uploads\\\/2024\\\/09\\\/10-NAL-COLOR.png\",\"width\":394,\"height\":357,\"caption\":\"Bomberas forestales.\"},{\"@type\":\"BreadcrumbList\",\"@id\":\"https:\\\/\\\/www.eldiario.net\\\/portal\\\/2024\\\/09\\\/20\\\/bomberas-y-mujeres-victimas-de-incendios-estan-abandonadas\\\/#breadcrumb\",\"itemListElement\":[{\"@type\":\"ListItem\",\"position\":1,\"name\":\"Portada\",\"item\":\"https:\\\/\\\/www.eldiario.net\\\/portal\\\/\"},{\"@type\":\"ListItem\",\"position\":2,\"name\":\"Bomberas y mujeres v\u00edctimas de incendios est\u00e1n abandonadas\"}]},{\"@type\":\"WebSite\",\"@id\":\"https:\\\/\\\/www.eldiario.net\\\/portal\\\/#website\",\"url\":\"https:\\\/\\\/www.eldiario.net\\\/portal\\\/\",\"name\":\"El Diario - Decano de la prensa nacional\",\"description\":\"El Diario - Decano de la prensa nacional\",\"publisher\":{\"@id\":\"https:\\\/\\\/www.eldiario.net\\\/portal\\\/#organization\"},\"potentialAction\":[{\"@type\":\"SearchAction\",\"target\":{\"@type\":\"EntryPoint\",\"urlTemplate\":\"https:\\\/\\\/www.eldiario.net\\\/portal\\\/?s={search_term_string}\"},\"query-input\":{\"@type\":\"PropertyValueSpecification\",\"valueRequired\":true,\"valueName\":\"search_term_string\"}}],\"inLanguage\":\"es\"},{\"@type\":\"Organization\",\"@id\":\"https:\\\/\\\/www.eldiario.net\\\/portal\\\/#organization\",\"name\":\"El Diario - Decano de la prensa nacional\",\"url\":\"https:\\\/\\\/www.eldiario.net\\\/portal\\\/\",\"logo\":{\"@type\":\"ImageObject\",\"inLanguage\":\"es\",\"@id\":\"https:\\\/\\\/www.eldiario.net\\\/portal\\\/#\\\/schema\\\/logo\\\/image\\\/\",\"url\":\"https:\\\/\\\/www.eldiario.net\\\/portal\\\/wp-content\\\/uploads\\\/2023\\\/07\\\/logo_ED.jpg\",\"contentUrl\":\"https:\\\/\\\/www.eldiario.net\\\/portal\\\/wp-content\\\/uploads\\\/2023\\\/07\\\/logo_ED.jpg\",\"width\":272,\"height\":52,\"caption\":\"El Diario - Decano de la prensa nacional\"},\"image\":{\"@id\":\"https:\\\/\\\/www.eldiario.net\\\/portal\\\/#\\\/schema\\\/logo\\\/image\\\/\"},\"sameAs\":[\"https:\\\/\\\/www.facebook.com\\\/eldiario.bolivia\\\/\",\"https:\\\/\\\/x.com\\\/eldiario_net\"]},{\"@type\":\"Person\",\"@id\":\"https:\\\/\\\/www.eldiario.net\\\/portal\\\/#\\\/schema\\\/person\\\/f46445640444750d7d753ccd04ae01b7\",\"name\":\"Jeanette\",\"image\":{\"@type\":\"ImageObject\",\"inLanguage\":\"es\",\"@id\":\"https:\\\/\\\/secure.gravatar.com\\\/avatar\\\/3ea2118a5f7dad2b7138b1187a6b7ee55f160b9968b66013c3a3ef39dd7e5798?s=96&d=mm&r=g\",\"url\":\"https:\\\/\\\/secure.gravatar.com\\\/avatar\\\/3ea2118a5f7dad2b7138b1187a6b7ee55f160b9968b66013c3a3ef39dd7e5798?s=96&d=mm&r=g\",\"contentUrl\":\"https:\\\/\\\/secure.gravatar.com\\\/avatar\\\/3ea2118a5f7dad2b7138b1187a6b7ee55f160b9968b66013c3a3ef39dd7e5798?s=96&d=mm&r=g\",\"caption\":\"Jeanette\"},\"sameAs\":[\"https:\\\/\\\/www.eldiario.net\\\/portal\"],\"url\":\"https:\\\/\\\/www.eldiario.net\\\/portal\\\/author\\\/jeanette\\\/\"}]}<\/script>\n<!-- \/ Yoast SEO plugin. -->","yoast_head_json":{"title":"Bomberas y mujeres v\u00edctimas de incendios est\u00e1n abandonadas - El Diario - Bolivia","robots":{"index":"index","follow":"follow","max-snippet":"max-snippet:-1","max-image-preview":"max-image-preview:large","max-video-preview":"max-video-preview:-1"},"canonical":"https:\/\/www.eldiario.net\/portal\/2024\/09\/20\/bomberas-y-mujeres-victimas-de-incendios-estan-abandonadas\/","og_locale":"es_ES","og_type":"article","og_title":"Bomberas y mujeres v\u00edctimas de incendios est\u00e1n abandonadas - El Diario - Bolivia","og_description":"A dos semanas del anuncio del Gobierno sobre la contrataci\u00f3n de un avi\u00f3n bombero para sofocar los incendios en el oriente del pa\u00eds, que hasta la fecha no se hizo efectivo, el fuego sigue arrasando vastas extensiones de terreno. Mientras tanto, las comunidades afectadas y los equipos de rescate enfrentan una crisis humanitaria que va [&hellip;]","og_url":"https:\/\/www.eldiario.net\/portal\/2024\/09\/20\/bomberas-y-mujeres-victimas-de-incendios-estan-abandonadas\/","og_site_name":"El Diario - Bolivia","article_publisher":"https:\/\/www.facebook.com\/eldiario.bolivia\/","article_published_time":"2024-09-20T09:53:58+00:00","og_image":[{"width":394,"height":357,"url":"https:\/\/www.eldiario.net\/portal\/wp-content\/uploads\/2024\/09\/10-NAL-COLOR.png","type":"image\/png"}],"author":"Jeanette","twitter_card":"summary_large_image","twitter_creator":"@eldiario_net","twitter_site":"@eldiario_net","twitter_misc":{"Escrito por":"Jeanette","Tiempo de lectura":"2 minutos"},"schema":{"@context":"https:\/\/schema.org","@graph":[{"@type":"Article","@id":"https:\/\/www.eldiario.net\/portal\/2024\/09\/20\/bomberas-y-mujeres-victimas-de-incendios-estan-abandonadas\/#article","isPartOf":{"@id":"https:\/\/www.eldiario.net\/portal\/2024\/09\/20\/bomberas-y-mujeres-victimas-de-incendios-estan-abandonadas\/"},"author":{"name":"Jeanette","@id":"https:\/\/www.eldiario.net\/portal\/#\/schema\/person\/f46445640444750d7d753ccd04ae01b7"},"headline":"Bomberas y mujeres v\u00edctimas de incendios est\u00e1n abandonadas","datePublished":"2024-09-20T09:53:58+00:00","mainEntityOfPage":{"@id":"https:\/\/www.eldiario.net\/portal\/2024\/09\/20\/bomberas-y-mujeres-victimas-de-incendios-estan-abandonadas\/"},"wordCount":459,"commentCount":0,"publisher":{"@id":"https:\/\/www.eldiario.net\/portal\/#organization"},"image":{"@id":"https:\/\/www.eldiario.net\/portal\/2024\/09\/20\/bomberas-y-mujeres-victimas-de-incendios-estan-abandonadas\/#primaryimage"},"thumbnailUrl":"https:\/\/www.eldiario.net\/portal\/wp-content\/uploads\/2024\/09\/10-NAL-COLOR.png","articleSection":["Nacional"],"inLanguage":"es","potentialAction":[{"@type":"CommentAction","name":"Comment","target":["https:\/\/www.eldiario.net\/portal\/2024\/09\/20\/bomberas-y-mujeres-victimas-de-incendios-estan-abandonadas\/#respond"]}]},{"@type":"WebPage","@id":"https:\/\/www.eldiario.net\/portal\/2024\/09\/20\/bomberas-y-mujeres-victimas-de-incendios-estan-abandonadas\/","url":"https:\/\/www.eldiario.net\/portal\/2024\/09\/20\/bomberas-y-mujeres-victimas-de-incendios-estan-abandonadas\/","name":"Bomberas y mujeres v\u00edctimas de incendios est\u00e1n abandonadas - El Diario - Bolivia","isPartOf":{"@id":"https:\/\/www.eldiario.net\/portal\/#website"},"primaryImageOfPage":{"@id":"https:\/\/www.eldiario.net\/portal\/2024\/09\/20\/bomberas-y-mujeres-victimas-de-incendios-estan-abandonadas\/#primaryimage"},"image":{"@id":"https:\/\/www.eldiario.net\/portal\/2024\/09\/20\/bomberas-y-mujeres-victimas-de-incendios-estan-abandonadas\/#primaryimage"},"thumbnailUrl":"https:\/\/www.eldiario.net\/portal\/wp-content\/uploads\/2024\/09\/10-NAL-COLOR.png","datePublished":"2024-09-20T09:53:58+00:00","breadcrumb":{"@id":"https:\/\/www.eldiario.net\/portal\/2024\/09\/20\/bomberas-y-mujeres-victimas-de-incendios-estan-abandonadas\/#breadcrumb"},"inLanguage":"es","potentialAction":[{"@type":"ReadAction","target":["https:\/\/www.eldiario.net\/portal\/2024\/09\/20\/bomberas-y-mujeres-victimas-de-incendios-estan-abandonadas\/"]}]},{"@type":"ImageObject","inLanguage":"es","@id":"https:\/\/www.eldiario.net\/portal\/2024\/09\/20\/bomberas-y-mujeres-victimas-de-incendios-estan-abandonadas\/#primaryimage","url":"https:\/\/www.eldiario.net\/portal\/wp-content\/uploads\/2024\/09\/10-NAL-COLOR.png","contentUrl":"https:\/\/www.eldiario.net\/portal\/wp-content\/uploads\/2024\/09\/10-NAL-COLOR.png","width":394,"height":357,"caption":"Bomberas forestales."},{"@type":"BreadcrumbList","@id":"https:\/\/www.eldiario.net\/portal\/2024\/09\/20\/bomberas-y-mujeres-victimas-de-incendios-estan-abandonadas\/#breadcrumb","itemListElement":[{"@type":"ListItem","position":1,"name":"Portada","item":"https:\/\/www.eldiario.net\/portal\/"},{"@type":"ListItem","position":2,"name":"Bomberas y mujeres v\u00edctimas de incendios est\u00e1n abandonadas"}]},{"@type":"WebSite","@id":"https:\/\/www.eldiario.net\/portal\/#website","url":"https:\/\/www.eldiario.net\/portal\/","name":"El Diario - Decano de la prensa nacional","description":"El Diario - Decano de la prensa nacional","publisher":{"@id":"https:\/\/www.eldiario.net\/portal\/#organization"},"potentialAction":[{"@type":"SearchAction","target":{"@type":"EntryPoint","urlTemplate":"https:\/\/www.eldiario.net\/portal\/?s={search_term_string}"},"query-input":{"@type":"PropertyValueSpecification","valueRequired":true,"valueName":"search_term_string"}}],"inLanguage":"es"},{"@type":"Organization","@id":"https:\/\/www.eldiario.net\/portal\/#organization","name":"El Diario - Decano de la prensa nacional","url":"https:\/\/www.eldiario.net\/portal\/","logo":{"@type":"ImageObject","inLanguage":"es","@id":"https:\/\/www.eldiario.net\/portal\/#\/schema\/logo\/image\/","url":"https:\/\/www.eldiario.net\/portal\/wp-content\/uploads\/2023\/07\/logo_ED.jpg","contentUrl":"https:\/\/www.eldiario.net\/portal\/wp-content\/uploads\/2023\/07\/logo_ED.jpg","width":272,"height":52,"caption":"El Diario - Decano de la prensa nacional"},"image":{"@id":"https:\/\/www.eldiario.net\/portal\/#\/schema\/logo\/image\/"},"sameAs":["https:\/\/www.facebook.com\/eldiario.bolivia\/","https:\/\/x.com\/eldiario_net"]},{"@type":"Person","@id":"https:\/\/www.eldiario.net\/portal\/#\/schema\/person\/f46445640444750d7d753ccd04ae01b7","name":"Jeanette","image":{"@type":"ImageObject","inLanguage":"es","@id":"https:\/\/secure.gravatar.com\/avatar\/3ea2118a5f7dad2b7138b1187a6b7ee55f160b9968b66013c3a3ef39dd7e5798?s=96&d=mm&r=g","url":"https:\/\/secure.gravatar.com\/avatar\/3ea2118a5f7dad2b7138b1187a6b7ee55f160b9968b66013c3a3ef39dd7e5798?s=96&d=mm&r=g","contentUrl":"https:\/\/secure.gravatar.com\/avatar\/3ea2118a5f7dad2b7138b1187a6b7ee55f160b9968b66013c3a3ef39dd7e5798?s=96&d=mm&r=g","caption":"Jeanette"},"sameAs":["https:\/\/www.eldiario.net\/portal"],"url":"https:\/\/www.eldiario.net\/portal\/author\/jeanette\/"}]}},"_links":{"self":[{"href":"https:\/\/www.eldiario.net\/portal\/wp-json\/wp\/v2\/posts\/248705","targetHints":{"allow":["GET"]}}],"collection":[{"href":"https:\/\/www.eldiario.net\/portal\/wp-json\/wp\/v2\/posts"}],"about":[{"href":"https:\/\/www.eldiario.net\/portal\/wp-json\/wp\/v2\/types\/post"}],"author":[{"embeddable":true,"href":"https:\/\/www.eldiario.net\/portal\/wp-json\/wp\/v2\/users\/1"}],"replies":[{"embeddable":true,"href":"https:\/\/www.eldiario.net\/portal\/wp-json\/wp\/v2\/comments?post=248705"}],"version-history":[{"count":1,"href":"https:\/\/www.eldiario.net\/portal\/wp-json\/wp\/v2\/posts\/248705\/revisions"}],"predecessor-version":[{"id":248707,"href":"https:\/\/www.eldiario.net\/portal\/wp-json\/wp\/v2\/posts\/248705\/revisions\/248707"}],"wp:featuredmedia":[{"embeddable":true,"href":"https:\/\/www.eldiario.net\/portal\/wp-json\/wp\/v2\/media\/248706"}],"wp:attachment":[{"href":"https:\/\/www.eldiario.net\/portal\/wp-json\/wp\/v2\/media?parent=248705"}],"wp:term":[{"taxonomy":"category","embeddable":true,"href":"https:\/\/www.eldiario.net\/portal\/wp-json\/wp\/v2\/categories?post=248705"},{"taxonomy":"post_tag","embeddable":true,"href":"https:\/\/www.eldiario.net\/portal\/wp-json\/wp\/v2\/tags?post=248705"}],"curies":[{"name":"wp","href":"https:\/\/api.w.org\/{rel}","templated":true}]}}