{"id":248697,"date":"2024-09-20T05:51:33","date_gmt":"2024-09-20T09:51:33","guid":{"rendered":"https:\/\/www.eldiario.net\/portal\/?p=248697"},"modified":"2024-09-20T05:51:33","modified_gmt":"2024-09-20T09:51:33","slug":"bolivia-el-crimen-ambiental-de-la-quema-avanza","status":"publish","type":"post","link":"https:\/\/www.eldiario.net\/portal\/2024\/09\/20\/bolivia-el-crimen-ambiental-de-la-quema-avanza\/","title":{"rendered":"Bolivia: el crimen ambiental de la quema avanza"},"content":{"rendered":"<p>Con la llegada de septiembre, Bolivia se adentra en una temporada de elevaci\u00f3n de temperaturas, un fen\u00f3meno exacerbado por la quema de maleza destinada a la deforestaci\u00f3n. Esta pr\u00e1ctica no solo eleva las temperaturas, sino que tambi\u00e9n provoca una contaminaci\u00f3n del aire sin precedentes, especialmente en el oriente del pa\u00eds y en algunos valles. A pesar de las restricciones legales que proh\u00edben la quema de bosques hasta noviembre, en agosto se han registrado 15.908 focos de calor, la mayor\u00eda en el departamento de Santa Cruz, con 13.547 focos identificados, seg\u00fan el Sistema Integrado de Monitoreo de Bosques. Este dato refleja una crisis ambiental que va m\u00e1s all\u00e1 de los incendios y revela una serie de problemas estructurales profundos.<br \/>\nDesde hace muchos a\u00f1os, Bolivia ha sido escenario de desastres ecol\u00f3gicos recurrentes debido a la quema sistem\u00e1tica de \u00e1reas boscosas en el oriente del pa\u00eds. Esta pr\u00e1ctica ha adquirido un car\u00e1cter casi rutinario, destruyendo la fauna y la flora de manera sistem\u00e1tica a\u00f1o tras a\u00f1o. A pesar del esfuerzo heroico y comprometido de bomberos voluntarios, tanto nacionales como internacionales, para combatir estos incendios, sus esfuerzos a menudo parecen ser insuficientes. La realidad es que, mientras estos h\u00e9roes se enfrentan a las llamas y al humo, la expansi\u00f3n agr\u00edcola y ganadera sigue avanzando, impulsada por una legislaci\u00f3n que, en lugar de frenar la deforestaci\u00f3n, la ampara y promociona.<br \/>\nLa magnitud del problema es alarmante. En el \u00faltimo a\u00f1o, Bolivia ha perdido aproximadamente 500.000 hect\u00e1reas de bosque, un incremento significativo en comparaci\u00f3n con a\u00f1os anteriores. Entre 2001 y 2020, el pa\u00eds sufri\u00f3 una p\u00e9rdida promedio anual de 3,7 millones de hect\u00e1reas, con picos de hasta 5 millones en a\u00f1os cr\u00edticos como 2019. Esta devastaci\u00f3n afecta principalmente a las regiones de Beni y Santa Cruz, \u00e1reas cruciales tanto para la biodiversidad como para las comunidades locales que dependen de estos recursos.<br \/>\nLa expansi\u00f3n agr\u00edcola, ganadera y minera es uno de los motores principales detr\u00e1s de esta deforestaci\u00f3n. Empresas agr\u00edcolas y ganaderas, centradas en maximizar sus beneficios, a menudo ignoran el impacto ambiental de sus pr\u00e1cticas. Un ejemplo claro es la producci\u00f3n de soya en Bolivia, que resulta menos eficiente comparada con la de pa\u00edses vecinos como Brasil y Argentina. Mientras estos pa\u00edses logran rendimientos de entre 2,7 y 3,5 toneladas por hect\u00e1rea, Bolivia apenas alcanza 2,3 toneladas. Esta baja eficiencia impulsa una expansi\u00f3n constante de la frontera agr\u00edcola, exacerbando la p\u00e9rdida de bosques en el pa\u00eds.<br \/>\nLa relaci\u00f3n entre deforestaci\u00f3n y pobreza es bidireccional y problem\u00e1tica. Por un lado, la pobreza impulsa la deforestaci\u00f3n, ya que las comunidades rurales marginadas, con pocas oportunidades econ\u00f3micas, recurren a la tala de bosques para la agricultura de subsistencia y la ganader\u00eda. Aunque estas actividades pueden proporcionar ingresos a corto plazo, son insostenibles y conducen a la degradaci\u00f3n del suelo, obligando a las familias a buscar nuevas tierras y perpetuando la p\u00e9rdida de bosques.<br \/>\nPor otro lado, la deforestaci\u00f3n agrava la pobreza. La reducci\u00f3n de la cobertura forestal disminuye la disponibilidad de recursos naturales esenciales como madera, frutos y plantas medicinales, vitales para la subsistencia de muchas comunidades rurales. Adem\u00e1s, la p\u00e9rdida de bosques contribuye al cambio clim\u00e1tico y a eventos clim\u00e1ticos extremos, como sequ\u00edas e inundaciones, que afectan desproporcionadamente a las poblaciones m\u00e1s pobres. Estos eventos devastan cultivos y destruyen infraestructuras, incrementando la inseguridad alimentaria y la migraci\u00f3n forzada.<br \/>\nLa situaci\u00f3n se ve agravada por aspectos estructurales de la econom\u00eda y las pol\u00edticas gubernamentales. La entrega de tierras fiscales en el oriente del pa\u00eds, realizada con fines electorales, ha intensificado la deforestaci\u00f3n. Estas tierras, asignadas a individuos y familias sin experiencia agr\u00edcola, han sido explotadas de manera insostenible, resultando en incendios incontrolados y un deterioro ambiental significativo. Este problema refleja la falta de conocimientos en pr\u00e1cticas agr\u00edcolas adecuadas y una b\u00fasqueda de beneficios r\u00e1pidos a expensas del medio ambiente.<br \/>\nLa agroindustria tambi\u00e9n desempe\u00f1a un papel crucial en esta crisis. Empresas que buscan maximizar sus beneficios han impulsado la expansi\u00f3n de la frontera agr\u00edcola con pr\u00e1cticas que no siempre garantizan la sostenibilidad. En el caso del ganado en Beni, la quema extensiva para aumentar la producci\u00f3n de pastizales ha causado da\u00f1os ambientales que no justifican los beneficios obtenidos. Los datos del Producto Interno Bruto Pecuario muestran que las ganancias generadas no compensan el costo ambiental, resaltando la necesidad de reevaluar las estrategias ganaderas.<br \/>\nRomper el ciclo de deforestaci\u00f3n y pobreza en Bolivia requiere un enfoque integral y multifac\u00e9tico. Es crucial promover opciones econ\u00f3micas sostenibles, como el ecoturismo, la agroforester\u00eda y la recolecci\u00f3n de productos forestales no maderables. Estas pr\u00e1cticas pueden ofrecer ingresos a las comunidades sin da\u00f1ar el medio ambiente y mejorar la resiliencia econ\u00f3mica, proporcionando una soluci\u00f3n viable a este complejo problema.<br \/>\nEn conclusi\u00f3n, Bolivia se encuentra en una encrucijada cr\u00edtica. Mientras los bomberos voluntarios luchan valientemente contra los incendios, la expansi\u00f3n agr\u00edcola y ganadera, respaldada por una legislaci\u00f3n inadecuada, sigue avanzando. Para abordar esta situaci\u00f3n, es necesario un cambio profundo en las pol\u00edticas y en la forma en que valoramos nuestros recursos naturales. La protecci\u00f3n de los bosques no solo es vital para Bolivia, sino para el bienestar del planeta entero.<\/p>\n<p>El autor es Investigador y analista socioecon\u00f3mico.<\/p>\n","protected":false},"excerpt":{"rendered":"<p>Con la llegada de septiembre, Bolivia se adentra en una temporada de elevaci\u00f3n de temperaturas, un fen\u00f3meno exacerbado por la quema de maleza destinada a la deforestaci\u00f3n. Esta pr\u00e1ctica no solo eleva las temperaturas, sino que tambi\u00e9n provoca una contaminaci\u00f3n del aire sin precedentes, especialmente en el oriente del pa\u00eds y en algunos valles. A [&hellip;]<\/p>\n","protected":false},"author":1,"featured_media":213112,"comment_status":"open","ping_status":"open","sticky":false,"template":"","format":"standard","meta":{"_acf_changed":false,"footnotes":""},"categories":[9],"tags":[],"class_list":["post-248697","post","type-post","status-publish","format-standard","has-post-thumbnail","category-opinion"],"acf":{"antetitulo":""},"yoast_head":"<!-- This site is optimized with the Yoast SEO plugin v28.4 - https:\/\/yoast.com\/product\/yoast-seo-wordpress\/ -->\n<title>Bolivia: el crimen ambiental de la quema avanza - El Diario - Bolivia<\/title>\n<meta name=\"robots\" content=\"index, follow, max-snippet:-1, max-image-preview:large, max-video-preview:-1\" \/>\n<link rel=\"canonical\" href=\"https:\/\/www.eldiario.net\/portal\/2024\/09\/20\/bolivia-el-crimen-ambiental-de-la-quema-avanza\/\" \/>\n<meta property=\"og:locale\" content=\"es_ES\" \/>\n<meta property=\"og:type\" content=\"article\" \/>\n<meta property=\"og:title\" content=\"Bolivia: el crimen ambiental de la quema avanza - El Diario - Bolivia\" \/>\n<meta property=\"og:description\" content=\"Con la llegada de septiembre, Bolivia se adentra en una temporada de elevaci\u00f3n de temperaturas, un fen\u00f3meno exacerbado por la quema de maleza destinada a la deforestaci\u00f3n. Esta pr\u00e1ctica no solo eleva las temperaturas, sino que tambi\u00e9n provoca una contaminaci\u00f3n del aire sin precedentes, especialmente en el oriente del pa\u00eds y en algunos valles. A [&hellip;]\" \/>\n<meta property=\"og:url\" content=\"https:\/\/www.eldiario.net\/portal\/2024\/09\/20\/bolivia-el-crimen-ambiental-de-la-quema-avanza\/\" \/>\n<meta property=\"og:site_name\" content=\"El Diario - Bolivia\" \/>\n<meta property=\"article:publisher\" content=\"https:\/\/www.facebook.com\/eldiario.bolivia\/\" \/>\n<meta property=\"article:published_time\" content=\"2024-09-20T09:51:33+00:00\" \/>\n<meta property=\"og:image\" content=\"https:\/\/www.eldiario.net\/portal\/wp-content\/uploads\/2024\/04\/Miguel-Angel-Amonzabel-Gonzales.jpg\" \/>\n\t<meta property=\"og:image:width\" content=\"1200\" \/>\n\t<meta property=\"og:image:height\" content=\"628\" \/>\n\t<meta property=\"og:image:type\" content=\"image\/jpeg\" \/>\n<meta name=\"author\" content=\"Jeanette\" \/>\n<meta name=\"twitter:card\" content=\"summary_large_image\" \/>\n<meta name=\"twitter:creator\" content=\"@eldiario_net\" \/>\n<meta name=\"twitter:site\" content=\"@eldiario_net\" \/>\n<meta name=\"twitter:label1\" content=\"Escrito por\" \/>\n\t<meta name=\"twitter:data1\" content=\"Jeanette\" \/>\n\t<meta name=\"twitter:label2\" content=\"Tiempo de lectura\" \/>\n\t<meta name=\"twitter:data2\" content=\"5 minutos\" \/>\n<script type=\"application\/ld+json\" class=\"yoast-schema-graph\">{\"@context\":\"https:\\\/\\\/schema.org\",\"@graph\":[{\"@type\":\"Article\",\"@id\":\"https:\\\/\\\/www.eldiario.net\\\/portal\\\/2024\\\/09\\\/20\\\/bolivia-el-crimen-ambiental-de-la-quema-avanza\\\/#article\",\"isPartOf\":{\"@id\":\"https:\\\/\\\/www.eldiario.net\\\/portal\\\/2024\\\/09\\\/20\\\/bolivia-el-crimen-ambiental-de-la-quema-avanza\\\/\"},\"author\":{\"name\":\"Jeanette\",\"@id\":\"https:\\\/\\\/www.eldiario.net\\\/portal\\\/#\\\/schema\\\/person\\\/f46445640444750d7d753ccd04ae01b7\"},\"headline\":\"Bolivia: el crimen ambiental de la quema avanza\",\"datePublished\":\"2024-09-20T09:51:33+00:00\",\"mainEntityOfPage\":{\"@id\":\"https:\\\/\\\/www.eldiario.net\\\/portal\\\/2024\\\/09\\\/20\\\/bolivia-el-crimen-ambiental-de-la-quema-avanza\\\/\"},\"wordCount\":949,\"commentCount\":0,\"publisher\":{\"@id\":\"https:\\\/\\\/www.eldiario.net\\\/portal\\\/#organization\"},\"image\":{\"@id\":\"https:\\\/\\\/www.eldiario.net\\\/portal\\\/2024\\\/09\\\/20\\\/bolivia-el-crimen-ambiental-de-la-quema-avanza\\\/#primaryimage\"},\"thumbnailUrl\":\"https:\\\/\\\/www.eldiario.net\\\/portal\\\/wp-content\\\/uploads\\\/2024\\\/04\\\/Miguel-Angel-Amonzabel-Gonzales.jpg\",\"articleSection\":[\"Opini\u00f3n\"],\"inLanguage\":\"es\",\"potentialAction\":[{\"@type\":\"CommentAction\",\"name\":\"Comment\",\"target\":[\"https:\\\/\\\/www.eldiario.net\\\/portal\\\/2024\\\/09\\\/20\\\/bolivia-el-crimen-ambiental-de-la-quema-avanza\\\/#respond\"]}]},{\"@type\":\"WebPage\",\"@id\":\"https:\\\/\\\/www.eldiario.net\\\/portal\\\/2024\\\/09\\\/20\\\/bolivia-el-crimen-ambiental-de-la-quema-avanza\\\/\",\"url\":\"https:\\\/\\\/www.eldiario.net\\\/portal\\\/2024\\\/09\\\/20\\\/bolivia-el-crimen-ambiental-de-la-quema-avanza\\\/\",\"name\":\"Bolivia: el crimen ambiental de la quema avanza - El Diario - Bolivia\",\"isPartOf\":{\"@id\":\"https:\\\/\\\/www.eldiario.net\\\/portal\\\/#website\"},\"primaryImageOfPage\":{\"@id\":\"https:\\\/\\\/www.eldiario.net\\\/portal\\\/2024\\\/09\\\/20\\\/bolivia-el-crimen-ambiental-de-la-quema-avanza\\\/#primaryimage\"},\"image\":{\"@id\":\"https:\\\/\\\/www.eldiario.net\\\/portal\\\/2024\\\/09\\\/20\\\/bolivia-el-crimen-ambiental-de-la-quema-avanza\\\/#primaryimage\"},\"thumbnailUrl\":\"https:\\\/\\\/www.eldiario.net\\\/portal\\\/wp-content\\\/uploads\\\/2024\\\/04\\\/Miguel-Angel-Amonzabel-Gonzales.jpg\",\"datePublished\":\"2024-09-20T09:51:33+00:00\",\"breadcrumb\":{\"@id\":\"https:\\\/\\\/www.eldiario.net\\\/portal\\\/2024\\\/09\\\/20\\\/bolivia-el-crimen-ambiental-de-la-quema-avanza\\\/#breadcrumb\"},\"inLanguage\":\"es\",\"potentialAction\":[{\"@type\":\"ReadAction\",\"target\":[\"https:\\\/\\\/www.eldiario.net\\\/portal\\\/2024\\\/09\\\/20\\\/bolivia-el-crimen-ambiental-de-la-quema-avanza\\\/\"]}]},{\"@type\":\"ImageObject\",\"inLanguage\":\"es\",\"@id\":\"https:\\\/\\\/www.eldiario.net\\\/portal\\\/2024\\\/09\\\/20\\\/bolivia-el-crimen-ambiental-de-la-quema-avanza\\\/#primaryimage\",\"url\":\"https:\\\/\\\/www.eldiario.net\\\/portal\\\/wp-content\\\/uploads\\\/2024\\\/04\\\/Miguel-Angel-Amonzabel-Gonzales.jpg\",\"contentUrl\":\"https:\\\/\\\/www.eldiario.net\\\/portal\\\/wp-content\\\/uploads\\\/2024\\\/04\\\/Miguel-Angel-Amonzabel-Gonzales.jpg\",\"width\":1200,\"height\":628,\"caption\":\"Miguel \u00c1ngel Amonzabel Gonzales\"},{\"@type\":\"BreadcrumbList\",\"@id\":\"https:\\\/\\\/www.eldiario.net\\\/portal\\\/2024\\\/09\\\/20\\\/bolivia-el-crimen-ambiental-de-la-quema-avanza\\\/#breadcrumb\",\"itemListElement\":[{\"@type\":\"ListItem\",\"position\":1,\"name\":\"Portada\",\"item\":\"https:\\\/\\\/www.eldiario.net\\\/portal\\\/\"},{\"@type\":\"ListItem\",\"position\":2,\"name\":\"Bolivia: el crimen ambiental de la quema avanza\"}]},{\"@type\":\"WebSite\",\"@id\":\"https:\\\/\\\/www.eldiario.net\\\/portal\\\/#website\",\"url\":\"https:\\\/\\\/www.eldiario.net\\\/portal\\\/\",\"name\":\"El Diario - Decano de la prensa nacional\",\"description\":\"El Diario - Decano de la prensa nacional\",\"publisher\":{\"@id\":\"https:\\\/\\\/www.eldiario.net\\\/portal\\\/#organization\"},\"potentialAction\":[{\"@type\":\"SearchAction\",\"target\":{\"@type\":\"EntryPoint\",\"urlTemplate\":\"https:\\\/\\\/www.eldiario.net\\\/portal\\\/?s={search_term_string}\"},\"query-input\":{\"@type\":\"PropertyValueSpecification\",\"valueRequired\":true,\"valueName\":\"search_term_string\"}}],\"inLanguage\":\"es\"},{\"@type\":\"Organization\",\"@id\":\"https:\\\/\\\/www.eldiario.net\\\/portal\\\/#organization\",\"name\":\"El Diario - Decano de la prensa nacional\",\"url\":\"https:\\\/\\\/www.eldiario.net\\\/portal\\\/\",\"logo\":{\"@type\":\"ImageObject\",\"inLanguage\":\"es\",\"@id\":\"https:\\\/\\\/www.eldiario.net\\\/portal\\\/#\\\/schema\\\/logo\\\/image\\\/\",\"url\":\"https:\\\/\\\/www.eldiario.net\\\/portal\\\/wp-content\\\/uploads\\\/2023\\\/07\\\/logo_ED.jpg\",\"contentUrl\":\"https:\\\/\\\/www.eldiario.net\\\/portal\\\/wp-content\\\/uploads\\\/2023\\\/07\\\/logo_ED.jpg\",\"width\":272,\"height\":52,\"caption\":\"El Diario - Decano de la prensa nacional\"},\"image\":{\"@id\":\"https:\\\/\\\/www.eldiario.net\\\/portal\\\/#\\\/schema\\\/logo\\\/image\\\/\"},\"sameAs\":[\"https:\\\/\\\/www.facebook.com\\\/eldiario.bolivia\\\/\",\"https:\\\/\\\/x.com\\\/eldiario_net\"]},{\"@type\":\"Person\",\"@id\":\"https:\\\/\\\/www.eldiario.net\\\/portal\\\/#\\\/schema\\\/person\\\/f46445640444750d7d753ccd04ae01b7\",\"name\":\"Jeanette\",\"image\":{\"@type\":\"ImageObject\",\"inLanguage\":\"es\",\"@id\":\"https:\\\/\\\/secure.gravatar.com\\\/avatar\\\/3ea2118a5f7dad2b7138b1187a6b7ee55f160b9968b66013c3a3ef39dd7e5798?s=96&d=mm&r=g\",\"url\":\"https:\\\/\\\/secure.gravatar.com\\\/avatar\\\/3ea2118a5f7dad2b7138b1187a6b7ee55f160b9968b66013c3a3ef39dd7e5798?s=96&d=mm&r=g\",\"contentUrl\":\"https:\\\/\\\/secure.gravatar.com\\\/avatar\\\/3ea2118a5f7dad2b7138b1187a6b7ee55f160b9968b66013c3a3ef39dd7e5798?s=96&d=mm&r=g\",\"caption\":\"Jeanette\"},\"sameAs\":[\"https:\\\/\\\/www.eldiario.net\\\/portal\"],\"url\":\"https:\\\/\\\/www.eldiario.net\\\/portal\\\/author\\\/jeanette\\\/\"}]}<\/script>\n<!-- \/ Yoast SEO plugin. -->","yoast_head_json":{"title":"Bolivia: el crimen ambiental de la quema avanza - El Diario - Bolivia","robots":{"index":"index","follow":"follow","max-snippet":"max-snippet:-1","max-image-preview":"max-image-preview:large","max-video-preview":"max-video-preview:-1"},"canonical":"https:\/\/www.eldiario.net\/portal\/2024\/09\/20\/bolivia-el-crimen-ambiental-de-la-quema-avanza\/","og_locale":"es_ES","og_type":"article","og_title":"Bolivia: el crimen ambiental de la quema avanza - El Diario - Bolivia","og_description":"Con la llegada de septiembre, Bolivia se adentra en una temporada de elevaci\u00f3n de temperaturas, un fen\u00f3meno exacerbado por la quema de maleza destinada a la deforestaci\u00f3n. Esta pr\u00e1ctica no solo eleva las temperaturas, sino que tambi\u00e9n provoca una contaminaci\u00f3n del aire sin precedentes, especialmente en el oriente del pa\u00eds y en algunos valles. A [&hellip;]","og_url":"https:\/\/www.eldiario.net\/portal\/2024\/09\/20\/bolivia-el-crimen-ambiental-de-la-quema-avanza\/","og_site_name":"El Diario - Bolivia","article_publisher":"https:\/\/www.facebook.com\/eldiario.bolivia\/","article_published_time":"2024-09-20T09:51:33+00:00","og_image":[{"width":1200,"height":628,"url":"https:\/\/www.eldiario.net\/portal\/wp-content\/uploads\/2024\/04\/Miguel-Angel-Amonzabel-Gonzales.jpg","type":"image\/jpeg"}],"author":"Jeanette","twitter_card":"summary_large_image","twitter_creator":"@eldiario_net","twitter_site":"@eldiario_net","twitter_misc":{"Escrito por":"Jeanette","Tiempo de lectura":"5 minutos"},"schema":{"@context":"https:\/\/schema.org","@graph":[{"@type":"Article","@id":"https:\/\/www.eldiario.net\/portal\/2024\/09\/20\/bolivia-el-crimen-ambiental-de-la-quema-avanza\/#article","isPartOf":{"@id":"https:\/\/www.eldiario.net\/portal\/2024\/09\/20\/bolivia-el-crimen-ambiental-de-la-quema-avanza\/"},"author":{"name":"Jeanette","@id":"https:\/\/www.eldiario.net\/portal\/#\/schema\/person\/f46445640444750d7d753ccd04ae01b7"},"headline":"Bolivia: el crimen ambiental de la quema avanza","datePublished":"2024-09-20T09:51:33+00:00","mainEntityOfPage":{"@id":"https:\/\/www.eldiario.net\/portal\/2024\/09\/20\/bolivia-el-crimen-ambiental-de-la-quema-avanza\/"},"wordCount":949,"commentCount":0,"publisher":{"@id":"https:\/\/www.eldiario.net\/portal\/#organization"},"image":{"@id":"https:\/\/www.eldiario.net\/portal\/2024\/09\/20\/bolivia-el-crimen-ambiental-de-la-quema-avanza\/#primaryimage"},"thumbnailUrl":"https:\/\/www.eldiario.net\/portal\/wp-content\/uploads\/2024\/04\/Miguel-Angel-Amonzabel-Gonzales.jpg","articleSection":["Opini\u00f3n"],"inLanguage":"es","potentialAction":[{"@type":"CommentAction","name":"Comment","target":["https:\/\/www.eldiario.net\/portal\/2024\/09\/20\/bolivia-el-crimen-ambiental-de-la-quema-avanza\/#respond"]}]},{"@type":"WebPage","@id":"https:\/\/www.eldiario.net\/portal\/2024\/09\/20\/bolivia-el-crimen-ambiental-de-la-quema-avanza\/","url":"https:\/\/www.eldiario.net\/portal\/2024\/09\/20\/bolivia-el-crimen-ambiental-de-la-quema-avanza\/","name":"Bolivia: el crimen ambiental de la quema avanza - El Diario - Bolivia","isPartOf":{"@id":"https:\/\/www.eldiario.net\/portal\/#website"},"primaryImageOfPage":{"@id":"https:\/\/www.eldiario.net\/portal\/2024\/09\/20\/bolivia-el-crimen-ambiental-de-la-quema-avanza\/#primaryimage"},"image":{"@id":"https:\/\/www.eldiario.net\/portal\/2024\/09\/20\/bolivia-el-crimen-ambiental-de-la-quema-avanza\/#primaryimage"},"thumbnailUrl":"https:\/\/www.eldiario.net\/portal\/wp-content\/uploads\/2024\/04\/Miguel-Angel-Amonzabel-Gonzales.jpg","datePublished":"2024-09-20T09:51:33+00:00","breadcrumb":{"@id":"https:\/\/www.eldiario.net\/portal\/2024\/09\/20\/bolivia-el-crimen-ambiental-de-la-quema-avanza\/#breadcrumb"},"inLanguage":"es","potentialAction":[{"@type":"ReadAction","target":["https:\/\/www.eldiario.net\/portal\/2024\/09\/20\/bolivia-el-crimen-ambiental-de-la-quema-avanza\/"]}]},{"@type":"ImageObject","inLanguage":"es","@id":"https:\/\/www.eldiario.net\/portal\/2024\/09\/20\/bolivia-el-crimen-ambiental-de-la-quema-avanza\/#primaryimage","url":"https:\/\/www.eldiario.net\/portal\/wp-content\/uploads\/2024\/04\/Miguel-Angel-Amonzabel-Gonzales.jpg","contentUrl":"https:\/\/www.eldiario.net\/portal\/wp-content\/uploads\/2024\/04\/Miguel-Angel-Amonzabel-Gonzales.jpg","width":1200,"height":628,"caption":"Miguel \u00c1ngel Amonzabel Gonzales"},{"@type":"BreadcrumbList","@id":"https:\/\/www.eldiario.net\/portal\/2024\/09\/20\/bolivia-el-crimen-ambiental-de-la-quema-avanza\/#breadcrumb","itemListElement":[{"@type":"ListItem","position":1,"name":"Portada","item":"https:\/\/www.eldiario.net\/portal\/"},{"@type":"ListItem","position":2,"name":"Bolivia: el crimen ambiental de la quema avanza"}]},{"@type":"WebSite","@id":"https:\/\/www.eldiario.net\/portal\/#website","url":"https:\/\/www.eldiario.net\/portal\/","name":"El Diario - Decano de la prensa nacional","description":"El Diario - Decano de la prensa nacional","publisher":{"@id":"https:\/\/www.eldiario.net\/portal\/#organization"},"potentialAction":[{"@type":"SearchAction","target":{"@type":"EntryPoint","urlTemplate":"https:\/\/www.eldiario.net\/portal\/?s={search_term_string}"},"query-input":{"@type":"PropertyValueSpecification","valueRequired":true,"valueName":"search_term_string"}}],"inLanguage":"es"},{"@type":"Organization","@id":"https:\/\/www.eldiario.net\/portal\/#organization","name":"El Diario - Decano de la prensa nacional","url":"https:\/\/www.eldiario.net\/portal\/","logo":{"@type":"ImageObject","inLanguage":"es","@id":"https:\/\/www.eldiario.net\/portal\/#\/schema\/logo\/image\/","url":"https:\/\/www.eldiario.net\/portal\/wp-content\/uploads\/2023\/07\/logo_ED.jpg","contentUrl":"https:\/\/www.eldiario.net\/portal\/wp-content\/uploads\/2023\/07\/logo_ED.jpg","width":272,"height":52,"caption":"El Diario - Decano de la prensa nacional"},"image":{"@id":"https:\/\/www.eldiario.net\/portal\/#\/schema\/logo\/image\/"},"sameAs":["https:\/\/www.facebook.com\/eldiario.bolivia\/","https:\/\/x.com\/eldiario_net"]},{"@type":"Person","@id":"https:\/\/www.eldiario.net\/portal\/#\/schema\/person\/f46445640444750d7d753ccd04ae01b7","name":"Jeanette","image":{"@type":"ImageObject","inLanguage":"es","@id":"https:\/\/secure.gravatar.com\/avatar\/3ea2118a5f7dad2b7138b1187a6b7ee55f160b9968b66013c3a3ef39dd7e5798?s=96&d=mm&r=g","url":"https:\/\/secure.gravatar.com\/avatar\/3ea2118a5f7dad2b7138b1187a6b7ee55f160b9968b66013c3a3ef39dd7e5798?s=96&d=mm&r=g","contentUrl":"https:\/\/secure.gravatar.com\/avatar\/3ea2118a5f7dad2b7138b1187a6b7ee55f160b9968b66013c3a3ef39dd7e5798?s=96&d=mm&r=g","caption":"Jeanette"},"sameAs":["https:\/\/www.eldiario.net\/portal"],"url":"https:\/\/www.eldiario.net\/portal\/author\/jeanette\/"}]}},"_links":{"self":[{"href":"https:\/\/www.eldiario.net\/portal\/wp-json\/wp\/v2\/posts\/248697","targetHints":{"allow":["GET"]}}],"collection":[{"href":"https:\/\/www.eldiario.net\/portal\/wp-json\/wp\/v2\/posts"}],"about":[{"href":"https:\/\/www.eldiario.net\/portal\/wp-json\/wp\/v2\/types\/post"}],"author":[{"embeddable":true,"href":"https:\/\/www.eldiario.net\/portal\/wp-json\/wp\/v2\/users\/1"}],"replies":[{"embeddable":true,"href":"https:\/\/www.eldiario.net\/portal\/wp-json\/wp\/v2\/comments?post=248697"}],"version-history":[{"count":1,"href":"https:\/\/www.eldiario.net\/portal\/wp-json\/wp\/v2\/posts\/248697\/revisions"}],"predecessor-version":[{"id":248698,"href":"https:\/\/www.eldiario.net\/portal\/wp-json\/wp\/v2\/posts\/248697\/revisions\/248698"}],"wp:featuredmedia":[{"embeddable":true,"href":"https:\/\/www.eldiario.net\/portal\/wp-json\/wp\/v2\/media\/213112"}],"wp:attachment":[{"href":"https:\/\/www.eldiario.net\/portal\/wp-json\/wp\/v2\/media?parent=248697"}],"wp:term":[{"taxonomy":"category","embeddable":true,"href":"https:\/\/www.eldiario.net\/portal\/wp-json\/wp\/v2\/categories?post=248697"},{"taxonomy":"post_tag","embeddable":true,"href":"https:\/\/www.eldiario.net\/portal\/wp-json\/wp\/v2\/tags?post=248697"}],"curies":[{"name":"wp","href":"https:\/\/api.w.org\/{rel}","templated":true}]}}