{"id":248691,"date":"2024-09-20T05:50:20","date_gmt":"2024-09-20T09:50:20","guid":{"rendered":"https:\/\/www.eldiario.net\/portal\/?p=248691"},"modified":"2024-09-20T05:50:20","modified_gmt":"2024-09-20T09:50:20","slug":"bolivia-venezuela-brasil-y-panama-en-la-mira-de-rusia","status":"publish","type":"post","link":"https:\/\/www.eldiario.net\/portal\/2024\/09\/20\/bolivia-venezuela-brasil-y-panama-en-la-mira-de-rusia\/","title":{"rendered":"Bolivia, Venezuela, Brasil y  Panam\u00e1 en la mira de Rusia"},"content":{"rendered":"<p>Desde la invasi\u00f3n a Ucrania, Rusia ha puesto mucho inter\u00e9s en proyectar su incidencia econ\u00f3mica, pol\u00edtica y diplom\u00e1tica en Am\u00e9rica Latina, sobre todo en pa\u00edses como Venezuela, Bolivia, Brasil y Panam\u00e1, seg\u00fan el informe Alcance Global de Rusia: Manual del Kremlin en Am\u00e9rica Latina y el Caribe, presentado por la Fundaci\u00f3n Milenio.<br \/>\nLa Fundaci\u00f3n Milenio alert\u00f3 sobre la amenaza de que Bolivia quede atrapada en el juego de las grandes potencias, sobre todo por la creciente influencia pol\u00edtica y econ\u00f3mica que despliega el gobierno del presidente ruso, Valdimir Putin, en Latinoam\u00e9rica.<br \/>\nLa tendencia es subrayada en el informe \u201cEl Alcance Global de Rusia: Manual del Kremlin en Am\u00e9rica Latina y el Caribe\u201d, producido por el Centro para el Estudio de la Democracia (CSD), y divulgado esta semana.<br \/>\n\u201cEn el caso de Bolivia, la influencia se refleja de manera clara en el alineamiento de la pol\u00edtica exterior del gobierno del presidente Luis Arce, con los objetivos estrat\u00e9gicos de la diplomacia rusa en diferentes foros internacionales. Desde el inicio de la guerra en el este, el voto boliviano en la ONU, por ejemplo, ha respondido al inter\u00e9s del Kremlin\u201d, se\u00f1ala Henry Oporto, director de la Fundaci\u00f3n Milenio.<br \/>\nEl informe del CSD, afirma que el uso del sector energ\u00e9tico como herramienta geopol\u00edtica es fundamental en la estrategia rusa. \u201cLas exportaciones de petr\u00f3leo ruso a Am\u00e9rica Latina alcanzan m\u00e1s de 300 mil barriles diarios, casi el 5% de las ventas total de petr\u00f3leo de Rusia\u201d.<br \/>\nAl respecto, Oporto sostiene que la situaci\u00f3n en Bolivia no es diferente a la tendencia regional. \u201cLuego del m\u00e1s reciente viaje del presidente Arce a Mosc\u00fa, Rusia ha comenzado a enviar di\u00e9sel a Bolivia a trav\u00e9s de puertos chilenos y es muy probable que el suministro contin\u00fae tomando en cuenta las dificultades que enfrenta el pa\u00eds para importar combustibles por las v\u00edas tradicionales\u201d.<br \/>\nA pesar de una relaci\u00f3n bilateral comercial poco desarrollada, \u201clas compras de combustibles constituyen el rubro m\u00e1s importante: 67% del total importado\u201d. Rusia se estar\u00eda convirtiendo en un proveedor relevante de Bolivia, sorteando incluso las prohibiciones internacionales y desafiando la amenaza de sanciones.<br \/>\nOporto a\u00f1ade que la empresa rusa Rosatom ha implementado una planta de investigaci\u00f3n y desarrollo de energ\u00eda nuclear en Bolivia que no tiene l\u00f3gica econ\u00f3mica, pero que, sin embargo, contribuye a asentar la presencia rusa en el pa\u00eds y avanzar hacia otros sectores econ\u00f3micos de mayor inter\u00e9s para el Kremlin, como son los yacimientos de litio del pa\u00eds, un recurso clave para la fabricaci\u00f3n de bater\u00edas y otras industrias tecnol\u00f3gicas.<br \/>\nLlama la atenci\u00f3n, agrega, que el anuncio de m\u00e1s importaciones de combustibles rusos a Bolivia coincida con la firma de un contrato con la compa\u00f1\u00eda rusa Uranium One (vinculada a la estatal Rosatom), para la construcci\u00f3n de una planta de carbonato de litio en el Salar de Uyuni; todo ello, en un ambiente de hermetismo y falta de transparencia.<br \/>\n\u201cLa influencia pol\u00edtica del Kremlin puede crecer m\u00e1s a medida que Rusia acrecienta su papel como proveedor de combustibles, gener\u00e1ndose una relaci\u00f3n de potencial dependencia que aqu\u00e9l puede aprovechar en beneficio de sus empresas\u201d, apunta el investigador.<br \/>\nMilenio, que en 2021 public\u00f3 un estudio sobre las empresas chinas, \u201cEl capital corrosivo en Bolivia y los retos de buena gobernanza\u201d, observa que durante la \u00faltima d\u00e9cada Rusia busca mejorar la percepci\u00f3n regional de la opini\u00f3n p\u00fablica, a trav\u00e9s de las redes y de sus agencias de informaci\u00f3n internacional.<br \/>\n\u201cNo le ha ido tan bien, porque la opini\u00f3n positiva en general registra una ca\u00edda del 15%, sobre todo en Argentina (-15%), e incluso en Venezuela (-10%), pero en Bolivia se mantuvo en 44%, la m\u00e1s alta de la regi\u00f3n\u201d, indic\u00f3.<br \/>\nPese a que Rusia invierte menos que China en Am\u00e9rica Latina, consigue m\u00e1s desde el punto de vista pol\u00edtico y diplom\u00e1tico. \u201cEn la situaci\u00f3n boliviana es evidente que Rusia aprovecha la debilidad del Estado y de las instituciones nacionales, as\u00ed como la predisposici\u00f3n favorable del partido gobernante (el MAS), para promover sus intereses y para volcar a su favor las decisiones de gobierno\u201d, finaliz\u00f3 Oporto.<br \/>\nPero no s\u00f3lo Bolivia tiene la presencia rusa, sino que tambi\u00e9n China sienta presencia en la regi\u00f3n a trav\u00e9s de los cr\u00e9ditos y empresas chinas.<\/p>\n","protected":false},"excerpt":{"rendered":"<p>Desde la invasi\u00f3n a Ucrania, Rusia ha puesto mucho inter\u00e9s en proyectar su incidencia econ\u00f3mica, pol\u00edtica y diplom\u00e1tica en Am\u00e9rica Latina, sobre todo en pa\u00edses como Venezuela, Bolivia, Brasil y Panam\u00e1, seg\u00fan el informe Alcance Global de Rusia: Manual del Kremlin en Am\u00e9rica Latina y el Caribe, presentado por la Fundaci\u00f3n Milenio. La Fundaci\u00f3n Milenio [&hellip;]<\/p>\n","protected":false},"author":1,"featured_media":194689,"comment_status":"open","ping_status":"open","sticky":false,"template":"","format":"standard","meta":{"_acf_changed":false,"footnotes":""},"categories":[7],"tags":[],"class_list":["post-248691","post","type-post","status-publish","format-standard","has-post-thumbnail","category-economia"],"acf":{"antetitulo":""},"yoast_head":"<!-- This site is optimized with the Yoast SEO plugin v28.3 - https:\/\/yoast.com\/product\/yoast-seo-wordpress\/ -->\n<title>Bolivia, Venezuela, Brasil y Panam\u00e1 en la mira de Rusia - El Diario - Bolivia<\/title>\n<meta name=\"robots\" content=\"index, follow, max-snippet:-1, max-image-preview:large, max-video-preview:-1\" \/>\n<link rel=\"canonical\" href=\"https:\/\/www.eldiario.net\/portal\/2024\/09\/20\/bolivia-venezuela-brasil-y-panama-en-la-mira-de-rusia\/\" \/>\n<meta property=\"og:locale\" content=\"es_ES\" \/>\n<meta property=\"og:type\" content=\"article\" \/>\n<meta property=\"og:title\" content=\"Bolivia, Venezuela, Brasil y Panam\u00e1 en la mira de Rusia - El Diario - Bolivia\" \/>\n<meta property=\"og:description\" content=\"Desde la invasi\u00f3n a Ucrania, Rusia ha puesto mucho inter\u00e9s en proyectar su incidencia econ\u00f3mica, pol\u00edtica y diplom\u00e1tica en Am\u00e9rica Latina, sobre todo en pa\u00edses como Venezuela, Bolivia, Brasil y Panam\u00e1, seg\u00fan el informe Alcance Global de Rusia: Manual del Kremlin en Am\u00e9rica Latina y el Caribe, presentado por la Fundaci\u00f3n Milenio. La Fundaci\u00f3n Milenio [&hellip;]\" \/>\n<meta property=\"og:url\" content=\"https:\/\/www.eldiario.net\/portal\/2024\/09\/20\/bolivia-venezuela-brasil-y-panama-en-la-mira-de-rusia\/\" \/>\n<meta property=\"og:site_name\" content=\"El Diario - Bolivia\" \/>\n<meta property=\"article:publisher\" content=\"https:\/\/www.facebook.com\/eldiario.bolivia\/\" \/>\n<meta property=\"article:published_time\" content=\"2024-09-20T09:50:20+00:00\" \/>\n<meta property=\"og:image\" content=\"https:\/\/www.eldiario.net\/portal\/wp-content\/uploads\/2023\/12\/Economia.jpg\" \/>\n\t<meta property=\"og:image:width\" content=\"800\" \/>\n\t<meta property=\"og:image:height\" content=\"500\" \/>\n\t<meta property=\"og:image:type\" content=\"image\/jpeg\" \/>\n<meta name=\"author\" content=\"Jeanette\" \/>\n<meta name=\"twitter:card\" content=\"summary_large_image\" \/>\n<meta name=\"twitter:creator\" content=\"@eldiario_net\" \/>\n<meta name=\"twitter:site\" content=\"@eldiario_net\" \/>\n<meta name=\"twitter:label1\" content=\"Escrito por\" \/>\n\t<meta name=\"twitter:data1\" content=\"Jeanette\" \/>\n\t<meta name=\"twitter:label2\" content=\"Tiempo de lectura\" \/>\n\t<meta name=\"twitter:data2\" content=\"4 minutos\" \/>\n<script type=\"application\/ld+json\" class=\"yoast-schema-graph\">{\"@context\":\"https:\\\/\\\/schema.org\",\"@graph\":[{\"@type\":\"Article\",\"@id\":\"https:\\\/\\\/www.eldiario.net\\\/portal\\\/2024\\\/09\\\/20\\\/bolivia-venezuela-brasil-y-panama-en-la-mira-de-rusia\\\/#article\",\"isPartOf\":{\"@id\":\"https:\\\/\\\/www.eldiario.net\\\/portal\\\/2024\\\/09\\\/20\\\/bolivia-venezuela-brasil-y-panama-en-la-mira-de-rusia\\\/\"},\"author\":{\"name\":\"Jeanette\",\"@id\":\"https:\\\/\\\/www.eldiario.net\\\/portal\\\/#\\\/schema\\\/person\\\/f46445640444750d7d753ccd04ae01b7\"},\"headline\":\"Bolivia, Venezuela, Brasil y Panam\u00e1 en la mira de Rusia\",\"datePublished\":\"2024-09-20T09:50:20+00:00\",\"mainEntityOfPage\":{\"@id\":\"https:\\\/\\\/www.eldiario.net\\\/portal\\\/2024\\\/09\\\/20\\\/bolivia-venezuela-brasil-y-panama-en-la-mira-de-rusia\\\/\"},\"wordCount\":776,\"commentCount\":0,\"publisher\":{\"@id\":\"https:\\\/\\\/www.eldiario.net\\\/portal\\\/#organization\"},\"image\":{\"@id\":\"https:\\\/\\\/www.eldiario.net\\\/portal\\\/2024\\\/09\\\/20\\\/bolivia-venezuela-brasil-y-panama-en-la-mira-de-rusia\\\/#primaryimage\"},\"thumbnailUrl\":\"https:\\\/\\\/www.eldiario.net\\\/portal\\\/wp-content\\\/uploads\\\/2023\\\/12\\\/Economia.jpg\",\"articleSection\":[\"Econom\u00eda\"],\"inLanguage\":\"es\",\"potentialAction\":[{\"@type\":\"CommentAction\",\"name\":\"Comment\",\"target\":[\"https:\\\/\\\/www.eldiario.net\\\/portal\\\/2024\\\/09\\\/20\\\/bolivia-venezuela-brasil-y-panama-en-la-mira-de-rusia\\\/#respond\"]}]},{\"@type\":\"WebPage\",\"@id\":\"https:\\\/\\\/www.eldiario.net\\\/portal\\\/2024\\\/09\\\/20\\\/bolivia-venezuela-brasil-y-panama-en-la-mira-de-rusia\\\/\",\"url\":\"https:\\\/\\\/www.eldiario.net\\\/portal\\\/2024\\\/09\\\/20\\\/bolivia-venezuela-brasil-y-panama-en-la-mira-de-rusia\\\/\",\"name\":\"Bolivia, Venezuela, Brasil y Panam\u00e1 en la mira de Rusia - El Diario - Bolivia\",\"isPartOf\":{\"@id\":\"https:\\\/\\\/www.eldiario.net\\\/portal\\\/#website\"},\"primaryImageOfPage\":{\"@id\":\"https:\\\/\\\/www.eldiario.net\\\/portal\\\/2024\\\/09\\\/20\\\/bolivia-venezuela-brasil-y-panama-en-la-mira-de-rusia\\\/#primaryimage\"},\"image\":{\"@id\":\"https:\\\/\\\/www.eldiario.net\\\/portal\\\/2024\\\/09\\\/20\\\/bolivia-venezuela-brasil-y-panama-en-la-mira-de-rusia\\\/#primaryimage\"},\"thumbnailUrl\":\"https:\\\/\\\/www.eldiario.net\\\/portal\\\/wp-content\\\/uploads\\\/2023\\\/12\\\/Economia.jpg\",\"datePublished\":\"2024-09-20T09:50:20+00:00\",\"breadcrumb\":{\"@id\":\"https:\\\/\\\/www.eldiario.net\\\/portal\\\/2024\\\/09\\\/20\\\/bolivia-venezuela-brasil-y-panama-en-la-mira-de-rusia\\\/#breadcrumb\"},\"inLanguage\":\"es\",\"potentialAction\":[{\"@type\":\"ReadAction\",\"target\":[\"https:\\\/\\\/www.eldiario.net\\\/portal\\\/2024\\\/09\\\/20\\\/bolivia-venezuela-brasil-y-panama-en-la-mira-de-rusia\\\/\"]}]},{\"@type\":\"ImageObject\",\"inLanguage\":\"es\",\"@id\":\"https:\\\/\\\/www.eldiario.net\\\/portal\\\/2024\\\/09\\\/20\\\/bolivia-venezuela-brasil-y-panama-en-la-mira-de-rusia\\\/#primaryimage\",\"url\":\"https:\\\/\\\/www.eldiario.net\\\/portal\\\/wp-content\\\/uploads\\\/2023\\\/12\\\/Economia.jpg\",\"contentUrl\":\"https:\\\/\\\/www.eldiario.net\\\/portal\\\/wp-content\\\/uploads\\\/2023\\\/12\\\/Economia.jpg\",\"width\":800,\"height\":500},{\"@type\":\"BreadcrumbList\",\"@id\":\"https:\\\/\\\/www.eldiario.net\\\/portal\\\/2024\\\/09\\\/20\\\/bolivia-venezuela-brasil-y-panama-en-la-mira-de-rusia\\\/#breadcrumb\",\"itemListElement\":[{\"@type\":\"ListItem\",\"position\":1,\"name\":\"Portada\",\"item\":\"https:\\\/\\\/www.eldiario.net\\\/portal\\\/\"},{\"@type\":\"ListItem\",\"position\":2,\"name\":\"Bolivia, Venezuela, Brasil y Panam\u00e1 en la mira de Rusia\"}]},{\"@type\":\"WebSite\",\"@id\":\"https:\\\/\\\/www.eldiario.net\\\/portal\\\/#website\",\"url\":\"https:\\\/\\\/www.eldiario.net\\\/portal\\\/\",\"name\":\"El Diario - Decano de la prensa nacional\",\"description\":\"El Diario - Decano de la prensa nacional\",\"publisher\":{\"@id\":\"https:\\\/\\\/www.eldiario.net\\\/portal\\\/#organization\"},\"potentialAction\":[{\"@type\":\"SearchAction\",\"target\":{\"@type\":\"EntryPoint\",\"urlTemplate\":\"https:\\\/\\\/www.eldiario.net\\\/portal\\\/?s={search_term_string}\"},\"query-input\":{\"@type\":\"PropertyValueSpecification\",\"valueRequired\":true,\"valueName\":\"search_term_string\"}}],\"inLanguage\":\"es\"},{\"@type\":\"Organization\",\"@id\":\"https:\\\/\\\/www.eldiario.net\\\/portal\\\/#organization\",\"name\":\"El Diario - Decano de la prensa nacional\",\"url\":\"https:\\\/\\\/www.eldiario.net\\\/portal\\\/\",\"logo\":{\"@type\":\"ImageObject\",\"inLanguage\":\"es\",\"@id\":\"https:\\\/\\\/www.eldiario.net\\\/portal\\\/#\\\/schema\\\/logo\\\/image\\\/\",\"url\":\"https:\\\/\\\/www.eldiario.net\\\/portal\\\/wp-content\\\/uploads\\\/2023\\\/07\\\/logo_ED.jpg\",\"contentUrl\":\"https:\\\/\\\/www.eldiario.net\\\/portal\\\/wp-content\\\/uploads\\\/2023\\\/07\\\/logo_ED.jpg\",\"width\":272,\"height\":52,\"caption\":\"El Diario - Decano de la prensa nacional\"},\"image\":{\"@id\":\"https:\\\/\\\/www.eldiario.net\\\/portal\\\/#\\\/schema\\\/logo\\\/image\\\/\"},\"sameAs\":[\"https:\\\/\\\/www.facebook.com\\\/eldiario.bolivia\\\/\",\"https:\\\/\\\/x.com\\\/eldiario_net\"]},{\"@type\":\"Person\",\"@id\":\"https:\\\/\\\/www.eldiario.net\\\/portal\\\/#\\\/schema\\\/person\\\/f46445640444750d7d753ccd04ae01b7\",\"name\":\"Jeanette\",\"image\":{\"@type\":\"ImageObject\",\"inLanguage\":\"es\",\"@id\":\"https:\\\/\\\/secure.gravatar.com\\\/avatar\\\/3ea2118a5f7dad2b7138b1187a6b7ee55f160b9968b66013c3a3ef39dd7e5798?s=96&d=mm&r=g\",\"url\":\"https:\\\/\\\/secure.gravatar.com\\\/avatar\\\/3ea2118a5f7dad2b7138b1187a6b7ee55f160b9968b66013c3a3ef39dd7e5798?s=96&d=mm&r=g\",\"contentUrl\":\"https:\\\/\\\/secure.gravatar.com\\\/avatar\\\/3ea2118a5f7dad2b7138b1187a6b7ee55f160b9968b66013c3a3ef39dd7e5798?s=96&d=mm&r=g\",\"caption\":\"Jeanette\"},\"sameAs\":[\"https:\\\/\\\/www.eldiario.net\\\/portal\"],\"url\":\"https:\\\/\\\/www.eldiario.net\\\/portal\\\/author\\\/jeanette\\\/\"}]}<\/script>\n<!-- \/ Yoast SEO plugin. -->","yoast_head_json":{"title":"Bolivia, Venezuela, Brasil y Panam\u00e1 en la mira de Rusia - El Diario - Bolivia","robots":{"index":"index","follow":"follow","max-snippet":"max-snippet:-1","max-image-preview":"max-image-preview:large","max-video-preview":"max-video-preview:-1"},"canonical":"https:\/\/www.eldiario.net\/portal\/2024\/09\/20\/bolivia-venezuela-brasil-y-panama-en-la-mira-de-rusia\/","og_locale":"es_ES","og_type":"article","og_title":"Bolivia, Venezuela, Brasil y Panam\u00e1 en la mira de Rusia - El Diario - Bolivia","og_description":"Desde la invasi\u00f3n a Ucrania, Rusia ha puesto mucho inter\u00e9s en proyectar su incidencia econ\u00f3mica, pol\u00edtica y diplom\u00e1tica en Am\u00e9rica Latina, sobre todo en pa\u00edses como Venezuela, Bolivia, Brasil y Panam\u00e1, seg\u00fan el informe Alcance Global de Rusia: Manual del Kremlin en Am\u00e9rica Latina y el Caribe, presentado por la Fundaci\u00f3n Milenio. La Fundaci\u00f3n Milenio [&hellip;]","og_url":"https:\/\/www.eldiario.net\/portal\/2024\/09\/20\/bolivia-venezuela-brasil-y-panama-en-la-mira-de-rusia\/","og_site_name":"El Diario - Bolivia","article_publisher":"https:\/\/www.facebook.com\/eldiario.bolivia\/","article_published_time":"2024-09-20T09:50:20+00:00","og_image":[{"width":800,"height":500,"url":"https:\/\/www.eldiario.net\/portal\/wp-content\/uploads\/2023\/12\/Economia.jpg","type":"image\/jpeg"}],"author":"Jeanette","twitter_card":"summary_large_image","twitter_creator":"@eldiario_net","twitter_site":"@eldiario_net","twitter_misc":{"Escrito por":"Jeanette","Tiempo de lectura":"4 minutos"},"schema":{"@context":"https:\/\/schema.org","@graph":[{"@type":"Article","@id":"https:\/\/www.eldiario.net\/portal\/2024\/09\/20\/bolivia-venezuela-brasil-y-panama-en-la-mira-de-rusia\/#article","isPartOf":{"@id":"https:\/\/www.eldiario.net\/portal\/2024\/09\/20\/bolivia-venezuela-brasil-y-panama-en-la-mira-de-rusia\/"},"author":{"name":"Jeanette","@id":"https:\/\/www.eldiario.net\/portal\/#\/schema\/person\/f46445640444750d7d753ccd04ae01b7"},"headline":"Bolivia, Venezuela, Brasil y Panam\u00e1 en la mira de Rusia","datePublished":"2024-09-20T09:50:20+00:00","mainEntityOfPage":{"@id":"https:\/\/www.eldiario.net\/portal\/2024\/09\/20\/bolivia-venezuela-brasil-y-panama-en-la-mira-de-rusia\/"},"wordCount":776,"commentCount":0,"publisher":{"@id":"https:\/\/www.eldiario.net\/portal\/#organization"},"image":{"@id":"https:\/\/www.eldiario.net\/portal\/2024\/09\/20\/bolivia-venezuela-brasil-y-panama-en-la-mira-de-rusia\/#primaryimage"},"thumbnailUrl":"https:\/\/www.eldiario.net\/portal\/wp-content\/uploads\/2023\/12\/Economia.jpg","articleSection":["Econom\u00eda"],"inLanguage":"es","potentialAction":[{"@type":"CommentAction","name":"Comment","target":["https:\/\/www.eldiario.net\/portal\/2024\/09\/20\/bolivia-venezuela-brasil-y-panama-en-la-mira-de-rusia\/#respond"]}]},{"@type":"WebPage","@id":"https:\/\/www.eldiario.net\/portal\/2024\/09\/20\/bolivia-venezuela-brasil-y-panama-en-la-mira-de-rusia\/","url":"https:\/\/www.eldiario.net\/portal\/2024\/09\/20\/bolivia-venezuela-brasil-y-panama-en-la-mira-de-rusia\/","name":"Bolivia, Venezuela, Brasil y Panam\u00e1 en la mira de Rusia - El Diario - Bolivia","isPartOf":{"@id":"https:\/\/www.eldiario.net\/portal\/#website"},"primaryImageOfPage":{"@id":"https:\/\/www.eldiario.net\/portal\/2024\/09\/20\/bolivia-venezuela-brasil-y-panama-en-la-mira-de-rusia\/#primaryimage"},"image":{"@id":"https:\/\/www.eldiario.net\/portal\/2024\/09\/20\/bolivia-venezuela-brasil-y-panama-en-la-mira-de-rusia\/#primaryimage"},"thumbnailUrl":"https:\/\/www.eldiario.net\/portal\/wp-content\/uploads\/2023\/12\/Economia.jpg","datePublished":"2024-09-20T09:50:20+00:00","breadcrumb":{"@id":"https:\/\/www.eldiario.net\/portal\/2024\/09\/20\/bolivia-venezuela-brasil-y-panama-en-la-mira-de-rusia\/#breadcrumb"},"inLanguage":"es","potentialAction":[{"@type":"ReadAction","target":["https:\/\/www.eldiario.net\/portal\/2024\/09\/20\/bolivia-venezuela-brasil-y-panama-en-la-mira-de-rusia\/"]}]},{"@type":"ImageObject","inLanguage":"es","@id":"https:\/\/www.eldiario.net\/portal\/2024\/09\/20\/bolivia-venezuela-brasil-y-panama-en-la-mira-de-rusia\/#primaryimage","url":"https:\/\/www.eldiario.net\/portal\/wp-content\/uploads\/2023\/12\/Economia.jpg","contentUrl":"https:\/\/www.eldiario.net\/portal\/wp-content\/uploads\/2023\/12\/Economia.jpg","width":800,"height":500},{"@type":"BreadcrumbList","@id":"https:\/\/www.eldiario.net\/portal\/2024\/09\/20\/bolivia-venezuela-brasil-y-panama-en-la-mira-de-rusia\/#breadcrumb","itemListElement":[{"@type":"ListItem","position":1,"name":"Portada","item":"https:\/\/www.eldiario.net\/portal\/"},{"@type":"ListItem","position":2,"name":"Bolivia, Venezuela, Brasil y Panam\u00e1 en la mira de Rusia"}]},{"@type":"WebSite","@id":"https:\/\/www.eldiario.net\/portal\/#website","url":"https:\/\/www.eldiario.net\/portal\/","name":"El Diario - Decano de la prensa nacional","description":"El Diario - Decano de la prensa nacional","publisher":{"@id":"https:\/\/www.eldiario.net\/portal\/#organization"},"potentialAction":[{"@type":"SearchAction","target":{"@type":"EntryPoint","urlTemplate":"https:\/\/www.eldiario.net\/portal\/?s={search_term_string}"},"query-input":{"@type":"PropertyValueSpecification","valueRequired":true,"valueName":"search_term_string"}}],"inLanguage":"es"},{"@type":"Organization","@id":"https:\/\/www.eldiario.net\/portal\/#organization","name":"El Diario - Decano de la prensa nacional","url":"https:\/\/www.eldiario.net\/portal\/","logo":{"@type":"ImageObject","inLanguage":"es","@id":"https:\/\/www.eldiario.net\/portal\/#\/schema\/logo\/image\/","url":"https:\/\/www.eldiario.net\/portal\/wp-content\/uploads\/2023\/07\/logo_ED.jpg","contentUrl":"https:\/\/www.eldiario.net\/portal\/wp-content\/uploads\/2023\/07\/logo_ED.jpg","width":272,"height":52,"caption":"El Diario - Decano de la prensa nacional"},"image":{"@id":"https:\/\/www.eldiario.net\/portal\/#\/schema\/logo\/image\/"},"sameAs":["https:\/\/www.facebook.com\/eldiario.bolivia\/","https:\/\/x.com\/eldiario_net"]},{"@type":"Person","@id":"https:\/\/www.eldiario.net\/portal\/#\/schema\/person\/f46445640444750d7d753ccd04ae01b7","name":"Jeanette","image":{"@type":"ImageObject","inLanguage":"es","@id":"https:\/\/secure.gravatar.com\/avatar\/3ea2118a5f7dad2b7138b1187a6b7ee55f160b9968b66013c3a3ef39dd7e5798?s=96&d=mm&r=g","url":"https:\/\/secure.gravatar.com\/avatar\/3ea2118a5f7dad2b7138b1187a6b7ee55f160b9968b66013c3a3ef39dd7e5798?s=96&d=mm&r=g","contentUrl":"https:\/\/secure.gravatar.com\/avatar\/3ea2118a5f7dad2b7138b1187a6b7ee55f160b9968b66013c3a3ef39dd7e5798?s=96&d=mm&r=g","caption":"Jeanette"},"sameAs":["https:\/\/www.eldiario.net\/portal"],"url":"https:\/\/www.eldiario.net\/portal\/author\/jeanette\/"}]}},"_links":{"self":[{"href":"https:\/\/www.eldiario.net\/portal\/wp-json\/wp\/v2\/posts\/248691","targetHints":{"allow":["GET"]}}],"collection":[{"href":"https:\/\/www.eldiario.net\/portal\/wp-json\/wp\/v2\/posts"}],"about":[{"href":"https:\/\/www.eldiario.net\/portal\/wp-json\/wp\/v2\/types\/post"}],"author":[{"embeddable":true,"href":"https:\/\/www.eldiario.net\/portal\/wp-json\/wp\/v2\/users\/1"}],"replies":[{"embeddable":true,"href":"https:\/\/www.eldiario.net\/portal\/wp-json\/wp\/v2\/comments?post=248691"}],"version-history":[{"count":1,"href":"https:\/\/www.eldiario.net\/portal\/wp-json\/wp\/v2\/posts\/248691\/revisions"}],"predecessor-version":[{"id":248692,"href":"https:\/\/www.eldiario.net\/portal\/wp-json\/wp\/v2\/posts\/248691\/revisions\/248692"}],"wp:featuredmedia":[{"embeddable":true,"href":"https:\/\/www.eldiario.net\/portal\/wp-json\/wp\/v2\/media\/194689"}],"wp:attachment":[{"href":"https:\/\/www.eldiario.net\/portal\/wp-json\/wp\/v2\/media?parent=248691"}],"wp:term":[{"taxonomy":"category","embeddable":true,"href":"https:\/\/www.eldiario.net\/portal\/wp-json\/wp\/v2\/categories?post=248691"},{"taxonomy":"post_tag","embeddable":true,"href":"https:\/\/www.eldiario.net\/portal\/wp-json\/wp\/v2\/tags?post=248691"}],"curies":[{"name":"wp","href":"https:\/\/api.w.org\/{rel}","templated":true}]}}