{"id":248688,"date":"2024-09-20T05:49:16","date_gmt":"2024-09-20T09:49:16","guid":{"rendered":"https:\/\/www.eldiario.net\/portal\/?p=248688"},"modified":"2024-09-20T05:49:16","modified_gmt":"2024-09-20T09:49:16","slug":"deficit-fiscal-supero-dos-digitos-y-en-valor-us-4-900-millones-del-pib","status":"publish","type":"post","link":"https:\/\/www.eldiario.net\/portal\/2024\/09\/20\/deficit-fiscal-supero-dos-digitos-y-en-valor-us-4-900-millones-del-pib\/","title":{"rendered":"D\u00e9ficit fiscal super\u00f3 dos d\u00edgitos y en  valor $us 4.900 millones del PIB"},"content":{"rendered":"<p>Las estimaciones de los analistas econ\u00f3micos casi se cumplieron. De acuerdo a datos oficiales, el d\u00e9ficit fiscal lleg\u00f3 a 10,9% en 2023. El ministro de Econom\u00eda y Finanzas P\u00fablicas, Marcelo Montenegro, en una conferencia pasada indic\u00f3 que ser\u00eda menos de 11%, mientras las proyecciones de profesionales estimaban en 12%. En cifras casi llega a 5.000 millones de d\u00f3lares del Producto Interno Bruto (PIB).<br \/>\nVan 11 a\u00f1os con d\u00e9ficit fiscal, y para el pr\u00f3ximo si se incluye nuevamente, sumar\u00e1n 12 a\u00f1os. Economistas se\u00f1alan, por separado, que los gastos van en ascenso, mientras que los ingresos disminuyen.<br \/>\nPara el economista Dar\u00edo Monasterio el problema es estructural, se va profundizando, y no hay indicios de una soluci\u00f3n sino a una profundizaci\u00f3n del mismo, lo que muestra es la insostenibilidad del modelo.<br \/>\nUno de los problemas que tiene que enfrentar es la subvenci\u00f3n a los combustibles, pero tambi\u00e9n por el d\u00e9ficit de las empresas p\u00fablicas, con supernumerarios de empleados de un Estado ineficiente, reflexion\u00f3.<br \/>\nDijo que los ingresos no van en aumento, los impuestos no son suficientes y no hay resultado por el nuevo tributo implementado, como el impuesto a las grandes fortunas, que no tuvieron efecto en la recaudaci\u00f3n.<br \/>\nPara el pr\u00f3ximo a\u00f1o, la situaci\u00f3n podr\u00eda empeorar, debido a que se ingresar\u00e1 en una etapa electoral y no se asumir\u00eda medidas de ajuste.<br \/>\nMientras el presidente del Colegio Departamental de Economistas de Tarija, Fernando Romero, se\u00f1ala que el d\u00e9ficit registrado en la pasada gesti\u00f3n es uno de los m\u00e1s altos de los \u00faltimos a\u00f1os, a pesar del crecimiento del PIB nominal, que bordea los 45.000 millones de d\u00f3lares.<br \/>\nA pesar del alto nivel de gasto, el crecimiento no aument\u00f3 y para la presente gesti\u00f3n, las proyecciones de organismos internacionales fijan menores a 2%.<br \/>\nLa crisis estructural no se resolver\u00e1 con medidas de mediano y largo plazo, acordadas entre Gobierno y sector privado, indic\u00f3 Romero.<br \/>\n\u201cAtacan el s\u00edntoma pero no al virus\u201d, alerta a tiempo de indicar que el d\u00e9ficit es riesgo para la econom\u00eda nacional, debido a que no son econom\u00edas grandes como Estados Unidos o Jap\u00f3n, por ejemplo.<br \/>\nPara Monasterio, Bolivia ingres\u00f3 a una segunda ola de desaceleraci\u00f3n econ\u00f3mica, la primera fue de 2015 a 2019, y ahora de 2022 a 2024, anticip\u00e1ndose que el crecimiento no superar\u00e1 lo estimado por los organismo internacionales.<\/p>\n<p>&nbsp;<\/p>\n","protected":false},"excerpt":{"rendered":"<p>Las estimaciones de los analistas econ\u00f3micos casi se cumplieron. De acuerdo a datos oficiales, el d\u00e9ficit fiscal lleg\u00f3 a 10,9% en 2023. El ministro de Econom\u00eda y Finanzas P\u00fablicas, Marcelo Montenegro, en una conferencia pasada indic\u00f3 que ser\u00eda menos de 11%, mientras las proyecciones de profesionales estimaban en 12%. En cifras casi llega a 5.000 [&hellip;]<\/p>\n","protected":false},"author":1,"featured_media":248689,"comment_status":"open","ping_status":"open","sticky":false,"template":"","format":"standard","meta":{"_acf_changed":false,"footnotes":""},"categories":[7],"tags":[],"class_list":["post-248688","post","type-post","status-publish","format-standard","has-post-thumbnail","category-economia"],"acf":{"antetitulo":"En 2023"},"yoast_head":"<!-- This site is optimized with the Yoast SEO plugin v28.3 - https:\/\/yoast.com\/product\/yoast-seo-wordpress\/ -->\n<title>D\u00e9ficit fiscal super\u00f3 dos d\u00edgitos y en valor $us 4.900 millones del PIB - El Diario - Bolivia<\/title>\n<meta name=\"robots\" content=\"index, follow, max-snippet:-1, max-image-preview:large, max-video-preview:-1\" \/>\n<link rel=\"canonical\" href=\"https:\/\/www.eldiario.net\/portal\/2024\/09\/20\/deficit-fiscal-supero-dos-digitos-y-en-valor-us-4-900-millones-del-pib\/\" \/>\n<meta property=\"og:locale\" content=\"es_ES\" \/>\n<meta property=\"og:type\" content=\"article\" \/>\n<meta property=\"og:title\" content=\"D\u00e9ficit fiscal super\u00f3 dos d\u00edgitos y en valor $us 4.900 millones del PIB - El Diario - Bolivia\" \/>\n<meta property=\"og:description\" content=\"Las estimaciones de los analistas econ\u00f3micos casi se cumplieron. De acuerdo a datos oficiales, el d\u00e9ficit fiscal lleg\u00f3 a 10,9% en 2023. El ministro de Econom\u00eda y Finanzas P\u00fablicas, Marcelo Montenegro, en una conferencia pasada indic\u00f3 que ser\u00eda menos de 11%, mientras las proyecciones de profesionales estimaban en 12%. En cifras casi llega a 5.000 [&hellip;]\" \/>\n<meta property=\"og:url\" content=\"https:\/\/www.eldiario.net\/portal\/2024\/09\/20\/deficit-fiscal-supero-dos-digitos-y-en-valor-us-4-900-millones-del-pib\/\" \/>\n<meta property=\"og:site_name\" content=\"El Diario - Bolivia\" \/>\n<meta property=\"article:publisher\" content=\"https:\/\/www.facebook.com\/eldiario.bolivia\/\" \/>\n<meta property=\"article:published_time\" content=\"2024-09-20T09:49:16+00:00\" \/>\n<meta property=\"og:image\" content=\"https:\/\/www.eldiario.net\/portal\/wp-content\/uploads\/2024\/09\/crisis.jpg\" \/>\n\t<meta property=\"og:image:width\" content=\"301\" \/>\n\t<meta property=\"og:image:height\" content=\"168\" \/>\n\t<meta property=\"og:image:type\" content=\"image\/jpeg\" \/>\n<meta name=\"author\" content=\"Jeanette\" \/>\n<meta name=\"twitter:card\" content=\"summary_large_image\" \/>\n<meta name=\"twitter:creator\" content=\"@eldiario_net\" \/>\n<meta name=\"twitter:site\" content=\"@eldiario_net\" \/>\n<meta name=\"twitter:label1\" content=\"Escrito por\" \/>\n\t<meta name=\"twitter:data1\" content=\"Jeanette\" \/>\n\t<meta name=\"twitter:label2\" content=\"Tiempo de lectura\" \/>\n\t<meta name=\"twitter:data2\" content=\"2 minutos\" \/>\n<script type=\"application\/ld+json\" class=\"yoast-schema-graph\">{\"@context\":\"https:\\\/\\\/schema.org\",\"@graph\":[{\"@type\":\"Article\",\"@id\":\"https:\\\/\\\/www.eldiario.net\\\/portal\\\/2024\\\/09\\\/20\\\/deficit-fiscal-supero-dos-digitos-y-en-valor-us-4-900-millones-del-pib\\\/#article\",\"isPartOf\":{\"@id\":\"https:\\\/\\\/www.eldiario.net\\\/portal\\\/2024\\\/09\\\/20\\\/deficit-fiscal-supero-dos-digitos-y-en-valor-us-4-900-millones-del-pib\\\/\"},\"author\":{\"name\":\"Jeanette\",\"@id\":\"https:\\\/\\\/www.eldiario.net\\\/portal\\\/#\\\/schema\\\/person\\\/f46445640444750d7d753ccd04ae01b7\"},\"headline\":\"D\u00e9ficit fiscal super\u00f3 dos d\u00edgitos y en valor $us 4.900 millones del PIB\",\"datePublished\":\"2024-09-20T09:49:16+00:00\",\"mainEntityOfPage\":{\"@id\":\"https:\\\/\\\/www.eldiario.net\\\/portal\\\/2024\\\/09\\\/20\\\/deficit-fiscal-supero-dos-digitos-y-en-valor-us-4-900-millones-del-pib\\\/\"},\"wordCount\":424,\"commentCount\":0,\"publisher\":{\"@id\":\"https:\\\/\\\/www.eldiario.net\\\/portal\\\/#organization\"},\"image\":{\"@id\":\"https:\\\/\\\/www.eldiario.net\\\/portal\\\/2024\\\/09\\\/20\\\/deficit-fiscal-supero-dos-digitos-y-en-valor-us-4-900-millones-del-pib\\\/#primaryimage\"},\"thumbnailUrl\":\"https:\\\/\\\/www.eldiario.net\\\/portal\\\/wp-content\\\/uploads\\\/2024\\\/09\\\/crisis.jpg\",\"articleSection\":[\"Econom\u00eda\"],\"inLanguage\":\"es\",\"potentialAction\":[{\"@type\":\"CommentAction\",\"name\":\"Comment\",\"target\":[\"https:\\\/\\\/www.eldiario.net\\\/portal\\\/2024\\\/09\\\/20\\\/deficit-fiscal-supero-dos-digitos-y-en-valor-us-4-900-millones-del-pib\\\/#respond\"]}]},{\"@type\":\"WebPage\",\"@id\":\"https:\\\/\\\/www.eldiario.net\\\/portal\\\/2024\\\/09\\\/20\\\/deficit-fiscal-supero-dos-digitos-y-en-valor-us-4-900-millones-del-pib\\\/\",\"url\":\"https:\\\/\\\/www.eldiario.net\\\/portal\\\/2024\\\/09\\\/20\\\/deficit-fiscal-supero-dos-digitos-y-en-valor-us-4-900-millones-del-pib\\\/\",\"name\":\"D\u00e9ficit fiscal super\u00f3 dos d\u00edgitos y en valor $us 4.900 millones del PIB - El Diario - Bolivia\",\"isPartOf\":{\"@id\":\"https:\\\/\\\/www.eldiario.net\\\/portal\\\/#website\"},\"primaryImageOfPage\":{\"@id\":\"https:\\\/\\\/www.eldiario.net\\\/portal\\\/2024\\\/09\\\/20\\\/deficit-fiscal-supero-dos-digitos-y-en-valor-us-4-900-millones-del-pib\\\/#primaryimage\"},\"image\":{\"@id\":\"https:\\\/\\\/www.eldiario.net\\\/portal\\\/2024\\\/09\\\/20\\\/deficit-fiscal-supero-dos-digitos-y-en-valor-us-4-900-millones-del-pib\\\/#primaryimage\"},\"thumbnailUrl\":\"https:\\\/\\\/www.eldiario.net\\\/portal\\\/wp-content\\\/uploads\\\/2024\\\/09\\\/crisis.jpg\",\"datePublished\":\"2024-09-20T09:49:16+00:00\",\"breadcrumb\":{\"@id\":\"https:\\\/\\\/www.eldiario.net\\\/portal\\\/2024\\\/09\\\/20\\\/deficit-fiscal-supero-dos-digitos-y-en-valor-us-4-900-millones-del-pib\\\/#breadcrumb\"},\"inLanguage\":\"es\",\"potentialAction\":[{\"@type\":\"ReadAction\",\"target\":[\"https:\\\/\\\/www.eldiario.net\\\/portal\\\/2024\\\/09\\\/20\\\/deficit-fiscal-supero-dos-digitos-y-en-valor-us-4-900-millones-del-pib\\\/\"]}]},{\"@type\":\"ImageObject\",\"inLanguage\":\"es\",\"@id\":\"https:\\\/\\\/www.eldiario.net\\\/portal\\\/2024\\\/09\\\/20\\\/deficit-fiscal-supero-dos-digitos-y-en-valor-us-4-900-millones-del-pib\\\/#primaryimage\",\"url\":\"https:\\\/\\\/www.eldiario.net\\\/portal\\\/wp-content\\\/uploads\\\/2024\\\/09\\\/crisis.jpg\",\"contentUrl\":\"https:\\\/\\\/www.eldiario.net\\\/portal\\\/wp-content\\\/uploads\\\/2024\\\/09\\\/crisis.jpg\",\"width\":301,\"height\":168,\"caption\":\"Mercados sienten los efectos de la devaluaci\u00f3n del boliviano. El dinamismo econ\u00f3mico del mercado interno disminuye.\"},{\"@type\":\"BreadcrumbList\",\"@id\":\"https:\\\/\\\/www.eldiario.net\\\/portal\\\/2024\\\/09\\\/20\\\/deficit-fiscal-supero-dos-digitos-y-en-valor-us-4-900-millones-del-pib\\\/#breadcrumb\",\"itemListElement\":[{\"@type\":\"ListItem\",\"position\":1,\"name\":\"Portada\",\"item\":\"https:\\\/\\\/www.eldiario.net\\\/portal\\\/\"},{\"@type\":\"ListItem\",\"position\":2,\"name\":\"D\u00e9ficit fiscal super\u00f3 dos d\u00edgitos y en valor $us 4.900 millones del PIB\"}]},{\"@type\":\"WebSite\",\"@id\":\"https:\\\/\\\/www.eldiario.net\\\/portal\\\/#website\",\"url\":\"https:\\\/\\\/www.eldiario.net\\\/portal\\\/\",\"name\":\"El Diario - Decano de la prensa nacional\",\"description\":\"El Diario - Decano de la prensa nacional\",\"publisher\":{\"@id\":\"https:\\\/\\\/www.eldiario.net\\\/portal\\\/#organization\"},\"potentialAction\":[{\"@type\":\"SearchAction\",\"target\":{\"@type\":\"EntryPoint\",\"urlTemplate\":\"https:\\\/\\\/www.eldiario.net\\\/portal\\\/?s={search_term_string}\"},\"query-input\":{\"@type\":\"PropertyValueSpecification\",\"valueRequired\":true,\"valueName\":\"search_term_string\"}}],\"inLanguage\":\"es\"},{\"@type\":\"Organization\",\"@id\":\"https:\\\/\\\/www.eldiario.net\\\/portal\\\/#organization\",\"name\":\"El Diario - Decano de la prensa nacional\",\"url\":\"https:\\\/\\\/www.eldiario.net\\\/portal\\\/\",\"logo\":{\"@type\":\"ImageObject\",\"inLanguage\":\"es\",\"@id\":\"https:\\\/\\\/www.eldiario.net\\\/portal\\\/#\\\/schema\\\/logo\\\/image\\\/\",\"url\":\"https:\\\/\\\/www.eldiario.net\\\/portal\\\/wp-content\\\/uploads\\\/2023\\\/07\\\/logo_ED.jpg\",\"contentUrl\":\"https:\\\/\\\/www.eldiario.net\\\/portal\\\/wp-content\\\/uploads\\\/2023\\\/07\\\/logo_ED.jpg\",\"width\":272,\"height\":52,\"caption\":\"El Diario - Decano de la prensa nacional\"},\"image\":{\"@id\":\"https:\\\/\\\/www.eldiario.net\\\/portal\\\/#\\\/schema\\\/logo\\\/image\\\/\"},\"sameAs\":[\"https:\\\/\\\/www.facebook.com\\\/eldiario.bolivia\\\/\",\"https:\\\/\\\/x.com\\\/eldiario_net\"]},{\"@type\":\"Person\",\"@id\":\"https:\\\/\\\/www.eldiario.net\\\/portal\\\/#\\\/schema\\\/person\\\/f46445640444750d7d753ccd04ae01b7\",\"name\":\"Jeanette\",\"image\":{\"@type\":\"ImageObject\",\"inLanguage\":\"es\",\"@id\":\"https:\\\/\\\/secure.gravatar.com\\\/avatar\\\/3ea2118a5f7dad2b7138b1187a6b7ee55f160b9968b66013c3a3ef39dd7e5798?s=96&d=mm&r=g\",\"url\":\"https:\\\/\\\/secure.gravatar.com\\\/avatar\\\/3ea2118a5f7dad2b7138b1187a6b7ee55f160b9968b66013c3a3ef39dd7e5798?s=96&d=mm&r=g\",\"contentUrl\":\"https:\\\/\\\/secure.gravatar.com\\\/avatar\\\/3ea2118a5f7dad2b7138b1187a6b7ee55f160b9968b66013c3a3ef39dd7e5798?s=96&d=mm&r=g\",\"caption\":\"Jeanette\"},\"sameAs\":[\"https:\\\/\\\/www.eldiario.net\\\/portal\"],\"url\":\"https:\\\/\\\/www.eldiario.net\\\/portal\\\/author\\\/jeanette\\\/\"}]}<\/script>\n<!-- \/ Yoast SEO plugin. -->","yoast_head_json":{"title":"D\u00e9ficit fiscal super\u00f3 dos d\u00edgitos y en valor $us 4.900 millones del PIB - El Diario - Bolivia","robots":{"index":"index","follow":"follow","max-snippet":"max-snippet:-1","max-image-preview":"max-image-preview:large","max-video-preview":"max-video-preview:-1"},"canonical":"https:\/\/www.eldiario.net\/portal\/2024\/09\/20\/deficit-fiscal-supero-dos-digitos-y-en-valor-us-4-900-millones-del-pib\/","og_locale":"es_ES","og_type":"article","og_title":"D\u00e9ficit fiscal super\u00f3 dos d\u00edgitos y en valor $us 4.900 millones del PIB - El Diario - Bolivia","og_description":"Las estimaciones de los analistas econ\u00f3micos casi se cumplieron. De acuerdo a datos oficiales, el d\u00e9ficit fiscal lleg\u00f3 a 10,9% en 2023. El ministro de Econom\u00eda y Finanzas P\u00fablicas, Marcelo Montenegro, en una conferencia pasada indic\u00f3 que ser\u00eda menos de 11%, mientras las proyecciones de profesionales estimaban en 12%. En cifras casi llega a 5.000 [&hellip;]","og_url":"https:\/\/www.eldiario.net\/portal\/2024\/09\/20\/deficit-fiscal-supero-dos-digitos-y-en-valor-us-4-900-millones-del-pib\/","og_site_name":"El Diario - Bolivia","article_publisher":"https:\/\/www.facebook.com\/eldiario.bolivia\/","article_published_time":"2024-09-20T09:49:16+00:00","og_image":[{"width":301,"height":168,"url":"https:\/\/www.eldiario.net\/portal\/wp-content\/uploads\/2024\/09\/crisis.jpg","type":"image\/jpeg"}],"author":"Jeanette","twitter_card":"summary_large_image","twitter_creator":"@eldiario_net","twitter_site":"@eldiario_net","twitter_misc":{"Escrito por":"Jeanette","Tiempo de lectura":"2 minutos"},"schema":{"@context":"https:\/\/schema.org","@graph":[{"@type":"Article","@id":"https:\/\/www.eldiario.net\/portal\/2024\/09\/20\/deficit-fiscal-supero-dos-digitos-y-en-valor-us-4-900-millones-del-pib\/#article","isPartOf":{"@id":"https:\/\/www.eldiario.net\/portal\/2024\/09\/20\/deficit-fiscal-supero-dos-digitos-y-en-valor-us-4-900-millones-del-pib\/"},"author":{"name":"Jeanette","@id":"https:\/\/www.eldiario.net\/portal\/#\/schema\/person\/f46445640444750d7d753ccd04ae01b7"},"headline":"D\u00e9ficit fiscal super\u00f3 dos d\u00edgitos y en valor $us 4.900 millones del PIB","datePublished":"2024-09-20T09:49:16+00:00","mainEntityOfPage":{"@id":"https:\/\/www.eldiario.net\/portal\/2024\/09\/20\/deficit-fiscal-supero-dos-digitos-y-en-valor-us-4-900-millones-del-pib\/"},"wordCount":424,"commentCount":0,"publisher":{"@id":"https:\/\/www.eldiario.net\/portal\/#organization"},"image":{"@id":"https:\/\/www.eldiario.net\/portal\/2024\/09\/20\/deficit-fiscal-supero-dos-digitos-y-en-valor-us-4-900-millones-del-pib\/#primaryimage"},"thumbnailUrl":"https:\/\/www.eldiario.net\/portal\/wp-content\/uploads\/2024\/09\/crisis.jpg","articleSection":["Econom\u00eda"],"inLanguage":"es","potentialAction":[{"@type":"CommentAction","name":"Comment","target":["https:\/\/www.eldiario.net\/portal\/2024\/09\/20\/deficit-fiscal-supero-dos-digitos-y-en-valor-us-4-900-millones-del-pib\/#respond"]}]},{"@type":"WebPage","@id":"https:\/\/www.eldiario.net\/portal\/2024\/09\/20\/deficit-fiscal-supero-dos-digitos-y-en-valor-us-4-900-millones-del-pib\/","url":"https:\/\/www.eldiario.net\/portal\/2024\/09\/20\/deficit-fiscal-supero-dos-digitos-y-en-valor-us-4-900-millones-del-pib\/","name":"D\u00e9ficit fiscal super\u00f3 dos d\u00edgitos y en valor $us 4.900 millones del PIB - El Diario - Bolivia","isPartOf":{"@id":"https:\/\/www.eldiario.net\/portal\/#website"},"primaryImageOfPage":{"@id":"https:\/\/www.eldiario.net\/portal\/2024\/09\/20\/deficit-fiscal-supero-dos-digitos-y-en-valor-us-4-900-millones-del-pib\/#primaryimage"},"image":{"@id":"https:\/\/www.eldiario.net\/portal\/2024\/09\/20\/deficit-fiscal-supero-dos-digitos-y-en-valor-us-4-900-millones-del-pib\/#primaryimage"},"thumbnailUrl":"https:\/\/www.eldiario.net\/portal\/wp-content\/uploads\/2024\/09\/crisis.jpg","datePublished":"2024-09-20T09:49:16+00:00","breadcrumb":{"@id":"https:\/\/www.eldiario.net\/portal\/2024\/09\/20\/deficit-fiscal-supero-dos-digitos-y-en-valor-us-4-900-millones-del-pib\/#breadcrumb"},"inLanguage":"es","potentialAction":[{"@type":"ReadAction","target":["https:\/\/www.eldiario.net\/portal\/2024\/09\/20\/deficit-fiscal-supero-dos-digitos-y-en-valor-us-4-900-millones-del-pib\/"]}]},{"@type":"ImageObject","inLanguage":"es","@id":"https:\/\/www.eldiario.net\/portal\/2024\/09\/20\/deficit-fiscal-supero-dos-digitos-y-en-valor-us-4-900-millones-del-pib\/#primaryimage","url":"https:\/\/www.eldiario.net\/portal\/wp-content\/uploads\/2024\/09\/crisis.jpg","contentUrl":"https:\/\/www.eldiario.net\/portal\/wp-content\/uploads\/2024\/09\/crisis.jpg","width":301,"height":168,"caption":"Mercados sienten los efectos de la devaluaci\u00f3n del boliviano. El dinamismo econ\u00f3mico del mercado interno disminuye."},{"@type":"BreadcrumbList","@id":"https:\/\/www.eldiario.net\/portal\/2024\/09\/20\/deficit-fiscal-supero-dos-digitos-y-en-valor-us-4-900-millones-del-pib\/#breadcrumb","itemListElement":[{"@type":"ListItem","position":1,"name":"Portada","item":"https:\/\/www.eldiario.net\/portal\/"},{"@type":"ListItem","position":2,"name":"D\u00e9ficit fiscal super\u00f3 dos d\u00edgitos y en valor $us 4.900 millones del PIB"}]},{"@type":"WebSite","@id":"https:\/\/www.eldiario.net\/portal\/#website","url":"https:\/\/www.eldiario.net\/portal\/","name":"El Diario - Decano de la prensa nacional","description":"El Diario - Decano de la prensa nacional","publisher":{"@id":"https:\/\/www.eldiario.net\/portal\/#organization"},"potentialAction":[{"@type":"SearchAction","target":{"@type":"EntryPoint","urlTemplate":"https:\/\/www.eldiario.net\/portal\/?s={search_term_string}"},"query-input":{"@type":"PropertyValueSpecification","valueRequired":true,"valueName":"search_term_string"}}],"inLanguage":"es"},{"@type":"Organization","@id":"https:\/\/www.eldiario.net\/portal\/#organization","name":"El Diario - Decano de la prensa nacional","url":"https:\/\/www.eldiario.net\/portal\/","logo":{"@type":"ImageObject","inLanguage":"es","@id":"https:\/\/www.eldiario.net\/portal\/#\/schema\/logo\/image\/","url":"https:\/\/www.eldiario.net\/portal\/wp-content\/uploads\/2023\/07\/logo_ED.jpg","contentUrl":"https:\/\/www.eldiario.net\/portal\/wp-content\/uploads\/2023\/07\/logo_ED.jpg","width":272,"height":52,"caption":"El Diario - Decano de la prensa nacional"},"image":{"@id":"https:\/\/www.eldiario.net\/portal\/#\/schema\/logo\/image\/"},"sameAs":["https:\/\/www.facebook.com\/eldiario.bolivia\/","https:\/\/x.com\/eldiario_net"]},{"@type":"Person","@id":"https:\/\/www.eldiario.net\/portal\/#\/schema\/person\/f46445640444750d7d753ccd04ae01b7","name":"Jeanette","image":{"@type":"ImageObject","inLanguage":"es","@id":"https:\/\/secure.gravatar.com\/avatar\/3ea2118a5f7dad2b7138b1187a6b7ee55f160b9968b66013c3a3ef39dd7e5798?s=96&d=mm&r=g","url":"https:\/\/secure.gravatar.com\/avatar\/3ea2118a5f7dad2b7138b1187a6b7ee55f160b9968b66013c3a3ef39dd7e5798?s=96&d=mm&r=g","contentUrl":"https:\/\/secure.gravatar.com\/avatar\/3ea2118a5f7dad2b7138b1187a6b7ee55f160b9968b66013c3a3ef39dd7e5798?s=96&d=mm&r=g","caption":"Jeanette"},"sameAs":["https:\/\/www.eldiario.net\/portal"],"url":"https:\/\/www.eldiario.net\/portal\/author\/jeanette\/"}]}},"_links":{"self":[{"href":"https:\/\/www.eldiario.net\/portal\/wp-json\/wp\/v2\/posts\/248688","targetHints":{"allow":["GET"]}}],"collection":[{"href":"https:\/\/www.eldiario.net\/portal\/wp-json\/wp\/v2\/posts"}],"about":[{"href":"https:\/\/www.eldiario.net\/portal\/wp-json\/wp\/v2\/types\/post"}],"author":[{"embeddable":true,"href":"https:\/\/www.eldiario.net\/portal\/wp-json\/wp\/v2\/users\/1"}],"replies":[{"embeddable":true,"href":"https:\/\/www.eldiario.net\/portal\/wp-json\/wp\/v2\/comments?post=248688"}],"version-history":[{"count":1,"href":"https:\/\/www.eldiario.net\/portal\/wp-json\/wp\/v2\/posts\/248688\/revisions"}],"predecessor-version":[{"id":248690,"href":"https:\/\/www.eldiario.net\/portal\/wp-json\/wp\/v2\/posts\/248688\/revisions\/248690"}],"wp:featuredmedia":[{"embeddable":true,"href":"https:\/\/www.eldiario.net\/portal\/wp-json\/wp\/v2\/media\/248689"}],"wp:attachment":[{"href":"https:\/\/www.eldiario.net\/portal\/wp-json\/wp\/v2\/media?parent=248688"}],"wp:term":[{"taxonomy":"category","embeddable":true,"href":"https:\/\/www.eldiario.net\/portal\/wp-json\/wp\/v2\/categories?post=248688"},{"taxonomy":"post_tag","embeddable":true,"href":"https:\/\/www.eldiario.net\/portal\/wp-json\/wp\/v2\/tags?post=248688"}],"curies":[{"name":"wp","href":"https:\/\/api.w.org\/{rel}","templated":true}]}}