{"id":248686,"date":"2024-09-20T05:48:18","date_gmt":"2024-09-20T09:48:18","guid":{"rendered":"https:\/\/www.eldiario.net\/portal\/?p=248686"},"modified":"2024-09-20T05:48:18","modified_gmt":"2024-09-20T09:48:18","slug":"empresarios-preocupados-por-desaceleracion-de-la-economia","status":"publish","type":"post","link":"https:\/\/www.eldiario.net\/portal\/2024\/09\/20\/empresarios-preocupados-por-desaceleracion-de-la-economia\/","title":{"rendered":"Empresarios preocupados por  desaceleraci\u00f3n de la econom\u00eda"},"content":{"rendered":"<p>Los empresarios expresan preocupaci\u00f3n por la desaceleraci\u00f3n de la econom\u00eda, con el \u00faltimo dato del crecimiento del primer trimestre de 2024 y tambi\u00e9n por la ca\u00edda de las ventas en el mercado nacional.<br \/>\nEl gerente general de la C\u00e1mara Nacional de Comercio (CNC), Gustavo J\u00e1uregui, indic\u00f3 que el dato oficial al primer trimestre sobre el crecimiento del Producto Interno Bruto (PIB) alcanz\u00f3 a 1,31%, es uno de los m\u00e1s bajos de los \u00faltimos a\u00f1os.<br \/>\nEl dato muestra que ingresamos en una etapa de desaceleraci\u00f3n econ\u00f3mica, los crecimientos de la econom\u00eda son cada vez menores, por ello es importante implementar las medidas y las que a futuro se acuerden, complement\u00f3.<br \/>\nDestac\u00f3 que es importante el trabajo p\u00fablico privado para acordar medidas e implementarlas. Record\u00f3 que el sector privado hace mucho tiempo busc\u00f3 la forma de coordinar acciones con el Gobierno para implementar algunas medidas, pero ahora se trabaja en ello, y espera que la evaluaci\u00f3n de fin de mes, sobre los puntos acordados plantee nuevos retos hacia el futuro.<br \/>\nLas medidas aplicadas por partidarios del expresidente Evo Morales, as\u00ed como por la contraofensiva de seguidores del presidente Luis Arce incidir\u00e1n en el crecimiento econ\u00f3mico y provocar\u00e1 un incremento de precios de productos nacionales y extranjeros.<br \/>\nA trav\u00e9s de su presidente, Mar\u00eda Teresa Dalenz, de la Federaci\u00f3n de Empresarios Privados de Chuquisaca, el sector solicita que se viabilice la penalizaci\u00f3n contra aquellos que participan en bloqueos y marchas.<br \/>\nCualquier tipo de medidas, como los bloqueos, paralizan el dinamismo de la econom\u00eda nacional, por ello recomienda di\u00e1logo pol\u00edtico para solucionar los conflictos, indic\u00f3 el titular de la CNC, tras un acuerdo entre la C\u00e1mara Nacional de Comercio y la empresa Datax.<br \/>\nLa alianza estrat\u00e9gica permitir\u00e1 a los asociados de la C\u00e1mara, as\u00ed como a empresarios, ejecutivos y emprendedores, acceder gratuitamente a las revistas de DX Magazine. Este convenio refuerza el compromiso de ambas instituciones de ofrecer contenido relevante e innovador que impulse la toma de decisiones estrat\u00e9gicas en el \u00e1mbito comercial y econ\u00f3mico, en base a informaci\u00f3n especializada.<br \/>\nFrente a la afectaci\u00f3n de las medidas a la econom\u00eda nacional, explic\u00f3 que en promedio, en los tres meses restantes, las exportaciones representar\u00e1n 820 millones de d\u00f3lares, es decir, 27 millones diarios que manejan los exportadores.<br \/>\nTambi\u00e9n mencion\u00f3 que la producci\u00f3n de bienes y servicios al a\u00f1o, alcanzan a 43.000 millones de d\u00f3lares y por d\u00eda la cifra alcanza a 118 millones.<br \/>\nUna ca\u00edda de los ingresos de las actividades productivas inciden en las recaudaciones tributarias, pues una menor din\u00e1mica econ\u00f3mica representa menos ingresos para las empresas.<\/p>\n","protected":false},"excerpt":{"rendered":"<p>Los empresarios expresan preocupaci\u00f3n por la desaceleraci\u00f3n de la econom\u00eda, con el \u00faltimo dato del crecimiento del primer trimestre de 2024 y tambi\u00e9n por la ca\u00edda de las ventas en el mercado nacional. El gerente general de la C\u00e1mara Nacional de Comercio (CNC), Gustavo J\u00e1uregui, indic\u00f3 que el dato oficial al primer trimestre sobre el [&hellip;]<\/p>\n","protected":false},"author":1,"featured_media":194689,"comment_status":"open","ping_status":"open","sticky":false,"template":"","format":"standard","meta":{"_acf_changed":false,"footnotes":""},"categories":[7],"tags":[],"class_list":["post-248686","post","type-post","status-publish","format-standard","has-post-thumbnail","category-economia"],"acf":{"antetitulo":""},"yoast_head":"<!-- This site is optimized with the Yoast SEO plugin v28.3 - https:\/\/yoast.com\/product\/yoast-seo-wordpress\/ -->\n<title>Empresarios preocupados por desaceleraci\u00f3n de la econom\u00eda - El Diario - Bolivia<\/title>\n<meta name=\"robots\" content=\"index, follow, max-snippet:-1, max-image-preview:large, max-video-preview:-1\" \/>\n<link rel=\"canonical\" href=\"https:\/\/www.eldiario.net\/portal\/2024\/09\/20\/empresarios-preocupados-por-desaceleracion-de-la-economia\/\" \/>\n<meta property=\"og:locale\" content=\"es_ES\" \/>\n<meta property=\"og:type\" content=\"article\" \/>\n<meta property=\"og:title\" content=\"Empresarios preocupados por desaceleraci\u00f3n de la econom\u00eda - El Diario - Bolivia\" \/>\n<meta property=\"og:description\" content=\"Los empresarios expresan preocupaci\u00f3n por la desaceleraci\u00f3n de la econom\u00eda, con el \u00faltimo dato del crecimiento del primer trimestre de 2024 y tambi\u00e9n por la ca\u00edda de las ventas en el mercado nacional. El gerente general de la C\u00e1mara Nacional de Comercio (CNC), Gustavo J\u00e1uregui, indic\u00f3 que el dato oficial al primer trimestre sobre el [&hellip;]\" \/>\n<meta property=\"og:url\" content=\"https:\/\/www.eldiario.net\/portal\/2024\/09\/20\/empresarios-preocupados-por-desaceleracion-de-la-economia\/\" \/>\n<meta property=\"og:site_name\" content=\"El Diario - Bolivia\" \/>\n<meta property=\"article:publisher\" content=\"https:\/\/www.facebook.com\/eldiario.bolivia\/\" \/>\n<meta property=\"article:published_time\" content=\"2024-09-20T09:48:18+00:00\" \/>\n<meta property=\"og:image\" content=\"https:\/\/www.eldiario.net\/portal\/wp-content\/uploads\/2023\/12\/Economia.jpg\" \/>\n\t<meta property=\"og:image:width\" content=\"800\" \/>\n\t<meta property=\"og:image:height\" content=\"500\" \/>\n\t<meta property=\"og:image:type\" content=\"image\/jpeg\" \/>\n<meta name=\"author\" content=\"Jeanette\" \/>\n<meta name=\"twitter:card\" content=\"summary_large_image\" \/>\n<meta name=\"twitter:creator\" content=\"@eldiario_net\" \/>\n<meta name=\"twitter:site\" content=\"@eldiario_net\" \/>\n<meta name=\"twitter:label1\" content=\"Escrito por\" \/>\n\t<meta name=\"twitter:data1\" content=\"Jeanette\" \/>\n\t<meta name=\"twitter:label2\" content=\"Tiempo de lectura\" \/>\n\t<meta name=\"twitter:data2\" content=\"3 minutos\" \/>\n<script type=\"application\/ld+json\" class=\"yoast-schema-graph\">{\"@context\":\"https:\\\/\\\/schema.org\",\"@graph\":[{\"@type\":\"Article\",\"@id\":\"https:\\\/\\\/www.eldiario.net\\\/portal\\\/2024\\\/09\\\/20\\\/empresarios-preocupados-por-desaceleracion-de-la-economia\\\/#article\",\"isPartOf\":{\"@id\":\"https:\\\/\\\/www.eldiario.net\\\/portal\\\/2024\\\/09\\\/20\\\/empresarios-preocupados-por-desaceleracion-de-la-economia\\\/\"},\"author\":{\"name\":\"Jeanette\",\"@id\":\"https:\\\/\\\/www.eldiario.net\\\/portal\\\/#\\\/schema\\\/person\\\/f46445640444750d7d753ccd04ae01b7\"},\"headline\":\"Empresarios preocupados por desaceleraci\u00f3n de la econom\u00eda\",\"datePublished\":\"2024-09-20T09:48:18+00:00\",\"mainEntityOfPage\":{\"@id\":\"https:\\\/\\\/www.eldiario.net\\\/portal\\\/2024\\\/09\\\/20\\\/empresarios-preocupados-por-desaceleracion-de-la-economia\\\/\"},\"wordCount\":466,\"commentCount\":0,\"publisher\":{\"@id\":\"https:\\\/\\\/www.eldiario.net\\\/portal\\\/#organization\"},\"image\":{\"@id\":\"https:\\\/\\\/www.eldiario.net\\\/portal\\\/2024\\\/09\\\/20\\\/empresarios-preocupados-por-desaceleracion-de-la-economia\\\/#primaryimage\"},\"thumbnailUrl\":\"https:\\\/\\\/www.eldiario.net\\\/portal\\\/wp-content\\\/uploads\\\/2023\\\/12\\\/Economia.jpg\",\"articleSection\":[\"Econom\u00eda\"],\"inLanguage\":\"es\",\"potentialAction\":[{\"@type\":\"CommentAction\",\"name\":\"Comment\",\"target\":[\"https:\\\/\\\/www.eldiario.net\\\/portal\\\/2024\\\/09\\\/20\\\/empresarios-preocupados-por-desaceleracion-de-la-economia\\\/#respond\"]}]},{\"@type\":\"WebPage\",\"@id\":\"https:\\\/\\\/www.eldiario.net\\\/portal\\\/2024\\\/09\\\/20\\\/empresarios-preocupados-por-desaceleracion-de-la-economia\\\/\",\"url\":\"https:\\\/\\\/www.eldiario.net\\\/portal\\\/2024\\\/09\\\/20\\\/empresarios-preocupados-por-desaceleracion-de-la-economia\\\/\",\"name\":\"Empresarios preocupados por desaceleraci\u00f3n de la econom\u00eda - El Diario - Bolivia\",\"isPartOf\":{\"@id\":\"https:\\\/\\\/www.eldiario.net\\\/portal\\\/#website\"},\"primaryImageOfPage\":{\"@id\":\"https:\\\/\\\/www.eldiario.net\\\/portal\\\/2024\\\/09\\\/20\\\/empresarios-preocupados-por-desaceleracion-de-la-economia\\\/#primaryimage\"},\"image\":{\"@id\":\"https:\\\/\\\/www.eldiario.net\\\/portal\\\/2024\\\/09\\\/20\\\/empresarios-preocupados-por-desaceleracion-de-la-economia\\\/#primaryimage\"},\"thumbnailUrl\":\"https:\\\/\\\/www.eldiario.net\\\/portal\\\/wp-content\\\/uploads\\\/2023\\\/12\\\/Economia.jpg\",\"datePublished\":\"2024-09-20T09:48:18+00:00\",\"breadcrumb\":{\"@id\":\"https:\\\/\\\/www.eldiario.net\\\/portal\\\/2024\\\/09\\\/20\\\/empresarios-preocupados-por-desaceleracion-de-la-economia\\\/#breadcrumb\"},\"inLanguage\":\"es\",\"potentialAction\":[{\"@type\":\"ReadAction\",\"target\":[\"https:\\\/\\\/www.eldiario.net\\\/portal\\\/2024\\\/09\\\/20\\\/empresarios-preocupados-por-desaceleracion-de-la-economia\\\/\"]}]},{\"@type\":\"ImageObject\",\"inLanguage\":\"es\",\"@id\":\"https:\\\/\\\/www.eldiario.net\\\/portal\\\/2024\\\/09\\\/20\\\/empresarios-preocupados-por-desaceleracion-de-la-economia\\\/#primaryimage\",\"url\":\"https:\\\/\\\/www.eldiario.net\\\/portal\\\/wp-content\\\/uploads\\\/2023\\\/12\\\/Economia.jpg\",\"contentUrl\":\"https:\\\/\\\/www.eldiario.net\\\/portal\\\/wp-content\\\/uploads\\\/2023\\\/12\\\/Economia.jpg\",\"width\":800,\"height\":500},{\"@type\":\"BreadcrumbList\",\"@id\":\"https:\\\/\\\/www.eldiario.net\\\/portal\\\/2024\\\/09\\\/20\\\/empresarios-preocupados-por-desaceleracion-de-la-economia\\\/#breadcrumb\",\"itemListElement\":[{\"@type\":\"ListItem\",\"position\":1,\"name\":\"Portada\",\"item\":\"https:\\\/\\\/www.eldiario.net\\\/portal\\\/\"},{\"@type\":\"ListItem\",\"position\":2,\"name\":\"Empresarios preocupados por desaceleraci\u00f3n de la econom\u00eda\"}]},{\"@type\":\"WebSite\",\"@id\":\"https:\\\/\\\/www.eldiario.net\\\/portal\\\/#website\",\"url\":\"https:\\\/\\\/www.eldiario.net\\\/portal\\\/\",\"name\":\"El Diario - Decano de la prensa nacional\",\"description\":\"El Diario - Decano de la prensa nacional\",\"publisher\":{\"@id\":\"https:\\\/\\\/www.eldiario.net\\\/portal\\\/#organization\"},\"potentialAction\":[{\"@type\":\"SearchAction\",\"target\":{\"@type\":\"EntryPoint\",\"urlTemplate\":\"https:\\\/\\\/www.eldiario.net\\\/portal\\\/?s={search_term_string}\"},\"query-input\":{\"@type\":\"PropertyValueSpecification\",\"valueRequired\":true,\"valueName\":\"search_term_string\"}}],\"inLanguage\":\"es\"},{\"@type\":\"Organization\",\"@id\":\"https:\\\/\\\/www.eldiario.net\\\/portal\\\/#organization\",\"name\":\"El Diario - Decano de la prensa nacional\",\"url\":\"https:\\\/\\\/www.eldiario.net\\\/portal\\\/\",\"logo\":{\"@type\":\"ImageObject\",\"inLanguage\":\"es\",\"@id\":\"https:\\\/\\\/www.eldiario.net\\\/portal\\\/#\\\/schema\\\/logo\\\/image\\\/\",\"url\":\"https:\\\/\\\/www.eldiario.net\\\/portal\\\/wp-content\\\/uploads\\\/2023\\\/07\\\/logo_ED.jpg\",\"contentUrl\":\"https:\\\/\\\/www.eldiario.net\\\/portal\\\/wp-content\\\/uploads\\\/2023\\\/07\\\/logo_ED.jpg\",\"width\":272,\"height\":52,\"caption\":\"El Diario - Decano de la prensa nacional\"},\"image\":{\"@id\":\"https:\\\/\\\/www.eldiario.net\\\/portal\\\/#\\\/schema\\\/logo\\\/image\\\/\"},\"sameAs\":[\"https:\\\/\\\/www.facebook.com\\\/eldiario.bolivia\\\/\",\"https:\\\/\\\/x.com\\\/eldiario_net\"]},{\"@type\":\"Person\",\"@id\":\"https:\\\/\\\/www.eldiario.net\\\/portal\\\/#\\\/schema\\\/person\\\/f46445640444750d7d753ccd04ae01b7\",\"name\":\"Jeanette\",\"image\":{\"@type\":\"ImageObject\",\"inLanguage\":\"es\",\"@id\":\"https:\\\/\\\/secure.gravatar.com\\\/avatar\\\/3ea2118a5f7dad2b7138b1187a6b7ee55f160b9968b66013c3a3ef39dd7e5798?s=96&d=mm&r=g\",\"url\":\"https:\\\/\\\/secure.gravatar.com\\\/avatar\\\/3ea2118a5f7dad2b7138b1187a6b7ee55f160b9968b66013c3a3ef39dd7e5798?s=96&d=mm&r=g\",\"contentUrl\":\"https:\\\/\\\/secure.gravatar.com\\\/avatar\\\/3ea2118a5f7dad2b7138b1187a6b7ee55f160b9968b66013c3a3ef39dd7e5798?s=96&d=mm&r=g\",\"caption\":\"Jeanette\"},\"sameAs\":[\"https:\\\/\\\/www.eldiario.net\\\/portal\"],\"url\":\"https:\\\/\\\/www.eldiario.net\\\/portal\\\/author\\\/jeanette\\\/\"}]}<\/script>\n<!-- \/ Yoast SEO plugin. -->","yoast_head_json":{"title":"Empresarios preocupados por desaceleraci\u00f3n de la econom\u00eda - El Diario - Bolivia","robots":{"index":"index","follow":"follow","max-snippet":"max-snippet:-1","max-image-preview":"max-image-preview:large","max-video-preview":"max-video-preview:-1"},"canonical":"https:\/\/www.eldiario.net\/portal\/2024\/09\/20\/empresarios-preocupados-por-desaceleracion-de-la-economia\/","og_locale":"es_ES","og_type":"article","og_title":"Empresarios preocupados por desaceleraci\u00f3n de la econom\u00eda - El Diario - Bolivia","og_description":"Los empresarios expresan preocupaci\u00f3n por la desaceleraci\u00f3n de la econom\u00eda, con el \u00faltimo dato del crecimiento del primer trimestre de 2024 y tambi\u00e9n por la ca\u00edda de las ventas en el mercado nacional. El gerente general de la C\u00e1mara Nacional de Comercio (CNC), Gustavo J\u00e1uregui, indic\u00f3 que el dato oficial al primer trimestre sobre el [&hellip;]","og_url":"https:\/\/www.eldiario.net\/portal\/2024\/09\/20\/empresarios-preocupados-por-desaceleracion-de-la-economia\/","og_site_name":"El Diario - Bolivia","article_publisher":"https:\/\/www.facebook.com\/eldiario.bolivia\/","article_published_time":"2024-09-20T09:48:18+00:00","og_image":[{"width":800,"height":500,"url":"https:\/\/www.eldiario.net\/portal\/wp-content\/uploads\/2023\/12\/Economia.jpg","type":"image\/jpeg"}],"author":"Jeanette","twitter_card":"summary_large_image","twitter_creator":"@eldiario_net","twitter_site":"@eldiario_net","twitter_misc":{"Escrito por":"Jeanette","Tiempo de lectura":"3 minutos"},"schema":{"@context":"https:\/\/schema.org","@graph":[{"@type":"Article","@id":"https:\/\/www.eldiario.net\/portal\/2024\/09\/20\/empresarios-preocupados-por-desaceleracion-de-la-economia\/#article","isPartOf":{"@id":"https:\/\/www.eldiario.net\/portal\/2024\/09\/20\/empresarios-preocupados-por-desaceleracion-de-la-economia\/"},"author":{"name":"Jeanette","@id":"https:\/\/www.eldiario.net\/portal\/#\/schema\/person\/f46445640444750d7d753ccd04ae01b7"},"headline":"Empresarios preocupados por desaceleraci\u00f3n de la econom\u00eda","datePublished":"2024-09-20T09:48:18+00:00","mainEntityOfPage":{"@id":"https:\/\/www.eldiario.net\/portal\/2024\/09\/20\/empresarios-preocupados-por-desaceleracion-de-la-economia\/"},"wordCount":466,"commentCount":0,"publisher":{"@id":"https:\/\/www.eldiario.net\/portal\/#organization"},"image":{"@id":"https:\/\/www.eldiario.net\/portal\/2024\/09\/20\/empresarios-preocupados-por-desaceleracion-de-la-economia\/#primaryimage"},"thumbnailUrl":"https:\/\/www.eldiario.net\/portal\/wp-content\/uploads\/2023\/12\/Economia.jpg","articleSection":["Econom\u00eda"],"inLanguage":"es","potentialAction":[{"@type":"CommentAction","name":"Comment","target":["https:\/\/www.eldiario.net\/portal\/2024\/09\/20\/empresarios-preocupados-por-desaceleracion-de-la-economia\/#respond"]}]},{"@type":"WebPage","@id":"https:\/\/www.eldiario.net\/portal\/2024\/09\/20\/empresarios-preocupados-por-desaceleracion-de-la-economia\/","url":"https:\/\/www.eldiario.net\/portal\/2024\/09\/20\/empresarios-preocupados-por-desaceleracion-de-la-economia\/","name":"Empresarios preocupados por desaceleraci\u00f3n de la econom\u00eda - El Diario - Bolivia","isPartOf":{"@id":"https:\/\/www.eldiario.net\/portal\/#website"},"primaryImageOfPage":{"@id":"https:\/\/www.eldiario.net\/portal\/2024\/09\/20\/empresarios-preocupados-por-desaceleracion-de-la-economia\/#primaryimage"},"image":{"@id":"https:\/\/www.eldiario.net\/portal\/2024\/09\/20\/empresarios-preocupados-por-desaceleracion-de-la-economia\/#primaryimage"},"thumbnailUrl":"https:\/\/www.eldiario.net\/portal\/wp-content\/uploads\/2023\/12\/Economia.jpg","datePublished":"2024-09-20T09:48:18+00:00","breadcrumb":{"@id":"https:\/\/www.eldiario.net\/portal\/2024\/09\/20\/empresarios-preocupados-por-desaceleracion-de-la-economia\/#breadcrumb"},"inLanguage":"es","potentialAction":[{"@type":"ReadAction","target":["https:\/\/www.eldiario.net\/portal\/2024\/09\/20\/empresarios-preocupados-por-desaceleracion-de-la-economia\/"]}]},{"@type":"ImageObject","inLanguage":"es","@id":"https:\/\/www.eldiario.net\/portal\/2024\/09\/20\/empresarios-preocupados-por-desaceleracion-de-la-economia\/#primaryimage","url":"https:\/\/www.eldiario.net\/portal\/wp-content\/uploads\/2023\/12\/Economia.jpg","contentUrl":"https:\/\/www.eldiario.net\/portal\/wp-content\/uploads\/2023\/12\/Economia.jpg","width":800,"height":500},{"@type":"BreadcrumbList","@id":"https:\/\/www.eldiario.net\/portal\/2024\/09\/20\/empresarios-preocupados-por-desaceleracion-de-la-economia\/#breadcrumb","itemListElement":[{"@type":"ListItem","position":1,"name":"Portada","item":"https:\/\/www.eldiario.net\/portal\/"},{"@type":"ListItem","position":2,"name":"Empresarios preocupados por desaceleraci\u00f3n de la econom\u00eda"}]},{"@type":"WebSite","@id":"https:\/\/www.eldiario.net\/portal\/#website","url":"https:\/\/www.eldiario.net\/portal\/","name":"El Diario - Decano de la prensa nacional","description":"El Diario - Decano de la prensa nacional","publisher":{"@id":"https:\/\/www.eldiario.net\/portal\/#organization"},"potentialAction":[{"@type":"SearchAction","target":{"@type":"EntryPoint","urlTemplate":"https:\/\/www.eldiario.net\/portal\/?s={search_term_string}"},"query-input":{"@type":"PropertyValueSpecification","valueRequired":true,"valueName":"search_term_string"}}],"inLanguage":"es"},{"@type":"Organization","@id":"https:\/\/www.eldiario.net\/portal\/#organization","name":"El Diario - Decano de la prensa nacional","url":"https:\/\/www.eldiario.net\/portal\/","logo":{"@type":"ImageObject","inLanguage":"es","@id":"https:\/\/www.eldiario.net\/portal\/#\/schema\/logo\/image\/","url":"https:\/\/www.eldiario.net\/portal\/wp-content\/uploads\/2023\/07\/logo_ED.jpg","contentUrl":"https:\/\/www.eldiario.net\/portal\/wp-content\/uploads\/2023\/07\/logo_ED.jpg","width":272,"height":52,"caption":"El Diario - Decano de la prensa nacional"},"image":{"@id":"https:\/\/www.eldiario.net\/portal\/#\/schema\/logo\/image\/"},"sameAs":["https:\/\/www.facebook.com\/eldiario.bolivia\/","https:\/\/x.com\/eldiario_net"]},{"@type":"Person","@id":"https:\/\/www.eldiario.net\/portal\/#\/schema\/person\/f46445640444750d7d753ccd04ae01b7","name":"Jeanette","image":{"@type":"ImageObject","inLanguage":"es","@id":"https:\/\/secure.gravatar.com\/avatar\/3ea2118a5f7dad2b7138b1187a6b7ee55f160b9968b66013c3a3ef39dd7e5798?s=96&d=mm&r=g","url":"https:\/\/secure.gravatar.com\/avatar\/3ea2118a5f7dad2b7138b1187a6b7ee55f160b9968b66013c3a3ef39dd7e5798?s=96&d=mm&r=g","contentUrl":"https:\/\/secure.gravatar.com\/avatar\/3ea2118a5f7dad2b7138b1187a6b7ee55f160b9968b66013c3a3ef39dd7e5798?s=96&d=mm&r=g","caption":"Jeanette"},"sameAs":["https:\/\/www.eldiario.net\/portal"],"url":"https:\/\/www.eldiario.net\/portal\/author\/jeanette\/"}]}},"_links":{"self":[{"href":"https:\/\/www.eldiario.net\/portal\/wp-json\/wp\/v2\/posts\/248686","targetHints":{"allow":["GET"]}}],"collection":[{"href":"https:\/\/www.eldiario.net\/portal\/wp-json\/wp\/v2\/posts"}],"about":[{"href":"https:\/\/www.eldiario.net\/portal\/wp-json\/wp\/v2\/types\/post"}],"author":[{"embeddable":true,"href":"https:\/\/www.eldiario.net\/portal\/wp-json\/wp\/v2\/users\/1"}],"replies":[{"embeddable":true,"href":"https:\/\/www.eldiario.net\/portal\/wp-json\/wp\/v2\/comments?post=248686"}],"version-history":[{"count":1,"href":"https:\/\/www.eldiario.net\/portal\/wp-json\/wp\/v2\/posts\/248686\/revisions"}],"predecessor-version":[{"id":248687,"href":"https:\/\/www.eldiario.net\/portal\/wp-json\/wp\/v2\/posts\/248686\/revisions\/248687"}],"wp:featuredmedia":[{"embeddable":true,"href":"https:\/\/www.eldiario.net\/portal\/wp-json\/wp\/v2\/media\/194689"}],"wp:attachment":[{"href":"https:\/\/www.eldiario.net\/portal\/wp-json\/wp\/v2\/media?parent=248686"}],"wp:term":[{"taxonomy":"category","embeddable":true,"href":"https:\/\/www.eldiario.net\/portal\/wp-json\/wp\/v2\/categories?post=248686"},{"taxonomy":"post_tag","embeddable":true,"href":"https:\/\/www.eldiario.net\/portal\/wp-json\/wp\/v2\/tags?post=248686"}],"curies":[{"name":"wp","href":"https:\/\/api.w.org\/{rel}","templated":true}]}}