{"id":248684,"date":"2024-09-20T05:47:39","date_gmt":"2024-09-20T09:47:39","guid":{"rendered":"https:\/\/www.eldiario.net\/portal\/?p=248684"},"modified":"2024-09-20T05:47:39","modified_gmt":"2024-09-20T09:47:39","slug":"el-presidente-fujimori-y-bolivia-2","status":"publish","type":"post","link":"https:\/\/www.eldiario.net\/portal\/2024\/09\/20\/el-presidente-fujimori-y-bolivia-2\/","title":{"rendered":"El presidente Fujimori y Bolivia"},"content":{"rendered":"<p>Seguramente que uno de los mandatarios m\u00e1s controvertidos del Per\u00fa \u2013si no el que m\u00e1s\u2013 ha sido el recientemente fallecido Alberto Fujimori. Acusado de violaci\u00f3n a los derechos humanos, quebrantamiento de la Constituci\u00f3n, corrupci\u00f3n y otros delitos, debi\u00f3 someterse a un proceso que lo sentenci\u00f3 a 25 a\u00f1os de c\u00e1rcel, de los que cumpli\u00f3 16, para salir en libertad condicional poco antes de que el c\u00e1ncer que padec\u00eda lo llevara a la tumba.<br \/>\nLleg\u00f3 a la presidencia del Per\u00fa en 1990, siendo un desconocido, gan\u00e1ndole en segunda vuelta nada menos que al favorito, el mundialmente afamado escritor Mario Vargas Llosa, hoy Premio Nobel de Literatura. Era el Per\u00fa terrible, del pavor senderista y de la inflaci\u00f3n descomunal. Nadie dudaba de que Vargas Llosa era el personaje id\u00f3neo para guiar los destinos de ese Per\u00fa catastr\u00f3fico, pero las turbias condiciones que se daban hacen pensar que Fujimori fue el hombre necesario para esas circunstancias sangrientas.<br \/>\nNuestro deseo en estos momentos no es incursionar en la pol\u00edtica peruana de entonces, sino en la relaci\u00f3n de Fujimori con Bolivia, con el presidente Jaime Paz Zamora, esencialmente. Ya transcurri\u00f3 la lucha cruel que acab\u00f3 con Sendero Luminoso, ya pas\u00f3 el exterminio del comando del MRTA en el espectacular rescate de los rehenes en la operaci\u00f3n \u201cChav\u00edn de Hu\u00e1ntar\u201d, la captura del brutal Abimael Guzm\u00e1n y tambi\u00e9n las lamentables muertes en Barrios Altos y La Cantuta. Lo cierto es que fue sangre por sangre, algo terrible para una naci\u00f3n. Pero pese a ese momento de guerra interna, Fujimori, adem\u00e1s, detuvo y elimin\u00f3 la inflaci\u00f3n que se devoraba el salario de los trabajadores peruanos, lo que no es poco decir.<br \/>\nLo importante en el caso de Fujimori es que fue el mandatario peruano \u2013si no el \u00fanico\u2013 que m\u00e1s comprendi\u00f3 el enclaustramiento nacional y, que, dentro de lo que le permit\u00eda su investidura, le concedi\u00f3 a Bolivia una modesta pero significativa salida al mar por el puerto de Ilo. Paz Zamora busc\u00f3 y encontr\u00f3 a Fujimori en los a\u00f1os del Acuerdo Patri\u00f3tico, y firmaron ambos en 1992 los acuerdos de Ilo, que tendr\u00edan una duraci\u00f3n de 99 a\u00f1os renovables y donde se instalar\u00eda Boliviamar con una Zona Econ\u00f3mica Especial. Todo un \u00e9xito diplom\u00e1tico en el Pac\u00edfico, aun cuando existan voces que afirmen que Ilo no tiene mayor trascendencia. Lo que mortifica es que Bolivia no hubiera movido un dedo para hacer de Ilo algo que pudiera utilizar, porque, luego del general Banzer, que, siendo presidente, sobrevol\u00f3 con Fujimori la zona, ratificando el inter\u00e9s boliviano, Ilo pas\u00f3 a segundo plano.<br \/>\nEl masismo, tan quejumbroso y llor\u00f3n ante Chile, para luego ir a perderlo todo en La Haya meti\u00e9ndose en camisa de once varas, fue incapaz de influir de alguna manera ante el Congreso peruano para que los acuerdos de Ilo se ratificaran y para que no quedara en el vac\u00edo toda una larga y exitosa gesti\u00f3n diplom\u00e1tica. Por el contrario, Evo Morales tuvo la ordinariez de burlarse de su colega de entonces, el presidente Alan Garc\u00eda, provoc\u00e1ndole una molestia justificada. Eso enfri\u00f3 las relaciones entre ambas naciones. Por si fuera poco, ya durante el actual gobierno de Arce, al descriteriado Morales se le ocurri\u00f3 tratar de influir en la pol\u00edtica interna vecina, incitando a crear en el sur del Per\u00fa un Estado Plurinacional con el mero estilo aimara, y apoyando al ahora depuesto presidente Pedro Castillo, lo que signific\u00f3 que en Per\u00fa lo declararan personaje no grato y hasta que circularan \u00f3rdenes de captura en su contra. Como la cereza sobre la torta, la canciller\u00eda nacional envi\u00f3 como c\u00f3nsul en Puno a Lidia Patty Mullisaca, una activista y difamadora profesional, evista por cierto, que lleg\u00f3 a su destino y empez\u00f3 a despachar sin siquiera haber anunciado su arribo a la canciller\u00eda de Torre Tagle. Esa canciller\u00eda le neg\u00f3 el permiso para ejercer, por supuesto, y pidi\u00f3 su retiro inmediato, pese a la protesta de Bolivia.<br \/>\nEsto ratifica las penosas declaraciones de la actual \u201ccancillera\u201d, en sentido de que en Bolivia no existe servicio diplom\u00e1tico. Sin servicio exterior Bolivia lo est\u00e1 perdiendo todo, mas habr\u00eda que esperar la cordura de un pr\u00f3ximo gobierno ajeno al MAS, para retomar lo que plasmaron de forma patri\u00f3tica Paz Zamora y el fallecido expresidente Alberto Fujimori.<\/p>\n","protected":false},"excerpt":{"rendered":"<p>Seguramente que uno de los mandatarios m\u00e1s controvertidos del Per\u00fa \u2013si no el que m\u00e1s\u2013 ha sido el recientemente fallecido Alberto Fujimori. Acusado de violaci\u00f3n a los derechos humanos, quebrantamiento de la Constituci\u00f3n, corrupci\u00f3n y otros delitos, debi\u00f3 someterse a un proceso que lo sentenci\u00f3 a 25 a\u00f1os de c\u00e1rcel, de los que cumpli\u00f3 16, [&hellip;]<\/p>\n","protected":false},"author":1,"featured_media":194790,"comment_status":"open","ping_status":"open","sticky":false,"template":"","format":"standard","meta":{"_acf_changed":false,"footnotes":""},"categories":[9],"tags":[],"class_list":["post-248684","post","type-post","status-publish","format-standard","has-post-thumbnail","category-opinion"],"acf":{"antetitulo":""},"yoast_head":"<!-- This site is optimized with the Yoast SEO plugin v28.3 - https:\/\/yoast.com\/product\/yoast-seo-wordpress\/ -->\n<title>El presidente Fujimori y Bolivia - El Diario - Bolivia<\/title>\n<meta name=\"robots\" content=\"index, follow, max-snippet:-1, max-image-preview:large, max-video-preview:-1\" \/>\n<link rel=\"canonical\" href=\"https:\/\/www.eldiario.net\/portal\/2024\/09\/20\/el-presidente-fujimori-y-bolivia-2\/\" \/>\n<meta property=\"og:locale\" content=\"es_ES\" \/>\n<meta property=\"og:type\" content=\"article\" \/>\n<meta property=\"og:title\" content=\"El presidente Fujimori y Bolivia - El Diario - Bolivia\" \/>\n<meta property=\"og:description\" content=\"Seguramente que uno de los mandatarios m\u00e1s controvertidos del Per\u00fa \u2013si no el que m\u00e1s\u2013 ha sido el recientemente fallecido Alberto Fujimori. Acusado de violaci\u00f3n a los derechos humanos, quebrantamiento de la Constituci\u00f3n, corrupci\u00f3n y otros delitos, debi\u00f3 someterse a un proceso que lo sentenci\u00f3 a 25 a\u00f1os de c\u00e1rcel, de los que cumpli\u00f3 16, [&hellip;]\" \/>\n<meta property=\"og:url\" content=\"https:\/\/www.eldiario.net\/portal\/2024\/09\/20\/el-presidente-fujimori-y-bolivia-2\/\" \/>\n<meta property=\"og:site_name\" content=\"El Diario - Bolivia\" \/>\n<meta property=\"article:publisher\" content=\"https:\/\/www.facebook.com\/eldiario.bolivia\/\" \/>\n<meta property=\"article:published_time\" content=\"2024-09-20T09:47:39+00:00\" \/>\n<meta property=\"og:image\" content=\"https:\/\/www.eldiario.net\/portal\/wp-content\/uploads\/2023\/12\/Opinion.jpg\" \/>\n\t<meta property=\"og:image:width\" content=\"800\" \/>\n\t<meta property=\"og:image:height\" content=\"500\" \/>\n\t<meta property=\"og:image:type\" content=\"image\/jpeg\" \/>\n<meta name=\"author\" content=\"Jeanette\" \/>\n<meta name=\"twitter:card\" content=\"summary_large_image\" \/>\n<meta name=\"twitter:creator\" content=\"@eldiario_net\" \/>\n<meta name=\"twitter:site\" content=\"@eldiario_net\" \/>\n<meta name=\"twitter:label1\" content=\"Escrito por\" \/>\n\t<meta name=\"twitter:data1\" content=\"Jeanette\" \/>\n\t<meta name=\"twitter:label2\" content=\"Tiempo de lectura\" \/>\n\t<meta name=\"twitter:data2\" content=\"4 minutos\" \/>\n<script type=\"application\/ld+json\" class=\"yoast-schema-graph\">{\"@context\":\"https:\\\/\\\/schema.org\",\"@graph\":[{\"@type\":\"Article\",\"@id\":\"https:\\\/\\\/www.eldiario.net\\\/portal\\\/2024\\\/09\\\/20\\\/el-presidente-fujimori-y-bolivia-2\\\/#article\",\"isPartOf\":{\"@id\":\"https:\\\/\\\/www.eldiario.net\\\/portal\\\/2024\\\/09\\\/20\\\/el-presidente-fujimori-y-bolivia-2\\\/\"},\"author\":{\"name\":\"Jeanette\",\"@id\":\"https:\\\/\\\/www.eldiario.net\\\/portal\\\/#\\\/schema\\\/person\\\/f46445640444750d7d753ccd04ae01b7\"},\"headline\":\"El presidente Fujimori y Bolivia\",\"datePublished\":\"2024-09-20T09:47:39+00:00\",\"mainEntityOfPage\":{\"@id\":\"https:\\\/\\\/www.eldiario.net\\\/portal\\\/2024\\\/09\\\/20\\\/el-presidente-fujimori-y-bolivia-2\\\/\"},\"wordCount\":755,\"commentCount\":0,\"publisher\":{\"@id\":\"https:\\\/\\\/www.eldiario.net\\\/portal\\\/#organization\"},\"image\":{\"@id\":\"https:\\\/\\\/www.eldiario.net\\\/portal\\\/2024\\\/09\\\/20\\\/el-presidente-fujimori-y-bolivia-2\\\/#primaryimage\"},\"thumbnailUrl\":\"https:\\\/\\\/www.eldiario.net\\\/portal\\\/wp-content\\\/uploads\\\/2023\\\/12\\\/Opinion.jpg\",\"articleSection\":[\"Opini\u00f3n\"],\"inLanguage\":\"es\",\"potentialAction\":[{\"@type\":\"CommentAction\",\"name\":\"Comment\",\"target\":[\"https:\\\/\\\/www.eldiario.net\\\/portal\\\/2024\\\/09\\\/20\\\/el-presidente-fujimori-y-bolivia-2\\\/#respond\"]}]},{\"@type\":\"WebPage\",\"@id\":\"https:\\\/\\\/www.eldiario.net\\\/portal\\\/2024\\\/09\\\/20\\\/el-presidente-fujimori-y-bolivia-2\\\/\",\"url\":\"https:\\\/\\\/www.eldiario.net\\\/portal\\\/2024\\\/09\\\/20\\\/el-presidente-fujimori-y-bolivia-2\\\/\",\"name\":\"El presidente Fujimori y Bolivia - El Diario - Bolivia\",\"isPartOf\":{\"@id\":\"https:\\\/\\\/www.eldiario.net\\\/portal\\\/#website\"},\"primaryImageOfPage\":{\"@id\":\"https:\\\/\\\/www.eldiario.net\\\/portal\\\/2024\\\/09\\\/20\\\/el-presidente-fujimori-y-bolivia-2\\\/#primaryimage\"},\"image\":{\"@id\":\"https:\\\/\\\/www.eldiario.net\\\/portal\\\/2024\\\/09\\\/20\\\/el-presidente-fujimori-y-bolivia-2\\\/#primaryimage\"},\"thumbnailUrl\":\"https:\\\/\\\/www.eldiario.net\\\/portal\\\/wp-content\\\/uploads\\\/2023\\\/12\\\/Opinion.jpg\",\"datePublished\":\"2024-09-20T09:47:39+00:00\",\"breadcrumb\":{\"@id\":\"https:\\\/\\\/www.eldiario.net\\\/portal\\\/2024\\\/09\\\/20\\\/el-presidente-fujimori-y-bolivia-2\\\/#breadcrumb\"},\"inLanguage\":\"es\",\"potentialAction\":[{\"@type\":\"ReadAction\",\"target\":[\"https:\\\/\\\/www.eldiario.net\\\/portal\\\/2024\\\/09\\\/20\\\/el-presidente-fujimori-y-bolivia-2\\\/\"]}]},{\"@type\":\"ImageObject\",\"inLanguage\":\"es\",\"@id\":\"https:\\\/\\\/www.eldiario.net\\\/portal\\\/2024\\\/09\\\/20\\\/el-presidente-fujimori-y-bolivia-2\\\/#primaryimage\",\"url\":\"https:\\\/\\\/www.eldiario.net\\\/portal\\\/wp-content\\\/uploads\\\/2023\\\/12\\\/Opinion.jpg\",\"contentUrl\":\"https:\\\/\\\/www.eldiario.net\\\/portal\\\/wp-content\\\/uploads\\\/2023\\\/12\\\/Opinion.jpg\",\"width\":800,\"height\":500},{\"@type\":\"BreadcrumbList\",\"@id\":\"https:\\\/\\\/www.eldiario.net\\\/portal\\\/2024\\\/09\\\/20\\\/el-presidente-fujimori-y-bolivia-2\\\/#breadcrumb\",\"itemListElement\":[{\"@type\":\"ListItem\",\"position\":1,\"name\":\"Portada\",\"item\":\"https:\\\/\\\/www.eldiario.net\\\/portal\\\/\"},{\"@type\":\"ListItem\",\"position\":2,\"name\":\"El presidente Fujimori y Bolivia\"}]},{\"@type\":\"WebSite\",\"@id\":\"https:\\\/\\\/www.eldiario.net\\\/portal\\\/#website\",\"url\":\"https:\\\/\\\/www.eldiario.net\\\/portal\\\/\",\"name\":\"El Diario - Decano de la prensa nacional\",\"description\":\"El Diario - Decano de la prensa nacional\",\"publisher\":{\"@id\":\"https:\\\/\\\/www.eldiario.net\\\/portal\\\/#organization\"},\"potentialAction\":[{\"@type\":\"SearchAction\",\"target\":{\"@type\":\"EntryPoint\",\"urlTemplate\":\"https:\\\/\\\/www.eldiario.net\\\/portal\\\/?s={search_term_string}\"},\"query-input\":{\"@type\":\"PropertyValueSpecification\",\"valueRequired\":true,\"valueName\":\"search_term_string\"}}],\"inLanguage\":\"es\"},{\"@type\":\"Organization\",\"@id\":\"https:\\\/\\\/www.eldiario.net\\\/portal\\\/#organization\",\"name\":\"El Diario - Decano de la prensa nacional\",\"url\":\"https:\\\/\\\/www.eldiario.net\\\/portal\\\/\",\"logo\":{\"@type\":\"ImageObject\",\"inLanguage\":\"es\",\"@id\":\"https:\\\/\\\/www.eldiario.net\\\/portal\\\/#\\\/schema\\\/logo\\\/image\\\/\",\"url\":\"https:\\\/\\\/www.eldiario.net\\\/portal\\\/wp-content\\\/uploads\\\/2023\\\/07\\\/logo_ED.jpg\",\"contentUrl\":\"https:\\\/\\\/www.eldiario.net\\\/portal\\\/wp-content\\\/uploads\\\/2023\\\/07\\\/logo_ED.jpg\",\"width\":272,\"height\":52,\"caption\":\"El Diario - Decano de la prensa nacional\"},\"image\":{\"@id\":\"https:\\\/\\\/www.eldiario.net\\\/portal\\\/#\\\/schema\\\/logo\\\/image\\\/\"},\"sameAs\":[\"https:\\\/\\\/www.facebook.com\\\/eldiario.bolivia\\\/\",\"https:\\\/\\\/x.com\\\/eldiario_net\"]},{\"@type\":\"Person\",\"@id\":\"https:\\\/\\\/www.eldiario.net\\\/portal\\\/#\\\/schema\\\/person\\\/f46445640444750d7d753ccd04ae01b7\",\"name\":\"Jeanette\",\"image\":{\"@type\":\"ImageObject\",\"inLanguage\":\"es\",\"@id\":\"https:\\\/\\\/secure.gravatar.com\\\/avatar\\\/3ea2118a5f7dad2b7138b1187a6b7ee55f160b9968b66013c3a3ef39dd7e5798?s=96&d=mm&r=g\",\"url\":\"https:\\\/\\\/secure.gravatar.com\\\/avatar\\\/3ea2118a5f7dad2b7138b1187a6b7ee55f160b9968b66013c3a3ef39dd7e5798?s=96&d=mm&r=g\",\"contentUrl\":\"https:\\\/\\\/secure.gravatar.com\\\/avatar\\\/3ea2118a5f7dad2b7138b1187a6b7ee55f160b9968b66013c3a3ef39dd7e5798?s=96&d=mm&r=g\",\"caption\":\"Jeanette\"},\"sameAs\":[\"https:\\\/\\\/www.eldiario.net\\\/portal\"],\"url\":\"https:\\\/\\\/www.eldiario.net\\\/portal\\\/author\\\/jeanette\\\/\"}]}<\/script>\n<!-- \/ Yoast SEO plugin. -->","yoast_head_json":{"title":"El presidente Fujimori y Bolivia - El Diario - Bolivia","robots":{"index":"index","follow":"follow","max-snippet":"max-snippet:-1","max-image-preview":"max-image-preview:large","max-video-preview":"max-video-preview:-1"},"canonical":"https:\/\/www.eldiario.net\/portal\/2024\/09\/20\/el-presidente-fujimori-y-bolivia-2\/","og_locale":"es_ES","og_type":"article","og_title":"El presidente Fujimori y Bolivia - El Diario - Bolivia","og_description":"Seguramente que uno de los mandatarios m\u00e1s controvertidos del Per\u00fa \u2013si no el que m\u00e1s\u2013 ha sido el recientemente fallecido Alberto Fujimori. Acusado de violaci\u00f3n a los derechos humanos, quebrantamiento de la Constituci\u00f3n, corrupci\u00f3n y otros delitos, debi\u00f3 someterse a un proceso que lo sentenci\u00f3 a 25 a\u00f1os de c\u00e1rcel, de los que cumpli\u00f3 16, [&hellip;]","og_url":"https:\/\/www.eldiario.net\/portal\/2024\/09\/20\/el-presidente-fujimori-y-bolivia-2\/","og_site_name":"El Diario - Bolivia","article_publisher":"https:\/\/www.facebook.com\/eldiario.bolivia\/","article_published_time":"2024-09-20T09:47:39+00:00","og_image":[{"width":800,"height":500,"url":"https:\/\/www.eldiario.net\/portal\/wp-content\/uploads\/2023\/12\/Opinion.jpg","type":"image\/jpeg"}],"author":"Jeanette","twitter_card":"summary_large_image","twitter_creator":"@eldiario_net","twitter_site":"@eldiario_net","twitter_misc":{"Escrito por":"Jeanette","Tiempo de lectura":"4 minutos"},"schema":{"@context":"https:\/\/schema.org","@graph":[{"@type":"Article","@id":"https:\/\/www.eldiario.net\/portal\/2024\/09\/20\/el-presidente-fujimori-y-bolivia-2\/#article","isPartOf":{"@id":"https:\/\/www.eldiario.net\/portal\/2024\/09\/20\/el-presidente-fujimori-y-bolivia-2\/"},"author":{"name":"Jeanette","@id":"https:\/\/www.eldiario.net\/portal\/#\/schema\/person\/f46445640444750d7d753ccd04ae01b7"},"headline":"El presidente Fujimori y Bolivia","datePublished":"2024-09-20T09:47:39+00:00","mainEntityOfPage":{"@id":"https:\/\/www.eldiario.net\/portal\/2024\/09\/20\/el-presidente-fujimori-y-bolivia-2\/"},"wordCount":755,"commentCount":0,"publisher":{"@id":"https:\/\/www.eldiario.net\/portal\/#organization"},"image":{"@id":"https:\/\/www.eldiario.net\/portal\/2024\/09\/20\/el-presidente-fujimori-y-bolivia-2\/#primaryimage"},"thumbnailUrl":"https:\/\/www.eldiario.net\/portal\/wp-content\/uploads\/2023\/12\/Opinion.jpg","articleSection":["Opini\u00f3n"],"inLanguage":"es","potentialAction":[{"@type":"CommentAction","name":"Comment","target":["https:\/\/www.eldiario.net\/portal\/2024\/09\/20\/el-presidente-fujimori-y-bolivia-2\/#respond"]}]},{"@type":"WebPage","@id":"https:\/\/www.eldiario.net\/portal\/2024\/09\/20\/el-presidente-fujimori-y-bolivia-2\/","url":"https:\/\/www.eldiario.net\/portal\/2024\/09\/20\/el-presidente-fujimori-y-bolivia-2\/","name":"El presidente Fujimori y Bolivia - El Diario - Bolivia","isPartOf":{"@id":"https:\/\/www.eldiario.net\/portal\/#website"},"primaryImageOfPage":{"@id":"https:\/\/www.eldiario.net\/portal\/2024\/09\/20\/el-presidente-fujimori-y-bolivia-2\/#primaryimage"},"image":{"@id":"https:\/\/www.eldiario.net\/portal\/2024\/09\/20\/el-presidente-fujimori-y-bolivia-2\/#primaryimage"},"thumbnailUrl":"https:\/\/www.eldiario.net\/portal\/wp-content\/uploads\/2023\/12\/Opinion.jpg","datePublished":"2024-09-20T09:47:39+00:00","breadcrumb":{"@id":"https:\/\/www.eldiario.net\/portal\/2024\/09\/20\/el-presidente-fujimori-y-bolivia-2\/#breadcrumb"},"inLanguage":"es","potentialAction":[{"@type":"ReadAction","target":["https:\/\/www.eldiario.net\/portal\/2024\/09\/20\/el-presidente-fujimori-y-bolivia-2\/"]}]},{"@type":"ImageObject","inLanguage":"es","@id":"https:\/\/www.eldiario.net\/portal\/2024\/09\/20\/el-presidente-fujimori-y-bolivia-2\/#primaryimage","url":"https:\/\/www.eldiario.net\/portal\/wp-content\/uploads\/2023\/12\/Opinion.jpg","contentUrl":"https:\/\/www.eldiario.net\/portal\/wp-content\/uploads\/2023\/12\/Opinion.jpg","width":800,"height":500},{"@type":"BreadcrumbList","@id":"https:\/\/www.eldiario.net\/portal\/2024\/09\/20\/el-presidente-fujimori-y-bolivia-2\/#breadcrumb","itemListElement":[{"@type":"ListItem","position":1,"name":"Portada","item":"https:\/\/www.eldiario.net\/portal\/"},{"@type":"ListItem","position":2,"name":"El presidente Fujimori y Bolivia"}]},{"@type":"WebSite","@id":"https:\/\/www.eldiario.net\/portal\/#website","url":"https:\/\/www.eldiario.net\/portal\/","name":"El Diario - Decano de la prensa nacional","description":"El Diario - Decano de la prensa nacional","publisher":{"@id":"https:\/\/www.eldiario.net\/portal\/#organization"},"potentialAction":[{"@type":"SearchAction","target":{"@type":"EntryPoint","urlTemplate":"https:\/\/www.eldiario.net\/portal\/?s={search_term_string}"},"query-input":{"@type":"PropertyValueSpecification","valueRequired":true,"valueName":"search_term_string"}}],"inLanguage":"es"},{"@type":"Organization","@id":"https:\/\/www.eldiario.net\/portal\/#organization","name":"El Diario - Decano de la prensa nacional","url":"https:\/\/www.eldiario.net\/portal\/","logo":{"@type":"ImageObject","inLanguage":"es","@id":"https:\/\/www.eldiario.net\/portal\/#\/schema\/logo\/image\/","url":"https:\/\/www.eldiario.net\/portal\/wp-content\/uploads\/2023\/07\/logo_ED.jpg","contentUrl":"https:\/\/www.eldiario.net\/portal\/wp-content\/uploads\/2023\/07\/logo_ED.jpg","width":272,"height":52,"caption":"El Diario - Decano de la prensa nacional"},"image":{"@id":"https:\/\/www.eldiario.net\/portal\/#\/schema\/logo\/image\/"},"sameAs":["https:\/\/www.facebook.com\/eldiario.bolivia\/","https:\/\/x.com\/eldiario_net"]},{"@type":"Person","@id":"https:\/\/www.eldiario.net\/portal\/#\/schema\/person\/f46445640444750d7d753ccd04ae01b7","name":"Jeanette","image":{"@type":"ImageObject","inLanguage":"es","@id":"https:\/\/secure.gravatar.com\/avatar\/3ea2118a5f7dad2b7138b1187a6b7ee55f160b9968b66013c3a3ef39dd7e5798?s=96&d=mm&r=g","url":"https:\/\/secure.gravatar.com\/avatar\/3ea2118a5f7dad2b7138b1187a6b7ee55f160b9968b66013c3a3ef39dd7e5798?s=96&d=mm&r=g","contentUrl":"https:\/\/secure.gravatar.com\/avatar\/3ea2118a5f7dad2b7138b1187a6b7ee55f160b9968b66013c3a3ef39dd7e5798?s=96&d=mm&r=g","caption":"Jeanette"},"sameAs":["https:\/\/www.eldiario.net\/portal"],"url":"https:\/\/www.eldiario.net\/portal\/author\/jeanette\/"}]}},"_links":{"self":[{"href":"https:\/\/www.eldiario.net\/portal\/wp-json\/wp\/v2\/posts\/248684","targetHints":{"allow":["GET"]}}],"collection":[{"href":"https:\/\/www.eldiario.net\/portal\/wp-json\/wp\/v2\/posts"}],"about":[{"href":"https:\/\/www.eldiario.net\/portal\/wp-json\/wp\/v2\/types\/post"}],"author":[{"embeddable":true,"href":"https:\/\/www.eldiario.net\/portal\/wp-json\/wp\/v2\/users\/1"}],"replies":[{"embeddable":true,"href":"https:\/\/www.eldiario.net\/portal\/wp-json\/wp\/v2\/comments?post=248684"}],"version-history":[{"count":1,"href":"https:\/\/www.eldiario.net\/portal\/wp-json\/wp\/v2\/posts\/248684\/revisions"}],"predecessor-version":[{"id":248685,"href":"https:\/\/www.eldiario.net\/portal\/wp-json\/wp\/v2\/posts\/248684\/revisions\/248685"}],"wp:featuredmedia":[{"embeddable":true,"href":"https:\/\/www.eldiario.net\/portal\/wp-json\/wp\/v2\/media\/194790"}],"wp:attachment":[{"href":"https:\/\/www.eldiario.net\/portal\/wp-json\/wp\/v2\/media?parent=248684"}],"wp:term":[{"taxonomy":"category","embeddable":true,"href":"https:\/\/www.eldiario.net\/portal\/wp-json\/wp\/v2\/categories?post=248684"},{"taxonomy":"post_tag","embeddable":true,"href":"https:\/\/www.eldiario.net\/portal\/wp-json\/wp\/v2\/tags?post=248684"}],"curies":[{"name":"wp","href":"https:\/\/api.w.org\/{rel}","templated":true}]}}