{"id":248675,"date":"2024-09-20T05:44:55","date_gmt":"2024-09-20T09:44:55","guid":{"rendered":"https:\/\/www.eldiario.net\/portal\/?p=248675"},"modified":"2024-09-20T05:44:55","modified_gmt":"2024-09-20T09:44:55","slug":"marchas-y-bloqueos-absurdos-y-anarquicos","status":"publish","type":"post","link":"https:\/\/www.eldiario.net\/portal\/2024\/09\/20\/marchas-y-bloqueos-absurdos-y-anarquicos\/","title":{"rendered":"Marchas y bloqueos  absurdos y an\u00e1rquicos"},"content":{"rendered":"<p><em>La historia contempor\u00e1nea ha demostrado que los bloqueos, marchas, paros y otros han pasado de ser acciones que favorec\u00edan al pueblo en general y en particular a los trabajadores, a medidas de presi\u00f3n vand\u00e1licas y negativas, que van contra la historia y perjudican no solo a su propia causa, sino que se desprestigian rotundamente.<\/em><br \/>\n<em>Esas manifestaciones ahora se han convertido en armas letales que atentan contra los propios intereses de los trabajadores y al servir a caudillos de plazoleta, que por sus ambiciones pol\u00edticas son enemigos de s\u00ed mismos. Tan aventurada es esa ciega actitud, que va contra el desarrollo de la historia.<\/em><br \/>\n<em>Lo cierto es que esas marchas, bloqueos y otros condujeron al pa\u00eds al abismo desde hace unos veinte a\u00f1os. El descuido de pol\u00edticos venidos a menos produjo la actual crisis econ\u00f3mica, pol\u00edtica y social, que se ha producido porque la naci\u00f3n se ha dejado abusar por el primer aventurero que apareci\u00f3 en su camino.<\/em><br \/>\n<em>Al respecto se puede recordar lo que pas\u00f3 en Per\u00fa hace tres a\u00f1os. Por una crisis pol\u00edtica fue expulsado del poder un presidente populista, lo cual fue aprovechado por los alienados seguidores del proyecto del socialismo del Siglo XXI. Es m\u00e1s, estos organizaron grandes marchas y bloqueos con direcci\u00f3n hacia Lima para hacer de las suyas. Pero el gobierno no se dej\u00f3 sorprender y con dos gritos hizo retroceder a las masas y puso fin al caos que amenazaba con intensificarse. Al mismo tiempo, se mostr\u00f3 que las marchas, bloqueos y otros eran solamente cortinas de humo que desaparec\u00edan ante la primera advertencia del Ministro de Gobierno.<\/em><br \/>\n<em>En m\u00e1s, ahora se puede pensar lo mismo sobre la crisis que vive Bolivia. Los \u201cmovimientos sociales\u201d son solo montones de ladrillos rotos que se derrumban. Pero todo depende de que las autoridades nacionales no se dejen sorprender y act\u00faen con decisi\u00f3n en el momento en que los picaros est\u00e1n al acecho. Antes estas marchas ten\u00edan alg\u00fan apoyo p\u00fablico, pero ahora por sus objetivos mezquinos solo merecen desprecio. Ya pas\u00f3 su tiempo y como dice el refr\u00e1n popular, \u201cSanto que pas\u00f3 su fiesta, a un rinc\u00f3n\u201d.<\/em><br \/>\n<em>Por otra parte, los bloqueos y marchas de adictos solamente han derivado en acciones an\u00e1rquicas, al carecer de objetivos valederos para la mayor\u00eda de la poblaci\u00f3n, degenerando as\u00ed en acciones rebatibles y condenadas al desastre, m\u00e1s tarde que nunca. Las manifestaciones sin buena direcci\u00f3n partidaria, sin objetivos patri\u00f3ticos, sin contar con condiciones internas y externas, no van a ninguna parte, m\u00e1s a\u00fan cuando tienen al frente a una fuerza oficialista organizada con toda clase de recursos. Tambi\u00e9n se olvida que millones de bolivianos est\u00e1n cansados de la politiquer\u00eda y la demagogia.<\/em><br \/>\n<em>De ah\u00ed que, con anticipaci\u00f3n, por esos factores el llamado intento \u201cgolpista\u201d terminar\u00e1 en un gigantesco chasco y hasta en un suicidio pol\u00edtico.<\/em><\/p>\n","protected":false},"excerpt":{"rendered":"<p>La historia contempor\u00e1nea ha demostrado que los bloqueos, marchas, paros y otros han pasado de ser acciones que favorec\u00edan al pueblo en general y en particular a los trabajadores, a medidas de presi\u00f3n vand\u00e1licas y negativas, que van contra la historia y perjudican no solo a su propia causa, sino que se desprestigian rotundamente. Esas [&hellip;]<\/p>\n","protected":false},"author":1,"featured_media":194776,"comment_status":"open","ping_status":"open","sticky":false,"template":"","format":"standard","meta":{"_acf_changed":false,"footnotes":""},"categories":[4],"tags":[],"class_list":["post-248675","post","type-post","status-publish","format-standard","has-post-thumbnail","category-editorial"],"acf":{"antetitulo":""},"yoast_head":"<!-- This site is optimized with the Yoast SEO plugin v28.3 - https:\/\/yoast.com\/product\/yoast-seo-wordpress\/ -->\n<title>Marchas y bloqueos absurdos y an\u00e1rquicos - El Diario - Bolivia<\/title>\n<meta name=\"robots\" content=\"index, follow, max-snippet:-1, max-image-preview:large, max-video-preview:-1\" \/>\n<link rel=\"canonical\" href=\"https:\/\/www.eldiario.net\/portal\/2024\/09\/20\/marchas-y-bloqueos-absurdos-y-anarquicos\/\" \/>\n<meta property=\"og:locale\" content=\"es_ES\" \/>\n<meta property=\"og:type\" content=\"article\" \/>\n<meta property=\"og:title\" content=\"Marchas y bloqueos absurdos y an\u00e1rquicos - El Diario - Bolivia\" \/>\n<meta property=\"og:description\" content=\"La historia contempor\u00e1nea ha demostrado que los bloqueos, marchas, paros y otros han pasado de ser acciones que favorec\u00edan al pueblo en general y en particular a los trabajadores, a medidas de presi\u00f3n vand\u00e1licas y negativas, que van contra la historia y perjudican no solo a su propia causa, sino que se desprestigian rotundamente. Esas [&hellip;]\" \/>\n<meta property=\"og:url\" content=\"https:\/\/www.eldiario.net\/portal\/2024\/09\/20\/marchas-y-bloqueos-absurdos-y-anarquicos\/\" \/>\n<meta property=\"og:site_name\" content=\"El Diario - Bolivia\" \/>\n<meta property=\"article:publisher\" content=\"https:\/\/www.facebook.com\/eldiario.bolivia\/\" \/>\n<meta property=\"article:published_time\" content=\"2024-09-20T09:44:55+00:00\" \/>\n<meta property=\"og:image\" content=\"https:\/\/www.eldiario.net\/portal\/wp-content\/uploads\/2023\/12\/Editorial.jpg\" \/>\n\t<meta property=\"og:image:width\" content=\"800\" \/>\n\t<meta property=\"og:image:height\" content=\"500\" \/>\n\t<meta property=\"og:image:type\" content=\"image\/jpeg\" \/>\n<meta name=\"author\" content=\"Jeanette\" \/>\n<meta name=\"twitter:card\" content=\"summary_large_image\" \/>\n<meta name=\"twitter:creator\" content=\"@eldiario_net\" \/>\n<meta name=\"twitter:site\" content=\"@eldiario_net\" \/>\n<meta name=\"twitter:label1\" content=\"Escrito por\" \/>\n\t<meta name=\"twitter:data1\" content=\"Jeanette\" \/>\n\t<meta name=\"twitter:label2\" content=\"Tiempo de lectura\" \/>\n\t<meta name=\"twitter:data2\" content=\"3 minutos\" \/>\n<script type=\"application\/ld+json\" class=\"yoast-schema-graph\">{\"@context\":\"https:\\\/\\\/schema.org\",\"@graph\":[{\"@type\":\"Article\",\"@id\":\"https:\\\/\\\/www.eldiario.net\\\/portal\\\/2024\\\/09\\\/20\\\/marchas-y-bloqueos-absurdos-y-anarquicos\\\/#article\",\"isPartOf\":{\"@id\":\"https:\\\/\\\/www.eldiario.net\\\/portal\\\/2024\\\/09\\\/20\\\/marchas-y-bloqueos-absurdos-y-anarquicos\\\/\"},\"author\":{\"name\":\"Jeanette\",\"@id\":\"https:\\\/\\\/www.eldiario.net\\\/portal\\\/#\\\/schema\\\/person\\\/f46445640444750d7d753ccd04ae01b7\"},\"headline\":\"Marchas y bloqueos absurdos y an\u00e1rquicos\",\"datePublished\":\"2024-09-20T09:44:55+00:00\",\"mainEntityOfPage\":{\"@id\":\"https:\\\/\\\/www.eldiario.net\\\/portal\\\/2024\\\/09\\\/20\\\/marchas-y-bloqueos-absurdos-y-anarquicos\\\/\"},\"wordCount\":509,\"commentCount\":0,\"publisher\":{\"@id\":\"https:\\\/\\\/www.eldiario.net\\\/portal\\\/#organization\"},\"image\":{\"@id\":\"https:\\\/\\\/www.eldiario.net\\\/portal\\\/2024\\\/09\\\/20\\\/marchas-y-bloqueos-absurdos-y-anarquicos\\\/#primaryimage\"},\"thumbnailUrl\":\"https:\\\/\\\/www.eldiario.net\\\/portal\\\/wp-content\\\/uploads\\\/2023\\\/12\\\/Editorial.jpg\",\"articleSection\":[\"Editorial\"],\"inLanguage\":\"es\",\"potentialAction\":[{\"@type\":\"CommentAction\",\"name\":\"Comment\",\"target\":[\"https:\\\/\\\/www.eldiario.net\\\/portal\\\/2024\\\/09\\\/20\\\/marchas-y-bloqueos-absurdos-y-anarquicos\\\/#respond\"]}]},{\"@type\":\"WebPage\",\"@id\":\"https:\\\/\\\/www.eldiario.net\\\/portal\\\/2024\\\/09\\\/20\\\/marchas-y-bloqueos-absurdos-y-anarquicos\\\/\",\"url\":\"https:\\\/\\\/www.eldiario.net\\\/portal\\\/2024\\\/09\\\/20\\\/marchas-y-bloqueos-absurdos-y-anarquicos\\\/\",\"name\":\"Marchas y bloqueos absurdos y an\u00e1rquicos - El Diario - Bolivia\",\"isPartOf\":{\"@id\":\"https:\\\/\\\/www.eldiario.net\\\/portal\\\/#website\"},\"primaryImageOfPage\":{\"@id\":\"https:\\\/\\\/www.eldiario.net\\\/portal\\\/2024\\\/09\\\/20\\\/marchas-y-bloqueos-absurdos-y-anarquicos\\\/#primaryimage\"},\"image\":{\"@id\":\"https:\\\/\\\/www.eldiario.net\\\/portal\\\/2024\\\/09\\\/20\\\/marchas-y-bloqueos-absurdos-y-anarquicos\\\/#primaryimage\"},\"thumbnailUrl\":\"https:\\\/\\\/www.eldiario.net\\\/portal\\\/wp-content\\\/uploads\\\/2023\\\/12\\\/Editorial.jpg\",\"datePublished\":\"2024-09-20T09:44:55+00:00\",\"breadcrumb\":{\"@id\":\"https:\\\/\\\/www.eldiario.net\\\/portal\\\/2024\\\/09\\\/20\\\/marchas-y-bloqueos-absurdos-y-anarquicos\\\/#breadcrumb\"},\"inLanguage\":\"es\",\"potentialAction\":[{\"@type\":\"ReadAction\",\"target\":[\"https:\\\/\\\/www.eldiario.net\\\/portal\\\/2024\\\/09\\\/20\\\/marchas-y-bloqueos-absurdos-y-anarquicos\\\/\"]}]},{\"@type\":\"ImageObject\",\"inLanguage\":\"es\",\"@id\":\"https:\\\/\\\/www.eldiario.net\\\/portal\\\/2024\\\/09\\\/20\\\/marchas-y-bloqueos-absurdos-y-anarquicos\\\/#primaryimage\",\"url\":\"https:\\\/\\\/www.eldiario.net\\\/portal\\\/wp-content\\\/uploads\\\/2023\\\/12\\\/Editorial.jpg\",\"contentUrl\":\"https:\\\/\\\/www.eldiario.net\\\/portal\\\/wp-content\\\/uploads\\\/2023\\\/12\\\/Editorial.jpg\",\"width\":800,\"height\":500},{\"@type\":\"BreadcrumbList\",\"@id\":\"https:\\\/\\\/www.eldiario.net\\\/portal\\\/2024\\\/09\\\/20\\\/marchas-y-bloqueos-absurdos-y-anarquicos\\\/#breadcrumb\",\"itemListElement\":[{\"@type\":\"ListItem\",\"position\":1,\"name\":\"Portada\",\"item\":\"https:\\\/\\\/www.eldiario.net\\\/portal\\\/\"},{\"@type\":\"ListItem\",\"position\":2,\"name\":\"Marchas y bloqueos absurdos y an\u00e1rquicos\"}]},{\"@type\":\"WebSite\",\"@id\":\"https:\\\/\\\/www.eldiario.net\\\/portal\\\/#website\",\"url\":\"https:\\\/\\\/www.eldiario.net\\\/portal\\\/\",\"name\":\"El Diario - Decano de la prensa nacional\",\"description\":\"El Diario - Decano de la prensa nacional\",\"publisher\":{\"@id\":\"https:\\\/\\\/www.eldiario.net\\\/portal\\\/#organization\"},\"potentialAction\":[{\"@type\":\"SearchAction\",\"target\":{\"@type\":\"EntryPoint\",\"urlTemplate\":\"https:\\\/\\\/www.eldiario.net\\\/portal\\\/?s={search_term_string}\"},\"query-input\":{\"@type\":\"PropertyValueSpecification\",\"valueRequired\":true,\"valueName\":\"search_term_string\"}}],\"inLanguage\":\"es\"},{\"@type\":\"Organization\",\"@id\":\"https:\\\/\\\/www.eldiario.net\\\/portal\\\/#organization\",\"name\":\"El Diario - Decano de la prensa nacional\",\"url\":\"https:\\\/\\\/www.eldiario.net\\\/portal\\\/\",\"logo\":{\"@type\":\"ImageObject\",\"inLanguage\":\"es\",\"@id\":\"https:\\\/\\\/www.eldiario.net\\\/portal\\\/#\\\/schema\\\/logo\\\/image\\\/\",\"url\":\"https:\\\/\\\/www.eldiario.net\\\/portal\\\/wp-content\\\/uploads\\\/2023\\\/07\\\/logo_ED.jpg\",\"contentUrl\":\"https:\\\/\\\/www.eldiario.net\\\/portal\\\/wp-content\\\/uploads\\\/2023\\\/07\\\/logo_ED.jpg\",\"width\":272,\"height\":52,\"caption\":\"El Diario - Decano de la prensa nacional\"},\"image\":{\"@id\":\"https:\\\/\\\/www.eldiario.net\\\/portal\\\/#\\\/schema\\\/logo\\\/image\\\/\"},\"sameAs\":[\"https:\\\/\\\/www.facebook.com\\\/eldiario.bolivia\\\/\",\"https:\\\/\\\/x.com\\\/eldiario_net\"]},{\"@type\":\"Person\",\"@id\":\"https:\\\/\\\/www.eldiario.net\\\/portal\\\/#\\\/schema\\\/person\\\/f46445640444750d7d753ccd04ae01b7\",\"name\":\"Jeanette\",\"image\":{\"@type\":\"ImageObject\",\"inLanguage\":\"es\",\"@id\":\"https:\\\/\\\/secure.gravatar.com\\\/avatar\\\/3ea2118a5f7dad2b7138b1187a6b7ee55f160b9968b66013c3a3ef39dd7e5798?s=96&d=mm&r=g\",\"url\":\"https:\\\/\\\/secure.gravatar.com\\\/avatar\\\/3ea2118a5f7dad2b7138b1187a6b7ee55f160b9968b66013c3a3ef39dd7e5798?s=96&d=mm&r=g\",\"contentUrl\":\"https:\\\/\\\/secure.gravatar.com\\\/avatar\\\/3ea2118a5f7dad2b7138b1187a6b7ee55f160b9968b66013c3a3ef39dd7e5798?s=96&d=mm&r=g\",\"caption\":\"Jeanette\"},\"sameAs\":[\"https:\\\/\\\/www.eldiario.net\\\/portal\"],\"url\":\"https:\\\/\\\/www.eldiario.net\\\/portal\\\/author\\\/jeanette\\\/\"}]}<\/script>\n<!-- \/ Yoast SEO plugin. -->","yoast_head_json":{"title":"Marchas y bloqueos absurdos y an\u00e1rquicos - El Diario - Bolivia","robots":{"index":"index","follow":"follow","max-snippet":"max-snippet:-1","max-image-preview":"max-image-preview:large","max-video-preview":"max-video-preview:-1"},"canonical":"https:\/\/www.eldiario.net\/portal\/2024\/09\/20\/marchas-y-bloqueos-absurdos-y-anarquicos\/","og_locale":"es_ES","og_type":"article","og_title":"Marchas y bloqueos absurdos y an\u00e1rquicos - El Diario - Bolivia","og_description":"La historia contempor\u00e1nea ha demostrado que los bloqueos, marchas, paros y otros han pasado de ser acciones que favorec\u00edan al pueblo en general y en particular a los trabajadores, a medidas de presi\u00f3n vand\u00e1licas y negativas, que van contra la historia y perjudican no solo a su propia causa, sino que se desprestigian rotundamente. Esas [&hellip;]","og_url":"https:\/\/www.eldiario.net\/portal\/2024\/09\/20\/marchas-y-bloqueos-absurdos-y-anarquicos\/","og_site_name":"El Diario - Bolivia","article_publisher":"https:\/\/www.facebook.com\/eldiario.bolivia\/","article_published_time":"2024-09-20T09:44:55+00:00","og_image":[{"width":800,"height":500,"url":"https:\/\/www.eldiario.net\/portal\/wp-content\/uploads\/2023\/12\/Editorial.jpg","type":"image\/jpeg"}],"author":"Jeanette","twitter_card":"summary_large_image","twitter_creator":"@eldiario_net","twitter_site":"@eldiario_net","twitter_misc":{"Escrito por":"Jeanette","Tiempo de lectura":"3 minutos"},"schema":{"@context":"https:\/\/schema.org","@graph":[{"@type":"Article","@id":"https:\/\/www.eldiario.net\/portal\/2024\/09\/20\/marchas-y-bloqueos-absurdos-y-anarquicos\/#article","isPartOf":{"@id":"https:\/\/www.eldiario.net\/portal\/2024\/09\/20\/marchas-y-bloqueos-absurdos-y-anarquicos\/"},"author":{"name":"Jeanette","@id":"https:\/\/www.eldiario.net\/portal\/#\/schema\/person\/f46445640444750d7d753ccd04ae01b7"},"headline":"Marchas y bloqueos absurdos y an\u00e1rquicos","datePublished":"2024-09-20T09:44:55+00:00","mainEntityOfPage":{"@id":"https:\/\/www.eldiario.net\/portal\/2024\/09\/20\/marchas-y-bloqueos-absurdos-y-anarquicos\/"},"wordCount":509,"commentCount":0,"publisher":{"@id":"https:\/\/www.eldiario.net\/portal\/#organization"},"image":{"@id":"https:\/\/www.eldiario.net\/portal\/2024\/09\/20\/marchas-y-bloqueos-absurdos-y-anarquicos\/#primaryimage"},"thumbnailUrl":"https:\/\/www.eldiario.net\/portal\/wp-content\/uploads\/2023\/12\/Editorial.jpg","articleSection":["Editorial"],"inLanguage":"es","potentialAction":[{"@type":"CommentAction","name":"Comment","target":["https:\/\/www.eldiario.net\/portal\/2024\/09\/20\/marchas-y-bloqueos-absurdos-y-anarquicos\/#respond"]}]},{"@type":"WebPage","@id":"https:\/\/www.eldiario.net\/portal\/2024\/09\/20\/marchas-y-bloqueos-absurdos-y-anarquicos\/","url":"https:\/\/www.eldiario.net\/portal\/2024\/09\/20\/marchas-y-bloqueos-absurdos-y-anarquicos\/","name":"Marchas y bloqueos absurdos y an\u00e1rquicos - El Diario - Bolivia","isPartOf":{"@id":"https:\/\/www.eldiario.net\/portal\/#website"},"primaryImageOfPage":{"@id":"https:\/\/www.eldiario.net\/portal\/2024\/09\/20\/marchas-y-bloqueos-absurdos-y-anarquicos\/#primaryimage"},"image":{"@id":"https:\/\/www.eldiario.net\/portal\/2024\/09\/20\/marchas-y-bloqueos-absurdos-y-anarquicos\/#primaryimage"},"thumbnailUrl":"https:\/\/www.eldiario.net\/portal\/wp-content\/uploads\/2023\/12\/Editorial.jpg","datePublished":"2024-09-20T09:44:55+00:00","breadcrumb":{"@id":"https:\/\/www.eldiario.net\/portal\/2024\/09\/20\/marchas-y-bloqueos-absurdos-y-anarquicos\/#breadcrumb"},"inLanguage":"es","potentialAction":[{"@type":"ReadAction","target":["https:\/\/www.eldiario.net\/portal\/2024\/09\/20\/marchas-y-bloqueos-absurdos-y-anarquicos\/"]}]},{"@type":"ImageObject","inLanguage":"es","@id":"https:\/\/www.eldiario.net\/portal\/2024\/09\/20\/marchas-y-bloqueos-absurdos-y-anarquicos\/#primaryimage","url":"https:\/\/www.eldiario.net\/portal\/wp-content\/uploads\/2023\/12\/Editorial.jpg","contentUrl":"https:\/\/www.eldiario.net\/portal\/wp-content\/uploads\/2023\/12\/Editorial.jpg","width":800,"height":500},{"@type":"BreadcrumbList","@id":"https:\/\/www.eldiario.net\/portal\/2024\/09\/20\/marchas-y-bloqueos-absurdos-y-anarquicos\/#breadcrumb","itemListElement":[{"@type":"ListItem","position":1,"name":"Portada","item":"https:\/\/www.eldiario.net\/portal\/"},{"@type":"ListItem","position":2,"name":"Marchas y bloqueos absurdos y an\u00e1rquicos"}]},{"@type":"WebSite","@id":"https:\/\/www.eldiario.net\/portal\/#website","url":"https:\/\/www.eldiario.net\/portal\/","name":"El Diario - Decano de la prensa nacional","description":"El Diario - Decano de la prensa nacional","publisher":{"@id":"https:\/\/www.eldiario.net\/portal\/#organization"},"potentialAction":[{"@type":"SearchAction","target":{"@type":"EntryPoint","urlTemplate":"https:\/\/www.eldiario.net\/portal\/?s={search_term_string}"},"query-input":{"@type":"PropertyValueSpecification","valueRequired":true,"valueName":"search_term_string"}}],"inLanguage":"es"},{"@type":"Organization","@id":"https:\/\/www.eldiario.net\/portal\/#organization","name":"El Diario - Decano de la prensa nacional","url":"https:\/\/www.eldiario.net\/portal\/","logo":{"@type":"ImageObject","inLanguage":"es","@id":"https:\/\/www.eldiario.net\/portal\/#\/schema\/logo\/image\/","url":"https:\/\/www.eldiario.net\/portal\/wp-content\/uploads\/2023\/07\/logo_ED.jpg","contentUrl":"https:\/\/www.eldiario.net\/portal\/wp-content\/uploads\/2023\/07\/logo_ED.jpg","width":272,"height":52,"caption":"El Diario - Decano de la prensa nacional"},"image":{"@id":"https:\/\/www.eldiario.net\/portal\/#\/schema\/logo\/image\/"},"sameAs":["https:\/\/www.facebook.com\/eldiario.bolivia\/","https:\/\/x.com\/eldiario_net"]},{"@type":"Person","@id":"https:\/\/www.eldiario.net\/portal\/#\/schema\/person\/f46445640444750d7d753ccd04ae01b7","name":"Jeanette","image":{"@type":"ImageObject","inLanguage":"es","@id":"https:\/\/secure.gravatar.com\/avatar\/3ea2118a5f7dad2b7138b1187a6b7ee55f160b9968b66013c3a3ef39dd7e5798?s=96&d=mm&r=g","url":"https:\/\/secure.gravatar.com\/avatar\/3ea2118a5f7dad2b7138b1187a6b7ee55f160b9968b66013c3a3ef39dd7e5798?s=96&d=mm&r=g","contentUrl":"https:\/\/secure.gravatar.com\/avatar\/3ea2118a5f7dad2b7138b1187a6b7ee55f160b9968b66013c3a3ef39dd7e5798?s=96&d=mm&r=g","caption":"Jeanette"},"sameAs":["https:\/\/www.eldiario.net\/portal"],"url":"https:\/\/www.eldiario.net\/portal\/author\/jeanette\/"}]}},"_links":{"self":[{"href":"https:\/\/www.eldiario.net\/portal\/wp-json\/wp\/v2\/posts\/248675","targetHints":{"allow":["GET"]}}],"collection":[{"href":"https:\/\/www.eldiario.net\/portal\/wp-json\/wp\/v2\/posts"}],"about":[{"href":"https:\/\/www.eldiario.net\/portal\/wp-json\/wp\/v2\/types\/post"}],"author":[{"embeddable":true,"href":"https:\/\/www.eldiario.net\/portal\/wp-json\/wp\/v2\/users\/1"}],"replies":[{"embeddable":true,"href":"https:\/\/www.eldiario.net\/portal\/wp-json\/wp\/v2\/comments?post=248675"}],"version-history":[{"count":1,"href":"https:\/\/www.eldiario.net\/portal\/wp-json\/wp\/v2\/posts\/248675\/revisions"}],"predecessor-version":[{"id":248676,"href":"https:\/\/www.eldiario.net\/portal\/wp-json\/wp\/v2\/posts\/248675\/revisions\/248676"}],"wp:featuredmedia":[{"embeddable":true,"href":"https:\/\/www.eldiario.net\/portal\/wp-json\/wp\/v2\/media\/194776"}],"wp:attachment":[{"href":"https:\/\/www.eldiario.net\/portal\/wp-json\/wp\/v2\/media?parent=248675"}],"wp:term":[{"taxonomy":"category","embeddable":true,"href":"https:\/\/www.eldiario.net\/portal\/wp-json\/wp\/v2\/categories?post=248675"},{"taxonomy":"post_tag","embeddable":true,"href":"https:\/\/www.eldiario.net\/portal\/wp-json\/wp\/v2\/tags?post=248675"}],"curies":[{"name":"wp","href":"https:\/\/api.w.org\/{rel}","templated":true}]}}