{"id":248672,"date":"2024-09-20T05:42:46","date_gmt":"2024-09-20T09:42:46","guid":{"rendered":"https:\/\/www.eldiario.net\/portal\/?p=248672"},"modified":"2024-09-20T05:42:46","modified_gmt":"2024-09-20T09:42:46","slug":"afirman-que-narcotrafico-esta-detras-de-la-marcha-evista","status":"publish","type":"post","link":"https:\/\/www.eldiario.net\/portal\/2024\/09\/20\/afirman-que-narcotrafico-esta-detras-de-la-marcha-evista\/","title":{"rendered":"Afirman que narcotr\u00e1fico est\u00e1  detr\u00e1s de la marcha \u201cevista\u201d"},"content":{"rendered":"<p>Recordando que est\u00e1n pendientes de tratamiento varias normativas destinadas a sancionar los bloqueos en el pa\u00eds y tras revelarse que la camioneta en la que se transporta a Evo Morales pertenece a personas relacionadas con actividades il\u00edcitas, el diputado por la agrupaci\u00f3n Creemos, Leonardo Ayala, afirm\u00f3 que el narcotr\u00e1fico estar\u00eda detr\u00e1s de la marcha \u201cevista\u201d que se dirige a la ciudad de La Paz.<br \/>\nEn declaraciones a medios de prensa, el legislador representante del departamento de Beni, se refiri\u00f3 al estigma que carga la regi\u00f3n del Chapare, debido a las constantes denuncias por la supuesta presencia del narcotr\u00e1fico en el lugar.<br \/>\nEn ese sentido, sostuvo que las recientes acusaciones y denuncias emitidas desde el Ministerio de Gobierno, sobre la procedencia del veh\u00edculo con el que Evo Morales se transporta para participar de diferentes actividades, evidencia que existe alg\u00fan tipo de inter\u00e9s del narcotr\u00e1fico en la marcha que se dirige a la sede de Gobierno, con la supuesta demanda de \u201cSalvar Bolivia\u201d.<br \/>\n\u201cYa todos sabemos lo que pasa en el Chapare, toda Bolivia sabe lo que pasa en esta regi\u00f3n del pa\u00eds. El supuesto traslado de Evo Morales en una movilidad relacionada con gente del narcotr\u00e1fico demuestra que los narcotraficantes estar\u00edan promoviendo la marcha\u201d, se\u00f1al\u00f3 Ayala.<br \/>\nAsimismo, tomando en cuenta que el dirigente cocalero ocup\u00f3 la silla presidencial por varios a\u00f1os, sin enfrentar debidamente actividades relacionadas con tr\u00e1fico ilegal de drogas, el parlamentario de oposici\u00f3n dijo que el principal inter\u00e9s para promover esta medida de presi\u00f3n ser\u00eda devolver el poder a Morales, esto con la finalidad de operar sin mayores problemas en territorio nacional.<br \/>\n\u201cEsto ser\u00eda para que Evo Morales vuelva al poder y poder operar libremente\u201d, afirm\u00f3 Ayala.<br \/>\nRecordando que, desde su organizaci\u00f3n pol\u00edtica, adem\u00e1s de otras iniciativas partidarias y ciudadanas, se presentaron diferentes propuestas normativas para disponer sanciones contra quienes asuman la medida del bloqueo de caminos, como forma de ejercer su derecho a la protesta, siendo est\u00e1 una acci\u00f3n que solo genera perjuicio al pa\u00eds, Ayala indic\u00f3 que la poblaci\u00f3n ya no quiere m\u00e1s conflictos en momentos cr\u00edticos para la econom\u00eda, hecho que rechaza las acciones del \u201cevismo\u201d, sector enfocado en imponer sus intereses por la fuerza.<br \/>\n\u201cNuestro pa\u00eds ya no quiere enfrentamientos, ya no quiere que el se\u00f1or Morales cerque las ciudades y bloquee. Si hay m\u00e1s bloqueos no vamos a poder tener d\u00f3lares, combustible y se pone en riesgo la seguridad alimentaria del pa\u00eds\u201d, agreg\u00f3.<br \/>\nEl parlamentario beniano finaliz\u00f3 se\u00f1alando que est\u00e1 en manos de las autoridades competentes el poder confirmar o descartar las graves acusaciones contra Morales y sus posibles nexos, con actividades il\u00edcitas en la realizaci\u00f3n de medidas de presi\u00f3n que todo el pa\u00eds rechaza.<br \/>\nAyer, en conferencia de prensa, el ministro de Gobierno, Eduardo Del Castillo, denunci\u00f3 que Evo Morales utiliza para sus actividades una vagoneta de lujo, Toyota 4Runner del a\u00f1o 2024. Seg\u00fan la autoridad, la propietaria de dicho veh\u00edculo ser\u00eda una joven de 21 a\u00f1os, cuya madre cuenta con antecedentes por narcotr\u00e1fico.<br \/>\nPor lo se\u00f1alado, inform\u00f3 sobre la presentaci\u00f3n de una denuncia penal por legitimaci\u00f3n de ganancias il\u00edcitas contra la propietaria del veh\u00edculo.<\/p>\n","protected":false},"excerpt":{"rendered":"<p>Recordando que est\u00e1n pendientes de tratamiento varias normativas destinadas a sancionar los bloqueos en el pa\u00eds y tras revelarse que la camioneta en la que se transporta a Evo Morales pertenece a personas relacionadas con actividades il\u00edcitas, el diputado por la agrupaci\u00f3n Creemos, Leonardo Ayala, afirm\u00f3 que el narcotr\u00e1fico estar\u00eda detr\u00e1s de la marcha \u201cevista\u201d [&hellip;]<\/p>\n","protected":false},"author":1,"featured_media":248673,"comment_status":"open","ping_status":"open","sticky":false,"template":"","format":"standard","meta":{"_acf_changed":false,"footnotes":""},"categories":[14],"tags":[],"class_list":["post-248672","post","type-post","status-publish","format-standard","has-post-thumbnail","category-politica"],"acf":{"antetitulo":""},"yoast_head":"<!-- This site is optimized with the Yoast SEO plugin v28.3 - https:\/\/yoast.com\/product\/yoast-seo-wordpress\/ -->\n<title>Afirman que narcotr\u00e1fico est\u00e1 detr\u00e1s de la marcha \u201cevista\u201d - El Diario - Bolivia<\/title>\n<meta name=\"robots\" content=\"index, follow, max-snippet:-1, max-image-preview:large, max-video-preview:-1\" \/>\n<link rel=\"canonical\" href=\"https:\/\/www.eldiario.net\/portal\/2024\/09\/20\/afirman-que-narcotrafico-esta-detras-de-la-marcha-evista\/\" \/>\n<meta property=\"og:locale\" content=\"es_ES\" \/>\n<meta property=\"og:type\" content=\"article\" \/>\n<meta property=\"og:title\" content=\"Afirman que narcotr\u00e1fico est\u00e1 detr\u00e1s de la marcha \u201cevista\u201d - El Diario - Bolivia\" \/>\n<meta property=\"og:description\" content=\"Recordando que est\u00e1n pendientes de tratamiento varias normativas destinadas a sancionar los bloqueos en el pa\u00eds y tras revelarse que la camioneta en la que se transporta a Evo Morales pertenece a personas relacionadas con actividades il\u00edcitas, el diputado por la agrupaci\u00f3n Creemos, Leonardo Ayala, afirm\u00f3 que el narcotr\u00e1fico estar\u00eda detr\u00e1s de la marcha \u201cevista\u201d [&hellip;]\" \/>\n<meta property=\"og:url\" content=\"https:\/\/www.eldiario.net\/portal\/2024\/09\/20\/afirman-que-narcotrafico-esta-detras-de-la-marcha-evista\/\" \/>\n<meta property=\"og:site_name\" content=\"El Diario - Bolivia\" \/>\n<meta property=\"article:publisher\" content=\"https:\/\/www.facebook.com\/eldiario.bolivia\/\" \/>\n<meta property=\"article:published_time\" content=\"2024-09-20T09:42:46+00:00\" \/>\n<meta property=\"og:image\" content=\"https:\/\/www.eldiario.net\/portal\/wp-content\/uploads\/2024\/09\/40-POL-10.jpg\" \/>\n\t<meta property=\"og:image:width\" content=\"1600\" \/>\n\t<meta property=\"og:image:height\" content=\"993\" \/>\n\t<meta property=\"og:image:type\" content=\"image\/jpeg\" \/>\n<meta name=\"author\" content=\"Jeanette\" \/>\n<meta name=\"twitter:card\" content=\"summary_large_image\" \/>\n<meta name=\"twitter:creator\" content=\"@eldiario_net\" \/>\n<meta name=\"twitter:site\" content=\"@eldiario_net\" \/>\n<meta name=\"twitter:label1\" content=\"Escrito por\" \/>\n\t<meta name=\"twitter:data1\" content=\"Jeanette\" \/>\n\t<meta name=\"twitter:label2\" content=\"Tiempo de lectura\" \/>\n\t<meta name=\"twitter:data2\" content=\"3 minutos\" \/>\n<script type=\"application\/ld+json\" class=\"yoast-schema-graph\">{\"@context\":\"https:\\\/\\\/schema.org\",\"@graph\":[{\"@type\":\"Article\",\"@id\":\"https:\\\/\\\/www.eldiario.net\\\/portal\\\/2024\\\/09\\\/20\\\/afirman-que-narcotrafico-esta-detras-de-la-marcha-evista\\\/#article\",\"isPartOf\":{\"@id\":\"https:\\\/\\\/www.eldiario.net\\\/portal\\\/2024\\\/09\\\/20\\\/afirman-que-narcotrafico-esta-detras-de-la-marcha-evista\\\/\"},\"author\":{\"name\":\"Jeanette\",\"@id\":\"https:\\\/\\\/www.eldiario.net\\\/portal\\\/#\\\/schema\\\/person\\\/f46445640444750d7d753ccd04ae01b7\"},\"headline\":\"Afirman que narcotr\u00e1fico est\u00e1 detr\u00e1s de la marcha \u201cevista\u201d\",\"datePublished\":\"2024-09-20T09:42:46+00:00\",\"mainEntityOfPage\":{\"@id\":\"https:\\\/\\\/www.eldiario.net\\\/portal\\\/2024\\\/09\\\/20\\\/afirman-que-narcotrafico-esta-detras-de-la-marcha-evista\\\/\"},\"wordCount\":576,\"commentCount\":0,\"publisher\":{\"@id\":\"https:\\\/\\\/www.eldiario.net\\\/portal\\\/#organization\"},\"image\":{\"@id\":\"https:\\\/\\\/www.eldiario.net\\\/portal\\\/2024\\\/09\\\/20\\\/afirman-que-narcotrafico-esta-detras-de-la-marcha-evista\\\/#primaryimage\"},\"thumbnailUrl\":\"https:\\\/\\\/www.eldiario.net\\\/portal\\\/wp-content\\\/uploads\\\/2024\\\/09\\\/40-POL-10.jpg\",\"articleSection\":[\"Pol\u00edtica\"],\"inLanguage\":\"es\",\"potentialAction\":[{\"@type\":\"CommentAction\",\"name\":\"Comment\",\"target\":[\"https:\\\/\\\/www.eldiario.net\\\/portal\\\/2024\\\/09\\\/20\\\/afirman-que-narcotrafico-esta-detras-de-la-marcha-evista\\\/#respond\"]}]},{\"@type\":\"WebPage\",\"@id\":\"https:\\\/\\\/www.eldiario.net\\\/portal\\\/2024\\\/09\\\/20\\\/afirman-que-narcotrafico-esta-detras-de-la-marcha-evista\\\/\",\"url\":\"https:\\\/\\\/www.eldiario.net\\\/portal\\\/2024\\\/09\\\/20\\\/afirman-que-narcotrafico-esta-detras-de-la-marcha-evista\\\/\",\"name\":\"Afirman que narcotr\u00e1fico est\u00e1 detr\u00e1s de la marcha \u201cevista\u201d - El Diario - Bolivia\",\"isPartOf\":{\"@id\":\"https:\\\/\\\/www.eldiario.net\\\/portal\\\/#website\"},\"primaryImageOfPage\":{\"@id\":\"https:\\\/\\\/www.eldiario.net\\\/portal\\\/2024\\\/09\\\/20\\\/afirman-que-narcotrafico-esta-detras-de-la-marcha-evista\\\/#primaryimage\"},\"image\":{\"@id\":\"https:\\\/\\\/www.eldiario.net\\\/portal\\\/2024\\\/09\\\/20\\\/afirman-que-narcotrafico-esta-detras-de-la-marcha-evista\\\/#primaryimage\"},\"thumbnailUrl\":\"https:\\\/\\\/www.eldiario.net\\\/portal\\\/wp-content\\\/uploads\\\/2024\\\/09\\\/40-POL-10.jpg\",\"datePublished\":\"2024-09-20T09:42:46+00:00\",\"breadcrumb\":{\"@id\":\"https:\\\/\\\/www.eldiario.net\\\/portal\\\/2024\\\/09\\\/20\\\/afirman-que-narcotrafico-esta-detras-de-la-marcha-evista\\\/#breadcrumb\"},\"inLanguage\":\"es\",\"potentialAction\":[{\"@type\":\"ReadAction\",\"target\":[\"https:\\\/\\\/www.eldiario.net\\\/portal\\\/2024\\\/09\\\/20\\\/afirman-que-narcotrafico-esta-detras-de-la-marcha-evista\\\/\"]}]},{\"@type\":\"ImageObject\",\"inLanguage\":\"es\",\"@id\":\"https:\\\/\\\/www.eldiario.net\\\/portal\\\/2024\\\/09\\\/20\\\/afirman-que-narcotrafico-esta-detras-de-la-marcha-evista\\\/#primaryimage\",\"url\":\"https:\\\/\\\/www.eldiario.net\\\/portal\\\/wp-content\\\/uploads\\\/2024\\\/09\\\/40-POL-10.jpg\",\"contentUrl\":\"https:\\\/\\\/www.eldiario.net\\\/portal\\\/wp-content\\\/uploads\\\/2024\\\/09\\\/40-POL-10.jpg\",\"width\":1600,\"height\":993,\"caption\":\"Diputado Leonardo Fabi\u00e1n Ayala (Creemos).\"},{\"@type\":\"BreadcrumbList\",\"@id\":\"https:\\\/\\\/www.eldiario.net\\\/portal\\\/2024\\\/09\\\/20\\\/afirman-que-narcotrafico-esta-detras-de-la-marcha-evista\\\/#breadcrumb\",\"itemListElement\":[{\"@type\":\"ListItem\",\"position\":1,\"name\":\"Portada\",\"item\":\"https:\\\/\\\/www.eldiario.net\\\/portal\\\/\"},{\"@type\":\"ListItem\",\"position\":2,\"name\":\"Afirman que narcotr\u00e1fico est\u00e1 detr\u00e1s de la marcha \u201cevista\u201d\"}]},{\"@type\":\"WebSite\",\"@id\":\"https:\\\/\\\/www.eldiario.net\\\/portal\\\/#website\",\"url\":\"https:\\\/\\\/www.eldiario.net\\\/portal\\\/\",\"name\":\"El Diario - Decano de la prensa nacional\",\"description\":\"El Diario - Decano de la prensa nacional\",\"publisher\":{\"@id\":\"https:\\\/\\\/www.eldiario.net\\\/portal\\\/#organization\"},\"potentialAction\":[{\"@type\":\"SearchAction\",\"target\":{\"@type\":\"EntryPoint\",\"urlTemplate\":\"https:\\\/\\\/www.eldiario.net\\\/portal\\\/?s={search_term_string}\"},\"query-input\":{\"@type\":\"PropertyValueSpecification\",\"valueRequired\":true,\"valueName\":\"search_term_string\"}}],\"inLanguage\":\"es\"},{\"@type\":\"Organization\",\"@id\":\"https:\\\/\\\/www.eldiario.net\\\/portal\\\/#organization\",\"name\":\"El Diario - Decano de la prensa nacional\",\"url\":\"https:\\\/\\\/www.eldiario.net\\\/portal\\\/\",\"logo\":{\"@type\":\"ImageObject\",\"inLanguage\":\"es\",\"@id\":\"https:\\\/\\\/www.eldiario.net\\\/portal\\\/#\\\/schema\\\/logo\\\/image\\\/\",\"url\":\"https:\\\/\\\/www.eldiario.net\\\/portal\\\/wp-content\\\/uploads\\\/2023\\\/07\\\/logo_ED.jpg\",\"contentUrl\":\"https:\\\/\\\/www.eldiario.net\\\/portal\\\/wp-content\\\/uploads\\\/2023\\\/07\\\/logo_ED.jpg\",\"width\":272,\"height\":52,\"caption\":\"El Diario - Decano de la prensa nacional\"},\"image\":{\"@id\":\"https:\\\/\\\/www.eldiario.net\\\/portal\\\/#\\\/schema\\\/logo\\\/image\\\/\"},\"sameAs\":[\"https:\\\/\\\/www.facebook.com\\\/eldiario.bolivia\\\/\",\"https:\\\/\\\/x.com\\\/eldiario_net\"]},{\"@type\":\"Person\",\"@id\":\"https:\\\/\\\/www.eldiario.net\\\/portal\\\/#\\\/schema\\\/person\\\/f46445640444750d7d753ccd04ae01b7\",\"name\":\"Jeanette\",\"image\":{\"@type\":\"ImageObject\",\"inLanguage\":\"es\",\"@id\":\"https:\\\/\\\/secure.gravatar.com\\\/avatar\\\/3ea2118a5f7dad2b7138b1187a6b7ee55f160b9968b66013c3a3ef39dd7e5798?s=96&d=mm&r=g\",\"url\":\"https:\\\/\\\/secure.gravatar.com\\\/avatar\\\/3ea2118a5f7dad2b7138b1187a6b7ee55f160b9968b66013c3a3ef39dd7e5798?s=96&d=mm&r=g\",\"contentUrl\":\"https:\\\/\\\/secure.gravatar.com\\\/avatar\\\/3ea2118a5f7dad2b7138b1187a6b7ee55f160b9968b66013c3a3ef39dd7e5798?s=96&d=mm&r=g\",\"caption\":\"Jeanette\"},\"sameAs\":[\"https:\\\/\\\/www.eldiario.net\\\/portal\"],\"url\":\"https:\\\/\\\/www.eldiario.net\\\/portal\\\/author\\\/jeanette\\\/\"}]}<\/script>\n<!-- \/ Yoast SEO plugin. -->","yoast_head_json":{"title":"Afirman que narcotr\u00e1fico est\u00e1 detr\u00e1s de la marcha \u201cevista\u201d - El Diario - Bolivia","robots":{"index":"index","follow":"follow","max-snippet":"max-snippet:-1","max-image-preview":"max-image-preview:large","max-video-preview":"max-video-preview:-1"},"canonical":"https:\/\/www.eldiario.net\/portal\/2024\/09\/20\/afirman-que-narcotrafico-esta-detras-de-la-marcha-evista\/","og_locale":"es_ES","og_type":"article","og_title":"Afirman que narcotr\u00e1fico est\u00e1 detr\u00e1s de la marcha \u201cevista\u201d - El Diario - Bolivia","og_description":"Recordando que est\u00e1n pendientes de tratamiento varias normativas destinadas a sancionar los bloqueos en el pa\u00eds y tras revelarse que la camioneta en la que se transporta a Evo Morales pertenece a personas relacionadas con actividades il\u00edcitas, el diputado por la agrupaci\u00f3n Creemos, Leonardo Ayala, afirm\u00f3 que el narcotr\u00e1fico estar\u00eda detr\u00e1s de la marcha \u201cevista\u201d [&hellip;]","og_url":"https:\/\/www.eldiario.net\/portal\/2024\/09\/20\/afirman-que-narcotrafico-esta-detras-de-la-marcha-evista\/","og_site_name":"El Diario - Bolivia","article_publisher":"https:\/\/www.facebook.com\/eldiario.bolivia\/","article_published_time":"2024-09-20T09:42:46+00:00","og_image":[{"width":1600,"height":993,"url":"https:\/\/www.eldiario.net\/portal\/wp-content\/uploads\/2024\/09\/40-POL-10.jpg","type":"image\/jpeg"}],"author":"Jeanette","twitter_card":"summary_large_image","twitter_creator":"@eldiario_net","twitter_site":"@eldiario_net","twitter_misc":{"Escrito por":"Jeanette","Tiempo de lectura":"3 minutos"},"schema":{"@context":"https:\/\/schema.org","@graph":[{"@type":"Article","@id":"https:\/\/www.eldiario.net\/portal\/2024\/09\/20\/afirman-que-narcotrafico-esta-detras-de-la-marcha-evista\/#article","isPartOf":{"@id":"https:\/\/www.eldiario.net\/portal\/2024\/09\/20\/afirman-que-narcotrafico-esta-detras-de-la-marcha-evista\/"},"author":{"name":"Jeanette","@id":"https:\/\/www.eldiario.net\/portal\/#\/schema\/person\/f46445640444750d7d753ccd04ae01b7"},"headline":"Afirman que narcotr\u00e1fico est\u00e1 detr\u00e1s de la marcha \u201cevista\u201d","datePublished":"2024-09-20T09:42:46+00:00","mainEntityOfPage":{"@id":"https:\/\/www.eldiario.net\/portal\/2024\/09\/20\/afirman-que-narcotrafico-esta-detras-de-la-marcha-evista\/"},"wordCount":576,"commentCount":0,"publisher":{"@id":"https:\/\/www.eldiario.net\/portal\/#organization"},"image":{"@id":"https:\/\/www.eldiario.net\/portal\/2024\/09\/20\/afirman-que-narcotrafico-esta-detras-de-la-marcha-evista\/#primaryimage"},"thumbnailUrl":"https:\/\/www.eldiario.net\/portal\/wp-content\/uploads\/2024\/09\/40-POL-10.jpg","articleSection":["Pol\u00edtica"],"inLanguage":"es","potentialAction":[{"@type":"CommentAction","name":"Comment","target":["https:\/\/www.eldiario.net\/portal\/2024\/09\/20\/afirman-que-narcotrafico-esta-detras-de-la-marcha-evista\/#respond"]}]},{"@type":"WebPage","@id":"https:\/\/www.eldiario.net\/portal\/2024\/09\/20\/afirman-que-narcotrafico-esta-detras-de-la-marcha-evista\/","url":"https:\/\/www.eldiario.net\/portal\/2024\/09\/20\/afirman-que-narcotrafico-esta-detras-de-la-marcha-evista\/","name":"Afirman que narcotr\u00e1fico est\u00e1 detr\u00e1s de la marcha \u201cevista\u201d - El Diario - Bolivia","isPartOf":{"@id":"https:\/\/www.eldiario.net\/portal\/#website"},"primaryImageOfPage":{"@id":"https:\/\/www.eldiario.net\/portal\/2024\/09\/20\/afirman-que-narcotrafico-esta-detras-de-la-marcha-evista\/#primaryimage"},"image":{"@id":"https:\/\/www.eldiario.net\/portal\/2024\/09\/20\/afirman-que-narcotrafico-esta-detras-de-la-marcha-evista\/#primaryimage"},"thumbnailUrl":"https:\/\/www.eldiario.net\/portal\/wp-content\/uploads\/2024\/09\/40-POL-10.jpg","datePublished":"2024-09-20T09:42:46+00:00","breadcrumb":{"@id":"https:\/\/www.eldiario.net\/portal\/2024\/09\/20\/afirman-que-narcotrafico-esta-detras-de-la-marcha-evista\/#breadcrumb"},"inLanguage":"es","potentialAction":[{"@type":"ReadAction","target":["https:\/\/www.eldiario.net\/portal\/2024\/09\/20\/afirman-que-narcotrafico-esta-detras-de-la-marcha-evista\/"]}]},{"@type":"ImageObject","inLanguage":"es","@id":"https:\/\/www.eldiario.net\/portal\/2024\/09\/20\/afirman-que-narcotrafico-esta-detras-de-la-marcha-evista\/#primaryimage","url":"https:\/\/www.eldiario.net\/portal\/wp-content\/uploads\/2024\/09\/40-POL-10.jpg","contentUrl":"https:\/\/www.eldiario.net\/portal\/wp-content\/uploads\/2024\/09\/40-POL-10.jpg","width":1600,"height":993,"caption":"Diputado Leonardo Fabi\u00e1n Ayala (Creemos)."},{"@type":"BreadcrumbList","@id":"https:\/\/www.eldiario.net\/portal\/2024\/09\/20\/afirman-que-narcotrafico-esta-detras-de-la-marcha-evista\/#breadcrumb","itemListElement":[{"@type":"ListItem","position":1,"name":"Portada","item":"https:\/\/www.eldiario.net\/portal\/"},{"@type":"ListItem","position":2,"name":"Afirman que narcotr\u00e1fico est\u00e1 detr\u00e1s de la marcha \u201cevista\u201d"}]},{"@type":"WebSite","@id":"https:\/\/www.eldiario.net\/portal\/#website","url":"https:\/\/www.eldiario.net\/portal\/","name":"El Diario - Decano de la prensa nacional","description":"El Diario - Decano de la prensa nacional","publisher":{"@id":"https:\/\/www.eldiario.net\/portal\/#organization"},"potentialAction":[{"@type":"SearchAction","target":{"@type":"EntryPoint","urlTemplate":"https:\/\/www.eldiario.net\/portal\/?s={search_term_string}"},"query-input":{"@type":"PropertyValueSpecification","valueRequired":true,"valueName":"search_term_string"}}],"inLanguage":"es"},{"@type":"Organization","@id":"https:\/\/www.eldiario.net\/portal\/#organization","name":"El Diario - Decano de la prensa nacional","url":"https:\/\/www.eldiario.net\/portal\/","logo":{"@type":"ImageObject","inLanguage":"es","@id":"https:\/\/www.eldiario.net\/portal\/#\/schema\/logo\/image\/","url":"https:\/\/www.eldiario.net\/portal\/wp-content\/uploads\/2023\/07\/logo_ED.jpg","contentUrl":"https:\/\/www.eldiario.net\/portal\/wp-content\/uploads\/2023\/07\/logo_ED.jpg","width":272,"height":52,"caption":"El Diario - Decano de la prensa nacional"},"image":{"@id":"https:\/\/www.eldiario.net\/portal\/#\/schema\/logo\/image\/"},"sameAs":["https:\/\/www.facebook.com\/eldiario.bolivia\/","https:\/\/x.com\/eldiario_net"]},{"@type":"Person","@id":"https:\/\/www.eldiario.net\/portal\/#\/schema\/person\/f46445640444750d7d753ccd04ae01b7","name":"Jeanette","image":{"@type":"ImageObject","inLanguage":"es","@id":"https:\/\/secure.gravatar.com\/avatar\/3ea2118a5f7dad2b7138b1187a6b7ee55f160b9968b66013c3a3ef39dd7e5798?s=96&d=mm&r=g","url":"https:\/\/secure.gravatar.com\/avatar\/3ea2118a5f7dad2b7138b1187a6b7ee55f160b9968b66013c3a3ef39dd7e5798?s=96&d=mm&r=g","contentUrl":"https:\/\/secure.gravatar.com\/avatar\/3ea2118a5f7dad2b7138b1187a6b7ee55f160b9968b66013c3a3ef39dd7e5798?s=96&d=mm&r=g","caption":"Jeanette"},"sameAs":["https:\/\/www.eldiario.net\/portal"],"url":"https:\/\/www.eldiario.net\/portal\/author\/jeanette\/"}]}},"_links":{"self":[{"href":"https:\/\/www.eldiario.net\/portal\/wp-json\/wp\/v2\/posts\/248672","targetHints":{"allow":["GET"]}}],"collection":[{"href":"https:\/\/www.eldiario.net\/portal\/wp-json\/wp\/v2\/posts"}],"about":[{"href":"https:\/\/www.eldiario.net\/portal\/wp-json\/wp\/v2\/types\/post"}],"author":[{"embeddable":true,"href":"https:\/\/www.eldiario.net\/portal\/wp-json\/wp\/v2\/users\/1"}],"replies":[{"embeddable":true,"href":"https:\/\/www.eldiario.net\/portal\/wp-json\/wp\/v2\/comments?post=248672"}],"version-history":[{"count":1,"href":"https:\/\/www.eldiario.net\/portal\/wp-json\/wp\/v2\/posts\/248672\/revisions"}],"predecessor-version":[{"id":248674,"href":"https:\/\/www.eldiario.net\/portal\/wp-json\/wp\/v2\/posts\/248672\/revisions\/248674"}],"wp:featuredmedia":[{"embeddable":true,"href":"https:\/\/www.eldiario.net\/portal\/wp-json\/wp\/v2\/media\/248673"}],"wp:attachment":[{"href":"https:\/\/www.eldiario.net\/portal\/wp-json\/wp\/v2\/media?parent=248672"}],"wp:term":[{"taxonomy":"category","embeddable":true,"href":"https:\/\/www.eldiario.net\/portal\/wp-json\/wp\/v2\/categories?post=248672"},{"taxonomy":"post_tag","embeddable":true,"href":"https:\/\/www.eldiario.net\/portal\/wp-json\/wp\/v2\/tags?post=248672"}],"curies":[{"name":"wp","href":"https:\/\/api.w.org\/{rel}","templated":true}]}}