{"id":248669,"date":"2024-09-20T05:42:10","date_gmt":"2024-09-20T09:42:10","guid":{"rendered":"https:\/\/www.eldiario.net\/portal\/?p=248669"},"modified":"2024-09-20T05:42:10","modified_gmt":"2024-09-20T09:42:10","slug":"comienza-fase-de-verificacion-de-requisitos-para-fiscal-general","status":"publish","type":"post","link":"https:\/\/www.eldiario.net\/portal\/2024\/09\/20\/comienza-fase-de-verificacion-de-requisitos-para-fiscal-general\/","title":{"rendered":"Comienza fase de verificaci\u00f3n  de requisitos para Fiscal General"},"content":{"rendered":"<p>La Comisi\u00f3n Mixta de Justicia Plural inici\u00f3 ayer la fase de verificaci\u00f3n de requisitos de los candidatos a nuevo Fiscal General del Estado. La sesi\u00f3n entr\u00f3 en cuarto intermedio para consensuar la metodolog\u00eda del trabajo para esta etapa.<br \/>\nEl diputado \u201cevista\u201d Luis Adolfo Flores indic\u00f3 que las carpetas de los postulantes deben tener los requisitos que se solicitaron en la convocatoria, entre ellos la c\u00e9dula de identidad, libreta de servicio militar, el certificado original de solvencia fiscal emitido por la Contralor\u00eda General del Estado (CGE), entre otros.<br \/>\n\u201cCumpliendo todo aquello van a calificar a algunos y otros seguramente no van a cumplir con eso. El cuarto d\u00eda (de esta etapa) vamos a publicar nosotros seg\u00fan est\u00e1 previsto en la convocatoria y (luego) podr\u00e1n interponer un recurso los postulantes que no est\u00e9n de acuerdo\u201d, indic\u00f3 Flores.<br \/>\nA\u00f1adi\u00f3 que luego de este proceso, vendr\u00e1 las calificaciones y despu\u00e9s los ex\u00e1menes orales que, seg\u00fan el cronograma, est\u00e1 previsto para el 16 de octubre.<br \/>\nEntre los postulantes hay varios conocidos, autoridades en funciones o exautoridades que buscan convertirse en la nueva cabeza del Ministerio P\u00fablico por los pr\u00f3ximos seis a\u00f1os. Entre algunos de los nombres m\u00e1s destacados est\u00e1n:<br \/>\nRamiro Llanos, exdirector de R\u00e9gimen Penitenciario durante el Gobierno de Evo Morales; fue destituido del puesto en 2012 por Carlos Romero. Es uno de los mayores cr\u00edticos del sistema carcelario que se aplica en Bolivia, e incluso denunci\u00f3 en el pasado que recibi\u00f3 amenazas por revelar la corrupci\u00f3n policial al interior de las penitenciar\u00edas en el pa\u00eds.<br \/>\nWilliam Herrera, exfiscal cruce\u00f1o y analista pol\u00edtico. Tambi\u00e9n postul\u00f3 para ser candidato a magistrado del Tribunal Supremo de Justicia por Santa Cruz. En el proceso de selecci\u00f3n qued\u00f3 al margen de la lista aprobada por la Asamblea Legislativa Plurinacional (ALP).<br \/>\nTres fiscales departamentales en funciones buscan suceder al hombre que los puso en este cargo: Roger Mariaca, fiscal departamental de Santa Cruz desde junio de 2020; William Alave, fiscal departamental de La Paz desde abril de 2021; y Elizabeth Sandra Guti\u00e9rrez, fiscal departamental de Tarija desde diciembre de 2021.<br \/>\nJos\u00e9 Antonio Revilla, Nuria Gonz\u00e1lez Romero y Olvis Eguez, actuales magistrados del Tribunal Supremo de Justicia, electos por Sucre, Cochabamba y Santa Cruz, respectivamente, en 2017 y prorrogados en el cargo desde enero de este a\u00f1o.<br \/>\nDos exmagistrados del Tribunal Constitucional Plurinacional que firmaron la pol\u00e9mica sentencia que aval\u00f3 la reelecci\u00f3n indefinida, permitiendo la repostulaci\u00f3n de Evo Morales en 2019 tambi\u00e9n quieren el cargo de fiscal general, se trata de Juan Oswaldo Valencia y Ruddy Flores.<br \/>\nTambi\u00e9n figura la consejera del Consejo de la Magistratura, Sandra Cinthia Soto Pareja, que se encuentra prorrogada en el cargo.<br \/>\nJorge P\u00e9rez, que fue ministro de Gobierno entre 2012 y 2014 durante el gobierno de Evo Morales. Fue tambi\u00e9n viceministro de R\u00e9gimen Interior con Carlos Romero y Hugo Moldiz, en distintas gestiones.<br \/>\nBrenda Lafuente, exdirectora de la Autoridad Jurisdiccional Administrativa Minera (Ajam). Renunci\u00f3 en 2022 en medio de denuncias. Adem\u00e1s, fue noticia por promover la encarcelaci\u00f3n de uno de sus funcionarios, al que acus\u00f3 de hacer memes difamatorios en su contra.<br \/>\nA ellos se suma el que fue secretario de la Fiscal\u00eda General del Estado en la gesti\u00f3n del saliente Juan Lanchipa, Edwin Quispe Mamani.<br \/>\nTambi\u00e9n figuran los exfiscales de Potos\u00ed, Sandro Fuertes Miranda y de Cochabamba, Laslo Juan de la Cruz Vargas Vilte, los abogados Iv\u00e1n Sandoval Fuentes, quien fue vocal del Tribunal Departamental de Justicia de Chuquisaca y el juez de La Paz, Javier Flores Mamani.<br \/>\nSeg\u00fan el cronograma, el lunes y martes ser\u00e1 la etapa de impugnaciones para los postulantes que ser\u00e1n inhabilitados.<br \/>\nLuego, deber\u00e1n ingresar a la evaluaci\u00f3n de m\u00e9ritos, examen oral y exposici\u00f3n del plan de trabajo. (Con datos de Br\u00fajula Digital y Unitel)<\/p>\n","protected":false},"excerpt":{"rendered":"<p>La Comisi\u00f3n Mixta de Justicia Plural inici\u00f3 ayer la fase de verificaci\u00f3n de requisitos de los candidatos a nuevo Fiscal General del Estado. La sesi\u00f3n entr\u00f3 en cuarto intermedio para consensuar la metodolog\u00eda del trabajo para esta etapa. El diputado \u201cevista\u201d Luis Adolfo Flores indic\u00f3 que las carpetas de los postulantes deben tener los requisitos [&hellip;]<\/p>\n","protected":false},"author":1,"featured_media":248670,"comment_status":"open","ping_status":"open","sticky":false,"template":"","format":"standard","meta":{"_acf_changed":false,"footnotes":""},"categories":[14],"tags":[],"class_list":["post-248669","post","type-post","status-publish","format-standard","has-post-thumbnail","category-politica"],"acf":{"antetitulo":""},"yoast_head":"<!-- This site is optimized with the Yoast SEO plugin v28.3 - https:\/\/yoast.com\/product\/yoast-seo-wordpress\/ -->\n<title>Comienza fase de verificaci\u00f3n de requisitos para Fiscal General - El Diario - Bolivia<\/title>\n<meta name=\"robots\" content=\"index, follow, max-snippet:-1, max-image-preview:large, max-video-preview:-1\" \/>\n<link rel=\"canonical\" href=\"https:\/\/www.eldiario.net\/portal\/2024\/09\/20\/comienza-fase-de-verificacion-de-requisitos-para-fiscal-general\/\" \/>\n<meta property=\"og:locale\" content=\"es_ES\" \/>\n<meta property=\"og:type\" content=\"article\" \/>\n<meta property=\"og:title\" content=\"Comienza fase de verificaci\u00f3n de requisitos para Fiscal General - El Diario - Bolivia\" \/>\n<meta property=\"og:description\" content=\"La Comisi\u00f3n Mixta de Justicia Plural inici\u00f3 ayer la fase de verificaci\u00f3n de requisitos de los candidatos a nuevo Fiscal General del Estado. La sesi\u00f3n entr\u00f3 en cuarto intermedio para consensuar la metodolog\u00eda del trabajo para esta etapa. El diputado \u201cevista\u201d Luis Adolfo Flores indic\u00f3 que las carpetas de los postulantes deben tener los requisitos [&hellip;]\" \/>\n<meta property=\"og:url\" content=\"https:\/\/www.eldiario.net\/portal\/2024\/09\/20\/comienza-fase-de-verificacion-de-requisitos-para-fiscal-general\/\" \/>\n<meta property=\"og:site_name\" content=\"El Diario - Bolivia\" \/>\n<meta property=\"article:publisher\" content=\"https:\/\/www.facebook.com\/eldiario.bolivia\/\" \/>\n<meta property=\"article:published_time\" content=\"2024-09-20T09:42:10+00:00\" \/>\n<meta property=\"og:image\" content=\"https:\/\/www.eldiario.net\/portal\/wp-content\/uploads\/2024\/09\/41-POL-8.jpg\" \/>\n\t<meta property=\"og:image:width\" content=\"1500\" \/>\n\t<meta property=\"og:image:height\" content=\"1000\" \/>\n\t<meta property=\"og:image:type\" content=\"image\/jpeg\" \/>\n<meta name=\"author\" content=\"Jeanette\" \/>\n<meta name=\"twitter:card\" content=\"summary_large_image\" \/>\n<meta name=\"twitter:creator\" content=\"@eldiario_net\" \/>\n<meta name=\"twitter:site\" content=\"@eldiario_net\" \/>\n<meta name=\"twitter:label1\" content=\"Escrito por\" \/>\n\t<meta name=\"twitter:data1\" content=\"Jeanette\" \/>\n\t<meta name=\"twitter:label2\" content=\"Tiempo de lectura\" \/>\n\t<meta name=\"twitter:data2\" content=\"4 minutos\" \/>\n<script type=\"application\/ld+json\" class=\"yoast-schema-graph\">{\"@context\":\"https:\\\/\\\/schema.org\",\"@graph\":[{\"@type\":\"Article\",\"@id\":\"https:\\\/\\\/www.eldiario.net\\\/portal\\\/2024\\\/09\\\/20\\\/comienza-fase-de-verificacion-de-requisitos-para-fiscal-general\\\/#article\",\"isPartOf\":{\"@id\":\"https:\\\/\\\/www.eldiario.net\\\/portal\\\/2024\\\/09\\\/20\\\/comienza-fase-de-verificacion-de-requisitos-para-fiscal-general\\\/\"},\"author\":{\"name\":\"Jeanette\",\"@id\":\"https:\\\/\\\/www.eldiario.net\\\/portal\\\/#\\\/schema\\\/person\\\/f46445640444750d7d753ccd04ae01b7\"},\"headline\":\"Comienza fase de verificaci\u00f3n de requisitos para Fiscal General\",\"datePublished\":\"2024-09-20T09:42:10+00:00\",\"mainEntityOfPage\":{\"@id\":\"https:\\\/\\\/www.eldiario.net\\\/portal\\\/2024\\\/09\\\/20\\\/comienza-fase-de-verificacion-de-requisitos-para-fiscal-general\\\/\"},\"wordCount\":667,\"commentCount\":0,\"publisher\":{\"@id\":\"https:\\\/\\\/www.eldiario.net\\\/portal\\\/#organization\"},\"image\":{\"@id\":\"https:\\\/\\\/www.eldiario.net\\\/portal\\\/2024\\\/09\\\/20\\\/comienza-fase-de-verificacion-de-requisitos-para-fiscal-general\\\/#primaryimage\"},\"thumbnailUrl\":\"https:\\\/\\\/www.eldiario.net\\\/portal\\\/wp-content\\\/uploads\\\/2024\\\/09\\\/41-POL-8.jpg\",\"articleSection\":[\"Pol\u00edtica\"],\"inLanguage\":\"es\",\"potentialAction\":[{\"@type\":\"CommentAction\",\"name\":\"Comment\",\"target\":[\"https:\\\/\\\/www.eldiario.net\\\/portal\\\/2024\\\/09\\\/20\\\/comienza-fase-de-verificacion-de-requisitos-para-fiscal-general\\\/#respond\"]}]},{\"@type\":\"WebPage\",\"@id\":\"https:\\\/\\\/www.eldiario.net\\\/portal\\\/2024\\\/09\\\/20\\\/comienza-fase-de-verificacion-de-requisitos-para-fiscal-general\\\/\",\"url\":\"https:\\\/\\\/www.eldiario.net\\\/portal\\\/2024\\\/09\\\/20\\\/comienza-fase-de-verificacion-de-requisitos-para-fiscal-general\\\/\",\"name\":\"Comienza fase de verificaci\u00f3n de requisitos para Fiscal General - El Diario - Bolivia\",\"isPartOf\":{\"@id\":\"https:\\\/\\\/www.eldiario.net\\\/portal\\\/#website\"},\"primaryImageOfPage\":{\"@id\":\"https:\\\/\\\/www.eldiario.net\\\/portal\\\/2024\\\/09\\\/20\\\/comienza-fase-de-verificacion-de-requisitos-para-fiscal-general\\\/#primaryimage\"},\"image\":{\"@id\":\"https:\\\/\\\/www.eldiario.net\\\/portal\\\/2024\\\/09\\\/20\\\/comienza-fase-de-verificacion-de-requisitos-para-fiscal-general\\\/#primaryimage\"},\"thumbnailUrl\":\"https:\\\/\\\/www.eldiario.net\\\/portal\\\/wp-content\\\/uploads\\\/2024\\\/09\\\/41-POL-8.jpg\",\"datePublished\":\"2024-09-20T09:42:10+00:00\",\"breadcrumb\":{\"@id\":\"https:\\\/\\\/www.eldiario.net\\\/portal\\\/2024\\\/09\\\/20\\\/comienza-fase-de-verificacion-de-requisitos-para-fiscal-general\\\/#breadcrumb\"},\"inLanguage\":\"es\",\"potentialAction\":[{\"@type\":\"ReadAction\",\"target\":[\"https:\\\/\\\/www.eldiario.net\\\/portal\\\/2024\\\/09\\\/20\\\/comienza-fase-de-verificacion-de-requisitos-para-fiscal-general\\\/\"]}]},{\"@type\":\"ImageObject\",\"inLanguage\":\"es\",\"@id\":\"https:\\\/\\\/www.eldiario.net\\\/portal\\\/2024\\\/09\\\/20\\\/comienza-fase-de-verificacion-de-requisitos-para-fiscal-general\\\/#primaryimage\",\"url\":\"https:\\\/\\\/www.eldiario.net\\\/portal\\\/wp-content\\\/uploads\\\/2024\\\/09\\\/41-POL-8.jpg\",\"contentUrl\":\"https:\\\/\\\/www.eldiario.net\\\/portal\\\/wp-content\\\/uploads\\\/2024\\\/09\\\/41-POL-8.jpg\",\"width\":1500,\"height\":1000,\"caption\":\"Despu\u00e9s de un prolongado cuarto intermedio que dur\u00f3 m\u00e1s de seis horas. Se dio inicio a la fase de revisi\u00f3n de documentos de los 76 postulantes a la Fiscal\u00eda General del Estado, se prev\u00e9 que el proceso termine hasta el fin de semana.\"},{\"@type\":\"BreadcrumbList\",\"@id\":\"https:\\\/\\\/www.eldiario.net\\\/portal\\\/2024\\\/09\\\/20\\\/comienza-fase-de-verificacion-de-requisitos-para-fiscal-general\\\/#breadcrumb\",\"itemListElement\":[{\"@type\":\"ListItem\",\"position\":1,\"name\":\"Portada\",\"item\":\"https:\\\/\\\/www.eldiario.net\\\/portal\\\/\"},{\"@type\":\"ListItem\",\"position\":2,\"name\":\"Comienza fase de verificaci\u00f3n de requisitos para Fiscal General\"}]},{\"@type\":\"WebSite\",\"@id\":\"https:\\\/\\\/www.eldiario.net\\\/portal\\\/#website\",\"url\":\"https:\\\/\\\/www.eldiario.net\\\/portal\\\/\",\"name\":\"El Diario - Decano de la prensa nacional\",\"description\":\"El Diario - Decano de la prensa nacional\",\"publisher\":{\"@id\":\"https:\\\/\\\/www.eldiario.net\\\/portal\\\/#organization\"},\"potentialAction\":[{\"@type\":\"SearchAction\",\"target\":{\"@type\":\"EntryPoint\",\"urlTemplate\":\"https:\\\/\\\/www.eldiario.net\\\/portal\\\/?s={search_term_string}\"},\"query-input\":{\"@type\":\"PropertyValueSpecification\",\"valueRequired\":true,\"valueName\":\"search_term_string\"}}],\"inLanguage\":\"es\"},{\"@type\":\"Organization\",\"@id\":\"https:\\\/\\\/www.eldiario.net\\\/portal\\\/#organization\",\"name\":\"El Diario - Decano de la prensa nacional\",\"url\":\"https:\\\/\\\/www.eldiario.net\\\/portal\\\/\",\"logo\":{\"@type\":\"ImageObject\",\"inLanguage\":\"es\",\"@id\":\"https:\\\/\\\/www.eldiario.net\\\/portal\\\/#\\\/schema\\\/logo\\\/image\\\/\",\"url\":\"https:\\\/\\\/www.eldiario.net\\\/portal\\\/wp-content\\\/uploads\\\/2023\\\/07\\\/logo_ED.jpg\",\"contentUrl\":\"https:\\\/\\\/www.eldiario.net\\\/portal\\\/wp-content\\\/uploads\\\/2023\\\/07\\\/logo_ED.jpg\",\"width\":272,\"height\":52,\"caption\":\"El Diario - Decano de la prensa nacional\"},\"image\":{\"@id\":\"https:\\\/\\\/www.eldiario.net\\\/portal\\\/#\\\/schema\\\/logo\\\/image\\\/\"},\"sameAs\":[\"https:\\\/\\\/www.facebook.com\\\/eldiario.bolivia\\\/\",\"https:\\\/\\\/x.com\\\/eldiario_net\"]},{\"@type\":\"Person\",\"@id\":\"https:\\\/\\\/www.eldiario.net\\\/portal\\\/#\\\/schema\\\/person\\\/f46445640444750d7d753ccd04ae01b7\",\"name\":\"Jeanette\",\"image\":{\"@type\":\"ImageObject\",\"inLanguage\":\"es\",\"@id\":\"https:\\\/\\\/secure.gravatar.com\\\/avatar\\\/3ea2118a5f7dad2b7138b1187a6b7ee55f160b9968b66013c3a3ef39dd7e5798?s=96&d=mm&r=g\",\"url\":\"https:\\\/\\\/secure.gravatar.com\\\/avatar\\\/3ea2118a5f7dad2b7138b1187a6b7ee55f160b9968b66013c3a3ef39dd7e5798?s=96&d=mm&r=g\",\"contentUrl\":\"https:\\\/\\\/secure.gravatar.com\\\/avatar\\\/3ea2118a5f7dad2b7138b1187a6b7ee55f160b9968b66013c3a3ef39dd7e5798?s=96&d=mm&r=g\",\"caption\":\"Jeanette\"},\"sameAs\":[\"https:\\\/\\\/www.eldiario.net\\\/portal\"],\"url\":\"https:\\\/\\\/www.eldiario.net\\\/portal\\\/author\\\/jeanette\\\/\"}]}<\/script>\n<!-- \/ Yoast SEO plugin. -->","yoast_head_json":{"title":"Comienza fase de verificaci\u00f3n de requisitos para Fiscal General - El Diario - Bolivia","robots":{"index":"index","follow":"follow","max-snippet":"max-snippet:-1","max-image-preview":"max-image-preview:large","max-video-preview":"max-video-preview:-1"},"canonical":"https:\/\/www.eldiario.net\/portal\/2024\/09\/20\/comienza-fase-de-verificacion-de-requisitos-para-fiscal-general\/","og_locale":"es_ES","og_type":"article","og_title":"Comienza fase de verificaci\u00f3n de requisitos para Fiscal General - El Diario - Bolivia","og_description":"La Comisi\u00f3n Mixta de Justicia Plural inici\u00f3 ayer la fase de verificaci\u00f3n de requisitos de los candidatos a nuevo Fiscal General del Estado. La sesi\u00f3n entr\u00f3 en cuarto intermedio para consensuar la metodolog\u00eda del trabajo para esta etapa. El diputado \u201cevista\u201d Luis Adolfo Flores indic\u00f3 que las carpetas de los postulantes deben tener los requisitos [&hellip;]","og_url":"https:\/\/www.eldiario.net\/portal\/2024\/09\/20\/comienza-fase-de-verificacion-de-requisitos-para-fiscal-general\/","og_site_name":"El Diario - Bolivia","article_publisher":"https:\/\/www.facebook.com\/eldiario.bolivia\/","article_published_time":"2024-09-20T09:42:10+00:00","og_image":[{"width":1500,"height":1000,"url":"https:\/\/www.eldiario.net\/portal\/wp-content\/uploads\/2024\/09\/41-POL-8.jpg","type":"image\/jpeg"}],"author":"Jeanette","twitter_card":"summary_large_image","twitter_creator":"@eldiario_net","twitter_site":"@eldiario_net","twitter_misc":{"Escrito por":"Jeanette","Tiempo de lectura":"4 minutos"},"schema":{"@context":"https:\/\/schema.org","@graph":[{"@type":"Article","@id":"https:\/\/www.eldiario.net\/portal\/2024\/09\/20\/comienza-fase-de-verificacion-de-requisitos-para-fiscal-general\/#article","isPartOf":{"@id":"https:\/\/www.eldiario.net\/portal\/2024\/09\/20\/comienza-fase-de-verificacion-de-requisitos-para-fiscal-general\/"},"author":{"name":"Jeanette","@id":"https:\/\/www.eldiario.net\/portal\/#\/schema\/person\/f46445640444750d7d753ccd04ae01b7"},"headline":"Comienza fase de verificaci\u00f3n de requisitos para Fiscal General","datePublished":"2024-09-20T09:42:10+00:00","mainEntityOfPage":{"@id":"https:\/\/www.eldiario.net\/portal\/2024\/09\/20\/comienza-fase-de-verificacion-de-requisitos-para-fiscal-general\/"},"wordCount":667,"commentCount":0,"publisher":{"@id":"https:\/\/www.eldiario.net\/portal\/#organization"},"image":{"@id":"https:\/\/www.eldiario.net\/portal\/2024\/09\/20\/comienza-fase-de-verificacion-de-requisitos-para-fiscal-general\/#primaryimage"},"thumbnailUrl":"https:\/\/www.eldiario.net\/portal\/wp-content\/uploads\/2024\/09\/41-POL-8.jpg","articleSection":["Pol\u00edtica"],"inLanguage":"es","potentialAction":[{"@type":"CommentAction","name":"Comment","target":["https:\/\/www.eldiario.net\/portal\/2024\/09\/20\/comienza-fase-de-verificacion-de-requisitos-para-fiscal-general\/#respond"]}]},{"@type":"WebPage","@id":"https:\/\/www.eldiario.net\/portal\/2024\/09\/20\/comienza-fase-de-verificacion-de-requisitos-para-fiscal-general\/","url":"https:\/\/www.eldiario.net\/portal\/2024\/09\/20\/comienza-fase-de-verificacion-de-requisitos-para-fiscal-general\/","name":"Comienza fase de verificaci\u00f3n de requisitos para Fiscal General - El Diario - Bolivia","isPartOf":{"@id":"https:\/\/www.eldiario.net\/portal\/#website"},"primaryImageOfPage":{"@id":"https:\/\/www.eldiario.net\/portal\/2024\/09\/20\/comienza-fase-de-verificacion-de-requisitos-para-fiscal-general\/#primaryimage"},"image":{"@id":"https:\/\/www.eldiario.net\/portal\/2024\/09\/20\/comienza-fase-de-verificacion-de-requisitos-para-fiscal-general\/#primaryimage"},"thumbnailUrl":"https:\/\/www.eldiario.net\/portal\/wp-content\/uploads\/2024\/09\/41-POL-8.jpg","datePublished":"2024-09-20T09:42:10+00:00","breadcrumb":{"@id":"https:\/\/www.eldiario.net\/portal\/2024\/09\/20\/comienza-fase-de-verificacion-de-requisitos-para-fiscal-general\/#breadcrumb"},"inLanguage":"es","potentialAction":[{"@type":"ReadAction","target":["https:\/\/www.eldiario.net\/portal\/2024\/09\/20\/comienza-fase-de-verificacion-de-requisitos-para-fiscal-general\/"]}]},{"@type":"ImageObject","inLanguage":"es","@id":"https:\/\/www.eldiario.net\/portal\/2024\/09\/20\/comienza-fase-de-verificacion-de-requisitos-para-fiscal-general\/#primaryimage","url":"https:\/\/www.eldiario.net\/portal\/wp-content\/uploads\/2024\/09\/41-POL-8.jpg","contentUrl":"https:\/\/www.eldiario.net\/portal\/wp-content\/uploads\/2024\/09\/41-POL-8.jpg","width":1500,"height":1000,"caption":"Despu\u00e9s de un prolongado cuarto intermedio que dur\u00f3 m\u00e1s de seis horas. Se dio inicio a la fase de revisi\u00f3n de documentos de los 76 postulantes a la Fiscal\u00eda General del Estado, se prev\u00e9 que el proceso termine hasta el fin de semana."},{"@type":"BreadcrumbList","@id":"https:\/\/www.eldiario.net\/portal\/2024\/09\/20\/comienza-fase-de-verificacion-de-requisitos-para-fiscal-general\/#breadcrumb","itemListElement":[{"@type":"ListItem","position":1,"name":"Portada","item":"https:\/\/www.eldiario.net\/portal\/"},{"@type":"ListItem","position":2,"name":"Comienza fase de verificaci\u00f3n de requisitos para Fiscal General"}]},{"@type":"WebSite","@id":"https:\/\/www.eldiario.net\/portal\/#website","url":"https:\/\/www.eldiario.net\/portal\/","name":"El Diario - Decano de la prensa nacional","description":"El Diario - Decano de la prensa nacional","publisher":{"@id":"https:\/\/www.eldiario.net\/portal\/#organization"},"potentialAction":[{"@type":"SearchAction","target":{"@type":"EntryPoint","urlTemplate":"https:\/\/www.eldiario.net\/portal\/?s={search_term_string}"},"query-input":{"@type":"PropertyValueSpecification","valueRequired":true,"valueName":"search_term_string"}}],"inLanguage":"es"},{"@type":"Organization","@id":"https:\/\/www.eldiario.net\/portal\/#organization","name":"El Diario - Decano de la prensa nacional","url":"https:\/\/www.eldiario.net\/portal\/","logo":{"@type":"ImageObject","inLanguage":"es","@id":"https:\/\/www.eldiario.net\/portal\/#\/schema\/logo\/image\/","url":"https:\/\/www.eldiario.net\/portal\/wp-content\/uploads\/2023\/07\/logo_ED.jpg","contentUrl":"https:\/\/www.eldiario.net\/portal\/wp-content\/uploads\/2023\/07\/logo_ED.jpg","width":272,"height":52,"caption":"El Diario - Decano de la prensa nacional"},"image":{"@id":"https:\/\/www.eldiario.net\/portal\/#\/schema\/logo\/image\/"},"sameAs":["https:\/\/www.facebook.com\/eldiario.bolivia\/","https:\/\/x.com\/eldiario_net"]},{"@type":"Person","@id":"https:\/\/www.eldiario.net\/portal\/#\/schema\/person\/f46445640444750d7d753ccd04ae01b7","name":"Jeanette","image":{"@type":"ImageObject","inLanguage":"es","@id":"https:\/\/secure.gravatar.com\/avatar\/3ea2118a5f7dad2b7138b1187a6b7ee55f160b9968b66013c3a3ef39dd7e5798?s=96&d=mm&r=g","url":"https:\/\/secure.gravatar.com\/avatar\/3ea2118a5f7dad2b7138b1187a6b7ee55f160b9968b66013c3a3ef39dd7e5798?s=96&d=mm&r=g","contentUrl":"https:\/\/secure.gravatar.com\/avatar\/3ea2118a5f7dad2b7138b1187a6b7ee55f160b9968b66013c3a3ef39dd7e5798?s=96&d=mm&r=g","caption":"Jeanette"},"sameAs":["https:\/\/www.eldiario.net\/portal"],"url":"https:\/\/www.eldiario.net\/portal\/author\/jeanette\/"}]}},"_links":{"self":[{"href":"https:\/\/www.eldiario.net\/portal\/wp-json\/wp\/v2\/posts\/248669","targetHints":{"allow":["GET"]}}],"collection":[{"href":"https:\/\/www.eldiario.net\/portal\/wp-json\/wp\/v2\/posts"}],"about":[{"href":"https:\/\/www.eldiario.net\/portal\/wp-json\/wp\/v2\/types\/post"}],"author":[{"embeddable":true,"href":"https:\/\/www.eldiario.net\/portal\/wp-json\/wp\/v2\/users\/1"}],"replies":[{"embeddable":true,"href":"https:\/\/www.eldiario.net\/portal\/wp-json\/wp\/v2\/comments?post=248669"}],"version-history":[{"count":1,"href":"https:\/\/www.eldiario.net\/portal\/wp-json\/wp\/v2\/posts\/248669\/revisions"}],"predecessor-version":[{"id":248671,"href":"https:\/\/www.eldiario.net\/portal\/wp-json\/wp\/v2\/posts\/248669\/revisions\/248671"}],"wp:featuredmedia":[{"embeddable":true,"href":"https:\/\/www.eldiario.net\/portal\/wp-json\/wp\/v2\/media\/248670"}],"wp:attachment":[{"href":"https:\/\/www.eldiario.net\/portal\/wp-json\/wp\/v2\/media?parent=248669"}],"wp:term":[{"taxonomy":"category","embeddable":true,"href":"https:\/\/www.eldiario.net\/portal\/wp-json\/wp\/v2\/categories?post=248669"},{"taxonomy":"post_tag","embeddable":true,"href":"https:\/\/www.eldiario.net\/portal\/wp-json\/wp\/v2\/tags?post=248669"}],"curies":[{"name":"wp","href":"https:\/\/api.w.org\/{rel}","templated":true}]}}