{"id":248659,"date":"2024-09-20T05:39:54","date_gmt":"2024-09-20T09:39:54","guid":{"rendered":"https:\/\/www.eldiario.net\/portal\/?p=248659"},"modified":"2024-09-20T05:39:54","modified_gmt":"2024-09-20T09:39:54","slug":"parlamento-europeo-exige-liberar-a-jose-daniel-ferrer-y-presos-politicos","status":"publish","type":"post","link":"https:\/\/www.eldiario.net\/portal\/2024\/09\/20\/parlamento-europeo-exige-liberar-a-jose-daniel-ferrer-y-presos-politicos\/","title":{"rendered":"Parlamento Europeo exige liberar a Jos\u00e9 Daniel Ferrer y presos pol\u00edticos"},"content":{"rendered":"<p>El Parlamento Europeo exigi\u00f3 ayer a las autoridades de Cuba que liberen al dirigente opositor, Jos\u00e9 Daniel Ferrer, l\u00edder de la Uni\u00f3n Patri\u00f3tica de Cuba (Unpacu), as\u00ed como reclama a la Uni\u00f3n Europea que aplique la cl\u00e1usula de Derechos Humanos y suspenda el Acuerdo de Di\u00e1logo y Cooperaci\u00f3n con la isla.<br \/>\nEn este sentido, la resoluci\u00f3n parlamentaria aprobada con 380 votos a favor, 182 en contra y 51 abstenciones, demanda la \u201cliberaci\u00f3n inmediata e incondicional\u201d de Ferrer y de los presos pol\u00edticos en Cuba.<br \/>\nLa petici\u00f3n es fruto de la iniciativa conjunta de Partido Popular Europeo, liberales y el grupo de Conservadores y Reformistas que lidera el partido de la primera ministra italiana, Giorgia Meloni.<br \/>\nDetenido en 2019 junto a varios colaboradores, la Euroc\u00e1mara subraya que Ferrer tiene que ser atendido por su delicado estado de salud, puesto que \u201csu vida corre grave peligro debido a las condiciones de encarcelamiento en que se encuentra\u201d, como denunci\u00f3 su familia.<\/p>\n<p>PASIVIDAD CON CUBA<br \/>\nAsimismo, la Euroc\u00e1mara carga contra el papel del Alto Representante de la Uni\u00f3n Europea para Pol\u00edtica Exterior, Josep Borrell, al que acusa de mantener una \u201cactitud pasiva e irresponsable\u201d y critica que \u201cignore o banalice el clamor del pueblo cubano\u201d.<br \/>\nEn este sentido, reclama que los 27 aprueben sanciones para responder a las \u201cviolaciones sistem\u00e1ticas de los derechos humanos y los abusos perpetrados por el r\u00e9gimen cubano contra manifestantes, disidentes pol\u00edticos, l\u00edderes religiosos, activistas de derechos humanos\u201d, se\u00f1alaron que en este contexto de represi\u00f3n, la Uni\u00f3n Europea tiene que aplicar la cl\u00e1usula democr\u00e1tica del Acuerdo de Di\u00e1logo y Cooperaci\u00f3n y suspender el contacto con La Habana. (Europa Press)<\/p>\n","protected":false},"excerpt":{"rendered":"<p>El Parlamento Europeo exigi\u00f3 ayer a las autoridades de Cuba que liberen al dirigente opositor, Jos\u00e9 Daniel Ferrer, l\u00edder de la Uni\u00f3n Patri\u00f3tica de Cuba (Unpacu), as\u00ed como reclama a la Uni\u00f3n Europea que aplique la cl\u00e1usula de Derechos Humanos y suspenda el Acuerdo de Di\u00e1logo y Cooperaci\u00f3n con la isla. En este sentido, la [&hellip;]<\/p>\n","protected":false},"author":1,"featured_media":248660,"comment_status":"open","ping_status":"open","sticky":false,"template":"","format":"standard","meta":{"_acf_changed":false,"footnotes":""},"categories":[3],"tags":[],"class_list":["post-248659","post","type-post","status-publish","format-standard","has-post-thumbnail","category-internacional"],"acf":{"antetitulo":"Ante delicado estado de salud"},"yoast_head":"<!-- This site is optimized with the Yoast SEO plugin v28.4 - https:\/\/yoast.com\/product\/yoast-seo-wordpress\/ -->\n<title>Parlamento Europeo exige liberar a Jos\u00e9 Daniel Ferrer y presos pol\u00edticos - El Diario - Bolivia<\/title>\n<meta name=\"robots\" content=\"index, follow, max-snippet:-1, max-image-preview:large, max-video-preview:-1\" \/>\n<link rel=\"canonical\" href=\"https:\/\/www.eldiario.net\/portal\/2024\/09\/20\/parlamento-europeo-exige-liberar-a-jose-daniel-ferrer-y-presos-politicos\/\" \/>\n<meta property=\"og:locale\" content=\"es_ES\" \/>\n<meta property=\"og:type\" content=\"article\" \/>\n<meta property=\"og:title\" content=\"Parlamento Europeo exige liberar a Jos\u00e9 Daniel Ferrer y presos pol\u00edticos - El Diario - Bolivia\" \/>\n<meta property=\"og:description\" content=\"El Parlamento Europeo exigi\u00f3 ayer a las autoridades de Cuba que liberen al dirigente opositor, Jos\u00e9 Daniel Ferrer, l\u00edder de la Uni\u00f3n Patri\u00f3tica de Cuba (Unpacu), as\u00ed como reclama a la Uni\u00f3n Europea que aplique la cl\u00e1usula de Derechos Humanos y suspenda el Acuerdo de Di\u00e1logo y Cooperaci\u00f3n con la isla. En este sentido, la [&hellip;]\" \/>\n<meta property=\"og:url\" content=\"https:\/\/www.eldiario.net\/portal\/2024\/09\/20\/parlamento-europeo-exige-liberar-a-jose-daniel-ferrer-y-presos-politicos\/\" \/>\n<meta property=\"og:site_name\" content=\"El Diario - Bolivia\" \/>\n<meta property=\"article:publisher\" content=\"https:\/\/www.facebook.com\/eldiario.bolivia\/\" \/>\n<meta property=\"article:published_time\" content=\"2024-09-20T09:39:54+00:00\" \/>\n<meta property=\"og:image\" content=\"https:\/\/www.eldiario.net\/portal\/wp-content\/uploads\/2024\/09\/HABANA-Facebook.jpg\" \/>\n\t<meta property=\"og:image:width\" content=\"1280\" \/>\n\t<meta property=\"og:image:height\" content=\"719\" \/>\n\t<meta property=\"og:image:type\" content=\"image\/jpeg\" \/>\n<meta name=\"author\" content=\"Jeanette\" \/>\n<meta name=\"twitter:card\" content=\"summary_large_image\" \/>\n<meta name=\"twitter:creator\" content=\"@eldiario_net\" \/>\n<meta name=\"twitter:site\" content=\"@eldiario_net\" \/>\n<meta name=\"twitter:label1\" content=\"Escrito por\" \/>\n\t<meta name=\"twitter:data1\" content=\"Jeanette\" \/>\n\t<meta name=\"twitter:label2\" content=\"Tiempo de lectura\" \/>\n\t<meta name=\"twitter:data2\" content=\"2 minutos\" \/>\n<script type=\"application\/ld+json\" class=\"yoast-schema-graph\">{\"@context\":\"https:\\\/\\\/schema.org\",\"@graph\":[{\"@type\":\"Article\",\"@id\":\"https:\\\/\\\/www.eldiario.net\\\/portal\\\/2024\\\/09\\\/20\\\/parlamento-europeo-exige-liberar-a-jose-daniel-ferrer-y-presos-politicos\\\/#article\",\"isPartOf\":{\"@id\":\"https:\\\/\\\/www.eldiario.net\\\/portal\\\/2024\\\/09\\\/20\\\/parlamento-europeo-exige-liberar-a-jose-daniel-ferrer-y-presos-politicos\\\/\"},\"author\":{\"name\":\"Jeanette\",\"@id\":\"https:\\\/\\\/www.eldiario.net\\\/portal\\\/#\\\/schema\\\/person\\\/f46445640444750d7d753ccd04ae01b7\"},\"headline\":\"Parlamento Europeo exige liberar a Jos\u00e9 Daniel Ferrer y presos pol\u00edticos\",\"datePublished\":\"2024-09-20T09:39:54+00:00\",\"mainEntityOfPage\":{\"@id\":\"https:\\\/\\\/www.eldiario.net\\\/portal\\\/2024\\\/09\\\/20\\\/parlamento-europeo-exige-liberar-a-jose-daniel-ferrer-y-presos-politicos\\\/\"},\"wordCount\":302,\"commentCount\":0,\"publisher\":{\"@id\":\"https:\\\/\\\/www.eldiario.net\\\/portal\\\/#organization\"},\"image\":{\"@id\":\"https:\\\/\\\/www.eldiario.net\\\/portal\\\/2024\\\/09\\\/20\\\/parlamento-europeo-exige-liberar-a-jose-daniel-ferrer-y-presos-politicos\\\/#primaryimage\"},\"thumbnailUrl\":\"https:\\\/\\\/www.eldiario.net\\\/portal\\\/wp-content\\\/uploads\\\/2024\\\/09\\\/HABANA-Facebook.jpg\",\"articleSection\":[\"Internacional\"],\"inLanguage\":\"es\",\"potentialAction\":[{\"@type\":\"CommentAction\",\"name\":\"Comment\",\"target\":[\"https:\\\/\\\/www.eldiario.net\\\/portal\\\/2024\\\/09\\\/20\\\/parlamento-europeo-exige-liberar-a-jose-daniel-ferrer-y-presos-politicos\\\/#respond\"]}]},{\"@type\":\"WebPage\",\"@id\":\"https:\\\/\\\/www.eldiario.net\\\/portal\\\/2024\\\/09\\\/20\\\/parlamento-europeo-exige-liberar-a-jose-daniel-ferrer-y-presos-politicos\\\/\",\"url\":\"https:\\\/\\\/www.eldiario.net\\\/portal\\\/2024\\\/09\\\/20\\\/parlamento-europeo-exige-liberar-a-jose-daniel-ferrer-y-presos-politicos\\\/\",\"name\":\"Parlamento Europeo exige liberar a Jos\u00e9 Daniel Ferrer y presos pol\u00edticos - El Diario - Bolivia\",\"isPartOf\":{\"@id\":\"https:\\\/\\\/www.eldiario.net\\\/portal\\\/#website\"},\"primaryImageOfPage\":{\"@id\":\"https:\\\/\\\/www.eldiario.net\\\/portal\\\/2024\\\/09\\\/20\\\/parlamento-europeo-exige-liberar-a-jose-daniel-ferrer-y-presos-politicos\\\/#primaryimage\"},\"image\":{\"@id\":\"https:\\\/\\\/www.eldiario.net\\\/portal\\\/2024\\\/09\\\/20\\\/parlamento-europeo-exige-liberar-a-jose-daniel-ferrer-y-presos-politicos\\\/#primaryimage\"},\"thumbnailUrl\":\"https:\\\/\\\/www.eldiario.net\\\/portal\\\/wp-content\\\/uploads\\\/2024\\\/09\\\/HABANA-Facebook.jpg\",\"datePublished\":\"2024-09-20T09:39:54+00:00\",\"breadcrumb\":{\"@id\":\"https:\\\/\\\/www.eldiario.net\\\/portal\\\/2024\\\/09\\\/20\\\/parlamento-europeo-exige-liberar-a-jose-daniel-ferrer-y-presos-politicos\\\/#breadcrumb\"},\"inLanguage\":\"es\",\"potentialAction\":[{\"@type\":\"ReadAction\",\"target\":[\"https:\\\/\\\/www.eldiario.net\\\/portal\\\/2024\\\/09\\\/20\\\/parlamento-europeo-exige-liberar-a-jose-daniel-ferrer-y-presos-politicos\\\/\"]}]},{\"@type\":\"ImageObject\",\"inLanguage\":\"es\",\"@id\":\"https:\\\/\\\/www.eldiario.net\\\/portal\\\/2024\\\/09\\\/20\\\/parlamento-europeo-exige-liberar-a-jose-daniel-ferrer-y-presos-politicos\\\/#primaryimage\",\"url\":\"https:\\\/\\\/www.eldiario.net\\\/portal\\\/wp-content\\\/uploads\\\/2024\\\/09\\\/HABANA-Facebook.jpg\",\"contentUrl\":\"https:\\\/\\\/www.eldiario.net\\\/portal\\\/wp-content\\\/uploads\\\/2024\\\/09\\\/HABANA-Facebook.jpg\",\"width\":1280,\"height\":719,\"caption\":\"El preso pol\u00edtico cubano, Jos\u00e9 Daniel Ferrer Garc\u00eda.\"},{\"@type\":\"BreadcrumbList\",\"@id\":\"https:\\\/\\\/www.eldiario.net\\\/portal\\\/2024\\\/09\\\/20\\\/parlamento-europeo-exige-liberar-a-jose-daniel-ferrer-y-presos-politicos\\\/#breadcrumb\",\"itemListElement\":[{\"@type\":\"ListItem\",\"position\":1,\"name\":\"Portada\",\"item\":\"https:\\\/\\\/www.eldiario.net\\\/portal\\\/\"},{\"@type\":\"ListItem\",\"position\":2,\"name\":\"Parlamento Europeo exige liberar a Jos\u00e9 Daniel Ferrer y presos pol\u00edticos\"}]},{\"@type\":\"WebSite\",\"@id\":\"https:\\\/\\\/www.eldiario.net\\\/portal\\\/#website\",\"url\":\"https:\\\/\\\/www.eldiario.net\\\/portal\\\/\",\"name\":\"El Diario - Decano de la prensa nacional\",\"description\":\"El Diario - Decano de la prensa nacional\",\"publisher\":{\"@id\":\"https:\\\/\\\/www.eldiario.net\\\/portal\\\/#organization\"},\"potentialAction\":[{\"@type\":\"SearchAction\",\"target\":{\"@type\":\"EntryPoint\",\"urlTemplate\":\"https:\\\/\\\/www.eldiario.net\\\/portal\\\/?s={search_term_string}\"},\"query-input\":{\"@type\":\"PropertyValueSpecification\",\"valueRequired\":true,\"valueName\":\"search_term_string\"}}],\"inLanguage\":\"es\"},{\"@type\":\"Organization\",\"@id\":\"https:\\\/\\\/www.eldiario.net\\\/portal\\\/#organization\",\"name\":\"El Diario - Decano de la prensa nacional\",\"url\":\"https:\\\/\\\/www.eldiario.net\\\/portal\\\/\",\"logo\":{\"@type\":\"ImageObject\",\"inLanguage\":\"es\",\"@id\":\"https:\\\/\\\/www.eldiario.net\\\/portal\\\/#\\\/schema\\\/logo\\\/image\\\/\",\"url\":\"https:\\\/\\\/www.eldiario.net\\\/portal\\\/wp-content\\\/uploads\\\/2023\\\/07\\\/logo_ED.jpg\",\"contentUrl\":\"https:\\\/\\\/www.eldiario.net\\\/portal\\\/wp-content\\\/uploads\\\/2023\\\/07\\\/logo_ED.jpg\",\"width\":272,\"height\":52,\"caption\":\"El Diario - Decano de la prensa nacional\"},\"image\":{\"@id\":\"https:\\\/\\\/www.eldiario.net\\\/portal\\\/#\\\/schema\\\/logo\\\/image\\\/\"},\"sameAs\":[\"https:\\\/\\\/www.facebook.com\\\/eldiario.bolivia\\\/\",\"https:\\\/\\\/x.com\\\/eldiario_net\"]},{\"@type\":\"Person\",\"@id\":\"https:\\\/\\\/www.eldiario.net\\\/portal\\\/#\\\/schema\\\/person\\\/f46445640444750d7d753ccd04ae01b7\",\"name\":\"Jeanette\",\"image\":{\"@type\":\"ImageObject\",\"inLanguage\":\"es\",\"@id\":\"https:\\\/\\\/secure.gravatar.com\\\/avatar\\\/3ea2118a5f7dad2b7138b1187a6b7ee55f160b9968b66013c3a3ef39dd7e5798?s=96&d=mm&r=g\",\"url\":\"https:\\\/\\\/secure.gravatar.com\\\/avatar\\\/3ea2118a5f7dad2b7138b1187a6b7ee55f160b9968b66013c3a3ef39dd7e5798?s=96&d=mm&r=g\",\"contentUrl\":\"https:\\\/\\\/secure.gravatar.com\\\/avatar\\\/3ea2118a5f7dad2b7138b1187a6b7ee55f160b9968b66013c3a3ef39dd7e5798?s=96&d=mm&r=g\",\"caption\":\"Jeanette\"},\"sameAs\":[\"https:\\\/\\\/www.eldiario.net\\\/portal\"],\"url\":\"https:\\\/\\\/www.eldiario.net\\\/portal\\\/author\\\/jeanette\\\/\"}]}<\/script>\n<!-- \/ Yoast SEO plugin. -->","yoast_head_json":{"title":"Parlamento Europeo exige liberar a Jos\u00e9 Daniel Ferrer y presos pol\u00edticos - El Diario - Bolivia","robots":{"index":"index","follow":"follow","max-snippet":"max-snippet:-1","max-image-preview":"max-image-preview:large","max-video-preview":"max-video-preview:-1"},"canonical":"https:\/\/www.eldiario.net\/portal\/2024\/09\/20\/parlamento-europeo-exige-liberar-a-jose-daniel-ferrer-y-presos-politicos\/","og_locale":"es_ES","og_type":"article","og_title":"Parlamento Europeo exige liberar a Jos\u00e9 Daniel Ferrer y presos pol\u00edticos - El Diario - Bolivia","og_description":"El Parlamento Europeo exigi\u00f3 ayer a las autoridades de Cuba que liberen al dirigente opositor, Jos\u00e9 Daniel Ferrer, l\u00edder de la Uni\u00f3n Patri\u00f3tica de Cuba (Unpacu), as\u00ed como reclama a la Uni\u00f3n Europea que aplique la cl\u00e1usula de Derechos Humanos y suspenda el Acuerdo de Di\u00e1logo y Cooperaci\u00f3n con la isla. En este sentido, la [&hellip;]","og_url":"https:\/\/www.eldiario.net\/portal\/2024\/09\/20\/parlamento-europeo-exige-liberar-a-jose-daniel-ferrer-y-presos-politicos\/","og_site_name":"El Diario - Bolivia","article_publisher":"https:\/\/www.facebook.com\/eldiario.bolivia\/","article_published_time":"2024-09-20T09:39:54+00:00","og_image":[{"width":1280,"height":719,"url":"https:\/\/www.eldiario.net\/portal\/wp-content\/uploads\/2024\/09\/HABANA-Facebook.jpg","type":"image\/jpeg"}],"author":"Jeanette","twitter_card":"summary_large_image","twitter_creator":"@eldiario_net","twitter_site":"@eldiario_net","twitter_misc":{"Escrito por":"Jeanette","Tiempo de lectura":"2 minutos"},"schema":{"@context":"https:\/\/schema.org","@graph":[{"@type":"Article","@id":"https:\/\/www.eldiario.net\/portal\/2024\/09\/20\/parlamento-europeo-exige-liberar-a-jose-daniel-ferrer-y-presos-politicos\/#article","isPartOf":{"@id":"https:\/\/www.eldiario.net\/portal\/2024\/09\/20\/parlamento-europeo-exige-liberar-a-jose-daniel-ferrer-y-presos-politicos\/"},"author":{"name":"Jeanette","@id":"https:\/\/www.eldiario.net\/portal\/#\/schema\/person\/f46445640444750d7d753ccd04ae01b7"},"headline":"Parlamento Europeo exige liberar a Jos\u00e9 Daniel Ferrer y presos pol\u00edticos","datePublished":"2024-09-20T09:39:54+00:00","mainEntityOfPage":{"@id":"https:\/\/www.eldiario.net\/portal\/2024\/09\/20\/parlamento-europeo-exige-liberar-a-jose-daniel-ferrer-y-presos-politicos\/"},"wordCount":302,"commentCount":0,"publisher":{"@id":"https:\/\/www.eldiario.net\/portal\/#organization"},"image":{"@id":"https:\/\/www.eldiario.net\/portal\/2024\/09\/20\/parlamento-europeo-exige-liberar-a-jose-daniel-ferrer-y-presos-politicos\/#primaryimage"},"thumbnailUrl":"https:\/\/www.eldiario.net\/portal\/wp-content\/uploads\/2024\/09\/HABANA-Facebook.jpg","articleSection":["Internacional"],"inLanguage":"es","potentialAction":[{"@type":"CommentAction","name":"Comment","target":["https:\/\/www.eldiario.net\/portal\/2024\/09\/20\/parlamento-europeo-exige-liberar-a-jose-daniel-ferrer-y-presos-politicos\/#respond"]}]},{"@type":"WebPage","@id":"https:\/\/www.eldiario.net\/portal\/2024\/09\/20\/parlamento-europeo-exige-liberar-a-jose-daniel-ferrer-y-presos-politicos\/","url":"https:\/\/www.eldiario.net\/portal\/2024\/09\/20\/parlamento-europeo-exige-liberar-a-jose-daniel-ferrer-y-presos-politicos\/","name":"Parlamento Europeo exige liberar a Jos\u00e9 Daniel Ferrer y presos pol\u00edticos - El Diario - Bolivia","isPartOf":{"@id":"https:\/\/www.eldiario.net\/portal\/#website"},"primaryImageOfPage":{"@id":"https:\/\/www.eldiario.net\/portal\/2024\/09\/20\/parlamento-europeo-exige-liberar-a-jose-daniel-ferrer-y-presos-politicos\/#primaryimage"},"image":{"@id":"https:\/\/www.eldiario.net\/portal\/2024\/09\/20\/parlamento-europeo-exige-liberar-a-jose-daniel-ferrer-y-presos-politicos\/#primaryimage"},"thumbnailUrl":"https:\/\/www.eldiario.net\/portal\/wp-content\/uploads\/2024\/09\/HABANA-Facebook.jpg","datePublished":"2024-09-20T09:39:54+00:00","breadcrumb":{"@id":"https:\/\/www.eldiario.net\/portal\/2024\/09\/20\/parlamento-europeo-exige-liberar-a-jose-daniel-ferrer-y-presos-politicos\/#breadcrumb"},"inLanguage":"es","potentialAction":[{"@type":"ReadAction","target":["https:\/\/www.eldiario.net\/portal\/2024\/09\/20\/parlamento-europeo-exige-liberar-a-jose-daniel-ferrer-y-presos-politicos\/"]}]},{"@type":"ImageObject","inLanguage":"es","@id":"https:\/\/www.eldiario.net\/portal\/2024\/09\/20\/parlamento-europeo-exige-liberar-a-jose-daniel-ferrer-y-presos-politicos\/#primaryimage","url":"https:\/\/www.eldiario.net\/portal\/wp-content\/uploads\/2024\/09\/HABANA-Facebook.jpg","contentUrl":"https:\/\/www.eldiario.net\/portal\/wp-content\/uploads\/2024\/09\/HABANA-Facebook.jpg","width":1280,"height":719,"caption":"El preso pol\u00edtico cubano, Jos\u00e9 Daniel Ferrer Garc\u00eda."},{"@type":"BreadcrumbList","@id":"https:\/\/www.eldiario.net\/portal\/2024\/09\/20\/parlamento-europeo-exige-liberar-a-jose-daniel-ferrer-y-presos-politicos\/#breadcrumb","itemListElement":[{"@type":"ListItem","position":1,"name":"Portada","item":"https:\/\/www.eldiario.net\/portal\/"},{"@type":"ListItem","position":2,"name":"Parlamento Europeo exige liberar a Jos\u00e9 Daniel Ferrer y presos pol\u00edticos"}]},{"@type":"WebSite","@id":"https:\/\/www.eldiario.net\/portal\/#website","url":"https:\/\/www.eldiario.net\/portal\/","name":"El Diario - Decano de la prensa nacional","description":"El Diario - Decano de la prensa nacional","publisher":{"@id":"https:\/\/www.eldiario.net\/portal\/#organization"},"potentialAction":[{"@type":"SearchAction","target":{"@type":"EntryPoint","urlTemplate":"https:\/\/www.eldiario.net\/portal\/?s={search_term_string}"},"query-input":{"@type":"PropertyValueSpecification","valueRequired":true,"valueName":"search_term_string"}}],"inLanguage":"es"},{"@type":"Organization","@id":"https:\/\/www.eldiario.net\/portal\/#organization","name":"El Diario - Decano de la prensa nacional","url":"https:\/\/www.eldiario.net\/portal\/","logo":{"@type":"ImageObject","inLanguage":"es","@id":"https:\/\/www.eldiario.net\/portal\/#\/schema\/logo\/image\/","url":"https:\/\/www.eldiario.net\/portal\/wp-content\/uploads\/2023\/07\/logo_ED.jpg","contentUrl":"https:\/\/www.eldiario.net\/portal\/wp-content\/uploads\/2023\/07\/logo_ED.jpg","width":272,"height":52,"caption":"El Diario - Decano de la prensa nacional"},"image":{"@id":"https:\/\/www.eldiario.net\/portal\/#\/schema\/logo\/image\/"},"sameAs":["https:\/\/www.facebook.com\/eldiario.bolivia\/","https:\/\/x.com\/eldiario_net"]},{"@type":"Person","@id":"https:\/\/www.eldiario.net\/portal\/#\/schema\/person\/f46445640444750d7d753ccd04ae01b7","name":"Jeanette","image":{"@type":"ImageObject","inLanguage":"es","@id":"https:\/\/secure.gravatar.com\/avatar\/3ea2118a5f7dad2b7138b1187a6b7ee55f160b9968b66013c3a3ef39dd7e5798?s=96&d=mm&r=g","url":"https:\/\/secure.gravatar.com\/avatar\/3ea2118a5f7dad2b7138b1187a6b7ee55f160b9968b66013c3a3ef39dd7e5798?s=96&d=mm&r=g","contentUrl":"https:\/\/secure.gravatar.com\/avatar\/3ea2118a5f7dad2b7138b1187a6b7ee55f160b9968b66013c3a3ef39dd7e5798?s=96&d=mm&r=g","caption":"Jeanette"},"sameAs":["https:\/\/www.eldiario.net\/portal"],"url":"https:\/\/www.eldiario.net\/portal\/author\/jeanette\/"}]}},"_links":{"self":[{"href":"https:\/\/www.eldiario.net\/portal\/wp-json\/wp\/v2\/posts\/248659","targetHints":{"allow":["GET"]}}],"collection":[{"href":"https:\/\/www.eldiario.net\/portal\/wp-json\/wp\/v2\/posts"}],"about":[{"href":"https:\/\/www.eldiario.net\/portal\/wp-json\/wp\/v2\/types\/post"}],"author":[{"embeddable":true,"href":"https:\/\/www.eldiario.net\/portal\/wp-json\/wp\/v2\/users\/1"}],"replies":[{"embeddable":true,"href":"https:\/\/www.eldiario.net\/portal\/wp-json\/wp\/v2\/comments?post=248659"}],"version-history":[{"count":1,"href":"https:\/\/www.eldiario.net\/portal\/wp-json\/wp\/v2\/posts\/248659\/revisions"}],"predecessor-version":[{"id":248661,"href":"https:\/\/www.eldiario.net\/portal\/wp-json\/wp\/v2\/posts\/248659\/revisions\/248661"}],"wp:featuredmedia":[{"embeddable":true,"href":"https:\/\/www.eldiario.net\/portal\/wp-json\/wp\/v2\/media\/248660"}],"wp:attachment":[{"href":"https:\/\/www.eldiario.net\/portal\/wp-json\/wp\/v2\/media?parent=248659"}],"wp:term":[{"taxonomy":"category","embeddable":true,"href":"https:\/\/www.eldiario.net\/portal\/wp-json\/wp\/v2\/categories?post=248659"},{"taxonomy":"post_tag","embeddable":true,"href":"https:\/\/www.eldiario.net\/portal\/wp-json\/wp\/v2\/tags?post=248659"}],"curies":[{"name":"wp","href":"https:\/\/api.w.org\/{rel}","templated":true}]}}