{"id":248656,"date":"2024-09-20T05:38:59","date_gmt":"2024-09-20T09:38:59","guid":{"rendered":"https:\/\/www.eldiario.net\/portal\/?p=248656"},"modified":"2024-09-20T05:38:59","modified_gmt":"2024-09-20T09:38:59","slug":"medicos-amenazan-con-paro-de-cinco-dias-si-diputados-trata-proyecto-de-ley-035","status":"publish","type":"post","link":"https:\/\/www.eldiario.net\/portal\/2024\/09\/20\/medicos-amenazan-con-paro-de-cinco-dias-si-diputados-trata-proyecto-de-ley-035\/","title":{"rendered":"M\u00e9dicos amenazan con paro de cinco d\u00edas  si Diputados trata proyecto de Ley 035"},"content":{"rendered":"<p>Ante los anuncios de que la C\u00e1mara de Diputados iniciar\u00e1 el tratamiento del proyecto de ley 035, el ejecutivo nacional de la Federaci\u00f3n de Sindicatos de Ramas M\u00e9dicas y Salud P\u00fablica (Fesirmes), Daniel Cazas, inform\u00f3 que en asamblea nacional se decidi\u00f3 que, en caso de que se apruebe la mencionada norma con la disposici\u00f3n adicional \u00fanica, ese sector entrar\u00e1 en un paro de 120 horas, es decir, cinco d\u00edas.<br \/>\nEl representante acot\u00f3 que ese sector se declara en estado de emergencia y su principal demanda es que se excluya la disposici\u00f3n adicional referida a la \u201cjubilaci\u00f3n forzosa\u201d.<br \/>\n\u201cEn vista de que no ha habido una atenci\u00f3n por parte de las autoridades, hemos decidido hoy (ayer) en ampliado nacional que en caso se apruebe el proyecto de ley 035 con la disposici\u00f3n adicional \u00fanica, entramos en un paro de 120 horas a partir del momento en que se apruebe el Decreto Supremo. Vamos a esperar en el transcurso de la tarde (ayer) que en la C\u00e1mara de Diputados se aborde el proyecto del ley y si se aprueba tal como est\u00e1, nosotros estar\u00edamos ingresando al paro de 120 horas a partir del d\u00eda lunes en todo el territorio nacional, obviamente reforzando los servicios de emergencia\u201d, anunci\u00f3 Cazas Aguirre.<br \/>\nDe acuerdo con los profesionales en salud, el proyecto de ley mencionado incluye un apartado en el que se los \u201cobliga\u201d a jubilarse a los 65 a\u00f1os de edad, pero el representante aclar\u00f3 que el sector no est\u00e1 en contra de la mejora de hasta Bs 1.000 en las rentas bajas de los jubilados.<br \/>\n\u201cLa disposici\u00f3n adicional \u00fanica es \u2018la jubilaci\u00f3n forzosa\u2019 a todos los trabajadores y profesionales del pa\u00eds, es a eso que nosotros estamos rechazando, no nos oponemos al tema que puedan incrementar el salario a los jubilados, eso jam\u00e1s nos hemos opuesto, simplemente nos estamos oponiendo a la jubilaci\u00f3n forzosa\u201d, ratific\u00f3.<br \/>\nAsimismo, Cazas sostuvo que en caso de que las autoridades gubernamentales no atiendan su demanda, despu\u00e9s del paro de 120 horas, no descartan ingresar en paro indefinido.<br \/>\n\u201cYa vamos a ir tomando otras medidas, no descartamos entrar a un paro indefinido, si es que las autoridades no toman en cuenta las sugerencias y nuestras solicitudes, obviamente vamos a tomar las medidas necesarias. En este paro de 120 horas que vamos a tomar en el momento que se apruebe este proyecto de ley, van a ser paros movilizados, entonces en todo el territorio nacional van a estar moviliz\u00e1ndose\u201d, manifest\u00f3 el galeno.<br \/>\nEn tanto, el secretario general del Sindicato de Ramas M\u00e9dicas (Sirmes) La Paz, Fernando Romero, lament\u00f3 que las autoridades no hayan tomado en cuenta la propuesta al proyecto de ley que remiti\u00f3 el sector a la C\u00e1mara de Diputados.<br \/>\n\u201cNo han tomado en cuenta ni siquiera un punto, una coma de lo que les hemos pedido que reconsideren (\u2026). Yo recibir\u00eda alrededor de 1.800 cerca de 2.000 bolivianos de renta para llevar a mi casa cuando me jubile en un tiempo m\u00e1s, yo tengo ahorrado mucho m\u00e1s como miles de trabajadores y podr\u00eda recibir una mejor renta, pero la ley 035 me condena a recibir ese miserable aporte de jubilaci\u00f3n y eso es la ley 035, echar a la calle a miles de trabajadores con una renta m\u00ednima que no va alcanzar ni siquiera para cubrir los medicamentos que usamos\u201d, indic\u00f3.<br \/>\nMEDIDA<br \/>\nPor otra parte, los jubilados que forman parte de la vigilia instalada en inmediaciones de la Asamblea Legislativa buscan que el proyecto de ley 035 sea aprobado en sesi\u00f3n de Diputados y as\u00ed levantar esta medida de presi\u00f3n, caso contrario continuar\u00e1n en vigilia.<br \/>\nLa C\u00e1mara de Diputados convoc\u00f3 a una sesi\u00f3n del pleno para las 15:00 horas de ayer. La agenda es extensa e incluye transferencias de predios, un cr\u00e9dito internacional y el proyecto de Ley 035, de modificaci\u00f3n de la Ley de Jubilaci\u00f3n. Hasta el cierre de esta edici\u00f3n continuaban las tratativas.<br \/>\nSITUACI\u00d3N<br \/>\nCazas reiter\u00f3 que su sector pide la eliminaci\u00f3n de la disposici\u00f3n adicional del proyecto de ley 035, no de la norma como tal. Esa disposici\u00f3n adicional \u00fanica establece que, con el fin de cuidar la salud y el bienestar de los adultos mayores, \u201cpara su continuidad laboral podr\u00e1n someterse a un examen m\u00e9dico de aptitud f\u00edsica y mental a cargo del Instituto Nacional de Salud Ocupacional (&#8230;) III. Se encuentran exentos de la aplicaci\u00f3n del Par\u00e1grafo I de la presente disposici\u00f3n, las autoridades electas, designadas y de libre nombramiento\u201d.<br \/>\nLos m\u00e9dicos junto a otros sectores, se movilizaron desde hace varios meses para ser escuchados y ante la advertencia de continuar con sus medidas de protesta, se logr\u00f3 un acuerdo por el que la norma estaba supuestamente \u201ccongelada\u201d en la Comisi\u00f3n de Planificaci\u00f3n, Pol\u00edtica Econ\u00f3mica y Finanzas de la C\u00e1mara de Diputados, presidida por el diputado Omar Yujra. Sin embargo, al parecer, no se respet\u00f3 el convenio.<\/p>\n","protected":false},"excerpt":{"rendered":"<p>Ante los anuncios de que la C\u00e1mara de Diputados iniciar\u00e1 el tratamiento del proyecto de ley 035, el ejecutivo nacional de la Federaci\u00f3n de Sindicatos de Ramas M\u00e9dicas y Salud P\u00fablica (Fesirmes), Daniel Cazas, inform\u00f3 que en asamblea nacional se decidi\u00f3 que, en caso de que se apruebe la mencionada norma con la disposici\u00f3n adicional [&hellip;]<\/p>\n","protected":false},"author":1,"featured_media":248657,"comment_status":"open","ping_status":"open","sticky":false,"template":"","format":"standard","meta":{"_acf_changed":false,"footnotes":""},"categories":[12],"tags":[],"class_list":["post-248656","post","type-post","status-publish","format-standard","has-post-thumbnail","category-nacional"],"acf":{"antetitulo":""},"yoast_head":"<!-- This site is optimized with the Yoast SEO plugin v28.4 - https:\/\/yoast.com\/product\/yoast-seo-wordpress\/ -->\n<title>M\u00e9dicos amenazan con paro de cinco d\u00edas si Diputados trata proyecto de Ley 035 - El Diario - Bolivia<\/title>\n<meta name=\"robots\" content=\"index, follow, max-snippet:-1, max-image-preview:large, max-video-preview:-1\" \/>\n<link rel=\"canonical\" href=\"https:\/\/www.eldiario.net\/portal\/2024\/09\/20\/medicos-amenazan-con-paro-de-cinco-dias-si-diputados-trata-proyecto-de-ley-035\/\" \/>\n<meta property=\"og:locale\" content=\"es_ES\" \/>\n<meta property=\"og:type\" content=\"article\" \/>\n<meta property=\"og:title\" content=\"M\u00e9dicos amenazan con paro de cinco d\u00edas si Diputados trata proyecto de Ley 035 - El Diario - Bolivia\" \/>\n<meta property=\"og:description\" content=\"Ante los anuncios de que la C\u00e1mara de Diputados iniciar\u00e1 el tratamiento del proyecto de ley 035, el ejecutivo nacional de la Federaci\u00f3n de Sindicatos de Ramas M\u00e9dicas y Salud P\u00fablica (Fesirmes), Daniel Cazas, inform\u00f3 que en asamblea nacional se decidi\u00f3 que, en caso de que se apruebe la mencionada norma con la disposici\u00f3n adicional [&hellip;]\" \/>\n<meta property=\"og:url\" content=\"https:\/\/www.eldiario.net\/portal\/2024\/09\/20\/medicos-amenazan-con-paro-de-cinco-dias-si-diputados-trata-proyecto-de-ley-035\/\" \/>\n<meta property=\"og:site_name\" content=\"El Diario - Bolivia\" \/>\n<meta property=\"article:publisher\" content=\"https:\/\/www.facebook.com\/eldiario.bolivia\/\" \/>\n<meta property=\"article:published_time\" content=\"2024-09-20T09:38:59+00:00\" \/>\n<meta property=\"og:image\" content=\"https:\/\/www.eldiario.net\/portal\/wp-content\/uploads\/2024\/09\/F-1-fesirmes.jpg\" \/>\n\t<meta property=\"og:image:width\" content=\"1080\" \/>\n\t<meta property=\"og:image:height\" content=\"509\" \/>\n\t<meta property=\"og:image:type\" content=\"image\/jpeg\" \/>\n<meta name=\"author\" content=\"Jeanette\" \/>\n<meta name=\"twitter:card\" content=\"summary_large_image\" \/>\n<meta name=\"twitter:creator\" content=\"@eldiario_net\" \/>\n<meta name=\"twitter:site\" content=\"@eldiario_net\" \/>\n<meta name=\"twitter:label1\" content=\"Escrito por\" \/>\n\t<meta name=\"twitter:data1\" content=\"Jeanette\" \/>\n\t<meta name=\"twitter:label2\" content=\"Tiempo de lectura\" \/>\n\t<meta name=\"twitter:data2\" content=\"4 minutos\" \/>\n<script type=\"application\/ld+json\" class=\"yoast-schema-graph\">{\"@context\":\"https:\\\/\\\/schema.org\",\"@graph\":[{\"@type\":\"Article\",\"@id\":\"https:\\\/\\\/www.eldiario.net\\\/portal\\\/2024\\\/09\\\/20\\\/medicos-amenazan-con-paro-de-cinco-dias-si-diputados-trata-proyecto-de-ley-035\\\/#article\",\"isPartOf\":{\"@id\":\"https:\\\/\\\/www.eldiario.net\\\/portal\\\/2024\\\/09\\\/20\\\/medicos-amenazan-con-paro-de-cinco-dias-si-diputados-trata-proyecto-de-ley-035\\\/\"},\"author\":{\"name\":\"Jeanette\",\"@id\":\"https:\\\/\\\/www.eldiario.net\\\/portal\\\/#\\\/schema\\\/person\\\/f46445640444750d7d753ccd04ae01b7\"},\"headline\":\"M\u00e9dicos amenazan con paro de cinco d\u00edas si Diputados trata proyecto de Ley 035\",\"datePublished\":\"2024-09-20T09:38:59+00:00\",\"mainEntityOfPage\":{\"@id\":\"https:\\\/\\\/www.eldiario.net\\\/portal\\\/2024\\\/09\\\/20\\\/medicos-amenazan-con-paro-de-cinco-dias-si-diputados-trata-proyecto-de-ley-035\\\/\"},\"wordCount\":853,\"commentCount\":0,\"publisher\":{\"@id\":\"https:\\\/\\\/www.eldiario.net\\\/portal\\\/#organization\"},\"image\":{\"@id\":\"https:\\\/\\\/www.eldiario.net\\\/portal\\\/2024\\\/09\\\/20\\\/medicos-amenazan-con-paro-de-cinco-dias-si-diputados-trata-proyecto-de-ley-035\\\/#primaryimage\"},\"thumbnailUrl\":\"https:\\\/\\\/www.eldiario.net\\\/portal\\\/wp-content\\\/uploads\\\/2024\\\/09\\\/F-1-fesirmes.jpg\",\"articleSection\":[\"Nacional\"],\"inLanguage\":\"es\",\"potentialAction\":[{\"@type\":\"CommentAction\",\"name\":\"Comment\",\"target\":[\"https:\\\/\\\/www.eldiario.net\\\/portal\\\/2024\\\/09\\\/20\\\/medicos-amenazan-con-paro-de-cinco-dias-si-diputados-trata-proyecto-de-ley-035\\\/#respond\"]}]},{\"@type\":\"WebPage\",\"@id\":\"https:\\\/\\\/www.eldiario.net\\\/portal\\\/2024\\\/09\\\/20\\\/medicos-amenazan-con-paro-de-cinco-dias-si-diputados-trata-proyecto-de-ley-035\\\/\",\"url\":\"https:\\\/\\\/www.eldiario.net\\\/portal\\\/2024\\\/09\\\/20\\\/medicos-amenazan-con-paro-de-cinco-dias-si-diputados-trata-proyecto-de-ley-035\\\/\",\"name\":\"M\u00e9dicos amenazan con paro de cinco d\u00edas si Diputados trata proyecto de Ley 035 - El Diario - Bolivia\",\"isPartOf\":{\"@id\":\"https:\\\/\\\/www.eldiario.net\\\/portal\\\/#website\"},\"primaryImageOfPage\":{\"@id\":\"https:\\\/\\\/www.eldiario.net\\\/portal\\\/2024\\\/09\\\/20\\\/medicos-amenazan-con-paro-de-cinco-dias-si-diputados-trata-proyecto-de-ley-035\\\/#primaryimage\"},\"image\":{\"@id\":\"https:\\\/\\\/www.eldiario.net\\\/portal\\\/2024\\\/09\\\/20\\\/medicos-amenazan-con-paro-de-cinco-dias-si-diputados-trata-proyecto-de-ley-035\\\/#primaryimage\"},\"thumbnailUrl\":\"https:\\\/\\\/www.eldiario.net\\\/portal\\\/wp-content\\\/uploads\\\/2024\\\/09\\\/F-1-fesirmes.jpg\",\"datePublished\":\"2024-09-20T09:38:59+00:00\",\"breadcrumb\":{\"@id\":\"https:\\\/\\\/www.eldiario.net\\\/portal\\\/2024\\\/09\\\/20\\\/medicos-amenazan-con-paro-de-cinco-dias-si-diputados-trata-proyecto-de-ley-035\\\/#breadcrumb\"},\"inLanguage\":\"es\",\"potentialAction\":[{\"@type\":\"ReadAction\",\"target\":[\"https:\\\/\\\/www.eldiario.net\\\/portal\\\/2024\\\/09\\\/20\\\/medicos-amenazan-con-paro-de-cinco-dias-si-diputados-trata-proyecto-de-ley-035\\\/\"]}]},{\"@type\":\"ImageObject\",\"inLanguage\":\"es\",\"@id\":\"https:\\\/\\\/www.eldiario.net\\\/portal\\\/2024\\\/09\\\/20\\\/medicos-amenazan-con-paro-de-cinco-dias-si-diputados-trata-proyecto-de-ley-035\\\/#primaryimage\",\"url\":\"https:\\\/\\\/www.eldiario.net\\\/portal\\\/wp-content\\\/uploads\\\/2024\\\/09\\\/F-1-fesirmes.jpg\",\"contentUrl\":\"https:\\\/\\\/www.eldiario.net\\\/portal\\\/wp-content\\\/uploads\\\/2024\\\/09\\\/F-1-fesirmes.jpg\",\"width\":1080,\"height\":509,\"caption\":\"El ejecutivo nacional de la Fesirmes, Daniel Cazas, junto a otros representantes del sector.\"},{\"@type\":\"BreadcrumbList\",\"@id\":\"https:\\\/\\\/www.eldiario.net\\\/portal\\\/2024\\\/09\\\/20\\\/medicos-amenazan-con-paro-de-cinco-dias-si-diputados-trata-proyecto-de-ley-035\\\/#breadcrumb\",\"itemListElement\":[{\"@type\":\"ListItem\",\"position\":1,\"name\":\"Portada\",\"item\":\"https:\\\/\\\/www.eldiario.net\\\/portal\\\/\"},{\"@type\":\"ListItem\",\"position\":2,\"name\":\"M\u00e9dicos amenazan con paro de cinco d\u00edas si Diputados trata proyecto de Ley 035\"}]},{\"@type\":\"WebSite\",\"@id\":\"https:\\\/\\\/www.eldiario.net\\\/portal\\\/#website\",\"url\":\"https:\\\/\\\/www.eldiario.net\\\/portal\\\/\",\"name\":\"El Diario - Decano de la prensa nacional\",\"description\":\"El Diario - Decano de la prensa nacional\",\"publisher\":{\"@id\":\"https:\\\/\\\/www.eldiario.net\\\/portal\\\/#organization\"},\"potentialAction\":[{\"@type\":\"SearchAction\",\"target\":{\"@type\":\"EntryPoint\",\"urlTemplate\":\"https:\\\/\\\/www.eldiario.net\\\/portal\\\/?s={search_term_string}\"},\"query-input\":{\"@type\":\"PropertyValueSpecification\",\"valueRequired\":true,\"valueName\":\"search_term_string\"}}],\"inLanguage\":\"es\"},{\"@type\":\"Organization\",\"@id\":\"https:\\\/\\\/www.eldiario.net\\\/portal\\\/#organization\",\"name\":\"El Diario - Decano de la prensa nacional\",\"url\":\"https:\\\/\\\/www.eldiario.net\\\/portal\\\/\",\"logo\":{\"@type\":\"ImageObject\",\"inLanguage\":\"es\",\"@id\":\"https:\\\/\\\/www.eldiario.net\\\/portal\\\/#\\\/schema\\\/logo\\\/image\\\/\",\"url\":\"https:\\\/\\\/www.eldiario.net\\\/portal\\\/wp-content\\\/uploads\\\/2023\\\/07\\\/logo_ED.jpg\",\"contentUrl\":\"https:\\\/\\\/www.eldiario.net\\\/portal\\\/wp-content\\\/uploads\\\/2023\\\/07\\\/logo_ED.jpg\",\"width\":272,\"height\":52,\"caption\":\"El Diario - Decano de la prensa nacional\"},\"image\":{\"@id\":\"https:\\\/\\\/www.eldiario.net\\\/portal\\\/#\\\/schema\\\/logo\\\/image\\\/\"},\"sameAs\":[\"https:\\\/\\\/www.facebook.com\\\/eldiario.bolivia\\\/\",\"https:\\\/\\\/x.com\\\/eldiario_net\"]},{\"@type\":\"Person\",\"@id\":\"https:\\\/\\\/www.eldiario.net\\\/portal\\\/#\\\/schema\\\/person\\\/f46445640444750d7d753ccd04ae01b7\",\"name\":\"Jeanette\",\"image\":{\"@type\":\"ImageObject\",\"inLanguage\":\"es\",\"@id\":\"https:\\\/\\\/secure.gravatar.com\\\/avatar\\\/3ea2118a5f7dad2b7138b1187a6b7ee55f160b9968b66013c3a3ef39dd7e5798?s=96&d=mm&r=g\",\"url\":\"https:\\\/\\\/secure.gravatar.com\\\/avatar\\\/3ea2118a5f7dad2b7138b1187a6b7ee55f160b9968b66013c3a3ef39dd7e5798?s=96&d=mm&r=g\",\"contentUrl\":\"https:\\\/\\\/secure.gravatar.com\\\/avatar\\\/3ea2118a5f7dad2b7138b1187a6b7ee55f160b9968b66013c3a3ef39dd7e5798?s=96&d=mm&r=g\",\"caption\":\"Jeanette\"},\"sameAs\":[\"https:\\\/\\\/www.eldiario.net\\\/portal\"],\"url\":\"https:\\\/\\\/www.eldiario.net\\\/portal\\\/author\\\/jeanette\\\/\"}]}<\/script>\n<!-- \/ Yoast SEO plugin. -->","yoast_head_json":{"title":"M\u00e9dicos amenazan con paro de cinco d\u00edas si Diputados trata proyecto de Ley 035 - El Diario - Bolivia","robots":{"index":"index","follow":"follow","max-snippet":"max-snippet:-1","max-image-preview":"max-image-preview:large","max-video-preview":"max-video-preview:-1"},"canonical":"https:\/\/www.eldiario.net\/portal\/2024\/09\/20\/medicos-amenazan-con-paro-de-cinco-dias-si-diputados-trata-proyecto-de-ley-035\/","og_locale":"es_ES","og_type":"article","og_title":"M\u00e9dicos amenazan con paro de cinco d\u00edas si Diputados trata proyecto de Ley 035 - El Diario - Bolivia","og_description":"Ante los anuncios de que la C\u00e1mara de Diputados iniciar\u00e1 el tratamiento del proyecto de ley 035, el ejecutivo nacional de la Federaci\u00f3n de Sindicatos de Ramas M\u00e9dicas y Salud P\u00fablica (Fesirmes), Daniel Cazas, inform\u00f3 que en asamblea nacional se decidi\u00f3 que, en caso de que se apruebe la mencionada norma con la disposici\u00f3n adicional [&hellip;]","og_url":"https:\/\/www.eldiario.net\/portal\/2024\/09\/20\/medicos-amenazan-con-paro-de-cinco-dias-si-diputados-trata-proyecto-de-ley-035\/","og_site_name":"El Diario - Bolivia","article_publisher":"https:\/\/www.facebook.com\/eldiario.bolivia\/","article_published_time":"2024-09-20T09:38:59+00:00","og_image":[{"width":1080,"height":509,"url":"https:\/\/www.eldiario.net\/portal\/wp-content\/uploads\/2024\/09\/F-1-fesirmes.jpg","type":"image\/jpeg"}],"author":"Jeanette","twitter_card":"summary_large_image","twitter_creator":"@eldiario_net","twitter_site":"@eldiario_net","twitter_misc":{"Escrito por":"Jeanette","Tiempo de lectura":"4 minutos"},"schema":{"@context":"https:\/\/schema.org","@graph":[{"@type":"Article","@id":"https:\/\/www.eldiario.net\/portal\/2024\/09\/20\/medicos-amenazan-con-paro-de-cinco-dias-si-diputados-trata-proyecto-de-ley-035\/#article","isPartOf":{"@id":"https:\/\/www.eldiario.net\/portal\/2024\/09\/20\/medicos-amenazan-con-paro-de-cinco-dias-si-diputados-trata-proyecto-de-ley-035\/"},"author":{"name":"Jeanette","@id":"https:\/\/www.eldiario.net\/portal\/#\/schema\/person\/f46445640444750d7d753ccd04ae01b7"},"headline":"M\u00e9dicos amenazan con paro de cinco d\u00edas si Diputados trata proyecto de Ley 035","datePublished":"2024-09-20T09:38:59+00:00","mainEntityOfPage":{"@id":"https:\/\/www.eldiario.net\/portal\/2024\/09\/20\/medicos-amenazan-con-paro-de-cinco-dias-si-diputados-trata-proyecto-de-ley-035\/"},"wordCount":853,"commentCount":0,"publisher":{"@id":"https:\/\/www.eldiario.net\/portal\/#organization"},"image":{"@id":"https:\/\/www.eldiario.net\/portal\/2024\/09\/20\/medicos-amenazan-con-paro-de-cinco-dias-si-diputados-trata-proyecto-de-ley-035\/#primaryimage"},"thumbnailUrl":"https:\/\/www.eldiario.net\/portal\/wp-content\/uploads\/2024\/09\/F-1-fesirmes.jpg","articleSection":["Nacional"],"inLanguage":"es","potentialAction":[{"@type":"CommentAction","name":"Comment","target":["https:\/\/www.eldiario.net\/portal\/2024\/09\/20\/medicos-amenazan-con-paro-de-cinco-dias-si-diputados-trata-proyecto-de-ley-035\/#respond"]}]},{"@type":"WebPage","@id":"https:\/\/www.eldiario.net\/portal\/2024\/09\/20\/medicos-amenazan-con-paro-de-cinco-dias-si-diputados-trata-proyecto-de-ley-035\/","url":"https:\/\/www.eldiario.net\/portal\/2024\/09\/20\/medicos-amenazan-con-paro-de-cinco-dias-si-diputados-trata-proyecto-de-ley-035\/","name":"M\u00e9dicos amenazan con paro de cinco d\u00edas si Diputados trata proyecto de Ley 035 - El Diario - Bolivia","isPartOf":{"@id":"https:\/\/www.eldiario.net\/portal\/#website"},"primaryImageOfPage":{"@id":"https:\/\/www.eldiario.net\/portal\/2024\/09\/20\/medicos-amenazan-con-paro-de-cinco-dias-si-diputados-trata-proyecto-de-ley-035\/#primaryimage"},"image":{"@id":"https:\/\/www.eldiario.net\/portal\/2024\/09\/20\/medicos-amenazan-con-paro-de-cinco-dias-si-diputados-trata-proyecto-de-ley-035\/#primaryimage"},"thumbnailUrl":"https:\/\/www.eldiario.net\/portal\/wp-content\/uploads\/2024\/09\/F-1-fesirmes.jpg","datePublished":"2024-09-20T09:38:59+00:00","breadcrumb":{"@id":"https:\/\/www.eldiario.net\/portal\/2024\/09\/20\/medicos-amenazan-con-paro-de-cinco-dias-si-diputados-trata-proyecto-de-ley-035\/#breadcrumb"},"inLanguage":"es","potentialAction":[{"@type":"ReadAction","target":["https:\/\/www.eldiario.net\/portal\/2024\/09\/20\/medicos-amenazan-con-paro-de-cinco-dias-si-diputados-trata-proyecto-de-ley-035\/"]}]},{"@type":"ImageObject","inLanguage":"es","@id":"https:\/\/www.eldiario.net\/portal\/2024\/09\/20\/medicos-amenazan-con-paro-de-cinco-dias-si-diputados-trata-proyecto-de-ley-035\/#primaryimage","url":"https:\/\/www.eldiario.net\/portal\/wp-content\/uploads\/2024\/09\/F-1-fesirmes.jpg","contentUrl":"https:\/\/www.eldiario.net\/portal\/wp-content\/uploads\/2024\/09\/F-1-fesirmes.jpg","width":1080,"height":509,"caption":"El ejecutivo nacional de la Fesirmes, Daniel Cazas, junto a otros representantes del sector."},{"@type":"BreadcrumbList","@id":"https:\/\/www.eldiario.net\/portal\/2024\/09\/20\/medicos-amenazan-con-paro-de-cinco-dias-si-diputados-trata-proyecto-de-ley-035\/#breadcrumb","itemListElement":[{"@type":"ListItem","position":1,"name":"Portada","item":"https:\/\/www.eldiario.net\/portal\/"},{"@type":"ListItem","position":2,"name":"M\u00e9dicos amenazan con paro de cinco d\u00edas si Diputados trata proyecto de Ley 035"}]},{"@type":"WebSite","@id":"https:\/\/www.eldiario.net\/portal\/#website","url":"https:\/\/www.eldiario.net\/portal\/","name":"El Diario - Decano de la prensa nacional","description":"El Diario - Decano de la prensa nacional","publisher":{"@id":"https:\/\/www.eldiario.net\/portal\/#organization"},"potentialAction":[{"@type":"SearchAction","target":{"@type":"EntryPoint","urlTemplate":"https:\/\/www.eldiario.net\/portal\/?s={search_term_string}"},"query-input":{"@type":"PropertyValueSpecification","valueRequired":true,"valueName":"search_term_string"}}],"inLanguage":"es"},{"@type":"Organization","@id":"https:\/\/www.eldiario.net\/portal\/#organization","name":"El Diario - Decano de la prensa nacional","url":"https:\/\/www.eldiario.net\/portal\/","logo":{"@type":"ImageObject","inLanguage":"es","@id":"https:\/\/www.eldiario.net\/portal\/#\/schema\/logo\/image\/","url":"https:\/\/www.eldiario.net\/portal\/wp-content\/uploads\/2023\/07\/logo_ED.jpg","contentUrl":"https:\/\/www.eldiario.net\/portal\/wp-content\/uploads\/2023\/07\/logo_ED.jpg","width":272,"height":52,"caption":"El Diario - Decano de la prensa nacional"},"image":{"@id":"https:\/\/www.eldiario.net\/portal\/#\/schema\/logo\/image\/"},"sameAs":["https:\/\/www.facebook.com\/eldiario.bolivia\/","https:\/\/x.com\/eldiario_net"]},{"@type":"Person","@id":"https:\/\/www.eldiario.net\/portal\/#\/schema\/person\/f46445640444750d7d753ccd04ae01b7","name":"Jeanette","image":{"@type":"ImageObject","inLanguage":"es","@id":"https:\/\/secure.gravatar.com\/avatar\/3ea2118a5f7dad2b7138b1187a6b7ee55f160b9968b66013c3a3ef39dd7e5798?s=96&d=mm&r=g","url":"https:\/\/secure.gravatar.com\/avatar\/3ea2118a5f7dad2b7138b1187a6b7ee55f160b9968b66013c3a3ef39dd7e5798?s=96&d=mm&r=g","contentUrl":"https:\/\/secure.gravatar.com\/avatar\/3ea2118a5f7dad2b7138b1187a6b7ee55f160b9968b66013c3a3ef39dd7e5798?s=96&d=mm&r=g","caption":"Jeanette"},"sameAs":["https:\/\/www.eldiario.net\/portal"],"url":"https:\/\/www.eldiario.net\/portal\/author\/jeanette\/"}]}},"_links":{"self":[{"href":"https:\/\/www.eldiario.net\/portal\/wp-json\/wp\/v2\/posts\/248656","targetHints":{"allow":["GET"]}}],"collection":[{"href":"https:\/\/www.eldiario.net\/portal\/wp-json\/wp\/v2\/posts"}],"about":[{"href":"https:\/\/www.eldiario.net\/portal\/wp-json\/wp\/v2\/types\/post"}],"author":[{"embeddable":true,"href":"https:\/\/www.eldiario.net\/portal\/wp-json\/wp\/v2\/users\/1"}],"replies":[{"embeddable":true,"href":"https:\/\/www.eldiario.net\/portal\/wp-json\/wp\/v2\/comments?post=248656"}],"version-history":[{"count":1,"href":"https:\/\/www.eldiario.net\/portal\/wp-json\/wp\/v2\/posts\/248656\/revisions"}],"predecessor-version":[{"id":248658,"href":"https:\/\/www.eldiario.net\/portal\/wp-json\/wp\/v2\/posts\/248656\/revisions\/248658"}],"wp:featuredmedia":[{"embeddable":true,"href":"https:\/\/www.eldiario.net\/portal\/wp-json\/wp\/v2\/media\/248657"}],"wp:attachment":[{"href":"https:\/\/www.eldiario.net\/portal\/wp-json\/wp\/v2\/media?parent=248656"}],"wp:term":[{"taxonomy":"category","embeddable":true,"href":"https:\/\/www.eldiario.net\/portal\/wp-json\/wp\/v2\/categories?post=248656"},{"taxonomy":"post_tag","embeddable":true,"href":"https:\/\/www.eldiario.net\/portal\/wp-json\/wp\/v2\/tags?post=248656"}],"curies":[{"name":"wp","href":"https:\/\/api.w.org\/{rel}","templated":true}]}}