{"id":248653,"date":"2024-09-20T05:38:25","date_gmt":"2024-09-20T09:38:25","guid":{"rendered":"https:\/\/www.eldiario.net\/portal\/?p=248653"},"modified":"2024-09-20T05:38:25","modified_gmt":"2024-09-20T09:38:25","slug":"preparan-accion-popular-para-detener-trabajos-de-ciclovia","status":"publish","type":"post","link":"https:\/\/www.eldiario.net\/portal\/2024\/09\/20\/preparan-accion-popular-para-detener-trabajos-de-ciclovia\/","title":{"rendered":"Preparan Acci\u00f3n Popular para  detener trabajos de ciclov\u00eda"},"content":{"rendered":"<p>Luego de varios reclamos de la ciudadan\u00eda respecto a la ciclov\u00eda implementada en la zona Sur de La Paz, la vicepresidenta del Concejo Municipal de La Paz, Roxana P\u00e9rez del Castillo, anunci\u00f3 la presentaci\u00f3n de una Acci\u00f3n Popular para frenar esas obras, por presuntos perjuicios y da\u00f1o econ\u00f3mico a la urbe.<br \/>\n\u201cLa tenemos preparada (la Acci\u00f3n Popular), pero necesitamos que las juntas (vecinales), las asociaciones y representatividad del Macrodistrito Sur, se sumen y podamos interponer la misma, lo voy a hacer en calidad de concejal\u201d, manifest\u00f3 la legisladora.<br \/>\nDe acuerdo con P\u00e9rez Del Castillo, la medida obedecer\u00eda a que la obra no es beneficiosa para ese sector pace\u00f1o y que, por el contrario, ocasiona serios problemas, por ejemplo, de tr\u00e1fico.<br \/>\n\u201c(Nos preparamos) para interponer una acci\u00f3n popular en contra de una obra que claramente no le trae beneficios a ninguna de las zonas que se ven involucradas, que pone en peligro a los ciclistas, que no tiene criterios t\u00e9cnicos\u201d, sostuvo.<br \/>\nLa construcci\u00f3n de la ciclov\u00eda, para varias personas que EL DIARIO consult\u00f3 en diferentes oportunidades y para otras personas que expresaron su descontento mediante redes sociales, no beneficia al sector donde est\u00e1 el primer tramo. Pues la Calle 21 de Calacoto es conocido por ser un lugar comercial y con tr\u00e1fico constante.<br \/>\nAunque, casi todos est\u00e1n de acuerdo con que La Paz cuente con este tipo de obras, la mayor\u00eda de los vecinos se\u00f1al\u00f3 que su ubicaci\u00f3n es uno de los principales problemas. Tambi\u00e9n indicaron que la falta de planificaci\u00f3n y socializaci\u00f3n se hace evidente porque hay incremento de congestionamiento vehicular.<br \/>\nAsimismo, los vecinos y due\u00f1os de negocios, aseguran que tambi\u00e9n les perjudica en sus labores cotidianas. \u201cNo hay caso de tomar un minib\u00fas\u201d, \u201cel cliente no se puede parquear para hacer sus compras\u201d, \u201ces dif\u00edcil descargar o cargar los paquetes\u201d, fueron algunas de los reclamos.<br \/>\nLa Alcald\u00eda de La Paz instala la infraestructura de la v\u00eda entre la avenida Costanera y la avenida Ballivi\u00e1n, en plena Juan Jos\u00e9 Zalles (Calle 21), en su primer tramo.<br \/>\nDe acuerdo con la Secretar\u00eda de Movilidad, la obra ser\u00e1 implementada en las zonas de Calacoto, Irpavi y San Miguel, con el fin de reordenar el espacio p\u00fablico, ofrecer nueva infraestructura y mejorar la seguridad vial de las personas, entre otros.<\/p>\n","protected":false},"excerpt":{"rendered":"<p>Luego de varios reclamos de la ciudadan\u00eda respecto a la ciclov\u00eda implementada en la zona Sur de La Paz, la vicepresidenta del Concejo Municipal de La Paz, Roxana P\u00e9rez del Castillo, anunci\u00f3 la presentaci\u00f3n de una Acci\u00f3n Popular para frenar esas obras, por presuntos perjuicios y da\u00f1o econ\u00f3mico a la urbe. \u201cLa tenemos preparada (la [&hellip;]<\/p>\n","protected":false},"author":1,"featured_media":248654,"comment_status":"open","ping_status":"open","sticky":false,"template":"","format":"standard","meta":{"_acf_changed":false,"footnotes":""},"categories":[12],"tags":[],"class_list":["post-248653","post","type-post","status-publish","format-standard","has-post-thumbnail","category-nacional"],"acf":{"antetitulo":""},"yoast_head":"<!-- This site is optimized with the Yoast SEO plugin v28.4 - https:\/\/yoast.com\/product\/yoast-seo-wordpress\/ -->\n<title>Preparan Acci\u00f3n Popular para detener trabajos de ciclov\u00eda - El Diario - Bolivia<\/title>\n<meta name=\"robots\" content=\"index, follow, max-snippet:-1, max-image-preview:large, max-video-preview:-1\" \/>\n<link rel=\"canonical\" href=\"https:\/\/www.eldiario.net\/portal\/2024\/09\/20\/preparan-accion-popular-para-detener-trabajos-de-ciclovia\/\" \/>\n<meta property=\"og:locale\" content=\"es_ES\" \/>\n<meta property=\"og:type\" content=\"article\" \/>\n<meta property=\"og:title\" content=\"Preparan Acci\u00f3n Popular para detener trabajos de ciclov\u00eda - El Diario - Bolivia\" \/>\n<meta property=\"og:description\" content=\"Luego de varios reclamos de la ciudadan\u00eda respecto a la ciclov\u00eda implementada en la zona Sur de La Paz, la vicepresidenta del Concejo Municipal de La Paz, Roxana P\u00e9rez del Castillo, anunci\u00f3 la presentaci\u00f3n de una Acci\u00f3n Popular para frenar esas obras, por presuntos perjuicios y da\u00f1o econ\u00f3mico a la urbe. \u201cLa tenemos preparada (la [&hellip;]\" \/>\n<meta property=\"og:url\" content=\"https:\/\/www.eldiario.net\/portal\/2024\/09\/20\/preparan-accion-popular-para-detener-trabajos-de-ciclovia\/\" \/>\n<meta property=\"og:site_name\" content=\"El Diario - Bolivia\" \/>\n<meta property=\"article:publisher\" content=\"https:\/\/www.facebook.com\/eldiario.bolivia\/\" \/>\n<meta property=\"article:published_time\" content=\"2024-09-20T09:38:25+00:00\" \/>\n<meta property=\"og:image\" content=\"https:\/\/www.eldiario.net\/portal\/wp-content\/uploads\/2024\/09\/F-2-accion.jpg\" \/>\n\t<meta property=\"og:image:width\" content=\"1200\" \/>\n\t<meta property=\"og:image:height\" content=\"800\" \/>\n\t<meta property=\"og:image:type\" content=\"image\/jpeg\" \/>\n<meta name=\"author\" content=\"Jeanette\" \/>\n<meta name=\"twitter:card\" content=\"summary_large_image\" \/>\n<meta name=\"twitter:creator\" content=\"@eldiario_net\" \/>\n<meta name=\"twitter:site\" content=\"@eldiario_net\" \/>\n<meta name=\"twitter:label1\" content=\"Escrito por\" \/>\n\t<meta name=\"twitter:data1\" content=\"Jeanette\" \/>\n\t<meta name=\"twitter:label2\" content=\"Tiempo de lectura\" \/>\n\t<meta name=\"twitter:data2\" content=\"2 minutos\" \/>\n<script type=\"application\/ld+json\" class=\"yoast-schema-graph\">{\"@context\":\"https:\\\/\\\/schema.org\",\"@graph\":[{\"@type\":\"Article\",\"@id\":\"https:\\\/\\\/www.eldiario.net\\\/portal\\\/2024\\\/09\\\/20\\\/preparan-accion-popular-para-detener-trabajos-de-ciclovia\\\/#article\",\"isPartOf\":{\"@id\":\"https:\\\/\\\/www.eldiario.net\\\/portal\\\/2024\\\/09\\\/20\\\/preparan-accion-popular-para-detener-trabajos-de-ciclovia\\\/\"},\"author\":{\"name\":\"Jeanette\",\"@id\":\"https:\\\/\\\/www.eldiario.net\\\/portal\\\/#\\\/schema\\\/person\\\/2c57cf2b7a7ae032e449e4c9b1019eac\"},\"headline\":\"Preparan Acci\u00f3n Popular para detener trabajos de ciclov\u00eda\",\"datePublished\":\"2024-09-20T09:38:25+00:00\",\"mainEntityOfPage\":{\"@id\":\"https:\\\/\\\/www.eldiario.net\\\/portal\\\/2024\\\/09\\\/20\\\/preparan-accion-popular-para-detener-trabajos-de-ciclovia\\\/\"},\"wordCount\":418,\"commentCount\":0,\"publisher\":{\"@id\":\"https:\\\/\\\/www.eldiario.net\\\/portal\\\/#organization\"},\"image\":{\"@id\":\"https:\\\/\\\/www.eldiario.net\\\/portal\\\/2024\\\/09\\\/20\\\/preparan-accion-popular-para-detener-trabajos-de-ciclovia\\\/#primaryimage\"},\"thumbnailUrl\":\"https:\\\/\\\/www.eldiario.net\\\/portal\\\/wp-content\\\/uploads\\\/2024\\\/09\\\/F-2-accion.jpg\",\"articleSection\":[\"Nacional\"],\"inLanguage\":\"es\",\"potentialAction\":[{\"@type\":\"CommentAction\",\"name\":\"Comment\",\"target\":[\"https:\\\/\\\/www.eldiario.net\\\/portal\\\/2024\\\/09\\\/20\\\/preparan-accion-popular-para-detener-trabajos-de-ciclovia\\\/#respond\"]}]},{\"@type\":\"WebPage\",\"@id\":\"https:\\\/\\\/www.eldiario.net\\\/portal\\\/2024\\\/09\\\/20\\\/preparan-accion-popular-para-detener-trabajos-de-ciclovia\\\/\",\"url\":\"https:\\\/\\\/www.eldiario.net\\\/portal\\\/2024\\\/09\\\/20\\\/preparan-accion-popular-para-detener-trabajos-de-ciclovia\\\/\",\"name\":\"Preparan Acci\u00f3n Popular para detener trabajos de ciclov\u00eda - El Diario - Bolivia\",\"isPartOf\":{\"@id\":\"https:\\\/\\\/www.eldiario.net\\\/portal\\\/#website\"},\"primaryImageOfPage\":{\"@id\":\"https:\\\/\\\/www.eldiario.net\\\/portal\\\/2024\\\/09\\\/20\\\/preparan-accion-popular-para-detener-trabajos-de-ciclovia\\\/#primaryimage\"},\"image\":{\"@id\":\"https:\\\/\\\/www.eldiario.net\\\/portal\\\/2024\\\/09\\\/20\\\/preparan-accion-popular-para-detener-trabajos-de-ciclovia\\\/#primaryimage\"},\"thumbnailUrl\":\"https:\\\/\\\/www.eldiario.net\\\/portal\\\/wp-content\\\/uploads\\\/2024\\\/09\\\/F-2-accion.jpg\",\"datePublished\":\"2024-09-20T09:38:25+00:00\",\"breadcrumb\":{\"@id\":\"https:\\\/\\\/www.eldiario.net\\\/portal\\\/2024\\\/09\\\/20\\\/preparan-accion-popular-para-detener-trabajos-de-ciclovia\\\/#breadcrumb\"},\"inLanguage\":\"es\",\"potentialAction\":[{\"@type\":\"ReadAction\",\"target\":[\"https:\\\/\\\/www.eldiario.net\\\/portal\\\/2024\\\/09\\\/20\\\/preparan-accion-popular-para-detener-trabajos-de-ciclovia\\\/\"]}]},{\"@type\":\"ImageObject\",\"inLanguage\":\"es\",\"@id\":\"https:\\\/\\\/www.eldiario.net\\\/portal\\\/2024\\\/09\\\/20\\\/preparan-accion-popular-para-detener-trabajos-de-ciclovia\\\/#primaryimage\",\"url\":\"https:\\\/\\\/www.eldiario.net\\\/portal\\\/wp-content\\\/uploads\\\/2024\\\/09\\\/F-2-accion.jpg\",\"contentUrl\":\"https:\\\/\\\/www.eldiario.net\\\/portal\\\/wp-content\\\/uploads\\\/2024\\\/09\\\/F-2-accion.jpg\",\"width\":1200,\"height\":800,\"caption\":\"Un primer tramo de la ciclov\u00eda que est\u00e1 en la zona Sur pace\u00f1a.\"},{\"@type\":\"BreadcrumbList\",\"@id\":\"https:\\\/\\\/www.eldiario.net\\\/portal\\\/2024\\\/09\\\/20\\\/preparan-accion-popular-para-detener-trabajos-de-ciclovia\\\/#breadcrumb\",\"itemListElement\":[{\"@type\":\"ListItem\",\"position\":1,\"name\":\"Portada\",\"item\":\"https:\\\/\\\/www.eldiario.net\\\/portal\\\/\"},{\"@type\":\"ListItem\",\"position\":2,\"name\":\"Preparan Acci\u00f3n Popular para detener trabajos de ciclov\u00eda\"}]},{\"@type\":\"WebSite\",\"@id\":\"https:\\\/\\\/www.eldiario.net\\\/portal\\\/#website\",\"url\":\"https:\\\/\\\/www.eldiario.net\\\/portal\\\/\",\"name\":\"El Diario - Decano de la prensa nacional\",\"description\":\"El Diario - Decano de la prensa nacional\",\"publisher\":{\"@id\":\"https:\\\/\\\/www.eldiario.net\\\/portal\\\/#organization\"},\"potentialAction\":[{\"@type\":\"SearchAction\",\"target\":{\"@type\":\"EntryPoint\",\"urlTemplate\":\"https:\\\/\\\/www.eldiario.net\\\/portal\\\/?s={search_term_string}\"},\"query-input\":{\"@type\":\"PropertyValueSpecification\",\"valueRequired\":true,\"valueName\":\"search_term_string\"}}],\"inLanguage\":\"es\"},{\"@type\":\"Organization\",\"@id\":\"https:\\\/\\\/www.eldiario.net\\\/portal\\\/#organization\",\"name\":\"El Diario - Decano de la prensa nacional\",\"url\":\"https:\\\/\\\/www.eldiario.net\\\/portal\\\/\",\"logo\":{\"@type\":\"ImageObject\",\"inLanguage\":\"es\",\"@id\":\"https:\\\/\\\/www.eldiario.net\\\/portal\\\/#\\\/schema\\\/logo\\\/image\\\/\",\"url\":\"https:\\\/\\\/www.eldiario.net\\\/portal\\\/wp-content\\\/uploads\\\/2023\\\/07\\\/logo_ED.jpg\",\"contentUrl\":\"https:\\\/\\\/www.eldiario.net\\\/portal\\\/wp-content\\\/uploads\\\/2023\\\/07\\\/logo_ED.jpg\",\"width\":272,\"height\":52,\"caption\":\"El Diario - Decano de la prensa nacional\"},\"image\":{\"@id\":\"https:\\\/\\\/www.eldiario.net\\\/portal\\\/#\\\/schema\\\/logo\\\/image\\\/\"},\"sameAs\":[\"https:\\\/\\\/www.facebook.com\\\/eldiario.bolivia\\\/\",\"https:\\\/\\\/x.com\\\/eldiario_net\"]},{\"@type\":\"Person\",\"@id\":\"https:\\\/\\\/www.eldiario.net\\\/portal\\\/#\\\/schema\\\/person\\\/2c57cf2b7a7ae032e449e4c9b1019eac\",\"name\":\"Jeanette\",\"image\":{\"@type\":\"ImageObject\",\"inLanguage\":\"es\",\"@id\":\"https:\\\/\\\/secure.gravatar.com\\\/avatar\\\/3ea2118a5f7dad2b7138b1187a6b7ee55f160b9968b66013c3a3ef39dd7e5798?s=96&d=mm&r=g\",\"url\":\"https:\\\/\\\/secure.gravatar.com\\\/avatar\\\/3ea2118a5f7dad2b7138b1187a6b7ee55f160b9968b66013c3a3ef39dd7e5798?s=96&d=mm&r=g\",\"contentUrl\":\"https:\\\/\\\/secure.gravatar.com\\\/avatar\\\/3ea2118a5f7dad2b7138b1187a6b7ee55f160b9968b66013c3a3ef39dd7e5798?s=96&d=mm&r=g\",\"caption\":\"Jeanette\"},\"sameAs\":[\"https:\\\/\\\/www.eldiario.net\\\/portal\"],\"url\":\"https:\\\/\\\/www.eldiario.net\\\/portal\\\/author\\\/jeanette\\\/\"}]}<\/script>\n<!-- \/ Yoast SEO plugin. -->","yoast_head_json":{"title":"Preparan Acci\u00f3n Popular para detener trabajos de ciclov\u00eda - El Diario - Bolivia","robots":{"index":"index","follow":"follow","max-snippet":"max-snippet:-1","max-image-preview":"max-image-preview:large","max-video-preview":"max-video-preview:-1"},"canonical":"https:\/\/www.eldiario.net\/portal\/2024\/09\/20\/preparan-accion-popular-para-detener-trabajos-de-ciclovia\/","og_locale":"es_ES","og_type":"article","og_title":"Preparan Acci\u00f3n Popular para detener trabajos de ciclov\u00eda - El Diario - Bolivia","og_description":"Luego de varios reclamos de la ciudadan\u00eda respecto a la ciclov\u00eda implementada en la zona Sur de La Paz, la vicepresidenta del Concejo Municipal de La Paz, Roxana P\u00e9rez del Castillo, anunci\u00f3 la presentaci\u00f3n de una Acci\u00f3n Popular para frenar esas obras, por presuntos perjuicios y da\u00f1o econ\u00f3mico a la urbe. \u201cLa tenemos preparada (la [&hellip;]","og_url":"https:\/\/www.eldiario.net\/portal\/2024\/09\/20\/preparan-accion-popular-para-detener-trabajos-de-ciclovia\/","og_site_name":"El Diario - Bolivia","article_publisher":"https:\/\/www.facebook.com\/eldiario.bolivia\/","article_published_time":"2024-09-20T09:38:25+00:00","og_image":[{"width":1200,"height":800,"url":"https:\/\/www.eldiario.net\/portal\/wp-content\/uploads\/2024\/09\/F-2-accion.jpg","type":"image\/jpeg"}],"author":"Jeanette","twitter_card":"summary_large_image","twitter_creator":"@eldiario_net","twitter_site":"@eldiario_net","twitter_misc":{"Escrito por":"Jeanette","Tiempo de lectura":"2 minutos"},"schema":{"@context":"https:\/\/schema.org","@graph":[{"@type":"Article","@id":"https:\/\/www.eldiario.net\/portal\/2024\/09\/20\/preparan-accion-popular-para-detener-trabajos-de-ciclovia\/#article","isPartOf":{"@id":"https:\/\/www.eldiario.net\/portal\/2024\/09\/20\/preparan-accion-popular-para-detener-trabajos-de-ciclovia\/"},"author":{"name":"Jeanette","@id":"https:\/\/www.eldiario.net\/portal\/#\/schema\/person\/2c57cf2b7a7ae032e449e4c9b1019eac"},"headline":"Preparan Acci\u00f3n Popular para detener trabajos de ciclov\u00eda","datePublished":"2024-09-20T09:38:25+00:00","mainEntityOfPage":{"@id":"https:\/\/www.eldiario.net\/portal\/2024\/09\/20\/preparan-accion-popular-para-detener-trabajos-de-ciclovia\/"},"wordCount":418,"commentCount":0,"publisher":{"@id":"https:\/\/www.eldiario.net\/portal\/#organization"},"image":{"@id":"https:\/\/www.eldiario.net\/portal\/2024\/09\/20\/preparan-accion-popular-para-detener-trabajos-de-ciclovia\/#primaryimage"},"thumbnailUrl":"https:\/\/www.eldiario.net\/portal\/wp-content\/uploads\/2024\/09\/F-2-accion.jpg","articleSection":["Nacional"],"inLanguage":"es","potentialAction":[{"@type":"CommentAction","name":"Comment","target":["https:\/\/www.eldiario.net\/portal\/2024\/09\/20\/preparan-accion-popular-para-detener-trabajos-de-ciclovia\/#respond"]}]},{"@type":"WebPage","@id":"https:\/\/www.eldiario.net\/portal\/2024\/09\/20\/preparan-accion-popular-para-detener-trabajos-de-ciclovia\/","url":"https:\/\/www.eldiario.net\/portal\/2024\/09\/20\/preparan-accion-popular-para-detener-trabajos-de-ciclovia\/","name":"Preparan Acci\u00f3n Popular para detener trabajos de ciclov\u00eda - El Diario - Bolivia","isPartOf":{"@id":"https:\/\/www.eldiario.net\/portal\/#website"},"primaryImageOfPage":{"@id":"https:\/\/www.eldiario.net\/portal\/2024\/09\/20\/preparan-accion-popular-para-detener-trabajos-de-ciclovia\/#primaryimage"},"image":{"@id":"https:\/\/www.eldiario.net\/portal\/2024\/09\/20\/preparan-accion-popular-para-detener-trabajos-de-ciclovia\/#primaryimage"},"thumbnailUrl":"https:\/\/www.eldiario.net\/portal\/wp-content\/uploads\/2024\/09\/F-2-accion.jpg","datePublished":"2024-09-20T09:38:25+00:00","breadcrumb":{"@id":"https:\/\/www.eldiario.net\/portal\/2024\/09\/20\/preparan-accion-popular-para-detener-trabajos-de-ciclovia\/#breadcrumb"},"inLanguage":"es","potentialAction":[{"@type":"ReadAction","target":["https:\/\/www.eldiario.net\/portal\/2024\/09\/20\/preparan-accion-popular-para-detener-trabajos-de-ciclovia\/"]}]},{"@type":"ImageObject","inLanguage":"es","@id":"https:\/\/www.eldiario.net\/portal\/2024\/09\/20\/preparan-accion-popular-para-detener-trabajos-de-ciclovia\/#primaryimage","url":"https:\/\/www.eldiario.net\/portal\/wp-content\/uploads\/2024\/09\/F-2-accion.jpg","contentUrl":"https:\/\/www.eldiario.net\/portal\/wp-content\/uploads\/2024\/09\/F-2-accion.jpg","width":1200,"height":800,"caption":"Un primer tramo de la ciclov\u00eda que est\u00e1 en la zona Sur pace\u00f1a."},{"@type":"BreadcrumbList","@id":"https:\/\/www.eldiario.net\/portal\/2024\/09\/20\/preparan-accion-popular-para-detener-trabajos-de-ciclovia\/#breadcrumb","itemListElement":[{"@type":"ListItem","position":1,"name":"Portada","item":"https:\/\/www.eldiario.net\/portal\/"},{"@type":"ListItem","position":2,"name":"Preparan Acci\u00f3n Popular para detener trabajos de ciclov\u00eda"}]},{"@type":"WebSite","@id":"https:\/\/www.eldiario.net\/portal\/#website","url":"https:\/\/www.eldiario.net\/portal\/","name":"El Diario - Decano de la prensa nacional","description":"El Diario - Decano de la prensa nacional","publisher":{"@id":"https:\/\/www.eldiario.net\/portal\/#organization"},"potentialAction":[{"@type":"SearchAction","target":{"@type":"EntryPoint","urlTemplate":"https:\/\/www.eldiario.net\/portal\/?s={search_term_string}"},"query-input":{"@type":"PropertyValueSpecification","valueRequired":true,"valueName":"search_term_string"}}],"inLanguage":"es"},{"@type":"Organization","@id":"https:\/\/www.eldiario.net\/portal\/#organization","name":"El Diario - Decano de la prensa nacional","url":"https:\/\/www.eldiario.net\/portal\/","logo":{"@type":"ImageObject","inLanguage":"es","@id":"https:\/\/www.eldiario.net\/portal\/#\/schema\/logo\/image\/","url":"https:\/\/www.eldiario.net\/portal\/wp-content\/uploads\/2023\/07\/logo_ED.jpg","contentUrl":"https:\/\/www.eldiario.net\/portal\/wp-content\/uploads\/2023\/07\/logo_ED.jpg","width":272,"height":52,"caption":"El Diario - Decano de la prensa nacional"},"image":{"@id":"https:\/\/www.eldiario.net\/portal\/#\/schema\/logo\/image\/"},"sameAs":["https:\/\/www.facebook.com\/eldiario.bolivia\/","https:\/\/x.com\/eldiario_net"]},{"@type":"Person","@id":"https:\/\/www.eldiario.net\/portal\/#\/schema\/person\/2c57cf2b7a7ae032e449e4c9b1019eac","name":"Jeanette","image":{"@type":"ImageObject","inLanguage":"es","@id":"https:\/\/secure.gravatar.com\/avatar\/3ea2118a5f7dad2b7138b1187a6b7ee55f160b9968b66013c3a3ef39dd7e5798?s=96&d=mm&r=g","url":"https:\/\/secure.gravatar.com\/avatar\/3ea2118a5f7dad2b7138b1187a6b7ee55f160b9968b66013c3a3ef39dd7e5798?s=96&d=mm&r=g","contentUrl":"https:\/\/secure.gravatar.com\/avatar\/3ea2118a5f7dad2b7138b1187a6b7ee55f160b9968b66013c3a3ef39dd7e5798?s=96&d=mm&r=g","caption":"Jeanette"},"sameAs":["https:\/\/www.eldiario.net\/portal"],"url":"https:\/\/www.eldiario.net\/portal\/author\/jeanette\/"}]}},"_links":{"self":[{"href":"https:\/\/www.eldiario.net\/portal\/wp-json\/wp\/v2\/posts\/248653","targetHints":{"allow":["GET"]}}],"collection":[{"href":"https:\/\/www.eldiario.net\/portal\/wp-json\/wp\/v2\/posts"}],"about":[{"href":"https:\/\/www.eldiario.net\/portal\/wp-json\/wp\/v2\/types\/post"}],"author":[{"embeddable":true,"href":"https:\/\/www.eldiario.net\/portal\/wp-json\/wp\/v2\/users\/1"}],"replies":[{"embeddable":true,"href":"https:\/\/www.eldiario.net\/portal\/wp-json\/wp\/v2\/comments?post=248653"}],"version-history":[{"count":1,"href":"https:\/\/www.eldiario.net\/portal\/wp-json\/wp\/v2\/posts\/248653\/revisions"}],"predecessor-version":[{"id":248655,"href":"https:\/\/www.eldiario.net\/portal\/wp-json\/wp\/v2\/posts\/248653\/revisions\/248655"}],"wp:featuredmedia":[{"embeddable":true,"href":"https:\/\/www.eldiario.net\/portal\/wp-json\/wp\/v2\/media\/248654"}],"wp:attachment":[{"href":"https:\/\/www.eldiario.net\/portal\/wp-json\/wp\/v2\/media?parent=248653"}],"wp:term":[{"taxonomy":"category","embeddable":true,"href":"https:\/\/www.eldiario.net\/portal\/wp-json\/wp\/v2\/categories?post=248653"},{"taxonomy":"post_tag","embeddable":true,"href":"https:\/\/www.eldiario.net\/portal\/wp-json\/wp\/v2\/tags?post=248653"}],"curies":[{"name":"wp","href":"https:\/\/api.w.org\/{rel}","templated":true}]}}